{"id":2662094,"date":"2025-12-17T16:58:09","date_gmt":"2025-12-17T16:58:09","guid":{"rendered":"https:\/\/www.pressenza.com\/?p=2662094"},"modified":"2025-12-17T16:58:09","modified_gmt":"2025-12-17T16:58:09","slug":"andalusia-laumento-delle-persone-senza-fissa-dimora-e-molto-piu-elevato-di-quanto-riconosciuto-ufficialmente","status":"publish","type":"post","link":"https:\/\/www.pressenza.com\/it\/2025\/12\/andalusia-laumento-delle-persone-senza-fissa-dimora-e-molto-piu-elevato-di-quanto-riconosciuto-ufficialmente\/","title":{"rendered":"Andalusia, l&#8217;aumento delle persone senza fissa dimora \u00e8 molto pi\u00f9 elevato di quanto riconosciuto ufficialmente"},"content":{"rendered":"<p><strong>L&#8217;APDHA, Associazione per i Diritti Umani dell&#8217;Andalusia (APDHA), avverte che l&#8217;aumento del 57% del numero di senzatetto registrato dall&#8217; Istituto Nazionale di Statistica spagnolo \u201cmostra solo la punta dell&#8217;iceberg di un problema molto pi\u00f9 grave\u201d. L&#8217;Istituto ha registrato il numero di persone che hanno fatto ricorso alle risorse pubbliche in cerca di un tetto e di cibo dal 2022 al 2024.<\/strong><\/p>\n<p>Solo 3 degli 8 comuni delle capitali andaluse hanno risposto alla richiesta di informazioni presentata dall&#8217;ente andaluso ai sensi della Legge sulla Trasparenza. L&#8217;APDHA denuncia che gli elevati tassi di povert\u00e0 ed esclusione sociale, insieme ai tagli ai servizi pubblici e alla precariet\u00e0 lavorativa, mettono l&#8217;Andalusia \u201csull&#8217;orlo del baratro\u201d.<\/p>\n<p>Diego Boza e Macarena Olid, coordinatore generale e vicecoordinatrice dell&#8217;APDHA, sono comparsi oggi davanti ai media per presentare il <em>\u201cRapporto sulla Povert\u00e0 nel Sud 2025: Senza tetto e invisibili agli occhi di tutti\u201d<\/em> che, in occasione della Giornata Internazionale dei Diritti Umani, analizza la situazione in Andalusia e affronta in modo specifico la situazione delle persone senza fissa dimora. Come ha spiegato Diego Boza, \u201cil fenomeno dei senzatetto costituisce la forma pi\u00f9 estrema di esclusione sociale\u201d. Secondo l&#8217;Istituto Nazionale di Statistica (INE), sulla base dei dati disponibili dal 2022 al 2024, il numero di senzatetto che hanno fatto ricorso alle risorse pubbliche ha registrato un aumento senza precedenti.<\/p>\n<p>Boza ha posto l&#8217;accento \u201csull&#8217;invisibilit\u00e0 di cui soffre questo gruppo in situazione di vulnerabilit\u00e0\u201d e ha denunciato \u201cnon solo la mancanza di risorse pubbliche per fornire loro un&#8217;assistenza dignitosa, ma anche le misure architettoniche aggressive, gli interventi della polizia e le sanzioni che subiscono da parte delle amministrazioni pubbliche\u201d. Come spiega il coordinatore generale dell&#8217;APDHA, \u201csembra che i comuni andalusi siano pi\u00f9 preoccupati di nasconderli alla vista del pubblico, allontanandoli dalle zone pi\u00f9 turistiche delle nostre citt\u00e0, che di fornire loro l&#8217;assistenza che meritano\u201d.<\/p>\n<p>Boza ha spiegato che l&#8217;APDHA, avvalendosi della Legge sulla Trasparenza, ha inviato richieste di informazioni agli 8 comuni delle capitali andaluse. Tuttavia, \u201csolo tre comuni, Almer\u00eda, Huelva e Ja\u00e9n, ci hanno fornito tutte o almeno una parte delle informazioni che avevamo richiesto\u201d. Il coordinatore generale dell&#8217;ente ha sottolineato che \u201cl&#8217;APDHA non rinuncia a ottenere questi dati e che eserciter\u00e0 i propri diritti affinch\u00e9 i comuni andalusi adempiano ai loro obblighi legali e ci forniscano le informazioni che richiediamo e alle quali abbiamo diritto di accedere\u201d.<\/p>\n<p>Macarena Olid, vice coordinatrice dell&#8217;ente e delegata di Siviglia, ha denunciato come il problema dei senzatetto \u201cstia crescendo in modo molto allarmante\u201d e ha sottolineato che \u201cil profilo delle persone senza fissa dimora \u00e8 cambiato significativamente dal periodo precedente alla crisi economica del 2007 ad oggi\u201d. Come ha spiegato Olid, \u201cprima del 2007 associavamo alle persone senza fissa dimora un profilo legato a problemi di salute mentale, dipendenze e situazioni di esclusione sociale prolungate nel corso della vita di coloro che soffrivano di disagio abitativo\u201d.<\/p>\n<p>Tuttavia, \u201ca partire dal 2007, con una crisi economica che ha lasciato senza lavoro migliaia di persone e ha provocato anche un grande numero di sfratti, abbiamo potuto osservare come numerose persone che prima non lo avrebbero mai immaginato si sono ritrovate a vivere in strada\u201d. Tuttavia, la coordinatrice dell&#8217;APDHA ha avvertito che \u201cl&#8217;attuale crisi degli alloggi, i tagli e la precariet\u00e0 della vita ci stanno portando a una situazione ancora peggiore\u201d.<\/p>\n<p>Olid ha spiegato che \u201calle 8.000 persone che in Andalusia vivono ufficialmente in condizioni di senzatetto bisogna aggiungere molte altre persone che non ricorrono alle risorse pubbliche e che sono costrette a vivere per strada, in insediamenti abusivi o in alloggi fatiscenti\u201d. Olid ha sottolineato che, \u201cnonostante la maggior parte delle persone in questa situazione siano uomini, i dati ufficiali indicano un aumento significativo delle donne e persino delle famiglie con figli molto piccoli a carico\u201d. Un altro gruppo costretto a vivere in queste dure condizioni \u00e8 quello dei \u201cgiovani ex tutelati dalla Junta de Andaluc\u00eda, che, non appena compiono 18 anni, vengono espulsi dai centri di accoglienza in cui risiedevano senza avere molte alternative\u201d. I dati ufficiali indicano anche che sono sempre pi\u00f9 numerosi i migranti in situazione amministrativa irregolare che, non potendo accedere alle risorse pubbliche, finiscono per sopravvivere in strada.<\/p>\n<p>La vicecoordinatrice dell&#8217;APDHA ha richiesto alle amministrazioni pubbliche \u201cun impegno sincero e onesto nei confronti delle persone senza fissa dimora\u201d e ha denunciato che \u201cdei 174 centri situati in Andalusia che si occupano di questa categoria di persone, solo 25 sono di natura pubblica, mentre ben 129 sono privati\u201c, il che, secondo Olid, \u201cdimostra lo scarso interesse istituzionale nel dare una risposta a queste persone\u201d. Ha anche precisato che \u201cil 57,1% del personale che lavora nei centri che si occupano di questa categoria lo fa su base volontaria&#8221;.<\/p>\n<p>D&#8217;altra parte, per quanto riguarda i dati raccolti dall&#8217;APDHA sulla situazione socioeconomica in Andalusia, Diego Boza, coordinatore dell&#8217;ente, ha sottolineato che \u201cl&#8217;Andalusia continua ad essere la comunit\u00e0 autonoma con i pi\u00f9 alti tassi di povert\u00e0, esclusione sociale e bassa percentuale di occupazione nelle famiglie, seguita solo da Ceuta e Melilla\u201d, anche se, come ha sottolineato lo stesso Boza, \u201cin termini di grave privazione materiale e sociale, l&#8217;Andalusia si trova addirittura dietro Melilla&#8221;.<\/p>\n<p>Olid, dal canto suo, ha spiegato che \u201ci dati relativi alla povert\u00e0 e all&#8217;esclusione sociale, insieme all&#8217;aumento della precariet\u00e0 lavorativa e dei prezzi delle abitazioni, stanno portando la societ\u00e0 andalusa sull&#8217;orlo del baratro. Mentre i salari non crescono e il mercato del lavoro diventa sempre pi\u00f9 precario, gli affitti sono aumentati di oltre il 15% in citt\u00e0 come Malaga o Siviglia, anche se gli aumenti sono notevoli e significativi in tutte le province e citt\u00e0 andaluse\u201d. Macarena Olid ha denunciato che \u201cil 46,2% delle famiglie con minori a carico \u00e8 a rischio di povert\u00e0, cos\u00ec come il 45,8% di coloro che vivono in affitto o il 64,8% delle persone in situazione di disoccupazione\u201d.<\/p>\n<hr \/>\n<p><em>Traduzione dallo spagnolo di Stella Maris Dante. Revisione di Thomas Schmid.<\/em><\/p>\n","protected":false},"excerpt":{"rendered":"<p>L&#8217;APDHA, Associazione per i Diritti Umani dell&#8217;Andalusia (APDHA), avverte che l&#8217;aumento del 57% del numero di senzatetto registrato dall&#8217; Istituto Nazionale di Statistica spagnolo \u201cmostra solo la punta dell&#8217;iceberg di un problema molto pi\u00f9 grave\u201d. L&#8217;Istituto ha registrato il numero&hellip;<\/p>\n","protected":false},"author":1542,"featured_media":2662096,"comment_status":"closed","ping_status":"closed","sticky":false,"template":"","format":"standard","meta":{"footnotes":""},"categories":[107392,60,47],"tags":[6749,1549,34110],"class_list":["post-2662094","post","type-post","status-publish","format-standard","has-post-thumbnail","hentry","category-noticia-it","category-diritti-umani","category-europa","tag-andalusia","tag-poverta","tag-senzatetto"],"yoast_head":"<!-- This site is optimized with the Yoast SEO plugin v27.1.1 - https:\/\/yoast.com\/product\/yoast-seo-wordpress\/ -->\n<title>Andalusia, l&#039;aumento delle persone senza fissa dimora \u00e8 molto pi\u00f9 elevato di quanto riconosciuto ufficialmente<\/title>\n<meta name=\"description\" content=\"L&#039;APDHA, Associazione per i Diritti Umani dell&#039;Andalusia (APDHA), avverte che l&#039;aumento del 57% del numero di senzatetto registrato dall&#039; Istituto\" \/>\n<meta name=\"robots\" content=\"index, follow, max-snippet:-1, max-image-preview:large, max-video-preview:-1\" \/>\n<link rel=\"canonical\" href=\"https:\/\/www.pressenza.com\/it\/2025\/12\/andalusia-laumento-delle-persone-senza-fissa-dimora-e-molto-piu-elevato-di-quanto-riconosciuto-ufficialmente\/\" \/>\n<meta property=\"og:locale\" content=\"it_IT\" \/>\n<meta property=\"og:type\" content=\"article\" \/>\n<meta property=\"og:title\" content=\"Andalusia, l&#039;aumento delle persone senza fissa dimora \u00e8 molto pi\u00f9 elevato di quanto riconosciuto ufficialmente\" \/>\n<meta property=\"og:description\" content=\"L&#039;APDHA, Associazione per i Diritti Umani dell&#039;Andalusia (APDHA), avverte che l&#039;aumento del 57% del numero di senzatetto registrato dall&#039; Istituto\" \/>\n<meta property=\"og:url\" content=\"https:\/\/www.pressenza.com\/it\/2025\/12\/andalusia-laumento-delle-persone-senza-fissa-dimora-e-molto-piu-elevato-di-quanto-riconosciuto-ufficialmente\/\" \/>\n<meta property=\"og:site_name\" content=\"Pressenza\" \/>\n<meta property=\"article:publisher\" content=\"https:\/\/www.facebook.com\/PressenzaItalia\" \/>\n<meta property=\"article:published_time\" content=\"2025-12-17T16:58:09+00:00\" \/>\n<meta property=\"og:image\" content=\"https:\/\/www.pressenza.com\/wp-content\/uploads\/2025\/12\/pexels-chrisjohn-2783232.jpg\" \/>\n\t<meta property=\"og:image:width\" content=\"1920\" \/>\n\t<meta property=\"og:image:height\" content=\"1310\" \/>\n\t<meta property=\"og:image:type\" content=\"image\/jpeg\" \/>\n<meta name=\"author\" content=\"Asociaci\u00f3n Pro Derechos Humanos de Andaluc\u00eda (APDHA)\" \/>\n<meta name=\"twitter:card\" content=\"summary_large_image\" \/>\n<meta name=\"twitter:creator\" content=\"@PressenzaIPA\" \/>\n<meta name=\"twitter:site\" content=\"@PressenzaIPA\" \/>\n<meta name=\"twitter:label1\" content=\"Scritto da\" \/>\n\t<meta name=\"twitter:data1\" content=\"Asociaci\u00f3n Pro Derechos Humanos de Andaluc\u00eda (APDHA)\" \/>\n\t<meta name=\"twitter:label2\" content=\"Tempo di lettura stimato\" \/>\n\t<meta name=\"twitter:data2\" content=\"5 minuti\" \/>\n<script type=\"application\/ld+json\" class=\"yoast-schema-graph\">{\"@context\":\"https:\/\/schema.org\",\"@graph\":[{\"@type\":\"Article\",\"@id\":\"https:\/\/www.pressenza.com\/it\/2025\/12\/andalusia-laumento-delle-persone-senza-fissa-dimora-e-molto-piu-elevato-di-quanto-riconosciuto-ufficialmente\/#article\",\"isPartOf\":{\"@id\":\"https:\/\/www.pressenza.com\/it\/2025\/12\/andalusia-laumento-delle-persone-senza-fissa-dimora-e-molto-piu-elevato-di-quanto-riconosciuto-ufficialmente\/\"},\"author\":{\"name\":\"Asociaci\u00f3n Pro Derechos Humanos de Andaluc\u00eda (APDHA)\",\"@id\":\"https:\/\/www.pressenza.com\/it\/#\/schema\/person\/56539d338f9dde4fe54c8771b432ed21\"},\"headline\":\"Andalusia, l&#8217;aumento delle persone senza fissa dimora \u00e8 molto pi\u00f9 elevato di quanto riconosciuto ufficialmente\",\"datePublished\":\"2025-12-17T16:58:09+00:00\",\"mainEntityOfPage\":{\"@id\":\"https:\/\/www.pressenza.com\/it\/2025\/12\/andalusia-laumento-delle-persone-senza-fissa-dimora-e-molto-piu-elevato-di-quanto-riconosciuto-ufficialmente\/\"},\"wordCount\":995,\"publisher\":{\"@id\":\"https:\/\/www.pressenza.com\/it\/#organization\"},\"image\":{\"@id\":\"https:\/\/www.pressenza.com\/it\/2025\/12\/andalusia-laumento-delle-persone-senza-fissa-dimora-e-molto-piu-elevato-di-quanto-riconosciuto-ufficialmente\/#primaryimage\"},\"thumbnailUrl\":\"https:\/\/www.pressenza.com\/wp-content\/uploads\/2025\/12\/pexels-chrisjohn-2783232.jpg\",\"keywords\":[\"Andalusia\",\"povert\u00e0\",\"senzatetto\"],\"articleSection\":[\"Cronaca\",\"Diritti Umani\",\"Europa\"],\"inLanguage\":\"it-IT\"},{\"@type\":\"WebPage\",\"@id\":\"https:\/\/www.pressenza.com\/it\/2025\/12\/andalusia-laumento-delle-persone-senza-fissa-dimora-e-molto-piu-elevato-di-quanto-riconosciuto-ufficialmente\/\",\"url\":\"https:\/\/www.pressenza.com\/it\/2025\/12\/andalusia-laumento-delle-persone-senza-fissa-dimora-e-molto-piu-elevato-di-quanto-riconosciuto-ufficialmente\/\",\"name\":\"Andalusia, l'aumento delle persone senza fissa dimora \u00e8 molto pi\u00f9 elevato di quanto riconosciuto ufficialmente\",\"isPartOf\":{\"@id\":\"https:\/\/www.pressenza.com\/it\/#website\"},\"primaryImageOfPage\":{\"@id\":\"https:\/\/www.pressenza.com\/it\/2025\/12\/andalusia-laumento-delle-persone-senza-fissa-dimora-e-molto-piu-elevato-di-quanto-riconosciuto-ufficialmente\/#primaryimage\"},\"image\":{\"@id\":\"https:\/\/www.pressenza.com\/it\/2025\/12\/andalusia-laumento-delle-persone-senza-fissa-dimora-e-molto-piu-elevato-di-quanto-riconosciuto-ufficialmente\/#primaryimage\"},\"thumbnailUrl\":\"https:\/\/www.pressenza.com\/wp-content\/uploads\/2025\/12\/pexels-chrisjohn-2783232.jpg\",\"datePublished\":\"2025-12-17T16:58:09+00:00\",\"description\":\"L'APDHA, Associazione per i Diritti Umani dell'Andalusia (APDHA), avverte che l'aumento del 57% del numero di senzatetto registrato dall' Istituto\",\"breadcrumb\":{\"@id\":\"https:\/\/www.pressenza.com\/it\/2025\/12\/andalusia-laumento-delle-persone-senza-fissa-dimora-e-molto-piu-elevato-di-quanto-riconosciuto-ufficialmente\/#breadcrumb\"},\"inLanguage\":\"it-IT\",\"potentialAction\":[{\"@type\":\"ReadAction\",\"target\":[\"https:\/\/www.pressenza.com\/it\/2025\/12\/andalusia-laumento-delle-persone-senza-fissa-dimora-e-molto-piu-elevato-di-quanto-riconosciuto-ufficialmente\/\"]}]},{\"@type\":\"ImageObject\",\"inLanguage\":\"it-IT\",\"@id\":\"https:\/\/www.pressenza.com\/it\/2025\/12\/andalusia-laumento-delle-persone-senza-fissa-dimora-e-molto-piu-elevato-di-quanto-riconosciuto-ufficialmente\/#primaryimage\",\"url\":\"https:\/\/www.pressenza.com\/wp-content\/uploads\/2025\/12\/pexels-chrisjohn-2783232.jpg\",\"contentUrl\":\"https:\/\/www.pressenza.com\/wp-content\/uploads\/2025\/12\/pexels-chrisjohn-2783232.jpg\",\"width\":1920,\"height\":1310,\"caption\":\"Personas sin hogar\"},{\"@type\":\"BreadcrumbList\",\"@id\":\"https:\/\/www.pressenza.com\/it\/2025\/12\/andalusia-laumento-delle-persone-senza-fissa-dimora-e-molto-piu-elevato-di-quanto-riconosciuto-ufficialmente\/#breadcrumb\",\"itemListElement\":[{\"@type\":\"ListItem\",\"position\":1,\"name\":\"Accueil\",\"item\":\"https:\/\/www.pressenza.com\/it\/\"},{\"@type\":\"ListItem\",\"position\":2,\"name\":\"Andalusia, l&#8217;aumento delle persone senza fissa dimora \u00e8 molto pi\u00f9 elevato di quanto riconosciuto ufficialmente\"}]},{\"@type\":\"WebSite\",\"@id\":\"https:\/\/www.pressenza.com\/it\/#website\",\"url\":\"https:\/\/www.pressenza.com\/it\/\",\"name\":\"Pressenza\",\"description\":\"Agenzia di Stampa Internazionale\",\"publisher\":{\"@id\":\"https:\/\/www.pressenza.com\/it\/#organization\"},\"potentialAction\":[{\"@type\":\"SearchAction\",\"target\":{\"@type\":\"EntryPoint\",\"urlTemplate\":\"https:\/\/www.pressenza.com\/it\/?s={search_term_string}\"},\"query-input\":{\"@type\":\"PropertyValueSpecification\",\"valueRequired\":true,\"valueName\":\"search_term_string\"}}],\"inLanguage\":\"it-IT\"},{\"@type\":\"Organization\",\"@id\":\"https:\/\/www.pressenza.com\/it\/#organization\",\"name\":\"Pressenza\",\"url\":\"https:\/\/www.pressenza.com\/it\/\",\"logo\":{\"@type\":\"ImageObject\",\"inLanguage\":\"it-IT\",\"@id\":\"https:\/\/www.pressenza.com\/it\/#\/schema\/logo\/image\/\",\"url\":\"https:\/\/www.pressenza.com\/wp-content\/uploads\/2022\/10\/pressenza_logo_200x200.jpg\",\"contentUrl\":\"https:\/\/www.pressenza.com\/wp-content\/uploads\/2022\/10\/pressenza_logo_200x200.jpg\",\"width\":200,\"height\":200,\"caption\":\"Pressenza\"},\"image\":{\"@id\":\"https:\/\/www.pressenza.com\/it\/#\/schema\/logo\/image\/\"},\"sameAs\":[\"https:\/\/www.facebook.com\/PressenzaItalia\",\"https:\/\/x.com\/PressenzaIPA\"]},{\"@type\":\"Person\",\"@id\":\"https:\/\/www.pressenza.com\/it\/#\/schema\/person\/56539d338f9dde4fe54c8771b432ed21\",\"name\":\"Asociaci\u00f3n Pro Derechos Humanos de Andaluc\u00eda (APDHA)\",\"description\":\"La Asociaci\u00f3n Pro Derechos Humanos de Andaluc\u00eda (APDHA) trabaja con el objetivo de lograr que las personas sean libres e iguales en dignidad y derechos\",\"sameAs\":[\"https:\/\/www.apdha.org\"],\"url\":\"https:\/\/www.pressenza.com\/it\/author\/apdha\/\"}]}<\/script>\n<!-- \/ Yoast SEO plugin. -->","yoast_head_json":{"title":"Andalusia, l'aumento delle persone senza fissa dimora \u00e8 molto pi\u00f9 elevato di quanto riconosciuto ufficialmente","description":"L'APDHA, Associazione per i Diritti Umani dell'Andalusia (APDHA), avverte che l'aumento del 57% del numero di senzatetto registrato dall' Istituto","robots":{"index":"index","follow":"follow","max-snippet":"max-snippet:-1","max-image-preview":"max-image-preview:large","max-video-preview":"max-video-preview:-1"},"canonical":"https:\/\/www.pressenza.com\/it\/2025\/12\/andalusia-laumento-delle-persone-senza-fissa-dimora-e-molto-piu-elevato-di-quanto-riconosciuto-ufficialmente\/","og_locale":"it_IT","og_type":"article","og_title":"Andalusia, l'aumento delle persone senza fissa dimora \u00e8 molto pi\u00f9 elevato di quanto riconosciuto ufficialmente","og_description":"L'APDHA, Associazione per i Diritti Umani dell'Andalusia (APDHA), avverte che l'aumento del 57% del numero di senzatetto registrato dall' Istituto","og_url":"https:\/\/www.pressenza.com\/it\/2025\/12\/andalusia-laumento-delle-persone-senza-fissa-dimora-e-molto-piu-elevato-di-quanto-riconosciuto-ufficialmente\/","og_site_name":"Pressenza","article_publisher":"https:\/\/www.facebook.com\/PressenzaItalia","article_published_time":"2025-12-17T16:58:09+00:00","og_image":[{"width":1920,"height":1310,"url":"https:\/\/www.pressenza.com\/wp-content\/uploads\/2025\/12\/pexels-chrisjohn-2783232.jpg","type":"image\/jpeg"}],"author":"Asociaci\u00f3n Pro Derechos Humanos de Andaluc\u00eda (APDHA)","twitter_card":"summary_large_image","twitter_creator":"@PressenzaIPA","twitter_site":"@PressenzaIPA","twitter_misc":{"Scritto da":"Asociaci\u00f3n Pro Derechos Humanos de Andaluc\u00eda (APDHA)","Tempo di lettura stimato":"5 minuti"},"schema":{"@context":"https:\/\/schema.org","@graph":[{"@type":"Article","@id":"https:\/\/www.pressenza.com\/it\/2025\/12\/andalusia-laumento-delle-persone-senza-fissa-dimora-e-molto-piu-elevato-di-quanto-riconosciuto-ufficialmente\/#article","isPartOf":{"@id":"https:\/\/www.pressenza.com\/it\/2025\/12\/andalusia-laumento-delle-persone-senza-fissa-dimora-e-molto-piu-elevato-di-quanto-riconosciuto-ufficialmente\/"},"author":{"name":"Asociaci\u00f3n Pro Derechos Humanos de Andaluc\u00eda (APDHA)","@id":"https:\/\/www.pressenza.com\/it\/#\/schema\/person\/56539d338f9dde4fe54c8771b432ed21"},"headline":"Andalusia, l&#8217;aumento delle persone senza fissa dimora \u00e8 molto pi\u00f9 elevato di quanto riconosciuto ufficialmente","datePublished":"2025-12-17T16:58:09+00:00","mainEntityOfPage":{"@id":"https:\/\/www.pressenza.com\/it\/2025\/12\/andalusia-laumento-delle-persone-senza-fissa-dimora-e-molto-piu-elevato-di-quanto-riconosciuto-ufficialmente\/"},"wordCount":995,"publisher":{"@id":"https:\/\/www.pressenza.com\/it\/#organization"},"image":{"@id":"https:\/\/www.pressenza.com\/it\/2025\/12\/andalusia-laumento-delle-persone-senza-fissa-dimora-e-molto-piu-elevato-di-quanto-riconosciuto-ufficialmente\/#primaryimage"},"thumbnailUrl":"https:\/\/www.pressenza.com\/wp-content\/uploads\/2025\/12\/pexels-chrisjohn-2783232.jpg","keywords":["Andalusia","povert\u00e0","senzatetto"],"articleSection":["Cronaca","Diritti Umani","Europa"],"inLanguage":"it-IT"},{"@type":"WebPage","@id":"https:\/\/www.pressenza.com\/it\/2025\/12\/andalusia-laumento-delle-persone-senza-fissa-dimora-e-molto-piu-elevato-di-quanto-riconosciuto-ufficialmente\/","url":"https:\/\/www.pressenza.com\/it\/2025\/12\/andalusia-laumento-delle-persone-senza-fissa-dimora-e-molto-piu-elevato-di-quanto-riconosciuto-ufficialmente\/","name":"Andalusia, l'aumento delle persone senza fissa dimora \u00e8 molto pi\u00f9 elevato di quanto riconosciuto ufficialmente","isPartOf":{"@id":"https:\/\/www.pressenza.com\/it\/#website"},"primaryImageOfPage":{"@id":"https:\/\/www.pressenza.com\/it\/2025\/12\/andalusia-laumento-delle-persone-senza-fissa-dimora-e-molto-piu-elevato-di-quanto-riconosciuto-ufficialmente\/#primaryimage"},"image":{"@id":"https:\/\/www.pressenza.com\/it\/2025\/12\/andalusia-laumento-delle-persone-senza-fissa-dimora-e-molto-piu-elevato-di-quanto-riconosciuto-ufficialmente\/#primaryimage"},"thumbnailUrl":"https:\/\/www.pressenza.com\/wp-content\/uploads\/2025\/12\/pexels-chrisjohn-2783232.jpg","datePublished":"2025-12-17T16:58:09+00:00","description":"L'APDHA, Associazione per i Diritti Umani dell'Andalusia (APDHA), avverte che l'aumento del 57% del numero di senzatetto registrato dall' Istituto","breadcrumb":{"@id":"https:\/\/www.pressenza.com\/it\/2025\/12\/andalusia-laumento-delle-persone-senza-fissa-dimora-e-molto-piu-elevato-di-quanto-riconosciuto-ufficialmente\/#breadcrumb"},"inLanguage":"it-IT","potentialAction":[{"@type":"ReadAction","target":["https:\/\/www.pressenza.com\/it\/2025\/12\/andalusia-laumento-delle-persone-senza-fissa-dimora-e-molto-piu-elevato-di-quanto-riconosciuto-ufficialmente\/"]}]},{"@type":"ImageObject","inLanguage":"it-IT","@id":"https:\/\/www.pressenza.com\/it\/2025\/12\/andalusia-laumento-delle-persone-senza-fissa-dimora-e-molto-piu-elevato-di-quanto-riconosciuto-ufficialmente\/#primaryimage","url":"https:\/\/www.pressenza.com\/wp-content\/uploads\/2025\/12\/pexels-chrisjohn-2783232.jpg","contentUrl":"https:\/\/www.pressenza.com\/wp-content\/uploads\/2025\/12\/pexels-chrisjohn-2783232.jpg","width":1920,"height":1310,"caption":"Personas sin hogar"},{"@type":"BreadcrumbList","@id":"https:\/\/www.pressenza.com\/it\/2025\/12\/andalusia-laumento-delle-persone-senza-fissa-dimora-e-molto-piu-elevato-di-quanto-riconosciuto-ufficialmente\/#breadcrumb","itemListElement":[{"@type":"ListItem","position":1,"name":"Accueil","item":"https:\/\/www.pressenza.com\/it\/"},{"@type":"ListItem","position":2,"name":"Andalusia, l&#8217;aumento delle persone senza fissa dimora \u00e8 molto pi\u00f9 elevato di quanto riconosciuto ufficialmente"}]},{"@type":"WebSite","@id":"https:\/\/www.pressenza.com\/it\/#website","url":"https:\/\/www.pressenza.com\/it\/","name":"Pressenza","description":"Agenzia di Stampa Internazionale","publisher":{"@id":"https:\/\/www.pressenza.com\/it\/#organization"},"potentialAction":[{"@type":"SearchAction","target":{"@type":"EntryPoint","urlTemplate":"https:\/\/www.pressenza.com\/it\/?s={search_term_string}"},"query-input":{"@type":"PropertyValueSpecification","valueRequired":true,"valueName":"search_term_string"}}],"inLanguage":"it-IT"},{"@type":"Organization","@id":"https:\/\/www.pressenza.com\/it\/#organization","name":"Pressenza","url":"https:\/\/www.pressenza.com\/it\/","logo":{"@type":"ImageObject","inLanguage":"it-IT","@id":"https:\/\/www.pressenza.com\/it\/#\/schema\/logo\/image\/","url":"https:\/\/www.pressenza.com\/wp-content\/uploads\/2022\/10\/pressenza_logo_200x200.jpg","contentUrl":"https:\/\/www.pressenza.com\/wp-content\/uploads\/2022\/10\/pressenza_logo_200x200.jpg","width":200,"height":200,"caption":"Pressenza"},"image":{"@id":"https:\/\/www.pressenza.com\/it\/#\/schema\/logo\/image\/"},"sameAs":["https:\/\/www.facebook.com\/PressenzaItalia","https:\/\/x.com\/PressenzaIPA"]},{"@type":"Person","@id":"https:\/\/www.pressenza.com\/it\/#\/schema\/person\/56539d338f9dde4fe54c8771b432ed21","name":"Asociaci\u00f3n Pro Derechos Humanos de Andaluc\u00eda (APDHA)","description":"La Asociaci\u00f3n Pro Derechos Humanos de Andaluc\u00eda (APDHA) trabaja con el objetivo de lograr que las personas sean libres e iguales en dignidad y derechos","sameAs":["https:\/\/www.apdha.org"],"url":"https:\/\/www.pressenza.com\/it\/author\/apdha\/"}]}},"place":"Sevilla, Spagna","original_article_url":"","_links":{"self":[{"href":"https:\/\/www.pressenza.com\/it\/wp-json\/wp\/v2\/posts\/2662094","targetHints":{"allow":["GET"]}}],"collection":[{"href":"https:\/\/www.pressenza.com\/it\/wp-json\/wp\/v2\/posts"}],"about":[{"href":"https:\/\/www.pressenza.com\/it\/wp-json\/wp\/v2\/types\/post"}],"author":[{"embeddable":true,"href":"https:\/\/www.pressenza.com\/it\/wp-json\/wp\/v2\/users\/1542"}],"replies":[{"embeddable":true,"href":"https:\/\/www.pressenza.com\/it\/wp-json\/wp\/v2\/comments?post=2662094"}],"version-history":[{"count":1,"href":"https:\/\/www.pressenza.com\/it\/wp-json\/wp\/v2\/posts\/2662094\/revisions"}],"predecessor-version":[{"id":2662097,"href":"https:\/\/www.pressenza.com\/it\/wp-json\/wp\/v2\/posts\/2662094\/revisions\/2662097"}],"wp:featuredmedia":[{"embeddable":true,"href":"https:\/\/www.pressenza.com\/it\/wp-json\/wp\/v2\/media\/2662096"}],"wp:attachment":[{"href":"https:\/\/www.pressenza.com\/it\/wp-json\/wp\/v2\/media?parent=2662094"}],"wp:term":[{"taxonomy":"category","embeddable":true,"href":"https:\/\/www.pressenza.com\/it\/wp-json\/wp\/v2\/categories?post=2662094"},{"taxonomy":"post_tag","embeddable":true,"href":"https:\/\/www.pressenza.com\/it\/wp-json\/wp\/v2\/tags?post=2662094"}],"curies":[{"name":"wp","href":"https:\/\/api.w.org\/{rel}","templated":true}]}}