{"id":2659929,"date":"2025-12-09T19:06:15","date_gmt":"2025-12-09T19:06:15","guid":{"rendered":"https:\/\/www.pressenza.com\/?p=2659929"},"modified":"2025-12-09T19:06:15","modified_gmt":"2025-12-09T19:06:15","slug":"sulle-dichiarazioni-del-sindaco-di-londa-a-proposito-dellimpianto-eolico","status":"publish","type":"post","link":"https:\/\/www.pressenza.com\/it\/2025\/12\/sulle-dichiarazioni-del-sindaco-di-londa-a-proposito-dellimpianto-eolico\/","title":{"rendered":"Sulle dichiarazioni del Sindaco di Londa a proposito dell&#8217;impianto eolico"},"content":{"rendered":"<p align=\"justify\">Fortissima contrariet\u00e0 della popolazione alle dichiarazioni del Sindaco Tommaso Cuoretti sull\u2019impianto industriale eolico Londa durante le Assemblee del 5 e del 6 dicembre.<\/p>\n<p align=\"justify\">All&#8217;Assemblea di venerd\u00ec sera 5 dicembre e di sabato mattina 6 dicembre in sala del Consiglio Comunale la popolazione, dopo avere atteso un incontro informativo da fine agosto, ha finalmente appreso che il Sindaco di Londa Tommaso Cuoretti non si oppone all&#8217;impianto industriale eolico di Hergo Renewables ENI, 6 torri eoliche di 200 metri sul confine del Parco Nazionale, ma cerca di ottenere maggiori compensazioni economiche.<\/p>\n<p align=\"justify\">Il Sindaco ha illustrato il Progetto senza parlare per\u00f2 dei danni connessi ad opere cos\u00ec impattanti per i territori. Il Sindaco afferma che non se ne poteva parlare prima e che \u00e8 inutile opporsi tanto lo fanno lo stesso. Dal pubblico sono arrivate contestazioni su queste affermazioni e sull&#8217;impatto che l&#8217;impianto industriale avr\u00e0 sullo sviluppo futuro di Londa.<\/p>\n<p align=\"justify\">Ci chiediamo perch\u00e9 un Comune che ha ricevuto finanziamenti dal Parco Nazionale e contributi del PNRR per azioni di valorizzazione dei prodotti tipici e altri interventi di valorizzazione dell\u2019Area Lago e di attrattivit\u00e0 per un turismo guidato alle meraviglie delle foreste di crinale proceda invece alla distruzione del proprio crinale appenninico, alla probabile perdita delle sorgenti che ne scaturiscono e alla irreversibile industrializzazione dei confini del Parco nazionale Foreste Casentinesi.<\/p>\n<p align=\"justify\">Ci sar\u00e0 l\u2019inevitabile riduzione della biodiversit\u00e0 presente negli ambienti naturali delle foreste di crinale quando si dovrebbe andare esattamente nella direzione opposta. L\u2019eolico \u00e8 considerato un nemico degli insetti impollinatori e dei chirotteri, per cui i produttori di miele ne trarranno un danno, cos\u00ec come la salute delle foreste e i prodotti locali.<\/p>\n<p align=\"justify\">Ci chiediamo anche come si possa vedere dai Castelli del Casentino una montagna industriale invece che il magnifico profilo appenninico che si spinge sulle Foreste Casentinesi, luoghi sacri e consacrati da antiche civilt\u00e0, monaci, poeti ed eroi di altri tempi? Per non parlare degli sconfinati orizzonti silenziosi che dai crinali romagnoli del Parco Nazionale si infrangeranno contro queste torri rotanti di 200 metri.<\/p>\n<p align=\"justify\">E\u2019 vero sono compensi \u201cfacili\u201d ma a quale prezzo? Asfaltiamo le strade, facciamo festival ma l\u2019identit\u00e0 culturale della comunit\u00e0, il gioiello di paese che \u00e8 stato conservato nel tempo, che vive tra cieli stellati e crinali silenziosi (con poco vento tra l\u2019altro) rester\u00e0 un ricordo da cartolina?<\/p>\n<p align=\"justify\">Riflettiamo bene prima di perdere un luogo cos\u00ec prezioso per le sue caratteristiche ambientali che \u00e8 un patrimonio di inestimabile valore in mano alle prossime generazioni.<\/p>\n<p align=\"justify\">Per quanto riguarda la comunit\u00e0 energetica non si tratta di una vera comunit\u00e0 energetica in forma cooperativa e associativa dove tutti i soci contano uno, in quanto vi \u00e9 presente Enitalia s.r.l. e trattasi di compensazione di ENI impianto industriale eolico. Inoltre la nascita di una comunit\u00e0 prevede un ampio coinvolgimento della cittadinanza e un confronto tra le diverse possibilit\u00e0 su come far nascere una vera Comunit\u00e0 Energetica Rinnovabile, la popolazione di fatto non sa nulla. Noi suggeriamo di avviare un confronto reale con i cittadini per proporre una vera indipendenza economica di comunit\u00e0. Stanno nascendo diverse Comunit\u00e0 Energetiche Rinnovabili a livello Nazionale grazie a lungimiranti scelte amministrative.<\/p>\n<p align=\"justify\">Il territorio non \u00e8 un bancomat: prima si investono soldi pubblici per valorizzarlo, poi lo si svende. Oggi non stiamo discutendo di un semplice progetto energetico. Stiamo discutendo di una svendita. La svendita di anni di lavoro, di investimenti pubblici, di identit\u00e0 territoriale. Per decenni questo comune ha costruito con soldi europei, regionali e comunali un\u2019immagine precisa: quella di un territorio naturale, autentico, di un comune del Parco Nazionale Foreste Casentinesi. Un luogo che ha scelto la via del turismo lento, della filiera corta, della qualit\u00e0 ambientale. Su questo le amministrazioni comunali hanno basato bandi, progetti, promozione. Su questo hanno chiesto fondi. Fondi che spendono denaro pubblico. Su questo hanno chiesto fiducia a residenti e visitatori. E oggi cosa succede? All\u2019improvviso, l\u2019intero patrimonio costruito, economico, culturale e paesaggistico viene trattato come se fosse qualcosa da sacrificare senza esitazione, perch\u00e9 tanto la Regione approva.<\/p>\n<p align=\"justify\">Noi crediamo invece che il Comune per primo, tutti i Comuni e gli Enti interessati debbano valutare con estrema attenzione e accuratezza l\u2019impatto di torri eoliche alte 200 metri sul crinale in un Comune del Parco Nazionale. E non \u00e8 per niente scontato che la Regione approvi o non approvi. Dobbiamo forse per la manutenzione stradale promessa da un\u2019impresa privata pregiudicare per sempre l\u2019identit\u00e0 di questo territorio? Per qualche compenso immediato, chiamato impropriamente \u201cbeneficio\u201d? Per la tentazione di soldi facili, che improvvisamente sembrano valere pi\u00f9 della coerenza, pi\u00f9 della strategia, pi\u00f9 del nostro futuro? Questo non \u00e8 sviluppo. Questo non \u00e8 pianificazione. E soprattutto, questo non \u00e8 avere rispetto per un territorio ai confini di un Parco nazionale.<\/p>\n<p align=\"justify\">Essere a pochi metri dal Parco Nazionale non autorizza a trasformare il paesaggio in sito industriale: la tutela non si spegne come un interruttore al confine. Se davvero credete che il nostro comune sia pronto a ospitare turbine alte duecento metri pi\u00f9 di due volte il campanile di Giotto a Firenze allora questa Amministrazione abbia almeno il coraggio di dire la verit\u00e0: che state buttando via anni di progettazione europea, di bandi vinti, di percorsi partecipati, di promozione del turismo sostenibile. Abbiate il coraggio di spiegare ai cittadini che il paesaggio, cio\u00e8 la nostra ricchezza principale, viene messo sul mercato. Abbiate il coraggio di dire che state trasformando per sempre un\u2019area protetta in una zona industriale. Questa non \u00e8 una scelta da fare silenziosamente. \u00c8 una scelta che avr\u00e0 conseguenze irreversibili. E chi la sostiene se ne assume tutta la responsabilit\u00e0.<\/p>\n<p style=\"text-align: right;\" align=\"justify\"><strong>Comitato Crinali Liberi Londa<\/strong><\/p>\n<p style=\"text-align: right;\" align=\"justify\"><strong>Comitati Territoriali Riuniti<\/strong><\/p>\n<p style=\"text-align: right;\" align=\"justify\"><strong>Coalizione ambientale TESS Transizione Energetica Senza Speculazione<\/strong><\/p>\n","protected":false},"excerpt":{"rendered":"<p>Fortissima contrariet\u00e0 della popolazione alle dichiarazioni del Sindaco Tommaso Cuoretti sull\u2019impianto industriale eolico Londa durante le Assemblee del 5 e del 6 dicembre. All&#8217;Assemblea di venerd\u00ec sera 5 dicembre e di sabato mattina 6 dicembre in sala del Consiglio Comunale&hellip;<\/p>\n","protected":false},"author":1712,"featured_media":2652241,"comment_status":"closed","ping_status":"closed","sticky":false,"template":"","format":"standard","meta":{"footnotes":""},"categories":[150,59,55],"tags":[129434,131127,143987,113375,130978],"class_list":["post-2659929","post","type-post","status-publish","format-standard","has-post-thumbnail","hentry","category-comunicati-stampa","category-ambiente-ecologia","category-politica","tag-comunita-energetiche-rinnovabili","tag-eolico-industriale","tag-londa","tag-mugello","tag-tess"],"yoast_head":"<!-- This site is optimized with the Yoast SEO plugin v27.1.1 - https:\/\/yoast.com\/product\/yoast-seo-wordpress\/ -->\n<title>Sulle dichiarazioni del Sindaco di Londa a proposito dell&#039;impianto eolico<\/title>\n<meta name=\"description\" content=\"Fortissima contrariet\u00e0 della popolazione alle dichiarazioni del Sindaco Tommaso Cuoretti sull\u2019impianto industriale eolico Londa durante le Assemblee del 5\" \/>\n<meta name=\"robots\" content=\"index, follow, max-snippet:-1, max-image-preview:large, max-video-preview:-1\" \/>\n<link rel=\"canonical\" href=\"https:\/\/www.pressenza.com\/it\/2025\/12\/sulle-dichiarazioni-del-sindaco-di-londa-a-proposito-dellimpianto-eolico\/\" \/>\n<meta property=\"og:locale\" content=\"it_IT\" \/>\n<meta property=\"og:type\" content=\"article\" \/>\n<meta property=\"og:title\" content=\"Sulle dichiarazioni del Sindaco di Londa a proposito dell&#039;impianto eolico\" \/>\n<meta property=\"og:description\" content=\"Fortissima contrariet\u00e0 della popolazione alle dichiarazioni del Sindaco Tommaso Cuoretti sull\u2019impianto industriale eolico Londa durante le Assemblee del 5\" \/>\n<meta property=\"og:url\" content=\"https:\/\/www.pressenza.com\/it\/2025\/12\/sulle-dichiarazioni-del-sindaco-di-londa-a-proposito-dellimpianto-eolico\/\" \/>\n<meta property=\"og:site_name\" content=\"Pressenza\" \/>\n<meta property=\"article:publisher\" content=\"https:\/\/www.facebook.com\/PressenzaItalia\" \/>\n<meta property=\"article:published_time\" content=\"2025-12-09T19:06:15+00:00\" \/>\n<meta property=\"og:image\" content=\"https:\/\/www.pressenza.com\/wp-content\/uploads\/2025\/11\/Crinali-Liberi-Londa.jpg\" \/>\n\t<meta property=\"og:image:width\" content=\"1600\" \/>\n\t<meta property=\"og:image:height\" content=\"1200\" \/>\n\t<meta property=\"og:image:type\" content=\"image\/jpeg\" \/>\n<meta name=\"author\" content=\"Redazione Toscana\" \/>\n<meta name=\"twitter:card\" content=\"summary_large_image\" \/>\n<meta name=\"twitter:creator\" content=\"@PressenzaIPA\" \/>\n<meta name=\"twitter:site\" content=\"@PressenzaIPA\" \/>\n<meta name=\"twitter:label1\" content=\"Scritto da\" \/>\n\t<meta name=\"twitter:data1\" content=\"Redazione Toscana\" \/>\n\t<meta name=\"twitter:label2\" content=\"Tempo di lettura stimato\" \/>\n\t<meta name=\"twitter:data2\" content=\"6 minuti\" \/>\n<script type=\"application\/ld+json\" class=\"yoast-schema-graph\">{\"@context\":\"https:\/\/schema.org\",\"@graph\":[{\"@type\":\"Article\",\"@id\":\"https:\/\/www.pressenza.com\/it\/2025\/12\/sulle-dichiarazioni-del-sindaco-di-londa-a-proposito-dellimpianto-eolico\/#article\",\"isPartOf\":{\"@id\":\"https:\/\/www.pressenza.com\/it\/2025\/12\/sulle-dichiarazioni-del-sindaco-di-londa-a-proposito-dellimpianto-eolico\/\"},\"author\":{\"name\":\"Redazione Toscana\",\"@id\":\"https:\/\/www.pressenza.com\/it\/#\/schema\/person\/4e3dce4e18e03345dd2deb3148d621d1\"},\"headline\":\"Sulle dichiarazioni del Sindaco di Londa a proposito dell&#8217;impianto eolico\",\"datePublished\":\"2025-12-09T19:06:15+00:00\",\"mainEntityOfPage\":{\"@id\":\"https:\/\/www.pressenza.com\/it\/2025\/12\/sulle-dichiarazioni-del-sindaco-di-londa-a-proposito-dellimpianto-eolico\/\"},\"wordCount\":940,\"publisher\":{\"@id\":\"https:\/\/www.pressenza.com\/it\/#organization\"},\"image\":{\"@id\":\"https:\/\/www.pressenza.com\/it\/2025\/12\/sulle-dichiarazioni-del-sindaco-di-londa-a-proposito-dellimpianto-eolico\/#primaryimage\"},\"thumbnailUrl\":\"https:\/\/www.pressenza.com\/wp-content\/uploads\/2025\/11\/Crinali-Liberi-Londa.jpg\",\"keywords\":[\"Comunit\u00e0 Energetiche Rinnovabili\",\"eolico industriale\",\"Londa\",\"Mugello\",\"TESS\"],\"articleSection\":[\"Comunicati Stampa\",\"Ecologia ed Ambiente\",\"Politica\"],\"inLanguage\":\"it-IT\"},{\"@type\":\"WebPage\",\"@id\":\"https:\/\/www.pressenza.com\/it\/2025\/12\/sulle-dichiarazioni-del-sindaco-di-londa-a-proposito-dellimpianto-eolico\/\",\"url\":\"https:\/\/www.pressenza.com\/it\/2025\/12\/sulle-dichiarazioni-del-sindaco-di-londa-a-proposito-dellimpianto-eolico\/\",\"name\":\"Sulle dichiarazioni del Sindaco di Londa a proposito dell'impianto eolico\",\"isPartOf\":{\"@id\":\"https:\/\/www.pressenza.com\/it\/#website\"},\"primaryImageOfPage\":{\"@id\":\"https:\/\/www.pressenza.com\/it\/2025\/12\/sulle-dichiarazioni-del-sindaco-di-londa-a-proposito-dellimpianto-eolico\/#primaryimage\"},\"image\":{\"@id\":\"https:\/\/www.pressenza.com\/it\/2025\/12\/sulle-dichiarazioni-del-sindaco-di-londa-a-proposito-dellimpianto-eolico\/#primaryimage\"},\"thumbnailUrl\":\"https:\/\/www.pressenza.com\/wp-content\/uploads\/2025\/11\/Crinali-Liberi-Londa.jpg\",\"datePublished\":\"2025-12-09T19:06:15+00:00\",\"description\":\"Fortissima contrariet\u00e0 della popolazione alle dichiarazioni del Sindaco Tommaso Cuoretti sull\u2019impianto industriale eolico Londa durante le Assemblee del 5\",\"breadcrumb\":{\"@id\":\"https:\/\/www.pressenza.com\/it\/2025\/12\/sulle-dichiarazioni-del-sindaco-di-londa-a-proposito-dellimpianto-eolico\/#breadcrumb\"},\"inLanguage\":\"it-IT\",\"potentialAction\":[{\"@type\":\"ReadAction\",\"target\":[\"https:\/\/www.pressenza.com\/it\/2025\/12\/sulle-dichiarazioni-del-sindaco-di-londa-a-proposito-dellimpianto-eolico\/\"]}]},{\"@type\":\"ImageObject\",\"inLanguage\":\"it-IT\",\"@id\":\"https:\/\/www.pressenza.com\/it\/2025\/12\/sulle-dichiarazioni-del-sindaco-di-londa-a-proposito-dellimpianto-eolico\/#primaryimage\",\"url\":\"https:\/\/www.pressenza.com\/wp-content\/uploads\/2025\/11\/Crinali-Liberi-Londa.jpg\",\"contentUrl\":\"https:\/\/www.pressenza.com\/wp-content\/uploads\/2025\/11\/Crinali-Liberi-Londa.jpg\",\"width\":1600,\"height\":1200},{\"@type\":\"BreadcrumbList\",\"@id\":\"https:\/\/www.pressenza.com\/it\/2025\/12\/sulle-dichiarazioni-del-sindaco-di-londa-a-proposito-dellimpianto-eolico\/#breadcrumb\",\"itemListElement\":[{\"@type\":\"ListItem\",\"position\":1,\"name\":\"Accueil\",\"item\":\"https:\/\/www.pressenza.com\/it\/\"},{\"@type\":\"ListItem\",\"position\":2,\"name\":\"Sulle dichiarazioni del Sindaco di Londa a proposito dell&#8217;impianto eolico\"}]},{\"@type\":\"WebSite\",\"@id\":\"https:\/\/www.pressenza.com\/it\/#website\",\"url\":\"https:\/\/www.pressenza.com\/it\/\",\"name\":\"Pressenza\",\"description\":\"Agenzia di Stampa Internazionale\",\"publisher\":{\"@id\":\"https:\/\/www.pressenza.com\/it\/#organization\"},\"potentialAction\":[{\"@type\":\"SearchAction\",\"target\":{\"@type\":\"EntryPoint\",\"urlTemplate\":\"https:\/\/www.pressenza.com\/it\/?s={search_term_string}\"},\"query-input\":{\"@type\":\"PropertyValueSpecification\",\"valueRequired\":true,\"valueName\":\"search_term_string\"}}],\"inLanguage\":\"it-IT\"},{\"@type\":\"Organization\",\"@id\":\"https:\/\/www.pressenza.com\/it\/#organization\",\"name\":\"Pressenza\",\"url\":\"https:\/\/www.pressenza.com\/it\/\",\"logo\":{\"@type\":\"ImageObject\",\"inLanguage\":\"it-IT\",\"@id\":\"https:\/\/www.pressenza.com\/it\/#\/schema\/logo\/image\/\",\"url\":\"https:\/\/www.pressenza.com\/wp-content\/uploads\/2022\/10\/pressenza_logo_200x200.jpg\",\"contentUrl\":\"https:\/\/www.pressenza.com\/wp-content\/uploads\/2022\/10\/pressenza_logo_200x200.jpg\",\"width\":200,\"height\":200,\"caption\":\"Pressenza\"},\"image\":{\"@id\":\"https:\/\/www.pressenza.com\/it\/#\/schema\/logo\/image\/\"},\"sameAs\":[\"https:\/\/www.facebook.com\/PressenzaItalia\",\"https:\/\/x.com\/PressenzaIPA\"]},{\"@type\":\"Person\",\"@id\":\"https:\/\/www.pressenza.com\/it\/#\/schema\/person\/4e3dce4e18e03345dd2deb3148d621d1\",\"name\":\"Redazione Toscana\",\"description\":\"News from the Pressenza Bureau in Tuscany, Italy\",\"url\":\"https:\/\/www.pressenza.com\/it\/author\/redazione-toscana\/\"}]}<\/script>\n<!-- \/ Yoast SEO plugin. -->","yoast_head_json":{"title":"Sulle dichiarazioni del Sindaco di Londa a proposito dell'impianto eolico","description":"Fortissima contrariet\u00e0 della popolazione alle dichiarazioni del Sindaco Tommaso Cuoretti sull\u2019impianto industriale eolico Londa durante le Assemblee del 5","robots":{"index":"index","follow":"follow","max-snippet":"max-snippet:-1","max-image-preview":"max-image-preview:large","max-video-preview":"max-video-preview:-1"},"canonical":"https:\/\/www.pressenza.com\/it\/2025\/12\/sulle-dichiarazioni-del-sindaco-di-londa-a-proposito-dellimpianto-eolico\/","og_locale":"it_IT","og_type":"article","og_title":"Sulle dichiarazioni del Sindaco di Londa a proposito dell'impianto eolico","og_description":"Fortissima contrariet\u00e0 della popolazione alle dichiarazioni del Sindaco Tommaso Cuoretti sull\u2019impianto industriale eolico Londa durante le Assemblee del 5","og_url":"https:\/\/www.pressenza.com\/it\/2025\/12\/sulle-dichiarazioni-del-sindaco-di-londa-a-proposito-dellimpianto-eolico\/","og_site_name":"Pressenza","article_publisher":"https:\/\/www.facebook.com\/PressenzaItalia","article_published_time":"2025-12-09T19:06:15+00:00","og_image":[{"width":1600,"height":1200,"url":"https:\/\/www.pressenza.com\/wp-content\/uploads\/2025\/11\/Crinali-Liberi-Londa.jpg","type":"image\/jpeg"}],"author":"Redazione Toscana","twitter_card":"summary_large_image","twitter_creator":"@PressenzaIPA","twitter_site":"@PressenzaIPA","twitter_misc":{"Scritto da":"Redazione Toscana","Tempo di lettura stimato":"6 minuti"},"schema":{"@context":"https:\/\/schema.org","@graph":[{"@type":"Article","@id":"https:\/\/www.pressenza.com\/it\/2025\/12\/sulle-dichiarazioni-del-sindaco-di-londa-a-proposito-dellimpianto-eolico\/#article","isPartOf":{"@id":"https:\/\/www.pressenza.com\/it\/2025\/12\/sulle-dichiarazioni-del-sindaco-di-londa-a-proposito-dellimpianto-eolico\/"},"author":{"name":"Redazione Toscana","@id":"https:\/\/www.pressenza.com\/it\/#\/schema\/person\/4e3dce4e18e03345dd2deb3148d621d1"},"headline":"Sulle dichiarazioni del Sindaco di Londa a proposito dell&#8217;impianto eolico","datePublished":"2025-12-09T19:06:15+00:00","mainEntityOfPage":{"@id":"https:\/\/www.pressenza.com\/it\/2025\/12\/sulle-dichiarazioni-del-sindaco-di-londa-a-proposito-dellimpianto-eolico\/"},"wordCount":940,"publisher":{"@id":"https:\/\/www.pressenza.com\/it\/#organization"},"image":{"@id":"https:\/\/www.pressenza.com\/it\/2025\/12\/sulle-dichiarazioni-del-sindaco-di-londa-a-proposito-dellimpianto-eolico\/#primaryimage"},"thumbnailUrl":"https:\/\/www.pressenza.com\/wp-content\/uploads\/2025\/11\/Crinali-Liberi-Londa.jpg","keywords":["Comunit\u00e0 Energetiche Rinnovabili","eolico industriale","Londa","Mugello","TESS"],"articleSection":["Comunicati Stampa","Ecologia ed Ambiente","Politica"],"inLanguage":"it-IT"},{"@type":"WebPage","@id":"https:\/\/www.pressenza.com\/it\/2025\/12\/sulle-dichiarazioni-del-sindaco-di-londa-a-proposito-dellimpianto-eolico\/","url":"https:\/\/www.pressenza.com\/it\/2025\/12\/sulle-dichiarazioni-del-sindaco-di-londa-a-proposito-dellimpianto-eolico\/","name":"Sulle dichiarazioni del Sindaco di Londa a proposito dell'impianto eolico","isPartOf":{"@id":"https:\/\/www.pressenza.com\/it\/#website"},"primaryImageOfPage":{"@id":"https:\/\/www.pressenza.com\/it\/2025\/12\/sulle-dichiarazioni-del-sindaco-di-londa-a-proposito-dellimpianto-eolico\/#primaryimage"},"image":{"@id":"https:\/\/www.pressenza.com\/it\/2025\/12\/sulle-dichiarazioni-del-sindaco-di-londa-a-proposito-dellimpianto-eolico\/#primaryimage"},"thumbnailUrl":"https:\/\/www.pressenza.com\/wp-content\/uploads\/2025\/11\/Crinali-Liberi-Londa.jpg","datePublished":"2025-12-09T19:06:15+00:00","description":"Fortissima contrariet\u00e0 della popolazione alle dichiarazioni del Sindaco Tommaso Cuoretti sull\u2019impianto industriale eolico Londa durante le Assemblee del 5","breadcrumb":{"@id":"https:\/\/www.pressenza.com\/it\/2025\/12\/sulle-dichiarazioni-del-sindaco-di-londa-a-proposito-dellimpianto-eolico\/#breadcrumb"},"inLanguage":"it-IT","potentialAction":[{"@type":"ReadAction","target":["https:\/\/www.pressenza.com\/it\/2025\/12\/sulle-dichiarazioni-del-sindaco-di-londa-a-proposito-dellimpianto-eolico\/"]}]},{"@type":"ImageObject","inLanguage":"it-IT","@id":"https:\/\/www.pressenza.com\/it\/2025\/12\/sulle-dichiarazioni-del-sindaco-di-londa-a-proposito-dellimpianto-eolico\/#primaryimage","url":"https:\/\/www.pressenza.com\/wp-content\/uploads\/2025\/11\/Crinali-Liberi-Londa.jpg","contentUrl":"https:\/\/www.pressenza.com\/wp-content\/uploads\/2025\/11\/Crinali-Liberi-Londa.jpg","width":1600,"height":1200},{"@type":"BreadcrumbList","@id":"https:\/\/www.pressenza.com\/it\/2025\/12\/sulle-dichiarazioni-del-sindaco-di-londa-a-proposito-dellimpianto-eolico\/#breadcrumb","itemListElement":[{"@type":"ListItem","position":1,"name":"Accueil","item":"https:\/\/www.pressenza.com\/it\/"},{"@type":"ListItem","position":2,"name":"Sulle dichiarazioni del Sindaco di Londa a proposito dell&#8217;impianto eolico"}]},{"@type":"WebSite","@id":"https:\/\/www.pressenza.com\/it\/#website","url":"https:\/\/www.pressenza.com\/it\/","name":"Pressenza","description":"Agenzia di Stampa Internazionale","publisher":{"@id":"https:\/\/www.pressenza.com\/it\/#organization"},"potentialAction":[{"@type":"SearchAction","target":{"@type":"EntryPoint","urlTemplate":"https:\/\/www.pressenza.com\/it\/?s={search_term_string}"},"query-input":{"@type":"PropertyValueSpecification","valueRequired":true,"valueName":"search_term_string"}}],"inLanguage":"it-IT"},{"@type":"Organization","@id":"https:\/\/www.pressenza.com\/it\/#organization","name":"Pressenza","url":"https:\/\/www.pressenza.com\/it\/","logo":{"@type":"ImageObject","inLanguage":"it-IT","@id":"https:\/\/www.pressenza.com\/it\/#\/schema\/logo\/image\/","url":"https:\/\/www.pressenza.com\/wp-content\/uploads\/2022\/10\/pressenza_logo_200x200.jpg","contentUrl":"https:\/\/www.pressenza.com\/wp-content\/uploads\/2022\/10\/pressenza_logo_200x200.jpg","width":200,"height":200,"caption":"Pressenza"},"image":{"@id":"https:\/\/www.pressenza.com\/it\/#\/schema\/logo\/image\/"},"sameAs":["https:\/\/www.facebook.com\/PressenzaItalia","https:\/\/x.com\/PressenzaIPA"]},{"@type":"Person","@id":"https:\/\/www.pressenza.com\/it\/#\/schema\/person\/4e3dce4e18e03345dd2deb3148d621d1","name":"Redazione Toscana","description":"News from the Pressenza Bureau in Tuscany, Italy","url":"https:\/\/www.pressenza.com\/it\/author\/redazione-toscana\/"}]}},"place":"Londa","original_article_url":"","_links":{"self":[{"href":"https:\/\/www.pressenza.com\/it\/wp-json\/wp\/v2\/posts\/2659929","targetHints":{"allow":["GET"]}}],"collection":[{"href":"https:\/\/www.pressenza.com\/it\/wp-json\/wp\/v2\/posts"}],"about":[{"href":"https:\/\/www.pressenza.com\/it\/wp-json\/wp\/v2\/types\/post"}],"author":[{"embeddable":true,"href":"https:\/\/www.pressenza.com\/it\/wp-json\/wp\/v2\/users\/1712"}],"replies":[{"embeddable":true,"href":"https:\/\/www.pressenza.com\/it\/wp-json\/wp\/v2\/comments?post=2659929"}],"version-history":[{"count":1,"href":"https:\/\/www.pressenza.com\/it\/wp-json\/wp\/v2\/posts\/2659929\/revisions"}],"predecessor-version":[{"id":2659933,"href":"https:\/\/www.pressenza.com\/it\/wp-json\/wp\/v2\/posts\/2659929\/revisions\/2659933"}],"wp:featuredmedia":[{"embeddable":true,"href":"https:\/\/www.pressenza.com\/it\/wp-json\/wp\/v2\/media\/2652241"}],"wp:attachment":[{"href":"https:\/\/www.pressenza.com\/it\/wp-json\/wp\/v2\/media?parent=2659929"}],"wp:term":[{"taxonomy":"category","embeddable":true,"href":"https:\/\/www.pressenza.com\/it\/wp-json\/wp\/v2\/categories?post=2659929"},{"taxonomy":"post_tag","embeddable":true,"href":"https:\/\/www.pressenza.com\/it\/wp-json\/wp\/v2\/tags?post=2659929"}],"curies":[{"name":"wp","href":"https:\/\/api.w.org\/{rel}","templated":true}]}}