{"id":2659915,"date":"2025-12-09T18:56:41","date_gmt":"2025-12-09T18:56:41","guid":{"rendered":"https:\/\/www.pressenza.com\/?p=2659915"},"modified":"2026-01-05T14:40:01","modified_gmt":"2026-01-05T14:40:01","slug":"cndddu-su-diritti-umani","status":"publish","type":"post","link":"https:\/\/www.pressenza.com\/it\/2025\/12\/cndddu-su-diritti-umani\/","title":{"rendered":"Giornata internazionale dei Diritti Umani: in Italia la situazione peggiora"},"content":{"rendered":"<p><em>La lettera aperta del presidente del CNDDU \/ Coordinamento Nazionale Docenti della Disciplina dei Diritti Umani, Romano Pesavento, richiama l\u2019attenzione su una realt\u00e0 che non pu\u00f2 essere ignorata: in Italia i diritti umani non vengono negati apertamente, ma progressivamente indeboliti nella vita quotidiana delle persone.<\/em><\/p>\n<p class=\"cdt4ke\" style=\"margin-bottom: 0cm; text-align: justify;\">Oggi la povert\u00e0 non ha un\u2019unica forma riconoscibile. \u00c8 economica, abitativa, sanitaria, educativa, digitale. \u00c8 una povert\u00e0 diffusa, stratificata, spesso invisibile, che restringe le possibilit\u00e0 e svuota i diritti della loro sostanza.<\/p>\n<p class=\"cdt4ke\" style=\"margin-bottom: 0cm; text-align: justify;\">Quando l\u2019accesso ai diritti fondamentali dipende dal reddito, dalla competenza tecnologica o dalla possibilit\u00e0 di emigrare, quei diritti smettono di essere universali.<\/p>\n<p class=\"cdt4ke\" style=\"margin-bottom: 0cm; text-align: justify;\">I dati presentati dalla Comunit\u00e0 di Sant\u2019Egidio parlano con forza: quasi sei milioni di persone in povert\u00e0 assoluta, oltre un milione di minori, famiglie soffocate dall\u2019aumento degli affitti, sfratti per morosit\u00e0 che tornano a colpire anche i bambini. Migliaia di alloggi popolari restano inutilizzati mentre cresce il disagio abitativo. La povert\u00e0 non \u00e8 una statistica: \u00e8 un volto, una storia, una relazione che si spezza. A questa frattura si aggiunge una solitudine sempre pi\u00f9 diffusa, che impoverisce tanto quanto la mancanza di reddito.<\/p>\n<p class=\"cdt4ke\" style=\"margin-bottom: 0cm; text-align: justify;\">Sempre pi\u00f9 drammatica appare la povert\u00e0 sanitaria. Nel 2024 oltre mezzo milione di persone non ha potuto permettersi farmaci e cure non coperte dal Servizio sanitario nazionale. Tra queste, quasi 146\u02d9000 sono minori. Sempre pi\u00f9 cittadini rinunciano a visite ed esami per motivi economici o per liste d\u2019attesa incompatibili con il diritto alla salute. Curarsi non dovrebbe mai essere una scelta tra bisogni, n\u00e9 tantomeno un privilegio.<\/p>\n<p class=\"cdt4ke\" style=\"margin-bottom: 0cm; text-align: justify;\">Accanto alla povert\u00e0 materiale cresce una povert\u00e0 meno visibile ma sempre pi\u00f9 determinante: la povert\u00e0 digitale. Viviamo in una societ\u00e0 in cui il digitale \u00e8 diventato infrastruttura dei diritti. Senza competenze digitali oggi si resta esclusi dall\u2019accesso alla sanit\u00e0, al welfare, alla scuola, al lavoro, alla partecipazione democratica. La povert\u00e0 digitale non riguarda solo l\u2019assenza di dispositivi, ma la mancanza di accompagnamento, alfabetizzazione critica, fiducia e consapevolezza nell\u2019uso delle tecnologie. Colpisce famiglie fragili, minori, anziani, persone con background migratorio, ma anche operatori sociali ed educativi che non sempre sono messi nelle condizioni di affrontare la trasformazione digitale. Trasformare il digitale da barriera a strumento di inclusione \u00e8 oggi una sfida cruciale per la tenuta dei diritti umani.<\/p>\n<p class=\"cdt4ke\" style=\"margin-bottom: 0cm; text-align: justify;\">In questo quadro gi\u00e0 fragile si inserisce una ferita che riguarda il futuro del Paese: l<strong>\u2019emigrazione giovanile<\/strong>. Dal 2011 oltre 630\u02d9000 giovani hanno lasciato l\u2019Italia. Oggi chi parte \u00e8 pi\u00f9 numeroso di chi nasce. Pi\u00f9 del 40% degli emigrati \u00e8 laureato. Non \u00e8 una semplice mobilit\u00e0 internazionale, ma una selezione al contrario che priva il Paese di energie, competenze e visioni. Dietro questa scelta non c\u2019\u00e8 solo attrazione per l\u2019estero, ma salari insufficienti, precariet\u00e0 cronica, costo della vita insostenibile, mancanza di meritocrazia e prospettive credibili.<\/p>\n<p class=\"cdt4ke\" style=\"margin-bottom: 0cm; text-align: justify;\">Il diritto di partire \u00e8 sancito. Ci\u00f2 che sempre pi\u00f9 spesso viene negato \u00e8 il diritto di restare senza rinunciare alla dignit\u00e0. Un Paese che non riesce a offrire ai suoi giovani lavoro dignitoso, autonomia e futuro non perde solo capitale umano: perde fiducia, coesione sociale, democrazia.<\/p>\n<p class=\"cdt4ke\" style=\"margin-bottom: 0cm; text-align: justify;\">Come docenti di Diritti Umani incontriamo quotidianamente queste contraddizioni nelle scuole e nelle universit\u00e0. Vediamo studenti consapevoli, informati, sensibili alle grandi questioni globali, ma anche disillusi, costretti a immaginare il proprio futuro come un altrove. Educare ai diritti oggi significa dare strumenti per leggere la realt\u00e0, collegare le diverse forme di povert\u00e0, comprendere che i diritti non sono astrazioni giuridiche ma condizioni concrete di vita.<\/p>\n<p class=\"cdt4ke\" style=\"margin-bottom: 0cm; text-align: justify;\">\u00c8 in questa prospettiva che il Coordinamento Nazionale Docenti della disciplina dei Diritti Umani rilancia la terza edizione dell\u2019<em>Albero dei Diritti Umani<\/em>, un\u2019iniziativa simbolica e pedagogica che invita scuole, studenti e docenti a riflettere sui diritti negati e su quelli da far crescere, trasformando le aule in spazi di consapevolezza, responsabilit\u00e0 e partecipazione attiva.<\/p>\n<p class=\"cdt4ke\" style=\"margin-bottom: 0cm; text-align: justify;\">L\u2019<em>Albero dei Diritti Umani<\/em> non \u00e8 un gesto rituale, ma un percorso educativo: ogni diritto riconosciuto, discusso e condiviso diventa una radice; ogni riflessione critica un ramo; ogni azione di cittadinanza una foglia che guarda al futuro. In un tempo di diritti fragili, coltivare diritti significa prendersene cura insieme.<\/p>\n<p class=\"cdt4ke\" style=\"margin-bottom: 0cm; text-align: justify;\">La Dichiarazione Universale dei Diritti Umani non chiede celebrazioni formali. Chiede coerenza. Chiede scelte capaci di tenere insieme giustizia sociale, salute, innovazione, inclusione e dignit\u00e0 del lavoro. Chiede che i diritti siano praticabili, non solo proclamati.<\/p>\n<p class=\"cdt4ke\" style=\"margin-bottom: 0cm; text-align: justify;\">In questa Giornata internazionale dei Diritti Umani ribadiamo che una societ\u00e0 non \u00e8 pi\u00f9 giusta perch\u00e9 parla di diritti, ma perch\u00e9 li rende reali.<\/p>\n<p class=\"cdt4ke\" style=\"margin-bottom: 0cm; text-align: justify;\">E oggi renderli reali significa non lasciare indietro i pi\u00f9 fragili, non costringere i giovani ad andare via, non permettere che il digitale, la salute o la povert\u00e0 decidano chi ha futuro e chi no.<\/p>\n<p style=\"text-align: right;\"><strong>Romano Pesavento<\/strong> &#8211;\u00a0presidente CNDDU<\/p>\n<p style=\"text-align: right;\"><em>Coordinamento Nazionale Docenti della Disciplina dei Diritti Umani<\/em><\/p>\n<p><a href=\"https:\/\/www.politicamentecorretto.com\/2025\/12\/08\/giornata-internazionale-dei-diritti-umani-educare-alla-dignita-alla-giustizia-alla-pace-e-limpegno-delle-scuole-al-via-la-terza-edizione-dellalbero-dei-diritti-umani\/\" target=\"_blank\" rel=\"noopener\"><em>Albero dei Diritti Umani :\u00a0educare alla dignit\u00e0, alla giustizia, alla pace e l\u2019impegno delle scuole<\/em><\/a><\/p>\n<p><a href=\"https:\/\/www.politicamentecorretto.com\/2025\/12\/08\/giornata-internazionale-dei-diritti-umani-educare-alla-dignita-alla-giustizia-alla-pace-e-limpegno-delle-scuole-al-via-la-terza-edizione-dellalbero-dei-diritti-umani\/\" target=\"_blank\" rel=\"https:\/\/www.politicamentecorretto.com\/2025\/12\/08\/giornata-internazionale-dei-diritti-umani-educare-alla-dignita-alla-giustizia-alla-pace-e-limpegno-delle-scuole-al-via-la-terza-edizione-dellalbero-dei-diritti-umani\/ noopener\"><img loading=\"lazy\" decoding=\"async\" class=\"aligncenter\" src=\"https:\/\/www.politicamentecorretto.com\/wp-content\/uploads\/2025\/12\/12-5.jpg\" alt=\"\" width=\"992\" height=\"1403\" \/><\/a><\/p>\n","protected":false},"excerpt":{"rendered":"<p>La lettera aperta del presidente del CNDDU \/ Coordinamento Nazionale Docenti della Disciplina dei Diritti Umani, Romano Pesavento, richiama l\u2019attenzione su una realt\u00e0 che non pu\u00f2 essere ignorata: in Italia i diritti umani non vengono negati apertamente, ma progressivamente indeboliti&hellip;<\/p>\n","protected":false},"author":594,"featured_media":2659916,"comment_status":"closed","ping_status":"closed","sticky":false,"template":"","format":"standard","meta":{"footnotes":""},"categories":[1258],"tags":[45899],"class_list":["post-2659915","post","type-post","status-publish","format-standard","has-post-thumbnail","hentry","category-educazione","tag-coordinamento-nazionale-docenti-della-disciplina-dei-diritti-umani"],"yoast_head":"<!-- This site is optimized with the Yoast SEO plugin v27.1.1 - https:\/\/yoast.com\/product\/yoast-seo-wordpress\/ -->\n<title>Giornata internazionale dei Diritti Umani: in Italia la situazione peggiora<\/title>\n<meta name=\"description\" content=\"La lettera aperta del presidente del CNDDU \/ Coordinamento Nazionale Docenti della Disciplina dei Diritti Umani, Romano Pesavento, richiama l\u2019attenzione\" \/>\n<meta name=\"robots\" content=\"index, follow, max-snippet:-1, max-image-preview:large, max-video-preview:-1\" \/>\n<link rel=\"canonical\" href=\"https:\/\/www.pressenza.com\/it\/2025\/12\/cndddu-su-diritti-umani\/\" \/>\n<meta property=\"og:locale\" content=\"it_IT\" \/>\n<meta property=\"og:type\" content=\"article\" \/>\n<meta property=\"og:title\" content=\"Giornata internazionale dei Diritti Umani: in Italia la situazione peggiora\" \/>\n<meta property=\"og:description\" content=\"La lettera aperta del presidente del CNDDU \/ Coordinamento Nazionale Docenti della Disciplina dei Diritti Umani, Romano Pesavento, richiama l\u2019attenzione\" \/>\n<meta property=\"og:url\" content=\"https:\/\/www.pressenza.com\/it\/2025\/12\/cndddu-su-diritti-umani\/\" \/>\n<meta property=\"og:site_name\" content=\"Pressenza\" \/>\n<meta property=\"article:publisher\" content=\"https:\/\/www.facebook.com\/PressenzaItalia\" \/>\n<meta property=\"article:author\" content=\"https:\/\/www.facebook.com\/PressenzaItalia\" \/>\n<meta property=\"article:published_time\" content=\"2025-12-09T18:56:41+00:00\" \/>\n<meta property=\"article:modified_time\" content=\"2026-01-05T14:40:01+00:00\" \/>\n<meta property=\"og:image\" content=\"https:\/\/www.pressenza.com\/wp-content\/uploads\/2025\/12\/HR-1.jpg\" \/>\n\t<meta property=\"og:image:width\" content=\"366\" \/>\n\t<meta property=\"og:image:height\" content=\"244\" \/>\n\t<meta property=\"og:image:type\" content=\"image\/jpeg\" \/>\n<meta name=\"author\" content=\"Redazione Italia\" \/>\n<meta name=\"twitter:card\" content=\"summary_large_image\" \/>\n<meta name=\"twitter:creator\" content=\"@pressenza_it\" \/>\n<meta name=\"twitter:site\" content=\"@PressenzaIPA\" \/>\n<meta name=\"twitter:label1\" content=\"Scritto da\" \/>\n\t<meta name=\"twitter:data1\" content=\"Redazione Italia\" \/>\n\t<meta name=\"twitter:label2\" content=\"Tempo di lettura stimato\" \/>\n\t<meta name=\"twitter:data2\" content=\"5 minuti\" \/>\n<script type=\"application\/ld+json\" class=\"yoast-schema-graph\">{\"@context\":\"https:\/\/schema.org\",\"@graph\":[{\"@type\":\"Article\",\"@id\":\"https:\/\/www.pressenza.com\/it\/2025\/12\/cndddu-su-diritti-umani\/#article\",\"isPartOf\":{\"@id\":\"https:\/\/www.pressenza.com\/it\/2025\/12\/cndddu-su-diritti-umani\/\"},\"author\":{\"name\":\"Redazione Italia\",\"@id\":\"https:\/\/www.pressenza.com\/it\/#\/schema\/person\/d983e81827ae24f2c7b1a2123d197f8d\"},\"headline\":\"Giornata internazionale dei Diritti Umani: in Italia la situazione peggiora\",\"datePublished\":\"2025-12-09T18:56:41+00:00\",\"dateModified\":\"2026-01-05T14:40:01+00:00\",\"mainEntityOfPage\":{\"@id\":\"https:\/\/www.pressenza.com\/it\/2025\/12\/cndddu-su-diritti-umani\/\"},\"wordCount\":795,\"publisher\":{\"@id\":\"https:\/\/www.pressenza.com\/it\/#organization\"},\"image\":{\"@id\":\"https:\/\/www.pressenza.com\/it\/2025\/12\/cndddu-su-diritti-umani\/#primaryimage\"},\"thumbnailUrl\":\"https:\/\/www.pressenza.com\/wp-content\/uploads\/2025\/12\/HR-1.jpg\",\"keywords\":[\"Coordinamento Nazionale Docenti della disciplina dei Diritti Umani\"],\"articleSection\":[\"Educazione\"],\"inLanguage\":\"it-IT\"},{\"@type\":\"WebPage\",\"@id\":\"https:\/\/www.pressenza.com\/it\/2025\/12\/cndddu-su-diritti-umani\/\",\"url\":\"https:\/\/www.pressenza.com\/it\/2025\/12\/cndddu-su-diritti-umani\/\",\"name\":\"Giornata internazionale dei Diritti Umani: in Italia la situazione peggiora\",\"isPartOf\":{\"@id\":\"https:\/\/www.pressenza.com\/it\/#website\"},\"primaryImageOfPage\":{\"@id\":\"https:\/\/www.pressenza.com\/it\/2025\/12\/cndddu-su-diritti-umani\/#primaryimage\"},\"image\":{\"@id\":\"https:\/\/www.pressenza.com\/it\/2025\/12\/cndddu-su-diritti-umani\/#primaryimage\"},\"thumbnailUrl\":\"https:\/\/www.pressenza.com\/wp-content\/uploads\/2025\/12\/HR-1.jpg\",\"datePublished\":\"2025-12-09T18:56:41+00:00\",\"dateModified\":\"2026-01-05T14:40:01+00:00\",\"description\":\"La lettera aperta del presidente del CNDDU \/ Coordinamento Nazionale Docenti della Disciplina dei Diritti Umani, Romano Pesavento, richiama l\u2019attenzione\",\"breadcrumb\":{\"@id\":\"https:\/\/www.pressenza.com\/it\/2025\/12\/cndddu-su-diritti-umani\/#breadcrumb\"},\"inLanguage\":\"it-IT\",\"potentialAction\":[{\"@type\":\"ReadAction\",\"target\":[\"https:\/\/www.pressenza.com\/it\/2025\/12\/cndddu-su-diritti-umani\/\"]}]},{\"@type\":\"ImageObject\",\"inLanguage\":\"it-IT\",\"@id\":\"https:\/\/www.pressenza.com\/it\/2025\/12\/cndddu-su-diritti-umani\/#primaryimage\",\"url\":\"https:\/\/www.pressenza.com\/wp-content\/uploads\/2025\/12\/HR-1.jpg\",\"contentUrl\":\"https:\/\/www.pressenza.com\/wp-content\/uploads\/2025\/12\/HR-1.jpg\",\"width\":366,\"height\":244},{\"@type\":\"BreadcrumbList\",\"@id\":\"https:\/\/www.pressenza.com\/it\/2025\/12\/cndddu-su-diritti-umani\/#breadcrumb\",\"itemListElement\":[{\"@type\":\"ListItem\",\"position\":1,\"name\":\"Accueil\",\"item\":\"https:\/\/www.pressenza.com\/it\/\"},{\"@type\":\"ListItem\",\"position\":2,\"name\":\"Giornata internazionale dei Diritti Umani: in Italia la situazione peggiora\"}]},{\"@type\":\"WebSite\",\"@id\":\"https:\/\/www.pressenza.com\/it\/#website\",\"url\":\"https:\/\/www.pressenza.com\/it\/\",\"name\":\"Pressenza\",\"description\":\"Agenzia di Stampa Internazionale\",\"publisher\":{\"@id\":\"https:\/\/www.pressenza.com\/it\/#organization\"},\"potentialAction\":[{\"@type\":\"SearchAction\",\"target\":{\"@type\":\"EntryPoint\",\"urlTemplate\":\"https:\/\/www.pressenza.com\/it\/?s={search_term_string}\"},\"query-input\":{\"@type\":\"PropertyValueSpecification\",\"valueRequired\":true,\"valueName\":\"search_term_string\"}}],\"inLanguage\":\"it-IT\"},{\"@type\":\"Organization\",\"@id\":\"https:\/\/www.pressenza.com\/it\/#organization\",\"name\":\"Pressenza\",\"url\":\"https:\/\/www.pressenza.com\/it\/\",\"logo\":{\"@type\":\"ImageObject\",\"inLanguage\":\"it-IT\",\"@id\":\"https:\/\/www.pressenza.com\/it\/#\/schema\/logo\/image\/\",\"url\":\"https:\/\/www.pressenza.com\/wp-content\/uploads\/2022\/10\/pressenza_logo_200x200.jpg\",\"contentUrl\":\"https:\/\/www.pressenza.com\/wp-content\/uploads\/2022\/10\/pressenza_logo_200x200.jpg\",\"width\":200,\"height\":200,\"caption\":\"Pressenza\"},\"image\":{\"@id\":\"https:\/\/www.pressenza.com\/it\/#\/schema\/logo\/image\/\"},\"sameAs\":[\"https:\/\/www.facebook.com\/PressenzaItalia\",\"https:\/\/x.com\/PressenzaIPA\"]},{\"@type\":\"Person\",\"@id\":\"https:\/\/www.pressenza.com\/it\/#\/schema\/person\/d983e81827ae24f2c7b1a2123d197f8d\",\"name\":\"Redazione Italia\",\"description\":\"News from the Pressenza Bureau in Italy\",\"sameAs\":[\"https:\/\/www.pressenza.com\/it\/author\/redazione-italia\/\",\"https:\/\/www.facebook.com\/PressenzaItalia\",\"https:\/\/www.instagram.com\/pressenza_italia\/\",\"https:\/\/x.com\/pressenza_it\",\"https:\/\/www.youtube.com\/channel\/UCSalEIWjE1RSxkwjfftFuqg\"],\"url\":\"https:\/\/www.pressenza.com\/it\/author\/redazione-italia\/\"}]}<\/script>\n<!-- \/ Yoast SEO plugin. -->","yoast_head_json":{"title":"Giornata internazionale dei Diritti Umani: in Italia la situazione peggiora","description":"La lettera aperta del presidente del CNDDU \/ Coordinamento Nazionale Docenti della Disciplina dei Diritti Umani, Romano Pesavento, richiama l\u2019attenzione","robots":{"index":"index","follow":"follow","max-snippet":"max-snippet:-1","max-image-preview":"max-image-preview:large","max-video-preview":"max-video-preview:-1"},"canonical":"https:\/\/www.pressenza.com\/it\/2025\/12\/cndddu-su-diritti-umani\/","og_locale":"it_IT","og_type":"article","og_title":"Giornata internazionale dei Diritti Umani: in Italia la situazione peggiora","og_description":"La lettera aperta del presidente del CNDDU \/ Coordinamento Nazionale Docenti della Disciplina dei Diritti Umani, Romano Pesavento, richiama l\u2019attenzione","og_url":"https:\/\/www.pressenza.com\/it\/2025\/12\/cndddu-su-diritti-umani\/","og_site_name":"Pressenza","article_publisher":"https:\/\/www.facebook.com\/PressenzaItalia","article_author":"https:\/\/www.facebook.com\/PressenzaItalia","article_published_time":"2025-12-09T18:56:41+00:00","article_modified_time":"2026-01-05T14:40:01+00:00","og_image":[{"width":366,"height":244,"url":"https:\/\/www.pressenza.com\/wp-content\/uploads\/2025\/12\/HR-1.jpg","type":"image\/jpeg"}],"author":"Redazione Italia","twitter_card":"summary_large_image","twitter_creator":"@pressenza_it","twitter_site":"@PressenzaIPA","twitter_misc":{"Scritto da":"Redazione Italia","Tempo di lettura stimato":"5 minuti"},"schema":{"@context":"https:\/\/schema.org","@graph":[{"@type":"Article","@id":"https:\/\/www.pressenza.com\/it\/2025\/12\/cndddu-su-diritti-umani\/#article","isPartOf":{"@id":"https:\/\/www.pressenza.com\/it\/2025\/12\/cndddu-su-diritti-umani\/"},"author":{"name":"Redazione Italia","@id":"https:\/\/www.pressenza.com\/it\/#\/schema\/person\/d983e81827ae24f2c7b1a2123d197f8d"},"headline":"Giornata internazionale dei Diritti Umani: in Italia la situazione peggiora","datePublished":"2025-12-09T18:56:41+00:00","dateModified":"2026-01-05T14:40:01+00:00","mainEntityOfPage":{"@id":"https:\/\/www.pressenza.com\/it\/2025\/12\/cndddu-su-diritti-umani\/"},"wordCount":795,"publisher":{"@id":"https:\/\/www.pressenza.com\/it\/#organization"},"image":{"@id":"https:\/\/www.pressenza.com\/it\/2025\/12\/cndddu-su-diritti-umani\/#primaryimage"},"thumbnailUrl":"https:\/\/www.pressenza.com\/wp-content\/uploads\/2025\/12\/HR-1.jpg","keywords":["Coordinamento Nazionale Docenti della disciplina dei Diritti Umani"],"articleSection":["Educazione"],"inLanguage":"it-IT"},{"@type":"WebPage","@id":"https:\/\/www.pressenza.com\/it\/2025\/12\/cndddu-su-diritti-umani\/","url":"https:\/\/www.pressenza.com\/it\/2025\/12\/cndddu-su-diritti-umani\/","name":"Giornata internazionale dei Diritti Umani: in Italia la situazione peggiora","isPartOf":{"@id":"https:\/\/www.pressenza.com\/it\/#website"},"primaryImageOfPage":{"@id":"https:\/\/www.pressenza.com\/it\/2025\/12\/cndddu-su-diritti-umani\/#primaryimage"},"image":{"@id":"https:\/\/www.pressenza.com\/it\/2025\/12\/cndddu-su-diritti-umani\/#primaryimage"},"thumbnailUrl":"https:\/\/www.pressenza.com\/wp-content\/uploads\/2025\/12\/HR-1.jpg","datePublished":"2025-12-09T18:56:41+00:00","dateModified":"2026-01-05T14:40:01+00:00","description":"La lettera aperta del presidente del CNDDU \/ Coordinamento Nazionale Docenti della Disciplina dei Diritti Umani, Romano Pesavento, richiama l\u2019attenzione","breadcrumb":{"@id":"https:\/\/www.pressenza.com\/it\/2025\/12\/cndddu-su-diritti-umani\/#breadcrumb"},"inLanguage":"it-IT","potentialAction":[{"@type":"ReadAction","target":["https:\/\/www.pressenza.com\/it\/2025\/12\/cndddu-su-diritti-umani\/"]}]},{"@type":"ImageObject","inLanguage":"it-IT","@id":"https:\/\/www.pressenza.com\/it\/2025\/12\/cndddu-su-diritti-umani\/#primaryimage","url":"https:\/\/www.pressenza.com\/wp-content\/uploads\/2025\/12\/HR-1.jpg","contentUrl":"https:\/\/www.pressenza.com\/wp-content\/uploads\/2025\/12\/HR-1.jpg","width":366,"height":244},{"@type":"BreadcrumbList","@id":"https:\/\/www.pressenza.com\/it\/2025\/12\/cndddu-su-diritti-umani\/#breadcrumb","itemListElement":[{"@type":"ListItem","position":1,"name":"Accueil","item":"https:\/\/www.pressenza.com\/it\/"},{"@type":"ListItem","position":2,"name":"Giornata internazionale dei Diritti Umani: in Italia la situazione peggiora"}]},{"@type":"WebSite","@id":"https:\/\/www.pressenza.com\/it\/#website","url":"https:\/\/www.pressenza.com\/it\/","name":"Pressenza","description":"Agenzia di Stampa Internazionale","publisher":{"@id":"https:\/\/www.pressenza.com\/it\/#organization"},"potentialAction":[{"@type":"SearchAction","target":{"@type":"EntryPoint","urlTemplate":"https:\/\/www.pressenza.com\/it\/?s={search_term_string}"},"query-input":{"@type":"PropertyValueSpecification","valueRequired":true,"valueName":"search_term_string"}}],"inLanguage":"it-IT"},{"@type":"Organization","@id":"https:\/\/www.pressenza.com\/it\/#organization","name":"Pressenza","url":"https:\/\/www.pressenza.com\/it\/","logo":{"@type":"ImageObject","inLanguage":"it-IT","@id":"https:\/\/www.pressenza.com\/it\/#\/schema\/logo\/image\/","url":"https:\/\/www.pressenza.com\/wp-content\/uploads\/2022\/10\/pressenza_logo_200x200.jpg","contentUrl":"https:\/\/www.pressenza.com\/wp-content\/uploads\/2022\/10\/pressenza_logo_200x200.jpg","width":200,"height":200,"caption":"Pressenza"},"image":{"@id":"https:\/\/www.pressenza.com\/it\/#\/schema\/logo\/image\/"},"sameAs":["https:\/\/www.facebook.com\/PressenzaItalia","https:\/\/x.com\/PressenzaIPA"]},{"@type":"Person","@id":"https:\/\/www.pressenza.com\/it\/#\/schema\/person\/d983e81827ae24f2c7b1a2123d197f8d","name":"Redazione Italia","description":"News from the Pressenza Bureau in Italy","sameAs":["https:\/\/www.pressenza.com\/it\/author\/redazione-italia\/","https:\/\/www.facebook.com\/PressenzaItalia","https:\/\/www.instagram.com\/pressenza_italia\/","https:\/\/x.com\/pressenza_it","https:\/\/www.youtube.com\/channel\/UCSalEIWjE1RSxkwjfftFuqg"],"url":"https:\/\/www.pressenza.com\/it\/author\/redazione-italia\/"}]}},"place":"","original_article_url":"","_links":{"self":[{"href":"https:\/\/www.pressenza.com\/it\/wp-json\/wp\/v2\/posts\/2659915","targetHints":{"allow":["GET"]}}],"collection":[{"href":"https:\/\/www.pressenza.com\/it\/wp-json\/wp\/v2\/posts"}],"about":[{"href":"https:\/\/www.pressenza.com\/it\/wp-json\/wp\/v2\/types\/post"}],"author":[{"embeddable":true,"href":"https:\/\/www.pressenza.com\/it\/wp-json\/wp\/v2\/users\/594"}],"replies":[{"embeddable":true,"href":"https:\/\/www.pressenza.com\/it\/wp-json\/wp\/v2\/comments?post=2659915"}],"version-history":[{"count":1,"href":"https:\/\/www.pressenza.com\/it\/wp-json\/wp\/v2\/posts\/2659915\/revisions"}],"predecessor-version":[{"id":2659926,"href":"https:\/\/www.pressenza.com\/it\/wp-json\/wp\/v2\/posts\/2659915\/revisions\/2659926"}],"wp:featuredmedia":[{"embeddable":true,"href":"https:\/\/www.pressenza.com\/it\/wp-json\/wp\/v2\/media\/2659916"}],"wp:attachment":[{"href":"https:\/\/www.pressenza.com\/it\/wp-json\/wp\/v2\/media?parent=2659915"}],"wp:term":[{"taxonomy":"category","embeddable":true,"href":"https:\/\/www.pressenza.com\/it\/wp-json\/wp\/v2\/categories?post=2659915"},{"taxonomy":"post_tag","embeddable":true,"href":"https:\/\/www.pressenza.com\/it\/wp-json\/wp\/v2\/tags?post=2659915"}],"curies":[{"name":"wp","href":"https:\/\/api.w.org\/{rel}","templated":true}]}}