{"id":2659310,"date":"2025-12-07T17:19:03","date_gmt":"2025-12-07T17:19:03","guid":{"rendered":"https:\/\/www.pressenza.com\/?p=2659310"},"modified":"2025-12-07T17:21:15","modified_gmt":"2025-12-07T17:21:15","slug":"e-solo-linizio-a-marzo-di-nuovo-in-piazza-contro-larruolamento-intervista-a-hannes-kramer","status":"publish","type":"post","link":"https:\/\/www.pressenza.com\/it\/2025\/12\/e-solo-linizio-a-marzo-di-nuovo-in-piazza-contro-larruolamento-intervista-a-hannes-kramer\/","title":{"rendered":"\u201cE\u2019 solo l\u2019inizio: a marzo di nuovo in piazza contro l\u2019arruolamento. Intervista a Hannes Kramer"},"content":{"rendered":"<p>Finalmente qualcuno si \u00e8 mosso. Nella palude dalla quale giovani e lavoratori europei assistono, apparentemente impotenti, al riarmo europeo, al ritorno del militarismo e all\u2019ascesa del \u201cpartito unico della guerra\u201d, gli studenti tedeschi hanno lanciato un segnale, mostrando che reagire \u00e8 possibile. Lo hanno fatto in occasione dell\u2019approvazione del Neuer Wehrdienst, la legge con cui il Reichstag tedesco nei giorni ha approvato la reintroduzione del servizio militare, ufficialmente volontaria, ma se non verranno raggiunti gli obiettivi scatter\u00e0 l\u2019obbligo e la selezione mediante estrazione a sorte, un meccanismo che rende la misura ancor pi\u00f9 odiosa agli occhi di molti giovani tedeschi. Gli organizzatori dicono di puntare a coinvolgere sempre pi\u00f9 studenti in una mobilitazione che, osservano, \u00e8 appena iniziata e, promettono, punta ad andare avanti a lungo. <strong>Hannes Kramer,<\/strong> studente e tra gli organizzatori dello sciopero di venerd\u00ec, a cui abbiamo chiesto dati e valutazioni a caldo subito dopo le manifestazioni svoltesi in decine di citt\u00e0 tedesche, ci ha annunciato che il prossimo appuntamento sar\u00e0 il 5 marzo.<\/p>\n<p><strong>Puoi darci alcuni dati sulla diffusione e sulla partecipazione allo sciopero scolastico? Siete soddisfatti e avete gi\u00e0 ragionato sui prossimi passi?<\/strong><\/p>\n<p>In tutta la Germania allo Schulstreik contro il servizio militare obbligatorio hanno preso parte oltre 55.000 persone. In citt\u00e0 come Berlino, Amburgo, Monaco e Dresda erano migliaia di persone, ma anche in molti centri pi\u00f9 piccoli sono scesi in piazza a centinaia. Per noi questa adesione \u00e8 un grande successo, che si somma al fatto che nei mesi e nelle settimane precedenti tanti studenti si siano attivati, abbiano imparato a preparare uno sciopero e, cos\u00ec facendo, a difendere i propri interessi. In questo modo sono state gettate le basi per la nascita di un movimento dei giovani, grande e di lungo respiro, contro il servizio militare obbligatorio. I prossimi passi verranno discussi nei comitati di sciopero. Ma una cosa \u00e8 certa: la prossima giornata di sciopero in tutta la Germania sar\u00e0 il 5 marzo. Nel frattempo dobbiamo far crescere il nostro attivismo e convincere ancora pi\u00f9 studenti.<\/p>\n<p><strong>Chi ha organizzato questa campagna e in che modo? Ci \u00e8 parso che ci sia un livello centrale, il sito web, e che gli studenti di ogni citt\u00e0 abbiano aderito allo sciopero, ma allo stesso tempo si siano organizzati autonomamente. \u00c8 cos\u00ec?<\/strong><\/p>\n<p>Lo <strong>Schulstreik gegen die Wehrpflicht \u2013 sciopero contro l\u2019obbligo di leva<\/strong> \u2013 \u00e8 nato per iniziativa di studenti di diverse citt\u00e0. A livello locale siamo organizzati in comitati di sciopero in cui collaborano studenti di diverse scuole e anche organismi di rappresentanza studentesca. A livello locale i comitati ricevono, con modalit\u00e0 diverse a livello locale, il sostegno di varie organizzazioni giovanili e dalle sezioni locali della campagna \u201cNo al servizio militare obbligatorio!\u201d Un ruolo importante viene ricoperto dalle organizzazioni di rappresentanza degli studenti, tra cui la LSV NRW, ma anche da altre organizzazioni giovanili come i Falken o la SDAJ.<\/p>\n<p><strong>Come ha reagito la societ\u00e0 attorno a voi: studenti, giovani in generale, lavoratori e altre classi sociali?<\/strong><\/p>\n<p>La reazione da parte della societ\u00e0 \u00e8 perlopi\u00f9 positiva. Abbiamo ricevuto il sostegno dei genitori, dei nonni, degli insegnanti, degli studenti, dei sindacati, delle organizzazioni politiche giovanili e di molti altri soggetti. Il governo sta lavorando contro di noi cercando di diffondere la narrazione secondo cui il servizio militare obbligatorio verr\u00e0 reintrodotto per permetterci di continuare a condurre un\u2019esistenza libera, che significa anche, ad esempio, il diritto di manifestare e di scioperare. Ma \u00e8 un\u2019uscita di cattivo gusto, dal momento che a Rostock le autorit\u00e0 competenti non hanno autorizzato una sola assemblea in orario scolastico e che in alcune citt\u00e0 presidi e insegnanti hanno attivamente ostacolato l\u2019esercizio del diritto degli studenti di riunirsi in assemblea.<\/p>\n<p><strong>Il ritorno del militarismo e la reintroduzione della coscrizione obbligatoria sono un fenomeno europeo \u2013 se ne discute anche in Francia e in Italia: pensate di creare delle relazioni internazionali per sviluppare iniziative comuni con studenti di altri paesi?<\/strong><\/p>\n<p>Il nostro obiettivo \u00e8 impedire la reintroduzione della coscrizione obbligatoria in Germania. \u00c8 su questo possiamo esercitare un\u2019influenza pi\u00f9 diretta. Ma naturalmente siamo solidali con tutti coloro che nei loro paesi scendono in piazza contro il riarmo e contro la leva obbligatoria. Abbiamo gi\u00e0 ricevuto i primi messaggi di solidariet\u00e0 da altri paesi. Ne siamo felici e saremmo lieti se in futuro sar\u00e0 possibile creare una rete internazionale e promuovere uno scambio di idee.<strong>\u00a0<\/strong><\/p>\n<p><strong>Dopo lo sciopero di ieri che messaggio volete inviare al governo tedesco?<\/strong><\/p>\n<p>Che continueremo a far sentire la nostra voce. La lotta non si \u00e8 conclusa con l\u2019approvazione della legge sulla modernizzazione del servizio militare anzi, \u00e8 solo all\u2019inizio. Non \u00e8 nel nostro interesse tornare al riarmo e al servizio militare obbligatorio. Il messaggio per\u00f2 dovr\u00e0 raggiungere soprattutto un numero ancor pi\u00f9 elevato di studenti e di sostenitori provenienti da ampi settori della societ\u00e0. Soltanto in questo modo avremo una chance di cambiare le cose.<\/p>\n<p><strong>Volete dire qualcosa anche agli studenti e ai giovani italiani?<\/strong><\/p>\n<p>Non dobbiamo accettare passivamente qualsiasi cosa. Se il vostro governo vuol mandarvi in guerra, uscite, fatevi sentire, lottate contro questa decisione. Noi giovani tedeschi e italiani condividiamo gli stessi interessi, non vogliamo la guerra e vogliamo avere un futuro. Se ci impegniamo per questo, ciascuno nel proprio paese, ci rafforziamo a vicenda.<\/p>\n","protected":false},"excerpt":{"rendered":"<p>Finalmente qualcuno si \u00e8 mosso. Nella palude dalla quale giovani e lavoratori europei assistono, apparentemente impotenti, al riarmo europeo, al ritorno del militarismo e all\u2019ascesa del \u201cpartito unico della guerra\u201d, gli studenti tedeschi hanno lanciato un segnale, mostrando che reagire&hellip;<\/p>\n","protected":false},"author":594,"featured_media":2659313,"comment_status":"closed","ping_status":"closed","sticky":false,"template":"","format":"standard","meta":{"footnotes":""},"categories":[47,46975,157,1263],"tags":[3518,147686,15155],"class_list":["post-2659310","post","type-post","status-publish","format-standard","has-post-thumbnail","hentry","category-europa","category-giovani","category-interviste","category-pace-disarmo","tag-germania","tag-sciopero-studentesco","tag-servizio-militare"],"yoast_head":"<!-- This site is optimized with the Yoast SEO plugin v27.1.1 - https:\/\/yoast.com\/product\/yoast-seo-wordpress\/ -->\n<title>\u201cE\u2019 solo l\u2019inizio: a marzo di nuovo in piazza contro l\u2019arruolamento. Intervista a Hannes Kramer<\/title>\n<meta name=\"description\" content=\"Finalmente qualcuno si \u00e8 mosso. Nella palude dalla quale giovani e lavoratori europei assistono, apparentemente impotenti, al riarmo europeo, al ritorno\" \/>\n<meta name=\"robots\" content=\"index, follow, max-snippet:-1, max-image-preview:large, max-video-preview:-1\" \/>\n<link rel=\"canonical\" href=\"https:\/\/www.pressenza.com\/it\/2025\/12\/e-solo-linizio-a-marzo-di-nuovo-in-piazza-contro-larruolamento-intervista-a-hannes-kramer\/\" \/>\n<meta property=\"og:locale\" content=\"it_IT\" \/>\n<meta property=\"og:type\" content=\"article\" \/>\n<meta property=\"og:title\" content=\"\u201cE\u2019 solo l\u2019inizio: a marzo di nuovo in piazza contro l\u2019arruolamento. Intervista a Hannes Kramer\" \/>\n<meta property=\"og:description\" content=\"Finalmente qualcuno si \u00e8 mosso. Nella palude dalla quale giovani e lavoratori europei assistono, apparentemente impotenti, al riarmo europeo, al ritorno\" \/>\n<meta property=\"og:url\" content=\"https:\/\/www.pressenza.com\/it\/2025\/12\/e-solo-linizio-a-marzo-di-nuovo-in-piazza-contro-larruolamento-intervista-a-hannes-kramer\/\" \/>\n<meta property=\"og:site_name\" content=\"Pressenza\" \/>\n<meta property=\"article:publisher\" content=\"https:\/\/www.facebook.com\/PressenzaItalia\" \/>\n<meta property=\"article:author\" content=\"https:\/\/www.facebook.com\/PressenzaItalia\" \/>\n<meta property=\"article:published_time\" content=\"2025-12-07T17:19:03+00:00\" \/>\n<meta property=\"article:modified_time\" content=\"2025-12-07T17:21:15+00:00\" \/>\n<meta property=\"og:image\" content=\"https:\/\/www.pressenza.com\/wp-content\/uploads\/2025\/12\/sciopero-studenti-tedeschi-Gli-stati-generali.jpeg\" \/>\n\t<meta property=\"og:image:width\" content=\"1200\" \/>\n\t<meta property=\"og:image:height\" content=\"675\" \/>\n\t<meta property=\"og:image:type\" content=\"image\/jpeg\" \/>\n<meta name=\"author\" content=\"Redazione Italia\" \/>\n<meta name=\"twitter:card\" content=\"summary_large_image\" \/>\n<meta name=\"twitter:creator\" content=\"@pressenza_it\" \/>\n<meta name=\"twitter:site\" content=\"@PressenzaIPA\" \/>\n<meta name=\"twitter:label1\" content=\"Scritto da\" \/>\n\t<meta name=\"twitter:data1\" content=\"Redazione Italia\" \/>\n\t<meta name=\"twitter:label2\" content=\"Tempo di lettura stimato\" \/>\n\t<meta name=\"twitter:data2\" content=\"5 minuti\" \/>\n<script type=\"application\/ld+json\" class=\"yoast-schema-graph\">{\"@context\":\"https:\/\/schema.org\",\"@graph\":[{\"@type\":\"Article\",\"@id\":\"https:\/\/www.pressenza.com\/it\/2025\/12\/e-solo-linizio-a-marzo-di-nuovo-in-piazza-contro-larruolamento-intervista-a-hannes-kramer\/#article\",\"isPartOf\":{\"@id\":\"https:\/\/www.pressenza.com\/it\/2025\/12\/e-solo-linizio-a-marzo-di-nuovo-in-piazza-contro-larruolamento-intervista-a-hannes-kramer\/\"},\"author\":{\"name\":\"Redazione Italia\",\"@id\":\"https:\/\/www.pressenza.com\/it\/#\/schema\/person\/d983e81827ae24f2c7b1a2123d197f8d\"},\"headline\":\"\u201cE\u2019 solo l\u2019inizio: a marzo di nuovo in piazza contro l\u2019arruolamento. Intervista a Hannes Kramer\",\"datePublished\":\"2025-12-07T17:19:03+00:00\",\"dateModified\":\"2025-12-07T17:21:15+00:00\",\"mainEntityOfPage\":{\"@id\":\"https:\/\/www.pressenza.com\/it\/2025\/12\/e-solo-linizio-a-marzo-di-nuovo-in-piazza-contro-larruolamento-intervista-a-hannes-kramer\/\"},\"wordCount\":875,\"publisher\":{\"@id\":\"https:\/\/www.pressenza.com\/it\/#organization\"},\"image\":{\"@id\":\"https:\/\/www.pressenza.com\/it\/2025\/12\/e-solo-linizio-a-marzo-di-nuovo-in-piazza-contro-larruolamento-intervista-a-hannes-kramer\/#primaryimage\"},\"thumbnailUrl\":\"https:\/\/www.pressenza.com\/wp-content\/uploads\/2025\/12\/sciopero-studenti-tedeschi-Gli-stati-generali.jpeg\",\"keywords\":[\"Germania\",\"sciopero studentesco\",\"servizio militare\"],\"articleSection\":[\"Europa\",\"Giovani\",\"Interviste\",\"Pace e Disarmo\"],\"inLanguage\":\"it-IT\"},{\"@type\":\"WebPage\",\"@id\":\"https:\/\/www.pressenza.com\/it\/2025\/12\/e-solo-linizio-a-marzo-di-nuovo-in-piazza-contro-larruolamento-intervista-a-hannes-kramer\/\",\"url\":\"https:\/\/www.pressenza.com\/it\/2025\/12\/e-solo-linizio-a-marzo-di-nuovo-in-piazza-contro-larruolamento-intervista-a-hannes-kramer\/\",\"name\":\"\u201cE\u2019 solo l\u2019inizio: a marzo di nuovo in piazza contro l\u2019arruolamento. Intervista a Hannes Kramer\",\"isPartOf\":{\"@id\":\"https:\/\/www.pressenza.com\/it\/#website\"},\"primaryImageOfPage\":{\"@id\":\"https:\/\/www.pressenza.com\/it\/2025\/12\/e-solo-linizio-a-marzo-di-nuovo-in-piazza-contro-larruolamento-intervista-a-hannes-kramer\/#primaryimage\"},\"image\":{\"@id\":\"https:\/\/www.pressenza.com\/it\/2025\/12\/e-solo-linizio-a-marzo-di-nuovo-in-piazza-contro-larruolamento-intervista-a-hannes-kramer\/#primaryimage\"},\"thumbnailUrl\":\"https:\/\/www.pressenza.com\/wp-content\/uploads\/2025\/12\/sciopero-studenti-tedeschi-Gli-stati-generali.jpeg\",\"datePublished\":\"2025-12-07T17:19:03+00:00\",\"dateModified\":\"2025-12-07T17:21:15+00:00\",\"description\":\"Finalmente qualcuno si \u00e8 mosso. Nella palude dalla quale giovani e lavoratori europei assistono, apparentemente impotenti, al riarmo europeo, al ritorno\",\"breadcrumb\":{\"@id\":\"https:\/\/www.pressenza.com\/it\/2025\/12\/e-solo-linizio-a-marzo-di-nuovo-in-piazza-contro-larruolamento-intervista-a-hannes-kramer\/#breadcrumb\"},\"inLanguage\":\"it-IT\",\"potentialAction\":[{\"@type\":\"ReadAction\",\"target\":[\"https:\/\/www.pressenza.com\/it\/2025\/12\/e-solo-linizio-a-marzo-di-nuovo-in-piazza-contro-larruolamento-intervista-a-hannes-kramer\/\"]}]},{\"@type\":\"ImageObject\",\"inLanguage\":\"it-IT\",\"@id\":\"https:\/\/www.pressenza.com\/it\/2025\/12\/e-solo-linizio-a-marzo-di-nuovo-in-piazza-contro-larruolamento-intervista-a-hannes-kramer\/#primaryimage\",\"url\":\"https:\/\/www.pressenza.com\/wp-content\/uploads\/2025\/12\/sciopero-studenti-tedeschi-Gli-stati-generali.jpeg\",\"contentUrl\":\"https:\/\/www.pressenza.com\/wp-content\/uploads\/2025\/12\/sciopero-studenti-tedeschi-Gli-stati-generali.jpeg\",\"width\":1200,\"height\":675},{\"@type\":\"BreadcrumbList\",\"@id\":\"https:\/\/www.pressenza.com\/it\/2025\/12\/e-solo-linizio-a-marzo-di-nuovo-in-piazza-contro-larruolamento-intervista-a-hannes-kramer\/#breadcrumb\",\"itemListElement\":[{\"@type\":\"ListItem\",\"position\":1,\"name\":\"Accueil\",\"item\":\"https:\/\/www.pressenza.com\/it\/\"},{\"@type\":\"ListItem\",\"position\":2,\"name\":\"\u201cE\u2019 solo l\u2019inizio: a marzo di nuovo in piazza contro l\u2019arruolamento. Intervista a Hannes Kramer\"}]},{\"@type\":\"WebSite\",\"@id\":\"https:\/\/www.pressenza.com\/it\/#website\",\"url\":\"https:\/\/www.pressenza.com\/it\/\",\"name\":\"Pressenza\",\"description\":\"Agenzia di Stampa Internazionale\",\"publisher\":{\"@id\":\"https:\/\/www.pressenza.com\/it\/#organization\"},\"potentialAction\":[{\"@type\":\"SearchAction\",\"target\":{\"@type\":\"EntryPoint\",\"urlTemplate\":\"https:\/\/www.pressenza.com\/it\/?s={search_term_string}\"},\"query-input\":{\"@type\":\"PropertyValueSpecification\",\"valueRequired\":true,\"valueName\":\"search_term_string\"}}],\"inLanguage\":\"it-IT\"},{\"@type\":\"Organization\",\"@id\":\"https:\/\/www.pressenza.com\/it\/#organization\",\"name\":\"Pressenza\",\"url\":\"https:\/\/www.pressenza.com\/it\/\",\"logo\":{\"@type\":\"ImageObject\",\"inLanguage\":\"it-IT\",\"@id\":\"https:\/\/www.pressenza.com\/it\/#\/schema\/logo\/image\/\",\"url\":\"https:\/\/www.pressenza.com\/wp-content\/uploads\/2022\/10\/pressenza_logo_200x200.jpg\",\"contentUrl\":\"https:\/\/www.pressenza.com\/wp-content\/uploads\/2022\/10\/pressenza_logo_200x200.jpg\",\"width\":200,\"height\":200,\"caption\":\"Pressenza\"},\"image\":{\"@id\":\"https:\/\/www.pressenza.com\/it\/#\/schema\/logo\/image\/\"},\"sameAs\":[\"https:\/\/www.facebook.com\/PressenzaItalia\",\"https:\/\/x.com\/PressenzaIPA\"]},{\"@type\":\"Person\",\"@id\":\"https:\/\/www.pressenza.com\/it\/#\/schema\/person\/d983e81827ae24f2c7b1a2123d197f8d\",\"name\":\"Redazione Italia\",\"description\":\"News from the Pressenza Bureau in Italy\",\"sameAs\":[\"https:\/\/www.pressenza.com\/it\/author\/redazione-italia\/\",\"https:\/\/www.facebook.com\/PressenzaItalia\",\"https:\/\/www.instagram.com\/pressenza_italia\/\",\"https:\/\/x.com\/pressenza_it\",\"https:\/\/www.youtube.com\/channel\/UCSalEIWjE1RSxkwjfftFuqg\"],\"url\":\"https:\/\/www.pressenza.com\/it\/author\/redazione-italia\/\"}]}<\/script>\n<!-- \/ Yoast SEO plugin. -->","yoast_head_json":{"title":"\u201cE\u2019 solo l\u2019inizio: a marzo di nuovo in piazza contro l\u2019arruolamento. Intervista a Hannes Kramer","description":"Finalmente qualcuno si \u00e8 mosso. Nella palude dalla quale giovani e lavoratori europei assistono, apparentemente impotenti, al riarmo europeo, al ritorno","robots":{"index":"index","follow":"follow","max-snippet":"max-snippet:-1","max-image-preview":"max-image-preview:large","max-video-preview":"max-video-preview:-1"},"canonical":"https:\/\/www.pressenza.com\/it\/2025\/12\/e-solo-linizio-a-marzo-di-nuovo-in-piazza-contro-larruolamento-intervista-a-hannes-kramer\/","og_locale":"it_IT","og_type":"article","og_title":"\u201cE\u2019 solo l\u2019inizio: a marzo di nuovo in piazza contro l\u2019arruolamento. Intervista a Hannes Kramer","og_description":"Finalmente qualcuno si \u00e8 mosso. Nella palude dalla quale giovani e lavoratori europei assistono, apparentemente impotenti, al riarmo europeo, al ritorno","og_url":"https:\/\/www.pressenza.com\/it\/2025\/12\/e-solo-linizio-a-marzo-di-nuovo-in-piazza-contro-larruolamento-intervista-a-hannes-kramer\/","og_site_name":"Pressenza","article_publisher":"https:\/\/www.facebook.com\/PressenzaItalia","article_author":"https:\/\/www.facebook.com\/PressenzaItalia","article_published_time":"2025-12-07T17:19:03+00:00","article_modified_time":"2025-12-07T17:21:15+00:00","og_image":[{"width":1200,"height":675,"url":"https:\/\/www.pressenza.com\/wp-content\/uploads\/2025\/12\/sciopero-studenti-tedeschi-Gli-stati-generali.jpeg","type":"image\/jpeg"}],"author":"Redazione Italia","twitter_card":"summary_large_image","twitter_creator":"@pressenza_it","twitter_site":"@PressenzaIPA","twitter_misc":{"Scritto da":"Redazione Italia","Tempo di lettura stimato":"5 minuti"},"schema":{"@context":"https:\/\/schema.org","@graph":[{"@type":"Article","@id":"https:\/\/www.pressenza.com\/it\/2025\/12\/e-solo-linizio-a-marzo-di-nuovo-in-piazza-contro-larruolamento-intervista-a-hannes-kramer\/#article","isPartOf":{"@id":"https:\/\/www.pressenza.com\/it\/2025\/12\/e-solo-linizio-a-marzo-di-nuovo-in-piazza-contro-larruolamento-intervista-a-hannes-kramer\/"},"author":{"name":"Redazione Italia","@id":"https:\/\/www.pressenza.com\/it\/#\/schema\/person\/d983e81827ae24f2c7b1a2123d197f8d"},"headline":"\u201cE\u2019 solo l\u2019inizio: a marzo di nuovo in piazza contro l\u2019arruolamento. Intervista a Hannes Kramer","datePublished":"2025-12-07T17:19:03+00:00","dateModified":"2025-12-07T17:21:15+00:00","mainEntityOfPage":{"@id":"https:\/\/www.pressenza.com\/it\/2025\/12\/e-solo-linizio-a-marzo-di-nuovo-in-piazza-contro-larruolamento-intervista-a-hannes-kramer\/"},"wordCount":875,"publisher":{"@id":"https:\/\/www.pressenza.com\/it\/#organization"},"image":{"@id":"https:\/\/www.pressenza.com\/it\/2025\/12\/e-solo-linizio-a-marzo-di-nuovo-in-piazza-contro-larruolamento-intervista-a-hannes-kramer\/#primaryimage"},"thumbnailUrl":"https:\/\/www.pressenza.com\/wp-content\/uploads\/2025\/12\/sciopero-studenti-tedeschi-Gli-stati-generali.jpeg","keywords":["Germania","sciopero studentesco","servizio militare"],"articleSection":["Europa","Giovani","Interviste","Pace e Disarmo"],"inLanguage":"it-IT"},{"@type":"WebPage","@id":"https:\/\/www.pressenza.com\/it\/2025\/12\/e-solo-linizio-a-marzo-di-nuovo-in-piazza-contro-larruolamento-intervista-a-hannes-kramer\/","url":"https:\/\/www.pressenza.com\/it\/2025\/12\/e-solo-linizio-a-marzo-di-nuovo-in-piazza-contro-larruolamento-intervista-a-hannes-kramer\/","name":"\u201cE\u2019 solo l\u2019inizio: a marzo di nuovo in piazza contro l\u2019arruolamento. Intervista a Hannes Kramer","isPartOf":{"@id":"https:\/\/www.pressenza.com\/it\/#website"},"primaryImageOfPage":{"@id":"https:\/\/www.pressenza.com\/it\/2025\/12\/e-solo-linizio-a-marzo-di-nuovo-in-piazza-contro-larruolamento-intervista-a-hannes-kramer\/#primaryimage"},"image":{"@id":"https:\/\/www.pressenza.com\/it\/2025\/12\/e-solo-linizio-a-marzo-di-nuovo-in-piazza-contro-larruolamento-intervista-a-hannes-kramer\/#primaryimage"},"thumbnailUrl":"https:\/\/www.pressenza.com\/wp-content\/uploads\/2025\/12\/sciopero-studenti-tedeschi-Gli-stati-generali.jpeg","datePublished":"2025-12-07T17:19:03+00:00","dateModified":"2025-12-07T17:21:15+00:00","description":"Finalmente qualcuno si \u00e8 mosso. Nella palude dalla quale giovani e lavoratori europei assistono, apparentemente impotenti, al riarmo europeo, al ritorno","breadcrumb":{"@id":"https:\/\/www.pressenza.com\/it\/2025\/12\/e-solo-linizio-a-marzo-di-nuovo-in-piazza-contro-larruolamento-intervista-a-hannes-kramer\/#breadcrumb"},"inLanguage":"it-IT","potentialAction":[{"@type":"ReadAction","target":["https:\/\/www.pressenza.com\/it\/2025\/12\/e-solo-linizio-a-marzo-di-nuovo-in-piazza-contro-larruolamento-intervista-a-hannes-kramer\/"]}]},{"@type":"ImageObject","inLanguage":"it-IT","@id":"https:\/\/www.pressenza.com\/it\/2025\/12\/e-solo-linizio-a-marzo-di-nuovo-in-piazza-contro-larruolamento-intervista-a-hannes-kramer\/#primaryimage","url":"https:\/\/www.pressenza.com\/wp-content\/uploads\/2025\/12\/sciopero-studenti-tedeschi-Gli-stati-generali.jpeg","contentUrl":"https:\/\/www.pressenza.com\/wp-content\/uploads\/2025\/12\/sciopero-studenti-tedeschi-Gli-stati-generali.jpeg","width":1200,"height":675},{"@type":"BreadcrumbList","@id":"https:\/\/www.pressenza.com\/it\/2025\/12\/e-solo-linizio-a-marzo-di-nuovo-in-piazza-contro-larruolamento-intervista-a-hannes-kramer\/#breadcrumb","itemListElement":[{"@type":"ListItem","position":1,"name":"Accueil","item":"https:\/\/www.pressenza.com\/it\/"},{"@type":"ListItem","position":2,"name":"\u201cE\u2019 solo l\u2019inizio: a marzo di nuovo in piazza contro l\u2019arruolamento. Intervista a Hannes Kramer"}]},{"@type":"WebSite","@id":"https:\/\/www.pressenza.com\/it\/#website","url":"https:\/\/www.pressenza.com\/it\/","name":"Pressenza","description":"Agenzia di Stampa Internazionale","publisher":{"@id":"https:\/\/www.pressenza.com\/it\/#organization"},"potentialAction":[{"@type":"SearchAction","target":{"@type":"EntryPoint","urlTemplate":"https:\/\/www.pressenza.com\/it\/?s={search_term_string}"},"query-input":{"@type":"PropertyValueSpecification","valueRequired":true,"valueName":"search_term_string"}}],"inLanguage":"it-IT"},{"@type":"Organization","@id":"https:\/\/www.pressenza.com\/it\/#organization","name":"Pressenza","url":"https:\/\/www.pressenza.com\/it\/","logo":{"@type":"ImageObject","inLanguage":"it-IT","@id":"https:\/\/www.pressenza.com\/it\/#\/schema\/logo\/image\/","url":"https:\/\/www.pressenza.com\/wp-content\/uploads\/2022\/10\/pressenza_logo_200x200.jpg","contentUrl":"https:\/\/www.pressenza.com\/wp-content\/uploads\/2022\/10\/pressenza_logo_200x200.jpg","width":200,"height":200,"caption":"Pressenza"},"image":{"@id":"https:\/\/www.pressenza.com\/it\/#\/schema\/logo\/image\/"},"sameAs":["https:\/\/www.facebook.com\/PressenzaItalia","https:\/\/x.com\/PressenzaIPA"]},{"@type":"Person","@id":"https:\/\/www.pressenza.com\/it\/#\/schema\/person\/d983e81827ae24f2c7b1a2123d197f8d","name":"Redazione Italia","description":"News from the Pressenza Bureau in Italy","sameAs":["https:\/\/www.pressenza.com\/it\/author\/redazione-italia\/","https:\/\/www.facebook.com\/PressenzaItalia","https:\/\/www.instagram.com\/pressenza_italia\/","https:\/\/x.com\/pressenza_it","https:\/\/www.youtube.com\/channel\/UCSalEIWjE1RSxkwjfftFuqg"],"url":"https:\/\/www.pressenza.com\/it\/author\/redazione-italia\/"}]}},"place":"Marco Veruggio","original_article_url":"https:\/\/www.glistatigenerali.com\/europa\/germania\/e-solo-linizio-a-marzo-di-nuovo-in-piazza-contro-larruolamento\/","_links":{"self":[{"href":"https:\/\/www.pressenza.com\/it\/wp-json\/wp\/v2\/posts\/2659310","targetHints":{"allow":["GET"]}}],"collection":[{"href":"https:\/\/www.pressenza.com\/it\/wp-json\/wp\/v2\/posts"}],"about":[{"href":"https:\/\/www.pressenza.com\/it\/wp-json\/wp\/v2\/types\/post"}],"author":[{"embeddable":true,"href":"https:\/\/www.pressenza.com\/it\/wp-json\/wp\/v2\/users\/594"}],"replies":[{"embeddable":true,"href":"https:\/\/www.pressenza.com\/it\/wp-json\/wp\/v2\/comments?post=2659310"}],"version-history":[{"count":1,"href":"https:\/\/www.pressenza.com\/it\/wp-json\/wp\/v2\/posts\/2659310\/revisions"}],"predecessor-version":[{"id":2659329,"href":"https:\/\/www.pressenza.com\/it\/wp-json\/wp\/v2\/posts\/2659310\/revisions\/2659329"}],"wp:featuredmedia":[{"embeddable":true,"href":"https:\/\/www.pressenza.com\/it\/wp-json\/wp\/v2\/media\/2659313"}],"wp:attachment":[{"href":"https:\/\/www.pressenza.com\/it\/wp-json\/wp\/v2\/media?parent=2659310"}],"wp:term":[{"taxonomy":"category","embeddable":true,"href":"https:\/\/www.pressenza.com\/it\/wp-json\/wp\/v2\/categories?post=2659310"},{"taxonomy":"post_tag","embeddable":true,"href":"https:\/\/www.pressenza.com\/it\/wp-json\/wp\/v2\/tags?post=2659310"}],"curies":[{"name":"wp","href":"https:\/\/api.w.org\/{rel}","templated":true}]}}