{"id":2657648,"date":"2025-12-01T19:49:42","date_gmt":"2025-12-01T19:49:42","guid":{"rendered":"https:\/\/www.pressenza.com\/?p=2657648"},"modified":"2025-12-01T19:51:30","modified_gmt":"2025-12-01T19:51:30","slug":"bologna-no-al-corso-per-i-cadetti-dellesercito","status":"publish","type":"post","link":"https:\/\/www.pressenza.com\/it\/2025\/12\/bologna-no-al-corso-per-i-cadetti-dellesercito\/","title":{"rendered":"Bologna: No al corso per i cadetti dell\u2019Esercito"},"content":{"rendered":"<p>L\u2019Universit\u00e0 di <strong>Bologna <\/strong>\u00e8 nell\u2019occhio del ciclone per le recenti polemiche a mezzo stampa che toccano il tema dei rapporti tra mondo accademico e forze armate. La questione riguarda un corso di filosofia pensato esclusivamente per una quindicina di cadetti dell\u2019Accademia militare di Modena, una proposta che il Dipartimento di Filosofia ha deciso di respingere.<\/p>\n<p>Il generale <strong>Carmine Masiello<\/strong>, capo di Stato maggiore dell\u2019Esercito, ha criticato pubblicamente la decisione, lamentando che l\u2019ateneo non voglia accogliere gli allievi militari. Mentre la ministra Bernini ha fatto eco parlando di una \u201crinuncia a missione formativa\u201d.<\/p>\n<p>In realt\u00e0, la mancata attivazione del corso di studio dedicato non esclude in s\u00e9 e per s\u00e9 i cadetti dalla formazione universitaria: questi possono infatti iscriversi ai corsi gi\u00e0 attivi presso l\u2019Ateneo. La scelta del dipartimento mira, invece, a difendere l\u2019autonomia dell\u2019universit\u00e0 e a evitare che risorse e programmi di studio vengano piegati a finalit\u00e0 militari o propagandistiche. Masiello stesso aveva parlato della necessit\u00e0 di sviluppare \u201c<em><strong>linguaggi e tecniche di persuasione<\/strong><\/em>\u201d, chiarendo cos\u00ec la natura selettiva e strumentale del nuovo percorso di studio.<\/p>\n<p>Non si tratta di pregiudizio: la decisione riflette una scelta etica, sostenuta anche dagli studenti, dalle studentesse e dal personale universitario che hanno ampiamente aderito agli scioperi contro guerre e per l\u2019autodeterminazione del popolo palestinese.<\/p>\n<p>In un contesto di universit\u00e0 sottofinanziate, attivare un corso di studio per un numero cos\u00ec esiguo di studenti \u00e8 inconfutabilmente uno spreco di risorse pubbliche. Se poi pensiamo al fatto che migliaia di ricercatori precari stanno per essere espulsi dagli Atenei italiani a causa della scadenza dei loro contratti e per mezzo delle riforme volute della Ministra stessa, siamo al cospetto di una disfunzione davvero singolare: una ricerca a tempo determinato per tutte\/i, contro la proposta di un nuovo corso destinato a essere replicato per anni, solo per pochi privilegiati.<\/p>\n<p>Il caso ha messo in luce rischi pi\u00f9 ampi: la pressione politica o finanziaria non dovrebbe mai determinare l\u2019offerta formativa di un Ateneo. Il tentativo di ignorare le esigenze interne per soddisfare i desiderata politici del momento, minaccia la libert\u00e0 accademica e l\u2019autonomia universitaria.<\/p>\n<p>La decisione del dipartimento di Filosofia va sostenuta. Si tratta infatti di un atto di responsabilit\u00e0: le universit\u00e0 devono concentrarsi su ricerca, didattica ordinaria e diritto allo studio, non su percorsi pensati per \u00e9lite ristrette. Difendere questa scelta significa tutelare il sapere come bene comune e proteggere l\u2019universit\u00e0 dai privilegi e dalle logiche di potere nonch\u00e9 agire contro la militarizzazione delle universit\u00e0.<\/p>\n<p><strong><em>Osservatorio contro la militarizzazione delle scuole e delle universit\u00e0<\/em><\/strong><\/p>\n","protected":false},"excerpt":{"rendered":"<p>L\u2019Universit\u00e0 di Bologna \u00e8 nell\u2019occhio del ciclone per le recenti polemiche a mezzo stampa che toccano il tema dei rapporti tra mondo accademico e forze armate. La questione riguarda un corso di filosofia pensato esclusivamente per una quindicina di cadetti&hellip;<\/p>\n","protected":false},"author":2442,"featured_media":2657664,"comment_status":"closed","ping_status":"closed","sticky":false,"template":"","format":"standard","meta":{"footnotes":""},"categories":[150,1263],"tags":[5118,147437,129259,2808],"class_list":["post-2657648","post","type-post","status-publish","format-standard","has-post-thumbnail","hentry","category-comunicati-stampa","category-pace-disarmo","tag-bologna","tag-cadetti","tag-generale-carmine-masiello","tag-universita"],"yoast_head":"<!-- This site is optimized with the Yoast SEO plugin v27.1.1 - https:\/\/yoast.com\/product\/yoast-seo-wordpress\/ -->\n<title>Bologna: No al corso per i cadetti dell\u2019Esercito<\/title>\n<meta name=\"description\" content=\"L\u2019Universit\u00e0 di Bologna \u00e8 nell\u2019occhio del ciclone per le recenti polemiche a mezzo stampa che toccano il tema dei rapporti tra mondo accademico e forze\" \/>\n<meta name=\"robots\" content=\"index, follow, max-snippet:-1, max-image-preview:large, max-video-preview:-1\" \/>\n<link rel=\"canonical\" href=\"https:\/\/www.pressenza.com\/it\/2025\/12\/bologna-no-al-corso-per-i-cadetti-dellesercito\/\" \/>\n<meta property=\"og:locale\" content=\"it_IT\" \/>\n<meta property=\"og:type\" content=\"article\" \/>\n<meta property=\"og:title\" content=\"Bologna: No al corso per i cadetti dell\u2019Esercito\" \/>\n<meta property=\"og:description\" content=\"L\u2019Universit\u00e0 di Bologna \u00e8 nell\u2019occhio del ciclone per le recenti polemiche a mezzo stampa che toccano il tema dei rapporti tra mondo accademico e forze\" \/>\n<meta property=\"og:url\" content=\"https:\/\/www.pressenza.com\/it\/2025\/12\/bologna-no-al-corso-per-i-cadetti-dellesercito\/\" \/>\n<meta property=\"og:site_name\" content=\"Pressenza\" \/>\n<meta property=\"article:publisher\" content=\"https:\/\/www.facebook.com\/PressenzaItalia\" \/>\n<meta property=\"article:author\" content=\"https:\/\/www.facebook.com\/OsservatorioNOMS\" \/>\n<meta property=\"article:published_time\" content=\"2025-12-01T19:49:42+00:00\" \/>\n<meta property=\"article:modified_time\" content=\"2025-12-01T19:51:30+00:00\" \/>\n<meta property=\"og:image\" content=\"https:\/\/www.pressenza.com\/wp-content\/uploads\/2025\/12\/0ff6c51e-ad98-4afb-abb0-6eba9bd7d1fd-e1764603844915.webp\" \/>\n\t<meta property=\"og:image:width\" content=\"750\" \/>\n\t<meta property=\"og:image:height\" content=\"246\" \/>\n\t<meta property=\"og:image:type\" content=\"image\/webp\" \/>\n<meta name=\"author\" content=\"Osservatorio contro la militarizzazione delle scuole e delle universit\u00e0\" \/>\n<meta name=\"twitter:card\" content=\"summary_large_image\" \/>\n<meta name=\"twitter:creator\" content=\"@ossnomiliscuole\" \/>\n<meta name=\"twitter:site\" content=\"@PressenzaIPA\" \/>\n<meta name=\"twitter:label1\" content=\"Scritto da\" \/>\n\t<meta name=\"twitter:data1\" content=\"Osservatorio contro la militarizzazione delle scuole e delle universit\u00e0\" \/>\n\t<meta name=\"twitter:label2\" content=\"Tempo di lettura stimato\" \/>\n\t<meta name=\"twitter:data2\" content=\"3 minuti\" \/>\n<script type=\"application\/ld+json\" class=\"yoast-schema-graph\">{\"@context\":\"https:\/\/schema.org\",\"@graph\":[{\"@type\":\"Article\",\"@id\":\"https:\/\/www.pressenza.com\/it\/2025\/12\/bologna-no-al-corso-per-i-cadetti-dellesercito\/#article\",\"isPartOf\":{\"@id\":\"https:\/\/www.pressenza.com\/it\/2025\/12\/bologna-no-al-corso-per-i-cadetti-dellesercito\/\"},\"author\":{\"name\":\"Osservatorio contro la militarizzazione delle scuole e delle universit\u00e0\",\"@id\":\"https:\/\/www.pressenza.com\/it\/#\/schema\/person\/fdf1ddd63c086a63e7faf4c9680c82e8\"},\"headline\":\"Bologna: No al corso per i cadetti dell\u2019Esercito\",\"datePublished\":\"2025-12-01T19:49:42+00:00\",\"dateModified\":\"2025-12-01T19:51:30+00:00\",\"mainEntityOfPage\":{\"@id\":\"https:\/\/www.pressenza.com\/it\/2025\/12\/bologna-no-al-corso-per-i-cadetti-dellesercito\/\"},\"wordCount\":435,\"publisher\":{\"@id\":\"https:\/\/www.pressenza.com\/it\/#organization\"},\"image\":{\"@id\":\"https:\/\/www.pressenza.com\/it\/2025\/12\/bologna-no-al-corso-per-i-cadetti-dellesercito\/#primaryimage\"},\"thumbnailUrl\":\"https:\/\/www.pressenza.com\/wp-content\/uploads\/2025\/12\/0ff6c51e-ad98-4afb-abb0-6eba9bd7d1fd-e1764603844915.webp\",\"keywords\":[\"Bologna\",\"cadetti\",\"generale Carmine Masiello\",\"universit\u00e0\"],\"articleSection\":[\"Comunicati Stampa\",\"Pace e Disarmo\"],\"inLanguage\":\"it-IT\"},{\"@type\":\"WebPage\",\"@id\":\"https:\/\/www.pressenza.com\/it\/2025\/12\/bologna-no-al-corso-per-i-cadetti-dellesercito\/\",\"url\":\"https:\/\/www.pressenza.com\/it\/2025\/12\/bologna-no-al-corso-per-i-cadetti-dellesercito\/\",\"name\":\"Bologna: No al corso per i cadetti dell\u2019Esercito\",\"isPartOf\":{\"@id\":\"https:\/\/www.pressenza.com\/it\/#website\"},\"primaryImageOfPage\":{\"@id\":\"https:\/\/www.pressenza.com\/it\/2025\/12\/bologna-no-al-corso-per-i-cadetti-dellesercito\/#primaryimage\"},\"image\":{\"@id\":\"https:\/\/www.pressenza.com\/it\/2025\/12\/bologna-no-al-corso-per-i-cadetti-dellesercito\/#primaryimage\"},\"thumbnailUrl\":\"https:\/\/www.pressenza.com\/wp-content\/uploads\/2025\/12\/0ff6c51e-ad98-4afb-abb0-6eba9bd7d1fd-e1764603844915.webp\",\"datePublished\":\"2025-12-01T19:49:42+00:00\",\"dateModified\":\"2025-12-01T19:51:30+00:00\",\"description\":\"L\u2019Universit\u00e0 di Bologna \u00e8 nell\u2019occhio del ciclone per le recenti polemiche a mezzo stampa che toccano il tema dei rapporti tra mondo accademico e forze\",\"breadcrumb\":{\"@id\":\"https:\/\/www.pressenza.com\/it\/2025\/12\/bologna-no-al-corso-per-i-cadetti-dellesercito\/#breadcrumb\"},\"inLanguage\":\"it-IT\",\"potentialAction\":[{\"@type\":\"ReadAction\",\"target\":[\"https:\/\/www.pressenza.com\/it\/2025\/12\/bologna-no-al-corso-per-i-cadetti-dellesercito\/\"]}]},{\"@type\":\"ImageObject\",\"inLanguage\":\"it-IT\",\"@id\":\"https:\/\/www.pressenza.com\/it\/2025\/12\/bologna-no-al-corso-per-i-cadetti-dellesercito\/#primaryimage\",\"url\":\"https:\/\/www.pressenza.com\/wp-content\/uploads\/2025\/12\/0ff6c51e-ad98-4afb-abb0-6eba9bd7d1fd-e1764603844915.webp\",\"contentUrl\":\"https:\/\/www.pressenza.com\/wp-content\/uploads\/2025\/12\/0ff6c51e-ad98-4afb-abb0-6eba9bd7d1fd-e1764603844915.webp\",\"width\":750,\"height\":246,\"caption\":\"di Osservatorio per monitorare e denunciare l'attivit\u00e0 di militarizzazione nelle scuole e nelle universit\u00e0\"},{\"@type\":\"BreadcrumbList\",\"@id\":\"https:\/\/www.pressenza.com\/it\/2025\/12\/bologna-no-al-corso-per-i-cadetti-dellesercito\/#breadcrumb\",\"itemListElement\":[{\"@type\":\"ListItem\",\"position\":1,\"name\":\"Accueil\",\"item\":\"https:\/\/www.pressenza.com\/it\/\"},{\"@type\":\"ListItem\",\"position\":2,\"name\":\"Bologna: No al corso per i cadetti dell\u2019Esercito\"}]},{\"@type\":\"WebSite\",\"@id\":\"https:\/\/www.pressenza.com\/it\/#website\",\"url\":\"https:\/\/www.pressenza.com\/it\/\",\"name\":\"Pressenza\",\"description\":\"Agenzia di Stampa Internazionale\",\"publisher\":{\"@id\":\"https:\/\/www.pressenza.com\/it\/#organization\"},\"potentialAction\":[{\"@type\":\"SearchAction\",\"target\":{\"@type\":\"EntryPoint\",\"urlTemplate\":\"https:\/\/www.pressenza.com\/it\/?s={search_term_string}\"},\"query-input\":{\"@type\":\"PropertyValueSpecification\",\"valueRequired\":true,\"valueName\":\"search_term_string\"}}],\"inLanguage\":\"it-IT\"},{\"@type\":\"Organization\",\"@id\":\"https:\/\/www.pressenza.com\/it\/#organization\",\"name\":\"Pressenza\",\"url\":\"https:\/\/www.pressenza.com\/it\/\",\"logo\":{\"@type\":\"ImageObject\",\"inLanguage\":\"it-IT\",\"@id\":\"https:\/\/www.pressenza.com\/it\/#\/schema\/logo\/image\/\",\"url\":\"https:\/\/www.pressenza.com\/wp-content\/uploads\/2022\/10\/pressenza_logo_200x200.jpg\",\"contentUrl\":\"https:\/\/www.pressenza.com\/wp-content\/uploads\/2022\/10\/pressenza_logo_200x200.jpg\",\"width\":200,\"height\":200,\"caption\":\"Pressenza\"},\"image\":{\"@id\":\"https:\/\/www.pressenza.com\/it\/#\/schema\/logo\/image\/\"},\"sameAs\":[\"https:\/\/www.facebook.com\/PressenzaItalia\",\"https:\/\/x.com\/PressenzaIPA\"]},{\"@type\":\"Person\",\"@id\":\"https:\/\/www.pressenza.com\/it\/#\/schema\/person\/fdf1ddd63c086a63e7faf4c9680c82e8\",\"name\":\"Osservatorio contro la militarizzazione delle scuole e delle universit\u00e0\",\"description\":\"L\u2019Osservatorio contro la militarizzazione delle scuole e delle universit\u00e0 nasce per monitorare e denunciare l\u2019attivit\u00e0 di militarizzazione nelle scuole e, in un secondo momento, anche delle universit\u00e0. L\u2019iniziativa \u00e8 nata in seguito ad una serie di convegni promossi dal CESP (Centro Studi per la Scuola Pubblica), finalizzati a denunciare il costante incremento delle spese militari e della circolazione di armi in un contesto internazionale nel quale la guerra nucleare pi\u00f9 che mai si profila purtroppo come possibile nefasto orizzonte. Fanno parte dell\u2019Osservatorio contro la militarizzazione delle scuole e delle universit\u00e0 numerose associazioni e singole persone.\",\"sameAs\":[\"https:\/\/osservatorionomilscuola.com\/\",\"https:\/\/www.facebook.com\/OsservatorioNOMS\",\"https:\/\/www.instagram.com\/osservatorionomili\/\",\"https:\/\/x.com\/ossnomiliscuole\"],\"url\":\"https:\/\/www.pressenza.com\/it\/author\/oss_mil_scuole\/\"}]}<\/script>\n<!-- \/ Yoast SEO plugin. -->","yoast_head_json":{"title":"Bologna: No al corso per i cadetti dell\u2019Esercito","description":"L\u2019Universit\u00e0 di Bologna \u00e8 nell\u2019occhio del ciclone per le recenti polemiche a mezzo stampa che toccano il tema dei rapporti tra mondo accademico e forze","robots":{"index":"index","follow":"follow","max-snippet":"max-snippet:-1","max-image-preview":"max-image-preview:large","max-video-preview":"max-video-preview:-1"},"canonical":"https:\/\/www.pressenza.com\/it\/2025\/12\/bologna-no-al-corso-per-i-cadetti-dellesercito\/","og_locale":"it_IT","og_type":"article","og_title":"Bologna: No al corso per i cadetti dell\u2019Esercito","og_description":"L\u2019Universit\u00e0 di Bologna \u00e8 nell\u2019occhio del ciclone per le recenti polemiche a mezzo stampa che toccano il tema dei rapporti tra mondo accademico e forze","og_url":"https:\/\/www.pressenza.com\/it\/2025\/12\/bologna-no-al-corso-per-i-cadetti-dellesercito\/","og_site_name":"Pressenza","article_publisher":"https:\/\/www.facebook.com\/PressenzaItalia","article_author":"https:\/\/www.facebook.com\/OsservatorioNOMS","article_published_time":"2025-12-01T19:49:42+00:00","article_modified_time":"2025-12-01T19:51:30+00:00","og_image":[{"width":750,"height":246,"url":"https:\/\/www.pressenza.com\/wp-content\/uploads\/2025\/12\/0ff6c51e-ad98-4afb-abb0-6eba9bd7d1fd-e1764603844915.webp","type":"image\/webp"}],"author":"Osservatorio contro la militarizzazione delle scuole e delle universit\u00e0","twitter_card":"summary_large_image","twitter_creator":"@ossnomiliscuole","twitter_site":"@PressenzaIPA","twitter_misc":{"Scritto da":"Osservatorio contro la militarizzazione delle scuole e delle universit\u00e0","Tempo di lettura stimato":"3 minuti"},"schema":{"@context":"https:\/\/schema.org","@graph":[{"@type":"Article","@id":"https:\/\/www.pressenza.com\/it\/2025\/12\/bologna-no-al-corso-per-i-cadetti-dellesercito\/#article","isPartOf":{"@id":"https:\/\/www.pressenza.com\/it\/2025\/12\/bologna-no-al-corso-per-i-cadetti-dellesercito\/"},"author":{"name":"Osservatorio contro la militarizzazione delle scuole e delle universit\u00e0","@id":"https:\/\/www.pressenza.com\/it\/#\/schema\/person\/fdf1ddd63c086a63e7faf4c9680c82e8"},"headline":"Bologna: No al corso per i cadetti dell\u2019Esercito","datePublished":"2025-12-01T19:49:42+00:00","dateModified":"2025-12-01T19:51:30+00:00","mainEntityOfPage":{"@id":"https:\/\/www.pressenza.com\/it\/2025\/12\/bologna-no-al-corso-per-i-cadetti-dellesercito\/"},"wordCount":435,"publisher":{"@id":"https:\/\/www.pressenza.com\/it\/#organization"},"image":{"@id":"https:\/\/www.pressenza.com\/it\/2025\/12\/bologna-no-al-corso-per-i-cadetti-dellesercito\/#primaryimage"},"thumbnailUrl":"https:\/\/www.pressenza.com\/wp-content\/uploads\/2025\/12\/0ff6c51e-ad98-4afb-abb0-6eba9bd7d1fd-e1764603844915.webp","keywords":["Bologna","cadetti","generale Carmine Masiello","universit\u00e0"],"articleSection":["Comunicati Stampa","Pace e Disarmo"],"inLanguage":"it-IT"},{"@type":"WebPage","@id":"https:\/\/www.pressenza.com\/it\/2025\/12\/bologna-no-al-corso-per-i-cadetti-dellesercito\/","url":"https:\/\/www.pressenza.com\/it\/2025\/12\/bologna-no-al-corso-per-i-cadetti-dellesercito\/","name":"Bologna: No al corso per i cadetti dell\u2019Esercito","isPartOf":{"@id":"https:\/\/www.pressenza.com\/it\/#website"},"primaryImageOfPage":{"@id":"https:\/\/www.pressenza.com\/it\/2025\/12\/bologna-no-al-corso-per-i-cadetti-dellesercito\/#primaryimage"},"image":{"@id":"https:\/\/www.pressenza.com\/it\/2025\/12\/bologna-no-al-corso-per-i-cadetti-dellesercito\/#primaryimage"},"thumbnailUrl":"https:\/\/www.pressenza.com\/wp-content\/uploads\/2025\/12\/0ff6c51e-ad98-4afb-abb0-6eba9bd7d1fd-e1764603844915.webp","datePublished":"2025-12-01T19:49:42+00:00","dateModified":"2025-12-01T19:51:30+00:00","description":"L\u2019Universit\u00e0 di Bologna \u00e8 nell\u2019occhio del ciclone per le recenti polemiche a mezzo stampa che toccano il tema dei rapporti tra mondo accademico e forze","breadcrumb":{"@id":"https:\/\/www.pressenza.com\/it\/2025\/12\/bologna-no-al-corso-per-i-cadetti-dellesercito\/#breadcrumb"},"inLanguage":"it-IT","potentialAction":[{"@type":"ReadAction","target":["https:\/\/www.pressenza.com\/it\/2025\/12\/bologna-no-al-corso-per-i-cadetti-dellesercito\/"]}]},{"@type":"ImageObject","inLanguage":"it-IT","@id":"https:\/\/www.pressenza.com\/it\/2025\/12\/bologna-no-al-corso-per-i-cadetti-dellesercito\/#primaryimage","url":"https:\/\/www.pressenza.com\/wp-content\/uploads\/2025\/12\/0ff6c51e-ad98-4afb-abb0-6eba9bd7d1fd-e1764603844915.webp","contentUrl":"https:\/\/www.pressenza.com\/wp-content\/uploads\/2025\/12\/0ff6c51e-ad98-4afb-abb0-6eba9bd7d1fd-e1764603844915.webp","width":750,"height":246,"caption":"di Osservatorio per monitorare e denunciare l'attivit\u00e0 di militarizzazione nelle scuole e nelle universit\u00e0"},{"@type":"BreadcrumbList","@id":"https:\/\/www.pressenza.com\/it\/2025\/12\/bologna-no-al-corso-per-i-cadetti-dellesercito\/#breadcrumb","itemListElement":[{"@type":"ListItem","position":1,"name":"Accueil","item":"https:\/\/www.pressenza.com\/it\/"},{"@type":"ListItem","position":2,"name":"Bologna: No al corso per i cadetti dell\u2019Esercito"}]},{"@type":"WebSite","@id":"https:\/\/www.pressenza.com\/it\/#website","url":"https:\/\/www.pressenza.com\/it\/","name":"Pressenza","description":"Agenzia di Stampa Internazionale","publisher":{"@id":"https:\/\/www.pressenza.com\/it\/#organization"},"potentialAction":[{"@type":"SearchAction","target":{"@type":"EntryPoint","urlTemplate":"https:\/\/www.pressenza.com\/it\/?s={search_term_string}"},"query-input":{"@type":"PropertyValueSpecification","valueRequired":true,"valueName":"search_term_string"}}],"inLanguage":"it-IT"},{"@type":"Organization","@id":"https:\/\/www.pressenza.com\/it\/#organization","name":"Pressenza","url":"https:\/\/www.pressenza.com\/it\/","logo":{"@type":"ImageObject","inLanguage":"it-IT","@id":"https:\/\/www.pressenza.com\/it\/#\/schema\/logo\/image\/","url":"https:\/\/www.pressenza.com\/wp-content\/uploads\/2022\/10\/pressenza_logo_200x200.jpg","contentUrl":"https:\/\/www.pressenza.com\/wp-content\/uploads\/2022\/10\/pressenza_logo_200x200.jpg","width":200,"height":200,"caption":"Pressenza"},"image":{"@id":"https:\/\/www.pressenza.com\/it\/#\/schema\/logo\/image\/"},"sameAs":["https:\/\/www.facebook.com\/PressenzaItalia","https:\/\/x.com\/PressenzaIPA"]},{"@type":"Person","@id":"https:\/\/www.pressenza.com\/it\/#\/schema\/person\/fdf1ddd63c086a63e7faf4c9680c82e8","name":"Osservatorio contro la militarizzazione delle scuole e delle universit\u00e0","description":"L\u2019Osservatorio contro la militarizzazione delle scuole e delle universit\u00e0 nasce per monitorare e denunciare l\u2019attivit\u00e0 di militarizzazione nelle scuole e, in un secondo momento, anche delle universit\u00e0. L\u2019iniziativa \u00e8 nata in seguito ad una serie di convegni promossi dal CESP (Centro Studi per la Scuola Pubblica), finalizzati a denunciare il costante incremento delle spese militari e della circolazione di armi in un contesto internazionale nel quale la guerra nucleare pi\u00f9 che mai si profila purtroppo come possibile nefasto orizzonte. Fanno parte dell\u2019Osservatorio contro la militarizzazione delle scuole e delle universit\u00e0 numerose associazioni e singole persone.","sameAs":["https:\/\/osservatorionomilscuola.com\/","https:\/\/www.facebook.com\/OsservatorioNOMS","https:\/\/www.instagram.com\/osservatorionomili\/","https:\/\/x.com\/ossnomiliscuole"],"url":"https:\/\/www.pressenza.com\/it\/author\/oss_mil_scuole\/"}]}},"place":"","original_article_url":"","_links":{"self":[{"href":"https:\/\/www.pressenza.com\/it\/wp-json\/wp\/v2\/posts\/2657648","targetHints":{"allow":["GET"]}}],"collection":[{"href":"https:\/\/www.pressenza.com\/it\/wp-json\/wp\/v2\/posts"}],"about":[{"href":"https:\/\/www.pressenza.com\/it\/wp-json\/wp\/v2\/types\/post"}],"author":[{"embeddable":true,"href":"https:\/\/www.pressenza.com\/it\/wp-json\/wp\/v2\/users\/2442"}],"replies":[{"embeddable":true,"href":"https:\/\/www.pressenza.com\/it\/wp-json\/wp\/v2\/comments?post=2657648"}],"version-history":[{"count":1,"href":"https:\/\/www.pressenza.com\/it\/wp-json\/wp\/v2\/posts\/2657648\/revisions"}],"predecessor-version":[{"id":2657667,"href":"https:\/\/www.pressenza.com\/it\/wp-json\/wp\/v2\/posts\/2657648\/revisions\/2657667"}],"wp:featuredmedia":[{"embeddable":true,"href":"https:\/\/www.pressenza.com\/it\/wp-json\/wp\/v2\/media\/2657664"}],"wp:attachment":[{"href":"https:\/\/www.pressenza.com\/it\/wp-json\/wp\/v2\/media?parent=2657648"}],"wp:term":[{"taxonomy":"category","embeddable":true,"href":"https:\/\/www.pressenza.com\/it\/wp-json\/wp\/v2\/categories?post=2657648"},{"taxonomy":"post_tag","embeddable":true,"href":"https:\/\/www.pressenza.com\/it\/wp-json\/wp\/v2\/tags?post=2657648"}],"curies":[{"name":"wp","href":"https:\/\/api.w.org\/{rel}","templated":true}]}}