{"id":2656154,"date":"2025-11-26T15:16:51","date_gmt":"2025-11-26T15:16:51","guid":{"rendered":"https:\/\/www.pressenza.com\/?p=2656154"},"modified":"2026-01-05T14:50:35","modified_gmt":"2026-01-05T14:50:35","slug":"dove-finiscono-i-nostri-dispositivi-digitali","status":"publish","type":"post","link":"https:\/\/www.pressenza.com\/it\/2025\/11\/dove-finiscono-i-nostri-dispositivi-digitali\/","title":{"rendered":"Dove finiscono i nostri dispositivi digitali?"},"content":{"rendered":"<p>C\u2019\u00e8 un rumore che non si sente, ma che accompagna ogni nostro gesto digitale: quello delle terre rare, dei minerali nascosti nei circuiti che illuminano i nostri schermi. \u00c8 un\u2019eco lontana, che dal cuore dell\u2019Africa arriva fino alle nostre valli. Oggi, in Valle Trompia nella provincia di Brescia, quella domanda silenziosa trova una risposta concreta: un nuovo punto di raccolta per la campagna <strong>TERRE RARE<\/strong>, nella bottega del mondo della cooperativa Karibu a Gardone Val Trompia, dove un gesto semplice \u2013 consegnare un cellulare guasto \u2013 diventa un atto ambientale, culturale e umano.<\/p>\n<p><strong>Un progetto globale che mette radici locali<\/strong><\/p>\n<p>La campagna, ideata dal <strong>Jane Goodall Institute<\/strong> e promossa nel Bresciano da <em>5R Zero Sprechi<\/em>, porta con s\u00e9 un\u2019eredit\u00e0 pesante: quella di Jane Goodall, l\u2019etologa che ha trasformato lo studio della natura in una forma di rispetto attivo. Il nuovo desk si aggiunge ai punti gi\u00e0 attivi a Lumezzane, Sarezzo e Villa Carcina, contribuendo a un mosaico solidale che ora conta <strong>17 stazioni di raccolta<\/strong> in tutta la provincia, molte ospitate in biblioteche e spazi comunitari.<\/p>\n<p>Il progetto ha anche il patrocinio di UNICEF Brescia, rafforzando il legame tra sostenibilit\u00e0 ambientale e diritti dell\u2019infanzia.<\/p>\n<p><strong>Il viaggio nascosto dei rifiuti elettronici<\/strong><\/p>\n<p>La raccolta non \u00e8 fine a s\u00e9 stessa: tablet e cellulari irrecuperabili vengono smontati, i metalli estratti e riutilizzati per dare vita a nuovi dispositivi rigenerati.<br \/>\nAd oggi, la provincia di Brescia ha gi\u00e0 conferito <strong>circa 300 kg<\/strong> di materiale elettronico. Dietro quei numeri c\u2019\u00e8 una storia complessa, che coinvolge sfruttamento minerario, lavoro minorile e tonnellate di rifiuti difficili da trattare.<\/p>\n<p>Per questo le scuole del territorio hanno iniziato percorsi di sensibilizzazione: parlare di ci\u00f2 che c\u2019\u00e8 dietro un semplice smartphone \u00e8 il primo passo per ridurne l\u2019impatto.<\/p>\n<p>&nbsp;<\/p>\n<p><img loading=\"lazy\" decoding=\"async\" class=\"alignnone  wp-image-2656156 aligncenter\" src=\"https:\/\/www.pressenza.com\/wp-content\/uploads\/2025\/11\/Fotografie-darchivio-5rzerosprechi-300x167.jpg\" alt=\"\" width=\"638\" height=\"355\" srcset=\"https:\/\/www.pressenza.com\/wp-content\/uploads\/2025\/11\/Fotografie-darchivio-5rzerosprechi-300x167.jpg 300w, https:\/\/www.pressenza.com\/wp-content\/uploads\/2025\/11\/Fotografie-darchivio-5rzerosprechi.jpg 587w\" sizes=\"auto, (max-width: 638px) 100vw, 638px\" \/><\/p>\n<p style=\"text-align: center;\"><em>Fotografie d\u2019archivio 5rzerosprechi<\/em><\/p>\n<p>&nbsp;<\/p>\n<p><strong>Un ponte con la Tanzania<\/strong><\/p>\n<p>Il ricavato della campagna sostiene un orfanotrofio in Tanzania legato al Jane Goodall Institute. Mentre i nostri dispositivi esauriti trovano una seconda vita, quella filiera circolare si trasforma in aiuto concreto: meno rifiuti per noi, pi\u00f9 opportunit\u00e0 per chi vive in condizioni fragili.<br \/>\n\u00c8 un equilibrio di responsabilit\u00e0 che va oltre l\u2019ambiente e tocca direttamente la giustizia sociale.<\/p>\n<p><strong>L\u2019inizio simbolico di un percorso<\/strong><\/p>\n<p>L\u2019inaugurazione del nuovo desk si \u00e8 svolta <strong>il 22 novembre<\/strong>. Un momento in cui cittadini, volontari e istituzioni hanno potuto consegnare simbolicamente i primi apparecchi non riparabili, inaugurando ufficialmente la raccolta a Gardone.<\/p>\n<p>Un piccolo rito collettivo, un modo per prendere coscienza che anche gli oggetti pi\u00f9 comuni \u2013 quelli che dimentichiamo in un cassetto \u2013 hanno un costo ambientale e umano. Inoltre il 6 dicembre \u00e8 prevista l\u2019apertura di un punto raccolta, anche a Ome.<\/p>\n<p>La campagna TERRE RARE ricorda che la sostenibilit\u00e0 non nasce da gesti eroici, ma da una somma di scelte quotidiane. Ogni dispositivo recuperato \u00e8 un frammento di mondo sottratto allo spreco, un pezzo della storia che potr\u00e0 ricominciare altrove.<\/p>\n<p>Come recita il motto dell\u2019iniziativa:<br \/>\n<strong>\u201cSe tutt\u0259 facciamo poco, insieme possiamo fare molto.\u201d<\/strong><\/p>\n<p>&nbsp;<\/p>\n","protected":false},"excerpt":{"rendered":"<p>C\u2019\u00e8 un rumore che non si sente, ma che accompagna ogni nostro gesto digitale: quello delle terre rare, dei minerali nascosti nei circuiti che illuminano i nostri schermi. \u00c8 un\u2019eco lontana, che dal cuore dell\u2019Africa arriva fino alle nostre valli.&hellip;<\/p>\n","protected":false},"author":2492,"featured_media":2656157,"comment_status":"closed","ping_status":"closed","sticky":false,"template":"","format":"standard","meta":{"footnotes":""},"categories":[59,47,496],"tags":[147152,147153],"class_list":["post-2656154","post","type-post","status-publish","format-standard","has-post-thumbnail","hentry","category-ambiente-ecologia","category-europa","category-scienza-tecnologia","tag-dispositivi-digitali","tag-jane-goodall"],"yoast_head":"<!-- This site is optimized with the Yoast SEO plugin v27.1.1 - https:\/\/yoast.com\/product\/yoast-seo-wordpress\/ -->\n<title>Dove finiscono i nostri dispositivi digitali?<\/title>\n<meta name=\"description\" content=\"C\u2019\u00e8 un rumore che non si sente, ma che accompagna ogni nostro gesto digitale: quello delle terre rare, dei minerali nascosti nei circuiti che illuminano i\" \/>\n<meta name=\"robots\" content=\"index, follow, max-snippet:-1, max-image-preview:large, max-video-preview:-1\" \/>\n<link rel=\"canonical\" href=\"https:\/\/www.pressenza.com\/it\/2025\/11\/dove-finiscono-i-nostri-dispositivi-digitali\/\" \/>\n<meta property=\"og:locale\" content=\"it_IT\" \/>\n<meta property=\"og:type\" content=\"article\" \/>\n<meta property=\"og:title\" content=\"Dove finiscono i nostri dispositivi digitali?\" \/>\n<meta property=\"og:description\" content=\"C\u2019\u00e8 un rumore che non si sente, ma che accompagna ogni nostro gesto digitale: quello delle terre rare, dei minerali nascosti nei circuiti che illuminano i\" \/>\n<meta property=\"og:url\" content=\"https:\/\/www.pressenza.com\/it\/2025\/11\/dove-finiscono-i-nostri-dispositivi-digitali\/\" \/>\n<meta property=\"og:site_name\" content=\"Pressenza\" \/>\n<meta property=\"article:publisher\" content=\"https:\/\/www.facebook.com\/PressenzaItalia\" \/>\n<meta property=\"article:published_time\" content=\"2025-11-26T15:16:51+00:00\" \/>\n<meta property=\"article:modified_time\" content=\"2026-01-05T14:50:35+00:00\" \/>\n<meta property=\"og:image\" content=\"https:\/\/www.pressenza.com\/wp-content\/uploads\/2025\/11\/Jane-Goodall.jpg\" \/>\n\t<meta property=\"og:image:width\" content=\"800\" \/>\n\t<meta property=\"og:image:height\" content=\"450\" \/>\n\t<meta property=\"og:image:type\" content=\"image\/jpeg\" \/>\n<meta name=\"author\" content=\"Simona Duci\" \/>\n<meta name=\"twitter:card\" content=\"summary_large_image\" \/>\n<meta name=\"twitter:creator\" content=\"@PressenzaIPA\" \/>\n<meta name=\"twitter:site\" content=\"@PressenzaIPA\" \/>\n<meta name=\"twitter:label1\" content=\"Scritto da\" \/>\n\t<meta name=\"twitter:data1\" content=\"Simona Duci\" \/>\n\t<meta name=\"twitter:label2\" content=\"Tempo di lettura stimato\" \/>\n\t<meta name=\"twitter:data2\" content=\"3 minuti\" \/>\n<script type=\"application\/ld+json\" class=\"yoast-schema-graph\">{\"@context\":\"https:\/\/schema.org\",\"@graph\":[{\"@type\":\"Article\",\"@id\":\"https:\/\/www.pressenza.com\/it\/2025\/11\/dove-finiscono-i-nostri-dispositivi-digitali\/#article\",\"isPartOf\":{\"@id\":\"https:\/\/www.pressenza.com\/it\/2025\/11\/dove-finiscono-i-nostri-dispositivi-digitali\/\"},\"author\":{\"name\":\"Simona Duci\",\"@id\":\"https:\/\/www.pressenza.com\/it\/#\/schema\/person\/1d47d64d8fc5f79a88adaf5af87c64ac\"},\"headline\":\"Dove finiscono i nostri dispositivi digitali?\",\"datePublished\":\"2025-11-26T15:16:51+00:00\",\"dateModified\":\"2026-01-05T14:50:35+00:00\",\"mainEntityOfPage\":{\"@id\":\"https:\/\/www.pressenza.com\/it\/2025\/11\/dove-finiscono-i-nostri-dispositivi-digitali\/\"},\"wordCount\":493,\"publisher\":{\"@id\":\"https:\/\/www.pressenza.com\/it\/#organization\"},\"image\":{\"@id\":\"https:\/\/www.pressenza.com\/it\/2025\/11\/dove-finiscono-i-nostri-dispositivi-digitali\/#primaryimage\"},\"thumbnailUrl\":\"https:\/\/www.pressenza.com\/wp-content\/uploads\/2025\/11\/Jane-Goodall.jpg\",\"keywords\":[\"Dispositivi digitali\",\"Jane Goodall\"],\"articleSection\":[\"Ecologia ed Ambiente\",\"Europa\",\"Scienza e Tecnologia\"],\"inLanguage\":\"it-IT\"},{\"@type\":\"WebPage\",\"@id\":\"https:\/\/www.pressenza.com\/it\/2025\/11\/dove-finiscono-i-nostri-dispositivi-digitali\/\",\"url\":\"https:\/\/www.pressenza.com\/it\/2025\/11\/dove-finiscono-i-nostri-dispositivi-digitali\/\",\"name\":\"Dove finiscono i nostri dispositivi digitali?\",\"isPartOf\":{\"@id\":\"https:\/\/www.pressenza.com\/it\/#website\"},\"primaryImageOfPage\":{\"@id\":\"https:\/\/www.pressenza.com\/it\/2025\/11\/dove-finiscono-i-nostri-dispositivi-digitali\/#primaryimage\"},\"image\":{\"@id\":\"https:\/\/www.pressenza.com\/it\/2025\/11\/dove-finiscono-i-nostri-dispositivi-digitali\/#primaryimage\"},\"thumbnailUrl\":\"https:\/\/www.pressenza.com\/wp-content\/uploads\/2025\/11\/Jane-Goodall.jpg\",\"datePublished\":\"2025-11-26T15:16:51+00:00\",\"dateModified\":\"2026-01-05T14:50:35+00:00\",\"description\":\"C\u2019\u00e8 un rumore che non si sente, ma che accompagna ogni nostro gesto digitale: quello delle terre rare, dei minerali nascosti nei circuiti che illuminano i\",\"breadcrumb\":{\"@id\":\"https:\/\/www.pressenza.com\/it\/2025\/11\/dove-finiscono-i-nostri-dispositivi-digitali\/#breadcrumb\"},\"inLanguage\":\"it-IT\",\"potentialAction\":[{\"@type\":\"ReadAction\",\"target\":[\"https:\/\/www.pressenza.com\/it\/2025\/11\/dove-finiscono-i-nostri-dispositivi-digitali\/\"]}]},{\"@type\":\"ImageObject\",\"inLanguage\":\"it-IT\",\"@id\":\"https:\/\/www.pressenza.com\/it\/2025\/11\/dove-finiscono-i-nostri-dispositivi-digitali\/#primaryimage\",\"url\":\"https:\/\/www.pressenza.com\/wp-content\/uploads\/2025\/11\/Jane-Goodall.jpg\",\"contentUrl\":\"https:\/\/www.pressenza.com\/wp-content\/uploads\/2025\/11\/Jane-Goodall.jpg\",\"width\":800,\"height\":450},{\"@type\":\"BreadcrumbList\",\"@id\":\"https:\/\/www.pressenza.com\/it\/2025\/11\/dove-finiscono-i-nostri-dispositivi-digitali\/#breadcrumb\",\"itemListElement\":[{\"@type\":\"ListItem\",\"position\":1,\"name\":\"Accueil\",\"item\":\"https:\/\/www.pressenza.com\/it\/\"},{\"@type\":\"ListItem\",\"position\":2,\"name\":\"Dove finiscono i nostri dispositivi digitali?\"}]},{\"@type\":\"WebSite\",\"@id\":\"https:\/\/www.pressenza.com\/it\/#website\",\"url\":\"https:\/\/www.pressenza.com\/it\/\",\"name\":\"Pressenza\",\"description\":\"Agenzia di Stampa Internazionale\",\"publisher\":{\"@id\":\"https:\/\/www.pressenza.com\/it\/#organization\"},\"potentialAction\":[{\"@type\":\"SearchAction\",\"target\":{\"@type\":\"EntryPoint\",\"urlTemplate\":\"https:\/\/www.pressenza.com\/it\/?s={search_term_string}\"},\"query-input\":{\"@type\":\"PropertyValueSpecification\",\"valueRequired\":true,\"valueName\":\"search_term_string\"}}],\"inLanguage\":\"it-IT\"},{\"@type\":\"Organization\",\"@id\":\"https:\/\/www.pressenza.com\/it\/#organization\",\"name\":\"Pressenza\",\"url\":\"https:\/\/www.pressenza.com\/it\/\",\"logo\":{\"@type\":\"ImageObject\",\"inLanguage\":\"it-IT\",\"@id\":\"https:\/\/www.pressenza.com\/it\/#\/schema\/logo\/image\/\",\"url\":\"https:\/\/www.pressenza.com\/wp-content\/uploads\/2022\/10\/pressenza_logo_200x200.jpg\",\"contentUrl\":\"https:\/\/www.pressenza.com\/wp-content\/uploads\/2022\/10\/pressenza_logo_200x200.jpg\",\"width\":200,\"height\":200,\"caption\":\"Pressenza\"},\"image\":{\"@id\":\"https:\/\/www.pressenza.com\/it\/#\/schema\/logo\/image\/\"},\"sameAs\":[\"https:\/\/www.facebook.com\/PressenzaItalia\",\"https:\/\/x.com\/PressenzaIPA\"]},{\"@type\":\"Person\",\"@id\":\"https:\/\/www.pressenza.com\/it\/#\/schema\/person\/1d47d64d8fc5f79a88adaf5af87c64ac\",\"name\":\"Simona Duci\",\"url\":\"https:\/\/www.pressenza.com\/it\/author\/simona-duci\/\"}]}<\/script>\n<!-- \/ Yoast SEO plugin. -->","yoast_head_json":{"title":"Dove finiscono i nostri dispositivi digitali?","description":"C\u2019\u00e8 un rumore che non si sente, ma che accompagna ogni nostro gesto digitale: quello delle terre rare, dei minerali nascosti nei circuiti che illuminano i","robots":{"index":"index","follow":"follow","max-snippet":"max-snippet:-1","max-image-preview":"max-image-preview:large","max-video-preview":"max-video-preview:-1"},"canonical":"https:\/\/www.pressenza.com\/it\/2025\/11\/dove-finiscono-i-nostri-dispositivi-digitali\/","og_locale":"it_IT","og_type":"article","og_title":"Dove finiscono i nostri dispositivi digitali?","og_description":"C\u2019\u00e8 un rumore che non si sente, ma che accompagna ogni nostro gesto digitale: quello delle terre rare, dei minerali nascosti nei circuiti che illuminano i","og_url":"https:\/\/www.pressenza.com\/it\/2025\/11\/dove-finiscono-i-nostri-dispositivi-digitali\/","og_site_name":"Pressenza","article_publisher":"https:\/\/www.facebook.com\/PressenzaItalia","article_published_time":"2025-11-26T15:16:51+00:00","article_modified_time":"2026-01-05T14:50:35+00:00","og_image":[{"width":800,"height":450,"url":"https:\/\/www.pressenza.com\/wp-content\/uploads\/2025\/11\/Jane-Goodall.jpg","type":"image\/jpeg"}],"author":"Simona Duci","twitter_card":"summary_large_image","twitter_creator":"@PressenzaIPA","twitter_site":"@PressenzaIPA","twitter_misc":{"Scritto da":"Simona Duci","Tempo di lettura stimato":"3 minuti"},"schema":{"@context":"https:\/\/schema.org","@graph":[{"@type":"Article","@id":"https:\/\/www.pressenza.com\/it\/2025\/11\/dove-finiscono-i-nostri-dispositivi-digitali\/#article","isPartOf":{"@id":"https:\/\/www.pressenza.com\/it\/2025\/11\/dove-finiscono-i-nostri-dispositivi-digitali\/"},"author":{"name":"Simona Duci","@id":"https:\/\/www.pressenza.com\/it\/#\/schema\/person\/1d47d64d8fc5f79a88adaf5af87c64ac"},"headline":"Dove finiscono i nostri dispositivi digitali?","datePublished":"2025-11-26T15:16:51+00:00","dateModified":"2026-01-05T14:50:35+00:00","mainEntityOfPage":{"@id":"https:\/\/www.pressenza.com\/it\/2025\/11\/dove-finiscono-i-nostri-dispositivi-digitali\/"},"wordCount":493,"publisher":{"@id":"https:\/\/www.pressenza.com\/it\/#organization"},"image":{"@id":"https:\/\/www.pressenza.com\/it\/2025\/11\/dove-finiscono-i-nostri-dispositivi-digitali\/#primaryimage"},"thumbnailUrl":"https:\/\/www.pressenza.com\/wp-content\/uploads\/2025\/11\/Jane-Goodall.jpg","keywords":["Dispositivi digitali","Jane Goodall"],"articleSection":["Ecologia ed Ambiente","Europa","Scienza e Tecnologia"],"inLanguage":"it-IT"},{"@type":"WebPage","@id":"https:\/\/www.pressenza.com\/it\/2025\/11\/dove-finiscono-i-nostri-dispositivi-digitali\/","url":"https:\/\/www.pressenza.com\/it\/2025\/11\/dove-finiscono-i-nostri-dispositivi-digitali\/","name":"Dove finiscono i nostri dispositivi digitali?","isPartOf":{"@id":"https:\/\/www.pressenza.com\/it\/#website"},"primaryImageOfPage":{"@id":"https:\/\/www.pressenza.com\/it\/2025\/11\/dove-finiscono-i-nostri-dispositivi-digitali\/#primaryimage"},"image":{"@id":"https:\/\/www.pressenza.com\/it\/2025\/11\/dove-finiscono-i-nostri-dispositivi-digitali\/#primaryimage"},"thumbnailUrl":"https:\/\/www.pressenza.com\/wp-content\/uploads\/2025\/11\/Jane-Goodall.jpg","datePublished":"2025-11-26T15:16:51+00:00","dateModified":"2026-01-05T14:50:35+00:00","description":"C\u2019\u00e8 un rumore che non si sente, ma che accompagna ogni nostro gesto digitale: quello delle terre rare, dei minerali nascosti nei circuiti che illuminano i","breadcrumb":{"@id":"https:\/\/www.pressenza.com\/it\/2025\/11\/dove-finiscono-i-nostri-dispositivi-digitali\/#breadcrumb"},"inLanguage":"it-IT","potentialAction":[{"@type":"ReadAction","target":["https:\/\/www.pressenza.com\/it\/2025\/11\/dove-finiscono-i-nostri-dispositivi-digitali\/"]}]},{"@type":"ImageObject","inLanguage":"it-IT","@id":"https:\/\/www.pressenza.com\/it\/2025\/11\/dove-finiscono-i-nostri-dispositivi-digitali\/#primaryimage","url":"https:\/\/www.pressenza.com\/wp-content\/uploads\/2025\/11\/Jane-Goodall.jpg","contentUrl":"https:\/\/www.pressenza.com\/wp-content\/uploads\/2025\/11\/Jane-Goodall.jpg","width":800,"height":450},{"@type":"BreadcrumbList","@id":"https:\/\/www.pressenza.com\/it\/2025\/11\/dove-finiscono-i-nostri-dispositivi-digitali\/#breadcrumb","itemListElement":[{"@type":"ListItem","position":1,"name":"Accueil","item":"https:\/\/www.pressenza.com\/it\/"},{"@type":"ListItem","position":2,"name":"Dove finiscono i nostri dispositivi digitali?"}]},{"@type":"WebSite","@id":"https:\/\/www.pressenza.com\/it\/#website","url":"https:\/\/www.pressenza.com\/it\/","name":"Pressenza","description":"Agenzia di Stampa Internazionale","publisher":{"@id":"https:\/\/www.pressenza.com\/it\/#organization"},"potentialAction":[{"@type":"SearchAction","target":{"@type":"EntryPoint","urlTemplate":"https:\/\/www.pressenza.com\/it\/?s={search_term_string}"},"query-input":{"@type":"PropertyValueSpecification","valueRequired":true,"valueName":"search_term_string"}}],"inLanguage":"it-IT"},{"@type":"Organization","@id":"https:\/\/www.pressenza.com\/it\/#organization","name":"Pressenza","url":"https:\/\/www.pressenza.com\/it\/","logo":{"@type":"ImageObject","inLanguage":"it-IT","@id":"https:\/\/www.pressenza.com\/it\/#\/schema\/logo\/image\/","url":"https:\/\/www.pressenza.com\/wp-content\/uploads\/2022\/10\/pressenza_logo_200x200.jpg","contentUrl":"https:\/\/www.pressenza.com\/wp-content\/uploads\/2022\/10\/pressenza_logo_200x200.jpg","width":200,"height":200,"caption":"Pressenza"},"image":{"@id":"https:\/\/www.pressenza.com\/it\/#\/schema\/logo\/image\/"},"sameAs":["https:\/\/www.facebook.com\/PressenzaItalia","https:\/\/x.com\/PressenzaIPA"]},{"@type":"Person","@id":"https:\/\/www.pressenza.com\/it\/#\/schema\/person\/1d47d64d8fc5f79a88adaf5af87c64ac","name":"Simona Duci","url":"https:\/\/www.pressenza.com\/it\/author\/simona-duci\/"}]}},"place":"","original_article_url":"","_links":{"self":[{"href":"https:\/\/www.pressenza.com\/it\/wp-json\/wp\/v2\/posts\/2656154","targetHints":{"allow":["GET"]}}],"collection":[{"href":"https:\/\/www.pressenza.com\/it\/wp-json\/wp\/v2\/posts"}],"about":[{"href":"https:\/\/www.pressenza.com\/it\/wp-json\/wp\/v2\/types\/post"}],"author":[{"embeddable":true,"href":"https:\/\/www.pressenza.com\/it\/wp-json\/wp\/v2\/users\/2492"}],"replies":[{"embeddable":true,"href":"https:\/\/www.pressenza.com\/it\/wp-json\/wp\/v2\/comments?post=2656154"}],"version-history":[{"count":1,"href":"https:\/\/www.pressenza.com\/it\/wp-json\/wp\/v2\/posts\/2656154\/revisions"}],"predecessor-version":[{"id":2656158,"href":"https:\/\/www.pressenza.com\/it\/wp-json\/wp\/v2\/posts\/2656154\/revisions\/2656158"}],"wp:featuredmedia":[{"embeddable":true,"href":"https:\/\/www.pressenza.com\/it\/wp-json\/wp\/v2\/media\/2656157"}],"wp:attachment":[{"href":"https:\/\/www.pressenza.com\/it\/wp-json\/wp\/v2\/media?parent=2656154"}],"wp:term":[{"taxonomy":"category","embeddable":true,"href":"https:\/\/www.pressenza.com\/it\/wp-json\/wp\/v2\/categories?post=2656154"},{"taxonomy":"post_tag","embeddable":true,"href":"https:\/\/www.pressenza.com\/it\/wp-json\/wp\/v2\/tags?post=2656154"}],"curies":[{"name":"wp","href":"https:\/\/api.w.org\/{rel}","templated":true}]}}