{"id":2656138,"date":"2025-11-26T15:01:54","date_gmt":"2025-11-26T15:01:54","guid":{"rendered":"https:\/\/www.pressenza.com\/?p=2656138"},"modified":"2025-11-26T15:09:38","modified_gmt":"2025-11-26T15:09:38","slug":"25-novembre-giornata-internazionale-per-leliminazione-della-violenza-contro-le-donne-milano-non-manca-allappello","status":"publish","type":"post","link":"https:\/\/www.pressenza.com\/it\/2025\/11\/25-novembre-giornata-internazionale-per-leliminazione-della-violenza-contro-le-donne-milano-non-manca-allappello\/","title":{"rendered":"25 novembre, Giornata internazionale per l&#8217;eliminazione della violenza contro le donne. Milano non manca all\u2019appello"},"content":{"rendered":"<p>Milano non resta a guardare. Il 25 novembre da Porta Venezia fino alla fermata della metro di Lodi, migliaia di persone hanno riempito le strade rispondendo all\u2019appello di Non Una di Meno, trasformando la giornata contro la violenza sulle donne in una potente mobilitazione.<\/p>\n<p>Tra cartelli e tamburi, risuonavano slogan come: <em>\u201cLa notte ci piace, lasciateci uscire in pace. Ci piace pure il giorno, levatevi di torno\u201d<\/em> e l\u2019ormai celebre <em>\u201cNon una, Non una, Non una di Meno <\/em>&#8220;, che hanno ribadito un messaggio semplice e urgente: <strong>la libert\u00e0 e la sicurezza non devono essere negoziabili, n\u00e9 di notte n\u00e9 di giorno.<\/strong><\/p>\n<p>La manifestazione ha attraversato le vie milanesi con energia, portando al centro del dibattito i dati sempre pi\u00f9 allarmanti: secondo le rilevazioni pi\u00f9 recenti, nel 2025 in Italia sono gi\u00e0 state uccise oltre ottanta donne, nella maggior parte dei casi da partner o ex partner. Un numero che dimostra come la violenza di genere continui a rappresentare un\u2019emergenza strutturale e sistemica.<\/p>\n<p><img loading=\"lazy\" decoding=\"async\" class=\"alignnone size-large wp-image-2656150\" src=\"https:\/\/www.pressenza.com\/wp-content\/uploads\/2025\/11\/corteo-Mi-25.11.25-notte-820x615.jpg\" alt=\"\" width=\"820\" height=\"615\" srcset=\"https:\/\/www.pressenza.com\/wp-content\/uploads\/2025\/11\/corteo-Mi-25.11.25-notte-820x615.jpg 820w, https:\/\/www.pressenza.com\/wp-content\/uploads\/2025\/11\/corteo-Mi-25.11.25-notte-300x225.jpg 300w, https:\/\/www.pressenza.com\/wp-content\/uploads\/2025\/11\/corteo-Mi-25.11.25-notte.jpg 1920w\" sizes=\"auto, (max-width: 820px) 100vw, 820px\" \/><\/p>\n<p><img loading=\"lazy\" decoding=\"async\" class=\"alignnone size-large wp-image-2656148\" src=\"https:\/\/www.pressenza.com\/wp-content\/uploads\/2025\/11\/corteo-Mi-25.11.25-cartelli-820x615.jpg\" alt=\"\" width=\"820\" height=\"615\" srcset=\"https:\/\/www.pressenza.com\/wp-content\/uploads\/2025\/11\/corteo-Mi-25.11.25-cartelli-820x615.jpg 820w, https:\/\/www.pressenza.com\/wp-content\/uploads\/2025\/11\/corteo-Mi-25.11.25-cartelli-300x225.jpg 300w, https:\/\/www.pressenza.com\/wp-content\/uploads\/2025\/11\/corteo-Mi-25.11.25-cartelli.jpg 1428w\" sizes=\"auto, (max-width: 820px) 100vw, 820px\" \/><\/p>\n<p><img loading=\"lazy\" decoding=\"async\" class=\"alignnone size-large wp-image-2656147\" src=\"https:\/\/www.pressenza.com\/wp-content\/uploads\/2025\/11\/corteo-Mi-25.11.25-bandiere-820x615.jpg\" alt=\"\" width=\"820\" height=\"615\" srcset=\"https:\/\/www.pressenza.com\/wp-content\/uploads\/2025\/11\/corteo-Mi-25.11.25-bandiere-820x615.jpg 820w, https:\/\/www.pressenza.com\/wp-content\/uploads\/2025\/11\/corteo-Mi-25.11.25-bandiere-300x225.jpg 300w, https:\/\/www.pressenza.com\/wp-content\/uploads\/2025\/11\/corteo-Mi-25.11.25-bandiere.jpg 1920w\" sizes=\"auto, (max-width: 820px) 100vw, 820px\" \/><\/p>\n<p><img loading=\"lazy\" decoding=\"async\" class=\"alignnone size-large wp-image-2656141\" src=\"https:\/\/www.pressenza.com\/wp-content\/uploads\/2025\/11\/corteo-Milano-bis-25.11.25-820x615.jpg\" alt=\"\" width=\"820\" height=\"615\" srcset=\"https:\/\/www.pressenza.com\/wp-content\/uploads\/2025\/11\/corteo-Milano-bis-25.11.25-820x615.jpg 820w, https:\/\/www.pressenza.com\/wp-content\/uploads\/2025\/11\/corteo-Milano-bis-25.11.25-300x225.jpg 300w, https:\/\/www.pressenza.com\/wp-content\/uploads\/2025\/11\/corteo-Milano-bis-25.11.25.jpg 1920w\" sizes=\"auto, (max-width: 820px) 100vw, 820px\" \/><\/p>\n<p>Accanto alle rivendicazioni contro la violenza maschile sulle donne, erano presenti anche numerosi slogan e cartelli <strong>a sostegno della Palestina<\/strong>, richiamando <strong>la dimensione intersezionale della lotta.<\/strong> Molte manifestanti hanno ribadito che non pu\u00f2 esserci liberazione per alcune senza giustizia per tutte, collegando battaglie diverse ma unite dalla stessa richiesta di diritti, autodeterminazione e fine delle oppressioni.<\/p>\n<p>Molti interventi hanno sottolineato anche la necessit\u00e0 di un riconoscimento giuridico pi\u00f9 chiaro e incisivo: in Italia, infatti, il femminicidio non costituisce ancora un reato autonomo, ma viene inquadrato all\u2019interno dell\u2019omicidio aggravato. Da qui la richiesta di misure pi\u00f9 efficaci, sia sul piano legislativo sia nel sostegno concreto ai centri antiviolenza. Rivendicazioni che, almeno in parte, sembrano aver trovato ascolto. Il 25 novembre, proprio in occasione della Giornata internazionale per l\u2019eliminazione della violenza contro le donne, <strong>la Camera dei Deputati ha approvato all\u2019unanimit\u00e0 un disegno di legge volto a introdurre nel Codice penale il reato di femminicidio<\/strong>, tipizzando in maniera autonoma l\u2019omicidio di una donna in quanto tale e prevedendo un aggravamento specifico delle pene.<\/p>\n<p>Il disegno di legge non \u00e8 ancora stato approvato in via definitiva, ma rappresenta un importante passo verso il riconoscimento di una fattispecie di reato spesso rimasta invisibile agli occhi della giustizia.<\/p>\n<p>&nbsp;<\/p>\n","protected":false},"excerpt":{"rendered":"<p>Milano non resta a guardare. Il 25 novembre da Porta Venezia fino alla fermata della metro di Lodi, migliaia di persone hanno riempito le strade rispondendo all\u2019appello di Non Una di Meno, trasformando la giornata contro la violenza sulle donne&hellip;<\/p>\n","protected":false},"author":2569,"featured_media":2656140,"comment_status":"closed","ping_status":"closed","sticky":false,"template":"","format":"standard","meta":{"footnotes":""},"categories":[11388,107392,60,47,5677,54513,52],"tags":[84339,107842,318,1227,147148],"class_list":["post-2656138","post","type-post","status-publish","format-standard","has-post-thumbnail","hentry","category-contenuti-originali","category-noticia-it","category-diritti-umani","category-europa","category-fotoreportages","category-genere-e-femminismi","category-medio-oriente","tag-25-novembre-it","tag-giornata-internazionale-per-leliminazione-della-violenza-contro-le-donne","tag-manifestazione","tag-palestina-it","tag-reato-di-femminicidio"],"yoast_head":"<!-- This site is optimized with the Yoast SEO plugin v27.1.1 - https:\/\/yoast.com\/product\/yoast-seo-wordpress\/ -->\n<title>25 novembre, Giornata internazionale per l&#039;eliminazione della violenza contro le donne. Milano non manca all\u2019appello<\/title>\n<meta name=\"description\" content=\"Milano non resta a guardare. Il 25 novembre da Porta Venezia fino alla fermata della metro di Lodi, migliaia di persone hanno riempito le strade\" \/>\n<meta name=\"robots\" content=\"index, follow, max-snippet:-1, max-image-preview:large, max-video-preview:-1\" \/>\n<link rel=\"canonical\" href=\"https:\/\/www.pressenza.com\/it\/2025\/11\/25-novembre-giornata-internazionale-per-leliminazione-della-violenza-contro-le-donne-milano-non-manca-allappello\/\" \/>\n<meta property=\"og:locale\" content=\"it_IT\" \/>\n<meta property=\"og:type\" content=\"article\" \/>\n<meta property=\"og:title\" content=\"25 novembre, Giornata internazionale per l&#039;eliminazione della violenza contro le donne. Milano non manca all\u2019appello\" \/>\n<meta property=\"og:description\" content=\"Milano non resta a guardare. Il 25 novembre da Porta Venezia fino alla fermata della metro di Lodi, migliaia di persone hanno riempito le strade\" \/>\n<meta property=\"og:url\" content=\"https:\/\/www.pressenza.com\/it\/2025\/11\/25-novembre-giornata-internazionale-per-leliminazione-della-violenza-contro-le-donne-milano-non-manca-allappello\/\" \/>\n<meta property=\"og:site_name\" content=\"Pressenza\" \/>\n<meta property=\"article:publisher\" content=\"https:\/\/www.facebook.com\/PressenzaItalia\" \/>\n<meta property=\"article:published_time\" content=\"2025-11-26T15:01:54+00:00\" \/>\n<meta property=\"article:modified_time\" content=\"2025-11-26T15:09:38+00:00\" \/>\n<meta property=\"og:image\" content=\"https:\/\/www.pressenza.com\/wp-content\/uploads\/2025\/11\/corteo-Mi-25.11.25.jpg\" \/>\n\t<meta property=\"og:image:width\" content=\"1920\" \/>\n\t<meta property=\"og:image:height\" content=\"1440\" \/>\n\t<meta property=\"og:image:type\" content=\"image\/jpeg\" \/>\n<meta name=\"author\" content=\"Giulia Camuffo\" \/>\n<meta name=\"twitter:card\" content=\"summary_large_image\" \/>\n<meta name=\"twitter:creator\" content=\"@PressenzaIPA\" \/>\n<meta name=\"twitter:site\" content=\"@PressenzaIPA\" \/>\n<meta name=\"twitter:label1\" content=\"Scritto da\" \/>\n\t<meta name=\"twitter:data1\" content=\"Giulia Camuffo\" \/>\n\t<meta name=\"twitter:label2\" content=\"Tempo di lettura stimato\" \/>\n\t<meta name=\"twitter:data2\" content=\"3 minuti\" \/>\n<script type=\"application\/ld+json\" class=\"yoast-schema-graph\">{\"@context\":\"https:\/\/schema.org\",\"@graph\":[{\"@type\":\"Article\",\"@id\":\"https:\/\/www.pressenza.com\/it\/2025\/11\/25-novembre-giornata-internazionale-per-leliminazione-della-violenza-contro-le-donne-milano-non-manca-allappello\/#article\",\"isPartOf\":{\"@id\":\"https:\/\/www.pressenza.com\/it\/2025\/11\/25-novembre-giornata-internazionale-per-leliminazione-della-violenza-contro-le-donne-milano-non-manca-allappello\/\"},\"author\":{\"name\":\"Giulia Camuffo\",\"@id\":\"https:\/\/www.pressenza.com\/it\/#\/schema\/person\/8187b6b0d223745b278465bbff6de83b\"},\"headline\":\"25 novembre, Giornata internazionale per l&#8217;eliminazione della violenza contro le donne. Milano non manca all\u2019appello\",\"datePublished\":\"2025-11-26T15:01:54+00:00\",\"dateModified\":\"2025-11-26T15:09:38+00:00\",\"mainEntityOfPage\":{\"@id\":\"https:\/\/www.pressenza.com\/it\/2025\/11\/25-novembre-giornata-internazionale-per-leliminazione-della-violenza-contro-le-donne-milano-non-manca-allappello\/\"},\"wordCount\":386,\"publisher\":{\"@id\":\"https:\/\/www.pressenza.com\/it\/#organization\"},\"image\":{\"@id\":\"https:\/\/www.pressenza.com\/it\/2025\/11\/25-novembre-giornata-internazionale-per-leliminazione-della-violenza-contro-le-donne-milano-non-manca-allappello\/#primaryimage\"},\"thumbnailUrl\":\"https:\/\/www.pressenza.com\/wp-content\/uploads\/2025\/11\/corteo-Mi-25.11.25.jpg\",\"keywords\":[\"25 novembre\",\"Giornata internazionale per l'eliminazione della violenza contro le donne\",\"manifestazione\",\"Palestina\",\"reato di femminicidio\"],\"articleSection\":[\"contenuti originali\",\"Cronaca\",\"Diritti Umani\",\"Europa\",\"Fotoreportages\",\"Genere e femminismi\",\"Medio Oriente\"],\"inLanguage\":\"it-IT\"},{\"@type\":\"WebPage\",\"@id\":\"https:\/\/www.pressenza.com\/it\/2025\/11\/25-novembre-giornata-internazionale-per-leliminazione-della-violenza-contro-le-donne-milano-non-manca-allappello\/\",\"url\":\"https:\/\/www.pressenza.com\/it\/2025\/11\/25-novembre-giornata-internazionale-per-leliminazione-della-violenza-contro-le-donne-milano-non-manca-allappello\/\",\"name\":\"25 novembre, Giornata internazionale per l'eliminazione della violenza contro le donne. Milano non manca all\u2019appello\",\"isPartOf\":{\"@id\":\"https:\/\/www.pressenza.com\/it\/#website\"},\"primaryImageOfPage\":{\"@id\":\"https:\/\/www.pressenza.com\/it\/2025\/11\/25-novembre-giornata-internazionale-per-leliminazione-della-violenza-contro-le-donne-milano-non-manca-allappello\/#primaryimage\"},\"image\":{\"@id\":\"https:\/\/www.pressenza.com\/it\/2025\/11\/25-novembre-giornata-internazionale-per-leliminazione-della-violenza-contro-le-donne-milano-non-manca-allappello\/#primaryimage\"},\"thumbnailUrl\":\"https:\/\/www.pressenza.com\/wp-content\/uploads\/2025\/11\/corteo-Mi-25.11.25.jpg\",\"datePublished\":\"2025-11-26T15:01:54+00:00\",\"dateModified\":\"2025-11-26T15:09:38+00:00\",\"description\":\"Milano non resta a guardare. Il 25 novembre da Porta Venezia fino alla fermata della metro di Lodi, migliaia di persone hanno riempito le strade\",\"breadcrumb\":{\"@id\":\"https:\/\/www.pressenza.com\/it\/2025\/11\/25-novembre-giornata-internazionale-per-leliminazione-della-violenza-contro-le-donne-milano-non-manca-allappello\/#breadcrumb\"},\"inLanguage\":\"it-IT\",\"potentialAction\":[{\"@type\":\"ReadAction\",\"target\":[\"https:\/\/www.pressenza.com\/it\/2025\/11\/25-novembre-giornata-internazionale-per-leliminazione-della-violenza-contro-le-donne-milano-non-manca-allappello\/\"]}]},{\"@type\":\"ImageObject\",\"inLanguage\":\"it-IT\",\"@id\":\"https:\/\/www.pressenza.com\/it\/2025\/11\/25-novembre-giornata-internazionale-per-leliminazione-della-violenza-contro-le-donne-milano-non-manca-allappello\/#primaryimage\",\"url\":\"https:\/\/www.pressenza.com\/wp-content\/uploads\/2025\/11\/corteo-Mi-25.11.25.jpg\",\"contentUrl\":\"https:\/\/www.pressenza.com\/wp-content\/uploads\/2025\/11\/corteo-Mi-25.11.25.jpg\",\"width\":1920,\"height\":1440},{\"@type\":\"BreadcrumbList\",\"@id\":\"https:\/\/www.pressenza.com\/it\/2025\/11\/25-novembre-giornata-internazionale-per-leliminazione-della-violenza-contro-le-donne-milano-non-manca-allappello\/#breadcrumb\",\"itemListElement\":[{\"@type\":\"ListItem\",\"position\":1,\"name\":\"Accueil\",\"item\":\"https:\/\/www.pressenza.com\/it\/\"},{\"@type\":\"ListItem\",\"position\":2,\"name\":\"25 novembre, Giornata internazionale per l&#8217;eliminazione della violenza contro le donne. Milano non manca all\u2019appello\"}]},{\"@type\":\"WebSite\",\"@id\":\"https:\/\/www.pressenza.com\/it\/#website\",\"url\":\"https:\/\/www.pressenza.com\/it\/\",\"name\":\"Pressenza\",\"description\":\"Agenzia di Stampa Internazionale\",\"publisher\":{\"@id\":\"https:\/\/www.pressenza.com\/it\/#organization\"},\"potentialAction\":[{\"@type\":\"SearchAction\",\"target\":{\"@type\":\"EntryPoint\",\"urlTemplate\":\"https:\/\/www.pressenza.com\/it\/?s={search_term_string}\"},\"query-input\":{\"@type\":\"PropertyValueSpecification\",\"valueRequired\":true,\"valueName\":\"search_term_string\"}}],\"inLanguage\":\"it-IT\"},{\"@type\":\"Organization\",\"@id\":\"https:\/\/www.pressenza.com\/it\/#organization\",\"name\":\"Pressenza\",\"url\":\"https:\/\/www.pressenza.com\/it\/\",\"logo\":{\"@type\":\"ImageObject\",\"inLanguage\":\"it-IT\",\"@id\":\"https:\/\/www.pressenza.com\/it\/#\/schema\/logo\/image\/\",\"url\":\"https:\/\/www.pressenza.com\/wp-content\/uploads\/2022\/10\/pressenza_logo_200x200.jpg\",\"contentUrl\":\"https:\/\/www.pressenza.com\/wp-content\/uploads\/2022\/10\/pressenza_logo_200x200.jpg\",\"width\":200,\"height\":200,\"caption\":\"Pressenza\"},\"image\":{\"@id\":\"https:\/\/www.pressenza.com\/it\/#\/schema\/logo\/image\/\"},\"sameAs\":[\"https:\/\/www.facebook.com\/PressenzaItalia\",\"https:\/\/x.com\/PressenzaIPA\"]},{\"@type\":\"Person\",\"@id\":\"https:\/\/www.pressenza.com\/it\/#\/schema\/person\/8187b6b0d223745b278465bbff6de83b\",\"name\":\"Giulia Camuffo\",\"url\":\"https:\/\/www.pressenza.com\/it\/author\/giulia-camuffo\/\"}]}<\/script>\n<!-- \/ Yoast SEO plugin. -->","yoast_head_json":{"title":"25 novembre, Giornata internazionale per l'eliminazione della violenza contro le donne. Milano non manca all\u2019appello","description":"Milano non resta a guardare. Il 25 novembre da Porta Venezia fino alla fermata della metro di Lodi, migliaia di persone hanno riempito le strade","robots":{"index":"index","follow":"follow","max-snippet":"max-snippet:-1","max-image-preview":"max-image-preview:large","max-video-preview":"max-video-preview:-1"},"canonical":"https:\/\/www.pressenza.com\/it\/2025\/11\/25-novembre-giornata-internazionale-per-leliminazione-della-violenza-contro-le-donne-milano-non-manca-allappello\/","og_locale":"it_IT","og_type":"article","og_title":"25 novembre, Giornata internazionale per l'eliminazione della violenza contro le donne. Milano non manca all\u2019appello","og_description":"Milano non resta a guardare. Il 25 novembre da Porta Venezia fino alla fermata della metro di Lodi, migliaia di persone hanno riempito le strade","og_url":"https:\/\/www.pressenza.com\/it\/2025\/11\/25-novembre-giornata-internazionale-per-leliminazione-della-violenza-contro-le-donne-milano-non-manca-allappello\/","og_site_name":"Pressenza","article_publisher":"https:\/\/www.facebook.com\/PressenzaItalia","article_published_time":"2025-11-26T15:01:54+00:00","article_modified_time":"2025-11-26T15:09:38+00:00","og_image":[{"width":1920,"height":1440,"url":"https:\/\/www.pressenza.com\/wp-content\/uploads\/2025\/11\/corteo-Mi-25.11.25.jpg","type":"image\/jpeg"}],"author":"Giulia Camuffo","twitter_card":"summary_large_image","twitter_creator":"@PressenzaIPA","twitter_site":"@PressenzaIPA","twitter_misc":{"Scritto da":"Giulia Camuffo","Tempo di lettura stimato":"3 minuti"},"schema":{"@context":"https:\/\/schema.org","@graph":[{"@type":"Article","@id":"https:\/\/www.pressenza.com\/it\/2025\/11\/25-novembre-giornata-internazionale-per-leliminazione-della-violenza-contro-le-donne-milano-non-manca-allappello\/#article","isPartOf":{"@id":"https:\/\/www.pressenza.com\/it\/2025\/11\/25-novembre-giornata-internazionale-per-leliminazione-della-violenza-contro-le-donne-milano-non-manca-allappello\/"},"author":{"name":"Giulia Camuffo","@id":"https:\/\/www.pressenza.com\/it\/#\/schema\/person\/8187b6b0d223745b278465bbff6de83b"},"headline":"25 novembre, Giornata internazionale per l&#8217;eliminazione della violenza contro le donne. Milano non manca all\u2019appello","datePublished":"2025-11-26T15:01:54+00:00","dateModified":"2025-11-26T15:09:38+00:00","mainEntityOfPage":{"@id":"https:\/\/www.pressenza.com\/it\/2025\/11\/25-novembre-giornata-internazionale-per-leliminazione-della-violenza-contro-le-donne-milano-non-manca-allappello\/"},"wordCount":386,"publisher":{"@id":"https:\/\/www.pressenza.com\/it\/#organization"},"image":{"@id":"https:\/\/www.pressenza.com\/it\/2025\/11\/25-novembre-giornata-internazionale-per-leliminazione-della-violenza-contro-le-donne-milano-non-manca-allappello\/#primaryimage"},"thumbnailUrl":"https:\/\/www.pressenza.com\/wp-content\/uploads\/2025\/11\/corteo-Mi-25.11.25.jpg","keywords":["25 novembre","Giornata internazionale per l'eliminazione della violenza contro le donne","manifestazione","Palestina","reato di femminicidio"],"articleSection":["contenuti originali","Cronaca","Diritti Umani","Europa","Fotoreportages","Genere e femminismi","Medio Oriente"],"inLanguage":"it-IT"},{"@type":"WebPage","@id":"https:\/\/www.pressenza.com\/it\/2025\/11\/25-novembre-giornata-internazionale-per-leliminazione-della-violenza-contro-le-donne-milano-non-manca-allappello\/","url":"https:\/\/www.pressenza.com\/it\/2025\/11\/25-novembre-giornata-internazionale-per-leliminazione-della-violenza-contro-le-donne-milano-non-manca-allappello\/","name":"25 novembre, Giornata internazionale per l'eliminazione della violenza contro le donne. Milano non manca all\u2019appello","isPartOf":{"@id":"https:\/\/www.pressenza.com\/it\/#website"},"primaryImageOfPage":{"@id":"https:\/\/www.pressenza.com\/it\/2025\/11\/25-novembre-giornata-internazionale-per-leliminazione-della-violenza-contro-le-donne-milano-non-manca-allappello\/#primaryimage"},"image":{"@id":"https:\/\/www.pressenza.com\/it\/2025\/11\/25-novembre-giornata-internazionale-per-leliminazione-della-violenza-contro-le-donne-milano-non-manca-allappello\/#primaryimage"},"thumbnailUrl":"https:\/\/www.pressenza.com\/wp-content\/uploads\/2025\/11\/corteo-Mi-25.11.25.jpg","datePublished":"2025-11-26T15:01:54+00:00","dateModified":"2025-11-26T15:09:38+00:00","description":"Milano non resta a guardare. Il 25 novembre da Porta Venezia fino alla fermata della metro di Lodi, migliaia di persone hanno riempito le strade","breadcrumb":{"@id":"https:\/\/www.pressenza.com\/it\/2025\/11\/25-novembre-giornata-internazionale-per-leliminazione-della-violenza-contro-le-donne-milano-non-manca-allappello\/#breadcrumb"},"inLanguage":"it-IT","potentialAction":[{"@type":"ReadAction","target":["https:\/\/www.pressenza.com\/it\/2025\/11\/25-novembre-giornata-internazionale-per-leliminazione-della-violenza-contro-le-donne-milano-non-manca-allappello\/"]}]},{"@type":"ImageObject","inLanguage":"it-IT","@id":"https:\/\/www.pressenza.com\/it\/2025\/11\/25-novembre-giornata-internazionale-per-leliminazione-della-violenza-contro-le-donne-milano-non-manca-allappello\/#primaryimage","url":"https:\/\/www.pressenza.com\/wp-content\/uploads\/2025\/11\/corteo-Mi-25.11.25.jpg","contentUrl":"https:\/\/www.pressenza.com\/wp-content\/uploads\/2025\/11\/corteo-Mi-25.11.25.jpg","width":1920,"height":1440},{"@type":"BreadcrumbList","@id":"https:\/\/www.pressenza.com\/it\/2025\/11\/25-novembre-giornata-internazionale-per-leliminazione-della-violenza-contro-le-donne-milano-non-manca-allappello\/#breadcrumb","itemListElement":[{"@type":"ListItem","position":1,"name":"Accueil","item":"https:\/\/www.pressenza.com\/it\/"},{"@type":"ListItem","position":2,"name":"25 novembre, Giornata internazionale per l&#8217;eliminazione della violenza contro le donne. Milano non manca all\u2019appello"}]},{"@type":"WebSite","@id":"https:\/\/www.pressenza.com\/it\/#website","url":"https:\/\/www.pressenza.com\/it\/","name":"Pressenza","description":"Agenzia di Stampa Internazionale","publisher":{"@id":"https:\/\/www.pressenza.com\/it\/#organization"},"potentialAction":[{"@type":"SearchAction","target":{"@type":"EntryPoint","urlTemplate":"https:\/\/www.pressenza.com\/it\/?s={search_term_string}"},"query-input":{"@type":"PropertyValueSpecification","valueRequired":true,"valueName":"search_term_string"}}],"inLanguage":"it-IT"},{"@type":"Organization","@id":"https:\/\/www.pressenza.com\/it\/#organization","name":"Pressenza","url":"https:\/\/www.pressenza.com\/it\/","logo":{"@type":"ImageObject","inLanguage":"it-IT","@id":"https:\/\/www.pressenza.com\/it\/#\/schema\/logo\/image\/","url":"https:\/\/www.pressenza.com\/wp-content\/uploads\/2022\/10\/pressenza_logo_200x200.jpg","contentUrl":"https:\/\/www.pressenza.com\/wp-content\/uploads\/2022\/10\/pressenza_logo_200x200.jpg","width":200,"height":200,"caption":"Pressenza"},"image":{"@id":"https:\/\/www.pressenza.com\/it\/#\/schema\/logo\/image\/"},"sameAs":["https:\/\/www.facebook.com\/PressenzaItalia","https:\/\/x.com\/PressenzaIPA"]},{"@type":"Person","@id":"https:\/\/www.pressenza.com\/it\/#\/schema\/person\/8187b6b0d223745b278465bbff6de83b","name":"Giulia Camuffo","url":"https:\/\/www.pressenza.com\/it\/author\/giulia-camuffo\/"}]}},"place":"Milano","original_article_url":"","_links":{"self":[{"href":"https:\/\/www.pressenza.com\/it\/wp-json\/wp\/v2\/posts\/2656138","targetHints":{"allow":["GET"]}}],"collection":[{"href":"https:\/\/www.pressenza.com\/it\/wp-json\/wp\/v2\/posts"}],"about":[{"href":"https:\/\/www.pressenza.com\/it\/wp-json\/wp\/v2\/types\/post"}],"author":[{"embeddable":true,"href":"https:\/\/www.pressenza.com\/it\/wp-json\/wp\/v2\/users\/2569"}],"replies":[{"embeddable":true,"href":"https:\/\/www.pressenza.com\/it\/wp-json\/wp\/v2\/comments?post=2656138"}],"version-history":[{"count":3,"href":"https:\/\/www.pressenza.com\/it\/wp-json\/wp\/v2\/posts\/2656138\/revisions"}],"predecessor-version":[{"id":2656151,"href":"https:\/\/www.pressenza.com\/it\/wp-json\/wp\/v2\/posts\/2656138\/revisions\/2656151"}],"wp:featuredmedia":[{"embeddable":true,"href":"https:\/\/www.pressenza.com\/it\/wp-json\/wp\/v2\/media\/2656140"}],"wp:attachment":[{"href":"https:\/\/www.pressenza.com\/it\/wp-json\/wp\/v2\/media?parent=2656138"}],"wp:term":[{"taxonomy":"category","embeddable":true,"href":"https:\/\/www.pressenza.com\/it\/wp-json\/wp\/v2\/categories?post=2656138"},{"taxonomy":"post_tag","embeddable":true,"href":"https:\/\/www.pressenza.com\/it\/wp-json\/wp\/v2\/tags?post=2656138"}],"curies":[{"name":"wp","href":"https:\/\/api.w.org\/{rel}","templated":true}]}}