{"id":2655434,"date":"2025-11-24T13:10:39","date_gmt":"2025-11-24T13:10:39","guid":{"rendered":"https:\/\/www.pressenza.com\/?p=2655434"},"modified":"2025-11-24T15:03:57","modified_gmt":"2025-11-24T15:03:57","slug":"sto-dalla-parte-della-famiglia-nel-bosco-di-carlo-cuppini","status":"publish","type":"post","link":"https:\/\/www.pressenza.com\/it\/2025\/11\/sto-dalla-parte-della-famiglia-nel-bosco-di-carlo-cuppini\/","title":{"rendered":"Sto dalla parte della famiglia nel bosco, di Carlo Cuppini"},"content":{"rendered":"<p><em>Pubblichiamo di seguito la riflessione che lo scrittore e poeta Carlo Cuppini ha scritto, in un suo post Facebook, sulla vicenda della famiglia anglo-australiana che vive nel bosco in Abruzzo. Un riflessione critica di una lucidit\u00e0 inaudita e che merita di essere divulgata anche solo per il suo messaggio umanistico.<\/em><\/p>\n<p>Sto dalla parte della famiglia nel bosco. Non perch\u00e9 personalmente condivida la loro scelta. La rispetto, e in qualche modo ne sono anche affascinato: ma io sono sempre per la scuola pubblica, e per vivere in mezzo alle cose, dentro la societ\u00e0, con tutti gli inevitabili conflitti che ne derivano. Ma qui non conta come la penso io; conta che lo Stato NON PUO&#8217; separare i bambini dai loro genitori, allontanarli dalla loro casa, SE NON dopo un lungo e delicato percorso di conoscenza e di dialogo con la famiglia, al temine del quale risulti in modo incontrovertibile che i bambini ricevono danni concreti da determinate azioni o privazioni. Qui, a quanto pare, non c&#8217;\u00e8 niente di tutto questo.<\/p>\n<p>Niente elettricit\u00e0 (ma la madre non tiene corsi on-line?), niente bagni in casa, nessuna iscrizione a societ\u00e0 sportive (e allora?!), poche occasioni di socialit\u00e0 (ma non stanno a dieci minuti dal paese?), i genitori non hanno entrate stabili (quanti italiani ne hanno?). Questi gli elementi che hanno portato alla decisione del giudice, a quanto si capisce dai media.<\/p>\n<p>Viene da chiedersi che cosa troverebbero questi assistenti sociali e questi giudici se entrassero in tutte le case italiane.<\/p>\n<p>A gennaio scorso sono stati pubblicati i risultati della ricerca del CNR sui mutamenti sociali. Rai News riportava:<\/p>\n<p>&#8220;In Italia \u00e8 boom di adolescenti \u2018lupi solitari\u2019, coloro cio\u00e8 che stanno iniziando a perdere la socialit\u00e0 al di fuori della scuola. I ragazzi con esperienze sociali in rapida riduzione sono triplicati in tre anni, passando dal 15 al 39,4%, in pratica due giovani su 5, tra i 14 e i 19 anni. Dati ancora pi\u00f9 allarmanti per quanto riguarda i cosiddetti \u2018ritirati sociali\u2019, ovvero coloro che hanno scelto il completo isolamento da qualsiasi contesto sociale e si sono autoreclusi in casa. I cosiddetti Hikikomori, sono quasi raddoppiati in Italia DOPO LA PANDEMIA, passando dal 5,6% del 2019 al 9,7% del 2022, ovvero uno su 10 in questa fascia d&#8217;et\u00e0.&#8221;<\/p>\n<p>Il maiuscolo \u00e8 mio.<\/p>\n<p>Dove erano questi assistenti sociali, questi giudici, e tutti i sostenitori di questa decisione, quando il governo Conte II chiudeva in casa i bambini e i ragazzi e &#8220;buttava la chiave&#8221;? Quel governo non \u00e8 stato capace di pronunciare la parola &#8220;bambini&#8221; per settimane, dopo la chiusura dei cittadini tra le loro quattro mura di casa. Che in moltissimi casi erano mura molto vicine, a perimetrare pochi metri quadrati. Nonostante gli allarmi di psicologi, educatori, pedagogici, non \u00e8 stato concesso niente ai bambini; non \u00e8 stato riconosciuto che i bambini e gli adolescenti hanno uno statuto speciale, hanno bisogni speciali, hanno fragilit\u00e0 speciali. Niente. Ovunque, all&#8217;estero, i bisogni dei bambini e dei ragazzi sono stati considerati, prevedendo casi di specie ed eccezione. N\u00e9 in Svizzera, n\u00e9 in Francia, n\u00e9 in Germania, n\u00e9 in Spagna, n\u00e9 in UK &#8211; per non parlare dei paesi nordici &#8211; ai bambini e ai ragazzi \u00e8 stato impedito di uscire di casa per mesi.<\/p>\n<p>Quando tra maggio e giugno 2020 si \u00e8 riaperto tutto (e migliaia di persone si &#8220;assembravano&#8221; per assistere all&#8217;autocelebrazione dello Stato &#8211; le Frecce Tricolore &#8211; e si riaprivano le frontiere, e gli anziani riprendevano a sfogliare la stessa copia sporca di marmellata dei quotidiani nei bar) dei bambini non si \u00e8 ricordato nessuno: la scuola \u00e8 stato l&#8217;unico contesto sociale a non riaprire, neanche per un simbolico (quanto sarebbe stato importante!) saluto finale; chi ha finito un ciclo (quinta elementare, terza media, quinta superiore) non ha mai pi\u00f9 rivisto compagni e insegnanti. La richiesta avanzata da alcune parti per riprendere la scuola a luglio e dare un senso &#8211; anche sociale &#8211; all&#8217;anno scolastico, non \u00e8 stata neanche presa in considerazione.<\/p>\n<p>A met\u00e0 giugno &#8211; mentre tutti ovunque facevano vita normale &#8211; c&#8217;erano ancora le transenne intorno alle aree gioco nei parchi pubblici.<\/p>\n<p>A luglio si mettevano nelle prime pagine dei quotidiani locali, invocando la caccia alle streghe, i casi in cui in una festa di compleanno veniva fuori qualche contagio; come se quegli episodi (e non la ripresa di TUTTE le attivit\u00e0 sociali del Paese) dovessero vanificare la (folle, insensata, oserei direi criminale) strategia del Ministero della Salute &#8220;zero covid \/ rischio zero&#8221;.<\/p>\n<p>A settembre i bambini tornavano a scuola e all&#8217;asilo con norme che non possono essere definite se non come disumane. Norme che si \u00e8 pure permesso di interpretare in modo estensivo a singoli dirigenti e a singoli insegnanti: impossibile dimenticare &#8220;le bolle&#8221; in cui i bambini di due, tre, quattro, cinque anni erano costretti a stare, in alcuni asili e scuole infanzia, senza potere entrare in contatto con una serie di compagni.<\/p>\n<p>Dopo poche settimane, l&#8217;obbligo di mascherina al banco &#8211; un caso quasi unico nel mondo occidentale, contro cui con tanti genitori ed educatori ci siamo battuti a colpi di petizioni, lettere, mobilitazioni. La decisione del governo \u00e8 stata bocciata da una serie di pronunciamenti dei TAR e del Consiglio di Stato&#8230; senonch\u00e9 ogni volta che una sentenza bocciava un DPCM, quello era gi\u00e0 scaduto, e sostituito da un altro uguale, con il risultato che i pronunciamenti dei magistrati erano destinati a non avere effetto.<br \/>\nA fine 2021 si \u00e8 permesso a Repubblica di ingannare bambini e ragazzi con il\u00a0 video &#8220;La favola del cavaliere anti-covid&#8221;, che nel finale affermava: &#8220;[con il vaccino] diventerete cavaliere anti-coronavirus, sconfiggerete il drago e NON CONTAGERETE genitori e nonni.&#8221;<\/p>\n<p>A inizio 2022 magistrati, assistenti sociali, garante nazionale infanzia (in contrasto con molti garanti regionali, ben pi\u00f9 lucidi e coraggiosi), non hanno battuto ciglio quando si \u00e8 deciso che adolescenti sani, capaci anche di provare il proprio stato di salute con un tampone negativo, non potessero salire sui mezzi pubblici, andare al bar o al ristorante, al cinema, a teatro e nei musei, non potessero fare sport; in altre parole, come \u00e8 stato detto da vari esponenti politici (e anche medici e scienziati), sono stati ESCLUSI DALLA VITA SOCIALE, per mesi, al pari di tutti i non vaccinati (che, stando alla famosa risoluzione del Consiglio d&#8217;Europa di gennaio 2021 non avrebbero mai dovuto subire nessun genere di discriminazione).<\/p>\n<p>In quel caso diverse societ\u00e0 sportive si sono mobilitate contro questa abominevole infamia di Stato, denunciando i rischi derivanti dall&#8217;interruzione di percorsi sportivi, a volte agonistici, a migliaia di adolescenti che avevano fatto sacrifici per anni.<\/p>\n<p>NON GLIENE E&#8217; FREGATO NIENTE A NESSUNO: politici, scienziati, garante, magistrali, Corte Costituzionale, Unicef, societ\u00e0 civile&#8230;<\/p>\n<p>Non proprio a nessuno: ci sono stati appelli di professori universitari, un documento di Amnesty, voci di garanti regionali e di psicologi e pedagogisti; e manifestazioni, e i portuali di Trieste, e Barbero, Agamben, Cacciari e Mattei, e scioperi e digiuni: gocce nell&#8217;oceano del conformismo terrificante che &#8211; in barba a qualunque principio di razionalit\u00e0 &#8211; ha saldato l&#8217;intero corpo sociale, dall&#8217;uomo della strada al Presidente della Repubblica.<\/p>\n<p>Non gliene \u00e8 fregato niente a nessuno, e adesso, che mese dopo mese raccogliamo tra i giovanissimi la devastazione che la classe dirigente pandemica ha seminato, questi indifferenti vanno a misurare &#8211; chiss\u00e0 con quali sofisticate strumentazioni &#8211; il livello di socialit\u00e0 dei bambini nel bosco.<\/p>\n<p>E ancora: cosa hanno da dire i promotori e i sostenitori della separazione di questi bambini dai loro genitori su un sistema economico che strutturalmente esclude alcuni milioni di famiglie &#8211; quindi milioni di bambini e ragazzi &#8211; dalla possibilit\u00e0 di accedere a condizioni di vita minimamente dignitose e salubri? E cosa hanno da dire su un sistema politico che &#8211; tradendo il dettato costituzionale &#8211; non \u00e8 in grado di ridistribuire la ricchezza per garantire a questi bambini e ragazzi opportunit\u00e0 pari a quelle di tutti i loro coetanei?<\/p>\n<p>&nbsp;<\/p>\n<div class=\"has_ae_slider elementor-element elementor-element-c9a6f7e e-con-full e-flex ae-bg-gallery-type-default e-con e-child\" data-dce-background-color=\"#F5F5F5\" data-id=\"c9a6f7e\" data-element_type=\"container\" data-settings=\"{&quot;background_background&quot;:&quot;classic&quot;}\">\n<div class=\"elementor-element elementor-element-7af2b4a avatarbio elementor-widget elementor-widget-ae-author\" data-id=\"7af2b4a\" data-element_type=\"widget\" data-widget_type=\"ae-author.default\">\n<div class=\"elementor-widget-container\">\n<div class=\"ae-element-avatar overlay-never\">\n<p><img loading=\"lazy\" decoding=\"async\" class=\"avatar avatar-160 photo sab-custom-avatar alignleft\" src=\"https:\/\/marcosymarcos.com\/wp-content\/uploads\/wpallimport\/files\/fotoautori\/CarloCuppini.JPG\" srcset=\"https:\/\/marcosymarcos.com\/wp-content\/uploads\/wpallimport\/files\/fotoautori\/CarloCuppini.JPG 2x\" alt=\"\" width=\"160\" height=\"160\" data-cmp-info=\"10\" \/><\/p>\n<div class=\"has_ae_slider elementor-element elementor-element-bac9b06 e-con-full e-flex ae-bg-gallery-type-default e-con e-child\" style=\"text-align: left;\" data-dce-background-color=\"#F5F5F5\" data-id=\"bac9b06\" data-element_type=\"container\" data-settings=\"{&quot;background_background&quot;:&quot;classic&quot;}\">\n<div class=\"elementor-element elementor-element-3165254 elementor-widget__width-auto elementor-widget elementor-widget-ae-author\" data-id=\"3165254\" data-element_type=\"widget\" data-widget_type=\"ae-author.default\">\n<div class=\"elementor-widget-container\">\n<div class=\"ae-author-meta-wrapper\">\n<h1>Carlo Cuppini<\/h1>\n<\/div>\n<\/div>\n<\/div>\n<\/div>\n<div class=\"has_ae_slider elementor-element elementor-element-06b6449 e-con-full e-flex ae-bg-gallery-type-default e-con e-child\" style=\"text-align: left;\" data-dce-background-color=\"#F5F5F5\" data-id=\"06b6449\" data-element_type=\"container\" data-settings=\"{&quot;background_background&quot;:&quot;classic&quot;}\">\n<div class=\"elementor-element elementor-element-6b764f8 elementor-widget__width-inherit elementor-widget elementor-widget-ae-author\" data-id=\"6b764f8\" data-element_type=\"widget\" data-widget_type=\"ae-author.default\">\n<div class=\"elementor-widget-container\">\n<div class=\"ae-author-meta-wrapper\">\n<p><em>Carlo Cuppini \u00e8 nato a Urbino nel 1980 e da quindici anni vive a Firenze, dove lavora come libraio, redattore editoriale e organizzatore culturale. Romanziere, saggista e poeta, d<\/em><em>opo aver dedicato il suo primo romanzo a Giordano Bruno, si \u00e8 totalmente immerso, per qualche anno, nella magia del teatro. Durante la Covid-19 \u00e8 stato tra gli intellettuali che ha criticato la gestione riduzionista e securitaria della crisi sanitaria, ponendo l&#8217;accento sull&#8217;assurdit\u00e0 delle politiche pandemiche, del Green Pass e criticando le strategie vaccinali. Sul tema, nel 2021, \u00e8 tra gli autori del capitolo \u201cL\u2019estate delle non persone\u201d nel libro <i>\u201cNoi siamo l\u2019opposizione che non si sente\u201d, a cura di Giulio Milani, Transeuropa edizioni<\/i>. Nel 2023 scrive la prefazione <a href=\"https:\/\/edizionimalamente.it\/prefazioni_etc\/Prefazione-Carlo-Cuppini-La-Lezione-del-virus.pdf\">&#8220;Un&#8217;altra storia&#8221;<\/a> al libro &#8220;Lezioni dal virus. Diario pandemico di un insegnante incredulo&#8221; di Nino Finauri. H<\/em><em>a pubblicato un libro di racconti onirici e fantascientifici, &#8220;Il mondo senza gli atomi&#8221;, e due libri di poesie, &#8220;Militanza del fiore&#8221; e &#8220;Quando le volpi puniscono gli uomini&#8221;; ha collaborato come poeta e drammaturgo con gruppi di ricerca teatrale ,coreografica e musicale. <\/em><em>Conduce attivit\u00e0 creative con i bambini. &#8220;<\/em><em>Il mistero delle meraviglie scomparse&#8221; \u00e8 il suo primo libro per bambini.<\/em><\/p>\n<\/div>\n<\/div>\n<\/div>\n<\/div>\n<\/div>\n<\/div>\n<\/div>\n<\/div>\n","protected":false},"excerpt":{"rendered":"<p>Pubblichiamo di seguito la riflessione che lo scrittore e poeta Carlo Cuppini ha scritto, in un suo post Facebook, sulla vicenda della famiglia anglo-australiana che vive nel bosco in Abruzzo. Un riflessione critica di una lucidit\u00e0 inaudita e che merita&hellip;<\/p>\n","protected":false},"author":594,"featured_media":2655453,"comment_status":"closed","ping_status":"closed","sticky":false,"template":"","format":"standard","meta":{"footnotes":""},"categories":[60,47,1261,162],"tags":[146982,146981],"class_list":["post-2655434","post","type-post","status-publish","format-standard","has-post-thumbnail","hentry","category-diritti-umani","category-europa","category-diversita","category-opinioni","tag-carlo-cuppini","tag-sto-dalla-parte-della-famiglia-nel-bosco"],"yoast_head":"<!-- This site is optimized with the Yoast SEO plugin v27.1.1 - https:\/\/yoast.com\/product\/yoast-seo-wordpress\/ -->\n<title>Sto dalla parte della famiglia nel bosco, di Carlo Cuppini<\/title>\n<meta name=\"description\" content=\"Pubblichiamo di seguito la riflessione che lo scrittore e poeta Carlo Cuppini ha scritto, in un suo post Facebook, sulla vicenda della famiglia\" \/>\n<meta name=\"robots\" content=\"index, follow, max-snippet:-1, max-image-preview:large, max-video-preview:-1\" \/>\n<link rel=\"canonical\" href=\"https:\/\/www.pressenza.com\/it\/2025\/11\/sto-dalla-parte-della-famiglia-nel-bosco-di-carlo-cuppini\/\" \/>\n<meta property=\"og:locale\" content=\"it_IT\" \/>\n<meta property=\"og:type\" content=\"article\" \/>\n<meta property=\"og:title\" content=\"Sto dalla parte della famiglia nel bosco, di Carlo Cuppini\" \/>\n<meta property=\"og:description\" content=\"Pubblichiamo di seguito la riflessione che lo scrittore e poeta Carlo Cuppini ha scritto, in un suo post Facebook, sulla vicenda della famiglia\" \/>\n<meta property=\"og:url\" content=\"https:\/\/www.pressenza.com\/it\/2025\/11\/sto-dalla-parte-della-famiglia-nel-bosco-di-carlo-cuppini\/\" \/>\n<meta property=\"og:site_name\" content=\"Pressenza\" \/>\n<meta property=\"article:publisher\" content=\"https:\/\/www.facebook.com\/PressenzaItalia\" \/>\n<meta property=\"article:author\" content=\"https:\/\/www.facebook.com\/PressenzaItalia\" \/>\n<meta property=\"article:published_time\" content=\"2025-11-24T13:10:39+00:00\" \/>\n<meta property=\"article:modified_time\" content=\"2025-11-24T15:03:57+00:00\" \/>\n<meta property=\"og:image\" content=\"https:\/\/www.pressenza.com\/wp-content\/uploads\/2025\/11\/Famiglia-anglo-australiana-che-vive-in-un-bosco-in-Abruzzo-1.jpg\" \/>\n\t<meta property=\"og:image:width\" content=\"960\" \/>\n\t<meta property=\"og:image:height\" content=\"600\" \/>\n\t<meta property=\"og:image:type\" content=\"image\/jpeg\" \/>\n<meta name=\"author\" content=\"Redazione Italia\" \/>\n<meta name=\"twitter:card\" content=\"summary_large_image\" \/>\n<meta name=\"twitter:creator\" content=\"@pressenza_it\" \/>\n<meta name=\"twitter:site\" content=\"@PressenzaIPA\" \/>\n<meta name=\"twitter:label1\" content=\"Scritto da\" \/>\n\t<meta name=\"twitter:data1\" content=\"Redazione Italia\" \/>\n\t<meta name=\"twitter:label2\" content=\"Tempo di lettura stimato\" \/>\n\t<meta name=\"twitter:data2\" content=\"9 minuti\" \/>\n<script type=\"application\/ld+json\" class=\"yoast-schema-graph\">{\"@context\":\"https:\/\/schema.org\",\"@graph\":[{\"@type\":\"Article\",\"@id\":\"https:\/\/www.pressenza.com\/it\/2025\/11\/sto-dalla-parte-della-famiglia-nel-bosco-di-carlo-cuppini\/#article\",\"isPartOf\":{\"@id\":\"https:\/\/www.pressenza.com\/it\/2025\/11\/sto-dalla-parte-della-famiglia-nel-bosco-di-carlo-cuppini\/\"},\"author\":{\"name\":\"Redazione Italia\",\"@id\":\"https:\/\/www.pressenza.com\/it\/#\/schema\/person\/d983e81827ae24f2c7b1a2123d197f8d\"},\"headline\":\"Sto dalla parte della famiglia nel bosco, di Carlo Cuppini\",\"datePublished\":\"2025-11-24T13:10:39+00:00\",\"dateModified\":\"2025-11-24T15:03:57+00:00\",\"mainEntityOfPage\":{\"@id\":\"https:\/\/www.pressenza.com\/it\/2025\/11\/sto-dalla-parte-della-famiglia-nel-bosco-di-carlo-cuppini\/\"},\"wordCount\":1499,\"publisher\":{\"@id\":\"https:\/\/www.pressenza.com\/it\/#organization\"},\"image\":{\"@id\":\"https:\/\/www.pressenza.com\/it\/2025\/11\/sto-dalla-parte-della-famiglia-nel-bosco-di-carlo-cuppini\/#primaryimage\"},\"thumbnailUrl\":\"https:\/\/www.pressenza.com\/wp-content\/uploads\/2025\/11\/Famiglia-anglo-australiana-che-vive-in-un-bosco-in-Abruzzo-1.jpg\",\"keywords\":[\"Carlo Cuppini\",\"Sto dalla parte della famiglia nel bosco\"],\"articleSection\":[\"Diritti Umani\",\"Europa\",\"Non discriminazione\",\"Opinioni\"],\"inLanguage\":\"it-IT\"},{\"@type\":\"WebPage\",\"@id\":\"https:\/\/www.pressenza.com\/it\/2025\/11\/sto-dalla-parte-della-famiglia-nel-bosco-di-carlo-cuppini\/\",\"url\":\"https:\/\/www.pressenza.com\/it\/2025\/11\/sto-dalla-parte-della-famiglia-nel-bosco-di-carlo-cuppini\/\",\"name\":\"Sto dalla parte della famiglia nel bosco, di Carlo Cuppini\",\"isPartOf\":{\"@id\":\"https:\/\/www.pressenza.com\/it\/#website\"},\"primaryImageOfPage\":{\"@id\":\"https:\/\/www.pressenza.com\/it\/2025\/11\/sto-dalla-parte-della-famiglia-nel-bosco-di-carlo-cuppini\/#primaryimage\"},\"image\":{\"@id\":\"https:\/\/www.pressenza.com\/it\/2025\/11\/sto-dalla-parte-della-famiglia-nel-bosco-di-carlo-cuppini\/#primaryimage\"},\"thumbnailUrl\":\"https:\/\/www.pressenza.com\/wp-content\/uploads\/2025\/11\/Famiglia-anglo-australiana-che-vive-in-un-bosco-in-Abruzzo-1.jpg\",\"datePublished\":\"2025-11-24T13:10:39+00:00\",\"dateModified\":\"2025-11-24T15:03:57+00:00\",\"description\":\"Pubblichiamo di seguito la riflessione che lo scrittore e poeta Carlo Cuppini ha scritto, in un suo post Facebook, sulla vicenda della famiglia\",\"breadcrumb\":{\"@id\":\"https:\/\/www.pressenza.com\/it\/2025\/11\/sto-dalla-parte-della-famiglia-nel-bosco-di-carlo-cuppini\/#breadcrumb\"},\"inLanguage\":\"it-IT\",\"potentialAction\":[{\"@type\":\"ReadAction\",\"target\":[\"https:\/\/www.pressenza.com\/it\/2025\/11\/sto-dalla-parte-della-famiglia-nel-bosco-di-carlo-cuppini\/\"]}]},{\"@type\":\"ImageObject\",\"inLanguage\":\"it-IT\",\"@id\":\"https:\/\/www.pressenza.com\/it\/2025\/11\/sto-dalla-parte-della-famiglia-nel-bosco-di-carlo-cuppini\/#primaryimage\",\"url\":\"https:\/\/www.pressenza.com\/wp-content\/uploads\/2025\/11\/Famiglia-anglo-australiana-che-vive-in-un-bosco-in-Abruzzo-1.jpg\",\"contentUrl\":\"https:\/\/www.pressenza.com\/wp-content\/uploads\/2025\/11\/Famiglia-anglo-australiana-che-vive-in-un-bosco-in-Abruzzo-1.jpg\",\"width\":960,\"height\":600},{\"@type\":\"BreadcrumbList\",\"@id\":\"https:\/\/www.pressenza.com\/it\/2025\/11\/sto-dalla-parte-della-famiglia-nel-bosco-di-carlo-cuppini\/#breadcrumb\",\"itemListElement\":[{\"@type\":\"ListItem\",\"position\":1,\"name\":\"Accueil\",\"item\":\"https:\/\/www.pressenza.com\/it\/\"},{\"@type\":\"ListItem\",\"position\":2,\"name\":\"Sto dalla parte della famiglia nel bosco, di Carlo Cuppini\"}]},{\"@type\":\"WebSite\",\"@id\":\"https:\/\/www.pressenza.com\/it\/#website\",\"url\":\"https:\/\/www.pressenza.com\/it\/\",\"name\":\"Pressenza\",\"description\":\"Agenzia di Stampa Internazionale\",\"publisher\":{\"@id\":\"https:\/\/www.pressenza.com\/it\/#organization\"},\"potentialAction\":[{\"@type\":\"SearchAction\",\"target\":{\"@type\":\"EntryPoint\",\"urlTemplate\":\"https:\/\/www.pressenza.com\/it\/?s={search_term_string}\"},\"query-input\":{\"@type\":\"PropertyValueSpecification\",\"valueRequired\":true,\"valueName\":\"search_term_string\"}}],\"inLanguage\":\"it-IT\"},{\"@type\":\"Organization\",\"@id\":\"https:\/\/www.pressenza.com\/it\/#organization\",\"name\":\"Pressenza\",\"url\":\"https:\/\/www.pressenza.com\/it\/\",\"logo\":{\"@type\":\"ImageObject\",\"inLanguage\":\"it-IT\",\"@id\":\"https:\/\/www.pressenza.com\/it\/#\/schema\/logo\/image\/\",\"url\":\"https:\/\/www.pressenza.com\/wp-content\/uploads\/2022\/10\/pressenza_logo_200x200.jpg\",\"contentUrl\":\"https:\/\/www.pressenza.com\/wp-content\/uploads\/2022\/10\/pressenza_logo_200x200.jpg\",\"width\":200,\"height\":200,\"caption\":\"Pressenza\"},\"image\":{\"@id\":\"https:\/\/www.pressenza.com\/it\/#\/schema\/logo\/image\/\"},\"sameAs\":[\"https:\/\/www.facebook.com\/PressenzaItalia\",\"https:\/\/x.com\/PressenzaIPA\"]},{\"@type\":\"Person\",\"@id\":\"https:\/\/www.pressenza.com\/it\/#\/schema\/person\/d983e81827ae24f2c7b1a2123d197f8d\",\"name\":\"Redazione Italia\",\"description\":\"News from the Pressenza Bureau in Italy\",\"sameAs\":[\"https:\/\/www.pressenza.com\/it\/author\/redazione-italia\/\",\"https:\/\/www.facebook.com\/PressenzaItalia\",\"https:\/\/www.instagram.com\/pressenza_italia\/\",\"https:\/\/x.com\/pressenza_it\",\"https:\/\/www.youtube.com\/channel\/UCSalEIWjE1RSxkwjfftFuqg\"],\"url\":\"https:\/\/www.pressenza.com\/it\/author\/redazione-italia\/\"}]}<\/script>\n<!-- \/ Yoast SEO plugin. -->","yoast_head_json":{"title":"Sto dalla parte della famiglia nel bosco, di Carlo Cuppini","description":"Pubblichiamo di seguito la riflessione che lo scrittore e poeta Carlo Cuppini ha scritto, in un suo post Facebook, sulla vicenda della famiglia","robots":{"index":"index","follow":"follow","max-snippet":"max-snippet:-1","max-image-preview":"max-image-preview:large","max-video-preview":"max-video-preview:-1"},"canonical":"https:\/\/www.pressenza.com\/it\/2025\/11\/sto-dalla-parte-della-famiglia-nel-bosco-di-carlo-cuppini\/","og_locale":"it_IT","og_type":"article","og_title":"Sto dalla parte della famiglia nel bosco, di Carlo Cuppini","og_description":"Pubblichiamo di seguito la riflessione che lo scrittore e poeta Carlo Cuppini ha scritto, in un suo post Facebook, sulla vicenda della famiglia","og_url":"https:\/\/www.pressenza.com\/it\/2025\/11\/sto-dalla-parte-della-famiglia-nel-bosco-di-carlo-cuppini\/","og_site_name":"Pressenza","article_publisher":"https:\/\/www.facebook.com\/PressenzaItalia","article_author":"https:\/\/www.facebook.com\/PressenzaItalia","article_published_time":"2025-11-24T13:10:39+00:00","article_modified_time":"2025-11-24T15:03:57+00:00","og_image":[{"width":960,"height":600,"url":"https:\/\/www.pressenza.com\/wp-content\/uploads\/2025\/11\/Famiglia-anglo-australiana-che-vive-in-un-bosco-in-Abruzzo-1.jpg","type":"image\/jpeg"}],"author":"Redazione Italia","twitter_card":"summary_large_image","twitter_creator":"@pressenza_it","twitter_site":"@PressenzaIPA","twitter_misc":{"Scritto da":"Redazione Italia","Tempo di lettura stimato":"9 minuti"},"schema":{"@context":"https:\/\/schema.org","@graph":[{"@type":"Article","@id":"https:\/\/www.pressenza.com\/it\/2025\/11\/sto-dalla-parte-della-famiglia-nel-bosco-di-carlo-cuppini\/#article","isPartOf":{"@id":"https:\/\/www.pressenza.com\/it\/2025\/11\/sto-dalla-parte-della-famiglia-nel-bosco-di-carlo-cuppini\/"},"author":{"name":"Redazione Italia","@id":"https:\/\/www.pressenza.com\/it\/#\/schema\/person\/d983e81827ae24f2c7b1a2123d197f8d"},"headline":"Sto dalla parte della famiglia nel bosco, di Carlo Cuppini","datePublished":"2025-11-24T13:10:39+00:00","dateModified":"2025-11-24T15:03:57+00:00","mainEntityOfPage":{"@id":"https:\/\/www.pressenza.com\/it\/2025\/11\/sto-dalla-parte-della-famiglia-nel-bosco-di-carlo-cuppini\/"},"wordCount":1499,"publisher":{"@id":"https:\/\/www.pressenza.com\/it\/#organization"},"image":{"@id":"https:\/\/www.pressenza.com\/it\/2025\/11\/sto-dalla-parte-della-famiglia-nel-bosco-di-carlo-cuppini\/#primaryimage"},"thumbnailUrl":"https:\/\/www.pressenza.com\/wp-content\/uploads\/2025\/11\/Famiglia-anglo-australiana-che-vive-in-un-bosco-in-Abruzzo-1.jpg","keywords":["Carlo Cuppini","Sto dalla parte della famiglia nel bosco"],"articleSection":["Diritti Umani","Europa","Non discriminazione","Opinioni"],"inLanguage":"it-IT"},{"@type":"WebPage","@id":"https:\/\/www.pressenza.com\/it\/2025\/11\/sto-dalla-parte-della-famiglia-nel-bosco-di-carlo-cuppini\/","url":"https:\/\/www.pressenza.com\/it\/2025\/11\/sto-dalla-parte-della-famiglia-nel-bosco-di-carlo-cuppini\/","name":"Sto dalla parte della famiglia nel bosco, di Carlo Cuppini","isPartOf":{"@id":"https:\/\/www.pressenza.com\/it\/#website"},"primaryImageOfPage":{"@id":"https:\/\/www.pressenza.com\/it\/2025\/11\/sto-dalla-parte-della-famiglia-nel-bosco-di-carlo-cuppini\/#primaryimage"},"image":{"@id":"https:\/\/www.pressenza.com\/it\/2025\/11\/sto-dalla-parte-della-famiglia-nel-bosco-di-carlo-cuppini\/#primaryimage"},"thumbnailUrl":"https:\/\/www.pressenza.com\/wp-content\/uploads\/2025\/11\/Famiglia-anglo-australiana-che-vive-in-un-bosco-in-Abruzzo-1.jpg","datePublished":"2025-11-24T13:10:39+00:00","dateModified":"2025-11-24T15:03:57+00:00","description":"Pubblichiamo di seguito la riflessione che lo scrittore e poeta Carlo Cuppini ha scritto, in un suo post Facebook, sulla vicenda della famiglia","breadcrumb":{"@id":"https:\/\/www.pressenza.com\/it\/2025\/11\/sto-dalla-parte-della-famiglia-nel-bosco-di-carlo-cuppini\/#breadcrumb"},"inLanguage":"it-IT","potentialAction":[{"@type":"ReadAction","target":["https:\/\/www.pressenza.com\/it\/2025\/11\/sto-dalla-parte-della-famiglia-nel-bosco-di-carlo-cuppini\/"]}]},{"@type":"ImageObject","inLanguage":"it-IT","@id":"https:\/\/www.pressenza.com\/it\/2025\/11\/sto-dalla-parte-della-famiglia-nel-bosco-di-carlo-cuppini\/#primaryimage","url":"https:\/\/www.pressenza.com\/wp-content\/uploads\/2025\/11\/Famiglia-anglo-australiana-che-vive-in-un-bosco-in-Abruzzo-1.jpg","contentUrl":"https:\/\/www.pressenza.com\/wp-content\/uploads\/2025\/11\/Famiglia-anglo-australiana-che-vive-in-un-bosco-in-Abruzzo-1.jpg","width":960,"height":600},{"@type":"BreadcrumbList","@id":"https:\/\/www.pressenza.com\/it\/2025\/11\/sto-dalla-parte-della-famiglia-nel-bosco-di-carlo-cuppini\/#breadcrumb","itemListElement":[{"@type":"ListItem","position":1,"name":"Accueil","item":"https:\/\/www.pressenza.com\/it\/"},{"@type":"ListItem","position":2,"name":"Sto dalla parte della famiglia nel bosco, di Carlo Cuppini"}]},{"@type":"WebSite","@id":"https:\/\/www.pressenza.com\/it\/#website","url":"https:\/\/www.pressenza.com\/it\/","name":"Pressenza","description":"Agenzia di Stampa Internazionale","publisher":{"@id":"https:\/\/www.pressenza.com\/it\/#organization"},"potentialAction":[{"@type":"SearchAction","target":{"@type":"EntryPoint","urlTemplate":"https:\/\/www.pressenza.com\/it\/?s={search_term_string}"},"query-input":{"@type":"PropertyValueSpecification","valueRequired":true,"valueName":"search_term_string"}}],"inLanguage":"it-IT"},{"@type":"Organization","@id":"https:\/\/www.pressenza.com\/it\/#organization","name":"Pressenza","url":"https:\/\/www.pressenza.com\/it\/","logo":{"@type":"ImageObject","inLanguage":"it-IT","@id":"https:\/\/www.pressenza.com\/it\/#\/schema\/logo\/image\/","url":"https:\/\/www.pressenza.com\/wp-content\/uploads\/2022\/10\/pressenza_logo_200x200.jpg","contentUrl":"https:\/\/www.pressenza.com\/wp-content\/uploads\/2022\/10\/pressenza_logo_200x200.jpg","width":200,"height":200,"caption":"Pressenza"},"image":{"@id":"https:\/\/www.pressenza.com\/it\/#\/schema\/logo\/image\/"},"sameAs":["https:\/\/www.facebook.com\/PressenzaItalia","https:\/\/x.com\/PressenzaIPA"]},{"@type":"Person","@id":"https:\/\/www.pressenza.com\/it\/#\/schema\/person\/d983e81827ae24f2c7b1a2123d197f8d","name":"Redazione Italia","description":"News from the Pressenza Bureau in Italy","sameAs":["https:\/\/www.pressenza.com\/it\/author\/redazione-italia\/","https:\/\/www.facebook.com\/PressenzaItalia","https:\/\/www.instagram.com\/pressenza_italia\/","https:\/\/x.com\/pressenza_it","https:\/\/www.youtube.com\/channel\/UCSalEIWjE1RSxkwjfftFuqg"],"url":"https:\/\/www.pressenza.com\/it\/author\/redazione-italia\/"}]}},"place":"","original_article_url":"","_links":{"self":[{"href":"https:\/\/www.pressenza.com\/it\/wp-json\/wp\/v2\/posts\/2655434","targetHints":{"allow":["GET"]}}],"collection":[{"href":"https:\/\/www.pressenza.com\/it\/wp-json\/wp\/v2\/posts"}],"about":[{"href":"https:\/\/www.pressenza.com\/it\/wp-json\/wp\/v2\/types\/post"}],"author":[{"embeddable":true,"href":"https:\/\/www.pressenza.com\/it\/wp-json\/wp\/v2\/users\/594"}],"replies":[{"embeddable":true,"href":"https:\/\/www.pressenza.com\/it\/wp-json\/wp\/v2\/comments?post=2655434"}],"version-history":[{"count":6,"href":"https:\/\/www.pressenza.com\/it\/wp-json\/wp\/v2\/posts\/2655434\/revisions"}],"predecessor-version":[{"id":2655469,"href":"https:\/\/www.pressenza.com\/it\/wp-json\/wp\/v2\/posts\/2655434\/revisions\/2655469"}],"wp:featuredmedia":[{"embeddable":true,"href":"https:\/\/www.pressenza.com\/it\/wp-json\/wp\/v2\/media\/2655453"}],"wp:attachment":[{"href":"https:\/\/www.pressenza.com\/it\/wp-json\/wp\/v2\/media?parent=2655434"}],"wp:term":[{"taxonomy":"category","embeddable":true,"href":"https:\/\/www.pressenza.com\/it\/wp-json\/wp\/v2\/categories?post=2655434"},{"taxonomy":"post_tag","embeddable":true,"href":"https:\/\/www.pressenza.com\/it\/wp-json\/wp\/v2\/tags?post=2655434"}],"curies":[{"name":"wp","href":"https:\/\/api.w.org\/{rel}","templated":true}]}}