{"id":2654480,"date":"2025-11-21T09:32:30","date_gmt":"2025-11-21T09:32:30","guid":{"rendered":"https:\/\/www.pressenza.com\/?p=2654480"},"modified":"2025-11-21T09:32:30","modified_gmt":"2025-11-21T09:32:30","slug":"cosa-fare-affinche-un-bene-confiscato-diventi-bene-comune","status":"publish","type":"post","link":"https:\/\/www.pressenza.com\/it\/2025\/11\/cosa-fare-affinche-un-bene-confiscato-diventi-bene-comune\/","title":{"rendered":"Cosa fare affinch\u00e9 un bene confiscato diventi bene comune"},"content":{"rendered":"<p><b>L&#8217;Italia vive oggi una duplice emergenza<\/b><span style=\"font-weight: 400;\">, che rappresenta al tempo stesso un&#8217;opportunit\u00e0: <\/span><b>da una parte, un vasto patrimonio di beni immobili confiscati alle mafie che rimane in gran parte inutilizzato<\/b><span style=\"font-weight: 400;\">; <\/span><b>dall&#8217;altra, un crescente bisogno di infrastrutture sociali, in particolare nel campo dell&#8217;abitare<\/b><span style=\"font-weight: 400;\">. I dati dell&#8217;Agenzia Nazionale per i beni sequestrati e confiscati parlano chiaro: oltre 36.000 beni immobili sottratti alla criminalit\u00e0 organizzata dal 1982 a oggi, di cui pi\u00f9 di 19.000 ancora in gestione dell\u2019Agenzia, spesso non riutilizzati a causa di criticit\u00e0 strutturali, giuridiche o amministrative. A questi si affiancano migliaia di beni immobili di propriet\u00e0 pubblica, anch\u2019essi non utilizzati o sottoutilizzati. Allo stesso tempo, l&#8217;Italia presenta uno dei pi\u00f9 bassi tassi di edilizia residenziale pubblica in Europa (4% contro una media UE del 9%) e un&#8217;offerta carente di <\/span><i><span style=\"font-weight: 400;\">housing<\/span><\/i><span style=\"font-weight: 400;\"> sociale, studentati, residenze per giovani e adulti fragili, soluzioni abitative per l&#8217;autonomia di persone con disabilit\u00e0 o con bisogni educativi speciali. Il risultato \u00e8 un &#8220;<\/span><i><span style=\"font-weight: 400;\">gap infrastrutturale<\/span><\/i><span style=\"font-weight: 400;\">&#8221; che produce esclusione, marginalit\u00e0 e spreco di opportunit\u00e0. Tuttavia, la rigenerazione di questi spazi pu\u00f2 rappresentare una potente leva di coesione e sviluppo territoriale, se accompagnata da politiche pubbliche adeguate, finanza a impatto e protagonismo delle comunit\u00e0 locali. <\/span><b>La sfida non \u00e8 solo quella di restituire immobili alla collettivit\u00e0, ma di farne epicentri di nuova infrastrutturazione civica, dove le funzioni abitative si integrano con attivit\u00e0 educative, culturali, produttive e mutualistiche<\/b><span style=\"font-weight: 400;\">. Sono alcune delle considerazioni contenute nel <\/span><b>report di<\/b> <b>Cantieri ViceVersa 2025<\/b><span style=\"font-weight: 400;\">, un progetto avviato nel 2019, promosso dal <\/span><b>Forum Nazionale del Terzo Settore<\/b><span style=\"font-weight: 400;\"> e dal <\/span><b>Forum per la Finanza Sostenibile<\/b><span style=\"font-weight: 400;\">, con l\u2019intento di agevolare il dialogo, il confronto e la conoscenza reciproca tra Enti del Terzo Settore (ETS) e operatori finanziari e di analizzare gli strumenti di finanza sostenibile in grado di rispondere alle esigenze del Terzo settore italiano. Il report, che \u00e8 stato presentato a Roma lo scorso 10 novembre, raccoglie i contributi emersi durante la <\/span><i><span style=\"font-weight: 400;\">summer school<\/span><\/i><span style=\"font-weight: 400;\"> di luglio, a Salerno.\u00a0<\/span><\/p>\n<p><span style=\"font-weight: 400;\">\u201c<\/span><i><span style=\"font-weight: 400;\">Riattivare i beni confiscati alla mafia<\/span><\/i><span style=\"font-weight: 400;\">, si legge nel report, <\/span><i><span style=\"font-weight: 400;\">\u00e8 molto difficile tanto per gli enti pubblici quanto per gli Enti del Terzo Settore, in particolare per le associazioni; Sono centinaia i beni formalmente assegnati a soggetti statali (polizia, carabinieri, guardia di finanza, ministeri) che si trovano in stato di abbandono. Sono parecchie migliaia i beni formalmente destinati agli enti locali che non sono utilizzati. Il pessimo stato dei beni, l&#8217;assenza di risorse economiche, i problemi burocratici nella regolarizzazione urbanistica dei beni, l&#8217;incapacit\u00e0 istituzionale di gestione concorrono a questo fallimento<\/span><\/i><span style=\"font-weight: 400;\">\u201d. Purtroppo, nella maggior parte dei casi i beni oggetto di confisca (case, capannoni, terreni) necessitano di significativi interventi per poter essere utilizzati, per poter essere adeguati agli utilizzi a cui verranno destinati o anche semplicemente per adeguarli alle norme vigenti. Se questi interventi strutturali dovranno essere effettuati, in tutto o in parte, dall\u2019Ente al quale il bene viene assegnato in gestione, questa attivit\u00e0 preliminare potr\u00e0 drenare ingenti risorse finanziarie e monopolizzare per anni l\u2019attenzione dell\u2019Ente, di fatto rendendo problematico, e talvolta impossibile, l\u2019utilizzo dello spazio per il progetto al quale era stato\u00a0 idealmente destinato. Nella gestione dei beni oggetto di confisca e nel loro effettivo riutilizzo per finalit\u00e0 sociali, si incontrano quindi molti aspetti problematici, a fronte dei quali molti immobili restano nei fatti inutilizzati e inutilizzabili. E i beni confiscati alle mafie non sono solo terreni, fabbricati e aziende. Ci sono anche opere d\u2019arte: nei patrimoni sequestrati e poi confiscati sono risultate comprese tele di valore, sculture, reperti archeologici e altro. E inoltre alcuni immobili di valore confiscati sono stati destinati a luoghi culturali di rilevanza. Basti pensare a Roma alla Casa del Jazz o al Nuovo Cinema Aquila. Due casi di successo in cui non \u00e8 certo bastata l\u2019assegnazione degli immobili per renderli i luoghi di cultura che oggi sono.<\/span><\/p>\n<p><span style=\"font-weight: 400;\">Ma perch\u00e9 un bene confiscato diventi bene comune servono progetti sociali credibili, certo, ma servono anche lavori di messa a norma, bonifiche, adeguamenti strutturali, costi di gestione dell\u2019avvio attivit\u00e0, coperture assicurative, bollette nei primi mesi. Oggi questi costi ricadono quasi sempre sugli enti locali (soprattutto i Comuni pi\u00f9 piccoli) e sugli enti di Terzo settore assegnatari del bene, che spesso non hanno la capacit\u00e0 finanziaria per affrontare interventi edilizi o di impresa da centinaia di migliaia di euro. Il risultato \u00e8 che una parte rilevante dei beni gi\u00e0 formalmente destinati resta, nei fatti, inutilizzata o sotto-utilizzata. E qui entra in gioco l\u2019utilizzo del <\/span><b>Fondo Unico di Giustizia<\/b><span style=\"font-weight: 400;\"> (FUG) come leva stabile per finanziare il riuso sociale e produttivo dei beni confiscati. Il FUG \u00e8 fondo istituito nel 2008 (decreto-legge n. 143\/2008) in cui confluiscono le somme di denaro, le disponibilit\u00e0 finanziarie e in alcuni casi anche i proventi della vendita di beni sottoposti a sequestro o confisca nell\u2019ambito dei procedimenti antimafia e anticorruzione. Ogni anno, con un decreto della Presidenza del Consiglio, queste risorse vengono ripartite quasi interamente tra il Ministero dell\u2019Interno e il Ministero della Giustizia. \u201c<\/span><i><span style=\"font-weight: 400;\">Oggi, per\u00f2<\/span><\/i><span style=\"font-weight: 400;\">, si sottolinea nel report, <\/span><i><span style=\"font-weight: 400;\">quel flusso finanziario \u2013 che in alcuni anni ha raggiunto centinaia di milioni di euro complessivi \u2013 non \u00e8 ancora pensato per essere utilizzato, in tutto o in parte, come capitale di investimento sociale per i beni confiscati. La richiesta che arriva da pi\u00f9 parti, reti associative, sindacali e del Terzo settore \u00e8 chiara: destinare stabilmente una quota del FUG (cio\u00e8 delle ricchezze sottratte alle mafie e alla corruzione) alla messa in sicurezza, ristrutturazione e riattivazione dei beni confiscati, e alla salvaguardia delle aziende confiscate e dei loro lavoratori. In altri termini: far s\u00ec che il denaro delle mafie finanzi il lavoro pulito e i servizi sociali nei territori che le mafie hanno controllato<\/span><\/i><span style=\"font-weight: 400;\">\u201d.<\/span><\/p>\n<p><b>Qui<\/b><span style=\"font-weight: 400;\"> il Report \u201c<\/span><b>Cantieri ViceVersa 2025<\/b><span style=\"font-weight: 400;\">. <\/span><b>Network finanziari per il Terzo settore<\/b><span style=\"font-weight: 400;\">\u201d di Autori Vari: <\/span><a href=\"https:\/\/www.cantieriviceversa.it\/_files\/ugd\/2a884f_dd8885f6a8ed49378dae3531743fd74b.pdf\"><span style=\"font-weight: 400;\">https:\/\/www.cantieriviceversa.it\/_files\/ugd\/2a884f_dd8885f6a8ed49378dae3531743fd74b.pdf<\/span><\/a><span style=\"font-weight: 400;\">.\u00a0<\/span><\/p>\n","protected":false},"excerpt":{"rendered":"<p>L&#8217;Italia vive oggi una duplice emergenza, che rappresenta al tempo stesso un&#8217;opportunit\u00e0: da una parte, un vasto patrimonio di beni immobili confiscati alle mafie che rimane in gran parte inutilizzato; dall&#8217;altra, un crescente bisogno di infrastrutture sociali, in particolare nel&hellip;<\/p>\n","protected":false},"author":2106,"featured_media":2654482,"comment_status":"closed","ping_status":"closed","sticky":false,"template":"","format":"standard","meta":{"footnotes":""},"categories":[11388,55],"tags":[90784,146773,146774,146777,146775],"class_list":["post-2654480","post","type-post","status-publish","format-standard","has-post-thumbnail","hentry","category-contenuti-originali","category-politica","tag-beni-confiscati-alla-mafia","tag-cantieri-viceversa","tag-fondo-unico-di-giustizia","tag-forum-nazionale-del-terzo-settore","tag-forum-per-la-finanza-sostenibile"],"yoast_head":"<!-- This site is optimized with the Yoast SEO plugin v27.1.1 - https:\/\/yoast.com\/product\/yoast-seo-wordpress\/ -->\n<title>Cosa fare affinch\u00e9 un bene confiscato diventi bene comune<\/title>\n<meta name=\"description\" content=\"L&#039;Italia vive oggi una duplice emergenza, che rappresenta al tempo stesso un&#039;opportunit\u00e0: da una parte, un vasto patrimonio di beni immobili confiscati\" \/>\n<meta name=\"robots\" content=\"index, follow, max-snippet:-1, max-image-preview:large, max-video-preview:-1\" \/>\n<link rel=\"canonical\" href=\"https:\/\/www.pressenza.com\/it\/2025\/11\/cosa-fare-affinche-un-bene-confiscato-diventi-bene-comune\/\" \/>\n<meta property=\"og:locale\" content=\"it_IT\" \/>\n<meta property=\"og:type\" content=\"article\" \/>\n<meta property=\"og:title\" content=\"Cosa fare affinch\u00e9 un bene confiscato diventi bene comune\" \/>\n<meta property=\"og:description\" content=\"L&#039;Italia vive oggi una duplice emergenza, che rappresenta al tempo stesso un&#039;opportunit\u00e0: da una parte, un vasto patrimonio di beni immobili confiscati\" \/>\n<meta property=\"og:url\" content=\"https:\/\/www.pressenza.com\/it\/2025\/11\/cosa-fare-affinche-un-bene-confiscato-diventi-bene-comune\/\" \/>\n<meta property=\"og:site_name\" content=\"Pressenza\" \/>\n<meta property=\"article:publisher\" content=\"https:\/\/www.facebook.com\/PressenzaItalia\" \/>\n<meta property=\"article:published_time\" content=\"2025-11-21T09:32:30+00:00\" \/>\n<meta property=\"og:image\" content=\"https:\/\/www.pressenza.com\/wp-content\/uploads\/2025\/11\/bene-confiscato-alla-mafia-Libera.jpg\" \/>\n\t<meta property=\"og:image:width\" content=\"800\" \/>\n\t<meta property=\"og:image:height\" content=\"461\" \/>\n\t<meta property=\"og:image:type\" content=\"image\/jpeg\" \/>\n<meta name=\"author\" content=\"Giovanni Caprio\" \/>\n<meta name=\"twitter:card\" content=\"summary_large_image\" \/>\n<meta name=\"twitter:creator\" content=\"@PressenzaIPA\" \/>\n<meta name=\"twitter:site\" content=\"@PressenzaIPA\" \/>\n<meta name=\"twitter:label1\" content=\"Scritto da\" \/>\n\t<meta name=\"twitter:data1\" content=\"Giovanni Caprio\" \/>\n\t<meta name=\"twitter:label2\" content=\"Tempo di lettura stimato\" \/>\n\t<meta name=\"twitter:data2\" content=\"6 minuti\" \/>\n<script type=\"application\/ld+json\" class=\"yoast-schema-graph\">{\"@context\":\"https:\/\/schema.org\",\"@graph\":[{\"@type\":\"Article\",\"@id\":\"https:\/\/www.pressenza.com\/it\/2025\/11\/cosa-fare-affinche-un-bene-confiscato-diventi-bene-comune\/#article\",\"isPartOf\":{\"@id\":\"https:\/\/www.pressenza.com\/it\/2025\/11\/cosa-fare-affinche-un-bene-confiscato-diventi-bene-comune\/\"},\"author\":{\"name\":\"Giovanni Caprio\",\"@id\":\"https:\/\/www.pressenza.com\/it\/#\/schema\/person\/841c36a613f4f6e80f5fbc9c1f8c32c8\"},\"headline\":\"Cosa fare affinch\u00e9 un bene confiscato diventi bene comune\",\"datePublished\":\"2025-11-21T09:32:30+00:00\",\"mainEntityOfPage\":{\"@id\":\"https:\/\/www.pressenza.com\/it\/2025\/11\/cosa-fare-affinche-un-bene-confiscato-diventi-bene-comune\/\"},\"wordCount\":971,\"publisher\":{\"@id\":\"https:\/\/www.pressenza.com\/it\/#organization\"},\"image\":{\"@id\":\"https:\/\/www.pressenza.com\/it\/2025\/11\/cosa-fare-affinche-un-bene-confiscato-diventi-bene-comune\/#primaryimage\"},\"thumbnailUrl\":\"https:\/\/www.pressenza.com\/wp-content\/uploads\/2025\/11\/bene-confiscato-alla-mafia-Libera.jpg\",\"keywords\":[\"beni confiscati alla mafia\",\"Cantieri ViceVersa\",\"Fondo Unico di Giustizia\",\"Forum Nazionale del Terzo Settore\",\"Forum per la Finanza Sostenibile\"],\"articleSection\":[\"contenuti originali\",\"Politica\"],\"inLanguage\":\"it-IT\"},{\"@type\":\"WebPage\",\"@id\":\"https:\/\/www.pressenza.com\/it\/2025\/11\/cosa-fare-affinche-un-bene-confiscato-diventi-bene-comune\/\",\"url\":\"https:\/\/www.pressenza.com\/it\/2025\/11\/cosa-fare-affinche-un-bene-confiscato-diventi-bene-comune\/\",\"name\":\"Cosa fare affinch\u00e9 un bene confiscato diventi bene comune\",\"isPartOf\":{\"@id\":\"https:\/\/www.pressenza.com\/it\/#website\"},\"primaryImageOfPage\":{\"@id\":\"https:\/\/www.pressenza.com\/it\/2025\/11\/cosa-fare-affinche-un-bene-confiscato-diventi-bene-comune\/#primaryimage\"},\"image\":{\"@id\":\"https:\/\/www.pressenza.com\/it\/2025\/11\/cosa-fare-affinche-un-bene-confiscato-diventi-bene-comune\/#primaryimage\"},\"thumbnailUrl\":\"https:\/\/www.pressenza.com\/wp-content\/uploads\/2025\/11\/bene-confiscato-alla-mafia-Libera.jpg\",\"datePublished\":\"2025-11-21T09:32:30+00:00\",\"description\":\"L'Italia vive oggi una duplice emergenza, che rappresenta al tempo stesso un'opportunit\u00e0: da una parte, un vasto patrimonio di beni immobili confiscati\",\"breadcrumb\":{\"@id\":\"https:\/\/www.pressenza.com\/it\/2025\/11\/cosa-fare-affinche-un-bene-confiscato-diventi-bene-comune\/#breadcrumb\"},\"inLanguage\":\"it-IT\",\"potentialAction\":[{\"@type\":\"ReadAction\",\"target\":[\"https:\/\/www.pressenza.com\/it\/2025\/11\/cosa-fare-affinche-un-bene-confiscato-diventi-bene-comune\/\"]}]},{\"@type\":\"ImageObject\",\"inLanguage\":\"it-IT\",\"@id\":\"https:\/\/www.pressenza.com\/it\/2025\/11\/cosa-fare-affinche-un-bene-confiscato-diventi-bene-comune\/#primaryimage\",\"url\":\"https:\/\/www.pressenza.com\/wp-content\/uploads\/2025\/11\/bene-confiscato-alla-mafia-Libera.jpg\",\"contentUrl\":\"https:\/\/www.pressenza.com\/wp-content\/uploads\/2025\/11\/bene-confiscato-alla-mafia-Libera.jpg\",\"width\":800,\"height\":461,\"caption\":\"bene confiscato alla mafia\"},{\"@type\":\"BreadcrumbList\",\"@id\":\"https:\/\/www.pressenza.com\/it\/2025\/11\/cosa-fare-affinche-un-bene-confiscato-diventi-bene-comune\/#breadcrumb\",\"itemListElement\":[{\"@type\":\"ListItem\",\"position\":1,\"name\":\"Accueil\",\"item\":\"https:\/\/www.pressenza.com\/it\/\"},{\"@type\":\"ListItem\",\"position\":2,\"name\":\"Cosa fare affinch\u00e9 un bene confiscato diventi bene comune\"}]},{\"@type\":\"WebSite\",\"@id\":\"https:\/\/www.pressenza.com\/it\/#website\",\"url\":\"https:\/\/www.pressenza.com\/it\/\",\"name\":\"Pressenza\",\"description\":\"Agenzia di Stampa Internazionale\",\"publisher\":{\"@id\":\"https:\/\/www.pressenza.com\/it\/#organization\"},\"potentialAction\":[{\"@type\":\"SearchAction\",\"target\":{\"@type\":\"EntryPoint\",\"urlTemplate\":\"https:\/\/www.pressenza.com\/it\/?s={search_term_string}\"},\"query-input\":{\"@type\":\"PropertyValueSpecification\",\"valueRequired\":true,\"valueName\":\"search_term_string\"}}],\"inLanguage\":\"it-IT\"},{\"@type\":\"Organization\",\"@id\":\"https:\/\/www.pressenza.com\/it\/#organization\",\"name\":\"Pressenza\",\"url\":\"https:\/\/www.pressenza.com\/it\/\",\"logo\":{\"@type\":\"ImageObject\",\"inLanguage\":\"it-IT\",\"@id\":\"https:\/\/www.pressenza.com\/it\/#\/schema\/logo\/image\/\",\"url\":\"https:\/\/www.pressenza.com\/wp-content\/uploads\/2022\/10\/pressenza_logo_200x200.jpg\",\"contentUrl\":\"https:\/\/www.pressenza.com\/wp-content\/uploads\/2022\/10\/pressenza_logo_200x200.jpg\",\"width\":200,\"height\":200,\"caption\":\"Pressenza\"},\"image\":{\"@id\":\"https:\/\/www.pressenza.com\/it\/#\/schema\/logo\/image\/\"},\"sameAs\":[\"https:\/\/www.facebook.com\/PressenzaItalia\",\"https:\/\/x.com\/PressenzaIPA\"]},{\"@type\":\"Person\",\"@id\":\"https:\/\/www.pressenza.com\/it\/#\/schema\/person\/841c36a613f4f6e80f5fbc9c1f8c32c8\",\"name\":\"Giovanni Caprio\",\"description\":\"Pubblicista, gi\u00e0 dirigente di istituzioni pubbliche e di fondazioni private. Si occupa di beni comuni, partecipazione e governo del territorio.\",\"url\":\"https:\/\/www.pressenza.com\/it\/author\/giovanni-caprio\/\"}]}<\/script>\n<!-- \/ Yoast SEO plugin. -->","yoast_head_json":{"title":"Cosa fare affinch\u00e9 un bene confiscato diventi bene comune","description":"L'Italia vive oggi una duplice emergenza, che rappresenta al tempo stesso un'opportunit\u00e0: da una parte, un vasto patrimonio di beni immobili confiscati","robots":{"index":"index","follow":"follow","max-snippet":"max-snippet:-1","max-image-preview":"max-image-preview:large","max-video-preview":"max-video-preview:-1"},"canonical":"https:\/\/www.pressenza.com\/it\/2025\/11\/cosa-fare-affinche-un-bene-confiscato-diventi-bene-comune\/","og_locale":"it_IT","og_type":"article","og_title":"Cosa fare affinch\u00e9 un bene confiscato diventi bene comune","og_description":"L'Italia vive oggi una duplice emergenza, che rappresenta al tempo stesso un'opportunit\u00e0: da una parte, un vasto patrimonio di beni immobili confiscati","og_url":"https:\/\/www.pressenza.com\/it\/2025\/11\/cosa-fare-affinche-un-bene-confiscato-diventi-bene-comune\/","og_site_name":"Pressenza","article_publisher":"https:\/\/www.facebook.com\/PressenzaItalia","article_published_time":"2025-11-21T09:32:30+00:00","og_image":[{"width":800,"height":461,"url":"https:\/\/www.pressenza.com\/wp-content\/uploads\/2025\/11\/bene-confiscato-alla-mafia-Libera.jpg","type":"image\/jpeg"}],"author":"Giovanni Caprio","twitter_card":"summary_large_image","twitter_creator":"@PressenzaIPA","twitter_site":"@PressenzaIPA","twitter_misc":{"Scritto da":"Giovanni Caprio","Tempo di lettura stimato":"6 minuti"},"schema":{"@context":"https:\/\/schema.org","@graph":[{"@type":"Article","@id":"https:\/\/www.pressenza.com\/it\/2025\/11\/cosa-fare-affinche-un-bene-confiscato-diventi-bene-comune\/#article","isPartOf":{"@id":"https:\/\/www.pressenza.com\/it\/2025\/11\/cosa-fare-affinche-un-bene-confiscato-diventi-bene-comune\/"},"author":{"name":"Giovanni Caprio","@id":"https:\/\/www.pressenza.com\/it\/#\/schema\/person\/841c36a613f4f6e80f5fbc9c1f8c32c8"},"headline":"Cosa fare affinch\u00e9 un bene confiscato diventi bene comune","datePublished":"2025-11-21T09:32:30+00:00","mainEntityOfPage":{"@id":"https:\/\/www.pressenza.com\/it\/2025\/11\/cosa-fare-affinche-un-bene-confiscato-diventi-bene-comune\/"},"wordCount":971,"publisher":{"@id":"https:\/\/www.pressenza.com\/it\/#organization"},"image":{"@id":"https:\/\/www.pressenza.com\/it\/2025\/11\/cosa-fare-affinche-un-bene-confiscato-diventi-bene-comune\/#primaryimage"},"thumbnailUrl":"https:\/\/www.pressenza.com\/wp-content\/uploads\/2025\/11\/bene-confiscato-alla-mafia-Libera.jpg","keywords":["beni confiscati alla mafia","Cantieri ViceVersa","Fondo Unico di Giustizia","Forum Nazionale del Terzo Settore","Forum per la Finanza Sostenibile"],"articleSection":["contenuti originali","Politica"],"inLanguage":"it-IT"},{"@type":"WebPage","@id":"https:\/\/www.pressenza.com\/it\/2025\/11\/cosa-fare-affinche-un-bene-confiscato-diventi-bene-comune\/","url":"https:\/\/www.pressenza.com\/it\/2025\/11\/cosa-fare-affinche-un-bene-confiscato-diventi-bene-comune\/","name":"Cosa fare affinch\u00e9 un bene confiscato diventi bene comune","isPartOf":{"@id":"https:\/\/www.pressenza.com\/it\/#website"},"primaryImageOfPage":{"@id":"https:\/\/www.pressenza.com\/it\/2025\/11\/cosa-fare-affinche-un-bene-confiscato-diventi-bene-comune\/#primaryimage"},"image":{"@id":"https:\/\/www.pressenza.com\/it\/2025\/11\/cosa-fare-affinche-un-bene-confiscato-diventi-bene-comune\/#primaryimage"},"thumbnailUrl":"https:\/\/www.pressenza.com\/wp-content\/uploads\/2025\/11\/bene-confiscato-alla-mafia-Libera.jpg","datePublished":"2025-11-21T09:32:30+00:00","description":"L'Italia vive oggi una duplice emergenza, che rappresenta al tempo stesso un'opportunit\u00e0: da una parte, un vasto patrimonio di beni immobili confiscati","breadcrumb":{"@id":"https:\/\/www.pressenza.com\/it\/2025\/11\/cosa-fare-affinche-un-bene-confiscato-diventi-bene-comune\/#breadcrumb"},"inLanguage":"it-IT","potentialAction":[{"@type":"ReadAction","target":["https:\/\/www.pressenza.com\/it\/2025\/11\/cosa-fare-affinche-un-bene-confiscato-diventi-bene-comune\/"]}]},{"@type":"ImageObject","inLanguage":"it-IT","@id":"https:\/\/www.pressenza.com\/it\/2025\/11\/cosa-fare-affinche-un-bene-confiscato-diventi-bene-comune\/#primaryimage","url":"https:\/\/www.pressenza.com\/wp-content\/uploads\/2025\/11\/bene-confiscato-alla-mafia-Libera.jpg","contentUrl":"https:\/\/www.pressenza.com\/wp-content\/uploads\/2025\/11\/bene-confiscato-alla-mafia-Libera.jpg","width":800,"height":461,"caption":"bene confiscato alla mafia"},{"@type":"BreadcrumbList","@id":"https:\/\/www.pressenza.com\/it\/2025\/11\/cosa-fare-affinche-un-bene-confiscato-diventi-bene-comune\/#breadcrumb","itemListElement":[{"@type":"ListItem","position":1,"name":"Accueil","item":"https:\/\/www.pressenza.com\/it\/"},{"@type":"ListItem","position":2,"name":"Cosa fare affinch\u00e9 un bene confiscato diventi bene comune"}]},{"@type":"WebSite","@id":"https:\/\/www.pressenza.com\/it\/#website","url":"https:\/\/www.pressenza.com\/it\/","name":"Pressenza","description":"Agenzia di Stampa Internazionale","publisher":{"@id":"https:\/\/www.pressenza.com\/it\/#organization"},"potentialAction":[{"@type":"SearchAction","target":{"@type":"EntryPoint","urlTemplate":"https:\/\/www.pressenza.com\/it\/?s={search_term_string}"},"query-input":{"@type":"PropertyValueSpecification","valueRequired":true,"valueName":"search_term_string"}}],"inLanguage":"it-IT"},{"@type":"Organization","@id":"https:\/\/www.pressenza.com\/it\/#organization","name":"Pressenza","url":"https:\/\/www.pressenza.com\/it\/","logo":{"@type":"ImageObject","inLanguage":"it-IT","@id":"https:\/\/www.pressenza.com\/it\/#\/schema\/logo\/image\/","url":"https:\/\/www.pressenza.com\/wp-content\/uploads\/2022\/10\/pressenza_logo_200x200.jpg","contentUrl":"https:\/\/www.pressenza.com\/wp-content\/uploads\/2022\/10\/pressenza_logo_200x200.jpg","width":200,"height":200,"caption":"Pressenza"},"image":{"@id":"https:\/\/www.pressenza.com\/it\/#\/schema\/logo\/image\/"},"sameAs":["https:\/\/www.facebook.com\/PressenzaItalia","https:\/\/x.com\/PressenzaIPA"]},{"@type":"Person","@id":"https:\/\/www.pressenza.com\/it\/#\/schema\/person\/841c36a613f4f6e80f5fbc9c1f8c32c8","name":"Giovanni Caprio","description":"Pubblicista, gi\u00e0 dirigente di istituzioni pubbliche e di fondazioni private. Si occupa di beni comuni, partecipazione e governo del territorio.","url":"https:\/\/www.pressenza.com\/it\/author\/giovanni-caprio\/"}]}},"place":"Italia","original_article_url":"","_links":{"self":[{"href":"https:\/\/www.pressenza.com\/it\/wp-json\/wp\/v2\/posts\/2654480","targetHints":{"allow":["GET"]}}],"collection":[{"href":"https:\/\/www.pressenza.com\/it\/wp-json\/wp\/v2\/posts"}],"about":[{"href":"https:\/\/www.pressenza.com\/it\/wp-json\/wp\/v2\/types\/post"}],"author":[{"embeddable":true,"href":"https:\/\/www.pressenza.com\/it\/wp-json\/wp\/v2\/users\/2106"}],"replies":[{"embeddable":true,"href":"https:\/\/www.pressenza.com\/it\/wp-json\/wp\/v2\/comments?post=2654480"}],"version-history":[{"count":1,"href":"https:\/\/www.pressenza.com\/it\/wp-json\/wp\/v2\/posts\/2654480\/revisions"}],"predecessor-version":[{"id":2654484,"href":"https:\/\/www.pressenza.com\/it\/wp-json\/wp\/v2\/posts\/2654480\/revisions\/2654484"}],"wp:featuredmedia":[{"embeddable":true,"href":"https:\/\/www.pressenza.com\/it\/wp-json\/wp\/v2\/media\/2654482"}],"wp:attachment":[{"href":"https:\/\/www.pressenza.com\/it\/wp-json\/wp\/v2\/media?parent=2654480"}],"wp:term":[{"taxonomy":"category","embeddable":true,"href":"https:\/\/www.pressenza.com\/it\/wp-json\/wp\/v2\/categories?post=2654480"},{"taxonomy":"post_tag","embeddable":true,"href":"https:\/\/www.pressenza.com\/it\/wp-json\/wp\/v2\/tags?post=2654480"}],"curies":[{"name":"wp","href":"https:\/\/api.w.org\/{rel}","templated":true}]}}