{"id":2653513,"date":"2025-11-18T10:14:28","date_gmt":"2025-11-18T10:14:28","guid":{"rendered":"https:\/\/www.pressenza.com\/?p=2653513"},"modified":"2025-11-18T10:17:24","modified_gmt":"2025-11-18T10:17:24","slug":"congo-crollo-di-una-miniera-di-rame-e-cobalto-illegale-a-kawama-il-dramma-dellestrattivismo","status":"publish","type":"post","link":"https:\/\/www.pressenza.com\/it\/2025\/11\/congo-crollo-di-una-miniera-di-rame-e-cobalto-illegale-a-kawama-il-dramma-dellestrattivismo\/","title":{"rendered":"Congo, crollo di una miniera di rame e cobalto illegale a Kawama: il dramma dell&#8217;estrattivismo"},"content":{"rendered":"<p><strong>Pi\u00f9 di 80 minatori <\/strong>sono morti per il\u00a0<strong>crollo di un ponte<\/strong>\u00a0presso una miniera di rame cobalto situata nel sud della\u00a0<strong>Repubblica Democratica del Congo (Rdc)<\/strong>. Il ponte \u00e8 crollato a Kawama, situata nella provincia di <strong>Lualaba<\/strong>, in una zona inondata nei pressi della miniera &#8211; ha spiegato a giornalisti il responsabile provinciale degli Interni, Roy Kaumba Mayonde.<\/p>\n<p>Al momento sono stati recuperati 80 corpi, ma le ricerche di ulteriori vittime proseguono, ha aggiunto.<\/p>\n<p><strong>Le squadre di soccorso stanno continuando le operazioni di ricerca di eventuali altre vittime<\/strong>, cos\u00ec come in parallelo stanno proseguendo gli accertamenti del caso per ricostruire la dinamica del tragico incidente.<\/p>\n<div id=\"part-1516688\" class=\"\">\n<div class=\"twitter-tweet twitter-tweet-rendered\"><iframe id=\"twitter-widget-0\" class=\"\" title=\"X Post\" src=\"https:\/\/platform.twitter.com\/embed\/Tweet.html?dnt=false&amp;embedId=twitter-widget-0&amp;features=eyJ0ZndfdGltZWxpbmVfbGlzdCI6eyJidWNrZXQiOltdLCJ2ZXJzaW9uIjpudWxsfSwidGZ3X2ZvbGxvd2VyX2NvdW50X3N1bnNldCI6eyJidWNrZXQiOnRydWUsInZlcnNpb24iOm51bGx9LCJ0ZndfdHdlZXRfZWRpdF9iYWNrZW5kIjp7ImJ1Y2tldCI6Im9uIiwidmVyc2lvbiI6bnVsbH0sInRmd19yZWZzcmNfc2Vzc2lvbiI6eyJidWNrZXQiOiJvbiIsInZlcnNpb24iOm51bGx9LCJ0ZndfZm9zbnJfc29mdF9pbnRlcnZlbnRpb25zX2VuYWJsZWQiOnsiYnVja2V0Ijoib24iLCJ2ZXJzaW9uIjpudWxsfSwidGZ3X21peGVkX21lZGlhXzE1ODk3Ijp7ImJ1Y2tldCI6InRyZWF0bWVudCIsInZlcnNpb24iOm51bGx9LCJ0ZndfZXhwZXJpbWVudHNfY29va2llX2V4cGlyYXRpb24iOnsiYnVja2V0IjoxMjA5NjAwLCJ2ZXJzaW9uIjpudWxsfSwidGZ3X3Nob3dfYmlyZHdhdGNoX3Bpdm90c19lbmFibGVkIjp7ImJ1Y2tldCI6Im9uIiwidmVyc2lvbiI6bnVsbH0sInRmd19kdXBsaWNhdGVfc2NyaWJlc190b19zZXR0aW5ncyI6eyJidWNrZXQiOiJvbiIsInZlcnNpb24iOm51bGx9LCJ0ZndfdXNlX3Byb2ZpbGVfaW1hZ2Vfc2hhcGVfZW5hYmxlZCI6eyJidWNrZXQiOiJvbiIsInZlcnNpb24iOm51bGx9LCJ0ZndfdmlkZW9faGxzX2R5bmFtaWNfbWFuaWZlc3RzXzE1MDgyIjp7ImJ1Y2tldCI6InRydWVfYml0cmF0ZSIsInZlcnNpb24iOm51bGx9LCJ0ZndfbGVnYWN5X3RpbWVsaW5lX3N1bnNldCI6eyJidWNrZXQiOnRydWUsInZlcnNpb24iOm51bGx9LCJ0ZndfdHdlZXRfZWRpdF9mcm9udGVuZCI6eyJidWNrZXQiOiJvbiIsInZlcnNpb24iOm51bGx9fQ%3D%3D&amp;frame=false&amp;hideCard=false&amp;hideThread=false&amp;id=1990070771553534270&amp;lang=it&amp;origin=https%3A%2F%2Fwww.automoto.it%2Fnews%2Fil-prezzo-dell-elettrico-una-miniera-di-cobalto-e-crollata-in-congo.html&amp;sessionId=d1ea7afc24a8a93139279cd0bad009abf1599565&amp;theme=light&amp;widgetsVersion=2615f7e52b7e0%3A1702314776716&amp;width=550px\" frameborder=\"0\" scrolling=\"no\" allowfullscreen=\"allowfullscreen\" data-tweet-id=\"1990070771553534270\" data-mce-fragment=\"1\"><\/iframe><\/div>\n<\/div>\n<div class=\"awidg acard acard--gray acard--pw\">\n<div class=\"acard-main\"><\/div>\n<\/div>\n<div id=\"part-1516690\" class=\"atxt \">\n<p><strong>Stando alle prime ricostruzioni, a <a href=\"https:\/\/www.youtube.com\/shorts\/ZYgZ9RFg0f8\">crollare sarebbe stato un ponte costruito abusivamente da alcuni minatori illegali<\/a><\/strong>, che avrebbero cercato di fuggire velocemente in massa sfruttando la struttura per scappare dal personale militare intervenuto per scacciarli dal sito.<\/p>\n<p><span class=\"cms-first-letter\">A<\/span>\u00a0rendere la portata della tragedia bastano per\u00f2 le immagini del crollo diffuso sui social, con la nube di fumo alzatasi per via del collasso a inghiottire gli inermi lavoratori presenti sul posto. Secondo quanto riporta la\u00a0<em>BBC,\u00a0<\/em>non si tratta di un incidente fuori dal comune in Congo, paese in cui circa 2 milioni di persone sono impiegate in miniere non regolamentate che sostengono la domanda crescente del metallo utilizzato, tra gli altri usi,\u00a0<strong>per la produzione di batterie agli ioni di litio per le auto elettriche e di tutto il settore fortemente insostenibile della cosiddetta &#8220;green economy&#8221;, fondato sull&#8217;estrattivismo.<\/strong><\/p>\n<\/div>\n<p>Circa l\u201980% dei bambini e delle bambine congolesi sono coinvolti in gravi forme di sfruttamento e svolgono lavori usuranti, estraggono il cobalto in condizioni estremamente pericolose.<\/p>\n<p>I bambini per meno di un dollaro al giorno, si infilano dentro cunicoli stretti e\u00a0 senza sicurezza alcuna, altri bambini per lo stesso importo, sono costretti a portare pesanti sacchi 12 ore al giorno, altri ancora lavano le rocce immersi in pozze altamente inquinate.<\/p>\n<p><img decoding=\"async\" class=\"aligncenter\" src=\"https:\/\/images.tagesschau.de\/image\/fd2b66f8-71db-4049-8476-7bd48d6aa7ea\/AAABldnFrXA\/AAABmgWmh8Q\/16x9-big\/arbeiter-goldmine-drk-102.jpg?width=960\" alt=\"Goldhandel: Wie sind die Zust\u00e4nde in kongolesischen Minen? | tagesschau.de\" \/><\/p>\n<p style=\"text-align: center;\"><em>Lavoratori in una miniera d&#8217;oro nella Repubblica Democratica del Congo (foto d&#8217;archivio)<\/em><\/p>\n<p>Il 20% del minerale estratto proviene dalla parte meridionale del Paese, nel distretto di Kolwezi, capitale mondiale delle terre rare. Nelle comunit\u00e0 del Domaine Marial, il 65% dei bambini tra gli 8 e i 12 anni lavora nelle miniere; nell\u2019area di Kanina sono in maggioranza in et\u00e0 scolare, si tratta anche di bambini in una fascia di et\u00e0 compresa tra i 6 e gli 8 anni, che risultano particolarmente adatti ad insinuarsi negli stretti cunicoli per l\u2019estrazione del minerale. Lavorano in condizioni estreme, per pi\u00f9 di dodici ore, senza alcuna protezione e con salari che vanno da 1$ a 2$ al giorno.<\/p>\n<p>Il rischio di ammalarsi prima e pi\u00f9 dei loro coetanei \u00e8 molto alto, cos\u00ec come il rischio di incidenti, anche mortali, sul lavoro, soprattutto a causa dei frequenti crolli dei tunnel nelle miniere. Sono, inoltre, numerose le segnalazioni di incidenti mortali nella ex provincia del Katanga. Tuttavia, non ci sono dati ufficiali governativi disponibili sul numero di vittime che si verificano ma gli incidenti sono comuni. I bambini sono oggetto di maggiori soprusi e abusi da parte dei caporali e dalle guardie di sicurezza. La Repubblica del Congo, detiene circa il 70% delle riserve mondiali di coltan e una quota significativa di litio. Tuttavia, invece di costituire una fortuna, queste risorse sono diventate una maledizione, alimentando cicli di violenza e sfruttamento.<\/p>\n<p><img decoding=\"async\" class=\"aligncenter\" src=\"https:\/\/images.tagesschau.de\/image\/1609273e-14f7-47f5-bc8b-41f51937bb92\/AAABlk6Jx3g\/AAABmgWmO88\/16x7\/mine-kongo-100.jpg?width=1280\" alt=\"Una miniera nella Repubblica Democratica del Congo\" \/><\/p>\n<p style=\"text-align: center;\"><em>Foto di miniere in Congo (foto d&#8217;archivio)<\/em><\/p>\n<p>I gruppi armati, spesso finanziati da reti internazionali, controllano le miniere e utilizzano il lavoro forzato, soprattutto quello dei bambini, per estrarre i minerali, che poi vengono esportati illegalmente attraverso i paesi vicini.<\/p>\n<p>Nel 2019 in gruppo di avvocati, di una associazione per i diritti umani ha mosso una causa giudiziaria, depositata il 15 dicembre 2019. La causa afferma che le grandi aziende leader nella tecnologia stanno \u201cConsapevolmente traendo beneficio da questo sistema di estrazione \u2018artigianale\u2019 in Congo e lo stanno supportando in maniera sostanziale. Gli imputati sanno che il settore di estrazione mineraria in Congo dipende dal lavoro minorile e ne sono stati a conoscenza per un significativo periodo di tempo, sanno che i bambini svolgono i lavori pi\u00f9 pericolosi tra cui lo scavo dei tunnel in miniere di cobalto arretrate\u201d.<\/p>\n<p>Inoltre sostiene che i bambini sono \u201cforzati dall\u2019estrema povert\u00e0 a lasciare la scuola per perseguire l\u2019unica opzione economica nella loro regione: lavorare nelle miniere \u2018artigianali\u2019 di cobalto\u201d, dove vengono pagati meno di due dollari al giorno per estrarre rocce di cobalto da tunnel sotterranei con degli strumenti insufficienti, un lavoro stremante ed estremamente pericoloso. Famiglie e bambini feriti ora chiedono i danni non solo per lo sfruttamento del lavoro minorile, ma anche per \u201carricchimento ingiusto, supervisione negligente e inflizione intenzionale di sofferenza emotiva\u201d.<\/p>\n<p>Gli esperti sottolineano che questa \u00e8 la prima volta che diverse aziende tecnologiche affrontano una causa legale unica che metta in discussione la legalit\u00e0 della loro fornitura di cobalto. Questa la lista delle sedici multinazionali denunciate: Ahong, Apple, Byd, Daimler, Dell, Hp, Huawei, Inventec, Lenovo, Lg, Microsoft, Samsung, Sony, Vodafone, Volkswagen, Zte.<\/p>\n<p>Il 70% del cobalto usato nei nostri apparecchi elettronici, dai telefonini, fino ai PC e i televisori, proviene dal Congo, oltre la met\u00e0 di questo viene estratto dai bambini. Secondo il rapporto, il cobalto estratto viene comprato da broker che poi lo rivendono alla Congo Dongfang Mining, controllata dal colosso cinese del settore minerario Zhejiang Huayou Cobalt Ltd.<\/p>\n<p>Nessun controllo sulla liceit\u00e0 della provenienza del cobalto viene effettuato dai fornitori. Il crollo della miniera che ha visto la morte di pi\u00f9 di 80 persone tra cui diversi bambini (numero destinato a crescere nelle prossime ore), non \u00e8 un evento straordinario, bens\u00ec solo uno degli innumerevoli episodi di morte e disperazione che avvengono nella Repubblica del Congo, tutto in nome di un interesse e di un falso progresso fondato su morte, disperazione e sfruttamento selvaggio e senza limiti, che nessuno pare sia interessato a fermare.<\/p>\n<p>&nbsp;<\/p>\n<p><strong>Ulteriori informazioni:<\/strong><\/p>\n<p><a href=\"https:\/\/www.tagesschau.de\/ausland\/afrika\/kongo-goldminen-goldpreis-100.html\">https:\/\/www.tagesschau.de\/ausland\/afrika\/kongo-goldminen-goldpreis-100.html<\/a><\/p>\n<p><a href=\"https:\/\/www.wired.it\/article\/congo-risorse-minerarie-cobalto-coltan-cina\/\">https:\/\/www.wired.it\/article\/congo-risorse-minerarie-cobalto-coltan-cina\/<\/a><\/p>\n<p><a href=\"https:\/\/www.tagesschau.de\/ausland\/afrika\/demokratische-republik-kongo-100.html\">https:\/\/www.tagesschau.de\/ausland\/afrika\/demokratische-republik-kongo-100.html<\/a><\/p>\n<blockquote class=\"wp-embedded-content\" data-secret=\"QbYrmOMA6t\"><p><a href=\"https:\/\/www.terranuova.it\/news\/movimenti\/congo-cobalto-e-coltan-il-nuovo-oro-che-alimenta-i-conflitti\">Congo: cobalto e coltan, il &#8220;nuovo oro&#8221; che alimenta i conflitti<\/a><\/p><\/blockquote>\n<p><iframe loading=\"lazy\" class=\"wp-embedded-content\" sandbox=\"allow-scripts\" security=\"restricted\" style=\"position: absolute; visibility: hidden;\" title=\"&#8220;Congo: cobalto e coltan, il &#8220;nuovo oro&#8221; che alimenta i conflitti&#8221; &#8212; Terra Nuova\" src=\"https:\/\/www.terranuova.it\/news\/movimenti\/congo-cobalto-e-coltan-il-nuovo-oro-che-alimenta-i-conflitti\/embed#?secret=UdksYf9Njp#?secret=QbYrmOMA6t\" data-secret=\"QbYrmOMA6t\" width=\"500\" height=\"282\" frameborder=\"0\" marginwidth=\"0\" marginheight=\"0\" scrolling=\"no\"><\/iframe><\/p>\n<blockquote class=\"wp-embedded-content\" data-secret=\"IS3TcQxtil\"><p><a href=\"https:\/\/www.orizzontipolitici.it\/cobalto-congo-rivoluzione-digitale\/\">Cobalto e povert\u00e0: la maledizione del Congo<\/a><\/p><\/blockquote>\n<p><iframe loading=\"lazy\" class=\"wp-embedded-content\" sandbox=\"allow-scripts\" security=\"restricted\" style=\"position: absolute; visibility: hidden;\" title=\"&#8220;Cobalto e povert\u00e0: la maledizione del Congo&#8221; &#8212; Orizzonti Politici\" src=\"https:\/\/www.orizzontipolitici.it\/cobalto-congo-rivoluzione-digitale\/embed\/#?secret=Z0wZwUhuy6#?secret=IS3TcQxtil\" data-secret=\"IS3TcQxtil\" width=\"500\" height=\"282\" frameborder=\"0\" marginwidth=\"0\" marginheight=\"0\" scrolling=\"no\"><\/iframe><\/p>\n","protected":false},"excerpt":{"rendered":"<p>Pi\u00f9 di 80 minatori sono morti per il\u00a0crollo di un ponte\u00a0presso una miniera di rame cobalto situata nel sud della\u00a0Repubblica Democratica del Congo (Rdc). Il ponte \u00e8 crollato a Kawama, situata nella provincia di Lualaba, in una zona inondata nei&hellip;<\/p>\n","protected":false},"author":980,"featured_media":2653526,"comment_status":"closed","ping_status":"closed","sticky":false,"template":"","format":"standard","meta":{"footnotes":""},"categories":[45,107392,60,59,57],"tags":[146540,3465,73528,19720,30306,146538,146539,6097,1802],"class_list":["post-2653513","post","type-post","status-publish","format-standard","has-post-thumbnail","hentry","category-africa-it","category-noticia-it","category-diritti-umani","category-ambiente-ecologia","category-affari-esteri","tag-80-morti","tag-congo-it","tag-crollo-ponte","tag-estrattivismo","tag-green-economy","tag-lualaba","tag-miniera-di-cobalto","tag-rame","tag-tecnologia-it"],"yoast_head":"<!-- This site is optimized with the Yoast SEO plugin v27.1.1 - https:\/\/yoast.com\/product\/yoast-seo-wordpress\/ -->\n<title>Congo, crollo di una miniera di rame e cobalto illegale a Kawama: il dramma dell&#039;estrattivismo<\/title>\n<meta name=\"description\" content=\"Pi\u00f9 di 80 minatori sono morti per il\u00a0crollo di un ponte\u00a0presso una miniera di rame cobalto situata nel sud della\u00a0Repubblica Democratica del Congo (Rdc).\" \/>\n<meta name=\"robots\" content=\"index, follow, max-snippet:-1, max-image-preview:large, max-video-preview:-1\" \/>\n<link rel=\"canonical\" href=\"https:\/\/www.pressenza.com\/it\/2025\/11\/congo-crollo-di-una-miniera-di-rame-e-cobalto-illegale-a-kawama-il-dramma-dellestrattivismo\/\" \/>\n<meta property=\"og:locale\" content=\"it_IT\" \/>\n<meta property=\"og:type\" content=\"article\" \/>\n<meta property=\"og:title\" content=\"Congo, crollo di una miniera di rame e cobalto illegale a Kawama: il dramma dell&#039;estrattivismo\" \/>\n<meta property=\"og:description\" content=\"Pi\u00f9 di 80 minatori sono morti per il\u00a0crollo di un ponte\u00a0presso una miniera di rame cobalto situata nel sud della\u00a0Repubblica Democratica del Congo (Rdc).\" \/>\n<meta property=\"og:url\" content=\"https:\/\/www.pressenza.com\/it\/2025\/11\/congo-crollo-di-una-miniera-di-rame-e-cobalto-illegale-a-kawama-il-dramma-dellestrattivismo\/\" \/>\n<meta property=\"og:site_name\" content=\"Pressenza\" \/>\n<meta property=\"article:publisher\" content=\"https:\/\/www.facebook.com\/PressenzaItalia\" \/>\n<meta property=\"article:author\" content=\"https:\/\/www.facebook.com\/valdarno.sostenibile\" \/>\n<meta property=\"article:published_time\" content=\"2025-11-18T10:14:28+00:00\" \/>\n<meta property=\"article:modified_time\" content=\"2025-11-18T10:17:24+00:00\" \/>\n<meta property=\"og:image\" content=\"https:\/\/www.pressenza.com\/wp-content\/uploads\/2025\/11\/crollo-miniera-illegale-in-congo-a-Kamawa.jpg\" \/>\n\t<meta property=\"og:image:width\" content=\"1920\" \/>\n\t<meta property=\"og:image:height\" content=\"1080\" \/>\n\t<meta property=\"og:image:type\" content=\"image\/jpeg\" \/>\n<meta name=\"author\" content=\"Luca Cellini\" \/>\n<meta name=\"twitter:card\" content=\"summary_large_image\" \/>\n<meta name=\"twitter:creator\" content=\"@LucaCellini68\" \/>\n<meta name=\"twitter:site\" content=\"@PressenzaIPA\" \/>\n<meta name=\"twitter:label1\" content=\"Scritto da\" \/>\n\t<meta name=\"twitter:data1\" content=\"Luca Cellini\" \/>\n\t<meta name=\"twitter:label2\" content=\"Tempo di lettura stimato\" \/>\n\t<meta name=\"twitter:data2\" content=\"5 minuti\" \/>\n<script type=\"application\/ld+json\" class=\"yoast-schema-graph\">{\"@context\":\"https:\/\/schema.org\",\"@graph\":[{\"@type\":\"Article\",\"@id\":\"https:\/\/www.pressenza.com\/it\/2025\/11\/congo-crollo-di-una-miniera-di-rame-e-cobalto-illegale-a-kawama-il-dramma-dellestrattivismo\/#article\",\"isPartOf\":{\"@id\":\"https:\/\/www.pressenza.com\/it\/2025\/11\/congo-crollo-di-una-miniera-di-rame-e-cobalto-illegale-a-kawama-il-dramma-dellestrattivismo\/\"},\"author\":{\"name\":\"Luca Cellini\",\"@id\":\"https:\/\/www.pressenza.com\/it\/#\/schema\/person\/6f5bf686b3d94620dc918fd3afbd9180\"},\"headline\":\"Congo, crollo di una miniera di rame e cobalto illegale a Kawama: il dramma dell&#8217;estrattivismo\",\"datePublished\":\"2025-11-18T10:14:28+00:00\",\"dateModified\":\"2025-11-18T10:17:24+00:00\",\"mainEntityOfPage\":{\"@id\":\"https:\/\/www.pressenza.com\/it\/2025\/11\/congo-crollo-di-una-miniera-di-rame-e-cobalto-illegale-a-kawama-il-dramma-dellestrattivismo\/\"},\"wordCount\":1006,\"publisher\":{\"@id\":\"https:\/\/www.pressenza.com\/it\/#organization\"},\"image\":{\"@id\":\"https:\/\/www.pressenza.com\/it\/2025\/11\/congo-crollo-di-una-miniera-di-rame-e-cobalto-illegale-a-kawama-il-dramma-dellestrattivismo\/#primaryimage\"},\"thumbnailUrl\":\"https:\/\/www.pressenza.com\/wp-content\/uploads\/2025\/11\/crollo-miniera-illegale-in-congo-a-Kamawa.jpg\",\"keywords\":[\"80 morti\",\"Congo\",\"crollo ponte\",\"estrattivismo\",\"Green Economy\",\"Lualaba\",\"miniera di cobalto\",\"rame\",\"tecnologia\"],\"articleSection\":[\"Africa\",\"Cronaca\",\"Diritti Umani\",\"Ecologia ed Ambiente\",\"Questioni internazionali\"],\"inLanguage\":\"it-IT\"},{\"@type\":\"WebPage\",\"@id\":\"https:\/\/www.pressenza.com\/it\/2025\/11\/congo-crollo-di-una-miniera-di-rame-e-cobalto-illegale-a-kawama-il-dramma-dellestrattivismo\/\",\"url\":\"https:\/\/www.pressenza.com\/it\/2025\/11\/congo-crollo-di-una-miniera-di-rame-e-cobalto-illegale-a-kawama-il-dramma-dellestrattivismo\/\",\"name\":\"Congo, crollo di una miniera di rame e cobalto illegale a Kawama: il dramma dell'estrattivismo\",\"isPartOf\":{\"@id\":\"https:\/\/www.pressenza.com\/it\/#website\"},\"primaryImageOfPage\":{\"@id\":\"https:\/\/www.pressenza.com\/it\/2025\/11\/congo-crollo-di-una-miniera-di-rame-e-cobalto-illegale-a-kawama-il-dramma-dellestrattivismo\/#primaryimage\"},\"image\":{\"@id\":\"https:\/\/www.pressenza.com\/it\/2025\/11\/congo-crollo-di-una-miniera-di-rame-e-cobalto-illegale-a-kawama-il-dramma-dellestrattivismo\/#primaryimage\"},\"thumbnailUrl\":\"https:\/\/www.pressenza.com\/wp-content\/uploads\/2025\/11\/crollo-miniera-illegale-in-congo-a-Kamawa.jpg\",\"datePublished\":\"2025-11-18T10:14:28+00:00\",\"dateModified\":\"2025-11-18T10:17:24+00:00\",\"description\":\"Pi\u00f9 di 80 minatori sono morti per il\u00a0crollo di un ponte\u00a0presso una miniera di rame cobalto situata nel sud della\u00a0Repubblica Democratica del Congo (Rdc).\",\"breadcrumb\":{\"@id\":\"https:\/\/www.pressenza.com\/it\/2025\/11\/congo-crollo-di-una-miniera-di-rame-e-cobalto-illegale-a-kawama-il-dramma-dellestrattivismo\/#breadcrumb\"},\"inLanguage\":\"it-IT\",\"potentialAction\":[{\"@type\":\"ReadAction\",\"target\":[\"https:\/\/www.pressenza.com\/it\/2025\/11\/congo-crollo-di-una-miniera-di-rame-e-cobalto-illegale-a-kawama-il-dramma-dellestrattivismo\/\"]}]},{\"@type\":\"ImageObject\",\"inLanguage\":\"it-IT\",\"@id\":\"https:\/\/www.pressenza.com\/it\/2025\/11\/congo-crollo-di-una-miniera-di-rame-e-cobalto-illegale-a-kawama-il-dramma-dellestrattivismo\/#primaryimage\",\"url\":\"https:\/\/www.pressenza.com\/wp-content\/uploads\/2025\/11\/crollo-miniera-illegale-in-congo-a-Kamawa.jpg\",\"contentUrl\":\"https:\/\/www.pressenza.com\/wp-content\/uploads\/2025\/11\/crollo-miniera-illegale-in-congo-a-Kamawa.jpg\",\"width\":1920,\"height\":1080},{\"@type\":\"BreadcrumbList\",\"@id\":\"https:\/\/www.pressenza.com\/it\/2025\/11\/congo-crollo-di-una-miniera-di-rame-e-cobalto-illegale-a-kawama-il-dramma-dellestrattivismo\/#breadcrumb\",\"itemListElement\":[{\"@type\":\"ListItem\",\"position\":1,\"name\":\"Accueil\",\"item\":\"https:\/\/www.pressenza.com\/it\/\"},{\"@type\":\"ListItem\",\"position\":2,\"name\":\"Congo, crollo di una miniera di rame e cobalto illegale a Kawama: il dramma dell&#8217;estrattivismo\"}]},{\"@type\":\"WebSite\",\"@id\":\"https:\/\/www.pressenza.com\/it\/#website\",\"url\":\"https:\/\/www.pressenza.com\/it\/\",\"name\":\"Pressenza\",\"description\":\"Agenzia di Stampa Internazionale\",\"publisher\":{\"@id\":\"https:\/\/www.pressenza.com\/it\/#organization\"},\"potentialAction\":[{\"@type\":\"SearchAction\",\"target\":{\"@type\":\"EntryPoint\",\"urlTemplate\":\"https:\/\/www.pressenza.com\/it\/?s={search_term_string}\"},\"query-input\":{\"@type\":\"PropertyValueSpecification\",\"valueRequired\":true,\"valueName\":\"search_term_string\"}}],\"inLanguage\":\"it-IT\"},{\"@type\":\"Organization\",\"@id\":\"https:\/\/www.pressenza.com\/it\/#organization\",\"name\":\"Pressenza\",\"url\":\"https:\/\/www.pressenza.com\/it\/\",\"logo\":{\"@type\":\"ImageObject\",\"inLanguage\":\"it-IT\",\"@id\":\"https:\/\/www.pressenza.com\/it\/#\/schema\/logo\/image\/\",\"url\":\"https:\/\/www.pressenza.com\/wp-content\/uploads\/2022\/10\/pressenza_logo_200x200.jpg\",\"contentUrl\":\"https:\/\/www.pressenza.com\/wp-content\/uploads\/2022\/10\/pressenza_logo_200x200.jpg\",\"width\":200,\"height\":200,\"caption\":\"Pressenza\"},\"image\":{\"@id\":\"https:\/\/www.pressenza.com\/it\/#\/schema\/logo\/image\/\"},\"sameAs\":[\"https:\/\/www.facebook.com\/PressenzaItalia\",\"https:\/\/x.com\/PressenzaIPA\"]},{\"@type\":\"Person\",\"@id\":\"https:\/\/www.pressenza.com\/it\/#\/schema\/person\/6f5bf686b3d94620dc918fd3afbd9180\",\"name\":\"Luca Cellini\",\"description\":\"Luca Cellini has participated with the Humanist Party. He was a volunteer with the Conscientious Objectors Association and an activist with Greenpeace. He participated in the Mir Sada International Peace March, a nonviolent peace convoy during the Bosnian conflict in Mostar and Sarajevo, to try to stop the conflict. He participated in the Social Forum and in the World March for Peace and Nonviolence. He founded the Valdarno Sustainability Committee with which he promotes the formation of the Valdarno Valdsieve coordination network to stop the construction of landfills and incinerators. He is passionate for writing, interested in alternative information, economics, research in the field of energy, strategies to achieve zero waste, and ecology, topics for which he has held public meetings and seminars for high school students. He works as a designer for the industry sector. Currently he engaged as volunteer in the fight against child exploitation and again Human Trafficking. Editor and columnist for Pressenza.\",\"sameAs\":[\"https:\/\/valdarnosostenibile.wordpress.com\/\",\"https:\/\/www.facebook.com\/valdarno.sostenibile\",\"https:\/\/x.com\/LucaCellini68\"],\"url\":\"https:\/\/www.pressenza.com\/it\/author\/luca-cellini\/\"}]}<\/script>\n<!-- \/ Yoast SEO plugin. -->","yoast_head_json":{"title":"Congo, crollo di una miniera di rame e cobalto illegale a Kawama: il dramma dell'estrattivismo","description":"Pi\u00f9 di 80 minatori sono morti per il\u00a0crollo di un ponte\u00a0presso una miniera di rame cobalto situata nel sud della\u00a0Repubblica Democratica del Congo (Rdc).","robots":{"index":"index","follow":"follow","max-snippet":"max-snippet:-1","max-image-preview":"max-image-preview:large","max-video-preview":"max-video-preview:-1"},"canonical":"https:\/\/www.pressenza.com\/it\/2025\/11\/congo-crollo-di-una-miniera-di-rame-e-cobalto-illegale-a-kawama-il-dramma-dellestrattivismo\/","og_locale":"it_IT","og_type":"article","og_title":"Congo, crollo di una miniera di rame e cobalto illegale a Kawama: il dramma dell'estrattivismo","og_description":"Pi\u00f9 di 80 minatori sono morti per il\u00a0crollo di un ponte\u00a0presso una miniera di rame cobalto situata nel sud della\u00a0Repubblica Democratica del Congo (Rdc).","og_url":"https:\/\/www.pressenza.com\/it\/2025\/11\/congo-crollo-di-una-miniera-di-rame-e-cobalto-illegale-a-kawama-il-dramma-dellestrattivismo\/","og_site_name":"Pressenza","article_publisher":"https:\/\/www.facebook.com\/PressenzaItalia","article_author":"https:\/\/www.facebook.com\/valdarno.sostenibile","article_published_time":"2025-11-18T10:14:28+00:00","article_modified_time":"2025-11-18T10:17:24+00:00","og_image":[{"width":1920,"height":1080,"url":"https:\/\/www.pressenza.com\/wp-content\/uploads\/2025\/11\/crollo-miniera-illegale-in-congo-a-Kamawa.jpg","type":"image\/jpeg"}],"author":"Luca Cellini","twitter_card":"summary_large_image","twitter_creator":"@LucaCellini68","twitter_site":"@PressenzaIPA","twitter_misc":{"Scritto da":"Luca Cellini","Tempo di lettura stimato":"5 minuti"},"schema":{"@context":"https:\/\/schema.org","@graph":[{"@type":"Article","@id":"https:\/\/www.pressenza.com\/it\/2025\/11\/congo-crollo-di-una-miniera-di-rame-e-cobalto-illegale-a-kawama-il-dramma-dellestrattivismo\/#article","isPartOf":{"@id":"https:\/\/www.pressenza.com\/it\/2025\/11\/congo-crollo-di-una-miniera-di-rame-e-cobalto-illegale-a-kawama-il-dramma-dellestrattivismo\/"},"author":{"name":"Luca Cellini","@id":"https:\/\/www.pressenza.com\/it\/#\/schema\/person\/6f5bf686b3d94620dc918fd3afbd9180"},"headline":"Congo, crollo di una miniera di rame e cobalto illegale a Kawama: il dramma dell&#8217;estrattivismo","datePublished":"2025-11-18T10:14:28+00:00","dateModified":"2025-11-18T10:17:24+00:00","mainEntityOfPage":{"@id":"https:\/\/www.pressenza.com\/it\/2025\/11\/congo-crollo-di-una-miniera-di-rame-e-cobalto-illegale-a-kawama-il-dramma-dellestrattivismo\/"},"wordCount":1006,"publisher":{"@id":"https:\/\/www.pressenza.com\/it\/#organization"},"image":{"@id":"https:\/\/www.pressenza.com\/it\/2025\/11\/congo-crollo-di-una-miniera-di-rame-e-cobalto-illegale-a-kawama-il-dramma-dellestrattivismo\/#primaryimage"},"thumbnailUrl":"https:\/\/www.pressenza.com\/wp-content\/uploads\/2025\/11\/crollo-miniera-illegale-in-congo-a-Kamawa.jpg","keywords":["80 morti","Congo","crollo ponte","estrattivismo","Green Economy","Lualaba","miniera di cobalto","rame","tecnologia"],"articleSection":["Africa","Cronaca","Diritti Umani","Ecologia ed Ambiente","Questioni internazionali"],"inLanguage":"it-IT"},{"@type":"WebPage","@id":"https:\/\/www.pressenza.com\/it\/2025\/11\/congo-crollo-di-una-miniera-di-rame-e-cobalto-illegale-a-kawama-il-dramma-dellestrattivismo\/","url":"https:\/\/www.pressenza.com\/it\/2025\/11\/congo-crollo-di-una-miniera-di-rame-e-cobalto-illegale-a-kawama-il-dramma-dellestrattivismo\/","name":"Congo, crollo di una miniera di rame e cobalto illegale a Kawama: il dramma dell'estrattivismo","isPartOf":{"@id":"https:\/\/www.pressenza.com\/it\/#website"},"primaryImageOfPage":{"@id":"https:\/\/www.pressenza.com\/it\/2025\/11\/congo-crollo-di-una-miniera-di-rame-e-cobalto-illegale-a-kawama-il-dramma-dellestrattivismo\/#primaryimage"},"image":{"@id":"https:\/\/www.pressenza.com\/it\/2025\/11\/congo-crollo-di-una-miniera-di-rame-e-cobalto-illegale-a-kawama-il-dramma-dellestrattivismo\/#primaryimage"},"thumbnailUrl":"https:\/\/www.pressenza.com\/wp-content\/uploads\/2025\/11\/crollo-miniera-illegale-in-congo-a-Kamawa.jpg","datePublished":"2025-11-18T10:14:28+00:00","dateModified":"2025-11-18T10:17:24+00:00","description":"Pi\u00f9 di 80 minatori sono morti per il\u00a0crollo di un ponte\u00a0presso una miniera di rame cobalto situata nel sud della\u00a0Repubblica Democratica del Congo (Rdc).","breadcrumb":{"@id":"https:\/\/www.pressenza.com\/it\/2025\/11\/congo-crollo-di-una-miniera-di-rame-e-cobalto-illegale-a-kawama-il-dramma-dellestrattivismo\/#breadcrumb"},"inLanguage":"it-IT","potentialAction":[{"@type":"ReadAction","target":["https:\/\/www.pressenza.com\/it\/2025\/11\/congo-crollo-di-una-miniera-di-rame-e-cobalto-illegale-a-kawama-il-dramma-dellestrattivismo\/"]}]},{"@type":"ImageObject","inLanguage":"it-IT","@id":"https:\/\/www.pressenza.com\/it\/2025\/11\/congo-crollo-di-una-miniera-di-rame-e-cobalto-illegale-a-kawama-il-dramma-dellestrattivismo\/#primaryimage","url":"https:\/\/www.pressenza.com\/wp-content\/uploads\/2025\/11\/crollo-miniera-illegale-in-congo-a-Kamawa.jpg","contentUrl":"https:\/\/www.pressenza.com\/wp-content\/uploads\/2025\/11\/crollo-miniera-illegale-in-congo-a-Kamawa.jpg","width":1920,"height":1080},{"@type":"BreadcrumbList","@id":"https:\/\/www.pressenza.com\/it\/2025\/11\/congo-crollo-di-una-miniera-di-rame-e-cobalto-illegale-a-kawama-il-dramma-dellestrattivismo\/#breadcrumb","itemListElement":[{"@type":"ListItem","position":1,"name":"Accueil","item":"https:\/\/www.pressenza.com\/it\/"},{"@type":"ListItem","position":2,"name":"Congo, crollo di una miniera di rame e cobalto illegale a Kawama: il dramma dell&#8217;estrattivismo"}]},{"@type":"WebSite","@id":"https:\/\/www.pressenza.com\/it\/#website","url":"https:\/\/www.pressenza.com\/it\/","name":"Pressenza","description":"Agenzia di Stampa Internazionale","publisher":{"@id":"https:\/\/www.pressenza.com\/it\/#organization"},"potentialAction":[{"@type":"SearchAction","target":{"@type":"EntryPoint","urlTemplate":"https:\/\/www.pressenza.com\/it\/?s={search_term_string}"},"query-input":{"@type":"PropertyValueSpecification","valueRequired":true,"valueName":"search_term_string"}}],"inLanguage":"it-IT"},{"@type":"Organization","@id":"https:\/\/www.pressenza.com\/it\/#organization","name":"Pressenza","url":"https:\/\/www.pressenza.com\/it\/","logo":{"@type":"ImageObject","inLanguage":"it-IT","@id":"https:\/\/www.pressenza.com\/it\/#\/schema\/logo\/image\/","url":"https:\/\/www.pressenza.com\/wp-content\/uploads\/2022\/10\/pressenza_logo_200x200.jpg","contentUrl":"https:\/\/www.pressenza.com\/wp-content\/uploads\/2022\/10\/pressenza_logo_200x200.jpg","width":200,"height":200,"caption":"Pressenza"},"image":{"@id":"https:\/\/www.pressenza.com\/it\/#\/schema\/logo\/image\/"},"sameAs":["https:\/\/www.facebook.com\/PressenzaItalia","https:\/\/x.com\/PressenzaIPA"]},{"@type":"Person","@id":"https:\/\/www.pressenza.com\/it\/#\/schema\/person\/6f5bf686b3d94620dc918fd3afbd9180","name":"Luca Cellini","description":"Luca Cellini has participated with the Humanist Party. He was a volunteer with the Conscientious Objectors Association and an activist with Greenpeace. He participated in the Mir Sada International Peace March, a nonviolent peace convoy during the Bosnian conflict in Mostar and Sarajevo, to try to stop the conflict. He participated in the Social Forum and in the World March for Peace and Nonviolence. He founded the Valdarno Sustainability Committee with which he promotes the formation of the Valdarno Valdsieve coordination network to stop the construction of landfills and incinerators. He is passionate for writing, interested in alternative information, economics, research in the field of energy, strategies to achieve zero waste, and ecology, topics for which he has held public meetings and seminars for high school students. He works as a designer for the industry sector. Currently he engaged as volunteer in the fight against child exploitation and again Human Trafficking. Editor and columnist for Pressenza.","sameAs":["https:\/\/valdarnosostenibile.wordpress.com\/","https:\/\/www.facebook.com\/valdarno.sostenibile","https:\/\/x.com\/LucaCellini68"],"url":"https:\/\/www.pressenza.com\/it\/author\/luca-cellini\/"}]}},"place":"","original_article_url":"","_links":{"self":[{"href":"https:\/\/www.pressenza.com\/it\/wp-json\/wp\/v2\/posts\/2653513","targetHints":{"allow":["GET"]}}],"collection":[{"href":"https:\/\/www.pressenza.com\/it\/wp-json\/wp\/v2\/posts"}],"about":[{"href":"https:\/\/www.pressenza.com\/it\/wp-json\/wp\/v2\/types\/post"}],"author":[{"embeddable":true,"href":"https:\/\/www.pressenza.com\/it\/wp-json\/wp\/v2\/users\/980"}],"replies":[{"embeddable":true,"href":"https:\/\/www.pressenza.com\/it\/wp-json\/wp\/v2\/comments?post=2653513"}],"version-history":[{"count":3,"href":"https:\/\/www.pressenza.com\/it\/wp-json\/wp\/v2\/posts\/2653513\/revisions"}],"predecessor-version":[{"id":2653531,"href":"https:\/\/www.pressenza.com\/it\/wp-json\/wp\/v2\/posts\/2653513\/revisions\/2653531"}],"wp:featuredmedia":[{"embeddable":true,"href":"https:\/\/www.pressenza.com\/it\/wp-json\/wp\/v2\/media\/2653526"}],"wp:attachment":[{"href":"https:\/\/www.pressenza.com\/it\/wp-json\/wp\/v2\/media?parent=2653513"}],"wp:term":[{"taxonomy":"category","embeddable":true,"href":"https:\/\/www.pressenza.com\/it\/wp-json\/wp\/v2\/categories?post=2653513"},{"taxonomy":"post_tag","embeddable":true,"href":"https:\/\/www.pressenza.com\/it\/wp-json\/wp\/v2\/tags?post=2653513"}],"curies":[{"name":"wp","href":"https:\/\/api.w.org\/{rel}","templated":true}]}}