{"id":2652897,"date":"2025-11-18T15:35:34","date_gmt":"2025-11-18T15:35:34","guid":{"rendered":"https:\/\/www.pressenza.com\/?p=2652897"},"modified":"2025-11-18T15:36:38","modified_gmt":"2025-11-18T15:36:38","slug":"ho-scattato-questa-foto-per-la-laurea-non-per-il-funerale","status":"publish","type":"post","link":"https:\/\/www.pressenza.com\/it\/2025\/11\/ho-scattato-questa-foto-per-la-laurea-non-per-il-funerale\/","title":{"rendered":"&#8220;Ho scattato questa foto per la laurea, non per il funerale&#8221;"},"content":{"rendered":"<p><em>&#8220;Ho scattato questa foto per la laurea, non per un funerale&#8221; \u2013 Una giornalista racconta di come gli ucraini stiano perdendo la loro giovent\u00f9. All&#8217;inizio dell&#8217;invasione su vasta scala (cos\u00ec viene chiamata la guerra iniziata nel febbraio del 2022 con la Federazione Russa per distinguerla dalla guerra civile iniziata nel 2014 per il controllo del Donbas. NdT), i soldati pi\u00f9 giovani erano quelli nati nel 2003. Ora sono quelli nati nel 2007. La loro storia e la loro morte sono particolarmente toccanti, poich\u00e9 le loro fotografie pi\u00f9 recenti speso li mostrano studenti e sono diventate ora i loro ritratti sulle tombe. La reporter Albina Karman racconta la perdita della giovent\u00f9 ucraina.<\/em><\/p>\n<p>Durante il primo anno di guerra su vasta scala, ho lavorato come giornalista investigativa e, tra le altre cose, per documentare i crimini di guerra russi. Da pi\u00f9 di due anni lavoro come reporter di guerra. In questo periodo, la cosa pi\u00f9 difficile \u00e8 stata vedere la generazione dei miei coetanei scomparire: ho 21 anni.<\/p>\n<p><strong>6 maggio 2024. Un&#8217;annotazione sul mio telefono<\/strong><\/p>\n<p>No, non \u00e8 stata una brutta giornata, ma sarebbe stata migliore se avessi visto quel ragazzo riccio e allegro con cui andavo al liceo sorridere a tutti lungo il corridoio, e se tutti gli avessero sorriso mentre andavano a lezione di fisica, informatica e lingua. La giornata sarebbe stata migliore se, invece, a soli 19 anni, la sua vita non fosse stata stroncata vicino a Bakhmut. <em>Volodymyr Shkrynda, 2003 &#8211; 2023.<\/em><\/p>\n<p>No, la settimana non \u00e8 stata male, ma sarebbe stata migliore se ora stessi andando in un rifugio fuori Kharkiv per intervistare un ragazzo biondo e sincero che ha lasciato i territori occupati per combattere per la liberazione della sua terra. Parlava con calma della morte, ma questa ha interrotto i suoi giovani 20 anni vicino a Bakhmut. La settimana sarebbe stata migliore se ora avesse potuto dire ai suoi amici: &#8220;Mi sto allenando, va tutto bene&#8221;. <em>Ihor Muzhychenko, 2003-2024.<\/em><\/p>\n<p>No, non \u00e8 stato un brutto mese, ma sarebbe potuto andare meglio se avessi incontrato una vecchia conoscenza e camminato insieme per 10 chilometri fino al club; avremmo incontrato tutti i nostri amici mentre attraversavamo i villaggi vicini, lui avrebbe chiesto di dedicare canzoni per gli amici al DJ e poi avremmo semplicemente trascorso la serata sulla riva di un affluente del fiume Pivdennyi Buh (Southern Bug). Ma la citt\u00e0 di Mykolaiv ha resistito, grazie a molti morti, e da qualche parte tra loro c&#8217;era il nostro giovane 21enne. <em>Vadym Hotsuliak, 2001 \u2013 2022.<\/em><\/p>\n<p>(Nota: Mykolaiv \u00e8 una grande citt\u00e0 dell&#8217;Ucraina meridionale che ha subito pesanti bombardamenti nel 2022 perch\u00e9 l\u00ec si combatteva per\u00a0 bloccare l&#8217;avanzata dell&#8217;esercito russo verso Odessa.)<\/p>\n<p><img loading=\"lazy\" decoding=\"async\" class=\"alignnone wp-image-2652900 size-large\" src=\"https:\/\/www.pressenza.com\/wp-content\/uploads\/2025\/11\/fotoB-820x546.jpg\" alt=\"\" width=\"820\" height=\"546\" srcset=\"https:\/\/www.pressenza.com\/wp-content\/uploads\/2025\/11\/fotoB-820x546.jpg 820w, https:\/\/www.pressenza.com\/wp-content\/uploads\/2025\/11\/fotoB-300x200.jpg 300w, https:\/\/www.pressenza.com\/wp-content\/uploads\/2025\/11\/fotoB.jpg 1600w\" sizes=\"auto, (max-width: 820px) 100vw, 820px\" \/><\/p>\n<p><em>In primo piano, alcune persone abbracciano un soldato, mentre sullo sfondo si vedono una tomba e la neve.<\/em><\/p>\n<p><strong>16 giugno 2024. Un&#8217;altra perdita<\/strong><\/p>\n<p>Sto tornando da una missione di lavoro nel settore Kupiansk dell&#8217;oblast di Kharkiv. Il mio intero feed di Instagram \u00e8 in bianco e nero; conoscenti e amici stanno condividendo la foto di un giovane caduto. Non lo riconosco subito: \u00e8 cresciuto dall&#8217;ultima volta che ci siamo visti nel 2023.<\/p>\n<p>Oleksandr (Sasha) Polishchuk era un militare della 36\u00aa Brigata Autonoma dei Marines. Lo conoscevo a malapena. Sasha era il compagno di classe di una mia amica d&#8217;infanzia. Quando hanno festeggiato la laurea nel 2023, sono stata invitata come fotografa. Cos\u00ec ho fotografato i laureati nella sala riunioni del college davanti a vecchie tende color oro. Non avevo pi\u00f9 visto quelle foto da quando le avevo date ai laureati; me ne ero persino dimenticata.<\/p>\n<p><a href=\"https:\/\/frontliner.ua\/en\/how-ukrainians-are-losing-their-youth\/\"><img loading=\"lazy\" decoding=\"async\" class=\"alignnone wp-image-2652904 size-large\" src=\"https:\/\/www.pressenza.com\/wp-content\/uploads\/2025\/11\/Foto-C-820x546.jpg\" alt=\"\" width=\"820\" height=\"546\" srcset=\"https:\/\/www.pressenza.com\/wp-content\/uploads\/2025\/11\/Foto-C-820x546.jpg 820w, https:\/\/www.pressenza.com\/wp-content\/uploads\/2025\/11\/Foto-C-300x200.jpg 300w, https:\/\/www.pressenza.com\/wp-content\/uploads\/2025\/11\/Foto-C.jpg 1600w\" sizes=\"auto, (max-width: 820px) 100vw, 820px\" \/><\/a><\/p>\n<p><em>Una foto di quattro giovani a una festa di laurea. Oleksandr Polishchuk (all&#8217;estrema destra) insieme agli amici, Khmelnytskyi, Ucraina, 20 gennaio 2023.<\/em><\/p>\n<p><strong>20 giugno 2024. Rozsosha, Khmelnytskyi Oblast<\/strong><\/p>\n<p>Il ritratto di Sasha, con quelle vecchie tende dorate dietro di lui, viene portato fuori dal cortile della sua casa e quindi posto in un furgone funerario nero. Divento pallida. Accanto a me c&#8217;\u00e8 la mia amica Maryna, che aspetta da tre anni il ritorno del suo ragazzo dalla prigionia.<\/p>\n<p>&#8220;Va tutto bene?&#8221; chiede.<\/p>\n<p>&#8220;S\u00ec, \u00e8 solo che ho scattato questa foto per la laurea, non per un funerale,&#8221; rispondo. In quel momento, Maryna, Sasha ed io avevamo tutti 20 anni.<\/p>\n<div id=\"attachment_2652906\" class=\"wp-caption alignnone\"><img loading=\"lazy\" decoding=\"async\" aria-describedby=\"caption-attachment-2652906\" class=\"wp-image-2652906 size-large\" src=\"https:\/\/www.pressenza.com\/wp-content\/uploads\/2025\/11\/quarta-foto-820x593.jpg\" alt=\"\" width=\"820\" height=\"593\" srcset=\"https:\/\/www.pressenza.com\/wp-content\/uploads\/2025\/11\/quarta-foto-820x593.jpg 820w, https:\/\/www.pressenza.com\/wp-content\/uploads\/2025\/11\/quarta-foto-300x217.jpg 300w, https:\/\/www.pressenza.com\/wp-content\/uploads\/2025\/11\/quarta-foto.jpg 1920w\" sizes=\"auto, (max-width: 820px) 100vw, 820px\" \/><p id=\"caption-attachment-2652906\" class=\"wp-caption-text\"><em>L&#8217;addio al ventenne Marine Oleksandr Polishchuk. 20 agosto 2024.<\/em><\/p><\/div>\n<p>Dopo la tradizionale cerimonia di addio con vesilna rizka (la veste del cerimoniale di nozze) e korovai (il pane cerimoniale nuziale), poich\u00e9 nella regione di Khmelnytskyi \u00e8 consuetudine usare i simboli nuziali ai funerali degli uomini non sposati, quando tutti i parenti, gli uomini e le donne se ne sono andati, solo i giovani rimangono con Sasha. Siamo in 15 e cantiamo l&#8217;inno ucraino sulla sua tomba fino al calar della notte. Per qualche ragione, successivamente, l&#8217;aria diventa pi\u00f9 leggera e c&#8217;\u00e8 una sensazione di euforia, come se tutto ci\u00f2 che prima non era stato possibile ora finalmente potr\u00e0 accadere. \u00c8 come se qualcuno ci avesse inviato l&#8217;ispirazione che ci mancava. Come se ora potessimo riuscire a fare ancora di pi\u00f9 per il bene di chi, dal cielo, ci ha dato la sua forza.<\/p>\n<p><strong>19 novembre 2024. Una nuova annotazione<\/strong><\/p>\n<p>Sto andando nell&#8217;Oblast di Rivne per raccontare la storia di un ragazzo di 13 anni che suona la tromba in una banda funebre che accompagna i soldati caduti. Oltre a lui, altri due minorenni di 16 e 17 anni suonano nella banda. Vado con loro a un funerale \u2014 sono i soggetti principali per il mio reportage. Ma per un attimo mi distraggo quando arriviamo nel cortile della casa del soldato caduto Denys Pereta, nato nel 2000. Cerco di ricordare se ho visto delle persone anziane in una bara durante gli anni della guerra, ma non riesco a ricordarne nemmeno una. E poi, in lacrime per la prima volta, mi fermo a pensare e scrivo in un biglietto: &#8220;Sto documentando la perdita della mia generazione&#8221;.<\/p>\n<p><img loading=\"lazy\" decoding=\"async\" class=\"alignnone wp-image-2652915 size-large\" src=\"https:\/\/www.pressenza.com\/wp-content\/uploads\/2025\/11\/ultimab-1-820x548.webp\" alt=\"\" width=\"820\" height=\"548\" srcset=\"https:\/\/www.pressenza.com\/wp-content\/uploads\/2025\/11\/ultimab-1-820x548.webp 820w, https:\/\/www.pressenza.com\/wp-content\/uploads\/2025\/11\/ultimab-1-300x200.webp 300w, https:\/\/www.pressenza.com\/wp-content\/uploads\/2025\/11\/ultimab-1.webp 1920w\" sizes=\"auto, (max-width: 820px) 100vw, 820px\" \/><\/p>\n<p><em>Un&#8217;orchestra funebre, seguita da un auto con la bara e soldati che camminano accanto.<\/em><\/p>\n<p><strong>Un risultato inevitabile<\/strong><\/p>\n<p>Partecipo a una riunione di lavoro online con il team di Frontliner. Aspetto con calma il mio turno per parlare dei reportage completati e, nel bel mezzo, decido di mandare un messaggio al mio amico &#8220;Chuha&#8221; inquadrato nella Brigata Azov. \u00c8 un po&#8217; pi\u00f9 grande di me, ha 22 anni. Non ci sentiamo da molto tempo e sono preoccupata, perch\u00e9 il settore del fronte vicino a Toretsk dove sta combattendo \u00e8 molto difficile.<\/p>\n<p>&#8220;Ci sono novit\u00e0?&#8221; chiedo.<\/p>\n<p>&#8220;Abbiamo seppellito mio fratello minore di 18 anni. Ora sto cercando di imparare a convivere con questo fatto&#8221;, dice Chuha.<\/p>\n<p>Il mio amico ci teneva che suo fratello minore si decidesse a prestare il servizio militare subito dopo aver compiuto i 18 anni; non gli aveva dato tregua fin dal primo giorno dopo il suo compleanno. Ma &#8220;Chuha&#8221; credeva che lui e suo fratello sarebbero sopravvissuti insieme a questa guerra. Per un certo periodo il giovane Arsen Derkach venne considerato disperso, ma non ci fu alcun miracolo.<\/p>\n<p>Torno a collegarmi con la riunione di redazione, racconto ai redattori un po&#8217; distrattamente come stanno le cose, mi metto il berretto e vado fuori in un campo. Si sta avvicinando un temporale. Una nuvola scura molto grande si staglia sopra il cielo, sopra i campi infiniti, ma ad un tratto si crea uno squarcio e i raggi del sole cocente della sera irrompono. Pesanti gocce di pioggia cominciano a cadere sul mio viso e non mi riparo; lascio che la pioggia lavi via i segni di questo inevitabile fardello. Qui, in mezzo al campo, diventa pi\u00f9 facile respirare: si inspira il dolore, si espira la vita. Perch\u00e9 qualcuno dal cielo ci d\u00e0 davvero la forza di riuscire a dare vita a ci\u00f2 che loro ormai non possono pi\u00f9 fare.<\/p>\n<p>Ucraina, 9 settembre, 2025<br \/>\nFotoreportage di <strong>Albina Karman<\/strong> di<strong> Frontliner <\/strong>(media ucraino indipendente)<\/p>\n<p>Adattamento: Jared Goyette<\/p>\n<p><em>(Non sempre e non necessariamente le opinioni dei reporter di Frontliner coincidono con le nostre, ma i loro reportage raccontano con intensa partecipazione la guerra per come \u00e8 vissuta dalla gente comune, nella drammatica quotidianit\u00e0, che vede gradualmente scomparire una generazione di giovani vite spezzate anzitempo. Come in un famoso canto dei nostri fanti composto durante la Prima Guerra Mondiale, &#8220;La meglio giovent\u00f9 la va sotto terra&#8221;. Mauro Carlo Zanella)<\/em><\/p>\n","protected":false},"excerpt":{"rendered":"<p>&#8220;Ho scattato questa foto per la laurea, non per un funerale&#8221; \u2013 Una giornalista racconta di come gli ucraini stiano perdendo la loro giovent\u00f9. All&#8217;inizio dell&#8217;invasione su vasta scala (cos\u00ec viene chiamata la guerra iniziata nel febbraio del 2022 con&hellip;<\/p>\n","protected":false},"author":594,"featured_media":2652899,"comment_status":"closed","ping_status":"closed","sticky":false,"template":"","format":"standard","meta":{"footnotes":""},"categories":[47,5677,46975,1263],"tags":[146574,365,8514],"class_list":["post-2652897","post","type-post","status-publish","format-standard","has-post-thumbnail","hentry","category-europa","category-fotoreportages","category-giovani","category-pace-disarmo","tag-giovani-caduti","tag-guerra","tag-ucraina"],"yoast_head":"<!-- This site is optimized with the Yoast SEO plugin v27.1.1 - https:\/\/yoast.com\/product\/yoast-seo-wordpress\/ -->\n<title>&quot;Ho scattato questa foto per la laurea, non per il funerale&quot;<\/title>\n<meta name=\"description\" content=\"&quot;Ho scattato questa foto per la laurea, non per un funerale&quot; \u2013 Una giornalista racconta di come gli ucraini stiano perdendo la loro giovent\u00f9. All&#039;inizio\" \/>\n<meta name=\"robots\" content=\"index, follow, max-snippet:-1, max-image-preview:large, max-video-preview:-1\" \/>\n<link rel=\"canonical\" href=\"https:\/\/www.pressenza.com\/it\/2025\/11\/ho-scattato-questa-foto-per-la-laurea-non-per-il-funerale\/\" \/>\n<meta property=\"og:locale\" content=\"it_IT\" \/>\n<meta property=\"og:type\" content=\"article\" \/>\n<meta property=\"og:title\" content=\"&quot;Ho scattato questa foto per la laurea, non per il funerale&quot;\" \/>\n<meta property=\"og:description\" content=\"&quot;Ho scattato questa foto per la laurea, non per un funerale&quot; \u2013 Una giornalista racconta di come gli ucraini stiano perdendo la loro giovent\u00f9. All&#039;inizio\" \/>\n<meta property=\"og:url\" content=\"https:\/\/www.pressenza.com\/it\/2025\/11\/ho-scattato-questa-foto-per-la-laurea-non-per-il-funerale\/\" \/>\n<meta property=\"og:site_name\" content=\"Pressenza\" \/>\n<meta property=\"article:publisher\" content=\"https:\/\/www.facebook.com\/PressenzaItalia\" \/>\n<meta property=\"article:author\" content=\"https:\/\/www.facebook.com\/PressenzaItalia\" \/>\n<meta property=\"article:published_time\" content=\"2025-11-18T15:35:34+00:00\" \/>\n<meta property=\"article:modified_time\" content=\"2025-11-18T15:36:38+00:00\" \/>\n<meta property=\"og:image\" content=\"https:\/\/www.pressenza.com\/wp-content\/uploads\/2025\/11\/foto-iniziale.jpg\" \/>\n\t<meta property=\"og:image:width\" content=\"1920\" \/>\n\t<meta property=\"og:image:height\" content=\"960\" \/>\n\t<meta property=\"og:image:type\" content=\"image\/jpeg\" \/>\n<meta name=\"author\" content=\"Redazione Italia\" \/>\n<meta name=\"twitter:card\" content=\"summary_large_image\" \/>\n<meta name=\"twitter:creator\" content=\"@pressenza_it\" \/>\n<meta name=\"twitter:site\" content=\"@PressenzaIPA\" \/>\n<meta name=\"twitter:label1\" content=\"Scritto da\" \/>\n\t<meta name=\"twitter:data1\" content=\"Redazione Italia\" \/>\n\t<meta name=\"twitter:label2\" content=\"Tempo di lettura stimato\" \/>\n\t<meta name=\"twitter:data2\" content=\"9 minuti\" \/>\n<script type=\"application\/ld+json\" class=\"yoast-schema-graph\">{\"@context\":\"https:\/\/schema.org\",\"@graph\":[{\"@type\":\"Article\",\"@id\":\"https:\/\/www.pressenza.com\/it\/2025\/11\/ho-scattato-questa-foto-per-la-laurea-non-per-il-funerale\/#article\",\"isPartOf\":{\"@id\":\"https:\/\/www.pressenza.com\/it\/2025\/11\/ho-scattato-questa-foto-per-la-laurea-non-per-il-funerale\/\"},\"author\":{\"name\":\"Redazione Italia\",\"@id\":\"https:\/\/www.pressenza.com\/it\/#\/schema\/person\/d983e81827ae24f2c7b1a2123d197f8d\"},\"headline\":\"&#8220;Ho scattato questa foto per la laurea, non per il funerale&#8221;\",\"datePublished\":\"2025-11-18T15:35:34+00:00\",\"dateModified\":\"2025-11-18T15:36:38+00:00\",\"mainEntityOfPage\":{\"@id\":\"https:\/\/www.pressenza.com\/it\/2025\/11\/ho-scattato-questa-foto-per-la-laurea-non-per-il-funerale\/\"},\"wordCount\":1350,\"publisher\":{\"@id\":\"https:\/\/www.pressenza.com\/it\/#organization\"},\"image\":{\"@id\":\"https:\/\/www.pressenza.com\/it\/2025\/11\/ho-scattato-questa-foto-per-la-laurea-non-per-il-funerale\/#primaryimage\"},\"thumbnailUrl\":\"https:\/\/www.pressenza.com\/wp-content\/uploads\/2025\/11\/foto-iniziale.jpg\",\"keywords\":[\"giovani caduti\",\"guerra\",\"Ucraina\"],\"articleSection\":[\"Europa\",\"Fotoreportages\",\"Giovani\",\"Pace e Disarmo\"],\"inLanguage\":\"it-IT\"},{\"@type\":\"WebPage\",\"@id\":\"https:\/\/www.pressenza.com\/it\/2025\/11\/ho-scattato-questa-foto-per-la-laurea-non-per-il-funerale\/\",\"url\":\"https:\/\/www.pressenza.com\/it\/2025\/11\/ho-scattato-questa-foto-per-la-laurea-non-per-il-funerale\/\",\"name\":\"\\\"Ho scattato questa foto per la laurea, non per il funerale\\\"\",\"isPartOf\":{\"@id\":\"https:\/\/www.pressenza.com\/it\/#website\"},\"primaryImageOfPage\":{\"@id\":\"https:\/\/www.pressenza.com\/it\/2025\/11\/ho-scattato-questa-foto-per-la-laurea-non-per-il-funerale\/#primaryimage\"},\"image\":{\"@id\":\"https:\/\/www.pressenza.com\/it\/2025\/11\/ho-scattato-questa-foto-per-la-laurea-non-per-il-funerale\/#primaryimage\"},\"thumbnailUrl\":\"https:\/\/www.pressenza.com\/wp-content\/uploads\/2025\/11\/foto-iniziale.jpg\",\"datePublished\":\"2025-11-18T15:35:34+00:00\",\"dateModified\":\"2025-11-18T15:36:38+00:00\",\"description\":\"\\\"Ho scattato questa foto per la laurea, non per un funerale\\\" \u2013 Una giornalista racconta di come gli ucraini stiano perdendo la loro giovent\u00f9. All'inizio\",\"breadcrumb\":{\"@id\":\"https:\/\/www.pressenza.com\/it\/2025\/11\/ho-scattato-questa-foto-per-la-laurea-non-per-il-funerale\/#breadcrumb\"},\"inLanguage\":\"it-IT\",\"potentialAction\":[{\"@type\":\"ReadAction\",\"target\":[\"https:\/\/www.pressenza.com\/it\/2025\/11\/ho-scattato-questa-foto-per-la-laurea-non-per-il-funerale\/\"]}]},{\"@type\":\"ImageObject\",\"inLanguage\":\"it-IT\",\"@id\":\"https:\/\/www.pressenza.com\/it\/2025\/11\/ho-scattato-questa-foto-per-la-laurea-non-per-il-funerale\/#primaryimage\",\"url\":\"https:\/\/www.pressenza.com\/wp-content\/uploads\/2025\/11\/foto-iniziale.jpg\",\"contentUrl\":\"https:\/\/www.pressenza.com\/wp-content\/uploads\/2025\/11\/foto-iniziale.jpg\",\"width\":1920,\"height\":960,\"caption\":\"Frontliner\"},{\"@type\":\"BreadcrumbList\",\"@id\":\"https:\/\/www.pressenza.com\/it\/2025\/11\/ho-scattato-questa-foto-per-la-laurea-non-per-il-funerale\/#breadcrumb\",\"itemListElement\":[{\"@type\":\"ListItem\",\"position\":1,\"name\":\"Accueil\",\"item\":\"https:\/\/www.pressenza.com\/it\/\"},{\"@type\":\"ListItem\",\"position\":2,\"name\":\"&#8220;Ho scattato questa foto per la laurea, non per il funerale&#8221;\"}]},{\"@type\":\"WebSite\",\"@id\":\"https:\/\/www.pressenza.com\/it\/#website\",\"url\":\"https:\/\/www.pressenza.com\/it\/\",\"name\":\"Pressenza\",\"description\":\"Agenzia di Stampa Internazionale\",\"publisher\":{\"@id\":\"https:\/\/www.pressenza.com\/it\/#organization\"},\"potentialAction\":[{\"@type\":\"SearchAction\",\"target\":{\"@type\":\"EntryPoint\",\"urlTemplate\":\"https:\/\/www.pressenza.com\/it\/?s={search_term_string}\"},\"query-input\":{\"@type\":\"PropertyValueSpecification\",\"valueRequired\":true,\"valueName\":\"search_term_string\"}}],\"inLanguage\":\"it-IT\"},{\"@type\":\"Organization\",\"@id\":\"https:\/\/www.pressenza.com\/it\/#organization\",\"name\":\"Pressenza\",\"url\":\"https:\/\/www.pressenza.com\/it\/\",\"logo\":{\"@type\":\"ImageObject\",\"inLanguage\":\"it-IT\",\"@id\":\"https:\/\/www.pressenza.com\/it\/#\/schema\/logo\/image\/\",\"url\":\"https:\/\/www.pressenza.com\/wp-content\/uploads\/2022\/10\/pressenza_logo_200x200.jpg\",\"contentUrl\":\"https:\/\/www.pressenza.com\/wp-content\/uploads\/2022\/10\/pressenza_logo_200x200.jpg\",\"width\":200,\"height\":200,\"caption\":\"Pressenza\"},\"image\":{\"@id\":\"https:\/\/www.pressenza.com\/it\/#\/schema\/logo\/image\/\"},\"sameAs\":[\"https:\/\/www.facebook.com\/PressenzaItalia\",\"https:\/\/x.com\/PressenzaIPA\"]},{\"@type\":\"Person\",\"@id\":\"https:\/\/www.pressenza.com\/it\/#\/schema\/person\/d983e81827ae24f2c7b1a2123d197f8d\",\"name\":\"Redazione Italia\",\"description\":\"News from the Pressenza Bureau in Italy\",\"sameAs\":[\"https:\/\/www.pressenza.com\/it\/author\/redazione-italia\/\",\"https:\/\/www.facebook.com\/PressenzaItalia\",\"https:\/\/www.instagram.com\/pressenza_italia\/\",\"https:\/\/x.com\/pressenza_it\",\"https:\/\/www.youtube.com\/channel\/UCSalEIWjE1RSxkwjfftFuqg\"],\"url\":\"https:\/\/www.pressenza.com\/it\/author\/redazione-italia\/\"}]}<\/script>\n<!-- \/ Yoast SEO plugin. -->","yoast_head_json":{"title":"\"Ho scattato questa foto per la laurea, non per il funerale\"","description":"\"Ho scattato questa foto per la laurea, non per un funerale\" \u2013 Una giornalista racconta di come gli ucraini stiano perdendo la loro giovent\u00f9. All'inizio","robots":{"index":"index","follow":"follow","max-snippet":"max-snippet:-1","max-image-preview":"max-image-preview:large","max-video-preview":"max-video-preview:-1"},"canonical":"https:\/\/www.pressenza.com\/it\/2025\/11\/ho-scattato-questa-foto-per-la-laurea-non-per-il-funerale\/","og_locale":"it_IT","og_type":"article","og_title":"\"Ho scattato questa foto per la laurea, non per il funerale\"","og_description":"\"Ho scattato questa foto per la laurea, non per un funerale\" \u2013 Una giornalista racconta di come gli ucraini stiano perdendo la loro giovent\u00f9. All'inizio","og_url":"https:\/\/www.pressenza.com\/it\/2025\/11\/ho-scattato-questa-foto-per-la-laurea-non-per-il-funerale\/","og_site_name":"Pressenza","article_publisher":"https:\/\/www.facebook.com\/PressenzaItalia","article_author":"https:\/\/www.facebook.com\/PressenzaItalia","article_published_time":"2025-11-18T15:35:34+00:00","article_modified_time":"2025-11-18T15:36:38+00:00","og_image":[{"width":1920,"height":960,"url":"https:\/\/www.pressenza.com\/wp-content\/uploads\/2025\/11\/foto-iniziale.jpg","type":"image\/jpeg"}],"author":"Redazione Italia","twitter_card":"summary_large_image","twitter_creator":"@pressenza_it","twitter_site":"@PressenzaIPA","twitter_misc":{"Scritto da":"Redazione Italia","Tempo di lettura stimato":"9 minuti"},"schema":{"@context":"https:\/\/schema.org","@graph":[{"@type":"Article","@id":"https:\/\/www.pressenza.com\/it\/2025\/11\/ho-scattato-questa-foto-per-la-laurea-non-per-il-funerale\/#article","isPartOf":{"@id":"https:\/\/www.pressenza.com\/it\/2025\/11\/ho-scattato-questa-foto-per-la-laurea-non-per-il-funerale\/"},"author":{"name":"Redazione Italia","@id":"https:\/\/www.pressenza.com\/it\/#\/schema\/person\/d983e81827ae24f2c7b1a2123d197f8d"},"headline":"&#8220;Ho scattato questa foto per la laurea, non per il funerale&#8221;","datePublished":"2025-11-18T15:35:34+00:00","dateModified":"2025-11-18T15:36:38+00:00","mainEntityOfPage":{"@id":"https:\/\/www.pressenza.com\/it\/2025\/11\/ho-scattato-questa-foto-per-la-laurea-non-per-il-funerale\/"},"wordCount":1350,"publisher":{"@id":"https:\/\/www.pressenza.com\/it\/#organization"},"image":{"@id":"https:\/\/www.pressenza.com\/it\/2025\/11\/ho-scattato-questa-foto-per-la-laurea-non-per-il-funerale\/#primaryimage"},"thumbnailUrl":"https:\/\/www.pressenza.com\/wp-content\/uploads\/2025\/11\/foto-iniziale.jpg","keywords":["giovani caduti","guerra","Ucraina"],"articleSection":["Europa","Fotoreportages","Giovani","Pace e Disarmo"],"inLanguage":"it-IT"},{"@type":"WebPage","@id":"https:\/\/www.pressenza.com\/it\/2025\/11\/ho-scattato-questa-foto-per-la-laurea-non-per-il-funerale\/","url":"https:\/\/www.pressenza.com\/it\/2025\/11\/ho-scattato-questa-foto-per-la-laurea-non-per-il-funerale\/","name":"\"Ho scattato questa foto per la laurea, non per il funerale\"","isPartOf":{"@id":"https:\/\/www.pressenza.com\/it\/#website"},"primaryImageOfPage":{"@id":"https:\/\/www.pressenza.com\/it\/2025\/11\/ho-scattato-questa-foto-per-la-laurea-non-per-il-funerale\/#primaryimage"},"image":{"@id":"https:\/\/www.pressenza.com\/it\/2025\/11\/ho-scattato-questa-foto-per-la-laurea-non-per-il-funerale\/#primaryimage"},"thumbnailUrl":"https:\/\/www.pressenza.com\/wp-content\/uploads\/2025\/11\/foto-iniziale.jpg","datePublished":"2025-11-18T15:35:34+00:00","dateModified":"2025-11-18T15:36:38+00:00","description":"\"Ho scattato questa foto per la laurea, non per un funerale\" \u2013 Una giornalista racconta di come gli ucraini stiano perdendo la loro giovent\u00f9. All'inizio","breadcrumb":{"@id":"https:\/\/www.pressenza.com\/it\/2025\/11\/ho-scattato-questa-foto-per-la-laurea-non-per-il-funerale\/#breadcrumb"},"inLanguage":"it-IT","potentialAction":[{"@type":"ReadAction","target":["https:\/\/www.pressenza.com\/it\/2025\/11\/ho-scattato-questa-foto-per-la-laurea-non-per-il-funerale\/"]}]},{"@type":"ImageObject","inLanguage":"it-IT","@id":"https:\/\/www.pressenza.com\/it\/2025\/11\/ho-scattato-questa-foto-per-la-laurea-non-per-il-funerale\/#primaryimage","url":"https:\/\/www.pressenza.com\/wp-content\/uploads\/2025\/11\/foto-iniziale.jpg","contentUrl":"https:\/\/www.pressenza.com\/wp-content\/uploads\/2025\/11\/foto-iniziale.jpg","width":1920,"height":960,"caption":"Frontliner"},{"@type":"BreadcrumbList","@id":"https:\/\/www.pressenza.com\/it\/2025\/11\/ho-scattato-questa-foto-per-la-laurea-non-per-il-funerale\/#breadcrumb","itemListElement":[{"@type":"ListItem","position":1,"name":"Accueil","item":"https:\/\/www.pressenza.com\/it\/"},{"@type":"ListItem","position":2,"name":"&#8220;Ho scattato questa foto per la laurea, non per il funerale&#8221;"}]},{"@type":"WebSite","@id":"https:\/\/www.pressenza.com\/it\/#website","url":"https:\/\/www.pressenza.com\/it\/","name":"Pressenza","description":"Agenzia di Stampa Internazionale","publisher":{"@id":"https:\/\/www.pressenza.com\/it\/#organization"},"potentialAction":[{"@type":"SearchAction","target":{"@type":"EntryPoint","urlTemplate":"https:\/\/www.pressenza.com\/it\/?s={search_term_string}"},"query-input":{"@type":"PropertyValueSpecification","valueRequired":true,"valueName":"search_term_string"}}],"inLanguage":"it-IT"},{"@type":"Organization","@id":"https:\/\/www.pressenza.com\/it\/#organization","name":"Pressenza","url":"https:\/\/www.pressenza.com\/it\/","logo":{"@type":"ImageObject","inLanguage":"it-IT","@id":"https:\/\/www.pressenza.com\/it\/#\/schema\/logo\/image\/","url":"https:\/\/www.pressenza.com\/wp-content\/uploads\/2022\/10\/pressenza_logo_200x200.jpg","contentUrl":"https:\/\/www.pressenza.com\/wp-content\/uploads\/2022\/10\/pressenza_logo_200x200.jpg","width":200,"height":200,"caption":"Pressenza"},"image":{"@id":"https:\/\/www.pressenza.com\/it\/#\/schema\/logo\/image\/"},"sameAs":["https:\/\/www.facebook.com\/PressenzaItalia","https:\/\/x.com\/PressenzaIPA"]},{"@type":"Person","@id":"https:\/\/www.pressenza.com\/it\/#\/schema\/person\/d983e81827ae24f2c7b1a2123d197f8d","name":"Redazione Italia","description":"News from the Pressenza Bureau in Italy","sameAs":["https:\/\/www.pressenza.com\/it\/author\/redazione-italia\/","https:\/\/www.facebook.com\/PressenzaItalia","https:\/\/www.instagram.com\/pressenza_italia\/","https:\/\/x.com\/pressenza_it","https:\/\/www.youtube.com\/channel\/UCSalEIWjE1RSxkwjfftFuqg"],"url":"https:\/\/www.pressenza.com\/it\/author\/redazione-italia\/"}]}},"place":"Ucraina, Frontliner","original_article_url":"https:\/\/frontliner.ua\/en\/how-ukrainians-are-losing-their-youth\/","_links":{"self":[{"href":"https:\/\/www.pressenza.com\/it\/wp-json\/wp\/v2\/posts\/2652897","targetHints":{"allow":["GET"]}}],"collection":[{"href":"https:\/\/www.pressenza.com\/it\/wp-json\/wp\/v2\/posts"}],"about":[{"href":"https:\/\/www.pressenza.com\/it\/wp-json\/wp\/v2\/types\/post"}],"author":[{"embeddable":true,"href":"https:\/\/www.pressenza.com\/it\/wp-json\/wp\/v2\/users\/594"}],"replies":[{"embeddable":true,"href":"https:\/\/www.pressenza.com\/it\/wp-json\/wp\/v2\/comments?post=2652897"}],"version-history":[{"count":19,"href":"https:\/\/www.pressenza.com\/it\/wp-json\/wp\/v2\/posts\/2652897\/revisions"}],"predecessor-version":[{"id":2653660,"href":"https:\/\/www.pressenza.com\/it\/wp-json\/wp\/v2\/posts\/2652897\/revisions\/2653660"}],"wp:featuredmedia":[{"embeddable":true,"href":"https:\/\/www.pressenza.com\/it\/wp-json\/wp\/v2\/media\/2652899"}],"wp:attachment":[{"href":"https:\/\/www.pressenza.com\/it\/wp-json\/wp\/v2\/media?parent=2652897"}],"wp:term":[{"taxonomy":"category","embeddable":true,"href":"https:\/\/www.pressenza.com\/it\/wp-json\/wp\/v2\/categories?post=2652897"},{"taxonomy":"post_tag","embeddable":true,"href":"https:\/\/www.pressenza.com\/it\/wp-json\/wp\/v2\/tags?post=2652897"}],"curies":[{"name":"wp","href":"https:\/\/api.w.org\/{rel}","templated":true}]}}