{"id":2652813,"date":"2025-11-16T10:57:23","date_gmt":"2025-11-16T10:57:23","guid":{"rendered":"https:\/\/www.pressenza.com\/?p=2652813"},"modified":"2026-01-05T14:52:08","modified_gmt":"2026-01-05T14:52:08","slug":"15nov-cameri-leonardospa","status":"publish","type":"post","link":"https:\/\/www.pressenza.com\/it\/2025\/11\/15nov-cameri-leonardospa\/","title":{"rendered":"Manifestazione a Cameri: immagini eloquenti e dichiarazione dei partecipanti"},"content":{"rendered":"<p>Il corteo che il 15 novembre ha sfilato per la citt\u00e0 e raggiunto lo stabilmento FACO di Leonardo S.p.A. \u00e8 illustrato nel fotoreportage fornito dai promotori dell&#8217;iniziativa.<\/p>\n<p>\u201cEssere qui oggi vuol dire non solo &#8216;dire no alla guerra&#8217;, ma anche non coinvolgere i cittadini in una guerra che nessuno vuole ed \u00e8 finanziata dallo Stato &#8211; hanno spiegato gli organizzatori a nome di tutti i partecipanti &#8211; Noi non ce l\u2019abbiamo con i lavoratori, ma si deve sapere che qui vengono assemblati gli F35 e si realizzano i cassoni alari. Noi protestiamo contro la politica industriale perch\u00e9 qui si produce un tassello del mosaico bellico e il 30% della Leonardo SpA \u00e8 di propriet\u00e0 dello Stato. I nostri soldi non vogliamo che vengano investiti nella guerra, ma nella salute e nel sociale. Per cui le guerre che ci sembrano lontane sono invece tanto vicine e la partita si gioca anche in casa nostra. Non solo si uccide l\u00e0, ma anche qui con i tagli alla Salute e al Sociale a favore della guerra\u201d.<\/p>\n<p><img decoding=\"async\" src=\"https:\/\/lh3.googleusercontent.com\/pw\/AP1GczOKZTzTDyPdHCTwsRvt6c6VdvZsvOIFDChOh4gBzU9kgK5YWAalVJR1PjPhpWBhcHeJxRSZevBaWwpWk4SeFBo2OzprkAV4Ne6hglIWRYac9R9eU-hZGa4duiPIthP5X497UkAJs61pMXxdkvOREfPA=w1186-h790-s-no-gm?authuser=0\" \/><\/p>\n<p class=\"entry-title\">PRESSENZA :<\/p>\n<ul>\n<li>\n<p class=\"entry-title\"><a href=\"https:\/\/www.pressenza.com\/it\/2025\/11\/15novembre-a-cameri-leonardospa\/\" target=\"_blank\" rel=\"noopener\">contro Leonardo SpA e le fabbriche di morte del governo italiano<\/a><\/p>\n<\/li>\n<li>\n<p class=\"entry-title\"><a href=\"https:\/\/www.pressenza.com\/it\/2025\/11\/rete-antimilitarista-nord-italia\/\" target=\"_blank\" rel=\"noopener\">Rete Antimilitarista del Nord Italia: contro \u201cla guerra, la militarizzazione e le politiche del governo Meloni\u201d<\/a><\/p>\n<\/li>\n<\/ul>\n<p>ALTRE FONTI :<\/p>\n<ul>\n<li>Corriere di Novara \/ <a href=\"https:\/\/corrieredinovara.it\/cronaca\/manifestazione-a-cameri-contro-la-guerra-e-gli-f-35\/\" target=\"_blank\" rel=\"noopener\"><em>Manifestazione a Cameri contro la guerra e gli F 35<\/em><\/a><\/li>\n<\/ul>\n<p><img decoding=\"async\" src=\"https:\/\/lh3.googleusercontent.com\/pw\/AP1GczONj0-spUu4mlIvkhFf8MgFhLY0oZHfcdwyT8erts3IFZ3LCa3Lh7vZ0qwrgLyLpdEGLqooOL-wlGz0euzPpHGHIWZkLlCmq6x52jbbupYtuGax1ZBwWBxX5ngH0_5uNIvORBFEiPqHl0hOGhWw_3Ai=w1186-h790-s-no-gm?authuser=0\" \/><\/p>\n<p><img decoding=\"async\" src=\"https:\/\/lh3.googleusercontent.com\/pw\/AP1GczP-zrSQVfJQN8PHxaan0DMi3GCZ2x4ewzImj6eweuIBAEnJ-kqPPSGrz21El3F_jo6DZTUmGhfOtmdtIJQheuHBslhId6EgISLyHJiJLzdKDDESiRX730QeBcjAwGGyrs9di2R_K7J-kdflWGFVY0qR=w1186-h790-s-no-gm?authuser=0\" \/><\/p>\n<p><img decoding=\"async\" src=\"https:\/\/lh3.googleusercontent.com\/pw\/AP1GczOsHlRw38lbKhlIqdcUtoYgqcSAh_FQerPkDPoW5E79sUZNxNqi13idg74arJsTviEcAmj_Od9kRRQmtzPpH1gO5gj-i24CFYo2PdDomPARwDizjll3yGRrgcr1D5qLj_YWBJ62sDo4TlYJ9rR6d3kH=w1186-h790-s-no-gm?authuser=0\" \/><\/p>\n<p><img decoding=\"async\" src=\"https:\/\/lh3.googleusercontent.com\/pw\/AP1GczMc_MFL2enC7ipPLfQS6hHTZwC3wem7xRWW_hOaMAeW7MTmHeA6v1wBcaPG_wBldTSs1loRy67gDWGsIhP5A-dHWTcZjgEJY_xEciUGW6Iu11_ZAa_ptA94Jx6HY_VOQ81yGMRECprdHO6V6yc7aCPN=w1186-h790-s-no-gm?authuser=0\" \/><\/p>\n<p><img decoding=\"async\" src=\"https:\/\/lh3.googleusercontent.com\/pw\/AP1GczPhpStkqUNvyX7fVBNTCI9a5IH_2G58baVbddzZ2LCP2I8ReYEuf3P-G32mprFiPWC4MN2y29sgIE0XynddTd-ld32DiGKVPU6DXJeHFaFNXqaX1mpozUZdUE171nr-2wvRExu32SRad2T9JDudQ1Xm=w1186-h790-s-no-gm?authuser=0\" \/><\/p>\n<p><img decoding=\"async\" src=\"https:\/\/lh3.googleusercontent.com\/pw\/AP1GczOZWlJV5BdOcp5JJW2nruR674V_dZYa_dES9M2c-RWSjolriyIKKUq6efFLWvSBBn0QcJTxpsrgra0uAanWhrMtYR0pfYas3ltbmOFHnJvnMvXs2VhOI-BpNOFA6CycnLrPssvOBRhmsSdXWKLbdNcz=w1186-h790-s-no-gm?authuser=0\" \/><\/p>\n<p><img decoding=\"async\" src=\"https:\/\/lh3.googleusercontent.com\/pw\/AP1GczOp9RQ0aPsHWA3e8AXJofzbE13tYFVDhRek-j6iGk4pZasNXMDGPpA3NIpbmadxbSZDZgibzXLXMysGN3MeW515HbgsB8yCUnuX3Yid0hMG1AxAyfr_31xPhfTStDmtRbN-W_TYNj0ILDbuUmvkEmMr=w1186-h790-s-no-gm?authuser=0\" \/><\/p>\n<p><img decoding=\"async\" src=\"https:\/\/lh3.googleusercontent.com\/pw\/AP1GczOq3uf2VAkrEX89SsaR5ETW02mNu6fwkfRl3HUQpY66pyJu2-T4DSj-tjmeT6JPti8bHSDZOyNqVS0Gvv0zffle1QxMbF1tY1TOPHoY_emJujAR8788RqLVL25x3Ys_50ZwfLgOoQHw6D6ttbFSCl-f=w1186-h790-s-no-gm?authuser=0\" \/><\/p>\n<p><img decoding=\"async\" src=\"https:\/\/lh3.googleusercontent.com\/pw\/AP1GczNgU3Az1POt8PDlEwS1Gr-pe-TQXangllXt9c5pzhBBeuXBt6VuveW-gXVcA480sgFDMzSxxJzl3ROLrBi4tPASGUSTbM45UYGdOD1C0lQ-oGiCDyEv5t_AHko9vuOglhT3S_GVuLAiqKp_Sm9YM4ZW=w1186-h790-s-no-gm?authuser=0\" \/> <img decoding=\"async\" src=\"https:\/\/lh3.googleusercontent.com\/pw\/AP1GczP9C5PZfKI6A4hnZ3qcOjbG38MnuSrefMNy_6tx6NoZY1lRaVz-NWUXzH0wznVbbghsvG1ARPxWVJPoCgmzIm1qsbCYM_QhnVBpsne8WMvDLjikmGUBv0L1qhWIg435eAhtWIpELLp6gyDzncf4D6IA=w1186-h790-s-no-gm?authuser=0\" \/><\/p>\n<p><img decoding=\"async\" src=\"https:\/\/lh3.googleusercontent.com\/pw\/AP1GczOPc3mr1n2JhW2sj5i3sF4jqhORudEieYFbWFhCbu4TLKIbZWVcdyedy7q6SNb8N2Z5-fbMk-n6cjGrLwNrVy2cU6rZ2gsbfNIfjuybeRYIqVrlLNvZxNFwq77NOguBst77FKfkAkN4OG8RkhWt-zN7=w1186-h790-s-no-gm?authuser=0\" \/><\/p>\n<p><img decoding=\"async\" src=\"https:\/\/lh3.googleusercontent.com\/pw\/AP1GczP-gqucCTXsggd2I09st4CMFRfs_L_4gilwvJbMiDNWT_yUFkAGceKagN_GTbbR0yWtscfq8VSYUzi_FuZsMfUNhLHYrXV59whdj9Gt_QJopq3FO2qbbaDuuPkcQ0PbmNrthbiSz66XJBV5-Rtr07l-=w1186-h790-s-no-gm?authuser=0\" \/><\/p>\n<p><img decoding=\"async\" src=\"https:\/\/lh3.googleusercontent.com\/pw\/AP1GczP-bS2w9gbLtySGlyqg-4tMouee16n_3PQEk-ou60Fo_c7fG3Qhbd0gRldRET7_tjluZsz58CGnbwILPPZcJSln3dsz4IGIe8Ex6Q77r14XazhVvr6q3uYKclczOTpgzOUfswWfmxSkHGv64uWp-7ax=w1186-h790-s-no-gm?authuser=0\" \/><\/p>\n<p><img decoding=\"async\" src=\"https:\/\/lh3.googleusercontent.com\/pw\/AP1GczNOllrG7yCHpbZNP6bPp2Ypp4HEJj2fa4e0jPg_aCfRw1sefcBaDzbFzUby5JDr_pIscxN2hr6qKvDyz6qpQmhOW8sSHTHYqTXubckQ_7lbBXT7pBS95EY55FPDa8nG2TAJRroaAugSrTwBN5137zT_=w1186-h790-s-no-gm?authuser=0\" \/><\/p>\n<p><img decoding=\"async\" src=\"https:\/\/lh3.googleusercontent.com\/pw\/AP1GczPaXPwHdCZ5HzELiHHM4u9AA5-Hj0kqrjTs_2EMXjzTcaatNR1QpSJCONWXA1c3m6EMgQdsRgLoFdRqgLoedtBvtyvjPoxBHpJynAad2M8IL_4xqUygMhLYjxlt4vYC3EmLW5nJz_lXRs4AEufq8mzD=w1757-h790-s-no-gm?authuser=0\" \/><\/p>\n<p>&nbsp;<\/p>\n","protected":false},"excerpt":{"rendered":"<p>Il corteo che il 15 novembre ha sfilato per la citt\u00e0 e raggiunto lo stabilmento FACO di Leonardo S.p.A. \u00e8 illustrato nel fotoreportage fornito dai promotori dell&#8217;iniziativa. \u201cEssere qui oggi vuol dire non solo &#8216;dire no alla guerra&#8217;, ma anche&hellip;<\/p>\n","protected":false},"author":2284,"featured_media":2652988,"comment_status":"closed","ping_status":"closed","sticky":false,"template":"","format":"standard","meta":{"footnotes":""},"categories":[5677,1263],"tags":[116391,74968,91086],"class_list":["post-2652813","post","type-post","status-publish","format-standard","has-post-thumbnail","hentry","category-fotoreportages","category-pace-disarmo","tag-corsa-al-riarmo","tag-governo-maltese","tag-leonardo-s-p-a"],"yoast_head":"<!-- This site is optimized with the Yoast SEO plugin v27.1.1 - https:\/\/yoast.com\/product\/yoast-seo-wordpress\/ -->\n<title>Manifestazione a Cameri: immagini eloquenti e dichiarazione dei partecipanti<\/title>\n<meta name=\"description\" content=\"Il corteo che il 15 novembre ha sfilato per la citt\u00e0 e raggiunto lo stabilmento FACO di Leonardo S.p.A. \u00e8 illustrato nel fotoreportage fornito dai Il corteo che il 15 novembre 2025 ha sfilato per Cameri e raggiunto lo stabilmento FACO di Leonardo S.p.A. \u00e8 illustrato nel fotoreportage fornito dai promotori dell&#039;iniziativa, che ne hanno spiegato le finalit\u00e0 in molti modi: i discorsi pronunciati nell&#039;occasione e in manifesto, volantino e comunicato pubblicati su PRESSENZA nei giorni precedenti.\" \/>\n<meta name=\"robots\" content=\"index, follow, max-snippet:-1, max-image-preview:large, max-video-preview:-1\" \/>\n<link rel=\"canonical\" href=\"https:\/\/www.pressenza.com\/it\/2025\/11\/15nov-cameri-leonardospa\/\" \/>\n<meta property=\"og:locale\" content=\"it_IT\" \/>\n<meta property=\"og:type\" content=\"article\" \/>\n<meta property=\"og:title\" content=\"Manifestazione a Cameri: immagini eloquenti e dichiarazione dei partecipanti\" \/>\n<meta property=\"og:description\" content=\"Il corteo che il 15 novembre ha sfilato per la citt\u00e0 e raggiunto lo stabilmento FACO di Leonardo S.p.A. \u00e8 illustrato nel fotoreportage fornito dai Il corteo che il 15 novembre 2025 ha sfilato per Cameri e raggiunto lo stabilmento FACO di Leonardo S.p.A. \u00e8 illustrato nel fotoreportage fornito dai promotori dell&#039;iniziativa, che ne hanno spiegato le finalit\u00e0 in molti modi: i discorsi pronunciati nell&#039;occasione e in manifesto, volantino e comunicato pubblicati su PRESSENZA nei giorni precedenti.\" \/>\n<meta property=\"og:url\" content=\"https:\/\/www.pressenza.com\/it\/2025\/11\/15nov-cameri-leonardospa\/\" \/>\n<meta property=\"og:site_name\" content=\"Pressenza\" \/>\n<meta property=\"article:publisher\" content=\"https:\/\/www.facebook.com\/PressenzaItalia\" \/>\n<meta property=\"article:published_time\" content=\"2025-11-16T10:57:23+00:00\" \/>\n<meta property=\"article:modified_time\" content=\"2026-01-05T14:52:08+00:00\" \/>\n<meta property=\"og:image\" content=\"https:\/\/www.pressenza.com\/wp-content\/uploads\/2025\/11\/Cameri-15-XI-2025.jpg\" \/>\n\t<meta property=\"og:image:width\" content=\"720\" \/>\n\t<meta property=\"og:image:height\" content=\"437\" \/>\n\t<meta property=\"og:image:type\" content=\"image\/jpeg\" \/>\n<meta name=\"author\" content=\"Redazione Piemonte Orientale\" \/>\n<meta name=\"twitter:card\" content=\"summary_large_image\" \/>\n<meta name=\"twitter:creator\" content=\"@PressenzaIPA\" \/>\n<meta name=\"twitter:site\" content=\"@PressenzaIPA\" \/>\n<meta name=\"twitter:label1\" content=\"Scritto da\" \/>\n\t<meta name=\"twitter:data1\" content=\"Redazione Piemonte Orientale\" \/>\n\t<meta name=\"twitter:label2\" content=\"Tempo di lettura stimato\" \/>\n\t<meta name=\"twitter:data2\" content=\"5 minuti\" \/>\n<script type=\"application\/ld+json\" class=\"yoast-schema-graph\">{\"@context\":\"https:\/\/schema.org\",\"@graph\":[{\"@type\":\"Article\",\"@id\":\"https:\/\/www.pressenza.com\/it\/2025\/11\/15nov-cameri-leonardospa\/#article\",\"isPartOf\":{\"@id\":\"https:\/\/www.pressenza.com\/it\/2025\/11\/15nov-cameri-leonardospa\/\"},\"author\":{\"name\":\"Redazione Piemonte Orientale\",\"@id\":\"https:\/\/www.pressenza.com\/it\/#\/schema\/person\/a5a18a1f9bd17ddfdc899816e18307e1\"},\"headline\":\"Manifestazione a Cameri: immagini eloquenti e dichiarazione dei partecipanti\",\"datePublished\":\"2025-11-16T10:57:23+00:00\",\"dateModified\":\"2026-01-05T14:52:08+00:00\",\"mainEntityOfPage\":{\"@id\":\"https:\/\/www.pressenza.com\/it\/2025\/11\/15nov-cameri-leonardospa\/\"},\"wordCount\":224,\"publisher\":{\"@id\":\"https:\/\/www.pressenza.com\/it\/#organization\"},\"image\":{\"@id\":\"https:\/\/www.pressenza.com\/it\/2025\/11\/15nov-cameri-leonardospa\/#primaryimage\"},\"thumbnailUrl\":\"https:\/\/www.pressenza.com\/wp-content\/uploads\/2025\/11\/Cameri-15-XI-2025.jpg\",\"keywords\":[\"corsa al riarmo\",\"governo maltese\",\"Leonardo S.p.A.\"],\"articleSection\":[\"Fotoreportages\",\"Pace e Disarmo\"],\"inLanguage\":\"it-IT\"},{\"@type\":\"WebPage\",\"@id\":\"https:\/\/www.pressenza.com\/it\/2025\/11\/15nov-cameri-leonardospa\/\",\"url\":\"https:\/\/www.pressenza.com\/it\/2025\/11\/15nov-cameri-leonardospa\/\",\"name\":\"Manifestazione a Cameri: immagini eloquenti e dichiarazione dei partecipanti\",\"isPartOf\":{\"@id\":\"https:\/\/www.pressenza.com\/it\/#website\"},\"primaryImageOfPage\":{\"@id\":\"https:\/\/www.pressenza.com\/it\/2025\/11\/15nov-cameri-leonardospa\/#primaryimage\"},\"image\":{\"@id\":\"https:\/\/www.pressenza.com\/it\/2025\/11\/15nov-cameri-leonardospa\/#primaryimage\"},\"thumbnailUrl\":\"https:\/\/www.pressenza.com\/wp-content\/uploads\/2025\/11\/Cameri-15-XI-2025.jpg\",\"datePublished\":\"2025-11-16T10:57:23+00:00\",\"dateModified\":\"2026-01-05T14:52:08+00:00\",\"description\":\"Il corteo che il 15 novembre ha sfilato per la citt\u00e0 e raggiunto lo stabilmento FACO di Leonardo S.p.A. \u00e8 illustrato nel fotoreportage fornito dai Il corteo che il 15 novembre 2025 ha sfilato per Cameri e raggiunto lo stabilmento FACO di Leonardo S.p.A. \u00e8 illustrato nel fotoreportage fornito dai promotori dell'iniziativa, che ne hanno spiegato le finalit\u00e0 in molti modi: i discorsi pronunciati nell'occasione e in manifesto, volantino e comunicato pubblicati su PRESSENZA nei giorni precedenti.\",\"breadcrumb\":{\"@id\":\"https:\/\/www.pressenza.com\/it\/2025\/11\/15nov-cameri-leonardospa\/#breadcrumb\"},\"inLanguage\":\"it-IT\",\"potentialAction\":[{\"@type\":\"ReadAction\",\"target\":[\"https:\/\/www.pressenza.com\/it\/2025\/11\/15nov-cameri-leonardospa\/\"]}]},{\"@type\":\"ImageObject\",\"inLanguage\":\"it-IT\",\"@id\":\"https:\/\/www.pressenza.com\/it\/2025\/11\/15nov-cameri-leonardospa\/#primaryimage\",\"url\":\"https:\/\/www.pressenza.com\/wp-content\/uploads\/2025\/11\/Cameri-15-XI-2025.jpg\",\"contentUrl\":\"https:\/\/www.pressenza.com\/wp-content\/uploads\/2025\/11\/Cameri-15-XI-2025.jpg\",\"width\":720,\"height\":437},{\"@type\":\"BreadcrumbList\",\"@id\":\"https:\/\/www.pressenza.com\/it\/2025\/11\/15nov-cameri-leonardospa\/#breadcrumb\",\"itemListElement\":[{\"@type\":\"ListItem\",\"position\":1,\"name\":\"Accueil\",\"item\":\"https:\/\/www.pressenza.com\/it\/\"},{\"@type\":\"ListItem\",\"position\":2,\"name\":\"Manifestazione a Cameri: immagini eloquenti e dichiarazione dei partecipanti\"}]},{\"@type\":\"WebSite\",\"@id\":\"https:\/\/www.pressenza.com\/it\/#website\",\"url\":\"https:\/\/www.pressenza.com\/it\/\",\"name\":\"Pressenza\",\"description\":\"Agenzia di Stampa Internazionale\",\"publisher\":{\"@id\":\"https:\/\/www.pressenza.com\/it\/#organization\"},\"potentialAction\":[{\"@type\":\"SearchAction\",\"target\":{\"@type\":\"EntryPoint\",\"urlTemplate\":\"https:\/\/www.pressenza.com\/it\/?s={search_term_string}\"},\"query-input\":{\"@type\":\"PropertyValueSpecification\",\"valueRequired\":true,\"valueName\":\"search_term_string\"}}],\"inLanguage\":\"it-IT\"},{\"@type\":\"Organization\",\"@id\":\"https:\/\/www.pressenza.com\/it\/#organization\",\"name\":\"Pressenza\",\"url\":\"https:\/\/www.pressenza.com\/it\/\",\"logo\":{\"@type\":\"ImageObject\",\"inLanguage\":\"it-IT\",\"@id\":\"https:\/\/www.pressenza.com\/it\/#\/schema\/logo\/image\/\",\"url\":\"https:\/\/www.pressenza.com\/wp-content\/uploads\/2022\/10\/pressenza_logo_200x200.jpg\",\"contentUrl\":\"https:\/\/www.pressenza.com\/wp-content\/uploads\/2022\/10\/pressenza_logo_200x200.jpg\",\"width\":200,\"height\":200,\"caption\":\"Pressenza\"},\"image\":{\"@id\":\"https:\/\/www.pressenza.com\/it\/#\/schema\/logo\/image\/\"},\"sameAs\":[\"https:\/\/www.facebook.com\/PressenzaItalia\",\"https:\/\/x.com\/PressenzaIPA\"]},{\"@type\":\"Person\",\"@id\":\"https:\/\/www.pressenza.com\/it\/#\/schema\/person\/a5a18a1f9bd17ddfdc899816e18307e1\",\"name\":\"Redazione Piemonte Orientale\",\"url\":\"https:\/\/www.pressenza.com\/it\/author\/redazione-piemonte-orientale\/\"}]}<\/script>\n<!-- \/ Yoast SEO plugin. -->","yoast_head_json":{"title":"Manifestazione a Cameri: immagini eloquenti e dichiarazione dei partecipanti","description":"Il corteo che il 15 novembre ha sfilato per la citt\u00e0 e raggiunto lo stabilmento FACO di Leonardo S.p.A. \u00e8 illustrato nel fotoreportage fornito dai Il corteo che il 15 novembre 2025 ha sfilato per Cameri e raggiunto lo stabilmento FACO di Leonardo S.p.A. \u00e8 illustrato nel fotoreportage fornito dai promotori dell'iniziativa, che ne hanno spiegato le finalit\u00e0 in molti modi: i discorsi pronunciati nell'occasione e in manifesto, volantino e comunicato pubblicati su PRESSENZA nei giorni precedenti.","robots":{"index":"index","follow":"follow","max-snippet":"max-snippet:-1","max-image-preview":"max-image-preview:large","max-video-preview":"max-video-preview:-1"},"canonical":"https:\/\/www.pressenza.com\/it\/2025\/11\/15nov-cameri-leonardospa\/","og_locale":"it_IT","og_type":"article","og_title":"Manifestazione a Cameri: immagini eloquenti e dichiarazione dei partecipanti","og_description":"Il corteo che il 15 novembre ha sfilato per la citt\u00e0 e raggiunto lo stabilmento FACO di Leonardo S.p.A. \u00e8 illustrato nel fotoreportage fornito dai Il corteo che il 15 novembre 2025 ha sfilato per Cameri e raggiunto lo stabilmento FACO di Leonardo S.p.A. \u00e8 illustrato nel fotoreportage fornito dai promotori dell'iniziativa, che ne hanno spiegato le finalit\u00e0 in molti modi: i discorsi pronunciati nell'occasione e in manifesto, volantino e comunicato pubblicati su PRESSENZA nei giorni precedenti.","og_url":"https:\/\/www.pressenza.com\/it\/2025\/11\/15nov-cameri-leonardospa\/","og_site_name":"Pressenza","article_publisher":"https:\/\/www.facebook.com\/PressenzaItalia","article_published_time":"2025-11-16T10:57:23+00:00","article_modified_time":"2026-01-05T14:52:08+00:00","og_image":[{"width":720,"height":437,"url":"https:\/\/www.pressenza.com\/wp-content\/uploads\/2025\/11\/Cameri-15-XI-2025.jpg","type":"image\/jpeg"}],"author":"Redazione Piemonte Orientale","twitter_card":"summary_large_image","twitter_creator":"@PressenzaIPA","twitter_site":"@PressenzaIPA","twitter_misc":{"Scritto da":"Redazione Piemonte Orientale","Tempo di lettura stimato":"5 minuti"},"schema":{"@context":"https:\/\/schema.org","@graph":[{"@type":"Article","@id":"https:\/\/www.pressenza.com\/it\/2025\/11\/15nov-cameri-leonardospa\/#article","isPartOf":{"@id":"https:\/\/www.pressenza.com\/it\/2025\/11\/15nov-cameri-leonardospa\/"},"author":{"name":"Redazione Piemonte Orientale","@id":"https:\/\/www.pressenza.com\/it\/#\/schema\/person\/a5a18a1f9bd17ddfdc899816e18307e1"},"headline":"Manifestazione a Cameri: immagini eloquenti e dichiarazione dei partecipanti","datePublished":"2025-11-16T10:57:23+00:00","dateModified":"2026-01-05T14:52:08+00:00","mainEntityOfPage":{"@id":"https:\/\/www.pressenza.com\/it\/2025\/11\/15nov-cameri-leonardospa\/"},"wordCount":224,"publisher":{"@id":"https:\/\/www.pressenza.com\/it\/#organization"},"image":{"@id":"https:\/\/www.pressenza.com\/it\/2025\/11\/15nov-cameri-leonardospa\/#primaryimage"},"thumbnailUrl":"https:\/\/www.pressenza.com\/wp-content\/uploads\/2025\/11\/Cameri-15-XI-2025.jpg","keywords":["corsa al riarmo","governo maltese","Leonardo S.p.A."],"articleSection":["Fotoreportages","Pace e Disarmo"],"inLanguage":"it-IT"},{"@type":"WebPage","@id":"https:\/\/www.pressenza.com\/it\/2025\/11\/15nov-cameri-leonardospa\/","url":"https:\/\/www.pressenza.com\/it\/2025\/11\/15nov-cameri-leonardospa\/","name":"Manifestazione a Cameri: immagini eloquenti e dichiarazione dei partecipanti","isPartOf":{"@id":"https:\/\/www.pressenza.com\/it\/#website"},"primaryImageOfPage":{"@id":"https:\/\/www.pressenza.com\/it\/2025\/11\/15nov-cameri-leonardospa\/#primaryimage"},"image":{"@id":"https:\/\/www.pressenza.com\/it\/2025\/11\/15nov-cameri-leonardospa\/#primaryimage"},"thumbnailUrl":"https:\/\/www.pressenza.com\/wp-content\/uploads\/2025\/11\/Cameri-15-XI-2025.jpg","datePublished":"2025-11-16T10:57:23+00:00","dateModified":"2026-01-05T14:52:08+00:00","description":"Il corteo che il 15 novembre ha sfilato per la citt\u00e0 e raggiunto lo stabilmento FACO di Leonardo S.p.A. \u00e8 illustrato nel fotoreportage fornito dai Il corteo che il 15 novembre 2025 ha sfilato per Cameri e raggiunto lo stabilmento FACO di Leonardo S.p.A. \u00e8 illustrato nel fotoreportage fornito dai promotori dell'iniziativa, che ne hanno spiegato le finalit\u00e0 in molti modi: i discorsi pronunciati nell'occasione e in manifesto, volantino e comunicato pubblicati su PRESSENZA nei giorni precedenti.","breadcrumb":{"@id":"https:\/\/www.pressenza.com\/it\/2025\/11\/15nov-cameri-leonardospa\/#breadcrumb"},"inLanguage":"it-IT","potentialAction":[{"@type":"ReadAction","target":["https:\/\/www.pressenza.com\/it\/2025\/11\/15nov-cameri-leonardospa\/"]}]},{"@type":"ImageObject","inLanguage":"it-IT","@id":"https:\/\/www.pressenza.com\/it\/2025\/11\/15nov-cameri-leonardospa\/#primaryimage","url":"https:\/\/www.pressenza.com\/wp-content\/uploads\/2025\/11\/Cameri-15-XI-2025.jpg","contentUrl":"https:\/\/www.pressenza.com\/wp-content\/uploads\/2025\/11\/Cameri-15-XI-2025.jpg","width":720,"height":437},{"@type":"BreadcrumbList","@id":"https:\/\/www.pressenza.com\/it\/2025\/11\/15nov-cameri-leonardospa\/#breadcrumb","itemListElement":[{"@type":"ListItem","position":1,"name":"Accueil","item":"https:\/\/www.pressenza.com\/it\/"},{"@type":"ListItem","position":2,"name":"Manifestazione a Cameri: immagini eloquenti e dichiarazione dei partecipanti"}]},{"@type":"WebSite","@id":"https:\/\/www.pressenza.com\/it\/#website","url":"https:\/\/www.pressenza.com\/it\/","name":"Pressenza","description":"Agenzia di Stampa Internazionale","publisher":{"@id":"https:\/\/www.pressenza.com\/it\/#organization"},"potentialAction":[{"@type":"SearchAction","target":{"@type":"EntryPoint","urlTemplate":"https:\/\/www.pressenza.com\/it\/?s={search_term_string}"},"query-input":{"@type":"PropertyValueSpecification","valueRequired":true,"valueName":"search_term_string"}}],"inLanguage":"it-IT"},{"@type":"Organization","@id":"https:\/\/www.pressenza.com\/it\/#organization","name":"Pressenza","url":"https:\/\/www.pressenza.com\/it\/","logo":{"@type":"ImageObject","inLanguage":"it-IT","@id":"https:\/\/www.pressenza.com\/it\/#\/schema\/logo\/image\/","url":"https:\/\/www.pressenza.com\/wp-content\/uploads\/2022\/10\/pressenza_logo_200x200.jpg","contentUrl":"https:\/\/www.pressenza.com\/wp-content\/uploads\/2022\/10\/pressenza_logo_200x200.jpg","width":200,"height":200,"caption":"Pressenza"},"image":{"@id":"https:\/\/www.pressenza.com\/it\/#\/schema\/logo\/image\/"},"sameAs":["https:\/\/www.facebook.com\/PressenzaItalia","https:\/\/x.com\/PressenzaIPA"]},{"@type":"Person","@id":"https:\/\/www.pressenza.com\/it\/#\/schema\/person\/a5a18a1f9bd17ddfdc899816e18307e1","name":"Redazione Piemonte Orientale","url":"https:\/\/www.pressenza.com\/it\/author\/redazione-piemonte-orientale\/"}]}},"place":"Cameri (NO)","original_article_url":"","_links":{"self":[{"href":"https:\/\/www.pressenza.com\/it\/wp-json\/wp\/v2\/posts\/2652813","targetHints":{"allow":["GET"]}}],"collection":[{"href":"https:\/\/www.pressenza.com\/it\/wp-json\/wp\/v2\/posts"}],"about":[{"href":"https:\/\/www.pressenza.com\/it\/wp-json\/wp\/v2\/types\/post"}],"author":[{"embeddable":true,"href":"https:\/\/www.pressenza.com\/it\/wp-json\/wp\/v2\/users\/2284"}],"replies":[{"embeddable":true,"href":"https:\/\/www.pressenza.com\/it\/wp-json\/wp\/v2\/comments?post=2652813"}],"version-history":[{"count":13,"href":"https:\/\/www.pressenza.com\/it\/wp-json\/wp\/v2\/posts\/2652813\/revisions"}],"predecessor-version":[{"id":2653275,"href":"https:\/\/www.pressenza.com\/it\/wp-json\/wp\/v2\/posts\/2652813\/revisions\/2653275"}],"wp:featuredmedia":[{"embeddable":true,"href":"https:\/\/www.pressenza.com\/it\/wp-json\/wp\/v2\/media\/2652988"}],"wp:attachment":[{"href":"https:\/\/www.pressenza.com\/it\/wp-json\/wp\/v2\/media?parent=2652813"}],"wp:term":[{"taxonomy":"category","embeddable":true,"href":"https:\/\/www.pressenza.com\/it\/wp-json\/wp\/v2\/categories?post=2652813"},{"taxonomy":"post_tag","embeddable":true,"href":"https:\/\/www.pressenza.com\/it\/wp-json\/wp\/v2\/tags?post=2652813"}],"curies":[{"name":"wp","href":"https:\/\/api.w.org\/{rel}","templated":true}]}}