{"id":2652302,"date":"2025-11-13T18:06:37","date_gmt":"2025-11-13T18:06:37","guid":{"rendered":"https:\/\/www.pressenza.com\/?p=2652302"},"modified":"2025-11-13T18:34:39","modified_gmt":"2025-11-13T18:34:39","slug":"perche-i-coloni-uccidono-i-contadini-palestinesi","status":"publish","type":"post","link":"https:\/\/www.pressenza.com\/it\/2025\/11\/perche-i-coloni-uccidono-i-contadini-palestinesi\/","title":{"rendered":"Perch\u00e9 i coloni uccidono i contadini palestinesi"},"content":{"rendered":"<p class=\"western\" align=\"left\">Sulle colline della Cisgiordania occupata, ogni giorno si consuma una strana e dolorosa ironia: <strong>gli stessi<\/strong> coloni israeliani che si appropriano della terra palestinese, bruciano i nostri ulivi e sparano ai nostri contadini, ora <strong>imitano proprio quello stile di vita che stanno distruggendo<\/strong>.<\/p>\n<p>Come contadino palestinese, ogni ottobre, quando passa il Giorno della Croce (Youm Al-Salib), cadono le prime gocce di pioggia e il colore delle olive comincia a cambiare, so che la stagione \u00e8 arrivata. L&#8217;aria si fa pesante per l&#8217;umidit\u00e0 e la promessa di nuovo olio. Prendo i miei attrezzi, raduno la mia famiglia e scendo nei campi. Sono rituali antichi, tramandati da mia madre, che conosceva a memoria i segni della terra: quando potare, quando raccogliere, quando riposare.<\/p>\n<p>La terra profuma di timo e terra bagnata; gli uccelli cantano come se benedicessero la stagione. Per un attimo sembra prevalere la pace, finch\u00e9 il mio sguardo non cade sulla cima della collina e vedo i coloni accampati sul crinale, con i fucili in spalla, che giocano a fare i contadini negandoci il diritto di coltivare la nostra terra. \u00c8 come <strong>uccidere la vittima e poi partecipare al suo corteo funebre<\/strong>.<\/p>\n<p><b>Occupazione e appropriazione culturale<\/b><\/p>\n<p>Occupano le cime delle montagne che sovrastano i nostri villaggi, dove un tempo i pastori pascolavano le loro greggi e gli agricoltori coltivavano i terrazzamenti scavati dai loro antenati. Hanno deturpato il paesaggio autoctono della nostra terra natale. Odiano noi, il popolo di questa terra, disprezzano la nostra lingua, la nostra musica e la nostra cultura, eppure imitano le nostre tradizioni rurali come se fossero le loro.<\/p>\n<p>Negli ultimi anni, <strong>gli avamposti illegali dei coloni sono proliferati in tutta la Cisgiordania<\/strong>. Da queste colline, i coloni molestano i pastori, rubano i raccolti di olive e cacciano le famiglie dalle loro terre ancestrali. Secondo B&#8217;Tselem e ARIJ, la violenza dei coloni ha raggiunto livelli record: migliaia di attacchi ogni anno contro agricoltori, case e frutteti palestinesi. L&#8217;OCHA delle Nazioni Unite ha documentato un aumento di oltre il 45% degli attacchi rispetto allo scorso anno. Decine di famiglie sono state costrette ad abbandonare le loro terre. L&#8217;obiettivo \u00e8 chiaro: <strong>cancellare la popolazione indigena<\/strong>, rubando non solo la terra, ma anche lo stile di vita, il folklore e la cucina.<\/p>\n<p>Eppure, su quelle stesse colline, i coloni celebrano matrimoni sotto gli ulivi, raccolgono le olive a mano, cucinano la shakshuka \u2013 pomodori fritti in olio d&#8217;oliva con uova \u2013 su fuochi a legna, preparano il t\u00e8 in teiere di latta annerite e suonano lo shibabeh, il flauto che risuona nei villaggi palestinesi da Jenin a Hebron. Indossano camicie di cotone grezzo, costruiscono piccoli giardini &#8211; hakura &#8211; e si comportano come se avessero ereditato un legame con la terra che hanno solo rubato.<\/p>\n<p>Lo chiamano \u201critorno alla natura\u201d, ma \u00e8 una messinscena, un tentativo disperato di <strong>fabbricare un senso di appartenenza<\/strong> dove non esiste. La loro imitazione non \u00e8 ammirazione, <strong>\u00e8 appropriazione<\/strong> nata da un complesso di illegittimit\u00e0. Nel profondo, sanno di essere stranieri qui. Sentono il vuoto dello sradicamento e cercano di colmarlo con simboli presi in prestito e tradizioni rubate.<\/p>\n<p>\u00c8 una tragedia di contraddizioni: distruggono l&#8217;ulivo ma desiderano la sua ombra; cacciano il contadino ma invidiano la sua semplicit\u00e0; occupano la terra ma imitano la vita di coloro che hanno espropriato. <strong>Il loro desiderio di apparire autoctoni mette a nudo la loro alienazione<\/strong>.<\/p>\n<p><b>La terra come identit\u00e0<\/b><\/p>\n<p>Per noi palestinesi, <strong>la terra<\/strong> non \u00e8 uno stile di vita o una fuga nel fine settimana: <strong>\u00e8 storia, memoria e identit\u00e0<\/strong>. Ogni ulivo porta con s\u00e9 le storie di generazioni. Ogni appezzamento porta un nome arabo o siriaco legato alla memoria delle persone che hanno vissuto qui per millenni. Ogni sorgente ha un nome, ogni terrazza una storia. Ogni pietra \u00e8 stata sollevata da mani che amavano questo suolo e ne conoscevano i segreti.<\/p>\n<p>Quando vedo i coloni nuotare nelle nostre sorgenti, costruire tavoli da picnic vicino ai nostri pozzi o organizzare matrimoni con musica folk palestinese, provo pi\u00f9 che rabbia. \u00c8 un dolore misto a incredulit\u00e0, un senso di violazione della terra e del suo significato. <strong>Distruggono le radici e poi fingono di essere radicati<\/strong>. Uccidono i contadini e poi cantano le loro canzoni.<\/p>\n<p>Possono copiare i gesti di appartenenza, ma non possono ereditarne l&#8217;anima. Possono cucinare la shakshuka, ma non potranno mai assaporarla come noi, condita con il lavoro, la pazienza e la nostalgia. Possono cantare le nostre canzoni, ma le loro voci non trasmetteranno mai l&#8217;amore e il dolore che le hanno plasmate. La nostra essenza \u00e8 fatta dell&#8217;argilla di questo paese.<\/p>\n<p class=\"western\" align=\"left\"><b>La terra ricorda<\/b><\/p>\n<p>La loro imitazione rivela una profonda verit\u00e0: <strong>lo stile di vita palestinese \u00e8 l&#8217;espressione autentica di questa terra<\/strong>. I coloni vogliono apparire come nativi, mimetizzarsi nel paesaggio e cancellare i segni visibili dell&#8217;occupazione. Ma per quanto possano imitare, la loro presenza rimane un&#8217;intrusione violenta. Non possono cancellare la verit\u00e0 con l&#8217;olio d&#8217;oliva o coprire l&#8217;ingiustizia con una melodia popolare.<\/p>\n<p><strong>Non si pu\u00f2 diventare indigeni rubando la terra<\/strong> o imitando la sua gente.<strong> L&#8217;appartenenza nasce dalla giustizia<\/strong>, non dall&#8217;imitazione.<\/p>\n<p>Finch\u00e9 i coloni continueranno a uccidere i contadini, a rubare i raccolti di olive e a cacciare le famiglie dalle loro case, i loro tentativi di mettere radici rimarranno vani. <strong>Possono occupare le colline, ma non possono occupare la verit\u00e0<\/strong>.<\/p>\n<p>Quando mi trovo tra i miei ulivi al tramonto, sento il loro silenzio parlare. Ricordano le generazioni che li hanno curati, le mani che li hanno innaffiati, le canzoni cantate alla loro ombra e i passi che hanno tracciato i terrazzamenti. Hanno visto conquistatori andare e venire, eppure rimangono l\u00ec, saldi, radicati nella giustizia, nella memoria e nell&#8217;appartenenza.<\/p>\n<p>I coloni possono imitare la nostra vita, ma non possono imitare il nostro amore per questa terra: l&#8217;amore non pu\u00f2 essere finto e le radici non possono essere trapiantate con la forza. Possono prendere in prestito le nostre canzoni, il nostro cibo e le nostre usanze, ma non possono ereditare i secoli di cura, sudore e devozione che hanno plasmato questa terra e la sua gente.<\/p>\n<p class=\"western\" align=\"left\">Questa terra riconoscer\u00e0 sempre i propri figli: quelli la cui pelle porta la sua polvere, la cui lingua \u00e8 nata dalle sue colline, le cui canzoni si levano con il suo vento. La nostra pelle ha il colore del suo suolo, i nostri cuori battono al suo ritmo. <strong>Nessuna imitazione, violenza o occupazione potr\u00e0 mai cambiare questa verit\u00e0<\/strong>. Gli ulivi sopravviveranno a tutti loro, e cos\u00ec faremo anche noi.<\/p>\n<p class=\"western\" align=\"left\">di Fareed Taamallah<\/p>\n<p align=\"left\">Traduzione di Nazarena Lanza<\/p>\n<p class=\"western\" align=\"left\">Versione originale in inglese su Middle East Monitor:<\/p>\n<p class=\"western\" align=\"left\"><span style=\"color: #000080;\"><span lang=\"zxx\"><u><a href=\"https:\/\/www.middleeastmonitor.com\/20251112-the-settlers-who-kill-palestinian-farmers-and-imitate-their-lives\/\">The settlers who kill Palestinian farmers and imitate their lives<\/a><\/u><\/span><\/span><\/p>\n","protected":false},"excerpt":{"rendered":"<p>Sulle colline della Cisgiordania occupata, ogni giorno si consuma una strana e dolorosa ironia: gli stessi coloni israeliani che si appropriano della terra palestinese, bruciano i nostri ulivi e sparano ai nostri contadini, ora imitano proprio quello stile di vita&hellip;<\/p>\n","protected":false},"author":2284,"featured_media":2652308,"comment_status":"closed","ping_status":"closed","sticky":false,"template":"","format":"standard","meta":{"footnotes":""},"categories":[11388,52,61,57],"tags":[18043,29337,122733,21697],"class_list":["post-2652302","post","type-post","status-publish","format-standard","has-post-thumbnail","hentry","category-contenuti-originali","category-medio-oriente","category-popoli-aborigeni","category-affari-esteri","tag-coloni","tag-fareed-taamallah","tag-sostituzione-etnica","tag-ulivi"],"yoast_head":"<!-- This site is optimized with the Yoast SEO plugin v27.1.1 - https:\/\/yoast.com\/product\/yoast-seo-wordpress\/ -->\n<title>Perch\u00e9 i coloni uccidono i contadini palestinesi<\/title>\n<meta name=\"description\" content=\"Sulle colline della Cisgiordania occupata, ogni giorno si consuma una strana e dolorosa ironia: gli stessi coloni israeliani che si appropriano della\" \/>\n<meta name=\"robots\" content=\"index, follow, max-snippet:-1, max-image-preview:large, max-video-preview:-1\" \/>\n<link rel=\"canonical\" href=\"https:\/\/www.pressenza.com\/it\/2025\/11\/perche-i-coloni-uccidono-i-contadini-palestinesi\/\" \/>\n<meta property=\"og:locale\" content=\"it_IT\" \/>\n<meta property=\"og:type\" content=\"article\" \/>\n<meta property=\"og:title\" content=\"Perch\u00e9 i coloni uccidono i contadini palestinesi\" \/>\n<meta property=\"og:description\" content=\"Sulle colline della Cisgiordania occupata, ogni giorno si consuma una strana e dolorosa ironia: gli stessi coloni israeliani che si appropriano della\" \/>\n<meta property=\"og:url\" content=\"https:\/\/www.pressenza.com\/it\/2025\/11\/perche-i-coloni-uccidono-i-contadini-palestinesi\/\" \/>\n<meta property=\"og:site_name\" content=\"Pressenza\" \/>\n<meta property=\"article:publisher\" content=\"https:\/\/www.facebook.com\/PressenzaItalia\" \/>\n<meta property=\"article:published_time\" content=\"2025-11-13T18:06:37+00:00\" \/>\n<meta property=\"article:modified_time\" content=\"2025-11-13T18:34:39+00:00\" \/>\n<meta property=\"og:image\" content=\"https:\/\/www.pressenza.com\/wp-content\/uploads\/2025\/11\/raccolta-olive.jpg\" \/>\n\t<meta property=\"og:image:width\" content=\"1080\" \/>\n\t<meta property=\"og:image:height\" content=\"609\" \/>\n\t<meta property=\"og:image:type\" content=\"image\/jpeg\" \/>\n<meta name=\"author\" content=\"Redazione Piemonte Orientale\" \/>\n<meta name=\"twitter:card\" content=\"summary_large_image\" \/>\n<meta name=\"twitter:creator\" content=\"@PressenzaIPA\" \/>\n<meta name=\"twitter:site\" content=\"@PressenzaIPA\" \/>\n<meta name=\"twitter:label1\" content=\"Scritto da\" \/>\n\t<meta name=\"twitter:data1\" content=\"Redazione Piemonte Orientale\" \/>\n\t<meta name=\"twitter:label2\" content=\"Tempo di lettura stimato\" \/>\n\t<meta name=\"twitter:data2\" content=\"5 minuti\" \/>\n<script type=\"application\/ld+json\" class=\"yoast-schema-graph\">{\"@context\":\"https:\/\/schema.org\",\"@graph\":[{\"@type\":\"Article\",\"@id\":\"https:\/\/www.pressenza.com\/it\/2025\/11\/perche-i-coloni-uccidono-i-contadini-palestinesi\/#article\",\"isPartOf\":{\"@id\":\"https:\/\/www.pressenza.com\/it\/2025\/11\/perche-i-coloni-uccidono-i-contadini-palestinesi\/\"},\"author\":{\"name\":\"Redazione Piemonte Orientale\",\"@id\":\"https:\/\/www.pressenza.com\/it\/#\/schema\/person\/a5a18a1f9bd17ddfdc899816e18307e1\"},\"headline\":\"Perch\u00e9 i coloni uccidono i contadini palestinesi\",\"datePublished\":\"2025-11-13T18:06:37+00:00\",\"dateModified\":\"2025-11-13T18:34:39+00:00\",\"mainEntityOfPage\":{\"@id\":\"https:\/\/www.pressenza.com\/it\/2025\/11\/perche-i-coloni-uccidono-i-contadini-palestinesi\/\"},\"wordCount\":1108,\"publisher\":{\"@id\":\"https:\/\/www.pressenza.com\/it\/#organization\"},\"image\":{\"@id\":\"https:\/\/www.pressenza.com\/it\/2025\/11\/perche-i-coloni-uccidono-i-contadini-palestinesi\/#primaryimage\"},\"thumbnailUrl\":\"https:\/\/www.pressenza.com\/wp-content\/uploads\/2025\/11\/raccolta-olive.jpg\",\"keywords\":[\"coloni\",\"Fareed Taamallah\",\"sostituzione etnica\",\"Ulivi\"],\"articleSection\":[\"contenuti originali\",\"Medio Oriente\",\"Popoli originari\",\"Questioni internazionali\"],\"inLanguage\":\"it-IT\"},{\"@type\":\"WebPage\",\"@id\":\"https:\/\/www.pressenza.com\/it\/2025\/11\/perche-i-coloni-uccidono-i-contadini-palestinesi\/\",\"url\":\"https:\/\/www.pressenza.com\/it\/2025\/11\/perche-i-coloni-uccidono-i-contadini-palestinesi\/\",\"name\":\"Perch\u00e9 i coloni uccidono i contadini palestinesi\",\"isPartOf\":{\"@id\":\"https:\/\/www.pressenza.com\/it\/#website\"},\"primaryImageOfPage\":{\"@id\":\"https:\/\/www.pressenza.com\/it\/2025\/11\/perche-i-coloni-uccidono-i-contadini-palestinesi\/#primaryimage\"},\"image\":{\"@id\":\"https:\/\/www.pressenza.com\/it\/2025\/11\/perche-i-coloni-uccidono-i-contadini-palestinesi\/#primaryimage\"},\"thumbnailUrl\":\"https:\/\/www.pressenza.com\/wp-content\/uploads\/2025\/11\/raccolta-olive.jpg\",\"datePublished\":\"2025-11-13T18:06:37+00:00\",\"dateModified\":\"2025-11-13T18:34:39+00:00\",\"description\":\"Sulle colline della Cisgiordania occupata, ogni giorno si consuma una strana e dolorosa ironia: gli stessi coloni israeliani che si appropriano della\",\"breadcrumb\":{\"@id\":\"https:\/\/www.pressenza.com\/it\/2025\/11\/perche-i-coloni-uccidono-i-contadini-palestinesi\/#breadcrumb\"},\"inLanguage\":\"it-IT\",\"potentialAction\":[{\"@type\":\"ReadAction\",\"target\":[\"https:\/\/www.pressenza.com\/it\/2025\/11\/perche-i-coloni-uccidono-i-contadini-palestinesi\/\"]}]},{\"@type\":\"ImageObject\",\"inLanguage\":\"it-IT\",\"@id\":\"https:\/\/www.pressenza.com\/it\/2025\/11\/perche-i-coloni-uccidono-i-contadini-palestinesi\/#primaryimage\",\"url\":\"https:\/\/www.pressenza.com\/wp-content\/uploads\/2025\/11\/raccolta-olive.jpg\",\"contentUrl\":\"https:\/\/www.pressenza.com\/wp-content\/uploads\/2025\/11\/raccolta-olive.jpg\",\"width\":1080,\"height\":609,\"caption\":\"di Fareed Taamalaah\"},{\"@type\":\"BreadcrumbList\",\"@id\":\"https:\/\/www.pressenza.com\/it\/2025\/11\/perche-i-coloni-uccidono-i-contadini-palestinesi\/#breadcrumb\",\"itemListElement\":[{\"@type\":\"ListItem\",\"position\":1,\"name\":\"Accueil\",\"item\":\"https:\/\/www.pressenza.com\/it\/\"},{\"@type\":\"ListItem\",\"position\":2,\"name\":\"Perch\u00e9 i coloni uccidono i contadini palestinesi\"}]},{\"@type\":\"WebSite\",\"@id\":\"https:\/\/www.pressenza.com\/it\/#website\",\"url\":\"https:\/\/www.pressenza.com\/it\/\",\"name\":\"Pressenza\",\"description\":\"Agenzia di Stampa Internazionale\",\"publisher\":{\"@id\":\"https:\/\/www.pressenza.com\/it\/#organization\"},\"potentialAction\":[{\"@type\":\"SearchAction\",\"target\":{\"@type\":\"EntryPoint\",\"urlTemplate\":\"https:\/\/www.pressenza.com\/it\/?s={search_term_string}\"},\"query-input\":{\"@type\":\"PropertyValueSpecification\",\"valueRequired\":true,\"valueName\":\"search_term_string\"}}],\"inLanguage\":\"it-IT\"},{\"@type\":\"Organization\",\"@id\":\"https:\/\/www.pressenza.com\/it\/#organization\",\"name\":\"Pressenza\",\"url\":\"https:\/\/www.pressenza.com\/it\/\",\"logo\":{\"@type\":\"ImageObject\",\"inLanguage\":\"it-IT\",\"@id\":\"https:\/\/www.pressenza.com\/it\/#\/schema\/logo\/image\/\",\"url\":\"https:\/\/www.pressenza.com\/wp-content\/uploads\/2022\/10\/pressenza_logo_200x200.jpg\",\"contentUrl\":\"https:\/\/www.pressenza.com\/wp-content\/uploads\/2022\/10\/pressenza_logo_200x200.jpg\",\"width\":200,\"height\":200,\"caption\":\"Pressenza\"},\"image\":{\"@id\":\"https:\/\/www.pressenza.com\/it\/#\/schema\/logo\/image\/\"},\"sameAs\":[\"https:\/\/www.facebook.com\/PressenzaItalia\",\"https:\/\/x.com\/PressenzaIPA\"]},{\"@type\":\"Person\",\"@id\":\"https:\/\/www.pressenza.com\/it\/#\/schema\/person\/a5a18a1f9bd17ddfdc899816e18307e1\",\"name\":\"Redazione Piemonte Orientale\",\"url\":\"https:\/\/www.pressenza.com\/it\/author\/redazione-piemonte-orientale\/\"}]}<\/script>\n<!-- \/ Yoast SEO plugin. -->","yoast_head_json":{"title":"Perch\u00e9 i coloni uccidono i contadini palestinesi","description":"Sulle colline della Cisgiordania occupata, ogni giorno si consuma una strana e dolorosa ironia: gli stessi coloni israeliani che si appropriano della","robots":{"index":"index","follow":"follow","max-snippet":"max-snippet:-1","max-image-preview":"max-image-preview:large","max-video-preview":"max-video-preview:-1"},"canonical":"https:\/\/www.pressenza.com\/it\/2025\/11\/perche-i-coloni-uccidono-i-contadini-palestinesi\/","og_locale":"it_IT","og_type":"article","og_title":"Perch\u00e9 i coloni uccidono i contadini palestinesi","og_description":"Sulle colline della Cisgiordania occupata, ogni giorno si consuma una strana e dolorosa ironia: gli stessi coloni israeliani che si appropriano della","og_url":"https:\/\/www.pressenza.com\/it\/2025\/11\/perche-i-coloni-uccidono-i-contadini-palestinesi\/","og_site_name":"Pressenza","article_publisher":"https:\/\/www.facebook.com\/PressenzaItalia","article_published_time":"2025-11-13T18:06:37+00:00","article_modified_time":"2025-11-13T18:34:39+00:00","og_image":[{"width":1080,"height":609,"url":"https:\/\/www.pressenza.com\/wp-content\/uploads\/2025\/11\/raccolta-olive.jpg","type":"image\/jpeg"}],"author":"Redazione Piemonte Orientale","twitter_card":"summary_large_image","twitter_creator":"@PressenzaIPA","twitter_site":"@PressenzaIPA","twitter_misc":{"Scritto da":"Redazione Piemonte Orientale","Tempo di lettura stimato":"5 minuti"},"schema":{"@context":"https:\/\/schema.org","@graph":[{"@type":"Article","@id":"https:\/\/www.pressenza.com\/it\/2025\/11\/perche-i-coloni-uccidono-i-contadini-palestinesi\/#article","isPartOf":{"@id":"https:\/\/www.pressenza.com\/it\/2025\/11\/perche-i-coloni-uccidono-i-contadini-palestinesi\/"},"author":{"name":"Redazione Piemonte Orientale","@id":"https:\/\/www.pressenza.com\/it\/#\/schema\/person\/a5a18a1f9bd17ddfdc899816e18307e1"},"headline":"Perch\u00e9 i coloni uccidono i contadini palestinesi","datePublished":"2025-11-13T18:06:37+00:00","dateModified":"2025-11-13T18:34:39+00:00","mainEntityOfPage":{"@id":"https:\/\/www.pressenza.com\/it\/2025\/11\/perche-i-coloni-uccidono-i-contadini-palestinesi\/"},"wordCount":1108,"publisher":{"@id":"https:\/\/www.pressenza.com\/it\/#organization"},"image":{"@id":"https:\/\/www.pressenza.com\/it\/2025\/11\/perche-i-coloni-uccidono-i-contadini-palestinesi\/#primaryimage"},"thumbnailUrl":"https:\/\/www.pressenza.com\/wp-content\/uploads\/2025\/11\/raccolta-olive.jpg","keywords":["coloni","Fareed Taamallah","sostituzione etnica","Ulivi"],"articleSection":["contenuti originali","Medio Oriente","Popoli originari","Questioni internazionali"],"inLanguage":"it-IT"},{"@type":"WebPage","@id":"https:\/\/www.pressenza.com\/it\/2025\/11\/perche-i-coloni-uccidono-i-contadini-palestinesi\/","url":"https:\/\/www.pressenza.com\/it\/2025\/11\/perche-i-coloni-uccidono-i-contadini-palestinesi\/","name":"Perch\u00e9 i coloni uccidono i contadini palestinesi","isPartOf":{"@id":"https:\/\/www.pressenza.com\/it\/#website"},"primaryImageOfPage":{"@id":"https:\/\/www.pressenza.com\/it\/2025\/11\/perche-i-coloni-uccidono-i-contadini-palestinesi\/#primaryimage"},"image":{"@id":"https:\/\/www.pressenza.com\/it\/2025\/11\/perche-i-coloni-uccidono-i-contadini-palestinesi\/#primaryimage"},"thumbnailUrl":"https:\/\/www.pressenza.com\/wp-content\/uploads\/2025\/11\/raccolta-olive.jpg","datePublished":"2025-11-13T18:06:37+00:00","dateModified":"2025-11-13T18:34:39+00:00","description":"Sulle colline della Cisgiordania occupata, ogni giorno si consuma una strana e dolorosa ironia: gli stessi coloni israeliani che si appropriano della","breadcrumb":{"@id":"https:\/\/www.pressenza.com\/it\/2025\/11\/perche-i-coloni-uccidono-i-contadini-palestinesi\/#breadcrumb"},"inLanguage":"it-IT","potentialAction":[{"@type":"ReadAction","target":["https:\/\/www.pressenza.com\/it\/2025\/11\/perche-i-coloni-uccidono-i-contadini-palestinesi\/"]}]},{"@type":"ImageObject","inLanguage":"it-IT","@id":"https:\/\/www.pressenza.com\/it\/2025\/11\/perche-i-coloni-uccidono-i-contadini-palestinesi\/#primaryimage","url":"https:\/\/www.pressenza.com\/wp-content\/uploads\/2025\/11\/raccolta-olive.jpg","contentUrl":"https:\/\/www.pressenza.com\/wp-content\/uploads\/2025\/11\/raccolta-olive.jpg","width":1080,"height":609,"caption":"di Fareed Taamalaah"},{"@type":"BreadcrumbList","@id":"https:\/\/www.pressenza.com\/it\/2025\/11\/perche-i-coloni-uccidono-i-contadini-palestinesi\/#breadcrumb","itemListElement":[{"@type":"ListItem","position":1,"name":"Accueil","item":"https:\/\/www.pressenza.com\/it\/"},{"@type":"ListItem","position":2,"name":"Perch\u00e9 i coloni uccidono i contadini palestinesi"}]},{"@type":"WebSite","@id":"https:\/\/www.pressenza.com\/it\/#website","url":"https:\/\/www.pressenza.com\/it\/","name":"Pressenza","description":"Agenzia di Stampa Internazionale","publisher":{"@id":"https:\/\/www.pressenza.com\/it\/#organization"},"potentialAction":[{"@type":"SearchAction","target":{"@type":"EntryPoint","urlTemplate":"https:\/\/www.pressenza.com\/it\/?s={search_term_string}"},"query-input":{"@type":"PropertyValueSpecification","valueRequired":true,"valueName":"search_term_string"}}],"inLanguage":"it-IT"},{"@type":"Organization","@id":"https:\/\/www.pressenza.com\/it\/#organization","name":"Pressenza","url":"https:\/\/www.pressenza.com\/it\/","logo":{"@type":"ImageObject","inLanguage":"it-IT","@id":"https:\/\/www.pressenza.com\/it\/#\/schema\/logo\/image\/","url":"https:\/\/www.pressenza.com\/wp-content\/uploads\/2022\/10\/pressenza_logo_200x200.jpg","contentUrl":"https:\/\/www.pressenza.com\/wp-content\/uploads\/2022\/10\/pressenza_logo_200x200.jpg","width":200,"height":200,"caption":"Pressenza"},"image":{"@id":"https:\/\/www.pressenza.com\/it\/#\/schema\/logo\/image\/"},"sameAs":["https:\/\/www.facebook.com\/PressenzaItalia","https:\/\/x.com\/PressenzaIPA"]},{"@type":"Person","@id":"https:\/\/www.pressenza.com\/it\/#\/schema\/person\/a5a18a1f9bd17ddfdc899816e18307e1","name":"Redazione Piemonte Orientale","url":"https:\/\/www.pressenza.com\/it\/author\/redazione-piemonte-orientale\/"}]}},"place":"","original_article_url":"","_links":{"self":[{"href":"https:\/\/www.pressenza.com\/it\/wp-json\/wp\/v2\/posts\/2652302","targetHints":{"allow":["GET"]}}],"collection":[{"href":"https:\/\/www.pressenza.com\/it\/wp-json\/wp\/v2\/posts"}],"about":[{"href":"https:\/\/www.pressenza.com\/it\/wp-json\/wp\/v2\/types\/post"}],"author":[{"embeddable":true,"href":"https:\/\/www.pressenza.com\/it\/wp-json\/wp\/v2\/users\/2284"}],"replies":[{"embeddable":true,"href":"https:\/\/www.pressenza.com\/it\/wp-json\/wp\/v2\/comments?post=2652302"}],"version-history":[{"count":5,"href":"https:\/\/www.pressenza.com\/it\/wp-json\/wp\/v2\/posts\/2652302\/revisions"}],"predecessor-version":[{"id":2652311,"href":"https:\/\/www.pressenza.com\/it\/wp-json\/wp\/v2\/posts\/2652302\/revisions\/2652311"}],"wp:featuredmedia":[{"embeddable":true,"href":"https:\/\/www.pressenza.com\/it\/wp-json\/wp\/v2\/media\/2652308"}],"wp:attachment":[{"href":"https:\/\/www.pressenza.com\/it\/wp-json\/wp\/v2\/media?parent=2652302"}],"wp:term":[{"taxonomy":"category","embeddable":true,"href":"https:\/\/www.pressenza.com\/it\/wp-json\/wp\/v2\/categories?post=2652302"},{"taxonomy":"post_tag","embeddable":true,"href":"https:\/\/www.pressenza.com\/it\/wp-json\/wp\/v2\/tags?post=2652302"}],"curies":[{"name":"wp","href":"https:\/\/api.w.org\/{rel}","templated":true}]}}