{"id":2651950,"date":"2025-11-12T17:40:01","date_gmt":"2025-11-12T17:40:01","guid":{"rendered":"https:\/\/www.pressenza.com\/?p=2651950"},"modified":"2025-11-12T17:41:57","modified_gmt":"2025-11-12T17:41:57","slug":"in-peru-alle-api-vengono-riconosciuti-diritti-propri","status":"publish","type":"post","link":"https:\/\/www.pressenza.com\/it\/2025\/11\/in-peru-alle-api-vengono-riconosciuti-diritti-propri\/","title":{"rendered":"In Per\u00f9, alle api vengono riconosciuti diritti propri"},"content":{"rendered":"<div class=\"entry-content\">\n<blockquote><p><strong>Le api senza pungiglione autoctone del Per\u00f9 sono i primi insetti al mondo a godere di una protezione speciale come soggetti giuridici.<\/strong><\/p><\/blockquote>\n<p>Gli indigeni Ash\u00e1ninka le chiamano \u00abShinkenka\u00bb o, in spagnolo, \u00abAngelitos\u00bb (angioletti). Appartengono al genere Melipona e sono la prima specie di insetti al mondo a non essere considerata un oggetto, ma ad avere un diritto \u00abpersonale\u00bb all&#8217;esistenza, alla rigenerazione e alla protezione. Nell&#8217;ottobre 2025, la provincia peruviana di Satipo ha dichiarato le api amazzoniche senza pungiglione soggetti giuridici.<\/p>\n<p>L&#8217;ape senza pungiglione \u00e8 un importante impollinatore locale e fa parte dell&#8217;ecosistema tropicale da milioni di anni. Il suo miele ha <a href=\"https:\/\/www.sciencedirect.com\/science\/article\/abs\/pii\/S2949824423001143\">propriet\u00e0<\/a> antibatteriche, antivirali e antinfiammatorie ed \u00e8 utilizzato nella medicina tradizionale.<\/p>\n<p>La legge, che si applica nella <a href=\"https:\/\/www.unesco.org\/en\/mab\/avireri-vraem\">biosfera UNESCO di Avireri-Vraem<\/a>, ha lo scopo di proteggere la popolazione di api, che negli ultimi anni ha subito un forte calo. L&#8217;aumento delle temperature dovuto alla crisi climatica, la deforestazione, la coltivazione di droghe, i pesticidi e le specie invasive minacciano la loro sopravvivenza.<\/p>\n<h3><strong>Le api mellifere che pungono sono arrivate solo con la colonizzazione<\/strong><\/h3>\n<p>Le Meliponini non possono pungere, ma possono mordere. Ne esistono circa 600 specie in tutto il mondo, di cui almeno 175 vivono in Per\u00f9. Le api mellifere pungenti conosciute in Europa sono arrivate in Sudamerica solo con gli europei. Alla fine degli anni &#8217;50 \u00e8 stato introdotto un incrocio tra specie di api africane ed europee, che da allora si \u00e8 rapidamente diffuso e rappresenta una minaccia per le api autoctone.<\/p>\n<p>La nuova legge \u00e8 essenzialmente un successo della biochimica Rosa V\u00e1squez Espinoza, che insieme ad altri scienziati e alle comunit\u00e0 indigene degli Ash\u00e1ninka ha promosso la protezione delle api e, di conseguenza, anche la protezione della regione amazzonica. La maggior parte delle piante importanti per l&#8217;agricoltura viene impollinata dalle api selvatiche.<\/p>\n<h3><strong>Tutte le parti coinvolte pianificano insieme misure di protezione<\/strong><\/h3>\n<p>L&#8217;organizzazione <a href=\"https:\/\/www.amazonresearch.org\/\">Amazon Research International<\/a> di Espinoza \u00e8 stata sostenuta, tra gli altri, dall&#8217;organizzazione statunitense <a href=\"https:\/\/www.earthlawcenter.org\/stingless-bees-peru\">Earth Law Center<\/a> e dalla biologa marina Callie Veelenturf, secondo quanto riportato dal media statunitense \u00ab<a href=\"https:\/\/insideclimatenews.org\/news\/22102025\/peru-amazon-stingless-bees-rights\/\">Inside Climate News<\/a>\u00bb. Veelenturf \u00e8 diventata famosa quando ha ottenuto diritti specifici per una <a href=\"https:\/\/www.washingtonpost.com\/climate-solutions\/2023\/08\/26\/leatherback-turtle-nature-rights-panama\/\">specie di tartaruga marina a Panama<\/a>.<\/p>\n<\/div>\n<div id=\"attachment_2651338\" class=\"wp-caption aligncenter\"><img loading=\"lazy\" decoding=\"async\" aria-describedby=\"caption-attachment-2651338\" class=\"wp-image-2651338 size-full\" src=\"https:\/\/www.pressenza.com\/wp-content\/uploads\/2025\/11\/IMG_7394-1024x683-1.jpg\" alt=\"\" width=\"1024\" height=\"683\" srcset=\"https:\/\/www.pressenza.com\/wp-content\/uploads\/2025\/11\/IMG_7394-1024x683-1.jpg 1024w, https:\/\/www.pressenza.com\/wp-content\/uploads\/2025\/11\/IMG_7394-1024x683-1-300x200.jpg 300w, https:\/\/www.pressenza.com\/wp-content\/uploads\/2025\/11\/IMG_7394-1024x683-1-820x547.jpg 820w\" sizes=\"auto, (max-width: 1024px) 100vw, 1024px\" \/><p id=\"caption-attachment-2651338\" class=\"wp-caption-text\"><em>Rosa V\u00e1squez Espinoza durante un workshop in una comunit\u00e0 Ash\u00e1ninka.<\/em><\/p><\/div>\n<p>Espinoza, premiata dall&#8217;UNESCO per il suo impegno, con l&#8217;aiuto di abitanti indigeni, ricercatori e funzionari governativi locali ha mappato in una spedizione dove si trovano le api minacciate e cosa si pu\u00f2 fare per preservarle. Le popolazioni si sono fortemente ridotte, ha dichiarato a \u00abInside Climate News\u00bb. Mentre prima bastava mezz&#8217;ora per trovare un alveare, oggi a volte non se ne trova nemmeno uno in un&#8217;intera giornata.<\/p>\n<h3><strong>Le specie di api autoctone spesso soccombono alle misure di protezione<\/strong><\/h3>\n<p>In un workshop, rappresentanti del governo, ricercatori e indigeni hanno discusso misure pratiche per scongiurare le minacce alle api selvatiche, promuovere la biodiversit\u00e0 e preservare le conoscenze indigene. Ad esempio, le colonie di api possono essere insediate in modo mirato in aree disboscate per ripristinare la biodiversit\u00e0.<\/p>\n<p>Espinoza e i suoi colleghi promuovono l&#8217;allevamento di api senza pungiglione come fonte di reddito in una zona prevalentemente dipendente dall&#8217;agricoltura di sussistenza e come misura di protezione. Donne come l&#8217;apicoltrice Ash\u00e1ninka Micaela Huaman Fernandez insegnano ad altri come allevare api senza pungiglione e come estrarre il miele in modo delicato. Huaman vende il miele come ingrediente di prodotti medicinali tradizionali.<\/p>\n<p>Il progetto \u00e8 esemplare di un movimento internazionale in crescita che attribuisce diritti giuridici alla natura. Gli attivisti criticano il fatto che la protezione delle api spesso riguarda solo la loro funzione di impollinazione o esclusivamente l&#8217;ape mellifera Apis mellifera. Le api autoctone, il loro diritto all&#8217;esistenza e il loro ruolo nella societ\u00e0 e nell&#8217;ecosistema vengono spesso trascurati. Gli attivisti vorrebbero che la legge sulla protezione delle api senza pungiglione fosse applicata in tutto il Per\u00f9. Le possibilit\u00e0 che ci\u00f2 avvenga non sono male: in questo Paese sudamericano, il fiume Mara\u00f1\u00f3n e il famoso <a href=\"https:\/\/www.rechte-der-natur.de\/de\/aktuelles-details\/titicacasee-rechtssubjekt.html\">lago Titicaca<\/a> sono gi\u00e0 riconosciuti come soggetti giuridici.<\/p>\n<hr \/>\n<p><em>Traduzione dal tedesco di Thomas Schmid con l\u2019ausilio di traduttore automatico.<\/em><\/p>\n","protected":false},"excerpt":{"rendered":"<p>Le api senza pungiglione autoctone del Per\u00f9 sono i primi insetti al mondo a godere di una protezione speciale come soggetti giuridici. Gli indigeni Ash\u00e1ninka le chiamano \u00abShinkenka\u00bb o, in spagnolo, \u00abAngelitos\u00bb (angioletti). Appartengono al genere Melipona e sono la&hellip;<\/p>\n","protected":false},"author":1855,"featured_media":2651952,"comment_status":"closed","ping_status":"closed","sticky":false,"template":"","format":"standard","meta":{"footnotes":""},"categories":[107392,59,55,61,48],"tags":[447,146183,146184,12262,7208,11821],"class_list":["post-2651950","post","type-post","status-publish","format-standard","has-post-thumbnail","hentry","category-noticia-it","category-ambiente-ecologia","category-politica","category-popoli-aborigeni","category-sud-america","tag-agricoltura","tag-api-mellifere","tag-api-senza-pungiglione","tag-colonizzazione","tag-peru-it","tag-popolazioni-indigene"],"yoast_head":"<!-- This site is optimized with the Yoast SEO plugin v27.1.1 - https:\/\/yoast.com\/product\/yoast-seo-wordpress\/ -->\n<title>In Per\u00f9, alle api vengono riconosciuti diritti propri<\/title>\n<meta name=\"description\" content=\"Le api senza pungiglione autoctone del Per\u00f9 sono i primi insetti al mondo a godere di una protezione speciale come soggetti giuridici. Gli indigeni\" \/>\n<meta name=\"robots\" content=\"index, follow, max-snippet:-1, max-image-preview:large, max-video-preview:-1\" \/>\n<link rel=\"canonical\" href=\"https:\/\/www.pressenza.com\/it\/2025\/11\/in-peru-alle-api-vengono-riconosciuti-diritti-propri\/\" \/>\n<meta property=\"og:locale\" content=\"it_IT\" \/>\n<meta property=\"og:type\" content=\"article\" \/>\n<meta property=\"og:title\" content=\"In Per\u00f9, alle api vengono riconosciuti diritti propri\" \/>\n<meta property=\"og:description\" content=\"Le api senza pungiglione autoctone del Per\u00f9 sono i primi insetti al mondo a godere di una protezione speciale come soggetti giuridici. Gli indigeni\" \/>\n<meta property=\"og:url\" content=\"https:\/\/www.pressenza.com\/it\/2025\/11\/in-peru-alle-api-vengono-riconosciuti-diritti-propri\/\" \/>\n<meta property=\"og:site_name\" content=\"Pressenza\" \/>\n<meta property=\"article:publisher\" content=\"https:\/\/www.facebook.com\/PressenzaItalia\" \/>\n<meta property=\"article:published_time\" content=\"2025-11-12T17:40:01+00:00\" \/>\n<meta property=\"article:modified_time\" content=\"2025-11-12T17:41:57+00:00\" \/>\n<meta property=\"og:image\" content=\"https:\/\/www.pressenza.com\/wp-content\/uploads\/2025\/11\/Biene.jpg\" \/>\n\t<meta property=\"og:image:width\" content=\"1920\" \/>\n\t<meta property=\"og:image:height\" content=\"1343\" \/>\n\t<meta property=\"og:image:type\" content=\"image\/jpeg\" \/>\n<meta name=\"author\" content=\"INFOsperber\" \/>\n<meta name=\"twitter:card\" content=\"summary_large_image\" \/>\n<meta name=\"twitter:creator\" content=\"@PressenzaIPA\" \/>\n<meta name=\"twitter:site\" content=\"@PressenzaIPA\" \/>\n<meta name=\"twitter:label1\" content=\"Scritto da\" \/>\n\t<meta name=\"twitter:data1\" content=\"INFOsperber\" \/>\n\t<meta name=\"twitter:label2\" content=\"Tempo di lettura stimato\" \/>\n\t<meta name=\"twitter:data2\" content=\"4 minuti\" \/>\n<script type=\"application\/ld+json\" class=\"yoast-schema-graph\">{\"@context\":\"https:\/\/schema.org\",\"@graph\":[{\"@type\":\"Article\",\"@id\":\"https:\/\/www.pressenza.com\/it\/2025\/11\/in-peru-alle-api-vengono-riconosciuti-diritti-propri\/#article\",\"isPartOf\":{\"@id\":\"https:\/\/www.pressenza.com\/it\/2025\/11\/in-peru-alle-api-vengono-riconosciuti-diritti-propri\/\"},\"author\":{\"name\":\"INFOsperber\",\"@id\":\"https:\/\/www.pressenza.com\/it\/#\/schema\/person\/77735f6583e3041b31ebc7b93a284357\"},\"headline\":\"In Per\u00f9, alle api vengono riconosciuti diritti propri\",\"datePublished\":\"2025-11-12T17:40:01+00:00\",\"dateModified\":\"2025-11-12T17:41:57+00:00\",\"mainEntityOfPage\":{\"@id\":\"https:\/\/www.pressenza.com\/it\/2025\/11\/in-peru-alle-api-vengono-riconosciuti-diritti-propri\/\"},\"wordCount\":692,\"publisher\":{\"@id\":\"https:\/\/www.pressenza.com\/it\/#organization\"},\"image\":{\"@id\":\"https:\/\/www.pressenza.com\/it\/2025\/11\/in-peru-alle-api-vengono-riconosciuti-diritti-propri\/#primaryimage\"},\"thumbnailUrl\":\"https:\/\/www.pressenza.com\/wp-content\/uploads\/2025\/11\/Biene.jpg\",\"keywords\":[\"agricoltura\",\"api mellifere\",\"api senza pungiglione\",\"colonizzazione\",\"Per\u00f9\",\"popolazioni indigene\"],\"articleSection\":[\"Cronaca\",\"Ecologia ed Ambiente\",\"Politica\",\"Popoli originari\",\"Sud America\"],\"inLanguage\":\"it-IT\"},{\"@type\":\"WebPage\",\"@id\":\"https:\/\/www.pressenza.com\/it\/2025\/11\/in-peru-alle-api-vengono-riconosciuti-diritti-propri\/\",\"url\":\"https:\/\/www.pressenza.com\/it\/2025\/11\/in-peru-alle-api-vengono-riconosciuti-diritti-propri\/\",\"name\":\"In Per\u00f9, alle api vengono riconosciuti diritti propri\",\"isPartOf\":{\"@id\":\"https:\/\/www.pressenza.com\/it\/#website\"},\"primaryImageOfPage\":{\"@id\":\"https:\/\/www.pressenza.com\/it\/2025\/11\/in-peru-alle-api-vengono-riconosciuti-diritti-propri\/#primaryimage\"},\"image\":{\"@id\":\"https:\/\/www.pressenza.com\/it\/2025\/11\/in-peru-alle-api-vengono-riconosciuti-diritti-propri\/#primaryimage\"},\"thumbnailUrl\":\"https:\/\/www.pressenza.com\/wp-content\/uploads\/2025\/11\/Biene.jpg\",\"datePublished\":\"2025-11-12T17:40:01+00:00\",\"dateModified\":\"2025-11-12T17:41:57+00:00\",\"description\":\"Le api senza pungiglione autoctone del Per\u00f9 sono i primi insetti al mondo a godere di una protezione speciale come soggetti giuridici. Gli indigeni\",\"breadcrumb\":{\"@id\":\"https:\/\/www.pressenza.com\/it\/2025\/11\/in-peru-alle-api-vengono-riconosciuti-diritti-propri\/#breadcrumb\"},\"inLanguage\":\"it-IT\",\"potentialAction\":[{\"@type\":\"ReadAction\",\"target\":[\"https:\/\/www.pressenza.com\/it\/2025\/11\/in-peru-alle-api-vengono-riconosciuti-diritti-propri\/\"]}]},{\"@type\":\"ImageObject\",\"inLanguage\":\"it-IT\",\"@id\":\"https:\/\/www.pressenza.com\/it\/2025\/11\/in-peru-alle-api-vengono-riconosciuti-diritti-propri\/#primaryimage\",\"url\":\"https:\/\/www.pressenza.com\/wp-content\/uploads\/2025\/11\/Biene.jpg\",\"contentUrl\":\"https:\/\/www.pressenza.com\/wp-content\/uploads\/2025\/11\/Biene.jpg\",\"width\":1920,\"height\":1343,\"caption\":\"Stachellose Biene\"},{\"@type\":\"BreadcrumbList\",\"@id\":\"https:\/\/www.pressenza.com\/it\/2025\/11\/in-peru-alle-api-vengono-riconosciuti-diritti-propri\/#breadcrumb\",\"itemListElement\":[{\"@type\":\"ListItem\",\"position\":1,\"name\":\"Accueil\",\"item\":\"https:\/\/www.pressenza.com\/it\/\"},{\"@type\":\"ListItem\",\"position\":2,\"name\":\"In Per\u00f9, alle api vengono riconosciuti diritti propri\"}]},{\"@type\":\"WebSite\",\"@id\":\"https:\/\/www.pressenza.com\/it\/#website\",\"url\":\"https:\/\/www.pressenza.com\/it\/\",\"name\":\"Pressenza\",\"description\":\"Agenzia di Stampa Internazionale\",\"publisher\":{\"@id\":\"https:\/\/www.pressenza.com\/it\/#organization\"},\"potentialAction\":[{\"@type\":\"SearchAction\",\"target\":{\"@type\":\"EntryPoint\",\"urlTemplate\":\"https:\/\/www.pressenza.com\/it\/?s={search_term_string}\"},\"query-input\":{\"@type\":\"PropertyValueSpecification\",\"valueRequired\":true,\"valueName\":\"search_term_string\"}}],\"inLanguage\":\"it-IT\"},{\"@type\":\"Organization\",\"@id\":\"https:\/\/www.pressenza.com\/it\/#organization\",\"name\":\"Pressenza\",\"url\":\"https:\/\/www.pressenza.com\/it\/\",\"logo\":{\"@type\":\"ImageObject\",\"inLanguage\":\"it-IT\",\"@id\":\"https:\/\/www.pressenza.com\/it\/#\/schema\/logo\/image\/\",\"url\":\"https:\/\/www.pressenza.com\/wp-content\/uploads\/2022\/10\/pressenza_logo_200x200.jpg\",\"contentUrl\":\"https:\/\/www.pressenza.com\/wp-content\/uploads\/2022\/10\/pressenza_logo_200x200.jpg\",\"width\":200,\"height\":200,\"caption\":\"Pressenza\"},\"image\":{\"@id\":\"https:\/\/www.pressenza.com\/it\/#\/schema\/logo\/image\/\"},\"sameAs\":[\"https:\/\/www.facebook.com\/PressenzaItalia\",\"https:\/\/x.com\/PressenzaIPA\"]},{\"@type\":\"Person\",\"@id\":\"https:\/\/www.pressenza.com\/it\/#\/schema\/person\/77735f6583e3041b31ebc7b93a284357\",\"name\":\"INFOsperber\",\"description\":\"Infosperber.ch - sieht, was andere \u00fcbersehen Die Schweizer Internet-Zeitung richtet sich an Entscheidungstr\u00e4ger in Gesellschaft, Wirtschaft und Politik sowie alle, die erg\u00e4nzende Informationen zu den grossen Medien suchen. Infosperber will die grossen Informations-Medien nicht konkurrenzieren, sondern diese erg\u00e4nzen. \u00a9 Das Weiterverbreiten s\u00e4mtlicher auf dem gemeinn\u00fctzigen Portal www.infosperber.ch enthaltenen Texte ist ohne Kostenfolge erlaubt, sofern die Texte integral ohne K\u00fcrzung und mit Quellenangaben (Autor und \u00abInfosperber\u00bb) verbreitet werden. Bei einer Online-Nutzung ist die Quellenangabe m\u00f6glichst schon am Anfang des Artikels mit einem Link auf infosperber.ch zu versehen. F\u00fcr das Verbreiten von gek\u00fcrzten oder abge\u00e4nderten Texten ist das schriftliche Einverst\u00e4ndnis der AutorInnen erforderlich.\",\"sameAs\":[\"https:\/\/www.infosperber.ch\/\"],\"url\":\"https:\/\/www.pressenza.com\/it\/author\/infosperber\/\"}]}<\/script>\n<!-- \/ Yoast SEO plugin. -->","yoast_head_json":{"title":"In Per\u00f9, alle api vengono riconosciuti diritti propri","description":"Le api senza pungiglione autoctone del Per\u00f9 sono i primi insetti al mondo a godere di una protezione speciale come soggetti giuridici. Gli indigeni","robots":{"index":"index","follow":"follow","max-snippet":"max-snippet:-1","max-image-preview":"max-image-preview:large","max-video-preview":"max-video-preview:-1"},"canonical":"https:\/\/www.pressenza.com\/it\/2025\/11\/in-peru-alle-api-vengono-riconosciuti-diritti-propri\/","og_locale":"it_IT","og_type":"article","og_title":"In Per\u00f9, alle api vengono riconosciuti diritti propri","og_description":"Le api senza pungiglione autoctone del Per\u00f9 sono i primi insetti al mondo a godere di una protezione speciale come soggetti giuridici. Gli indigeni","og_url":"https:\/\/www.pressenza.com\/it\/2025\/11\/in-peru-alle-api-vengono-riconosciuti-diritti-propri\/","og_site_name":"Pressenza","article_publisher":"https:\/\/www.facebook.com\/PressenzaItalia","article_published_time":"2025-11-12T17:40:01+00:00","article_modified_time":"2025-11-12T17:41:57+00:00","og_image":[{"width":1920,"height":1343,"url":"https:\/\/www.pressenza.com\/wp-content\/uploads\/2025\/11\/Biene.jpg","type":"image\/jpeg"}],"author":"INFOsperber","twitter_card":"summary_large_image","twitter_creator":"@PressenzaIPA","twitter_site":"@PressenzaIPA","twitter_misc":{"Scritto da":"INFOsperber","Tempo di lettura stimato":"4 minuti"},"schema":{"@context":"https:\/\/schema.org","@graph":[{"@type":"Article","@id":"https:\/\/www.pressenza.com\/it\/2025\/11\/in-peru-alle-api-vengono-riconosciuti-diritti-propri\/#article","isPartOf":{"@id":"https:\/\/www.pressenza.com\/it\/2025\/11\/in-peru-alle-api-vengono-riconosciuti-diritti-propri\/"},"author":{"name":"INFOsperber","@id":"https:\/\/www.pressenza.com\/it\/#\/schema\/person\/77735f6583e3041b31ebc7b93a284357"},"headline":"In Per\u00f9, alle api vengono riconosciuti diritti propri","datePublished":"2025-11-12T17:40:01+00:00","dateModified":"2025-11-12T17:41:57+00:00","mainEntityOfPage":{"@id":"https:\/\/www.pressenza.com\/it\/2025\/11\/in-peru-alle-api-vengono-riconosciuti-diritti-propri\/"},"wordCount":692,"publisher":{"@id":"https:\/\/www.pressenza.com\/it\/#organization"},"image":{"@id":"https:\/\/www.pressenza.com\/it\/2025\/11\/in-peru-alle-api-vengono-riconosciuti-diritti-propri\/#primaryimage"},"thumbnailUrl":"https:\/\/www.pressenza.com\/wp-content\/uploads\/2025\/11\/Biene.jpg","keywords":["agricoltura","api mellifere","api senza pungiglione","colonizzazione","Per\u00f9","popolazioni indigene"],"articleSection":["Cronaca","Ecologia ed Ambiente","Politica","Popoli originari","Sud America"],"inLanguage":"it-IT"},{"@type":"WebPage","@id":"https:\/\/www.pressenza.com\/it\/2025\/11\/in-peru-alle-api-vengono-riconosciuti-diritti-propri\/","url":"https:\/\/www.pressenza.com\/it\/2025\/11\/in-peru-alle-api-vengono-riconosciuti-diritti-propri\/","name":"In Per\u00f9, alle api vengono riconosciuti diritti propri","isPartOf":{"@id":"https:\/\/www.pressenza.com\/it\/#website"},"primaryImageOfPage":{"@id":"https:\/\/www.pressenza.com\/it\/2025\/11\/in-peru-alle-api-vengono-riconosciuti-diritti-propri\/#primaryimage"},"image":{"@id":"https:\/\/www.pressenza.com\/it\/2025\/11\/in-peru-alle-api-vengono-riconosciuti-diritti-propri\/#primaryimage"},"thumbnailUrl":"https:\/\/www.pressenza.com\/wp-content\/uploads\/2025\/11\/Biene.jpg","datePublished":"2025-11-12T17:40:01+00:00","dateModified":"2025-11-12T17:41:57+00:00","description":"Le api senza pungiglione autoctone del Per\u00f9 sono i primi insetti al mondo a godere di una protezione speciale come soggetti giuridici. Gli indigeni","breadcrumb":{"@id":"https:\/\/www.pressenza.com\/it\/2025\/11\/in-peru-alle-api-vengono-riconosciuti-diritti-propri\/#breadcrumb"},"inLanguage":"it-IT","potentialAction":[{"@type":"ReadAction","target":["https:\/\/www.pressenza.com\/it\/2025\/11\/in-peru-alle-api-vengono-riconosciuti-diritti-propri\/"]}]},{"@type":"ImageObject","inLanguage":"it-IT","@id":"https:\/\/www.pressenza.com\/it\/2025\/11\/in-peru-alle-api-vengono-riconosciuti-diritti-propri\/#primaryimage","url":"https:\/\/www.pressenza.com\/wp-content\/uploads\/2025\/11\/Biene.jpg","contentUrl":"https:\/\/www.pressenza.com\/wp-content\/uploads\/2025\/11\/Biene.jpg","width":1920,"height":1343,"caption":"Stachellose Biene"},{"@type":"BreadcrumbList","@id":"https:\/\/www.pressenza.com\/it\/2025\/11\/in-peru-alle-api-vengono-riconosciuti-diritti-propri\/#breadcrumb","itemListElement":[{"@type":"ListItem","position":1,"name":"Accueil","item":"https:\/\/www.pressenza.com\/it\/"},{"@type":"ListItem","position":2,"name":"In Per\u00f9, alle api vengono riconosciuti diritti propri"}]},{"@type":"WebSite","@id":"https:\/\/www.pressenza.com\/it\/#website","url":"https:\/\/www.pressenza.com\/it\/","name":"Pressenza","description":"Agenzia di Stampa Internazionale","publisher":{"@id":"https:\/\/www.pressenza.com\/it\/#organization"},"potentialAction":[{"@type":"SearchAction","target":{"@type":"EntryPoint","urlTemplate":"https:\/\/www.pressenza.com\/it\/?s={search_term_string}"},"query-input":{"@type":"PropertyValueSpecification","valueRequired":true,"valueName":"search_term_string"}}],"inLanguage":"it-IT"},{"@type":"Organization","@id":"https:\/\/www.pressenza.com\/it\/#organization","name":"Pressenza","url":"https:\/\/www.pressenza.com\/it\/","logo":{"@type":"ImageObject","inLanguage":"it-IT","@id":"https:\/\/www.pressenza.com\/it\/#\/schema\/logo\/image\/","url":"https:\/\/www.pressenza.com\/wp-content\/uploads\/2022\/10\/pressenza_logo_200x200.jpg","contentUrl":"https:\/\/www.pressenza.com\/wp-content\/uploads\/2022\/10\/pressenza_logo_200x200.jpg","width":200,"height":200,"caption":"Pressenza"},"image":{"@id":"https:\/\/www.pressenza.com\/it\/#\/schema\/logo\/image\/"},"sameAs":["https:\/\/www.facebook.com\/PressenzaItalia","https:\/\/x.com\/PressenzaIPA"]},{"@type":"Person","@id":"https:\/\/www.pressenza.com\/it\/#\/schema\/person\/77735f6583e3041b31ebc7b93a284357","name":"INFOsperber","description":"Infosperber.ch - sieht, was andere \u00fcbersehen Die Schweizer Internet-Zeitung richtet sich an Entscheidungstr\u00e4ger in Gesellschaft, Wirtschaft und Politik sowie alle, die erg\u00e4nzende Informationen zu den grossen Medien suchen. Infosperber will die grossen Informations-Medien nicht konkurrenzieren, sondern diese erg\u00e4nzen. \u00a9 Das Weiterverbreiten s\u00e4mtlicher auf dem gemeinn\u00fctzigen Portal www.infosperber.ch enthaltenen Texte ist ohne Kostenfolge erlaubt, sofern die Texte integral ohne K\u00fcrzung und mit Quellenangaben (Autor und \u00abInfosperber\u00bb) verbreitet werden. Bei einer Online-Nutzung ist die Quellenangabe m\u00f6glichst schon am Anfang des Artikels mit einem Link auf infosperber.ch zu versehen. F\u00fcr das Verbreiten von gek\u00fcrzten oder abge\u00e4nderten Texten ist das schriftliche Einverst\u00e4ndnis der AutorInnen erforderlich.","sameAs":["https:\/\/www.infosperber.ch\/"],"url":"https:\/\/www.pressenza.com\/it\/author\/infosperber\/"}]}},"place":"Svizzera - Daniela Gschweng","original_article_url":"https:\/\/www.infosperber.ch\/freiheit-recht\/in-peru-bekommt-eine-biene-eigene-rechte\/","_links":{"self":[{"href":"https:\/\/www.pressenza.com\/it\/wp-json\/wp\/v2\/posts\/2651950","targetHints":{"allow":["GET"]}}],"collection":[{"href":"https:\/\/www.pressenza.com\/it\/wp-json\/wp\/v2\/posts"}],"about":[{"href":"https:\/\/www.pressenza.com\/it\/wp-json\/wp\/v2\/types\/post"}],"author":[{"embeddable":true,"href":"https:\/\/www.pressenza.com\/it\/wp-json\/wp\/v2\/users\/1855"}],"replies":[{"embeddable":true,"href":"https:\/\/www.pressenza.com\/it\/wp-json\/wp\/v2\/comments?post=2651950"}],"version-history":[{"count":1,"href":"https:\/\/www.pressenza.com\/it\/wp-json\/wp\/v2\/posts\/2651950\/revisions"}],"predecessor-version":[{"id":2651953,"href":"https:\/\/www.pressenza.com\/it\/wp-json\/wp\/v2\/posts\/2651950\/revisions\/2651953"}],"wp:featuredmedia":[{"embeddable":true,"href":"https:\/\/www.pressenza.com\/it\/wp-json\/wp\/v2\/media\/2651952"}],"wp:attachment":[{"href":"https:\/\/www.pressenza.com\/it\/wp-json\/wp\/v2\/media?parent=2651950"}],"wp:term":[{"taxonomy":"category","embeddable":true,"href":"https:\/\/www.pressenza.com\/it\/wp-json\/wp\/v2\/categories?post=2651950"},{"taxonomy":"post_tag","embeddable":true,"href":"https:\/\/www.pressenza.com\/it\/wp-json\/wp\/v2\/tags?post=2651950"}],"curies":[{"name":"wp","href":"https:\/\/api.w.org\/{rel}","templated":true}]}}