{"id":2651939,"date":"2025-11-12T15:48:59","date_gmt":"2025-11-12T15:48:59","guid":{"rendered":"https:\/\/www.pressenza.com\/?p=2651939"},"modified":"2025-11-12T15:51:54","modified_gmt":"2025-11-12T15:51:54","slug":"razzisti-brescia-non-vi-accoglie","status":"publish","type":"post","link":"https:\/\/www.pressenza.com\/it\/2025\/11\/razzisti-brescia-non-vi-accoglie\/","title":{"rendered":"Brescia, la citt\u00e0 dell\u2019accoglienza si prepara a respingere il razzismo"},"content":{"rendered":"<p><strong>BRESCIA \u2014<\/strong> Mentre le luci della decima <em>Marcia per l\u2019Accoglienza e la Cittadinanza<\/em> si spengono, lasciando nelle vie del centro il passo di duemila persone che il 18 ottobre hanno sfilato per una societ\u00e0 di pace e fraternit\u00e0, sulla citt\u00e0 si addensa una nuova ombra: una riunione pubblica sulla cosiddetta \u201cremigrazione\u201d, prevista per il 15 novembre.<\/p>\n<p>Dietro l\u2019apparente neutralit\u00e0 del termine, si cela una delle pi\u00f9 radicali teorie della destra estrema europea: quella secondo cui l\u2019Occidente sarebbe vittima di una \u201csostituzione etnica\u201d, e che i migranti \u2014 giudicati \u201cnon assimilabili\u201d alla cultura nazionale \u2014 dovrebbero essere rimpatriati forzatamente. A dar voce a questa ideologia, destinata a scuotere il dibattito pubblico, sono esponenti di gruppi e movimenti noti per la loro matrice neofascista: da <strong>CasaPound Italia<\/strong> alla <strong>Rete dei Patrioti<\/strong>, dai <strong>Veneto Fronte Skinheads<\/strong> al locale <strong>Brescia ai Bresciani<\/strong>. Tra i relatori annunciati, anche <strong>Francesca Totolo<\/strong>, collaboratrice del <em>Primato Nazionale<\/em> e autrice per la casa editrice <em>Altaforte<\/em>, legata allo stesso ambiente politico.<\/p>\n<h3><strong>\u00a0<\/strong><\/h3>\n<h3><strong>La risposta della citt\u00e0<\/strong><\/h3>\n<p>La reazione del fronte civico bresciano non si \u00e8 fatta attendere. Sotto lo slogan <em>\u201cRazzisti, Brescia non vi accoglie!\u201d<\/em>, la rete di associazioni riunite nel movimento <strong>#IoAccolgo Brescia<\/strong> ha diffuso un comunicato fermo e senza ambiguit\u00e0: <em>\u00abRazzismo e xenofobia non devono avere cittadinanza nella nostra citt\u00e0\u00bb.<\/em><br \/>\nIl documento \u2014 firmato da numerose organizzazioni del terzo settore, del volontariato e della societ\u00e0 civile \u2014 ricorda come Brescia abbia gi\u00e0 dato prova di compattezza contro le derive xenofobe. Un anno fa, infatti, la citt\u00e0 aveva risposto con un corteo imponente alla marcia di alcuni gruppi neofascisti nei pressi della stazione ferroviaria, riaffermando i principi di solidariet\u00e0 e convivenza sanciti dalla Costituzione.<\/p>\n<h3><strong>Un mosaico di culture<\/strong><\/h3>\n<p>I numeri parlano chiaro: al 31 dicembre 2023, i nuovi residenti stranieri nel comune di Brescia sono <strong>38.000<\/strong>, e <strong>155.000<\/strong> in tutta la provincia, provenienti da <strong>140 Paesi diversi<\/strong>. Una realt\u00e0 che, lungi dal rappresentare una minaccia, costituisce una delle forze vitali della citt\u00e0: <em>\u00abBrescia \u00e8 bella anche grazie a chi viene da altri Paesi del mondo: vogliamo che rimanga bella e giusta\u00bb,<\/em> recita il comunicato.<\/p>\n<p>Proprio per questo le associazioni promotrici della marcia hanno chiesto un incontro con il <strong>Prefetto<\/strong>, che ha garantito una pronta disponibilit\u00e0. L\u2019obiettivo \u00e8 chiaro: sollecitare le istituzioni a vigilare affinch\u00e9 gli spazi pubblici non diventino palcoscenico di ideologie che negano i valori democratici e il rispetto della persona.<\/p>\n<p>La storia di Brescia, ferita nel 1974 dalla strage di Piazza della Loggia, pesa come un monito collettivo contro ogni rigurgito di odio. Non \u00e8 solo questione di ordine pubblico, ma di identit\u00e0 civile.<br \/>\nNel linguaggio dei promotori di <strong>#IoAccolgo<\/strong>, si avverte la consapevolezza che l\u2019accoglienza non \u00e8 mera tolleranza, bens\u00ec una scelta culturale e politica: un argine contro la barbarie, una riaffermazione del principio di umanit\u00e0.<\/p>\n<p>La citt\u00e0 dei diritti, della solidariet\u00e0 e del lavoro si prepara dunque a un nuovo banco di prova. <em>\u00abCi stiamo preparando ad accoglierli \u2014 scrivono ironicamente gli organizzatori \u2014 ma Brescia non accoglie il razzismo\u00bb.<\/em><\/p>\n<p>&nbsp;<\/p>\n","protected":false},"excerpt":{"rendered":"<p>BRESCIA \u2014 Mentre le luci della decima Marcia per l\u2019Accoglienza e la Cittadinanza si spengono, lasciando nelle vie del centro il passo di duemila persone che il 18 ottobre hanno sfilato per una societ\u00e0 di pace e fraternit\u00e0, sulla citt\u00e0&hellip;<\/p>\n","protected":false},"author":1969,"featured_media":2651941,"comment_status":"closed","ping_status":"closed","sticky":false,"template":"","format":"standard","meta":{"footnotes":""},"categories":[107392,55],"tags":[6022,3224,23396,146182],"class_list":["post-2651939","post","type-post","status-publish","format-standard","has-post-thumbnail","hentry","category-noticia-it","category-politica","tag-brescia","tag-estrema-destra","tag-razzisti","tag-remigrazione"],"yoast_head":"<!-- This site is optimized with the Yoast SEO plugin v27.1.1 - https:\/\/yoast.com\/product\/yoast-seo-wordpress\/ -->\n<title>Brescia, la citt\u00e0 dell\u2019accoglienza si prepara a respingere il razzismo<\/title>\n<meta name=\"description\" content=\"BRESCIA \u2014 Mentre le luci della decima Marcia per l\u2019Accoglienza e la Cittadinanza si spengono, lasciando nelle vie del centro il passo di duemila persone\" \/>\n<meta name=\"robots\" content=\"index, follow, max-snippet:-1, max-image-preview:large, max-video-preview:-1\" \/>\n<link rel=\"canonical\" href=\"https:\/\/www.pressenza.com\/it\/2025\/11\/razzisti-brescia-non-vi-accoglie\/\" \/>\n<meta property=\"og:locale\" content=\"it_IT\" \/>\n<meta property=\"og:type\" content=\"article\" \/>\n<meta property=\"og:title\" content=\"Brescia, la citt\u00e0 dell\u2019accoglienza si prepara a respingere il razzismo\" \/>\n<meta property=\"og:description\" content=\"BRESCIA \u2014 Mentre le luci della decima Marcia per l\u2019Accoglienza e la Cittadinanza si spengono, lasciando nelle vie del centro il passo di duemila persone\" \/>\n<meta property=\"og:url\" content=\"https:\/\/www.pressenza.com\/it\/2025\/11\/razzisti-brescia-non-vi-accoglie\/\" \/>\n<meta property=\"og:site_name\" content=\"Pressenza\" \/>\n<meta property=\"article:publisher\" content=\"https:\/\/www.facebook.com\/PressenzaItalia\" \/>\n<meta property=\"article:published_time\" content=\"2025-11-12T15:48:59+00:00\" \/>\n<meta property=\"article:modified_time\" content=\"2025-11-12T15:51:54+00:00\" \/>\n<meta property=\"og:image\" content=\"https:\/\/www.pressenza.com\/wp-content\/uploads\/2025\/11\/Remigrazione-striscione-di-15-metri-a-Brescia-del-comitato-promotore-della-proposta-di-legge.jpg\" \/>\n\t<meta property=\"og:image:width\" content=\"960\" \/>\n\t<meta property=\"og:image:height\" content=\"1280\" \/>\n\t<meta property=\"og:image:type\" content=\"image\/jpeg\" \/>\n<meta name=\"author\" content=\"Redazione Sebino Franciacorta\" \/>\n<meta name=\"twitter:card\" content=\"summary_large_image\" \/>\n<meta name=\"twitter:creator\" content=\"@PressenzaIPA\" \/>\n<meta name=\"twitter:site\" content=\"@PressenzaIPA\" \/>\n<meta name=\"twitter:label1\" content=\"Scritto da\" \/>\n\t<meta name=\"twitter:data1\" content=\"Redazione Sebino Franciacorta\" \/>\n\t<meta name=\"twitter:label2\" content=\"Tempo di lettura stimato\" \/>\n\t<meta name=\"twitter:data2\" content=\"3 minuti\" \/>\n<script type=\"application\/ld+json\" class=\"yoast-schema-graph\">{\"@context\":\"https:\/\/schema.org\",\"@graph\":[{\"@type\":\"Article\",\"@id\":\"https:\/\/www.pressenza.com\/it\/2025\/11\/razzisti-brescia-non-vi-accoglie\/#article\",\"isPartOf\":{\"@id\":\"https:\/\/www.pressenza.com\/it\/2025\/11\/razzisti-brescia-non-vi-accoglie\/\"},\"author\":{\"name\":\"Redazione Sebino Franciacorta\",\"@id\":\"https:\/\/www.pressenza.com\/it\/#\/schema\/person\/9ec653259bb79d6ea2255fd80043dc9c\"},\"headline\":\"Brescia, la citt\u00e0 dell\u2019accoglienza si prepara a respingere il razzismo\",\"datePublished\":\"2025-11-12T15:48:59+00:00\",\"dateModified\":\"2025-11-12T15:51:54+00:00\",\"mainEntityOfPage\":{\"@id\":\"https:\/\/www.pressenza.com\/it\/2025\/11\/razzisti-brescia-non-vi-accoglie\/\"},\"wordCount\":491,\"publisher\":{\"@id\":\"https:\/\/www.pressenza.com\/it\/#organization\"},\"image\":{\"@id\":\"https:\/\/www.pressenza.com\/it\/2025\/11\/razzisti-brescia-non-vi-accoglie\/#primaryimage\"},\"thumbnailUrl\":\"https:\/\/www.pressenza.com\/wp-content\/uploads\/2025\/11\/Remigrazione-striscione-di-15-metri-a-Brescia-del-comitato-promotore-della-proposta-di-legge.jpg\",\"keywords\":[\"Brescia\",\"estrema destra\",\"razzisti\",\"remigrazione\"],\"articleSection\":[\"Cronaca\",\"Politica\"],\"inLanguage\":\"it-IT\"},{\"@type\":\"WebPage\",\"@id\":\"https:\/\/www.pressenza.com\/it\/2025\/11\/razzisti-brescia-non-vi-accoglie\/\",\"url\":\"https:\/\/www.pressenza.com\/it\/2025\/11\/razzisti-brescia-non-vi-accoglie\/\",\"name\":\"Brescia, la citt\u00e0 dell\u2019accoglienza si prepara a respingere il razzismo\",\"isPartOf\":{\"@id\":\"https:\/\/www.pressenza.com\/it\/#website\"},\"primaryImageOfPage\":{\"@id\":\"https:\/\/www.pressenza.com\/it\/2025\/11\/razzisti-brescia-non-vi-accoglie\/#primaryimage\"},\"image\":{\"@id\":\"https:\/\/www.pressenza.com\/it\/2025\/11\/razzisti-brescia-non-vi-accoglie\/#primaryimage\"},\"thumbnailUrl\":\"https:\/\/www.pressenza.com\/wp-content\/uploads\/2025\/11\/Remigrazione-striscione-di-15-metri-a-Brescia-del-comitato-promotore-della-proposta-di-legge.jpg\",\"datePublished\":\"2025-11-12T15:48:59+00:00\",\"dateModified\":\"2025-11-12T15:51:54+00:00\",\"description\":\"BRESCIA \u2014 Mentre le luci della decima Marcia per l\u2019Accoglienza e la Cittadinanza si spengono, lasciando nelle vie del centro il passo di duemila persone\",\"breadcrumb\":{\"@id\":\"https:\/\/www.pressenza.com\/it\/2025\/11\/razzisti-brescia-non-vi-accoglie\/#breadcrumb\"},\"inLanguage\":\"it-IT\",\"potentialAction\":[{\"@type\":\"ReadAction\",\"target\":[\"https:\/\/www.pressenza.com\/it\/2025\/11\/razzisti-brescia-non-vi-accoglie\/\"]}]},{\"@type\":\"ImageObject\",\"inLanguage\":\"it-IT\",\"@id\":\"https:\/\/www.pressenza.com\/it\/2025\/11\/razzisti-brescia-non-vi-accoglie\/#primaryimage\",\"url\":\"https:\/\/www.pressenza.com\/wp-content\/uploads\/2025\/11\/Remigrazione-striscione-di-15-metri-a-Brescia-del-comitato-promotore-della-proposta-di-legge.jpg\",\"contentUrl\":\"https:\/\/www.pressenza.com\/wp-content\/uploads\/2025\/11\/Remigrazione-striscione-di-15-metri-a-Brescia-del-comitato-promotore-della-proposta-di-legge.jpg\",\"width\":960,\"height\":1280},{\"@type\":\"BreadcrumbList\",\"@id\":\"https:\/\/www.pressenza.com\/it\/2025\/11\/razzisti-brescia-non-vi-accoglie\/#breadcrumb\",\"itemListElement\":[{\"@type\":\"ListItem\",\"position\":1,\"name\":\"Accueil\",\"item\":\"https:\/\/www.pressenza.com\/it\/\"},{\"@type\":\"ListItem\",\"position\":2,\"name\":\"Brescia, la citt\u00e0 dell\u2019accoglienza si prepara a respingere il razzismo\"}]},{\"@type\":\"WebSite\",\"@id\":\"https:\/\/www.pressenza.com\/it\/#website\",\"url\":\"https:\/\/www.pressenza.com\/it\/\",\"name\":\"Pressenza\",\"description\":\"Agenzia di Stampa Internazionale\",\"publisher\":{\"@id\":\"https:\/\/www.pressenza.com\/it\/#organization\"},\"potentialAction\":[{\"@type\":\"SearchAction\",\"target\":{\"@type\":\"EntryPoint\",\"urlTemplate\":\"https:\/\/www.pressenza.com\/it\/?s={search_term_string}\"},\"query-input\":{\"@type\":\"PropertyValueSpecification\",\"valueRequired\":true,\"valueName\":\"search_term_string\"}}],\"inLanguage\":\"it-IT\"},{\"@type\":\"Organization\",\"@id\":\"https:\/\/www.pressenza.com\/it\/#organization\",\"name\":\"Pressenza\",\"url\":\"https:\/\/www.pressenza.com\/it\/\",\"logo\":{\"@type\":\"ImageObject\",\"inLanguage\":\"it-IT\",\"@id\":\"https:\/\/www.pressenza.com\/it\/#\/schema\/logo\/image\/\",\"url\":\"https:\/\/www.pressenza.com\/wp-content\/uploads\/2022\/10\/pressenza_logo_200x200.jpg\",\"contentUrl\":\"https:\/\/www.pressenza.com\/wp-content\/uploads\/2022\/10\/pressenza_logo_200x200.jpg\",\"width\":200,\"height\":200,\"caption\":\"Pressenza\"},\"image\":{\"@id\":\"https:\/\/www.pressenza.com\/it\/#\/schema\/logo\/image\/\"},\"sameAs\":[\"https:\/\/www.facebook.com\/PressenzaItalia\",\"https:\/\/x.com\/PressenzaIPA\"]},{\"@type\":\"Person\",\"@id\":\"https:\/\/www.pressenza.com\/it\/#\/schema\/person\/9ec653259bb79d6ea2255fd80043dc9c\",\"name\":\"Redazione Sebino Franciacorta\",\"url\":\"https:\/\/www.pressenza.com\/it\/author\/redazione-sebino-franciacorta\/\"}]}<\/script>\n<!-- \/ Yoast SEO plugin. -->","yoast_head_json":{"title":"Brescia, la citt\u00e0 dell\u2019accoglienza si prepara a respingere il razzismo","description":"BRESCIA \u2014 Mentre le luci della decima Marcia per l\u2019Accoglienza e la Cittadinanza si spengono, lasciando nelle vie del centro il passo di duemila persone","robots":{"index":"index","follow":"follow","max-snippet":"max-snippet:-1","max-image-preview":"max-image-preview:large","max-video-preview":"max-video-preview:-1"},"canonical":"https:\/\/www.pressenza.com\/it\/2025\/11\/razzisti-brescia-non-vi-accoglie\/","og_locale":"it_IT","og_type":"article","og_title":"Brescia, la citt\u00e0 dell\u2019accoglienza si prepara a respingere il razzismo","og_description":"BRESCIA \u2014 Mentre le luci della decima Marcia per l\u2019Accoglienza e la Cittadinanza si spengono, lasciando nelle vie del centro il passo di duemila persone","og_url":"https:\/\/www.pressenza.com\/it\/2025\/11\/razzisti-brescia-non-vi-accoglie\/","og_site_name":"Pressenza","article_publisher":"https:\/\/www.facebook.com\/PressenzaItalia","article_published_time":"2025-11-12T15:48:59+00:00","article_modified_time":"2025-11-12T15:51:54+00:00","og_image":[{"width":960,"height":1280,"url":"https:\/\/www.pressenza.com\/wp-content\/uploads\/2025\/11\/Remigrazione-striscione-di-15-metri-a-Brescia-del-comitato-promotore-della-proposta-di-legge.jpg","type":"image\/jpeg"}],"author":"Redazione Sebino Franciacorta","twitter_card":"summary_large_image","twitter_creator":"@PressenzaIPA","twitter_site":"@PressenzaIPA","twitter_misc":{"Scritto da":"Redazione Sebino Franciacorta","Tempo di lettura stimato":"3 minuti"},"schema":{"@context":"https:\/\/schema.org","@graph":[{"@type":"Article","@id":"https:\/\/www.pressenza.com\/it\/2025\/11\/razzisti-brescia-non-vi-accoglie\/#article","isPartOf":{"@id":"https:\/\/www.pressenza.com\/it\/2025\/11\/razzisti-brescia-non-vi-accoglie\/"},"author":{"name":"Redazione Sebino Franciacorta","@id":"https:\/\/www.pressenza.com\/it\/#\/schema\/person\/9ec653259bb79d6ea2255fd80043dc9c"},"headline":"Brescia, la citt\u00e0 dell\u2019accoglienza si prepara a respingere il razzismo","datePublished":"2025-11-12T15:48:59+00:00","dateModified":"2025-11-12T15:51:54+00:00","mainEntityOfPage":{"@id":"https:\/\/www.pressenza.com\/it\/2025\/11\/razzisti-brescia-non-vi-accoglie\/"},"wordCount":491,"publisher":{"@id":"https:\/\/www.pressenza.com\/it\/#organization"},"image":{"@id":"https:\/\/www.pressenza.com\/it\/2025\/11\/razzisti-brescia-non-vi-accoglie\/#primaryimage"},"thumbnailUrl":"https:\/\/www.pressenza.com\/wp-content\/uploads\/2025\/11\/Remigrazione-striscione-di-15-metri-a-Brescia-del-comitato-promotore-della-proposta-di-legge.jpg","keywords":["Brescia","estrema destra","razzisti","remigrazione"],"articleSection":["Cronaca","Politica"],"inLanguage":"it-IT"},{"@type":"WebPage","@id":"https:\/\/www.pressenza.com\/it\/2025\/11\/razzisti-brescia-non-vi-accoglie\/","url":"https:\/\/www.pressenza.com\/it\/2025\/11\/razzisti-brescia-non-vi-accoglie\/","name":"Brescia, la citt\u00e0 dell\u2019accoglienza si prepara a respingere il razzismo","isPartOf":{"@id":"https:\/\/www.pressenza.com\/it\/#website"},"primaryImageOfPage":{"@id":"https:\/\/www.pressenza.com\/it\/2025\/11\/razzisti-brescia-non-vi-accoglie\/#primaryimage"},"image":{"@id":"https:\/\/www.pressenza.com\/it\/2025\/11\/razzisti-brescia-non-vi-accoglie\/#primaryimage"},"thumbnailUrl":"https:\/\/www.pressenza.com\/wp-content\/uploads\/2025\/11\/Remigrazione-striscione-di-15-metri-a-Brescia-del-comitato-promotore-della-proposta-di-legge.jpg","datePublished":"2025-11-12T15:48:59+00:00","dateModified":"2025-11-12T15:51:54+00:00","description":"BRESCIA \u2014 Mentre le luci della decima Marcia per l\u2019Accoglienza e la Cittadinanza si spengono, lasciando nelle vie del centro il passo di duemila persone","breadcrumb":{"@id":"https:\/\/www.pressenza.com\/it\/2025\/11\/razzisti-brescia-non-vi-accoglie\/#breadcrumb"},"inLanguage":"it-IT","potentialAction":[{"@type":"ReadAction","target":["https:\/\/www.pressenza.com\/it\/2025\/11\/razzisti-brescia-non-vi-accoglie\/"]}]},{"@type":"ImageObject","inLanguage":"it-IT","@id":"https:\/\/www.pressenza.com\/it\/2025\/11\/razzisti-brescia-non-vi-accoglie\/#primaryimage","url":"https:\/\/www.pressenza.com\/wp-content\/uploads\/2025\/11\/Remigrazione-striscione-di-15-metri-a-Brescia-del-comitato-promotore-della-proposta-di-legge.jpg","contentUrl":"https:\/\/www.pressenza.com\/wp-content\/uploads\/2025\/11\/Remigrazione-striscione-di-15-metri-a-Brescia-del-comitato-promotore-della-proposta-di-legge.jpg","width":960,"height":1280},{"@type":"BreadcrumbList","@id":"https:\/\/www.pressenza.com\/it\/2025\/11\/razzisti-brescia-non-vi-accoglie\/#breadcrumb","itemListElement":[{"@type":"ListItem","position":1,"name":"Accueil","item":"https:\/\/www.pressenza.com\/it\/"},{"@type":"ListItem","position":2,"name":"Brescia, la citt\u00e0 dell\u2019accoglienza si prepara a respingere il razzismo"}]},{"@type":"WebSite","@id":"https:\/\/www.pressenza.com\/it\/#website","url":"https:\/\/www.pressenza.com\/it\/","name":"Pressenza","description":"Agenzia di Stampa Internazionale","publisher":{"@id":"https:\/\/www.pressenza.com\/it\/#organization"},"potentialAction":[{"@type":"SearchAction","target":{"@type":"EntryPoint","urlTemplate":"https:\/\/www.pressenza.com\/it\/?s={search_term_string}"},"query-input":{"@type":"PropertyValueSpecification","valueRequired":true,"valueName":"search_term_string"}}],"inLanguage":"it-IT"},{"@type":"Organization","@id":"https:\/\/www.pressenza.com\/it\/#organization","name":"Pressenza","url":"https:\/\/www.pressenza.com\/it\/","logo":{"@type":"ImageObject","inLanguage":"it-IT","@id":"https:\/\/www.pressenza.com\/it\/#\/schema\/logo\/image\/","url":"https:\/\/www.pressenza.com\/wp-content\/uploads\/2022\/10\/pressenza_logo_200x200.jpg","contentUrl":"https:\/\/www.pressenza.com\/wp-content\/uploads\/2022\/10\/pressenza_logo_200x200.jpg","width":200,"height":200,"caption":"Pressenza"},"image":{"@id":"https:\/\/www.pressenza.com\/it\/#\/schema\/logo\/image\/"},"sameAs":["https:\/\/www.facebook.com\/PressenzaItalia","https:\/\/x.com\/PressenzaIPA"]},{"@type":"Person","@id":"https:\/\/www.pressenza.com\/it\/#\/schema\/person\/9ec653259bb79d6ea2255fd80043dc9c","name":"Redazione Sebino Franciacorta","url":"https:\/\/www.pressenza.com\/it\/author\/redazione-sebino-franciacorta\/"}]}},"place":"","original_article_url":"","_links":{"self":[{"href":"https:\/\/www.pressenza.com\/it\/wp-json\/wp\/v2\/posts\/2651939","targetHints":{"allow":["GET"]}}],"collection":[{"href":"https:\/\/www.pressenza.com\/it\/wp-json\/wp\/v2\/posts"}],"about":[{"href":"https:\/\/www.pressenza.com\/it\/wp-json\/wp\/v2\/types\/post"}],"author":[{"embeddable":true,"href":"https:\/\/www.pressenza.com\/it\/wp-json\/wp\/v2\/users\/1969"}],"replies":[{"embeddable":true,"href":"https:\/\/www.pressenza.com\/it\/wp-json\/wp\/v2\/comments?post=2651939"}],"version-history":[{"count":2,"href":"https:\/\/www.pressenza.com\/it\/wp-json\/wp\/v2\/posts\/2651939\/revisions"}],"predecessor-version":[{"id":2651943,"href":"https:\/\/www.pressenza.com\/it\/wp-json\/wp\/v2\/posts\/2651939\/revisions\/2651943"}],"wp:featuredmedia":[{"embeddable":true,"href":"https:\/\/www.pressenza.com\/it\/wp-json\/wp\/v2\/media\/2651941"}],"wp:attachment":[{"href":"https:\/\/www.pressenza.com\/it\/wp-json\/wp\/v2\/media?parent=2651939"}],"wp:term":[{"taxonomy":"category","embeddable":true,"href":"https:\/\/www.pressenza.com\/it\/wp-json\/wp\/v2\/categories?post=2651939"},{"taxonomy":"post_tag","embeddable":true,"href":"https:\/\/www.pressenza.com\/it\/wp-json\/wp\/v2\/tags?post=2651939"}],"curies":[{"name":"wp","href":"https:\/\/api.w.org\/{rel}","templated":true}]}}