{"id":2651693,"date":"2025-11-11T15:58:50","date_gmt":"2025-11-11T15:58:50","guid":{"rendered":"https:\/\/www.pressenza.com\/?p=2651693"},"modified":"2025-11-11T20:26:38","modified_gmt":"2025-11-11T20:26:38","slug":"ejmdcs","status":"publish","type":"post","link":"https:\/\/www.pressenza.com\/it\/2025\/11\/ejmdcs\/","title":{"rendered":"EJMDCS: la nuova rivista scientifica internazionale sulla comunicazione nell\u2019era digitale"},"content":{"rendered":"<p>\u00c8 online da oggi <em>European Journal of Media and Digital Communication Studies <\/em>&#8211; <em>Sociological Perspectives on Communication in the Digital Age<\/em>, una rivista\u00a0<em>peer-reviewed<\/em>\u00a0a diffusione internazionale che analizza le dimensioni sociologiche, culturali e tecnologiche della comunicazione nell\u2019era digitale.<\/p>\n<p>Offrendo un nuovo spazio per la ricerca e il dialogo interdisciplinare, con particolare attenzione alle trasformazioni sociali e culturali generate dall\u2019ambiente digitale, EJMDCS si propone come una piattaforma accademica aperta al confronto tra studiosi, ricercatori e professionisti del settore e si prefigge di promuovere la ricerca e il dialogo internazionale sui media e la comunicazione.<\/p>\n<p>Un periodico trimestrale iscritto al <em>Registro della Stampa<\/em> del Tribunale di Roma (n\u00b0 70 &#8211; 03\/07\/2025) ed edito con l&#8217;ISSN (n\u00b0 3103-4004) intestato al <em>Consiglio Nazionale delle Ricerche<\/em>, che ne sancisce la piena registrazione come rivista scientifica, EJMDCS pubblica &#8211; in lingua inglese &#8211; contributi originali di ricerca, saggi teorici e recensioni sui vari argomenti e temi: sociologia della comunicazione, giornalismo, semiotica, comunicazione di massa,\u00a0studi transmediali, <em>digital media<\/em>, <em>marketing<\/em> digitale, reti sociali, <em>gender diversity<\/em> nei <em>media<\/em>,&#8230;<\/p>\n<p>Viene redatta &#8211; applicando il <em>double-blind peer review<\/em>, cio\u00e8 il rigoroso sistema di revisione conforme alle linee guida del <em>Committee on Publication Ethics<\/em> (COPE) che garantisce imparzialit\u00e0, trasparenza e integrit\u00e0 scientifica &#8211; a cura dell&#8217;<em><a href=\"https:\/\/mediawebpress.us6.list-manage.com\/track\/click?u=585e3dfcb24b7bcc4a12ac62d&amp;id=0c05dcf298&amp;e=3e1aa8013c\" target=\"_blank\" rel=\"noopener noreferrer\"><strong>International Center for Social Research<\/strong><\/a>,<\/em>\u00a0che con la sua pubblicazione consolida il proprio impegno nel promuovere la ricerca scientifica e il dialogo internazionale sui media come strumenti fondamentali di comprensione e trasformazione della societ\u00e0 contemporanea.<\/p>\n<p>Il suo direttore responsabile<em>\u00a0<\/em>\u00e8 <strong>Alejandro Gast\u00f3n Jantus Lordi de Sobremonte<\/strong>, giornalista professionista e sociologo, gi\u00e0 ricercatore alla <em>Universidad del Salvador\u00a0<\/em>di Buenos Aires, dove nel 2000 ha presentato la propria ricerca <em>&#8211; Guerra y paz: los conflictos de la \u00faltima d\u00e9cada<\/em> &#8211; alla presenza del Premio Nobel Ilya Prigogine, tra le altre pubblicazioni a carattere scientifico autore del libro <em>L&#8217;influenza dei mass media nella genesi dell&#8217;ideale estetico<\/em> e divulgatore di notizie e informazioni mediante i profili e canali <em>social-media<\/em> collegati al proprio <em>blog<\/em> personale.<\/p>\n<p>Il\u00a0<a href=\"https:\/\/mediawebpress.us6.list-manage.com\/track\/click?u=585e3dfcb24b7bcc4a12ac62d&amp;id=1a25a358a8&amp;e=3e1aa8013c\" target=\"_blank\" rel=\"noopener noreferrer\">primo numero<\/a> di EJMDCS presenta un suo studio sulla percezione limitata della crisi climatica come emergenza sanitaria tra i professionisti dei media in Italia: \u00abLo studio evidenzia l\u2019urgente necessit\u00e0 di una comunicazione scientifica pi\u00f9 competente e di liberare il giornalismo dai vincoli economici e ideologici imposti dalle industrie pi\u00f9 inquinanti\u00bb, spiega Jantus Lordi de Sobremonte. Basandosi su un\u2019indagine quantitativa da lui condotta su un campione di 548 giornalisti e i cui risultati rivelano che la grande maggioranza di loro sottovaluta o nega la correlazione tra degrado ambientale e salute umana, con solo il 38,6% che riconosce il cambiamento climatico come una minaccia significativa o imminente per la salute, nel saggio analizza come i media influenzino la consapevolezza pubblica sui legami tra cambiamento climatico e salute.<\/p>\n","protected":false},"excerpt":{"rendered":"<p>\u00c8 online da oggi European Journal of Media and Digital Communication Studies &#8211; Sociological Perspectives on Communication in the Digital Age, una rivista\u00a0peer-reviewed\u00a0a diffusione internazionale che analizza le dimensioni sociologiche, culturali e tecnologiche della comunicazione nell\u2019era digitale. Offrendo un nuovo&hellip;<\/p>\n","protected":false},"author":594,"featured_media":2651698,"comment_status":"closed","ping_status":"closed","sticky":false,"template":"","format":"standard","meta":{"footnotes":""},"categories":[11388,56],"tags":[5115,1767,10429],"class_list":["post-2651693","post","type-post","status-publish","format-standard","has-post-thumbnail","hentry","category-contenuti-originali","category-cultura","tag-comunicazione","tag-giornalismo","tag-mezzi-di-comunicazione"],"yoast_head":"<!-- This site is optimized with the Yoast SEO plugin v27.1.1 - https:\/\/yoast.com\/product\/yoast-seo-wordpress\/ -->\n<title>EJMDCS: la nuova rivista scientifica internazionale sulla comunicazione nell\u2019era digitale<\/title>\n<meta name=\"description\" content=\"\u00c8 online da oggi European Journal of Media and Digital Communication Studies - Sociological Perspectives on Communication in the Digital Age, una \u00c8 online da oggi il periodico trimestrale &#039;European Journal of Media and Digital Communication Studies - Sociological Perspectives on Communication in the Digital Age&#039;, una rivista\u00a0peer-reviewed\u00a0a diffusione internazionale che analizza le dimensioni sociologiche, culturali e tecnologiche della comunicazione nell\u2019era digitale.\" \/>\n<meta name=\"robots\" content=\"index, follow, max-snippet:-1, max-image-preview:large, max-video-preview:-1\" \/>\n<link rel=\"canonical\" href=\"https:\/\/www.pressenza.com\/it\/2025\/11\/ejmdcs\/\" \/>\n<meta property=\"og:locale\" content=\"it_IT\" \/>\n<meta property=\"og:type\" content=\"article\" \/>\n<meta property=\"og:title\" content=\"EJMDCS: la nuova rivista scientifica internazionale sulla comunicazione nell\u2019era digitale\" \/>\n<meta property=\"og:description\" content=\"\u00c8 online da oggi European Journal of Media and Digital Communication Studies - Sociological Perspectives on Communication in the Digital Age, una \u00c8 online da oggi il periodico trimestrale &#039;European Journal of Media and Digital Communication Studies - Sociological Perspectives on Communication in the Digital Age&#039;, una rivista\u00a0peer-reviewed\u00a0a diffusione internazionale che analizza le dimensioni sociologiche, culturali e tecnologiche della comunicazione nell\u2019era digitale.\" \/>\n<meta property=\"og:url\" content=\"https:\/\/www.pressenza.com\/it\/2025\/11\/ejmdcs\/\" \/>\n<meta property=\"og:site_name\" content=\"Pressenza\" \/>\n<meta property=\"article:publisher\" content=\"https:\/\/www.facebook.com\/PressenzaItalia\" \/>\n<meta property=\"article:author\" content=\"https:\/\/www.facebook.com\/PressenzaItalia\" \/>\n<meta property=\"article:published_time\" content=\"2025-11-11T15:58:50+00:00\" \/>\n<meta property=\"article:modified_time\" content=\"2025-11-11T20:26:38+00:00\" \/>\n<meta property=\"og:image\" content=\"https:\/\/www.pressenza.com\/wp-content\/uploads\/2025\/11\/blog-Alejandro-Gaston-Jantus-Lordi-de-Sobremonte.jpg\" \/>\n\t<meta property=\"og:image:width\" content=\"1920\" \/>\n\t<meta property=\"og:image:height\" content=\"882\" \/>\n\t<meta property=\"og:image:type\" content=\"image\/jpeg\" \/>\n<meta name=\"author\" content=\"Redazione Italia\" \/>\n<meta name=\"twitter:card\" content=\"summary_large_image\" \/>\n<meta name=\"twitter:creator\" content=\"@pressenza_it\" \/>\n<meta name=\"twitter:site\" content=\"@PressenzaIPA\" \/>\n<meta name=\"twitter:label1\" content=\"Scritto da\" \/>\n\t<meta name=\"twitter:data1\" content=\"Redazione Italia\" \/>\n\t<meta name=\"twitter:label2\" content=\"Tempo di lettura stimato\" \/>\n\t<meta name=\"twitter:data2\" content=\"3 minuti\" \/>\n<script type=\"application\/ld+json\" class=\"yoast-schema-graph\">{\"@context\":\"https:\/\/schema.org\",\"@graph\":[{\"@type\":\"Article\",\"@id\":\"https:\/\/www.pressenza.com\/it\/2025\/11\/ejmdcs\/#article\",\"isPartOf\":{\"@id\":\"https:\/\/www.pressenza.com\/it\/2025\/11\/ejmdcs\/\"},\"author\":{\"name\":\"Redazione Italia\",\"@id\":\"https:\/\/www.pressenza.com\/it\/#\/schema\/person\/d983e81827ae24f2c7b1a2123d197f8d\"},\"headline\":\"EJMDCS: la nuova rivista scientifica internazionale sulla comunicazione nell\u2019era digitale\",\"datePublished\":\"2025-11-11T15:58:50+00:00\",\"dateModified\":\"2025-11-11T20:26:38+00:00\",\"mainEntityOfPage\":{\"@id\":\"https:\/\/www.pressenza.com\/it\/2025\/11\/ejmdcs\/\"},\"wordCount\":465,\"publisher\":{\"@id\":\"https:\/\/www.pressenza.com\/it\/#organization\"},\"image\":{\"@id\":\"https:\/\/www.pressenza.com\/it\/2025\/11\/ejmdcs\/#primaryimage\"},\"thumbnailUrl\":\"https:\/\/www.pressenza.com\/wp-content\/uploads\/2025\/11\/blog-Alejandro-Gaston-Jantus-Lordi-de-Sobremonte.jpg\",\"keywords\":[\"comunicazione\",\"giornalismo\",\"mezzi di comunicazione\"],\"articleSection\":[\"contenuti originali\",\"Cultura e Media\"],\"inLanguage\":\"it-IT\"},{\"@type\":\"WebPage\",\"@id\":\"https:\/\/www.pressenza.com\/it\/2025\/11\/ejmdcs\/\",\"url\":\"https:\/\/www.pressenza.com\/it\/2025\/11\/ejmdcs\/\",\"name\":\"EJMDCS: la nuova rivista scientifica internazionale sulla comunicazione nell\u2019era digitale\",\"isPartOf\":{\"@id\":\"https:\/\/www.pressenza.com\/it\/#website\"},\"primaryImageOfPage\":{\"@id\":\"https:\/\/www.pressenza.com\/it\/2025\/11\/ejmdcs\/#primaryimage\"},\"image\":{\"@id\":\"https:\/\/www.pressenza.com\/it\/2025\/11\/ejmdcs\/#primaryimage\"},\"thumbnailUrl\":\"https:\/\/www.pressenza.com\/wp-content\/uploads\/2025\/11\/blog-Alejandro-Gaston-Jantus-Lordi-de-Sobremonte.jpg\",\"datePublished\":\"2025-11-11T15:58:50+00:00\",\"dateModified\":\"2025-11-11T20:26:38+00:00\",\"description\":\"\u00c8 online da oggi European Journal of Media and Digital Communication Studies - Sociological Perspectives on Communication in the Digital Age, una \u00c8 online da oggi il periodico trimestrale 'European Journal of Media and Digital Communication Studies - Sociological Perspectives on Communication in the Digital Age', una rivista\u00a0peer-reviewed\u00a0a diffusione internazionale che analizza le dimensioni sociologiche, culturali e tecnologiche della comunicazione nell\u2019era digitale.\",\"breadcrumb\":{\"@id\":\"https:\/\/www.pressenza.com\/it\/2025\/11\/ejmdcs\/#breadcrumb\"},\"inLanguage\":\"it-IT\",\"potentialAction\":[{\"@type\":\"ReadAction\",\"target\":[\"https:\/\/www.pressenza.com\/it\/2025\/11\/ejmdcs\/\"]}]},{\"@type\":\"ImageObject\",\"inLanguage\":\"it-IT\",\"@id\":\"https:\/\/www.pressenza.com\/it\/2025\/11\/ejmdcs\/#primaryimage\",\"url\":\"https:\/\/www.pressenza.com\/wp-content\/uploads\/2025\/11\/blog-Alejandro-Gaston-Jantus-Lordi-de-Sobremonte.jpg\",\"contentUrl\":\"https:\/\/www.pressenza.com\/wp-content\/uploads\/2025\/11\/blog-Alejandro-Gaston-Jantus-Lordi-de-Sobremonte.jpg\",\"width\":1920,\"height\":882,\"caption\":\"La 'copertina' del profilo Facebook di Alejandro Gast\u00f3n Jantus Lordi de Sobremonte, direttore responsabile dell'European Journal of Media and Digital Communication Studies \u2013 Sociological Perspectives on Communication in the Digital Age\"},{\"@type\":\"BreadcrumbList\",\"@id\":\"https:\/\/www.pressenza.com\/it\/2025\/11\/ejmdcs\/#breadcrumb\",\"itemListElement\":[{\"@type\":\"ListItem\",\"position\":1,\"name\":\"Accueil\",\"item\":\"https:\/\/www.pressenza.com\/it\/\"},{\"@type\":\"ListItem\",\"position\":2,\"name\":\"EJMDCS: la nuova rivista scientifica internazionale sulla comunicazione nell\u2019era digitale\"}]},{\"@type\":\"WebSite\",\"@id\":\"https:\/\/www.pressenza.com\/it\/#website\",\"url\":\"https:\/\/www.pressenza.com\/it\/\",\"name\":\"Pressenza\",\"description\":\"Agenzia di Stampa Internazionale\",\"publisher\":{\"@id\":\"https:\/\/www.pressenza.com\/it\/#organization\"},\"potentialAction\":[{\"@type\":\"SearchAction\",\"target\":{\"@type\":\"EntryPoint\",\"urlTemplate\":\"https:\/\/www.pressenza.com\/it\/?s={search_term_string}\"},\"query-input\":{\"@type\":\"PropertyValueSpecification\",\"valueRequired\":true,\"valueName\":\"search_term_string\"}}],\"inLanguage\":\"it-IT\"},{\"@type\":\"Organization\",\"@id\":\"https:\/\/www.pressenza.com\/it\/#organization\",\"name\":\"Pressenza\",\"url\":\"https:\/\/www.pressenza.com\/it\/\",\"logo\":{\"@type\":\"ImageObject\",\"inLanguage\":\"it-IT\",\"@id\":\"https:\/\/www.pressenza.com\/it\/#\/schema\/logo\/image\/\",\"url\":\"https:\/\/www.pressenza.com\/wp-content\/uploads\/2022\/10\/pressenza_logo_200x200.jpg\",\"contentUrl\":\"https:\/\/www.pressenza.com\/wp-content\/uploads\/2022\/10\/pressenza_logo_200x200.jpg\",\"width\":200,\"height\":200,\"caption\":\"Pressenza\"},\"image\":{\"@id\":\"https:\/\/www.pressenza.com\/it\/#\/schema\/logo\/image\/\"},\"sameAs\":[\"https:\/\/www.facebook.com\/PressenzaItalia\",\"https:\/\/x.com\/PressenzaIPA\"]},{\"@type\":\"Person\",\"@id\":\"https:\/\/www.pressenza.com\/it\/#\/schema\/person\/d983e81827ae24f2c7b1a2123d197f8d\",\"name\":\"Redazione Italia\",\"description\":\"News from the Pressenza Bureau in Italy\",\"sameAs\":[\"https:\/\/www.pressenza.com\/it\/author\/redazione-italia\/\",\"https:\/\/www.facebook.com\/PressenzaItalia\",\"https:\/\/www.instagram.com\/pressenza_italia\/\",\"https:\/\/x.com\/pressenza_it\",\"https:\/\/www.youtube.com\/channel\/UCSalEIWjE1RSxkwjfftFuqg\"],\"url\":\"https:\/\/www.pressenza.com\/it\/author\/redazione-italia\/\"}]}<\/script>\n<!-- \/ Yoast SEO plugin. -->","yoast_head_json":{"title":"EJMDCS: la nuova rivista scientifica internazionale sulla comunicazione nell\u2019era digitale","description":"\u00c8 online da oggi European Journal of Media and Digital Communication Studies - Sociological Perspectives on Communication in the Digital Age, una \u00c8 online da oggi il periodico trimestrale 'European Journal of Media and Digital Communication Studies - Sociological Perspectives on Communication in the Digital Age', una rivista\u00a0peer-reviewed\u00a0a diffusione internazionale che analizza le dimensioni sociologiche, culturali e tecnologiche della comunicazione nell\u2019era digitale.","robots":{"index":"index","follow":"follow","max-snippet":"max-snippet:-1","max-image-preview":"max-image-preview:large","max-video-preview":"max-video-preview:-1"},"canonical":"https:\/\/www.pressenza.com\/it\/2025\/11\/ejmdcs\/","og_locale":"it_IT","og_type":"article","og_title":"EJMDCS: la nuova rivista scientifica internazionale sulla comunicazione nell\u2019era digitale","og_description":"\u00c8 online da oggi European Journal of Media and Digital Communication Studies - Sociological Perspectives on Communication in the Digital Age, una \u00c8 online da oggi il periodico trimestrale 'European Journal of Media and Digital Communication Studies - Sociological Perspectives on Communication in the Digital Age', una rivista\u00a0peer-reviewed\u00a0a diffusione internazionale che analizza le dimensioni sociologiche, culturali e tecnologiche della comunicazione nell\u2019era digitale.","og_url":"https:\/\/www.pressenza.com\/it\/2025\/11\/ejmdcs\/","og_site_name":"Pressenza","article_publisher":"https:\/\/www.facebook.com\/PressenzaItalia","article_author":"https:\/\/www.facebook.com\/PressenzaItalia","article_published_time":"2025-11-11T15:58:50+00:00","article_modified_time":"2025-11-11T20:26:38+00:00","og_image":[{"width":1920,"height":882,"url":"https:\/\/www.pressenza.com\/wp-content\/uploads\/2025\/11\/blog-Alejandro-Gaston-Jantus-Lordi-de-Sobremonte.jpg","type":"image\/jpeg"}],"author":"Redazione Italia","twitter_card":"summary_large_image","twitter_creator":"@pressenza_it","twitter_site":"@PressenzaIPA","twitter_misc":{"Scritto da":"Redazione Italia","Tempo di lettura stimato":"3 minuti"},"schema":{"@context":"https:\/\/schema.org","@graph":[{"@type":"Article","@id":"https:\/\/www.pressenza.com\/it\/2025\/11\/ejmdcs\/#article","isPartOf":{"@id":"https:\/\/www.pressenza.com\/it\/2025\/11\/ejmdcs\/"},"author":{"name":"Redazione Italia","@id":"https:\/\/www.pressenza.com\/it\/#\/schema\/person\/d983e81827ae24f2c7b1a2123d197f8d"},"headline":"EJMDCS: la nuova rivista scientifica internazionale sulla comunicazione nell\u2019era digitale","datePublished":"2025-11-11T15:58:50+00:00","dateModified":"2025-11-11T20:26:38+00:00","mainEntityOfPage":{"@id":"https:\/\/www.pressenza.com\/it\/2025\/11\/ejmdcs\/"},"wordCount":465,"publisher":{"@id":"https:\/\/www.pressenza.com\/it\/#organization"},"image":{"@id":"https:\/\/www.pressenza.com\/it\/2025\/11\/ejmdcs\/#primaryimage"},"thumbnailUrl":"https:\/\/www.pressenza.com\/wp-content\/uploads\/2025\/11\/blog-Alejandro-Gaston-Jantus-Lordi-de-Sobremonte.jpg","keywords":["comunicazione","giornalismo","mezzi di comunicazione"],"articleSection":["contenuti originali","Cultura e Media"],"inLanguage":"it-IT"},{"@type":"WebPage","@id":"https:\/\/www.pressenza.com\/it\/2025\/11\/ejmdcs\/","url":"https:\/\/www.pressenza.com\/it\/2025\/11\/ejmdcs\/","name":"EJMDCS: la nuova rivista scientifica internazionale sulla comunicazione nell\u2019era digitale","isPartOf":{"@id":"https:\/\/www.pressenza.com\/it\/#website"},"primaryImageOfPage":{"@id":"https:\/\/www.pressenza.com\/it\/2025\/11\/ejmdcs\/#primaryimage"},"image":{"@id":"https:\/\/www.pressenza.com\/it\/2025\/11\/ejmdcs\/#primaryimage"},"thumbnailUrl":"https:\/\/www.pressenza.com\/wp-content\/uploads\/2025\/11\/blog-Alejandro-Gaston-Jantus-Lordi-de-Sobremonte.jpg","datePublished":"2025-11-11T15:58:50+00:00","dateModified":"2025-11-11T20:26:38+00:00","description":"\u00c8 online da oggi European Journal of Media and Digital Communication Studies - Sociological Perspectives on Communication in the Digital Age, una \u00c8 online da oggi il periodico trimestrale 'European Journal of Media and Digital Communication Studies - Sociological Perspectives on Communication in the Digital Age', una rivista\u00a0peer-reviewed\u00a0a diffusione internazionale che analizza le dimensioni sociologiche, culturali e tecnologiche della comunicazione nell\u2019era digitale.","breadcrumb":{"@id":"https:\/\/www.pressenza.com\/it\/2025\/11\/ejmdcs\/#breadcrumb"},"inLanguage":"it-IT","potentialAction":[{"@type":"ReadAction","target":["https:\/\/www.pressenza.com\/it\/2025\/11\/ejmdcs\/"]}]},{"@type":"ImageObject","inLanguage":"it-IT","@id":"https:\/\/www.pressenza.com\/it\/2025\/11\/ejmdcs\/#primaryimage","url":"https:\/\/www.pressenza.com\/wp-content\/uploads\/2025\/11\/blog-Alejandro-Gaston-Jantus-Lordi-de-Sobremonte.jpg","contentUrl":"https:\/\/www.pressenza.com\/wp-content\/uploads\/2025\/11\/blog-Alejandro-Gaston-Jantus-Lordi-de-Sobremonte.jpg","width":1920,"height":882,"caption":"La 'copertina' del profilo Facebook di Alejandro Gast\u00f3n Jantus Lordi de Sobremonte, direttore responsabile dell'European Journal of Media and Digital Communication Studies \u2013 Sociological Perspectives on Communication in the Digital Age"},{"@type":"BreadcrumbList","@id":"https:\/\/www.pressenza.com\/it\/2025\/11\/ejmdcs\/#breadcrumb","itemListElement":[{"@type":"ListItem","position":1,"name":"Accueil","item":"https:\/\/www.pressenza.com\/it\/"},{"@type":"ListItem","position":2,"name":"EJMDCS: la nuova rivista scientifica internazionale sulla comunicazione nell\u2019era digitale"}]},{"@type":"WebSite","@id":"https:\/\/www.pressenza.com\/it\/#website","url":"https:\/\/www.pressenza.com\/it\/","name":"Pressenza","description":"Agenzia di Stampa Internazionale","publisher":{"@id":"https:\/\/www.pressenza.com\/it\/#organization"},"potentialAction":[{"@type":"SearchAction","target":{"@type":"EntryPoint","urlTemplate":"https:\/\/www.pressenza.com\/it\/?s={search_term_string}"},"query-input":{"@type":"PropertyValueSpecification","valueRequired":true,"valueName":"search_term_string"}}],"inLanguage":"it-IT"},{"@type":"Organization","@id":"https:\/\/www.pressenza.com\/it\/#organization","name":"Pressenza","url":"https:\/\/www.pressenza.com\/it\/","logo":{"@type":"ImageObject","inLanguage":"it-IT","@id":"https:\/\/www.pressenza.com\/it\/#\/schema\/logo\/image\/","url":"https:\/\/www.pressenza.com\/wp-content\/uploads\/2022\/10\/pressenza_logo_200x200.jpg","contentUrl":"https:\/\/www.pressenza.com\/wp-content\/uploads\/2022\/10\/pressenza_logo_200x200.jpg","width":200,"height":200,"caption":"Pressenza"},"image":{"@id":"https:\/\/www.pressenza.com\/it\/#\/schema\/logo\/image\/"},"sameAs":["https:\/\/www.facebook.com\/PressenzaItalia","https:\/\/x.com\/PressenzaIPA"]},{"@type":"Person","@id":"https:\/\/www.pressenza.com\/it\/#\/schema\/person\/d983e81827ae24f2c7b1a2123d197f8d","name":"Redazione Italia","description":"News from the Pressenza Bureau in Italy","sameAs":["https:\/\/www.pressenza.com\/it\/author\/redazione-italia\/","https:\/\/www.facebook.com\/PressenzaItalia","https:\/\/www.instagram.com\/pressenza_italia\/","https:\/\/x.com\/pressenza_it","https:\/\/www.youtube.com\/channel\/UCSalEIWjE1RSxkwjfftFuqg"],"url":"https:\/\/www.pressenza.com\/it\/author\/redazione-italia\/"}]}},"place":"Maddalena Brunasti","original_article_url":"","_links":{"self":[{"href":"https:\/\/www.pressenza.com\/it\/wp-json\/wp\/v2\/posts\/2651693","targetHints":{"allow":["GET"]}}],"collection":[{"href":"https:\/\/www.pressenza.com\/it\/wp-json\/wp\/v2\/posts"}],"about":[{"href":"https:\/\/www.pressenza.com\/it\/wp-json\/wp\/v2\/types\/post"}],"author":[{"embeddable":true,"href":"https:\/\/www.pressenza.com\/it\/wp-json\/wp\/v2\/users\/594"}],"replies":[{"embeddable":true,"href":"https:\/\/www.pressenza.com\/it\/wp-json\/wp\/v2\/comments?post=2651693"}],"version-history":[{"count":8,"href":"https:\/\/www.pressenza.com\/it\/wp-json\/wp\/v2\/posts\/2651693\/revisions"}],"predecessor-version":[{"id":2651751,"href":"https:\/\/www.pressenza.com\/it\/wp-json\/wp\/v2\/posts\/2651693\/revisions\/2651751"}],"wp:featuredmedia":[{"embeddable":true,"href":"https:\/\/www.pressenza.com\/it\/wp-json\/wp\/v2\/media\/2651698"}],"wp:attachment":[{"href":"https:\/\/www.pressenza.com\/it\/wp-json\/wp\/v2\/media?parent=2651693"}],"wp:term":[{"taxonomy":"category","embeddable":true,"href":"https:\/\/www.pressenza.com\/it\/wp-json\/wp\/v2\/categories?post=2651693"},{"taxonomy":"post_tag","embeddable":true,"href":"https:\/\/www.pressenza.com\/it\/wp-json\/wp\/v2\/tags?post=2651693"}],"curies":[{"name":"wp","href":"https:\/\/api.w.org\/{rel}","templated":true}]}}