{"id":2650445,"date":"2025-11-06T11:04:32","date_gmt":"2025-11-06T11:04:32","guid":{"rendered":"https:\/\/www.pressenza.com\/?p=2650445"},"modified":"2026-01-05T14:55:02","modified_gmt":"2026-01-05T14:55:02","slug":"appello-in-difesa-del-venezuela-bolivariano-e-dei-popoli-del-mondo-per-la-pace-e-la-giustizia-sociale","status":"publish","type":"post","link":"https:\/\/www.pressenza.com\/it\/2025\/11\/appello-in-difesa-del-venezuela-bolivariano-e-dei-popoli-del-mondo-per-la-pace-e-la-giustizia-sociale\/","title":{"rendered":"Appello in difesa del Venezuela Bolivariano e dei popoli del mondo, per la pace e la giustizia sociale"},"content":{"rendered":"<p>Contro la Repubblica Bolivariana del Venezuela e il suo popolo si fa sempre pi\u00f9 grave e concreta la minaccia di un intervento militare, una vera e propria aggressione armata, da parte degli Stati Uniti. Prima le minacce, sempre meno velate, di \u201csistemare\u201d ora il Venezuela per poi \u201cfare i conti\u201d con Cuba e il Nicaragua. Poi, il dispiegamento di quattro navi da guerra e ora perfino delle portaerei in assetto di guerra davanti alle coste venezuelane.<\/p>\n<p>Poi ancora, i ripetuti attacchi armati contro le piccole imbarcazioni da pesca, attacchi che hanno gi\u00e0 portato ai primi morti e feriti tra i pescatori venezuelani. Addirittura, l\u2019incredibile \u201ctaglia\u201d arbitrariamente messa sul capo del Presidente legittimo, da poco rieletto a larghissima maggioranza, della Repubblica Bolivariana del Venezuela, Nicolas Maduro.<\/p>\n<p>E, ultime solo in ordine di tempo, le notizie di un nuovo mandato alla Cia per sviluppare azioni sotto copertura e piani di guerra per rovesciare le autorit\u00e0 liberamente elette dal popolo venezuelano. La \u201cmenzogna di guerra\u201d, questa volta, non \u00e8 una provetta di presunte armi di distruzione di massa da agitare alle Nazioni Unite, come contro l\u2019Iraq, n\u00e9 la presunta difesa dei diritti umani violati dal nemico di turno, come tante volte \u00e8 successo alla vigilia di \u201crivoluzioni colorate\u201d in giro per il mondo. La \u201cmenzogna di guerra\u201d, il pretesto per l\u2019aggressione, in questo caso \u00e8 il presunto narcotraffico attraverso il Venezuela.<\/p>\n<p>Una menzogna falsa quanto tutte le altre, se \u00e8 vero che le Nazioni Unite in prima persona hanno confermato che il Venezuela non ha nulla a che fare con il narcotraffico, che questo non avviene lungo le coste del Venezuela, e che anzi le autorit\u00e0 venezuelane sono attivamente impegnate per contrastarlo.<\/p>\n<p>Ci\u00f2 che gli Stati Uniti vogliono \u00e8 infatti ben altro. Intanto, mettere le mani sul petrolio, che \u00e8 sempre pi\u00f9 una risorsa fondamentale nella crisi energetica internazionale, e del quale il Venezuela dispone in quantit\u00e0 copiose, tanto \u00e8 vero che detiene le riserve accertate di petrolio pi\u00f9 vaste del mondo, oltre 300 miliardi di barili.<\/p>\n<p>E poi, porre fine alla rivoluzione bolivariana, un vasto processo di trasformazione politica e sociale a ispirazione bolivariana, socialista e umanista, che, inaugurato da Hugo Chavez nel 1999, prosegue oggi con Nicolas Maduro, e che ha portato alla nazionalizzazione delle risorse di petrolio e di energia, reinvestito gli introiti in politiche sociali, migliorato la condizione sociale (istruzione, salute, welfare) della popolazione e mantenuto una politica estera indipendente, sovrana e antimperialista.<\/p>\n<p>Per gli Stati Uniti, il fumo negli occhi. E oggi, il tentativo di aggressione armata contro il Venezuela non \u00e8 solo una minaccia gravissima alla libert\u00e0 e alla autodeterminazione del popolo venezuelano, e quindi alla libert\u00e0 e alla indipendenza di tutti i popoli del mondo, ma \u00e8 anche una minaccia diretta alla pace e alla sicurezza dell\u2019intera regione, che pu\u00f2 portare a una escalation di vasta portata e al rischio di un\u2019ulteriore accelerazione della guerra su scala planetaria.<\/p>\n<p>Una minaccia alla pace e all\u2019autodeterminazione, una minaccia alla giustizia e al diritto internazionale. Non possiamo restare a guardare. Tutti e tutte, cittadini, intellettuali, attivisti democratici, antimperialisti, pacifisti, avvertiamo l\u2019esigenza di attivarci e di mobilitarci. Portiamo la nostra solidariet\u00e0 presso le sedi diplomatiche della Repubblica Bolivariana del Venezuela in Italia e, con le organizzazioni impegnate nella solidariet\u00e0 internazionalista, moltiplichiamo le iniziative per fare conoscere la verit\u00e0 del Venezuela e per difendere le indiscutibili conquiste politiche e sociali della Rivoluzione bolivariana.<\/p>\n<p>Attiviamo la nostra solidariet\u00e0 concreta, a difesa della pace e della libert\u00e0 dei popoli, con immagini, post, contenuti, su tutti i canali online e i media sociali, per la pace e i diritti, contro l\u2019imperialismo e le sue guerre. Definiamo insieme le modalit\u00e0 di una mobilitazione unitaria, di massa, a Roma e in tutte le citt\u00e0, a difesa del Venezuela bolivariano e di tutti i popoli in lotta, che resistono, a difesa della propria libert\u00e0 e della propria autodeterminazione, per la pace e la giustizia sociale.<\/p>\n<p>PROMOTORI<\/p>\n<div dir=\"auto\">Raniero La Valle<\/div>\n<div dir=\"auto\">Giornalista, intellettuale e politico, gi\u00e0 Deputato della Repubblica;<\/div>\n<div dir=\"auto\">Fosco Giannini<\/div>\n<div dir=\"auto\">Gi\u00e0 Senatore della Repubblica; Coordinatore Nazionale del Movimento per la Rinascita Comunista;<\/div>\n<div dir=\"auto\">Salvatore Catello<\/div>\n<div dir=\"auto\">Responsabile Nazionale Resistenza Popolare;<\/div>\n<div dir=\"auto\">Paolo Ferrero<\/div>\n<div dir=\"auto\">Gi\u00e0 Ministro della Solidariet\u00e0 Sociale;<\/div>\n<div dir=\"auto\">Angelo D\u2019Orsi<\/div>\n<div dir=\"auto\">Docente e storico del pensiero politico e filosofico, Universit\u00e0 di Torino;<\/div>\n<div dir=\"auto\">Elena Basile<\/div>\n<div dir=\"auto\">Ambasciatrice, scrittrice ed editorialista;<\/div>\n<div dir=\"auto\">Moni Ovadia<\/div>\n<div dir=\"auto\">Attore, artista;<\/div>\n<div dir=\"auto\">Geraldina Colotti<\/div>\n<div dir=\"auto\">Corrispondente in Europa per il \u201cCuatroF\u201d, giornale del Partito Socialista Unito del Venezuela (PSUV);<\/div>\n<div dir=\"auto\">Augustin Breda<\/div>\n<div dir=\"auto\">Operaio, delegato FIOM-CGIL Electrolux, Comitato Centrale FIOM;<\/div>\n<div dir=\"auto\">Wasim Dahmash<\/div>\n<div dir=\"auto\">Docente di Letteratura e Lingua araba, del Movimento Palestinese in Italia;<\/div>\n<div dir=\"auto\">Federico Losurdo<\/div>\n<div dir=\"auto\">Docente di Diritto Costituzionale, Universit\u00e0 di Urbino;<\/div>\n<div dir=\"auto\">Domenico Gallo<\/div>\n<div dir=\"auto\">Presidente di Sezione onorario Corte di Cassazione;<\/div>\n<div dir=\"auto\">Francesco Schettino<\/div>\n<div dir=\"auto\">Professore Ordinario di Economia Politica Universit\u00e0 della Campania \u201cL. Vanvitelli\u201d;<\/div>\n<div dir=\"auto\">Marco Papacci<\/div>\n<div dir=\"auto\">Presidente Associazione Nazionale di Amicizia Italia-Cuba;<\/div>\n<div dir=\"auto\">Mauro Casadio<\/div>\n<div dir=\"auto\">Rete dei Comunisti;<\/div>\n<div dir=\"auto\">Carlo Formenti<\/div>\n<div dir=\"auto\">Gi\u00e0 docente di Sociologia, saggista;<\/div>\n<div dir=\"auto\">Maria Morigi<\/div>\n<div dir=\"auto\">Archeologa, saggista, studiosa di religioni orientali;<\/div>\n<div dir=\"auto\">Enrico Calamai<\/div>\n<div dir=\"auto\">Diplomatico;<\/div>\n<div dir=\"auto\">Manlio Dinucci<\/div>\n<div dir=\"auto\">Giornalista;<\/div>\n<div dir=\"auto\">Giusy Montanini<\/div>\n<div dir=\"auto\">Sindacalista;<\/div>\n<div dir=\"auto\">Andrea Catone<\/div>\n<div dir=\"auto\">MarxVentuno edizioni;<\/div>\n<div dir=\"auto\">Andrea Zhok<\/div>\n<div dir=\"auto\">Professore universitario;<\/div>\n<div dir=\"auto\">Alessandro Belardinelli<\/div>\n<div dir=\"auto\">Operaio, delegato FIOM-CGIL Beko (gi\u00e0 Whirlpool) di Fabriano, Ancona;<\/div>\n<div dir=\"auto\">Piero Bevilacqua<\/div>\n<div dir=\"auto\">Storico, saggista, scrittore;<\/div>\n<div dir=\"auto\">Giorgio Cremaschi<\/div>\n<div dir=\"auto\">Potere al Popolo;<\/div>\n<div dir=\"auto\">Alberto Fazolo<\/div>\n<div dir=\"auto\">Giornalista, militante internazionalista;<\/div>\n<div dir=\"auto\">Giustino Scotto d\u2019Aniello<\/div>\n<div dir=\"auto\">Sociologo;<\/div>\n<div dir=\"auto\">Sara Reginella<\/div>\n<div dir=\"auto\">Psicoterapeuta, autrice, documentarista;<\/div>\n<div dir=\"auto\">Bruno Steri<\/div>\n<div dir=\"auto\">Direttore del periodico \u201cRagioni &amp; Conflitti\u201d;<\/div>\n<div dir=\"auto\">Marco Pondrelli<\/div>\n<div dir=\"auto\">Saggista, direttore di \u201cMarx21\u201d;<\/div>\n<div dir=\"auto\">Alberto Bradanini<\/div>\n<div dir=\"auto\">Gi\u00e0 Ambasciatore in Cina e in Venezuela, saggista;<\/div>\n<div dir=\"auto\">Clara Statello<\/div>\n<div dir=\"auto\">Mediattivista, curatrice del canale Polivox;<\/div>\n<div dir=\"auto\">Alexander H\u00f6bel<\/div>\n<div dir=\"auto\">Professore di Storia contemporanea Universit\u00e0 di Sassari, storico del Movimento operaio;<\/div>\n<div dir=\"auto\">Gianmarco Pisa<\/div>\n<div dir=\"auto\">Operatore di pace, IPRI \u2013 CCP;<\/div>\n<div dir=\"auto\">Luca Cangemi<\/div>\n<div dir=\"auto\">Docente di Filosofia, saggista, gi\u00e0 deputato della Repubblica;<\/div>\n<div dir=\"auto\">Francesco Galofaro<\/div>\n<div dir=\"auto\">Docente di Semiotica Universit\u00e0 IULM di Milano;<\/div>\n<div dir=\"auto\">Don Vitaliano Della Sala<\/div>\n<div dir=\"auto\">Parroco;<\/div>\n<div dir=\"auto\">Adriana Bernardeschi<\/div>\n<div dir=\"auto\">Giornalista;<\/div>\n<div dir=\"auto\">Alessandro Pascale<\/div>\n<div dir=\"auto\">Docente, storico del Movimento operaio;<\/div>\n<div dir=\"auto\">Vincenzo Lorusso<\/div>\n<div dir=\"auto\">Giornalista International Reporters e collaboratore RT-Russia Today;<\/div>\n<div dir=\"auto\">Gabriele Germani<\/div>\n<div dir=\"auto\">Divulgatore e saggista;<\/div>\n<div dir=\"auto\">Giacomo Marchetti<\/div>\n<div dir=\"auto\">Rete dei Comunisti;<\/div>\n<div dir=\"auto\">Alessandra Ciattini<\/div>\n<div dir=\"auto\">Saggista; gi\u00e0 docente di Antropologia all\u2019Universit\u00e0 \u201cLa Sapienza\u201d di Roma;<\/div>\n<div dir=\"auto\">Giacomo Sferlazzo<\/div>\n<div dir=\"auto\">Militante politico, musicista, artista e ricostruttore del Teatro dei Pupi a Lampedusa;<\/div>\n<div dir=\"auto\">Tomaso Aramini<\/div>\n<div dir=\"auto\">Regista, produttore;<\/div>\n<div dir=\"auto\">Michelangelo Tripodi<\/div>\n<div dir=\"auto\">Presidente Fondazione \u201cGirolamo Tripodi\u201d; gi\u00e0 Assessore Regionale Calabria;<\/div>\n<div dir=\"auto\">Fabio Marcelli<\/div>\n<div dir=\"auto\">Copresidente del Centro di ricerca ed elaborazione per la democrazia (CRED);<\/div>\n<div dir=\"auto\">Alessandro Volponi<\/div>\n<div dir=\"auto\">Docente di filosofia; Presidente Centro Studi Nazionale \u201cDomenico Losurdo\u201d;<\/div>\n<div dir=\"auto\">Luciano Vasapollo<\/div>\n<div dir=\"auto\">Docente Universit\u00e0 La Sapienza;<\/div>\n<div dir=\"auto\">Rita Martufi<\/div>\n<div dir=\"auto\">Direttrice Centro Studi Cestes Proteo;<\/div>\n<div dir=\"auto\">Gianfranco Cord\u00ec<\/div>\n<div dir=\"auto\">Docente di filosofia e storia;<\/div>\n<div dir=\"auto\">Liliana Calabrese<\/div>\n<div dir=\"auto\">Editor;<\/div>\n<div dir=\"auto\">Rolando Giai \u2013 Levra<\/div>\n<div dir=\"auto\">Direttore di \u201cGramsci Oggi\u201d;<\/div>\n<div dir=\"auto\">Marco Amagliani<\/div>\n<div dir=\"auto\">Comitato Centrale del PCI; gi\u00e0 Assessore Regionale Marche;<\/div>\n<div dir=\"auto\">Gianni Favaro<\/div>\n<div dir=\"auto\">Presidente Associazione Culturale \u201cInterstampa\u201d;<\/div>\n<div dir=\"auto\">Dario Marini<\/div>\n<div dir=\"auto\">Segretario regionale PCI Veneto;<\/div>\n<div dir=\"auto\">Luigi Cavalli<\/div>\n<div dir=\"auto\">Regista cinematografico;<\/div>\n<div dir=\"auto\">Marino Severini<\/div>\n<div dir=\"auto\">\u201cVoce\u201d e chitarra de \u201cLa Gang\u201d;<\/div>\n<div dir=\"auto\">Elisabetta Nardini<\/div>\n<div dir=\"auto\">Docente, paleoantropologa, attivista Associazione \u201cEnrico Berlinguer\u201d, Roma;<\/div>\n<div dir=\"auto\">Mara Toffolo Rossit<\/div>\n<div dir=\"auto\">Presidente Comitato Regionale PCI Veneto;<\/div>\n<div dir=\"auto\">Maurizio Belligoni<\/div>\n<div dir=\"auto\">Psichiatra;<\/div>\n<div dir=\"auto\">Giambattista Cadoppi<\/div>\n<div dir=\"auto\">Saggista, storico della Repubblica Popolare Cinese e dei Paesi Socialisti;<\/div>\n<div dir=\"auto\">Alessandro Belfiore<\/div>\n<div dir=\"auto\">No Guerra No Nato;<\/div>\n<div dir=\"auto\">Luigi Basile<\/div>\n<div dir=\"auto\">Giornalista; direttore di \u201cFutura Societ\u00e0\u201d;<\/div>\n<div dir=\"auto\">Alberto Sgalla<\/div>\n<div dir=\"auto\">Docente di Diritto e scrittore;<\/div>\n<div dir=\"auto\">Ascanio Bernardeschi<\/div>\n<div dir=\"auto\">Studioso di questioni economiche, ANPI Volterra (Pisa);<\/div>\n<div dir=\"auto\">Roberto Sidoli<\/div>\n<div dir=\"auto\">Saggista;<\/div>\n<div dir=\"auto\">Sergio Ruggieri<\/div>\n<div dir=\"auto\">Associazione Punto Rosso \u201cUmberto Terracini\u201d Jesi (Ancona);<\/div>\n<div dir=\"auto\">Nunzia Augeri<\/div>\n<div dir=\"auto\">Saggista, storica della Resistenza italiana ed europea;<\/div>\n<div dir=\"auto\">Fabrizio Fasulo<\/div>\n<div dir=\"auto\">Militante Movimento contro la militarizzazione della Sicilia;<\/div>\n<div dir=\"auto\">Renato Darsi\u00e8<\/div>\n<div dir=\"auto\">Presidente Comitato Regionale Veneto Italia-Vietnam;<\/div>\n<div dir=\"auto\">Margherita Furlan<\/div>\n<div dir=\"auto\">Direttrice \u201cCasa del Sole Tv\u201d;<\/div>\n<div dir=\"auto\">Roberto Vallepiano<\/div>\n<div dir=\"auto\">Scrittore, saggista e divulgatore;<\/div>\n<div dir=\"auto\">Lenny Bottai<\/div>\n<div dir=\"auto\">Presidente Associazione Ilio Barontini \u2013 Livorno;<\/div>\n<div dir=\"auto\">Maurizio Aversa<\/div>\n<div dir=\"auto\">Pci Marino;<\/div>\n<div dir=\"auto\">Paolo Caputo<\/div>\n<div dir=\"auto\">Ricercatore Universit\u00e0 della Calabria;<\/div>\n<div dir=\"auto\">Costabile Giancarlo<\/div>\n<div dir=\"auto\">Docente Pedagogia dell\u2019Antimafia Universit\u00e0 della Calabria;<\/div>\n<div dir=\"auto\">Davide Pinardi<\/div>\n<div dir=\"auto\">Regista;<\/div>\n<div dir=\"auto\"><\/div>\n<div dir=\"auto\">[ Per aderire inviare una mail a:<\/div>\n<div dir=\"auto\"><a href=\"mailto:appellovenezuela@gmail.com\" target=\"_blank\" rel=\"noopener\">appellovenezuela@gmail.com<\/a>\u00a0]<\/div>\n","protected":false},"excerpt":{"rendered":"<p>Contro la Repubblica Bolivariana del Venezuela e il suo popolo si fa sempre pi\u00f9 grave e concreta la minaccia di un intervento militare, una vera e propria aggressione armata, da parte degli Stati Uniti. Prima le minacce, sempre meno velate,&hellip;<\/p>\n","protected":false},"author":2094,"featured_media":2650446,"comment_status":"closed","ping_status":"closed","sticky":false,"template":"","format":"standard","meta":{"footnotes":""},"categories":[47,55,48],"tags":[145807,16693,145806],"class_list":["post-2650445","post","type-post","status-publish","format-standard","has-post-thumbnail","hentry","category-europa","category-politica","category-sud-america","tag-diritto-allautodeterminazione-dei-popoli","tag-giustizia-sociale","tag-venezuela-bolivariano"],"yoast_head":"<!-- This site is optimized with the Yoast SEO plugin v27.1.1 - https:\/\/yoast.com\/product\/yoast-seo-wordpress\/ -->\n<title>Appello in difesa del Venezuela Bolivariano e dei popoli del mondo, per la pace e la giustizia sociale<\/title>\n<meta name=\"description\" content=\"Contro la Repubblica Bolivariana del Venezuela e il suo popolo si fa sempre pi\u00f9 grave e concreta la minaccia di un intervento militare, una vera e propria\" \/>\n<meta name=\"robots\" content=\"index, follow, max-snippet:-1, max-image-preview:large, max-video-preview:-1\" \/>\n<link rel=\"canonical\" href=\"https:\/\/www.pressenza.com\/it\/2025\/11\/appello-in-difesa-del-venezuela-bolivariano-e-dei-popoli-del-mondo-per-la-pace-e-la-giustizia-sociale\/\" \/>\n<meta property=\"og:locale\" content=\"it_IT\" \/>\n<meta property=\"og:type\" content=\"article\" \/>\n<meta property=\"og:title\" content=\"Appello in difesa del Venezuela Bolivariano e dei popoli del mondo, per la pace e la giustizia sociale\" \/>\n<meta property=\"og:description\" content=\"Contro la Repubblica Bolivariana del Venezuela e il suo popolo si fa sempre pi\u00f9 grave e concreta la minaccia di un intervento militare, una vera e propria\" \/>\n<meta property=\"og:url\" content=\"https:\/\/www.pressenza.com\/it\/2025\/11\/appello-in-difesa-del-venezuela-bolivariano-e-dei-popoli-del-mondo-per-la-pace-e-la-giustizia-sociale\/\" \/>\n<meta property=\"og:site_name\" content=\"Pressenza\" \/>\n<meta property=\"article:publisher\" content=\"https:\/\/www.facebook.com\/PressenzaItalia\" \/>\n<meta property=\"article:published_time\" content=\"2025-11-06T11:04:32+00:00\" \/>\n<meta property=\"article:modified_time\" content=\"2026-01-05T14:55:02+00:00\" \/>\n<meta property=\"og:image\" content=\"https:\/\/www.pressenza.com\/wp-content\/uploads\/2025\/11\/Estamos-contigo-Venezuela.jpg\" \/>\n\t<meta property=\"og:image:width\" content=\"945\" \/>\n\t<meta property=\"og:image:height\" content=\"943\" \/>\n\t<meta property=\"og:image:type\" content=\"image\/jpeg\" \/>\n<meta name=\"author\" content=\"Associazione Nazionale di Amicizia Italia-Cuba\" \/>\n<meta name=\"twitter:card\" content=\"summary_large_image\" \/>\n<meta name=\"twitter:creator\" content=\"@PressenzaIPA\" \/>\n<meta name=\"twitter:site\" content=\"@PressenzaIPA\" \/>\n<meta name=\"twitter:label1\" content=\"Scritto da\" \/>\n\t<meta name=\"twitter:data1\" content=\"Associazione Nazionale di Amicizia Italia-Cuba\" \/>\n\t<meta name=\"twitter:label2\" content=\"Tempo di lettura stimato\" \/>\n\t<meta name=\"twitter:data2\" content=\"6 minuti\" \/>\n<script type=\"application\/ld+json\" class=\"yoast-schema-graph\">{\"@context\":\"https:\/\/schema.org\",\"@graph\":[{\"@type\":\"Article\",\"@id\":\"https:\/\/www.pressenza.com\/it\/2025\/11\/appello-in-difesa-del-venezuela-bolivariano-e-dei-popoli-del-mondo-per-la-pace-e-la-giustizia-sociale\/#article\",\"isPartOf\":{\"@id\":\"https:\/\/www.pressenza.com\/it\/2025\/11\/appello-in-difesa-del-venezuela-bolivariano-e-dei-popoli-del-mondo-per-la-pace-e-la-giustizia-sociale\/\"},\"author\":{\"name\":\"Associazione Nazionale di Amicizia Italia-Cuba\",\"@id\":\"https:\/\/www.pressenza.com\/it\/#\/schema\/person\/69353edb44b177a5665f40ea7f8ee3fe\"},\"headline\":\"Appello in difesa del Venezuela Bolivariano e dei popoli del mondo, per la pace e la giustizia sociale\",\"datePublished\":\"2025-11-06T11:04:32+00:00\",\"dateModified\":\"2026-01-05T14:55:02+00:00\",\"mainEntityOfPage\":{\"@id\":\"https:\/\/www.pressenza.com\/it\/2025\/11\/appello-in-difesa-del-venezuela-bolivariano-e-dei-popoli-del-mondo-per-la-pace-e-la-giustizia-sociale\/\"},\"wordCount\":1258,\"publisher\":{\"@id\":\"https:\/\/www.pressenza.com\/it\/#organization\"},\"image\":{\"@id\":\"https:\/\/www.pressenza.com\/it\/2025\/11\/appello-in-difesa-del-venezuela-bolivariano-e-dei-popoli-del-mondo-per-la-pace-e-la-giustizia-sociale\/#primaryimage\"},\"thumbnailUrl\":\"https:\/\/www.pressenza.com\/wp-content\/uploads\/2025\/11\/Estamos-contigo-Venezuela-e1768040216240.jpg\",\"keywords\":[\"diritto all'autodeterminazione dei popoli\",\"giustizia sociale\",\"Venezuela Bolivariano\"],\"articleSection\":[\"Europa\",\"Politica\",\"Sud America\"],\"inLanguage\":\"it-IT\"},{\"@type\":\"WebPage\",\"@id\":\"https:\/\/www.pressenza.com\/it\/2025\/11\/appello-in-difesa-del-venezuela-bolivariano-e-dei-popoli-del-mondo-per-la-pace-e-la-giustizia-sociale\/\",\"url\":\"https:\/\/www.pressenza.com\/it\/2025\/11\/appello-in-difesa-del-venezuela-bolivariano-e-dei-popoli-del-mondo-per-la-pace-e-la-giustizia-sociale\/\",\"name\":\"Appello in difesa del Venezuela Bolivariano e dei popoli del mondo, per la pace e la giustizia sociale\",\"isPartOf\":{\"@id\":\"https:\/\/www.pressenza.com\/it\/#website\"},\"primaryImageOfPage\":{\"@id\":\"https:\/\/www.pressenza.com\/it\/2025\/11\/appello-in-difesa-del-venezuela-bolivariano-e-dei-popoli-del-mondo-per-la-pace-e-la-giustizia-sociale\/#primaryimage\"},\"image\":{\"@id\":\"https:\/\/www.pressenza.com\/it\/2025\/11\/appello-in-difesa-del-venezuela-bolivariano-e-dei-popoli-del-mondo-per-la-pace-e-la-giustizia-sociale\/#primaryimage\"},\"thumbnailUrl\":\"https:\/\/www.pressenza.com\/wp-content\/uploads\/2025\/11\/Estamos-contigo-Venezuela-e1768040216240.jpg\",\"datePublished\":\"2025-11-06T11:04:32+00:00\",\"dateModified\":\"2026-01-05T14:55:02+00:00\",\"description\":\"Contro la Repubblica Bolivariana del Venezuela e il suo popolo si fa sempre pi\u00f9 grave e concreta la minaccia di un intervento militare, una vera e propria\",\"breadcrumb\":{\"@id\":\"https:\/\/www.pressenza.com\/it\/2025\/11\/appello-in-difesa-del-venezuela-bolivariano-e-dei-popoli-del-mondo-per-la-pace-e-la-giustizia-sociale\/#breadcrumb\"},\"inLanguage\":\"it-IT\",\"potentialAction\":[{\"@type\":\"ReadAction\",\"target\":[\"https:\/\/www.pressenza.com\/it\/2025\/11\/appello-in-difesa-del-venezuela-bolivariano-e-dei-popoli-del-mondo-per-la-pace-e-la-giustizia-sociale\/\"]}]},{\"@type\":\"ImageObject\",\"inLanguage\":\"it-IT\",\"@id\":\"https:\/\/www.pressenza.com\/it\/2025\/11\/appello-in-difesa-del-venezuela-bolivariano-e-dei-popoli-del-mondo-per-la-pace-e-la-giustizia-sociale\/#primaryimage\",\"url\":\"https:\/\/www.pressenza.com\/wp-content\/uploads\/2025\/11\/Estamos-contigo-Venezuela-e1768040216240.jpg\",\"contentUrl\":\"https:\/\/www.pressenza.com\/wp-content\/uploads\/2025\/11\/Estamos-contigo-Venezuela-e1768040216240.jpg\",\"width\":800,\"height\":798},{\"@type\":\"BreadcrumbList\",\"@id\":\"https:\/\/www.pressenza.com\/it\/2025\/11\/appello-in-difesa-del-venezuela-bolivariano-e-dei-popoli-del-mondo-per-la-pace-e-la-giustizia-sociale\/#breadcrumb\",\"itemListElement\":[{\"@type\":\"ListItem\",\"position\":1,\"name\":\"Accueil\",\"item\":\"https:\/\/www.pressenza.com\/it\/\"},{\"@type\":\"ListItem\",\"position\":2,\"name\":\"Appello in difesa del Venezuela Bolivariano e dei popoli del mondo, per la pace e la giustizia sociale\"}]},{\"@type\":\"WebSite\",\"@id\":\"https:\/\/www.pressenza.com\/it\/#website\",\"url\":\"https:\/\/www.pressenza.com\/it\/\",\"name\":\"Pressenza\",\"description\":\"Agenzia di Stampa Internazionale\",\"publisher\":{\"@id\":\"https:\/\/www.pressenza.com\/it\/#organization\"},\"potentialAction\":[{\"@type\":\"SearchAction\",\"target\":{\"@type\":\"EntryPoint\",\"urlTemplate\":\"https:\/\/www.pressenza.com\/it\/?s={search_term_string}\"},\"query-input\":{\"@type\":\"PropertyValueSpecification\",\"valueRequired\":true,\"valueName\":\"search_term_string\"}}],\"inLanguage\":\"it-IT\"},{\"@type\":\"Organization\",\"@id\":\"https:\/\/www.pressenza.com\/it\/#organization\",\"name\":\"Pressenza\",\"url\":\"https:\/\/www.pressenza.com\/it\/\",\"logo\":{\"@type\":\"ImageObject\",\"inLanguage\":\"it-IT\",\"@id\":\"https:\/\/www.pressenza.com\/it\/#\/schema\/logo\/image\/\",\"url\":\"https:\/\/www.pressenza.com\/wp-content\/uploads\/2022\/10\/pressenza_logo_200x200.jpg\",\"contentUrl\":\"https:\/\/www.pressenza.com\/wp-content\/uploads\/2022\/10\/pressenza_logo_200x200.jpg\",\"width\":200,\"height\":200,\"caption\":\"Pressenza\"},\"image\":{\"@id\":\"https:\/\/www.pressenza.com\/it\/#\/schema\/logo\/image\/\"},\"sameAs\":[\"https:\/\/www.facebook.com\/PressenzaItalia\",\"https:\/\/x.com\/PressenzaIPA\"]},{\"@type\":\"Person\",\"@id\":\"https:\/\/www.pressenza.com\/it\/#\/schema\/person\/69353edb44b177a5665f40ea7f8ee3fe\",\"name\":\"Associazione Nazionale di Amicizia Italia-Cuba\",\"description\":\"L\u2019Associazione Nazionale di Amicizia Italia-Cuba \u00e8 l\u2019organizzazione democratica delle persone che vogliono operare, nel rispetto della Costituzione italiana, per lo sviluppo dei rapporti internazionali di amicizia, di solidariet\u00e0 e di cooperazione con il popolo cubano e i suoi legittimi rappresentanti, nel rispetto della Costituzione della Repubblica di Cuba. Si ispira agli ideali della Resistenza italiana e della Rivoluzione cubana, ai principi della solidariet\u00e0, dell\u2019uguaglianza e della fraterna collaborazione tra i popoli, contro ogni forma di razzismo e di oppressione, per la salvaguardia dei diritti umani collettivi e individuali, per il consolidamento della pace nel mondo. \u00c8 un'Associazione di Promozione Sociale senza fini di lucro, autonoma, pluralista e si colloca nel vasto movimento progressista e antifascista del nostro Paese. Promuove e favorisce la collaborazione con associazioni nazionali e internazionali che si ispirino agli ideali e ai principi di solidariet\u00e0 e di fratellanza tra i popoli e di lotta alla disuguaglianza e all\u2019oppressione. https:\/\/italiacuba.it\",\"sameAs\":[\"https:\/\/italiacuba.it\"],\"url\":\"https:\/\/www.pressenza.com\/it\/author\/associazione-nazionale-di-amicizia-italia-cuba\/\"}]}<\/script>\n<!-- \/ Yoast SEO plugin. -->","yoast_head_json":{"title":"Appello in difesa del Venezuela Bolivariano e dei popoli del mondo, per la pace e la giustizia sociale","description":"Contro la Repubblica Bolivariana del Venezuela e il suo popolo si fa sempre pi\u00f9 grave e concreta la minaccia di un intervento militare, una vera e propria","robots":{"index":"index","follow":"follow","max-snippet":"max-snippet:-1","max-image-preview":"max-image-preview:large","max-video-preview":"max-video-preview:-1"},"canonical":"https:\/\/www.pressenza.com\/it\/2025\/11\/appello-in-difesa-del-venezuela-bolivariano-e-dei-popoli-del-mondo-per-la-pace-e-la-giustizia-sociale\/","og_locale":"it_IT","og_type":"article","og_title":"Appello in difesa del Venezuela Bolivariano e dei popoli del mondo, per la pace e la giustizia sociale","og_description":"Contro la Repubblica Bolivariana del Venezuela e il suo popolo si fa sempre pi\u00f9 grave e concreta la minaccia di un intervento militare, una vera e propria","og_url":"https:\/\/www.pressenza.com\/it\/2025\/11\/appello-in-difesa-del-venezuela-bolivariano-e-dei-popoli-del-mondo-per-la-pace-e-la-giustizia-sociale\/","og_site_name":"Pressenza","article_publisher":"https:\/\/www.facebook.com\/PressenzaItalia","article_published_time":"2025-11-06T11:04:32+00:00","article_modified_time":"2026-01-05T14:55:02+00:00","og_image":[{"width":945,"height":943,"url":"https:\/\/www.pressenza.com\/wp-content\/uploads\/2025\/11\/Estamos-contigo-Venezuela.jpg","type":"image\/jpeg"}],"author":"Associazione Nazionale di Amicizia Italia-Cuba","twitter_card":"summary_large_image","twitter_creator":"@PressenzaIPA","twitter_site":"@PressenzaIPA","twitter_misc":{"Scritto da":"Associazione Nazionale di Amicizia Italia-Cuba","Tempo di lettura stimato":"6 minuti"},"schema":{"@context":"https:\/\/schema.org","@graph":[{"@type":"Article","@id":"https:\/\/www.pressenza.com\/it\/2025\/11\/appello-in-difesa-del-venezuela-bolivariano-e-dei-popoli-del-mondo-per-la-pace-e-la-giustizia-sociale\/#article","isPartOf":{"@id":"https:\/\/www.pressenza.com\/it\/2025\/11\/appello-in-difesa-del-venezuela-bolivariano-e-dei-popoli-del-mondo-per-la-pace-e-la-giustizia-sociale\/"},"author":{"name":"Associazione Nazionale di Amicizia Italia-Cuba","@id":"https:\/\/www.pressenza.com\/it\/#\/schema\/person\/69353edb44b177a5665f40ea7f8ee3fe"},"headline":"Appello in difesa del Venezuela Bolivariano e dei popoli del mondo, per la pace e la giustizia sociale","datePublished":"2025-11-06T11:04:32+00:00","dateModified":"2026-01-05T14:55:02+00:00","mainEntityOfPage":{"@id":"https:\/\/www.pressenza.com\/it\/2025\/11\/appello-in-difesa-del-venezuela-bolivariano-e-dei-popoli-del-mondo-per-la-pace-e-la-giustizia-sociale\/"},"wordCount":1258,"publisher":{"@id":"https:\/\/www.pressenza.com\/it\/#organization"},"image":{"@id":"https:\/\/www.pressenza.com\/it\/2025\/11\/appello-in-difesa-del-venezuela-bolivariano-e-dei-popoli-del-mondo-per-la-pace-e-la-giustizia-sociale\/#primaryimage"},"thumbnailUrl":"https:\/\/www.pressenza.com\/wp-content\/uploads\/2025\/11\/Estamos-contigo-Venezuela-e1768040216240.jpg","keywords":["diritto all'autodeterminazione dei popoli","giustizia sociale","Venezuela Bolivariano"],"articleSection":["Europa","Politica","Sud America"],"inLanguage":"it-IT"},{"@type":"WebPage","@id":"https:\/\/www.pressenza.com\/it\/2025\/11\/appello-in-difesa-del-venezuela-bolivariano-e-dei-popoli-del-mondo-per-la-pace-e-la-giustizia-sociale\/","url":"https:\/\/www.pressenza.com\/it\/2025\/11\/appello-in-difesa-del-venezuela-bolivariano-e-dei-popoli-del-mondo-per-la-pace-e-la-giustizia-sociale\/","name":"Appello in difesa del Venezuela Bolivariano e dei popoli del mondo, per la pace e la giustizia sociale","isPartOf":{"@id":"https:\/\/www.pressenza.com\/it\/#website"},"primaryImageOfPage":{"@id":"https:\/\/www.pressenza.com\/it\/2025\/11\/appello-in-difesa-del-venezuela-bolivariano-e-dei-popoli-del-mondo-per-la-pace-e-la-giustizia-sociale\/#primaryimage"},"image":{"@id":"https:\/\/www.pressenza.com\/it\/2025\/11\/appello-in-difesa-del-venezuela-bolivariano-e-dei-popoli-del-mondo-per-la-pace-e-la-giustizia-sociale\/#primaryimage"},"thumbnailUrl":"https:\/\/www.pressenza.com\/wp-content\/uploads\/2025\/11\/Estamos-contigo-Venezuela-e1768040216240.jpg","datePublished":"2025-11-06T11:04:32+00:00","dateModified":"2026-01-05T14:55:02+00:00","description":"Contro la Repubblica Bolivariana del Venezuela e il suo popolo si fa sempre pi\u00f9 grave e concreta la minaccia di un intervento militare, una vera e propria","breadcrumb":{"@id":"https:\/\/www.pressenza.com\/it\/2025\/11\/appello-in-difesa-del-venezuela-bolivariano-e-dei-popoli-del-mondo-per-la-pace-e-la-giustizia-sociale\/#breadcrumb"},"inLanguage":"it-IT","potentialAction":[{"@type":"ReadAction","target":["https:\/\/www.pressenza.com\/it\/2025\/11\/appello-in-difesa-del-venezuela-bolivariano-e-dei-popoli-del-mondo-per-la-pace-e-la-giustizia-sociale\/"]}]},{"@type":"ImageObject","inLanguage":"it-IT","@id":"https:\/\/www.pressenza.com\/it\/2025\/11\/appello-in-difesa-del-venezuela-bolivariano-e-dei-popoli-del-mondo-per-la-pace-e-la-giustizia-sociale\/#primaryimage","url":"https:\/\/www.pressenza.com\/wp-content\/uploads\/2025\/11\/Estamos-contigo-Venezuela-e1768040216240.jpg","contentUrl":"https:\/\/www.pressenza.com\/wp-content\/uploads\/2025\/11\/Estamos-contigo-Venezuela-e1768040216240.jpg","width":800,"height":798},{"@type":"BreadcrumbList","@id":"https:\/\/www.pressenza.com\/it\/2025\/11\/appello-in-difesa-del-venezuela-bolivariano-e-dei-popoli-del-mondo-per-la-pace-e-la-giustizia-sociale\/#breadcrumb","itemListElement":[{"@type":"ListItem","position":1,"name":"Accueil","item":"https:\/\/www.pressenza.com\/it\/"},{"@type":"ListItem","position":2,"name":"Appello in difesa del Venezuela Bolivariano e dei popoli del mondo, per la pace e la giustizia sociale"}]},{"@type":"WebSite","@id":"https:\/\/www.pressenza.com\/it\/#website","url":"https:\/\/www.pressenza.com\/it\/","name":"Pressenza","description":"Agenzia di Stampa Internazionale","publisher":{"@id":"https:\/\/www.pressenza.com\/it\/#organization"},"potentialAction":[{"@type":"SearchAction","target":{"@type":"EntryPoint","urlTemplate":"https:\/\/www.pressenza.com\/it\/?s={search_term_string}"},"query-input":{"@type":"PropertyValueSpecification","valueRequired":true,"valueName":"search_term_string"}}],"inLanguage":"it-IT"},{"@type":"Organization","@id":"https:\/\/www.pressenza.com\/it\/#organization","name":"Pressenza","url":"https:\/\/www.pressenza.com\/it\/","logo":{"@type":"ImageObject","inLanguage":"it-IT","@id":"https:\/\/www.pressenza.com\/it\/#\/schema\/logo\/image\/","url":"https:\/\/www.pressenza.com\/wp-content\/uploads\/2022\/10\/pressenza_logo_200x200.jpg","contentUrl":"https:\/\/www.pressenza.com\/wp-content\/uploads\/2022\/10\/pressenza_logo_200x200.jpg","width":200,"height":200,"caption":"Pressenza"},"image":{"@id":"https:\/\/www.pressenza.com\/it\/#\/schema\/logo\/image\/"},"sameAs":["https:\/\/www.facebook.com\/PressenzaItalia","https:\/\/x.com\/PressenzaIPA"]},{"@type":"Person","@id":"https:\/\/www.pressenza.com\/it\/#\/schema\/person\/69353edb44b177a5665f40ea7f8ee3fe","name":"Associazione Nazionale di Amicizia Italia-Cuba","description":"L\u2019Associazione Nazionale di Amicizia Italia-Cuba \u00e8 l\u2019organizzazione democratica delle persone che vogliono operare, nel rispetto della Costituzione italiana, per lo sviluppo dei rapporti internazionali di amicizia, di solidariet\u00e0 e di cooperazione con il popolo cubano e i suoi legittimi rappresentanti, nel rispetto della Costituzione della Repubblica di Cuba. Si ispira agli ideali della Resistenza italiana e della Rivoluzione cubana, ai principi della solidariet\u00e0, dell\u2019uguaglianza e della fraterna collaborazione tra i popoli, contro ogni forma di razzismo e di oppressione, per la salvaguardia dei diritti umani collettivi e individuali, per il consolidamento della pace nel mondo. \u00c8 un'Associazione di Promozione Sociale senza fini di lucro, autonoma, pluralista e si colloca nel vasto movimento progressista e antifascista del nostro Paese. Promuove e favorisce la collaborazione con associazioni nazionali e internazionali che si ispirino agli ideali e ai principi di solidariet\u00e0 e di fratellanza tra i popoli e di lotta alla disuguaglianza e all\u2019oppressione. https:\/\/italiacuba.it","sameAs":["https:\/\/italiacuba.it"],"url":"https:\/\/www.pressenza.com\/it\/author\/associazione-nazionale-di-amicizia-italia-cuba\/"}]}},"place":"","original_article_url":"","_links":{"self":[{"href":"https:\/\/www.pressenza.com\/it\/wp-json\/wp\/v2\/posts\/2650445","targetHints":{"allow":["GET"]}}],"collection":[{"href":"https:\/\/www.pressenza.com\/it\/wp-json\/wp\/v2\/posts"}],"about":[{"href":"https:\/\/www.pressenza.com\/it\/wp-json\/wp\/v2\/types\/post"}],"author":[{"embeddable":true,"href":"https:\/\/www.pressenza.com\/it\/wp-json\/wp\/v2\/users\/2094"}],"replies":[{"embeddable":true,"href":"https:\/\/www.pressenza.com\/it\/wp-json\/wp\/v2\/comments?post=2650445"}],"version-history":[{"count":1,"href":"https:\/\/www.pressenza.com\/it\/wp-json\/wp\/v2\/posts\/2650445\/revisions"}],"predecessor-version":[{"id":2650447,"href":"https:\/\/www.pressenza.com\/it\/wp-json\/wp\/v2\/posts\/2650445\/revisions\/2650447"}],"wp:featuredmedia":[{"embeddable":true,"href":"https:\/\/www.pressenza.com\/it\/wp-json\/wp\/v2\/media\/2650446"}],"wp:attachment":[{"href":"https:\/\/www.pressenza.com\/it\/wp-json\/wp\/v2\/media?parent=2650445"}],"wp:term":[{"taxonomy":"category","embeddable":true,"href":"https:\/\/www.pressenza.com\/it\/wp-json\/wp\/v2\/categories?post=2650445"},{"taxonomy":"post_tag","embeddable":true,"href":"https:\/\/www.pressenza.com\/it\/wp-json\/wp\/v2\/tags?post=2650445"}],"curies":[{"name":"wp","href":"https:\/\/api.w.org\/{rel}","templated":true}]}}