{"id":2649264,"date":"2025-11-01T16:29:23","date_gmt":"2025-11-01T16:29:23","guid":{"rendered":"https:\/\/www.pressenza.com\/?p=2649264"},"modified":"2025-11-01T16:35:51","modified_gmt":"2025-11-01T16:35:51","slug":"la-scuola-non-si-arruola-e-non-si-zittisce-in-tutte-le-piazze-ditalia-il-4-novembre-per-il-disarmo","status":"publish","type":"post","link":"https:\/\/www.pressenza.com\/it\/2025\/11\/la-scuola-non-si-arruola-e-non-si-zittisce-in-tutte-le-piazze-ditalia-il-4-novembre-per-il-disarmo\/","title":{"rendered":"La scuola non si arruola e non si zittisce: in tutte le piazze d&#8217;Italia il 4 novembre per il disarmo"},"content":{"rendered":"<p>Il\u00a0<strong>4 novembre<\/strong>\u00a0avrebbe dovuto tenersi uno straordinario convegno formativo per il personale delle scuole, le adesioni erano andate ben oltre le previsioni (1300 circa), ma nella mattina del 31 Ottobre il Ministero dell\u2019Istruzione e del Merito ha comunicato agli organizzatori, il\u00a0<strong>CESTES\u00a0<\/strong>(Centro Studi Trasformazioni Economico-Sociali), l\u2019avvio del procedimento di contestazione dei requisiti di accreditamento e sospensione cautelare dell\u2019iniziativa formativa \u201c<em><a href=\"http:\/\/osservatorionomilscuola.com\/?action=user_content_redirect&amp;uuid=9813afe93df101774abdfdeea5764ae102680eb4ba1af74a81b4410e8f372818&amp;blog_id=219605729&amp;post_id=16743&amp;user_id=87517415&amp;subs_id=45373722&amp;signature=8a4847cc8a9ddf703c168b76082ac781&amp;email_name=new-post&amp;user_email=redazioneitalia@pressenza.com&amp;encoded_url=aHR0cHM6Ly9vc3NlcnZhdG9yaW9ub21pbHNjdW9sYS5jb20vMjAyNS8xMC8yMS80LW5vdmVtYnJlLTIwMjUtY29udmVnbm8tbmF6aW9uYWxlLWZvcm1hemlvbmUtb25saW5lLXNjdW9sYS1hcnJ1b2xhLw=&amp;email_id=a1c446c923e64112239d8630dcc0f526\" target=\"_blank\" rel=\"noopener noreferrer\" data-type=\"post\" data-id=\"16401\">La scuola non si arruola<\/a><\/em>\u201d in programma per il 4 novembre, giornata di celebrazione dell\u2019Unit\u00e0 nazionale e delle Forze armate.<\/p>\n<p>Le ragioni addotte sono che l\u2019iniziativa formativa \u00e8 presentata come organizzata dall\u2019<em><strong>Osservatorio contro la militarizzazione delle scuole e delle Universit\u00e0<\/strong><\/em>\u00a0(ente non accreditato al MIM) in collaborazione con il\u00a0<strong>Cestes\u00a0<\/strong>(ente invece accreditato al MIM) e non viceversa.<\/p>\n<p>Ma c\u2019\u00e8 di pi\u00f9. Il MIM scrive che \u201c<em>l\u2019iniziativa \u2018La scuola non si arruola\u2019 non appare coerente con le finalit\u00e0 di formazione professionale del personale docente presentando contenuti e finalit\u00e0 estranei agli ambiti formativi riconducibili alle competenze professionali dei docenti, cos\u00ec come definite nel CCNL scuola e nell\u2019Allegato 1 della Direttiva 170\/2016<\/em>\u201d.<\/p>\n<p>Dietro alle motivazioni addotte dal Ministero si nascondono ben altre motivazioni di natura politica. Ogni iniziativa nelle scuole e nell\u2019universit\u00e0 che contesti storicamente la equiparazione tra antisionismo e antisemitismo (in Parlamento hanno depositato una proposta di legge che trasforma le critiche allo Stato di Israele in una minaccia al popolo ebraico punibile con il Codice penale) viene considerata una sorta di minaccia per un Governo complice del Genocidio.<\/p>\n<p>Ogni attenzione e analisi critica verso il sistema militare, gli intrecci tra economia e finanza, la costante denuncia del militarismo e dei militari nelle scuole suona come una sorta di minaccia al Riarmo e ai profitti che deriveranno dalle speculazioni finanziarie attorno alla grande produzione di armi.<\/p>\n<p>Allo stesso tempo si sta verificando l\u2019ennesima e puntuale contrazione degli spazi di libert\u00e0 e democrazia, per la prima volta si vieta un corso di formazione su tematiche giudicate non formative mentre vengono celebrate pagine nostalgiche e di mero revisionismo storico attraverso le rievocazioni delle guerre mondiali nel secolo scorso.<\/p>\n<p>\u00c8 quindi in serio pericolo la libert\u00e0 di insegnamento, di apprendimento, la democrazia se il Ministero cancella dei percorsi formativi e non perde occasione per rispondere con logiche panpenaliste e repressive alla solidariet\u00e0 verso popoli oppressi da cui scaturisce il bisogno di conoscere e studiare. <strong>Invitiamo a rafforzare i presidi che si terranno il 4 novembre in decine di citt\u00e0 italiane<\/strong>.<\/p>\n<p><strong><em>Osservatorio contro la militarizzazione delle scuole e delle universit\u00e0<br \/>\nUSB Scuola<br \/>\nCUB<br \/>\nSSB<br \/>\nUNICOBAS<br \/>\nOSA<br \/>\nCambiare Rotta<br \/>\nCOBAS sedi regionali Sicilia, Puglia, Umbria e Ancona, Arezzo, Cagliari, Como, Genova, Grosseto, Macerata, Milano, Varese<br \/>\nFISI<br \/>\nAntropolog\u0259 per La Palestina<\/em><\/strong><\/p>\n","protected":false},"excerpt":{"rendered":"<p>Il\u00a04 novembre\u00a0avrebbe dovuto tenersi uno straordinario convegno formativo per il personale delle scuole, le adesioni erano andate ben oltre le previsioni (1300 circa), ma nella mattina del 31 Ottobre il Ministero dell\u2019Istruzione e del Merito ha comunicato agli organizzatori, il\u00a0CESTES\u00a0(Centro&hellip;<\/p>\n","protected":false},"author":2442,"featured_media":1749990,"comment_status":"closed","ping_status":"closed","sticky":false,"template":"","format":"standard","meta":{"footnotes":""},"categories":[150,1258,1263,55],"tags":[145469,145421,145483],"class_list":["post-2649264","post","type-post","status-publish","format-standard","has-post-thumbnail","hentry","category-comunicati-stampa","category-educazione","category-pace-disarmo","category-politica","tag-cestes-centro-studi-e-trasformazioni-economico-sociali","tag-corso-di-formazione-la-scuola-non-si-arruola","tag-piazze-italiane-per-il-disarmo-4-novembre-2025"],"yoast_head":"<!-- This site is optimized with the Yoast SEO plugin v27.1.1 - https:\/\/yoast.com\/product\/yoast-seo-wordpress\/ -->\n<title>La scuola non si arruola e non si zittisce: in tutte le piazze d&#039;Italia il 4 novembre per il disarmo<\/title>\n<meta name=\"description\" content=\"Il\u00a04 novembre\u00a0avrebbe dovuto tenersi uno straordinario convegno formativo per il personale delle scuole, le adesioni erano andate ben oltre le previsioni\" \/>\n<meta name=\"robots\" content=\"index, follow, max-snippet:-1, max-image-preview:large, max-video-preview:-1\" \/>\n<link rel=\"canonical\" href=\"https:\/\/www.pressenza.com\/it\/2025\/11\/la-scuola-non-si-arruola-e-non-si-zittisce-in-tutte-le-piazze-ditalia-il-4-novembre-per-il-disarmo\/\" \/>\n<meta property=\"og:locale\" content=\"it_IT\" \/>\n<meta property=\"og:type\" content=\"article\" \/>\n<meta property=\"og:title\" content=\"La scuola non si arruola e non si zittisce: in tutte le piazze d&#039;Italia il 4 novembre per il disarmo\" \/>\n<meta property=\"og:description\" content=\"Il\u00a04 novembre\u00a0avrebbe dovuto tenersi uno straordinario convegno formativo per il personale delle scuole, le adesioni erano andate ben oltre le previsioni\" \/>\n<meta property=\"og:url\" content=\"https:\/\/www.pressenza.com\/it\/2025\/11\/la-scuola-non-si-arruola-e-non-si-zittisce-in-tutte-le-piazze-ditalia-il-4-novembre-per-il-disarmo\/\" \/>\n<meta property=\"og:site_name\" content=\"Pressenza\" \/>\n<meta property=\"article:publisher\" content=\"https:\/\/www.facebook.com\/PressenzaItalia\" \/>\n<meta property=\"article:author\" content=\"https:\/\/www.facebook.com\/OsservatorioNOMS\" \/>\n<meta property=\"article:published_time\" content=\"2025-11-01T16:29:23+00:00\" \/>\n<meta property=\"article:modified_time\" content=\"2025-11-01T16:35:51+00:00\" \/>\n<meta property=\"og:image\" content=\"https:\/\/www.pressenza.com\/wp-content\/uploads\/2023\/07\/disarmo-nucleare.jpg\" \/>\n\t<meta property=\"og:image:width\" content=\"820\" \/>\n\t<meta property=\"og:image:height\" content=\"540\" \/>\n\t<meta property=\"og:image:type\" content=\"image\/jpeg\" \/>\n<meta name=\"author\" content=\"Osservatorio contro la militarizzazione delle scuole e delle universit\u00e0\" \/>\n<meta name=\"twitter:card\" content=\"summary_large_image\" \/>\n<meta name=\"twitter:creator\" content=\"@ossnomiliscuole\" \/>\n<meta name=\"twitter:site\" content=\"@PressenzaIPA\" \/>\n<meta name=\"twitter:label1\" content=\"Scritto da\" \/>\n\t<meta name=\"twitter:data1\" content=\"Osservatorio contro la militarizzazione delle scuole e delle universit\u00e0\" \/>\n\t<meta name=\"twitter:label2\" content=\"Tempo di lettura stimato\" \/>\n\t<meta name=\"twitter:data2\" content=\"3 minuti\" \/>\n<script type=\"application\/ld+json\" class=\"yoast-schema-graph\">{\"@context\":\"https:\/\/schema.org\",\"@graph\":[{\"@type\":\"Article\",\"@id\":\"https:\/\/www.pressenza.com\/it\/2025\/11\/la-scuola-non-si-arruola-e-non-si-zittisce-in-tutte-le-piazze-ditalia-il-4-novembre-per-il-disarmo\/#article\",\"isPartOf\":{\"@id\":\"https:\/\/www.pressenza.com\/it\/2025\/11\/la-scuola-non-si-arruola-e-non-si-zittisce-in-tutte-le-piazze-ditalia-il-4-novembre-per-il-disarmo\/\"},\"author\":{\"name\":\"Osservatorio contro la militarizzazione delle scuole e delle universit\u00e0\",\"@id\":\"https:\/\/www.pressenza.com\/it\/#\/schema\/person\/fdf1ddd63c086a63e7faf4c9680c82e8\"},\"headline\":\"La scuola non si arruola e non si zittisce: in tutte le piazze d&#8217;Italia il 4 novembre per il disarmo\",\"datePublished\":\"2025-11-01T16:29:23+00:00\",\"dateModified\":\"2025-11-01T16:35:51+00:00\",\"mainEntityOfPage\":{\"@id\":\"https:\/\/www.pressenza.com\/it\/2025\/11\/la-scuola-non-si-arruola-e-non-si-zittisce-in-tutte-le-piazze-ditalia-il-4-novembre-per-il-disarmo\/\"},\"wordCount\":456,\"publisher\":{\"@id\":\"https:\/\/www.pressenza.com\/it\/#organization\"},\"image\":{\"@id\":\"https:\/\/www.pressenza.com\/it\/2025\/11\/la-scuola-non-si-arruola-e-non-si-zittisce-in-tutte-le-piazze-ditalia-il-4-novembre-per-il-disarmo\/#primaryimage\"},\"thumbnailUrl\":\"https:\/\/www.pressenza.com\/wp-content\/uploads\/2023\/07\/disarmo-nucleare.jpg\",\"keywords\":[\"Cestes (Centro studi e trasformazioni economico-sociali)\",\"corso di formazione La Scuola Non Si arruola\",\"piazze italiane per il disarmo 4 novembre 2025\"],\"articleSection\":[\"Comunicati Stampa\",\"Educazione\",\"Pace e Disarmo\",\"Politica\"],\"inLanguage\":\"it-IT\"},{\"@type\":\"WebPage\",\"@id\":\"https:\/\/www.pressenza.com\/it\/2025\/11\/la-scuola-non-si-arruola-e-non-si-zittisce-in-tutte-le-piazze-ditalia-il-4-novembre-per-il-disarmo\/\",\"url\":\"https:\/\/www.pressenza.com\/it\/2025\/11\/la-scuola-non-si-arruola-e-non-si-zittisce-in-tutte-le-piazze-ditalia-il-4-novembre-per-il-disarmo\/\",\"name\":\"La scuola non si arruola e non si zittisce: in tutte le piazze d'Italia il 4 novembre per il disarmo\",\"isPartOf\":{\"@id\":\"https:\/\/www.pressenza.com\/it\/#website\"},\"primaryImageOfPage\":{\"@id\":\"https:\/\/www.pressenza.com\/it\/2025\/11\/la-scuola-non-si-arruola-e-non-si-zittisce-in-tutte-le-piazze-ditalia-il-4-novembre-per-il-disarmo\/#primaryimage\"},\"image\":{\"@id\":\"https:\/\/www.pressenza.com\/it\/2025\/11\/la-scuola-non-si-arruola-e-non-si-zittisce-in-tutte-le-piazze-ditalia-il-4-novembre-per-il-disarmo\/#primaryimage\"},\"thumbnailUrl\":\"https:\/\/www.pressenza.com\/wp-content\/uploads\/2023\/07\/disarmo-nucleare.jpg\",\"datePublished\":\"2025-11-01T16:29:23+00:00\",\"dateModified\":\"2025-11-01T16:35:51+00:00\",\"description\":\"Il\u00a04 novembre\u00a0avrebbe dovuto tenersi uno straordinario convegno formativo per il personale delle scuole, le adesioni erano andate ben oltre le previsioni\",\"breadcrumb\":{\"@id\":\"https:\/\/www.pressenza.com\/it\/2025\/11\/la-scuola-non-si-arruola-e-non-si-zittisce-in-tutte-le-piazze-ditalia-il-4-novembre-per-il-disarmo\/#breadcrumb\"},\"inLanguage\":\"it-IT\",\"potentialAction\":[{\"@type\":\"ReadAction\",\"target\":[\"https:\/\/www.pressenza.com\/it\/2025\/11\/la-scuola-non-si-arruola-e-non-si-zittisce-in-tutte-le-piazze-ditalia-il-4-novembre-per-il-disarmo\/\"]}]},{\"@type\":\"ImageObject\",\"inLanguage\":\"it-IT\",\"@id\":\"https:\/\/www.pressenza.com\/it\/2025\/11\/la-scuola-non-si-arruola-e-non-si-zittisce-in-tutte-le-piazze-ditalia-il-4-novembre-per-il-disarmo\/#primaryimage\",\"url\":\"https:\/\/www.pressenza.com\/wp-content\/uploads\/2023\/07\/disarmo-nucleare.jpg\",\"contentUrl\":\"https:\/\/www.pressenza.com\/wp-content\/uploads\/2023\/07\/disarmo-nucleare.jpg\",\"width\":820,\"height\":540},{\"@type\":\"BreadcrumbList\",\"@id\":\"https:\/\/www.pressenza.com\/it\/2025\/11\/la-scuola-non-si-arruola-e-non-si-zittisce-in-tutte-le-piazze-ditalia-il-4-novembre-per-il-disarmo\/#breadcrumb\",\"itemListElement\":[{\"@type\":\"ListItem\",\"position\":1,\"name\":\"Accueil\",\"item\":\"https:\/\/www.pressenza.com\/it\/\"},{\"@type\":\"ListItem\",\"position\":2,\"name\":\"La scuola non si arruola e non si zittisce: in tutte le piazze d&#8217;Italia il 4 novembre per il disarmo\"}]},{\"@type\":\"WebSite\",\"@id\":\"https:\/\/www.pressenza.com\/it\/#website\",\"url\":\"https:\/\/www.pressenza.com\/it\/\",\"name\":\"Pressenza\",\"description\":\"Agenzia di Stampa Internazionale\",\"publisher\":{\"@id\":\"https:\/\/www.pressenza.com\/it\/#organization\"},\"potentialAction\":[{\"@type\":\"SearchAction\",\"target\":{\"@type\":\"EntryPoint\",\"urlTemplate\":\"https:\/\/www.pressenza.com\/it\/?s={search_term_string}\"},\"query-input\":{\"@type\":\"PropertyValueSpecification\",\"valueRequired\":true,\"valueName\":\"search_term_string\"}}],\"inLanguage\":\"it-IT\"},{\"@type\":\"Organization\",\"@id\":\"https:\/\/www.pressenza.com\/it\/#organization\",\"name\":\"Pressenza\",\"url\":\"https:\/\/www.pressenza.com\/it\/\",\"logo\":{\"@type\":\"ImageObject\",\"inLanguage\":\"it-IT\",\"@id\":\"https:\/\/www.pressenza.com\/it\/#\/schema\/logo\/image\/\",\"url\":\"https:\/\/www.pressenza.com\/wp-content\/uploads\/2022\/10\/pressenza_logo_200x200.jpg\",\"contentUrl\":\"https:\/\/www.pressenza.com\/wp-content\/uploads\/2022\/10\/pressenza_logo_200x200.jpg\",\"width\":200,\"height\":200,\"caption\":\"Pressenza\"},\"image\":{\"@id\":\"https:\/\/www.pressenza.com\/it\/#\/schema\/logo\/image\/\"},\"sameAs\":[\"https:\/\/www.facebook.com\/PressenzaItalia\",\"https:\/\/x.com\/PressenzaIPA\"]},{\"@type\":\"Person\",\"@id\":\"https:\/\/www.pressenza.com\/it\/#\/schema\/person\/fdf1ddd63c086a63e7faf4c9680c82e8\",\"name\":\"Osservatorio contro la militarizzazione delle scuole e delle universit\u00e0\",\"description\":\"L\u2019Osservatorio contro la militarizzazione delle scuole e delle universit\u00e0 nasce per monitorare e denunciare l\u2019attivit\u00e0 di militarizzazione nelle scuole e, in un secondo momento, anche delle universit\u00e0. L\u2019iniziativa \u00e8 nata in seguito ad una serie di convegni promossi dal CESP (Centro Studi per la Scuola Pubblica), finalizzati a denunciare il costante incremento delle spese militari e della circolazione di armi in un contesto internazionale nel quale la guerra nucleare pi\u00f9 che mai si profila purtroppo come possibile nefasto orizzonte. Fanno parte dell\u2019Osservatorio contro la militarizzazione delle scuole e delle universit\u00e0 numerose associazioni e singole persone.\",\"sameAs\":[\"https:\/\/osservatorionomilscuola.com\/\",\"https:\/\/www.facebook.com\/OsservatorioNOMS\",\"https:\/\/www.instagram.com\/osservatorionomili\/\",\"https:\/\/x.com\/ossnomiliscuole\"],\"url\":\"https:\/\/www.pressenza.com\/it\/author\/oss_mil_scuole\/\"}]}<\/script>\n<!-- \/ Yoast SEO plugin. -->","yoast_head_json":{"title":"La scuola non si arruola e non si zittisce: in tutte le piazze d'Italia il 4 novembre per il disarmo","description":"Il\u00a04 novembre\u00a0avrebbe dovuto tenersi uno straordinario convegno formativo per il personale delle scuole, le adesioni erano andate ben oltre le previsioni","robots":{"index":"index","follow":"follow","max-snippet":"max-snippet:-1","max-image-preview":"max-image-preview:large","max-video-preview":"max-video-preview:-1"},"canonical":"https:\/\/www.pressenza.com\/it\/2025\/11\/la-scuola-non-si-arruola-e-non-si-zittisce-in-tutte-le-piazze-ditalia-il-4-novembre-per-il-disarmo\/","og_locale":"it_IT","og_type":"article","og_title":"La scuola non si arruola e non si zittisce: in tutte le piazze d'Italia il 4 novembre per il disarmo","og_description":"Il\u00a04 novembre\u00a0avrebbe dovuto tenersi uno straordinario convegno formativo per il personale delle scuole, le adesioni erano andate ben oltre le previsioni","og_url":"https:\/\/www.pressenza.com\/it\/2025\/11\/la-scuola-non-si-arruola-e-non-si-zittisce-in-tutte-le-piazze-ditalia-il-4-novembre-per-il-disarmo\/","og_site_name":"Pressenza","article_publisher":"https:\/\/www.facebook.com\/PressenzaItalia","article_author":"https:\/\/www.facebook.com\/OsservatorioNOMS","article_published_time":"2025-11-01T16:29:23+00:00","article_modified_time":"2025-11-01T16:35:51+00:00","og_image":[{"width":820,"height":540,"url":"https:\/\/www.pressenza.com\/wp-content\/uploads\/2023\/07\/disarmo-nucleare.jpg","type":"image\/jpeg"}],"author":"Osservatorio contro la militarizzazione delle scuole e delle universit\u00e0","twitter_card":"summary_large_image","twitter_creator":"@ossnomiliscuole","twitter_site":"@PressenzaIPA","twitter_misc":{"Scritto da":"Osservatorio contro la militarizzazione delle scuole e delle universit\u00e0","Tempo di lettura stimato":"3 minuti"},"schema":{"@context":"https:\/\/schema.org","@graph":[{"@type":"Article","@id":"https:\/\/www.pressenza.com\/it\/2025\/11\/la-scuola-non-si-arruola-e-non-si-zittisce-in-tutte-le-piazze-ditalia-il-4-novembre-per-il-disarmo\/#article","isPartOf":{"@id":"https:\/\/www.pressenza.com\/it\/2025\/11\/la-scuola-non-si-arruola-e-non-si-zittisce-in-tutte-le-piazze-ditalia-il-4-novembre-per-il-disarmo\/"},"author":{"name":"Osservatorio contro la militarizzazione delle scuole e delle universit\u00e0","@id":"https:\/\/www.pressenza.com\/it\/#\/schema\/person\/fdf1ddd63c086a63e7faf4c9680c82e8"},"headline":"La scuola non si arruola e non si zittisce: in tutte le piazze d&#8217;Italia il 4 novembre per il disarmo","datePublished":"2025-11-01T16:29:23+00:00","dateModified":"2025-11-01T16:35:51+00:00","mainEntityOfPage":{"@id":"https:\/\/www.pressenza.com\/it\/2025\/11\/la-scuola-non-si-arruola-e-non-si-zittisce-in-tutte-le-piazze-ditalia-il-4-novembre-per-il-disarmo\/"},"wordCount":456,"publisher":{"@id":"https:\/\/www.pressenza.com\/it\/#organization"},"image":{"@id":"https:\/\/www.pressenza.com\/it\/2025\/11\/la-scuola-non-si-arruola-e-non-si-zittisce-in-tutte-le-piazze-ditalia-il-4-novembre-per-il-disarmo\/#primaryimage"},"thumbnailUrl":"https:\/\/www.pressenza.com\/wp-content\/uploads\/2023\/07\/disarmo-nucleare.jpg","keywords":["Cestes (Centro studi e trasformazioni economico-sociali)","corso di formazione La Scuola Non Si arruola","piazze italiane per il disarmo 4 novembre 2025"],"articleSection":["Comunicati Stampa","Educazione","Pace e Disarmo","Politica"],"inLanguage":"it-IT"},{"@type":"WebPage","@id":"https:\/\/www.pressenza.com\/it\/2025\/11\/la-scuola-non-si-arruola-e-non-si-zittisce-in-tutte-le-piazze-ditalia-il-4-novembre-per-il-disarmo\/","url":"https:\/\/www.pressenza.com\/it\/2025\/11\/la-scuola-non-si-arruola-e-non-si-zittisce-in-tutte-le-piazze-ditalia-il-4-novembre-per-il-disarmo\/","name":"La scuola non si arruola e non si zittisce: in tutte le piazze d'Italia il 4 novembre per il disarmo","isPartOf":{"@id":"https:\/\/www.pressenza.com\/it\/#website"},"primaryImageOfPage":{"@id":"https:\/\/www.pressenza.com\/it\/2025\/11\/la-scuola-non-si-arruola-e-non-si-zittisce-in-tutte-le-piazze-ditalia-il-4-novembre-per-il-disarmo\/#primaryimage"},"image":{"@id":"https:\/\/www.pressenza.com\/it\/2025\/11\/la-scuola-non-si-arruola-e-non-si-zittisce-in-tutte-le-piazze-ditalia-il-4-novembre-per-il-disarmo\/#primaryimage"},"thumbnailUrl":"https:\/\/www.pressenza.com\/wp-content\/uploads\/2023\/07\/disarmo-nucleare.jpg","datePublished":"2025-11-01T16:29:23+00:00","dateModified":"2025-11-01T16:35:51+00:00","description":"Il\u00a04 novembre\u00a0avrebbe dovuto tenersi uno straordinario convegno formativo per il personale delle scuole, le adesioni erano andate ben oltre le previsioni","breadcrumb":{"@id":"https:\/\/www.pressenza.com\/it\/2025\/11\/la-scuola-non-si-arruola-e-non-si-zittisce-in-tutte-le-piazze-ditalia-il-4-novembre-per-il-disarmo\/#breadcrumb"},"inLanguage":"it-IT","potentialAction":[{"@type":"ReadAction","target":["https:\/\/www.pressenza.com\/it\/2025\/11\/la-scuola-non-si-arruola-e-non-si-zittisce-in-tutte-le-piazze-ditalia-il-4-novembre-per-il-disarmo\/"]}]},{"@type":"ImageObject","inLanguage":"it-IT","@id":"https:\/\/www.pressenza.com\/it\/2025\/11\/la-scuola-non-si-arruola-e-non-si-zittisce-in-tutte-le-piazze-ditalia-il-4-novembre-per-il-disarmo\/#primaryimage","url":"https:\/\/www.pressenza.com\/wp-content\/uploads\/2023\/07\/disarmo-nucleare.jpg","contentUrl":"https:\/\/www.pressenza.com\/wp-content\/uploads\/2023\/07\/disarmo-nucleare.jpg","width":820,"height":540},{"@type":"BreadcrumbList","@id":"https:\/\/www.pressenza.com\/it\/2025\/11\/la-scuola-non-si-arruola-e-non-si-zittisce-in-tutte-le-piazze-ditalia-il-4-novembre-per-il-disarmo\/#breadcrumb","itemListElement":[{"@type":"ListItem","position":1,"name":"Accueil","item":"https:\/\/www.pressenza.com\/it\/"},{"@type":"ListItem","position":2,"name":"La scuola non si arruola e non si zittisce: in tutte le piazze d&#8217;Italia il 4 novembre per il disarmo"}]},{"@type":"WebSite","@id":"https:\/\/www.pressenza.com\/it\/#website","url":"https:\/\/www.pressenza.com\/it\/","name":"Pressenza","description":"Agenzia di Stampa Internazionale","publisher":{"@id":"https:\/\/www.pressenza.com\/it\/#organization"},"potentialAction":[{"@type":"SearchAction","target":{"@type":"EntryPoint","urlTemplate":"https:\/\/www.pressenza.com\/it\/?s={search_term_string}"},"query-input":{"@type":"PropertyValueSpecification","valueRequired":true,"valueName":"search_term_string"}}],"inLanguage":"it-IT"},{"@type":"Organization","@id":"https:\/\/www.pressenza.com\/it\/#organization","name":"Pressenza","url":"https:\/\/www.pressenza.com\/it\/","logo":{"@type":"ImageObject","inLanguage":"it-IT","@id":"https:\/\/www.pressenza.com\/it\/#\/schema\/logo\/image\/","url":"https:\/\/www.pressenza.com\/wp-content\/uploads\/2022\/10\/pressenza_logo_200x200.jpg","contentUrl":"https:\/\/www.pressenza.com\/wp-content\/uploads\/2022\/10\/pressenza_logo_200x200.jpg","width":200,"height":200,"caption":"Pressenza"},"image":{"@id":"https:\/\/www.pressenza.com\/it\/#\/schema\/logo\/image\/"},"sameAs":["https:\/\/www.facebook.com\/PressenzaItalia","https:\/\/x.com\/PressenzaIPA"]},{"@type":"Person","@id":"https:\/\/www.pressenza.com\/it\/#\/schema\/person\/fdf1ddd63c086a63e7faf4c9680c82e8","name":"Osservatorio contro la militarizzazione delle scuole e delle universit\u00e0","description":"L\u2019Osservatorio contro la militarizzazione delle scuole e delle universit\u00e0 nasce per monitorare e denunciare l\u2019attivit\u00e0 di militarizzazione nelle scuole e, in un secondo momento, anche delle universit\u00e0. L\u2019iniziativa \u00e8 nata in seguito ad una serie di convegni promossi dal CESP (Centro Studi per la Scuola Pubblica), finalizzati a denunciare il costante incremento delle spese militari e della circolazione di armi in un contesto internazionale nel quale la guerra nucleare pi\u00f9 che mai si profila purtroppo come possibile nefasto orizzonte. Fanno parte dell\u2019Osservatorio contro la militarizzazione delle scuole e delle universit\u00e0 numerose associazioni e singole persone.","sameAs":["https:\/\/osservatorionomilscuola.com\/","https:\/\/www.facebook.com\/OsservatorioNOMS","https:\/\/www.instagram.com\/osservatorionomili\/","https:\/\/x.com\/ossnomiliscuole"],"url":"https:\/\/www.pressenza.com\/it\/author\/oss_mil_scuole\/"}]}},"place":"","original_article_url":"","_links":{"self":[{"href":"https:\/\/www.pressenza.com\/it\/wp-json\/wp\/v2\/posts\/2649264","targetHints":{"allow":["GET"]}}],"collection":[{"href":"https:\/\/www.pressenza.com\/it\/wp-json\/wp\/v2\/posts"}],"about":[{"href":"https:\/\/www.pressenza.com\/it\/wp-json\/wp\/v2\/types\/post"}],"author":[{"embeddable":true,"href":"https:\/\/www.pressenza.com\/it\/wp-json\/wp\/v2\/users\/2442"}],"replies":[{"embeddable":true,"href":"https:\/\/www.pressenza.com\/it\/wp-json\/wp\/v2\/comments?post=2649264"}],"version-history":[{"count":1,"href":"https:\/\/www.pressenza.com\/it\/wp-json\/wp\/v2\/posts\/2649264\/revisions"}],"predecessor-version":[{"id":2649266,"href":"https:\/\/www.pressenza.com\/it\/wp-json\/wp\/v2\/posts\/2649264\/revisions\/2649266"}],"wp:featuredmedia":[{"embeddable":true,"href":"https:\/\/www.pressenza.com\/it\/wp-json\/wp\/v2\/media\/1749990"}],"wp:attachment":[{"href":"https:\/\/www.pressenza.com\/it\/wp-json\/wp\/v2\/media?parent=2649264"}],"wp:term":[{"taxonomy":"category","embeddable":true,"href":"https:\/\/www.pressenza.com\/it\/wp-json\/wp\/v2\/categories?post=2649264"},{"taxonomy":"post_tag","embeddable":true,"href":"https:\/\/www.pressenza.com\/it\/wp-json\/wp\/v2\/tags?post=2649264"}],"curies":[{"name":"wp","href":"https:\/\/api.w.org\/{rel}","templated":true}]}}