{"id":2649000,"date":"2025-10-31T14:45:24","date_gmt":"2025-10-31T14:45:24","guid":{"rendered":"https:\/\/www.pressenza.com\/?p=2649000"},"modified":"2025-10-31T15:18:21","modified_gmt":"2025-10-31T15:18:21","slug":"la-scuola-non-si-arruola-ma-viene-zittita","status":"publish","type":"post","link":"https:\/\/www.pressenza.com\/it\/2025\/10\/la-scuola-non-si-arruola-ma-viene-zittita\/","title":{"rendered":"La scuola non si arruola, ma viene zittita"},"content":{"rendered":"<p><em>Indignati, diamo notizia di questa ennesima prevaricazione antidemocratica, condividendo e diffondendo il comunicato del Cestes<\/em><\/p>\n<p>Oggi \u00e8 accaduta una cosa gravissima: il Ministero dell\u2019Istruzione e del Merito ha annullato in mattinata il corso Cestes (Centro Studi Trasformazioni Economico-Sociali) sul tema della guerra e del genocidio, corso di formazione on line previsto per il 4 novembre, condiviso con l&#8217;Osservatorio contro la militarizzazione\u00a0 delle scuole e delle Universit\u00e0 (<em>di cui avevamo dato notizia qualche giorno fa &#8211; <a href=\"https:\/\/www.pressenza.com\/it\/2025\/10\/la-scuola-non-si-arruola\/\">La scuola non si arruola<\/a> &#8211; e che aveva registrato immediatamente il tutto esaurito nelle iscrizioni<\/em>).<\/p>\n<p>Il Ministero ha\u00a0 oscurato il corso sulla piattaforma Sofia e comunicato ai dirigenti scolastici che non possono concedere il permesso e l&#8217;esonero dal sevizio ai 1400 partecipanti, affermando che gli argomenti trattati non possono essere oggetto di formazione pedagogica nelle scuole e aprendo un procedimento per togliere l\u2019accreditamento al Mim dell\u2019ente di formazione.<\/p>\n<p>Un atto di gravit\u00e0 inaudita: in poche parole il Ministero stabilisce che l\u2019educazione alla pace non pu\u00f2 essere trattata nelle scuole e toglie a 1400 colleghi il sacrosanto diritto alla formazione. Stiamo intervenendo con i nostri legali, ma da subito invitiamo tutti\/e a partire con una compagna di solidariet\u00e0 al Cestes e ad USB, duramente attaccati da questo governo per i due mesi di mobilitazione contro il genocidio in Palestina.<\/p>\n<p>Le motivazioni ufficiali della cancellazione sono che (si cita testualmente il decreto):<\/p>\n<blockquote><p><em>L\u2019iniziativa \u2018La scuola non si arruola\u2019 non appare coerente con le finalit\u00e0 di formazione professionale del personale docente presentando contenuti e finalit\u00e0 estranei agli ambiti formativi riconducibili alle competenze professionali dei docenti, cos\u00ec come definite nel CCNL scuola e nell\u2019Allegato 1 della Direttiva 170\/2016<\/em>.<\/p><\/blockquote>\n<p>Il MIM sta sostanzialmente dicendo che un corso che ha come oggetto un tema estremamente attuale come la guerra non \u00e8 oggetto di dibattito pedagogico e nega che l\u2019educazione debba essere educazione alla pace e al rifiuto delle armi come soluzione dei conflitti, nonostante l\u2019articolo 11 della Costituzione, per cui l\u2019Italia ripudia la guerra.<\/p>\n<p>I legali del CESTES stanno operando per restituire il diritto alla formazione libera e consapevole ad ogni docente.<\/p>\n<p>Riteniamo urgente questa prima comunicazione, per consentire a ognuno di ritirare il permesso per formazione gi\u00e0 chiesto e non incorrere in conseguenze disciplinari. Forniremo maggiori informazioni e approfondimenti successivamente in altre sedi.<\/p>\n<p>Siamo certi di potere confidare nel vostro sostegno.<\/p>\n<p>&nbsp;<\/p>\n<p><img loading=\"lazy\" decoding=\"async\" class=\"size-medium wp-image-2649006 aligncenter\" src=\"https:\/\/www.pressenza.com\/wp-content\/uploads\/2025\/10\/cropped-WhatsApp-Image-2025-10-21-at-16.27.11-1-1-300x251.webp\" alt=\"\" width=\"300\" height=\"251\" srcset=\"https:\/\/www.pressenza.com\/wp-content\/uploads\/2025\/10\/cropped-WhatsApp-Image-2025-10-21-at-16.27.11-1-1-300x251.webp 300w, https:\/\/www.pressenza.com\/wp-content\/uploads\/2025\/10\/cropped-WhatsApp-Image-2025-10-21-at-16.27.11-1-1.webp 768w\" sizes=\"auto, (max-width: 300px) 100vw, 300px\" \/><\/p>\n<p>&nbsp;<\/p>\n","protected":false},"excerpt":{"rendered":"<p>Indignati, diamo notizia di questa ennesima prevaricazione antidemocratica, condividendo e diffondendo il comunicato del Cestes Oggi \u00e8 accaduta una cosa gravissima: il Ministero dell\u2019Istruzione e del Merito ha annullato in mattinata il corso Cestes (Centro Studi Trasformazioni Economico-Sociali) sul tema&hellip;<\/p>\n","protected":false},"author":594,"featured_media":1216121,"comment_status":"closed","ping_status":"closed","sticky":false,"template":"","format":"standard","meta":{"footnotes":""},"categories":[1258,1262,1263],"tags":[1290,145420,31736,145421,31735],"class_list":["post-2649000","post","type-post","status-publish","format-standard","has-post-thumbnail","hentry","category-educazione","category-nonviolenza-argomento","category-pace-disarmo","tag-4-novembre","tag-cestes","tag-cobas","tag-corso-di-formazione-la-scuola-non-si-arruola","tag-usb"],"yoast_head":"<!-- This site is optimized with the Yoast SEO plugin v27.1.1 - https:\/\/yoast.com\/product\/yoast-seo-wordpress\/ -->\n<title>La scuola non si arruola, ma viene zittita<\/title>\n<meta name=\"description\" content=\"Indignati, diamo notizia di questa ennesima prevaricazione antidemocratica, condividendo e diffondendo il comunicato del Cestes Oggi \u00e8 accaduta una cosa\" \/>\n<meta name=\"robots\" content=\"index, follow, max-snippet:-1, max-image-preview:large, max-video-preview:-1\" \/>\n<link rel=\"canonical\" href=\"https:\/\/www.pressenza.com\/it\/2025\/10\/la-scuola-non-si-arruola-ma-viene-zittita\/\" \/>\n<meta property=\"og:locale\" content=\"it_IT\" \/>\n<meta property=\"og:type\" content=\"article\" \/>\n<meta property=\"og:title\" content=\"La scuola non si arruola, ma viene zittita\" \/>\n<meta property=\"og:description\" content=\"Indignati, diamo notizia di questa ennesima prevaricazione antidemocratica, condividendo e diffondendo il comunicato del Cestes Oggi \u00e8 accaduta una cosa\" \/>\n<meta property=\"og:url\" content=\"https:\/\/www.pressenza.com\/it\/2025\/10\/la-scuola-non-si-arruola-ma-viene-zittita\/\" \/>\n<meta property=\"og:site_name\" content=\"Pressenza\" \/>\n<meta property=\"article:publisher\" content=\"https:\/\/www.facebook.com\/PressenzaItalia\" \/>\n<meta property=\"article:author\" content=\"https:\/\/www.facebook.com\/PressenzaItalia\" \/>\n<meta property=\"article:published_time\" content=\"2025-10-31T14:45:24+00:00\" \/>\n<meta property=\"article:modified_time\" content=\"2025-10-31T15:18:21+00:00\" \/>\n<meta property=\"og:image\" content=\"https:\/\/www.pressenza.com\/wp-content\/uploads\/2020\/10\/rete-pace-disarmo-e1744128666289.png\" \/>\n\t<meta property=\"og:image:width\" content=\"800\" \/>\n\t<meta property=\"og:image:height\" content=\"762\" \/>\n\t<meta property=\"og:image:type\" content=\"image\/png\" \/>\n<meta name=\"author\" content=\"Redazione Italia\" \/>\n<meta name=\"twitter:card\" content=\"summary_large_image\" \/>\n<meta name=\"twitter:creator\" content=\"@pressenza_it\" \/>\n<meta name=\"twitter:site\" content=\"@PressenzaIPA\" \/>\n<meta name=\"twitter:label1\" content=\"Scritto da\" \/>\n\t<meta name=\"twitter:data1\" content=\"Redazione Italia\" \/>\n\t<meta name=\"twitter:label2\" content=\"Tempo di lettura stimato\" \/>\n\t<meta name=\"twitter:data2\" content=\"3 minuti\" \/>\n<script type=\"application\/ld+json\" class=\"yoast-schema-graph\">{\"@context\":\"https:\/\/schema.org\",\"@graph\":[{\"@type\":\"Article\",\"@id\":\"https:\/\/www.pressenza.com\/it\/2025\/10\/la-scuola-non-si-arruola-ma-viene-zittita\/#article\",\"isPartOf\":{\"@id\":\"https:\/\/www.pressenza.com\/it\/2025\/10\/la-scuola-non-si-arruola-ma-viene-zittita\/\"},\"author\":{\"name\":\"Redazione Italia\",\"@id\":\"https:\/\/www.pressenza.com\/it\/#\/schema\/person\/d983e81827ae24f2c7b1a2123d197f8d\"},\"headline\":\"La scuola non si arruola, ma viene zittita\",\"datePublished\":\"2025-10-31T14:45:24+00:00\",\"dateModified\":\"2025-10-31T15:18:21+00:00\",\"mainEntityOfPage\":{\"@id\":\"https:\/\/www.pressenza.com\/it\/2025\/10\/la-scuola-non-si-arruola-ma-viene-zittita\/\"},\"wordCount\":396,\"publisher\":{\"@id\":\"https:\/\/www.pressenza.com\/it\/#organization\"},\"image\":{\"@id\":\"https:\/\/www.pressenza.com\/it\/2025\/10\/la-scuola-non-si-arruola-ma-viene-zittita\/#primaryimage\"},\"thumbnailUrl\":\"https:\/\/www.pressenza.com\/wp-content\/uploads\/2020\/10\/rete-pace-disarmo-e1744128666289.png\",\"keywords\":[\"4 novembre\",\"Cestes\",\"COBAS\",\"corso di formazione La Scuola Non Si arruola\",\"USB\"],\"articleSection\":[\"Educazione\",\"Nonviolenza\",\"Pace e Disarmo\"],\"inLanguage\":\"it-IT\"},{\"@type\":\"WebPage\",\"@id\":\"https:\/\/www.pressenza.com\/it\/2025\/10\/la-scuola-non-si-arruola-ma-viene-zittita\/\",\"url\":\"https:\/\/www.pressenza.com\/it\/2025\/10\/la-scuola-non-si-arruola-ma-viene-zittita\/\",\"name\":\"La scuola non si arruola, ma viene zittita\",\"isPartOf\":{\"@id\":\"https:\/\/www.pressenza.com\/it\/#website\"},\"primaryImageOfPage\":{\"@id\":\"https:\/\/www.pressenza.com\/it\/2025\/10\/la-scuola-non-si-arruola-ma-viene-zittita\/#primaryimage\"},\"image\":{\"@id\":\"https:\/\/www.pressenza.com\/it\/2025\/10\/la-scuola-non-si-arruola-ma-viene-zittita\/#primaryimage\"},\"thumbnailUrl\":\"https:\/\/www.pressenza.com\/wp-content\/uploads\/2020\/10\/rete-pace-disarmo-e1744128666289.png\",\"datePublished\":\"2025-10-31T14:45:24+00:00\",\"dateModified\":\"2025-10-31T15:18:21+00:00\",\"description\":\"Indignati, diamo notizia di questa ennesima prevaricazione antidemocratica, condividendo e diffondendo il comunicato del Cestes Oggi \u00e8 accaduta una cosa\",\"breadcrumb\":{\"@id\":\"https:\/\/www.pressenza.com\/it\/2025\/10\/la-scuola-non-si-arruola-ma-viene-zittita\/#breadcrumb\"},\"inLanguage\":\"it-IT\",\"potentialAction\":[{\"@type\":\"ReadAction\",\"target\":[\"https:\/\/www.pressenza.com\/it\/2025\/10\/la-scuola-non-si-arruola-ma-viene-zittita\/\"]}]},{\"@type\":\"ImageObject\",\"inLanguage\":\"it-IT\",\"@id\":\"https:\/\/www.pressenza.com\/it\/2025\/10\/la-scuola-non-si-arruola-ma-viene-zittita\/#primaryimage\",\"url\":\"https:\/\/www.pressenza.com\/wp-content\/uploads\/2020\/10\/rete-pace-disarmo-e1744128666289.png\",\"contentUrl\":\"https:\/\/www.pressenza.com\/wp-content\/uploads\/2020\/10\/rete-pace-disarmo-e1744128666289.png\",\"width\":800,\"height\":762},{\"@type\":\"BreadcrumbList\",\"@id\":\"https:\/\/www.pressenza.com\/it\/2025\/10\/la-scuola-non-si-arruola-ma-viene-zittita\/#breadcrumb\",\"itemListElement\":[{\"@type\":\"ListItem\",\"position\":1,\"name\":\"Accueil\",\"item\":\"https:\/\/www.pressenza.com\/it\/\"},{\"@type\":\"ListItem\",\"position\":2,\"name\":\"La scuola non si arruola, ma viene zittita\"}]},{\"@type\":\"WebSite\",\"@id\":\"https:\/\/www.pressenza.com\/it\/#website\",\"url\":\"https:\/\/www.pressenza.com\/it\/\",\"name\":\"Pressenza\",\"description\":\"Agenzia di Stampa Internazionale\",\"publisher\":{\"@id\":\"https:\/\/www.pressenza.com\/it\/#organization\"},\"potentialAction\":[{\"@type\":\"SearchAction\",\"target\":{\"@type\":\"EntryPoint\",\"urlTemplate\":\"https:\/\/www.pressenza.com\/it\/?s={search_term_string}\"},\"query-input\":{\"@type\":\"PropertyValueSpecification\",\"valueRequired\":true,\"valueName\":\"search_term_string\"}}],\"inLanguage\":\"it-IT\"},{\"@type\":\"Organization\",\"@id\":\"https:\/\/www.pressenza.com\/it\/#organization\",\"name\":\"Pressenza\",\"url\":\"https:\/\/www.pressenza.com\/it\/\",\"logo\":{\"@type\":\"ImageObject\",\"inLanguage\":\"it-IT\",\"@id\":\"https:\/\/www.pressenza.com\/it\/#\/schema\/logo\/image\/\",\"url\":\"https:\/\/www.pressenza.com\/wp-content\/uploads\/2022\/10\/pressenza_logo_200x200.jpg\",\"contentUrl\":\"https:\/\/www.pressenza.com\/wp-content\/uploads\/2022\/10\/pressenza_logo_200x200.jpg\",\"width\":200,\"height\":200,\"caption\":\"Pressenza\"},\"image\":{\"@id\":\"https:\/\/www.pressenza.com\/it\/#\/schema\/logo\/image\/\"},\"sameAs\":[\"https:\/\/www.facebook.com\/PressenzaItalia\",\"https:\/\/x.com\/PressenzaIPA\"]},{\"@type\":\"Person\",\"@id\":\"https:\/\/www.pressenza.com\/it\/#\/schema\/person\/d983e81827ae24f2c7b1a2123d197f8d\",\"name\":\"Redazione Italia\",\"description\":\"News from the Pressenza Bureau in Italy\",\"sameAs\":[\"https:\/\/www.pressenza.com\/it\/author\/redazione-italia\/\",\"https:\/\/www.facebook.com\/PressenzaItalia\",\"https:\/\/www.instagram.com\/pressenza_italia\/\",\"https:\/\/x.com\/pressenza_it\",\"https:\/\/www.youtube.com\/channel\/UCSalEIWjE1RSxkwjfftFuqg\"],\"url\":\"https:\/\/www.pressenza.com\/it\/author\/redazione-italia\/\"}]}<\/script>\n<!-- \/ Yoast SEO plugin. -->","yoast_head_json":{"title":"La scuola non si arruola, ma viene zittita","description":"Indignati, diamo notizia di questa ennesima prevaricazione antidemocratica, condividendo e diffondendo il comunicato del Cestes Oggi \u00e8 accaduta una cosa","robots":{"index":"index","follow":"follow","max-snippet":"max-snippet:-1","max-image-preview":"max-image-preview:large","max-video-preview":"max-video-preview:-1"},"canonical":"https:\/\/www.pressenza.com\/it\/2025\/10\/la-scuola-non-si-arruola-ma-viene-zittita\/","og_locale":"it_IT","og_type":"article","og_title":"La scuola non si arruola, ma viene zittita","og_description":"Indignati, diamo notizia di questa ennesima prevaricazione antidemocratica, condividendo e diffondendo il comunicato del Cestes Oggi \u00e8 accaduta una cosa","og_url":"https:\/\/www.pressenza.com\/it\/2025\/10\/la-scuola-non-si-arruola-ma-viene-zittita\/","og_site_name":"Pressenza","article_publisher":"https:\/\/www.facebook.com\/PressenzaItalia","article_author":"https:\/\/www.facebook.com\/PressenzaItalia","article_published_time":"2025-10-31T14:45:24+00:00","article_modified_time":"2025-10-31T15:18:21+00:00","og_image":[{"width":800,"height":762,"url":"https:\/\/www.pressenza.com\/wp-content\/uploads\/2020\/10\/rete-pace-disarmo-e1744128666289.png","type":"image\/png"}],"author":"Redazione Italia","twitter_card":"summary_large_image","twitter_creator":"@pressenza_it","twitter_site":"@PressenzaIPA","twitter_misc":{"Scritto da":"Redazione Italia","Tempo di lettura stimato":"3 minuti"},"schema":{"@context":"https:\/\/schema.org","@graph":[{"@type":"Article","@id":"https:\/\/www.pressenza.com\/it\/2025\/10\/la-scuola-non-si-arruola-ma-viene-zittita\/#article","isPartOf":{"@id":"https:\/\/www.pressenza.com\/it\/2025\/10\/la-scuola-non-si-arruola-ma-viene-zittita\/"},"author":{"name":"Redazione Italia","@id":"https:\/\/www.pressenza.com\/it\/#\/schema\/person\/d983e81827ae24f2c7b1a2123d197f8d"},"headline":"La scuola non si arruola, ma viene zittita","datePublished":"2025-10-31T14:45:24+00:00","dateModified":"2025-10-31T15:18:21+00:00","mainEntityOfPage":{"@id":"https:\/\/www.pressenza.com\/it\/2025\/10\/la-scuola-non-si-arruola-ma-viene-zittita\/"},"wordCount":396,"publisher":{"@id":"https:\/\/www.pressenza.com\/it\/#organization"},"image":{"@id":"https:\/\/www.pressenza.com\/it\/2025\/10\/la-scuola-non-si-arruola-ma-viene-zittita\/#primaryimage"},"thumbnailUrl":"https:\/\/www.pressenza.com\/wp-content\/uploads\/2020\/10\/rete-pace-disarmo-e1744128666289.png","keywords":["4 novembre","Cestes","COBAS","corso di formazione La Scuola Non Si arruola","USB"],"articleSection":["Educazione","Nonviolenza","Pace e Disarmo"],"inLanguage":"it-IT"},{"@type":"WebPage","@id":"https:\/\/www.pressenza.com\/it\/2025\/10\/la-scuola-non-si-arruola-ma-viene-zittita\/","url":"https:\/\/www.pressenza.com\/it\/2025\/10\/la-scuola-non-si-arruola-ma-viene-zittita\/","name":"La scuola non si arruola, ma viene zittita","isPartOf":{"@id":"https:\/\/www.pressenza.com\/it\/#website"},"primaryImageOfPage":{"@id":"https:\/\/www.pressenza.com\/it\/2025\/10\/la-scuola-non-si-arruola-ma-viene-zittita\/#primaryimage"},"image":{"@id":"https:\/\/www.pressenza.com\/it\/2025\/10\/la-scuola-non-si-arruola-ma-viene-zittita\/#primaryimage"},"thumbnailUrl":"https:\/\/www.pressenza.com\/wp-content\/uploads\/2020\/10\/rete-pace-disarmo-e1744128666289.png","datePublished":"2025-10-31T14:45:24+00:00","dateModified":"2025-10-31T15:18:21+00:00","description":"Indignati, diamo notizia di questa ennesima prevaricazione antidemocratica, condividendo e diffondendo il comunicato del Cestes Oggi \u00e8 accaduta una cosa","breadcrumb":{"@id":"https:\/\/www.pressenza.com\/it\/2025\/10\/la-scuola-non-si-arruola-ma-viene-zittita\/#breadcrumb"},"inLanguage":"it-IT","potentialAction":[{"@type":"ReadAction","target":["https:\/\/www.pressenza.com\/it\/2025\/10\/la-scuola-non-si-arruola-ma-viene-zittita\/"]}]},{"@type":"ImageObject","inLanguage":"it-IT","@id":"https:\/\/www.pressenza.com\/it\/2025\/10\/la-scuola-non-si-arruola-ma-viene-zittita\/#primaryimage","url":"https:\/\/www.pressenza.com\/wp-content\/uploads\/2020\/10\/rete-pace-disarmo-e1744128666289.png","contentUrl":"https:\/\/www.pressenza.com\/wp-content\/uploads\/2020\/10\/rete-pace-disarmo-e1744128666289.png","width":800,"height":762},{"@type":"BreadcrumbList","@id":"https:\/\/www.pressenza.com\/it\/2025\/10\/la-scuola-non-si-arruola-ma-viene-zittita\/#breadcrumb","itemListElement":[{"@type":"ListItem","position":1,"name":"Accueil","item":"https:\/\/www.pressenza.com\/it\/"},{"@type":"ListItem","position":2,"name":"La scuola non si arruola, ma viene zittita"}]},{"@type":"WebSite","@id":"https:\/\/www.pressenza.com\/it\/#website","url":"https:\/\/www.pressenza.com\/it\/","name":"Pressenza","description":"Agenzia di Stampa Internazionale","publisher":{"@id":"https:\/\/www.pressenza.com\/it\/#organization"},"potentialAction":[{"@type":"SearchAction","target":{"@type":"EntryPoint","urlTemplate":"https:\/\/www.pressenza.com\/it\/?s={search_term_string}"},"query-input":{"@type":"PropertyValueSpecification","valueRequired":true,"valueName":"search_term_string"}}],"inLanguage":"it-IT"},{"@type":"Organization","@id":"https:\/\/www.pressenza.com\/it\/#organization","name":"Pressenza","url":"https:\/\/www.pressenza.com\/it\/","logo":{"@type":"ImageObject","inLanguage":"it-IT","@id":"https:\/\/www.pressenza.com\/it\/#\/schema\/logo\/image\/","url":"https:\/\/www.pressenza.com\/wp-content\/uploads\/2022\/10\/pressenza_logo_200x200.jpg","contentUrl":"https:\/\/www.pressenza.com\/wp-content\/uploads\/2022\/10\/pressenza_logo_200x200.jpg","width":200,"height":200,"caption":"Pressenza"},"image":{"@id":"https:\/\/www.pressenza.com\/it\/#\/schema\/logo\/image\/"},"sameAs":["https:\/\/www.facebook.com\/PressenzaItalia","https:\/\/x.com\/PressenzaIPA"]},{"@type":"Person","@id":"https:\/\/www.pressenza.com\/it\/#\/schema\/person\/d983e81827ae24f2c7b1a2123d197f8d","name":"Redazione Italia","description":"News from the Pressenza Bureau in Italy","sameAs":["https:\/\/www.pressenza.com\/it\/author\/redazione-italia\/","https:\/\/www.facebook.com\/PressenzaItalia","https:\/\/www.instagram.com\/pressenza_italia\/","https:\/\/x.com\/pressenza_it","https:\/\/www.youtube.com\/channel\/UCSalEIWjE1RSxkwjfftFuqg"],"url":"https:\/\/www.pressenza.com\/it\/author\/redazione-italia\/"}]}},"place":"Centro Studi Trasformazioni Economico-Sociali","original_article_url":"","_links":{"self":[{"href":"https:\/\/www.pressenza.com\/it\/wp-json\/wp\/v2\/posts\/2649000","targetHints":{"allow":["GET"]}}],"collection":[{"href":"https:\/\/www.pressenza.com\/it\/wp-json\/wp\/v2\/posts"}],"about":[{"href":"https:\/\/www.pressenza.com\/it\/wp-json\/wp\/v2\/types\/post"}],"author":[{"embeddable":true,"href":"https:\/\/www.pressenza.com\/it\/wp-json\/wp\/v2\/users\/594"}],"replies":[{"embeddable":true,"href":"https:\/\/www.pressenza.com\/it\/wp-json\/wp\/v2\/comments?post=2649000"}],"version-history":[{"count":5,"href":"https:\/\/www.pressenza.com\/it\/wp-json\/wp\/v2\/posts\/2649000\/revisions"}],"predecessor-version":[{"id":2649010,"href":"https:\/\/www.pressenza.com\/it\/wp-json\/wp\/v2\/posts\/2649000\/revisions\/2649010"}],"wp:featuredmedia":[{"embeddable":true,"href":"https:\/\/www.pressenza.com\/it\/wp-json\/wp\/v2\/media\/1216121"}],"wp:attachment":[{"href":"https:\/\/www.pressenza.com\/it\/wp-json\/wp\/v2\/media?parent=2649000"}],"wp:term":[{"taxonomy":"category","embeddable":true,"href":"https:\/\/www.pressenza.com\/it\/wp-json\/wp\/v2\/categories?post=2649000"},{"taxonomy":"post_tag","embeddable":true,"href":"https:\/\/www.pressenza.com\/it\/wp-json\/wp\/v2\/tags?post=2649000"}],"curies":[{"name":"wp","href":"https:\/\/api.w.org\/{rel}","templated":true}]}}