{"id":2648795,"date":"2025-10-30T15:04:10","date_gmt":"2025-10-30T15:04:10","guid":{"rendered":"https:\/\/www.pressenza.com\/?p=2648795"},"modified":"2025-10-30T15:04:10","modified_gmt":"2025-10-30T15:04:10","slug":"accordo-italia-libia-msf-no-al-rinnovo-di-un-sistema-di-violenze-e-torture","status":"publish","type":"post","link":"https:\/\/www.pressenza.com\/it\/2025\/10\/accordo-italia-libia-msf-no-al-rinnovo-di-un-sistema-di-violenze-e-torture\/","title":{"rendered":"Accordo Italia-Libia, MSF: \u201cNo al rinnovo di un sistema di violenze e torture\u201d"},"content":{"rendered":"<p>L\u2019accordo Italia-Libia deve essere interrotto perch\u00e9 perpetua scellerate politiche di respingimento e detenzione sulla pelle delle persone, alimentando nel Mediterraneo il numero delle morti in mare, avverte Medici Senza Frontiere (MSF) a pochi giorni dal rinnovo automatico previsto per il 2 di novembre.<\/p>\n<p>Dal 2017, con questo accordo l\u2019Italia e l\u2019Unione Europea forniscono supporto finanziario, tecnico e logistico alla Guardia Costiera libica, che continua ad alimentare un ciclo criminale di violenze, mettendo in pericolo la vita delle persone migranti in difficolt\u00e0 in mare e del personale delle ONG impegnate nelle operazioni di ricerca e soccorso.<\/p>\n<p><em>\u201cL&#8217;accordo Italia-Libia \u00e8 un patto vergognoso stretto sulla pelle delle persone e non deve essere rinnovato. Addestriamo e finanziamo la Guardia Costiera libica, che ancora nei giorni scorsi, dopo anni di episodi violenti, ha sparato contro un&#8217;imbarcazione in pericolo ferendo 3 persone, tra cui un ragazzo di 15 anni attualmente in coma. Nel frattempo, il sistema di accoglienza in Italia viene svuotato dei servizi e il diritto d&#8217;asilo \u00e8 fortemente depotenziato\u201d\u00a0<\/em><strong>dichiara la dr.ssa Monica Minardi, presidente di MSF in Italia.<\/strong><\/p>\n<p>Solo quest\u2019anno 22.509 persone migranti in fuga dalla Libia sono state intercettate in mare e riportate indietro con la forza, secondo i dati dell\u2019IOM. Il pi\u00f9 delle volte tornano in centri di detenzione in cui subiscono violenze, torture, abusi: tutto questo con la connivenza e con il supporto economico dell&#8217;Italia. Al solo scopo di bloccare gli arrivi nel nostro Paese, si dimentica colpevolmente ogni obbligo di tutela dei diritti umani.<\/p>\n<p><em>\u201cPer evitare che altre persone muoiano in mare e che vengano deportate nei centri di detenzione o in circuiti illegali di sfruttamento e violenza in Libia,\u00a0l\u2019Italia e l\u2019Ue dovrebbero garantire vie legali e sicure d&#8217;accesso e un\u2019attivit\u00e0 dedicata e coordinata tra i diversi Stati membri, di ricerca e soccorso nel Mediterraneo centrale\u201d\u00a0<\/em><strong>aggiunge la dr.ssa Minardi di MSF.<\/strong><\/p>\n<p>La Libia non \u00e8 un luogo sicuro per le persone migranti e dal 9 novembre non sar\u00e0 pi\u00f9 un Paese dove le ONG, inclusa MSF, potranno operare a causa di una\u00a0<a href=\"https:\/\/msf-ufficiostampa.musvc1.net\/e\/tr?q=4%3dGXLRNV%264%3dR%264%3dUJRN%26I%3dIW%26A%3dBBK6M_0rit_Kb_8ukq_Hj_0rit_JgCQE.Du814yMwEF5xI5HB0uLw.00_Litf_VXJqFs-J055Gq_Litf_VXCy612-3Mx-9q-L14uPCK5-F7ItC66-tC-42971289-1C-65wJu-96K8I-1C-O-H7MuGtIu_Litf_VX%265%3d3OAMsU.660%26CA%3dTHWK%26K9%3dVRSKUR2q5sTPULUPVN%269%3dMUPWGWI7IXv4s9N2ucIWMYRXN5Q5sWsXLbR3J7sWG7NaqZP2v7QWMXw6KYQWGUxR\">decisione annunciata ieri dalle autorit\u00e0 libiche<\/a>.<\/p>\n<p><em>\u201cLe nostre psicologhe assistono ogni giorno persone migranti sopravvissute alla detenzione in Libia e alla traversata del Mediterraneo. Il 60% degli episodi di violenza e tortura subiti dai nostri pazienti in cura a Palermo, nell\u2019ambito del servizio specializzato per sopravvissuti a tortura, sono avvenuti in Libia. Il rinnovo dell\u2019accordo rende l\u2019Italia complice di tutto ci\u00f2\u201d\u00a0<\/em><strong>conclude la dr.ssa Minardi di MSF.<\/strong><\/p>\n<p>&nbsp;<\/p>\n","protected":false},"excerpt":{"rendered":"<p>L\u2019accordo Italia-Libia deve essere interrotto perch\u00e9 perpetua scellerate politiche di respingimento e detenzione sulla pelle delle persone, alimentando nel Mediterraneo il numero delle morti in mare, avverte Medici Senza Frontiere (MSF) a pochi giorni dal rinnovo automatico previsto per il&hellip;<\/p>\n","protected":false},"author":1103,"featured_media":2594802,"comment_status":"closed","ping_status":"closed","sticky":false,"template":"","format":"standard","meta":{"footnotes":""},"categories":[150,47,52,54572,55],"tags":[41699,9824,41700,7242,5859,49644],"class_list":["post-2648795","post","type-post","status-publish","format-standard","has-post-thumbnail","hentry","category-comunicati-stampa","category-europa","category-medio-oriente","category-migranti","category-politica","tag-accordo-italia-libia","tag-centri-di-detenzione","tag-guardia-costiera-libica","tag-medici-senza-frontiere","tag-respingimenti","tag-violenze"],"yoast_head":"<!-- This site is optimized with the Yoast SEO plugin v27.1.1 - https:\/\/yoast.com\/product\/yoast-seo-wordpress\/ -->\n<title>Accordo Italia-Libia, MSF: \u201cNo al rinnovo di un sistema di violenze e torture\u201d<\/title>\n<meta name=\"description\" content=\"L\u2019accordo Italia-Libia deve essere interrotto perch\u00e9 perpetua scellerate politiche di respingimento e detenzione sulla pelle delle persone, alimentando\" \/>\n<meta name=\"robots\" content=\"index, follow, max-snippet:-1, max-image-preview:large, max-video-preview:-1\" \/>\n<link rel=\"canonical\" href=\"https:\/\/www.pressenza.com\/it\/2025\/10\/accordo-italia-libia-msf-no-al-rinnovo-di-un-sistema-di-violenze-e-torture\/\" \/>\n<meta property=\"og:locale\" content=\"it_IT\" \/>\n<meta property=\"og:type\" content=\"article\" \/>\n<meta property=\"og:title\" content=\"Accordo Italia-Libia, MSF: \u201cNo al rinnovo di un sistema di violenze e torture\u201d\" \/>\n<meta property=\"og:description\" content=\"L\u2019accordo Italia-Libia deve essere interrotto perch\u00e9 perpetua scellerate politiche di respingimento e detenzione sulla pelle delle persone, alimentando\" \/>\n<meta property=\"og:url\" content=\"https:\/\/www.pressenza.com\/it\/2025\/10\/accordo-italia-libia-msf-no-al-rinnovo-di-un-sistema-di-violenze-e-torture\/\" \/>\n<meta property=\"og:site_name\" content=\"Pressenza\" \/>\n<meta property=\"article:publisher\" content=\"https:\/\/www.facebook.com\/PressenzaItalia\" \/>\n<meta property=\"article:author\" content=\"https:\/\/www.facebook.com\/msf.italiano\/\" \/>\n<meta property=\"article:published_time\" content=\"2025-10-30T15:04:10+00:00\" \/>\n<meta property=\"og:image\" content=\"https:\/\/www.pressenza.com\/wp-content\/uploads\/2025\/04\/migranti-in-Libia.jpeg\" \/>\n\t<meta property=\"og:image:width\" content=\"960\" \/>\n\t<meta property=\"og:image:height\" content=\"720\" \/>\n\t<meta property=\"og:image:type\" content=\"image\/jpeg\" \/>\n<meta name=\"author\" content=\"Medecins sans Frontieres\" \/>\n<meta name=\"twitter:card\" content=\"summary_large_image\" \/>\n<meta name=\"twitter:creator\" content=\"@MSF\" \/>\n<meta name=\"twitter:site\" content=\"@PressenzaIPA\" \/>\n<meta name=\"twitter:label1\" content=\"Scritto da\" \/>\n\t<meta name=\"twitter:data1\" content=\"Medecins sans Frontieres\" \/>\n\t<meta name=\"twitter:label2\" content=\"Tempo di lettura stimato\" \/>\n\t<meta name=\"twitter:data2\" content=\"3 minuti\" \/>\n<script type=\"application\/ld+json\" class=\"yoast-schema-graph\">{\"@context\":\"https:\/\/schema.org\",\"@graph\":[{\"@type\":\"Article\",\"@id\":\"https:\/\/www.pressenza.com\/it\/2025\/10\/accordo-italia-libia-msf-no-al-rinnovo-di-un-sistema-di-violenze-e-torture\/#article\",\"isPartOf\":{\"@id\":\"https:\/\/www.pressenza.com\/it\/2025\/10\/accordo-italia-libia-msf-no-al-rinnovo-di-un-sistema-di-violenze-e-torture\/\"},\"author\":{\"name\":\"Medecins sans Frontieres\",\"@id\":\"https:\/\/www.pressenza.com\/it\/#\/schema\/person\/67dd9334b11345b5e9e171b3a89a22b5\"},\"headline\":\"Accordo Italia-Libia, MSF: \u201cNo al rinnovo di un sistema di violenze e torture\u201d\",\"datePublished\":\"2025-10-30T15:04:10+00:00\",\"mainEntityOfPage\":{\"@id\":\"https:\/\/www.pressenza.com\/it\/2025\/10\/accordo-italia-libia-msf-no-al-rinnovo-di-un-sistema-di-violenze-e-torture\/\"},\"wordCount\":426,\"publisher\":{\"@id\":\"https:\/\/www.pressenza.com\/it\/#organization\"},\"image\":{\"@id\":\"https:\/\/www.pressenza.com\/it\/2025\/10\/accordo-italia-libia-msf-no-al-rinnovo-di-un-sistema-di-violenze-e-torture\/#primaryimage\"},\"thumbnailUrl\":\"https:\/\/www.pressenza.com\/wp-content\/uploads\/2025\/04\/migranti-in-Libia-e1772452032770.jpeg\",\"keywords\":[\"accordo Italia-Libia\",\"Centri di detenzione\",\"Guardia Costiera libica\",\"Medici Senza Frontiere\",\"respingimenti\",\"violenze\"],\"articleSection\":[\"Comunicati Stampa\",\"Europa\",\"Medio Oriente\",\"Migranti\",\"Politica\"],\"inLanguage\":\"it-IT\"},{\"@type\":\"WebPage\",\"@id\":\"https:\/\/www.pressenza.com\/it\/2025\/10\/accordo-italia-libia-msf-no-al-rinnovo-di-un-sistema-di-violenze-e-torture\/\",\"url\":\"https:\/\/www.pressenza.com\/it\/2025\/10\/accordo-italia-libia-msf-no-al-rinnovo-di-un-sistema-di-violenze-e-torture\/\",\"name\":\"Accordo Italia-Libia, MSF: \u201cNo al rinnovo di un sistema di violenze e torture\u201d\",\"isPartOf\":{\"@id\":\"https:\/\/www.pressenza.com\/it\/#website\"},\"primaryImageOfPage\":{\"@id\":\"https:\/\/www.pressenza.com\/it\/2025\/10\/accordo-italia-libia-msf-no-al-rinnovo-di-un-sistema-di-violenze-e-torture\/#primaryimage\"},\"image\":{\"@id\":\"https:\/\/www.pressenza.com\/it\/2025\/10\/accordo-italia-libia-msf-no-al-rinnovo-di-un-sistema-di-violenze-e-torture\/#primaryimage\"},\"thumbnailUrl\":\"https:\/\/www.pressenza.com\/wp-content\/uploads\/2025\/04\/migranti-in-Libia-e1772452032770.jpeg\",\"datePublished\":\"2025-10-30T15:04:10+00:00\",\"description\":\"L\u2019accordo Italia-Libia deve essere interrotto perch\u00e9 perpetua scellerate politiche di respingimento e detenzione sulla pelle delle persone, alimentando\",\"breadcrumb\":{\"@id\":\"https:\/\/www.pressenza.com\/it\/2025\/10\/accordo-italia-libia-msf-no-al-rinnovo-di-un-sistema-di-violenze-e-torture\/#breadcrumb\"},\"inLanguage\":\"it-IT\",\"potentialAction\":[{\"@type\":\"ReadAction\",\"target\":[\"https:\/\/www.pressenza.com\/it\/2025\/10\/accordo-italia-libia-msf-no-al-rinnovo-di-un-sistema-di-violenze-e-torture\/\"]}]},{\"@type\":\"ImageObject\",\"inLanguage\":\"it-IT\",\"@id\":\"https:\/\/www.pressenza.com\/it\/2025\/10\/accordo-italia-libia-msf-no-al-rinnovo-di-un-sistema-di-violenze-e-torture\/#primaryimage\",\"url\":\"https:\/\/www.pressenza.com\/wp-content\/uploads\/2025\/04\/migranti-in-Libia-e1772452032770.jpeg\",\"contentUrl\":\"https:\/\/www.pressenza.com\/wp-content\/uploads\/2025\/04\/migranti-in-Libia-e1772452032770.jpeg\",\"width\":800,\"height\":600},{\"@type\":\"BreadcrumbList\",\"@id\":\"https:\/\/www.pressenza.com\/it\/2025\/10\/accordo-italia-libia-msf-no-al-rinnovo-di-un-sistema-di-violenze-e-torture\/#breadcrumb\",\"itemListElement\":[{\"@type\":\"ListItem\",\"position\":1,\"name\":\"Accueil\",\"item\":\"https:\/\/www.pressenza.com\/it\/\"},{\"@type\":\"ListItem\",\"position\":2,\"name\":\"Accordo Italia-Libia, MSF: \u201cNo al rinnovo di un sistema di violenze e torture\u201d\"}]},{\"@type\":\"WebSite\",\"@id\":\"https:\/\/www.pressenza.com\/it\/#website\",\"url\":\"https:\/\/www.pressenza.com\/it\/\",\"name\":\"Pressenza\",\"description\":\"Agenzia di Stampa Internazionale\",\"publisher\":{\"@id\":\"https:\/\/www.pressenza.com\/it\/#organization\"},\"potentialAction\":[{\"@type\":\"SearchAction\",\"target\":{\"@type\":\"EntryPoint\",\"urlTemplate\":\"https:\/\/www.pressenza.com\/it\/?s={search_term_string}\"},\"query-input\":{\"@type\":\"PropertyValueSpecification\",\"valueRequired\":true,\"valueName\":\"search_term_string\"}}],\"inLanguage\":\"it-IT\"},{\"@type\":\"Organization\",\"@id\":\"https:\/\/www.pressenza.com\/it\/#organization\",\"name\":\"Pressenza\",\"url\":\"https:\/\/www.pressenza.com\/it\/\",\"logo\":{\"@type\":\"ImageObject\",\"inLanguage\":\"it-IT\",\"@id\":\"https:\/\/www.pressenza.com\/it\/#\/schema\/logo\/image\/\",\"url\":\"https:\/\/www.pressenza.com\/wp-content\/uploads\/2022\/10\/pressenza_logo_200x200.jpg\",\"contentUrl\":\"https:\/\/www.pressenza.com\/wp-content\/uploads\/2022\/10\/pressenza_logo_200x200.jpg\",\"width\":200,\"height\":200,\"caption\":\"Pressenza\"},\"image\":{\"@id\":\"https:\/\/www.pressenza.com\/it\/#\/schema\/logo\/image\/\"},\"sameAs\":[\"https:\/\/www.facebook.com\/PressenzaItalia\",\"https:\/\/x.com\/PressenzaIPA\"]},{\"@type\":\"Person\",\"@id\":\"https:\/\/www.pressenza.com\/it\/#\/schema\/person\/67dd9334b11345b5e9e171b3a89a22b5\",\"name\":\"Medecins sans Frontieres\",\"description\":\"M\u00e9decins Sans Fronti\u00e8res (MSF) is an international, independent, medical humanitarian organisation that delivers emergency aid to people affected by armed conflict, epidemics, natural disasters and exclusion from healthcare. MSF offers assistance to people based on need, irrespective of race, religion, gender or political affiliation. Our actions are guided by medical ethics and the principles of neutrality and impartiality. www.msf.org\",\"sameAs\":[\"https:\/\/www.facebook.com\/msf.italiano\/\",\"https:\/\/x.com\/MSF\"],\"url\":\"https:\/\/www.pressenza.com\/it\/author\/medecins-sans-frontieres\/\"}]}<\/script>\n<!-- \/ Yoast SEO plugin. -->","yoast_head_json":{"title":"Accordo Italia-Libia, MSF: \u201cNo al rinnovo di un sistema di violenze e torture\u201d","description":"L\u2019accordo Italia-Libia deve essere interrotto perch\u00e9 perpetua scellerate politiche di respingimento e detenzione sulla pelle delle persone, alimentando","robots":{"index":"index","follow":"follow","max-snippet":"max-snippet:-1","max-image-preview":"max-image-preview:large","max-video-preview":"max-video-preview:-1"},"canonical":"https:\/\/www.pressenza.com\/it\/2025\/10\/accordo-italia-libia-msf-no-al-rinnovo-di-un-sistema-di-violenze-e-torture\/","og_locale":"it_IT","og_type":"article","og_title":"Accordo Italia-Libia, MSF: \u201cNo al rinnovo di un sistema di violenze e torture\u201d","og_description":"L\u2019accordo Italia-Libia deve essere interrotto perch\u00e9 perpetua scellerate politiche di respingimento e detenzione sulla pelle delle persone, alimentando","og_url":"https:\/\/www.pressenza.com\/it\/2025\/10\/accordo-italia-libia-msf-no-al-rinnovo-di-un-sistema-di-violenze-e-torture\/","og_site_name":"Pressenza","article_publisher":"https:\/\/www.facebook.com\/PressenzaItalia","article_author":"https:\/\/www.facebook.com\/msf.italiano\/","article_published_time":"2025-10-30T15:04:10+00:00","og_image":[{"width":960,"height":720,"url":"https:\/\/www.pressenza.com\/wp-content\/uploads\/2025\/04\/migranti-in-Libia.jpeg","type":"image\/jpeg"}],"author":"Medecins sans Frontieres","twitter_card":"summary_large_image","twitter_creator":"@MSF","twitter_site":"@PressenzaIPA","twitter_misc":{"Scritto da":"Medecins sans Frontieres","Tempo di lettura stimato":"3 minuti"},"schema":{"@context":"https:\/\/schema.org","@graph":[{"@type":"Article","@id":"https:\/\/www.pressenza.com\/it\/2025\/10\/accordo-italia-libia-msf-no-al-rinnovo-di-un-sistema-di-violenze-e-torture\/#article","isPartOf":{"@id":"https:\/\/www.pressenza.com\/it\/2025\/10\/accordo-italia-libia-msf-no-al-rinnovo-di-un-sistema-di-violenze-e-torture\/"},"author":{"name":"Medecins sans Frontieres","@id":"https:\/\/www.pressenza.com\/it\/#\/schema\/person\/67dd9334b11345b5e9e171b3a89a22b5"},"headline":"Accordo Italia-Libia, MSF: \u201cNo al rinnovo di un sistema di violenze e torture\u201d","datePublished":"2025-10-30T15:04:10+00:00","mainEntityOfPage":{"@id":"https:\/\/www.pressenza.com\/it\/2025\/10\/accordo-italia-libia-msf-no-al-rinnovo-di-un-sistema-di-violenze-e-torture\/"},"wordCount":426,"publisher":{"@id":"https:\/\/www.pressenza.com\/it\/#organization"},"image":{"@id":"https:\/\/www.pressenza.com\/it\/2025\/10\/accordo-italia-libia-msf-no-al-rinnovo-di-un-sistema-di-violenze-e-torture\/#primaryimage"},"thumbnailUrl":"https:\/\/www.pressenza.com\/wp-content\/uploads\/2025\/04\/migranti-in-Libia-e1772452032770.jpeg","keywords":["accordo Italia-Libia","Centri di detenzione","Guardia Costiera libica","Medici Senza Frontiere","respingimenti","violenze"],"articleSection":["Comunicati Stampa","Europa","Medio Oriente","Migranti","Politica"],"inLanguage":"it-IT"},{"@type":"WebPage","@id":"https:\/\/www.pressenza.com\/it\/2025\/10\/accordo-italia-libia-msf-no-al-rinnovo-di-un-sistema-di-violenze-e-torture\/","url":"https:\/\/www.pressenza.com\/it\/2025\/10\/accordo-italia-libia-msf-no-al-rinnovo-di-un-sistema-di-violenze-e-torture\/","name":"Accordo Italia-Libia, MSF: \u201cNo al rinnovo di un sistema di violenze e torture\u201d","isPartOf":{"@id":"https:\/\/www.pressenza.com\/it\/#website"},"primaryImageOfPage":{"@id":"https:\/\/www.pressenza.com\/it\/2025\/10\/accordo-italia-libia-msf-no-al-rinnovo-di-un-sistema-di-violenze-e-torture\/#primaryimage"},"image":{"@id":"https:\/\/www.pressenza.com\/it\/2025\/10\/accordo-italia-libia-msf-no-al-rinnovo-di-un-sistema-di-violenze-e-torture\/#primaryimage"},"thumbnailUrl":"https:\/\/www.pressenza.com\/wp-content\/uploads\/2025\/04\/migranti-in-Libia-e1772452032770.jpeg","datePublished":"2025-10-30T15:04:10+00:00","description":"L\u2019accordo Italia-Libia deve essere interrotto perch\u00e9 perpetua scellerate politiche di respingimento e detenzione sulla pelle delle persone, alimentando","breadcrumb":{"@id":"https:\/\/www.pressenza.com\/it\/2025\/10\/accordo-italia-libia-msf-no-al-rinnovo-di-un-sistema-di-violenze-e-torture\/#breadcrumb"},"inLanguage":"it-IT","potentialAction":[{"@type":"ReadAction","target":["https:\/\/www.pressenza.com\/it\/2025\/10\/accordo-italia-libia-msf-no-al-rinnovo-di-un-sistema-di-violenze-e-torture\/"]}]},{"@type":"ImageObject","inLanguage":"it-IT","@id":"https:\/\/www.pressenza.com\/it\/2025\/10\/accordo-italia-libia-msf-no-al-rinnovo-di-un-sistema-di-violenze-e-torture\/#primaryimage","url":"https:\/\/www.pressenza.com\/wp-content\/uploads\/2025\/04\/migranti-in-Libia-e1772452032770.jpeg","contentUrl":"https:\/\/www.pressenza.com\/wp-content\/uploads\/2025\/04\/migranti-in-Libia-e1772452032770.jpeg","width":800,"height":600},{"@type":"BreadcrumbList","@id":"https:\/\/www.pressenza.com\/it\/2025\/10\/accordo-italia-libia-msf-no-al-rinnovo-di-un-sistema-di-violenze-e-torture\/#breadcrumb","itemListElement":[{"@type":"ListItem","position":1,"name":"Accueil","item":"https:\/\/www.pressenza.com\/it\/"},{"@type":"ListItem","position":2,"name":"Accordo Italia-Libia, MSF: \u201cNo al rinnovo di un sistema di violenze e torture\u201d"}]},{"@type":"WebSite","@id":"https:\/\/www.pressenza.com\/it\/#website","url":"https:\/\/www.pressenza.com\/it\/","name":"Pressenza","description":"Agenzia di Stampa Internazionale","publisher":{"@id":"https:\/\/www.pressenza.com\/it\/#organization"},"potentialAction":[{"@type":"SearchAction","target":{"@type":"EntryPoint","urlTemplate":"https:\/\/www.pressenza.com\/it\/?s={search_term_string}"},"query-input":{"@type":"PropertyValueSpecification","valueRequired":true,"valueName":"search_term_string"}}],"inLanguage":"it-IT"},{"@type":"Organization","@id":"https:\/\/www.pressenza.com\/it\/#organization","name":"Pressenza","url":"https:\/\/www.pressenza.com\/it\/","logo":{"@type":"ImageObject","inLanguage":"it-IT","@id":"https:\/\/www.pressenza.com\/it\/#\/schema\/logo\/image\/","url":"https:\/\/www.pressenza.com\/wp-content\/uploads\/2022\/10\/pressenza_logo_200x200.jpg","contentUrl":"https:\/\/www.pressenza.com\/wp-content\/uploads\/2022\/10\/pressenza_logo_200x200.jpg","width":200,"height":200,"caption":"Pressenza"},"image":{"@id":"https:\/\/www.pressenza.com\/it\/#\/schema\/logo\/image\/"},"sameAs":["https:\/\/www.facebook.com\/PressenzaItalia","https:\/\/x.com\/PressenzaIPA"]},{"@type":"Person","@id":"https:\/\/www.pressenza.com\/it\/#\/schema\/person\/67dd9334b11345b5e9e171b3a89a22b5","name":"Medecins sans Frontieres","description":"M\u00e9decins Sans Fronti\u00e8res (MSF) is an international, independent, medical humanitarian organisation that delivers emergency aid to people affected by armed conflict, epidemics, natural disasters and exclusion from healthcare. MSF offers assistance to people based on need, irrespective of race, religion, gender or political affiliation. Our actions are guided by medical ethics and the principles of neutrality and impartiality. www.msf.org","sameAs":["https:\/\/www.facebook.com\/msf.italiano\/","https:\/\/x.com\/MSF"],"url":"https:\/\/www.pressenza.com\/it\/author\/medecins-sans-frontieres\/"}]}},"place":"","original_article_url":"","_links":{"self":[{"href":"https:\/\/www.pressenza.com\/it\/wp-json\/wp\/v2\/posts\/2648795","targetHints":{"allow":["GET"]}}],"collection":[{"href":"https:\/\/www.pressenza.com\/it\/wp-json\/wp\/v2\/posts"}],"about":[{"href":"https:\/\/www.pressenza.com\/it\/wp-json\/wp\/v2\/types\/post"}],"author":[{"embeddable":true,"href":"https:\/\/www.pressenza.com\/it\/wp-json\/wp\/v2\/users\/1103"}],"replies":[{"embeddable":true,"href":"https:\/\/www.pressenza.com\/it\/wp-json\/wp\/v2\/comments?post=2648795"}],"version-history":[{"count":1,"href":"https:\/\/www.pressenza.com\/it\/wp-json\/wp\/v2\/posts\/2648795\/revisions"}],"predecessor-version":[{"id":2648797,"href":"https:\/\/www.pressenza.com\/it\/wp-json\/wp\/v2\/posts\/2648795\/revisions\/2648797"}],"wp:featuredmedia":[{"embeddable":true,"href":"https:\/\/www.pressenza.com\/it\/wp-json\/wp\/v2\/media\/2594802"}],"wp:attachment":[{"href":"https:\/\/www.pressenza.com\/it\/wp-json\/wp\/v2\/media?parent=2648795"}],"wp:term":[{"taxonomy":"category","embeddable":true,"href":"https:\/\/www.pressenza.com\/it\/wp-json\/wp\/v2\/categories?post=2648795"},{"taxonomy":"post_tag","embeddable":true,"href":"https:\/\/www.pressenza.com\/it\/wp-json\/wp\/v2\/tags?post=2648795"}],"curies":[{"name":"wp","href":"https:\/\/api.w.org\/{rel}","templated":true}]}}