{"id":2648475,"date":"2025-10-29T04:16:01","date_gmt":"2025-10-29T04:16:01","guid":{"rendered":"https:\/\/www.pressenza.com\/?p=2648475"},"modified":"2025-10-29T19:31:13","modified_gmt":"2025-10-29T19:31:13","slug":"quel-che-resta-delle-strade-percorse-a-margine-di-eirenefest-firenze","status":"publish","type":"post","link":"https:\/\/www.pressenza.com\/it\/2025\/10\/quel-che-resta-delle-strade-percorse-a-margine-di-eirenefest-firenze\/","title":{"rendered":"Quel che resta delle strade percorse: a margine di Eirenefest Firenze"},"content":{"rendered":"<p>Eirenefest: questo anno \u00e8 stato &#8220;Esperienza&#8221; dentro le realt\u00e0 che animano le periferie nascoste. L&#8217;edizione fiorentina ha coinvolto, in continuit\u00e0 con l&#8217;edizione di anno scorso, la BiblioteCaNova e le Baracche Verdi, luogo della Comunit\u00e0 dell&#8217;Isolotto, luoghi differenti eppure somiglianti rispetto ad una storia, quella di un quartiere, dove \u00e8 possibile tenere insieme la cultura, che passa attraverso le letture, e la socialit\u00e0, che intesse relazioni di accoglienza e di cura; ed \u00e8 stato proprio tra questi due luoghi che tra venerd\u00ec 24, sabato 25 e domenica 26 si sono succeduti momenti di confronto di contenuto socio-educativo, in particolare a partire dalla figura di Danilo Dolci, e proposte laboratoriali, dove sperimentarsi dentro percorsi di educazione alla nonviolenza, fino all&#8217;Assemblea della Comunit\u00e0 (domenica mattina) dedicata ad Alex Langer.<\/p>\n<p>L&#8217;edizione fiorentina ha coinvolto questo anno anche il Centro Sociale Il Pozzo, luogo della Comunit\u00e0 delle Piagge, dove Elisabetta Salvatori (sabato sera) ci ha portato dentro la narrazione teatrale che permette un respiro pi\u00f9 alto e profondo sui valori che attraversano le resistenze; continuando nella giornata di domenica, in crescendo di intensit\u00e0, coinvolgimento e contenuti, attraverso la proposta di campagna per un Medio Oriente libero da Armi nucleari, si \u00e8 recuperato infine il senso di questi giorni con la storia e la testimonianza di Alex Langer, con la fatica dell&#8217;essere uomini e donne che perseguono l&#8217;obiettivo della pace che diviene tale nella costruzione di percorsi di nonviolenza, che fa sentire la solitudine; s\u00ec, perch\u00e9 anche quando l&#8217;essere insieme nelle piazze oggi sappiamo quanta potenza evocativa solleciti e quanto la dimensione collettiva effettivamente sia di sostegno, in realt\u00e0 non possiamo dimenticarci che questo percorrere strade scomode chieda coraggio, richieda impegno, richieda fatica; non sono gi\u00e0 scritti i percorsi, perch\u00e9 li stiamo costruendo insieme, oggi.<\/p>\n<p>E c&#8217;\u00e8 bisogno soprattutto di dare continuit\u00e0 alle parole, dare corpo all&#8217;impegno assunto, per fare delle occasioni di incontro la possibilit\u00e0 di creare movimenti che dal basso sospingano nel realismo dell&#8217;Utopia, nella speranza che non deve tramontare, nella costruzione di prassi nonviolente eppure incisive, nonostante la deriva di misure repressive che sembrerebbero tese a fermare questa corrente; la nostra idea comune di sicurezza esce dai confini dentro cui si vorrebbe incardinare, perch\u00e9 ci sentiamo sicure e sicuri quando viviamo l&#8217;appartenenza a quella comune umanit\u00e0 che continua a mobilitare le coscienze, ci sentiamo sicure e sicuri quando sappiamo ancora ritrovarci e com-muoverci insieme.<br \/>\nGrazie a chi in questi giorni ha attraversato i luoghi dove abbiamo provato a tenere insieme: luoghi, comunit\u00e0, cultura e cura di quel Noi e di quell&#8217;abitare le strade che vogliamo continuare ostinatamente e coraggiosamente a percorrere, nonostante la fatica e la solitudine.<\/p>\n","protected":false},"excerpt":{"rendered":"<p>Eirenefest: questo anno \u00e8 stato &#8220;Esperienza&#8221; dentro le realt\u00e0 che animano le periferie nascoste. L&#8217;edizione fiorentina ha coinvolto, in continuit\u00e0 con l&#8217;edizione di anno scorso, la BiblioteCaNova e le Baracche Verdi, luogo della Comunit\u00e0 dell&#8217;Isolotto, luoghi differenti eppure somiglianti rispetto&hellip;<\/p>\n","protected":false},"author":2553,"featured_media":2648144,"comment_status":"closed","ping_status":"closed","sticky":false,"template":"","format":"standard","meta":{"footnotes":""},"categories":[11388,107392,56,1262],"tags":[10015,4411,6841,145291,93292,127193,3066,64810],"class_list":["post-2648475","post","type-post","status-publish","format-standard","has-post-thumbnail","hentry","category-contenuti-originali","category-noticia-it","category-cultura","category-nonviolenza-argomento","tag-alex-langer","tag-comunita-dellisolotto","tag-danilo-dolci","tag-educazione-nonviolenza","tag-eirenefest","tag-eirenefest-firenze","tag-firenze","tag-le-piagge"],"yoast_head":"<!-- This site is optimized with the Yoast SEO plugin v27.1.1 - https:\/\/yoast.com\/product\/yoast-seo-wordpress\/ -->\n<title>Quel che resta delle strade percorse: a margine di Eirenefest Firenze<\/title>\n<meta name=\"description\" content=\"Eirenefest: questo anno \u00e8 stato &quot;Esperienza&quot; dentro le realt\u00e0 che animano le periferie nascoste. L&#039;edizione fiorentina ha coinvolto, in continuit\u00e0 con\" \/>\n<meta name=\"robots\" content=\"index, follow, max-snippet:-1, max-image-preview:large, max-video-preview:-1\" \/>\n<link rel=\"canonical\" href=\"https:\/\/www.pressenza.com\/it\/2025\/10\/quel-che-resta-delle-strade-percorse-a-margine-di-eirenefest-firenze\/\" \/>\n<meta property=\"og:locale\" content=\"it_IT\" \/>\n<meta property=\"og:type\" content=\"article\" \/>\n<meta property=\"og:title\" content=\"Quel che resta delle strade percorse: a margine di Eirenefest Firenze\" \/>\n<meta property=\"og:description\" content=\"Eirenefest: questo anno \u00e8 stato &quot;Esperienza&quot; dentro le realt\u00e0 che animano le periferie nascoste. L&#039;edizione fiorentina ha coinvolto, in continuit\u00e0 con\" \/>\n<meta property=\"og:url\" content=\"https:\/\/www.pressenza.com\/it\/2025\/10\/quel-che-resta-delle-strade-percorse-a-margine-di-eirenefest-firenze\/\" \/>\n<meta property=\"og:site_name\" content=\"Pressenza\" \/>\n<meta property=\"article:publisher\" content=\"https:\/\/www.facebook.com\/PressenzaItalia\" \/>\n<meta property=\"article:published_time\" content=\"2025-10-29T04:16:01+00:00\" \/>\n<meta property=\"article:modified_time\" content=\"2025-10-29T19:31:13+00:00\" \/>\n<meta property=\"og:image\" content=\"https:\/\/www.pressenza.com\/wp-content\/uploads\/2025\/10\/eirenefest-2025-Piagge-redazione-toscana-06.jpeg\" \/>\n\t<meta property=\"og:image:width\" content=\"2040\" \/>\n\t<meta property=\"og:image:height\" content=\"1536\" \/>\n\t<meta property=\"og:image:type\" content=\"image\/jpeg\" \/>\n<meta name=\"author\" content=\"Emanuela Bavazzano\" \/>\n<meta name=\"twitter:card\" content=\"summary_large_image\" \/>\n<meta name=\"twitter:creator\" content=\"@PressenzaIPA\" \/>\n<meta name=\"twitter:site\" content=\"@PressenzaIPA\" \/>\n<meta name=\"twitter:label1\" content=\"Scritto da\" \/>\n\t<meta name=\"twitter:data1\" content=\"Emanuela Bavazzano\" \/>\n\t<meta name=\"twitter:label2\" content=\"Tempo di lettura stimato\" \/>\n\t<meta name=\"twitter:data2\" content=\"3 minuti\" \/>\n<script type=\"application\/ld+json\" class=\"yoast-schema-graph\">{\"@context\":\"https:\/\/schema.org\",\"@graph\":[{\"@type\":\"Article\",\"@id\":\"https:\/\/www.pressenza.com\/it\/2025\/10\/quel-che-resta-delle-strade-percorse-a-margine-di-eirenefest-firenze\/#article\",\"isPartOf\":{\"@id\":\"https:\/\/www.pressenza.com\/it\/2025\/10\/quel-che-resta-delle-strade-percorse-a-margine-di-eirenefest-firenze\/\"},\"author\":{\"name\":\"Emanuela Bavazzano\",\"@id\":\"https:\/\/www.pressenza.com\/it\/#\/schema\/person\/ce5e3dc5b9bf9dd1d82f8c694be86479\"},\"headline\":\"Quel che resta delle strade percorse: a margine di Eirenefest Firenze\",\"datePublished\":\"2025-10-29T04:16:01+00:00\",\"dateModified\":\"2025-10-29T19:31:13+00:00\",\"mainEntityOfPage\":{\"@id\":\"https:\/\/www.pressenza.com\/it\/2025\/10\/quel-che-resta-delle-strade-percorse-a-margine-di-eirenefest-firenze\/\"},\"wordCount\":450,\"publisher\":{\"@id\":\"https:\/\/www.pressenza.com\/it\/#organization\"},\"image\":{\"@id\":\"https:\/\/www.pressenza.com\/it\/2025\/10\/quel-che-resta-delle-strade-percorse-a-margine-di-eirenefest-firenze\/#primaryimage\"},\"thumbnailUrl\":\"https:\/\/www.pressenza.com\/wp-content\/uploads\/2025\/10\/eirenefest-2025-Piagge-redazione-toscana-06.jpeg\",\"keywords\":[\"Alex Langer\",\"comunit\u00e0 dell'Isolotto\",\"Danilo Dolci\",\"educazione nonviolenza\",\"Eirenefest\",\"Eirenefest Firenze\",\"Firenze\",\"le Piagge\"],\"articleSection\":[\"contenuti originali\",\"Cronaca\",\"Cultura e Media\",\"Nonviolenza\"],\"inLanguage\":\"it-IT\"},{\"@type\":\"WebPage\",\"@id\":\"https:\/\/www.pressenza.com\/it\/2025\/10\/quel-che-resta-delle-strade-percorse-a-margine-di-eirenefest-firenze\/\",\"url\":\"https:\/\/www.pressenza.com\/it\/2025\/10\/quel-che-resta-delle-strade-percorse-a-margine-di-eirenefest-firenze\/\",\"name\":\"Quel che resta delle strade percorse: a margine di Eirenefest Firenze\",\"isPartOf\":{\"@id\":\"https:\/\/www.pressenza.com\/it\/#website\"},\"primaryImageOfPage\":{\"@id\":\"https:\/\/www.pressenza.com\/it\/2025\/10\/quel-che-resta-delle-strade-percorse-a-margine-di-eirenefest-firenze\/#primaryimage\"},\"image\":{\"@id\":\"https:\/\/www.pressenza.com\/it\/2025\/10\/quel-che-resta-delle-strade-percorse-a-margine-di-eirenefest-firenze\/#primaryimage\"},\"thumbnailUrl\":\"https:\/\/www.pressenza.com\/wp-content\/uploads\/2025\/10\/eirenefest-2025-Piagge-redazione-toscana-06.jpeg\",\"datePublished\":\"2025-10-29T04:16:01+00:00\",\"dateModified\":\"2025-10-29T19:31:13+00:00\",\"description\":\"Eirenefest: questo anno \u00e8 stato \\\"Esperienza\\\" dentro le realt\u00e0 che animano le periferie nascoste. L'edizione fiorentina ha coinvolto, in continuit\u00e0 con\",\"breadcrumb\":{\"@id\":\"https:\/\/www.pressenza.com\/it\/2025\/10\/quel-che-resta-delle-strade-percorse-a-margine-di-eirenefest-firenze\/#breadcrumb\"},\"inLanguage\":\"it-IT\",\"potentialAction\":[{\"@type\":\"ReadAction\",\"target\":[\"https:\/\/www.pressenza.com\/it\/2025\/10\/quel-che-resta-delle-strade-percorse-a-margine-di-eirenefest-firenze\/\"]}]},{\"@type\":\"ImageObject\",\"inLanguage\":\"it-IT\",\"@id\":\"https:\/\/www.pressenza.com\/it\/2025\/10\/quel-che-resta-delle-strade-percorse-a-margine-di-eirenefest-firenze\/#primaryimage\",\"url\":\"https:\/\/www.pressenza.com\/wp-content\/uploads\/2025\/10\/eirenefest-2025-Piagge-redazione-toscana-06.jpeg\",\"contentUrl\":\"https:\/\/www.pressenza.com\/wp-content\/uploads\/2025\/10\/eirenefest-2025-Piagge-redazione-toscana-06.jpeg\",\"width\":2040,\"height\":1536},{\"@type\":\"BreadcrumbList\",\"@id\":\"https:\/\/www.pressenza.com\/it\/2025\/10\/quel-che-resta-delle-strade-percorse-a-margine-di-eirenefest-firenze\/#breadcrumb\",\"itemListElement\":[{\"@type\":\"ListItem\",\"position\":1,\"name\":\"Accueil\",\"item\":\"https:\/\/www.pressenza.com\/it\/\"},{\"@type\":\"ListItem\",\"position\":2,\"name\":\"Quel che resta delle strade percorse: a margine di Eirenefest Firenze\"}]},{\"@type\":\"WebSite\",\"@id\":\"https:\/\/www.pressenza.com\/it\/#website\",\"url\":\"https:\/\/www.pressenza.com\/it\/\",\"name\":\"Pressenza\",\"description\":\"Agenzia di Stampa Internazionale\",\"publisher\":{\"@id\":\"https:\/\/www.pressenza.com\/it\/#organization\"},\"potentialAction\":[{\"@type\":\"SearchAction\",\"target\":{\"@type\":\"EntryPoint\",\"urlTemplate\":\"https:\/\/www.pressenza.com\/it\/?s={search_term_string}\"},\"query-input\":{\"@type\":\"PropertyValueSpecification\",\"valueRequired\":true,\"valueName\":\"search_term_string\"}}],\"inLanguage\":\"it-IT\"},{\"@type\":\"Organization\",\"@id\":\"https:\/\/www.pressenza.com\/it\/#organization\",\"name\":\"Pressenza\",\"url\":\"https:\/\/www.pressenza.com\/it\/\",\"logo\":{\"@type\":\"ImageObject\",\"inLanguage\":\"it-IT\",\"@id\":\"https:\/\/www.pressenza.com\/it\/#\/schema\/logo\/image\/\",\"url\":\"https:\/\/www.pressenza.com\/wp-content\/uploads\/2022\/10\/pressenza_logo_200x200.jpg\",\"contentUrl\":\"https:\/\/www.pressenza.com\/wp-content\/uploads\/2022\/10\/pressenza_logo_200x200.jpg\",\"width\":200,\"height\":200,\"caption\":\"Pressenza\"},\"image\":{\"@id\":\"https:\/\/www.pressenza.com\/it\/#\/schema\/logo\/image\/\"},\"sameAs\":[\"https:\/\/www.facebook.com\/PressenzaItalia\",\"https:\/\/x.com\/PressenzaIPA\"]},{\"@type\":\"Person\",\"@id\":\"https:\/\/www.pressenza.com\/it\/#\/schema\/person\/ce5e3dc5b9bf9dd1d82f8c694be86479\",\"name\":\"Emanuela Bavazzano\",\"url\":\"https:\/\/www.pressenza.com\/it\/author\/emanuela-bavazzano\/\"}]}<\/script>\n<!-- \/ Yoast SEO plugin. -->","yoast_head_json":{"title":"Quel che resta delle strade percorse: a margine di Eirenefest Firenze","description":"Eirenefest: questo anno \u00e8 stato \"Esperienza\" dentro le realt\u00e0 che animano le periferie nascoste. L'edizione fiorentina ha coinvolto, in continuit\u00e0 con","robots":{"index":"index","follow":"follow","max-snippet":"max-snippet:-1","max-image-preview":"max-image-preview:large","max-video-preview":"max-video-preview:-1"},"canonical":"https:\/\/www.pressenza.com\/it\/2025\/10\/quel-che-resta-delle-strade-percorse-a-margine-di-eirenefest-firenze\/","og_locale":"it_IT","og_type":"article","og_title":"Quel che resta delle strade percorse: a margine di Eirenefest Firenze","og_description":"Eirenefest: questo anno \u00e8 stato \"Esperienza\" dentro le realt\u00e0 che animano le periferie nascoste. L'edizione fiorentina ha coinvolto, in continuit\u00e0 con","og_url":"https:\/\/www.pressenza.com\/it\/2025\/10\/quel-che-resta-delle-strade-percorse-a-margine-di-eirenefest-firenze\/","og_site_name":"Pressenza","article_publisher":"https:\/\/www.facebook.com\/PressenzaItalia","article_published_time":"2025-10-29T04:16:01+00:00","article_modified_time":"2025-10-29T19:31:13+00:00","og_image":[{"width":2040,"height":1536,"url":"https:\/\/www.pressenza.com\/wp-content\/uploads\/2025\/10\/eirenefest-2025-Piagge-redazione-toscana-06.jpeg","type":"image\/jpeg"}],"author":"Emanuela Bavazzano","twitter_card":"summary_large_image","twitter_creator":"@PressenzaIPA","twitter_site":"@PressenzaIPA","twitter_misc":{"Scritto da":"Emanuela Bavazzano","Tempo di lettura stimato":"3 minuti"},"schema":{"@context":"https:\/\/schema.org","@graph":[{"@type":"Article","@id":"https:\/\/www.pressenza.com\/it\/2025\/10\/quel-che-resta-delle-strade-percorse-a-margine-di-eirenefest-firenze\/#article","isPartOf":{"@id":"https:\/\/www.pressenza.com\/it\/2025\/10\/quel-che-resta-delle-strade-percorse-a-margine-di-eirenefest-firenze\/"},"author":{"name":"Emanuela Bavazzano","@id":"https:\/\/www.pressenza.com\/it\/#\/schema\/person\/ce5e3dc5b9bf9dd1d82f8c694be86479"},"headline":"Quel che resta delle strade percorse: a margine di Eirenefest Firenze","datePublished":"2025-10-29T04:16:01+00:00","dateModified":"2025-10-29T19:31:13+00:00","mainEntityOfPage":{"@id":"https:\/\/www.pressenza.com\/it\/2025\/10\/quel-che-resta-delle-strade-percorse-a-margine-di-eirenefest-firenze\/"},"wordCount":450,"publisher":{"@id":"https:\/\/www.pressenza.com\/it\/#organization"},"image":{"@id":"https:\/\/www.pressenza.com\/it\/2025\/10\/quel-che-resta-delle-strade-percorse-a-margine-di-eirenefest-firenze\/#primaryimage"},"thumbnailUrl":"https:\/\/www.pressenza.com\/wp-content\/uploads\/2025\/10\/eirenefest-2025-Piagge-redazione-toscana-06.jpeg","keywords":["Alex Langer","comunit\u00e0 dell'Isolotto","Danilo Dolci","educazione nonviolenza","Eirenefest","Eirenefest Firenze","Firenze","le Piagge"],"articleSection":["contenuti originali","Cronaca","Cultura e Media","Nonviolenza"],"inLanguage":"it-IT"},{"@type":"WebPage","@id":"https:\/\/www.pressenza.com\/it\/2025\/10\/quel-che-resta-delle-strade-percorse-a-margine-di-eirenefest-firenze\/","url":"https:\/\/www.pressenza.com\/it\/2025\/10\/quel-che-resta-delle-strade-percorse-a-margine-di-eirenefest-firenze\/","name":"Quel che resta delle strade percorse: a margine di Eirenefest Firenze","isPartOf":{"@id":"https:\/\/www.pressenza.com\/it\/#website"},"primaryImageOfPage":{"@id":"https:\/\/www.pressenza.com\/it\/2025\/10\/quel-che-resta-delle-strade-percorse-a-margine-di-eirenefest-firenze\/#primaryimage"},"image":{"@id":"https:\/\/www.pressenza.com\/it\/2025\/10\/quel-che-resta-delle-strade-percorse-a-margine-di-eirenefest-firenze\/#primaryimage"},"thumbnailUrl":"https:\/\/www.pressenza.com\/wp-content\/uploads\/2025\/10\/eirenefest-2025-Piagge-redazione-toscana-06.jpeg","datePublished":"2025-10-29T04:16:01+00:00","dateModified":"2025-10-29T19:31:13+00:00","description":"Eirenefest: questo anno \u00e8 stato \"Esperienza\" dentro le realt\u00e0 che animano le periferie nascoste. L'edizione fiorentina ha coinvolto, in continuit\u00e0 con","breadcrumb":{"@id":"https:\/\/www.pressenza.com\/it\/2025\/10\/quel-che-resta-delle-strade-percorse-a-margine-di-eirenefest-firenze\/#breadcrumb"},"inLanguage":"it-IT","potentialAction":[{"@type":"ReadAction","target":["https:\/\/www.pressenza.com\/it\/2025\/10\/quel-che-resta-delle-strade-percorse-a-margine-di-eirenefest-firenze\/"]}]},{"@type":"ImageObject","inLanguage":"it-IT","@id":"https:\/\/www.pressenza.com\/it\/2025\/10\/quel-che-resta-delle-strade-percorse-a-margine-di-eirenefest-firenze\/#primaryimage","url":"https:\/\/www.pressenza.com\/wp-content\/uploads\/2025\/10\/eirenefest-2025-Piagge-redazione-toscana-06.jpeg","contentUrl":"https:\/\/www.pressenza.com\/wp-content\/uploads\/2025\/10\/eirenefest-2025-Piagge-redazione-toscana-06.jpeg","width":2040,"height":1536},{"@type":"BreadcrumbList","@id":"https:\/\/www.pressenza.com\/it\/2025\/10\/quel-che-resta-delle-strade-percorse-a-margine-di-eirenefest-firenze\/#breadcrumb","itemListElement":[{"@type":"ListItem","position":1,"name":"Accueil","item":"https:\/\/www.pressenza.com\/it\/"},{"@type":"ListItem","position":2,"name":"Quel che resta delle strade percorse: a margine di Eirenefest Firenze"}]},{"@type":"WebSite","@id":"https:\/\/www.pressenza.com\/it\/#website","url":"https:\/\/www.pressenza.com\/it\/","name":"Pressenza","description":"Agenzia di Stampa Internazionale","publisher":{"@id":"https:\/\/www.pressenza.com\/it\/#organization"},"potentialAction":[{"@type":"SearchAction","target":{"@type":"EntryPoint","urlTemplate":"https:\/\/www.pressenza.com\/it\/?s={search_term_string}"},"query-input":{"@type":"PropertyValueSpecification","valueRequired":true,"valueName":"search_term_string"}}],"inLanguage":"it-IT"},{"@type":"Organization","@id":"https:\/\/www.pressenza.com\/it\/#organization","name":"Pressenza","url":"https:\/\/www.pressenza.com\/it\/","logo":{"@type":"ImageObject","inLanguage":"it-IT","@id":"https:\/\/www.pressenza.com\/it\/#\/schema\/logo\/image\/","url":"https:\/\/www.pressenza.com\/wp-content\/uploads\/2022\/10\/pressenza_logo_200x200.jpg","contentUrl":"https:\/\/www.pressenza.com\/wp-content\/uploads\/2022\/10\/pressenza_logo_200x200.jpg","width":200,"height":200,"caption":"Pressenza"},"image":{"@id":"https:\/\/www.pressenza.com\/it\/#\/schema\/logo\/image\/"},"sameAs":["https:\/\/www.facebook.com\/PressenzaItalia","https:\/\/x.com\/PressenzaIPA"]},{"@type":"Person","@id":"https:\/\/www.pressenza.com\/it\/#\/schema\/person\/ce5e3dc5b9bf9dd1d82f8c694be86479","name":"Emanuela Bavazzano","url":"https:\/\/www.pressenza.com\/it\/author\/emanuela-bavazzano\/"}]}},"place":"Firenze, 24-25-26 ottobre","original_article_url":"","_links":{"self":[{"href":"https:\/\/www.pressenza.com\/it\/wp-json\/wp\/v2\/posts\/2648475","targetHints":{"allow":["GET"]}}],"collection":[{"href":"https:\/\/www.pressenza.com\/it\/wp-json\/wp\/v2\/posts"}],"about":[{"href":"https:\/\/www.pressenza.com\/it\/wp-json\/wp\/v2\/types\/post"}],"author":[{"embeddable":true,"href":"https:\/\/www.pressenza.com\/it\/wp-json\/wp\/v2\/users\/2553"}],"replies":[{"embeddable":true,"href":"https:\/\/www.pressenza.com\/it\/wp-json\/wp\/v2\/comments?post=2648475"}],"version-history":[{"count":3,"href":"https:\/\/www.pressenza.com\/it\/wp-json\/wp\/v2\/posts\/2648475\/revisions"}],"predecessor-version":[{"id":2648589,"href":"https:\/\/www.pressenza.com\/it\/wp-json\/wp\/v2\/posts\/2648475\/revisions\/2648589"}],"wp:featuredmedia":[{"embeddable":true,"href":"https:\/\/www.pressenza.com\/it\/wp-json\/wp\/v2\/media\/2648144"}],"wp:attachment":[{"href":"https:\/\/www.pressenza.com\/it\/wp-json\/wp\/v2\/media?parent=2648475"}],"wp:term":[{"taxonomy":"category","embeddable":true,"href":"https:\/\/www.pressenza.com\/it\/wp-json\/wp\/v2\/categories?post=2648475"},{"taxonomy":"post_tag","embeddable":true,"href":"https:\/\/www.pressenza.com\/it\/wp-json\/wp\/v2\/tags?post=2648475"}],"curies":[{"name":"wp","href":"https:\/\/api.w.org\/{rel}","templated":true}]}}