{"id":2647041,"date":"2025-10-22T18:16:20","date_gmt":"2025-10-22T17:16:20","guid":{"rendered":"https:\/\/www.pressenza.com\/?p=2647041"},"modified":"2025-10-22T18:48:26","modified_gmt":"2025-10-22T17:48:26","slug":"in-brasile-la-scuola-statale-parque-dos-sonhos-ispirata-allumanesimo-riconosciuta-come-migliore-scuola-al-mondo-2025","status":"publish","type":"post","link":"https:\/\/www.pressenza.com\/it\/2025\/10\/in-brasile-la-scuola-statale-parque-dos-sonhos-ispirata-allumanesimo-riconosciuta-come-migliore-scuola-al-mondo-2025\/","title":{"rendered":"In Brasile la scuola statale Parque dos Sonhos, ispirata all\u2019umanesimo, riconosciuta come migliore scuola al mondo 2025"},"content":{"rendered":"<p><strong>La scuola statale Parque dos Sonhos, situata nel Bols\u00e3o 9 di Cubat\u00e3o, sulla costa di San Paolo, ha appena ricevuto il Premio Internazionale per la Migliore Scuola del Mondo 2025, nella categoria \u201cSuperare le avversit\u00e0\u201d, assegnato da una giuria globale di esperti in materia di istruzione.<\/strong><\/p>\n<p>Questo risultato non solo rappresenta il riconoscimento di un&#8217;istituzione pubblica della periferia brasiliana, ma simboleggia anche la forza dell&#8217;educazione popolare umanista, ispirata agli insegnamenti di Paulo Freire e del filosofo argentino Mario Rodr\u00edguez Cobos (Silo), il cui lascito a difesa della nonviolenza ispira pratiche pedagogiche in diverse parti del mondo.<\/p>\n<h3><strong>Una scuola che fiorisce nonostante le avversit\u00e0<\/strong><\/h3>\n<p>La scuola Parque dos Sonhos \u00e8 oggi un punto di riferimento internazionale nell&#8217;ambito dell&#8217;istruzione trasformativa, fondata sui pilastri della cultura della pace, della solidariet\u00e0 e della partecipazione attiva degli studenti. Situata in una regione storicamente segnata dall&#8217;esclusione sociale, la scuola ha trasformato la sua quotidianit\u00e0 in uno spazio di dialogo, empatia e azione collettiva.<\/p>\n<p>Tra i progetti che hanno contraddistinto il premio assegnato alla scuola:<br \/>\n\u25cf Programmi di sport, arte e cultura, con la partecipazione attiva degli studenti.<br \/>\n\u25cf Settimana della nonviolenza, celebrata ogni anno in occasione dell&#8217;anniversario della nascita di Mahatma Gandhi, che mobilita studenti, famiglie e la comunit\u00e0 locale.<br \/>\n\u25cf Pedagogia del Nuovo Umanesimo, corrente che valorizza lo sviluppo integrale dell&#8217;essere umano, riconoscendone la dignit\u00e0, la libert\u00e0 e la capacit\u00e0 di trasformazione.<br \/>\n\u25cf Iniziative di mediazione dei conflitti e di ascolto attivo, che hanno ridotto significativamente i tassi di violenza scolastica nella comunit\u00e0.<\/p>\n<p>La scuola si \u00e8 distinta anche per aver unito l&#8217;istruzione formale ad attivit\u00e0 extrascolastiche che rafforzano l&#8217;autostima dei giovani. Lo sport, in particolare il pattinaggio e la pallavolo, \u00e8 diventato uno dei pilastri dell&#8217;inclusione e della convivenza sana, avvicinando gli studenti a pratiche collettive che sviluppano disciplina, solidariet\u00e0 e fiducia reciproca. Questi progetti sportivi, svolti in dialogo con la comunit\u00e0, hanno contribuito direttamente al senso di appartenenza e hanno ridotto i casi di abbandono scolastico.<\/p>\n<h3><strong>Il percorso umanista del direttore R\u00e9gis Marques Ribeiro<\/strong><\/h3>\n<p>A capo dell&#8217;istituzione c&#8217;\u00e8 il professore di storia R\u00e9gis Marques Ribeiro, educatore popolare, attivista umanista e difensore dei diritti umani. Laureato in Storia presso l&#8217;Unesp di Assis e con un master in Educazione alla nonviolenza, R\u00e9gis ha alle spalle 20 anni di dedizione all&#8217;istruzione pubblica.<\/p>\n<p>La sua carriera \u00e8 iniziata nel movimento studentesco, coordinando corsi preuniversitari umanisti con insegnanti volontari nei quartieri periferici di San Paolo e nella citt\u00e0 di Assis, esperienze fondamentali per migliaia di giovani della prima generazione delle loro famiglie ad accedere all&#8217;istruzione superiore. Questi corsi, collegati all&#8217;Istituto della Nonviolenza, sono diventati un vero e proprio laboratorio di pratiche pedagogiche umaniste, basate sul dialogo e sulla cooperazione, in contrasto con il tradizionale modello competitivo.<\/p>\n<p>Membro del Movimento Umanista Internazionale, R\u00e9gis \u00e8 anche uno dei fondatori di QuatroV, un mezzo di comunicazione indipendente creato per dare voce ai movimenti sociali invisibili ai media tradizionali. \u00c8 stato coautore del Manuale di Difesa contro la Censura nelle Scuole, un riferimento per gli educatori in tempi di attacchi alla libert\u00e0 di insegnare.<\/p>\n<p>La sua attivit\u00e0 non si limita al Brasile. Nel 2013, dopo aver viaggiato per l&#8217;inaugurazione del Parco di Studio e Riflessione Marracuene in Mozambico, R\u00e9gis ha condotto una ricerca sul campo a Johannesburg, esplorando i percorsi compiuti da Nelson Mandela nella lotta contro l&#8217;apartheid. Queste esperienze hanno rafforzato la sua convinzione che l&#8217;istruzione sia, prima di tutto, un atto di liberazione.<\/p>\n<h3><strong>Un premio che risuona oltre i confini della scuola<\/strong><\/h3>\n<p>Il riconoscimento internazionale ottenuto dalla Scuola Statale Parque dos Sonhos non \u00e8 solo una vittoria per la comunit\u00e0 scolastica di Cubat\u00e3o, ma anche un simbolo di speranza per le scuole pubbliche di tutto il mondo. In tempi di crisi sociale ed educativa, il premio ribadisce che \u00e8 possibile superare le avversit\u00e0 quando l&#8217;istruzione si basa sulla dignit\u00e0 umana, sulla solidariet\u00e0 e sulla nonviolenza.<\/p>\n<p>Il premio riconosce anche l&#8217;impegno di tutto il corpo docente e degli studenti che credono nel potere trasformativo dell&#8217;istruzione. Progetti collettivi di sport, comunicazione studentesca e pratiche comunitarie sono prove concrete del fatto che una scuola pubblica, quando \u00e8 guidata da valori umanisti, pu\u00f2 essere il cuore pulsante della trasformazione sociale.<\/p>\n<blockquote><p>\u201cCrediamo in un&#8217;istruzione che non solo trasmetta conoscenze, ma risvegli la coscienza, rafforzi i legami comunitari e promuova la pace. Questo premio appartiene a ogni studente, insegnante e famiglia che ogni giorno contribuisce alla costruzione del Parque dos Sonhos. \u00c8 anche un omaggio a Silo, la cui filosofia umanista ispira il nostro cammino\u201d. \u2013 R\u00e9gis Marques Ribeiro, Direttore della Scuola Parque dos Sonhos<\/p><\/blockquote>\n<h3><strong>Le porte che parlano: graffiti nella Scuola Statale Parque dos Sonhos<\/strong><\/h3>\n<p>Uno dei simboli pi\u00f9 significativi dell&#8217;identit\u00e0 della Scuola Statale Parque dos Sonhos \u00e8 la galleria di graffiti che occupa le porte di ogni aula. Pi\u00f9 che arte, questi murales sono un invito quotidiano al dialogo tra generazioni e culture. Ogni porta rende omaggio a una figura umanista, un attivista sociale o un difensore della libert\u00e0, creando un percorso di ispirazione per gli studenti:<\/p>\n<ul>\n<li>Malala Yousafzai \u2013 Simbolo globale della lotta per il diritto all&#8217;istruzione delle bambine.<br \/>\n\u25cf Silo (Mario Rodr\u00edguez Cobos) \u2013 Filosofo argentino, fondatore del Nuovo Umanesimo e ispiratore della pedagogia della scuola.<br \/>\n\u25cf Marielle Franco \u2013 Sociologa, consigliera comunale di Rio de Janeiro e difenditrice dei diritti umani, messa a tacere dalla violenza politica.<br \/>\n\u25cf Paulo Freire \u2013 Educatore e patrono dell&#8217;Educazione Brasiliana, noto per la sua pedagogia umanizzante e per il libro Pedagogia degli Oppressi. Difendeva un&#8217;educazione critica, dialogica e incentrata sull&#8217;autonomia dello studente.<br \/>\n\u25cf Lev Tolstoj \u2013 Scrittore e pensatore cristiano pacifista russo, autore di opere come Guerra e pace e Anna Karenina. Negli ultimi anni della sua vita si dedic\u00f2 alla letteratura, all&#8217;educazione popolare e alla nonviolenza.<br \/>\n\u25cf Jos\u00e9 \u201cPepe\u201d Mujica \u2013 Ex presidente dell&#8217;Uruguay, riferimento mondiale di semplicit\u00e0, solidariet\u00e0 e democrazia partecipativa.<\/li>\n<li>Mahatma Gandhi \u2013 Ispiratore della resistenza nonviolenta contro il colonialismo britannico e contro il sistema delle caste indiano.<br \/>\n\u25cf Nelson Mandela \u2013 Leader della lotta contro l&#8217;apartheid, simbolo della riconciliazione e della giustizia razziale.<br \/>\n\u25cf Martin Luther King Jr. \u2013 Voce dell&#8217;uguaglianza razziale e della lotta per i diritti civili negli Stati Uniti.<br \/>\n\u25cf Rosa Parks \u2013 Icona della resistenza pacifica contro la segregazione razziale.<br \/>\n\u25cf Carmen Hertz \u2013 Avvocatessa cilena e punto di riferimento nella difesa dei diritti umani durante e dopo la dittatura.<br \/>\n\u25cf Milagro Sala \u2013 Attivista sociale argentina, difenditrice dei popoli indigeni e delle cooperative popolari.<br \/>\n\u25cf Aung San Suu Kyi \u2013 Premio Nobel per la Pace e simbolo della resistenza democratica in Myanmar.<\/li>\n<\/ul>\n<p>Questi graffiti fanno parte del progetto pedagogico volto a trasformare i corridoi scolastici in spazi di memoria attiva, dove ogni studente \u00e8 invitato quotidianamente a dialogare con le storie di coloro che, in tempi e luoghi diversi, hanno lottato per la dignit\u00e0, la giustizia sociale e la nonviolenza.<\/p>\n<h3><strong>Un&#8217;eredit\u00e0 collettiva: ringraziamento a Silo, Gandhi e Luther King Jr.<\/strong><\/h3>\n<p>Il premio ricevuto dalla Scuola Parque dos Sonhos \u00e8 dedicato a tutti coloro che, quotidianamente, costruiscono la possibilit\u00e0 di un&#8217;educazione liberatrice in mezzo alle difficolt\u00e0. Ma, soprattutto, \u00e8 un gesto di profonda gratitudine al pensatore umanista Silo, il \u201cSaggio delle Ande\u201d, la cui visione di un mondo nonviolento continua a illuminare le pratiche pedagogiche e sociali in diverse culture.<\/p>\n<p>Secondo la concezione del Nuovo Umanesimo, uno studente non \u00e8 una formica n\u00e9 un semplice pezzo modellato per il lavoro. Al contrario, ogni studentessa e ogni studente rappresenta il futuro dell&#8217;umanit\u00e0 e porta dentro di s\u00e9 un intero universo, fatto di storie, sogni e canzoni. Spetta all&#8217;istruzione creare spazi pedagogici vivaci e accoglienti, in grado di permettere a quell&#8217;universo di fiorire, affinch\u00e9 ogni essere umano possa realizzare la sua vocazione pi\u00f9 profonda.<\/p>\n<p>Silo, Gandhi e Luther King hanno insegnato che \u201cla vera rivoluzione \u00e8 quella della coscienza\u201d, ed \u00e8 proprio questa convinzione che guida il lavoro della scuola di Cubat\u00e3o. Dallo sport al giornale studentesco, dalle lezioni regolari alle settimane di riflessione sulla pace e la nonviolenza attiva, ogni iniziativa cerca di incarnare il principio secondo cui l&#8217;istruzione \u00e8 completa solo quando rispetta la dignit\u00e0 dell&#8217;essere umano, lavorando in modo integrale sull&#8217;intelletto, le emozioni e le capacit\u00e0 motorie dello studente, riconoscendo in lui la sua infinita capacit\u00e0 di trasformazione.<\/p>\n<p><img loading=\"lazy\" decoding=\"async\" class=\"alignleft wp-image-2647046 \" src=\"https:\/\/www.pressenza.com\/wp-content\/uploads\/2025\/10\/scuola-brasile.jpeg\" alt=\"\" width=\"411\" height=\"230\" \/><\/p>\n<p>&nbsp;<\/p>\n<p>&nbsp;<\/p>\n<p>&nbsp;<\/p>\n<p>&nbsp;<\/p>\n<p>&nbsp;<\/p>\n<hr \/>\n<p><em>Traduzione dallo spagnolo di Stella Maris Dante. Revisione di Thomas Schmid.<\/em><\/p>\n","protected":false},"excerpt":{"rendered":"<p>La scuola statale Parque dos Sonhos, situata nel Bols\u00e3o 9 di Cubat\u00e3o, sulla costa di San Paolo, ha appena ricevuto il Premio Internazionale per la Migliore Scuola del Mondo 2025, nella categoria \u201cSuperare le avversit\u00e0\u201d, assegnato da una giuria globale&hellip;<\/p>\n","protected":false},"author":44,"featured_media":2647042,"comment_status":"closed","ping_status":"closed","sticky":false,"template":"","format":"standard","meta":{"footnotes":""},"categories":[11388,107392,1258,48],"tags":[3993,144954,4566,144953,1414,144952],"class_list":["post-2647041","post","type-post","status-publish","format-standard","has-post-thumbnail","hentry","category-contenuti-originali","category-noticia-it","category-educazione","category-sud-america","tag-brasile","tag-cubatao","tag-educazione-alla-nonviolenza","tag-migliore-scuola-al-mondo-2025","tag-scuola-pubblica","tag-scuola-statale-parque-dos-sonhos"],"yoast_head":"<!-- This site is optimized with the Yoast SEO plugin v27.1.1 - https:\/\/yoast.com\/product\/yoast-seo-wordpress\/ -->\n<title>In Brasile la scuola statale Parque dos Sonhos, ispirata all\u2019umanesimo, riconosciuta come migliore scuola al mondo 2025<\/title>\n<meta name=\"description\" content=\"La scuola statale Parque dos Sonhos, situata nel Bols\u00e3o 9 di Cubat\u00e3o, sulla costa di San Paolo, ha appena ricevuto il Premio Internazionale per la\" \/>\n<meta name=\"robots\" content=\"index, follow, max-snippet:-1, max-image-preview:large, max-video-preview:-1\" \/>\n<link rel=\"canonical\" href=\"https:\/\/www.pressenza.com\/it\/2025\/10\/in-brasile-la-scuola-statale-parque-dos-sonhos-ispirata-allumanesimo-riconosciuta-come-migliore-scuola-al-mondo-2025\/\" \/>\n<meta property=\"og:locale\" content=\"it_IT\" \/>\n<meta property=\"og:type\" content=\"article\" \/>\n<meta property=\"og:title\" content=\"In Brasile la scuola statale Parque dos Sonhos, ispirata all\u2019umanesimo, riconosciuta come migliore scuola al mondo 2025\" \/>\n<meta property=\"og:description\" content=\"La scuola statale Parque dos Sonhos, situata nel Bols\u00e3o 9 di Cubat\u00e3o, sulla costa di San Paolo, ha appena ricevuto il Premio Internazionale per la\" \/>\n<meta property=\"og:url\" content=\"https:\/\/www.pressenza.com\/it\/2025\/10\/in-brasile-la-scuola-statale-parque-dos-sonhos-ispirata-allumanesimo-riconosciuta-come-migliore-scuola-al-mondo-2025\/\" \/>\n<meta property=\"og:site_name\" content=\"Pressenza\" \/>\n<meta property=\"article:publisher\" content=\"https:\/\/www.facebook.com\/PressenzaItalia\" \/>\n<meta property=\"article:author\" content=\"https:\/\/www.facebook.com\/PressenzaPortugues\" \/>\n<meta property=\"article:published_time\" content=\"2025-10-22T17:16:20+00:00\" \/>\n<meta property=\"article:modified_time\" content=\"2025-10-22T17:48:26+00:00\" \/>\n<meta property=\"og:image\" content=\"https:\/\/www.pressenza.com\/wp-content\/uploads\/2025\/10\/WhatsApp-Image-2025-06-18-at-15.03.26-1024x684-1.jpeg\" \/>\n\t<meta property=\"og:image:width\" content=\"1024\" \/>\n\t<meta property=\"og:image:height\" content=\"684\" \/>\n\t<meta property=\"og:image:type\" content=\"image\/jpeg\" \/>\n<meta name=\"author\" content=\"Reda\u00e7\u00e3o S\u00e3o Paulo\" \/>\n<meta name=\"twitter:card\" content=\"summary_large_image\" \/>\n<meta name=\"twitter:creator\" content=\"@pressenza_pt\" \/>\n<meta name=\"twitter:site\" content=\"@PressenzaIPA\" \/>\n<meta name=\"twitter:label1\" content=\"Scritto da\" \/>\n\t<meta name=\"twitter:data1\" content=\"Reda\u00e7\u00e3o S\u00e3o Paulo\" \/>\n\t<meta name=\"twitter:label2\" content=\"Tempo di lettura stimato\" \/>\n\t<meta name=\"twitter:data2\" content=\"7 minuti\" \/>\n<script type=\"application\/ld+json\" class=\"yoast-schema-graph\">{\"@context\":\"https:\/\/schema.org\",\"@graph\":[{\"@type\":\"Article\",\"@id\":\"https:\/\/www.pressenza.com\/it\/2025\/10\/in-brasile-la-scuola-statale-parque-dos-sonhos-ispirata-allumanesimo-riconosciuta-come-migliore-scuola-al-mondo-2025\/#article\",\"isPartOf\":{\"@id\":\"https:\/\/www.pressenza.com\/it\/2025\/10\/in-brasile-la-scuola-statale-parque-dos-sonhos-ispirata-allumanesimo-riconosciuta-come-migliore-scuola-al-mondo-2025\/\"},\"author\":{\"name\":\"Reda\u00e7\u00e3o S\u00e3o Paulo\",\"@id\":\"https:\/\/www.pressenza.com\/it\/#\/schema\/person\/d171826afb7693cfc394da95892bfd93\"},\"headline\":\"In Brasile la scuola statale Parque dos Sonhos, ispirata all\u2019umanesimo, riconosciuta come migliore scuola al mondo 2025\",\"datePublished\":\"2025-10-22T17:16:20+00:00\",\"dateModified\":\"2025-10-22T17:48:26+00:00\",\"mainEntityOfPage\":{\"@id\":\"https:\/\/www.pressenza.com\/it\/2025\/10\/in-brasile-la-scuola-statale-parque-dos-sonhos-ispirata-allumanesimo-riconosciuta-come-migliore-scuola-al-mondo-2025\/\"},\"wordCount\":1385,\"publisher\":{\"@id\":\"https:\/\/www.pressenza.com\/it\/#organization\"},\"image\":{\"@id\":\"https:\/\/www.pressenza.com\/it\/2025\/10\/in-brasile-la-scuola-statale-parque-dos-sonhos-ispirata-allumanesimo-riconosciuta-come-migliore-scuola-al-mondo-2025\/#primaryimage\"},\"thumbnailUrl\":\"https:\/\/www.pressenza.com\/wp-content\/uploads\/2025\/10\/WhatsApp-Image-2025-06-18-at-15.03.26-1024x684-1.jpeg\",\"keywords\":[\"Brasile\",\"Cubat\u00e3o\",\"educazione alla nonviolenza\",\"migliore scuola al mondo 2025\",\"scuola pubblica\",\"Scuola statale Parque dos Sonhos\"],\"articleSection\":[\"contenuti originali\",\"Cronaca\",\"Educazione\",\"Sud America\"],\"inLanguage\":\"it-IT\"},{\"@type\":\"WebPage\",\"@id\":\"https:\/\/www.pressenza.com\/it\/2025\/10\/in-brasile-la-scuola-statale-parque-dos-sonhos-ispirata-allumanesimo-riconosciuta-come-migliore-scuola-al-mondo-2025\/\",\"url\":\"https:\/\/www.pressenza.com\/it\/2025\/10\/in-brasile-la-scuola-statale-parque-dos-sonhos-ispirata-allumanesimo-riconosciuta-come-migliore-scuola-al-mondo-2025\/\",\"name\":\"In Brasile la scuola statale Parque dos Sonhos, ispirata all\u2019umanesimo, riconosciuta come migliore scuola al mondo 2025\",\"isPartOf\":{\"@id\":\"https:\/\/www.pressenza.com\/it\/#website\"},\"primaryImageOfPage\":{\"@id\":\"https:\/\/www.pressenza.com\/it\/2025\/10\/in-brasile-la-scuola-statale-parque-dos-sonhos-ispirata-allumanesimo-riconosciuta-come-migliore-scuola-al-mondo-2025\/#primaryimage\"},\"image\":{\"@id\":\"https:\/\/www.pressenza.com\/it\/2025\/10\/in-brasile-la-scuola-statale-parque-dos-sonhos-ispirata-allumanesimo-riconosciuta-come-migliore-scuola-al-mondo-2025\/#primaryimage\"},\"thumbnailUrl\":\"https:\/\/www.pressenza.com\/wp-content\/uploads\/2025\/10\/WhatsApp-Image-2025-06-18-at-15.03.26-1024x684-1.jpeg\",\"datePublished\":\"2025-10-22T17:16:20+00:00\",\"dateModified\":\"2025-10-22T17:48:26+00:00\",\"description\":\"La scuola statale Parque dos Sonhos, situata nel Bols\u00e3o 9 di Cubat\u00e3o, sulla costa di San Paolo, ha appena ricevuto il Premio Internazionale per la\",\"breadcrumb\":{\"@id\":\"https:\/\/www.pressenza.com\/it\/2025\/10\/in-brasile-la-scuola-statale-parque-dos-sonhos-ispirata-allumanesimo-riconosciuta-come-migliore-scuola-al-mondo-2025\/#breadcrumb\"},\"inLanguage\":\"it-IT\",\"potentialAction\":[{\"@type\":\"ReadAction\",\"target\":[\"https:\/\/www.pressenza.com\/it\/2025\/10\/in-brasile-la-scuola-statale-parque-dos-sonhos-ispirata-allumanesimo-riconosciuta-come-migliore-scuola-al-mondo-2025\/\"]}]},{\"@type\":\"ImageObject\",\"inLanguage\":\"it-IT\",\"@id\":\"https:\/\/www.pressenza.com\/it\/2025\/10\/in-brasile-la-scuola-statale-parque-dos-sonhos-ispirata-allumanesimo-riconosciuta-come-migliore-scuola-al-mondo-2025\/#primaryimage\",\"url\":\"https:\/\/www.pressenza.com\/wp-content\/uploads\/2025\/10\/WhatsApp-Image-2025-06-18-at-15.03.26-1024x684-1.jpeg\",\"contentUrl\":\"https:\/\/www.pressenza.com\/wp-content\/uploads\/2025\/10\/WhatsApp-Image-2025-06-18-at-15.03.26-1024x684-1.jpeg\",\"width\":1024,\"height\":684,\"caption\":\"S\u00e3o Paulo f\u00fchrt Woche der Gewaltfreiheit an Schulen ein\"},{\"@type\":\"BreadcrumbList\",\"@id\":\"https:\/\/www.pressenza.com\/it\/2025\/10\/in-brasile-la-scuola-statale-parque-dos-sonhos-ispirata-allumanesimo-riconosciuta-come-migliore-scuola-al-mondo-2025\/#breadcrumb\",\"itemListElement\":[{\"@type\":\"ListItem\",\"position\":1,\"name\":\"Accueil\",\"item\":\"https:\/\/www.pressenza.com\/it\/\"},{\"@type\":\"ListItem\",\"position\":2,\"name\":\"In Brasile la scuola statale Parque dos Sonhos, ispirata all\u2019umanesimo, riconosciuta come migliore scuola al mondo 2025\"}]},{\"@type\":\"WebSite\",\"@id\":\"https:\/\/www.pressenza.com\/it\/#website\",\"url\":\"https:\/\/www.pressenza.com\/it\/\",\"name\":\"Pressenza\",\"description\":\"Agenzia di Stampa Internazionale\",\"publisher\":{\"@id\":\"https:\/\/www.pressenza.com\/it\/#organization\"},\"potentialAction\":[{\"@type\":\"SearchAction\",\"target\":{\"@type\":\"EntryPoint\",\"urlTemplate\":\"https:\/\/www.pressenza.com\/it\/?s={search_term_string}\"},\"query-input\":{\"@type\":\"PropertyValueSpecification\",\"valueRequired\":true,\"valueName\":\"search_term_string\"}}],\"inLanguage\":\"it-IT\"},{\"@type\":\"Organization\",\"@id\":\"https:\/\/www.pressenza.com\/it\/#organization\",\"name\":\"Pressenza\",\"url\":\"https:\/\/www.pressenza.com\/it\/\",\"logo\":{\"@type\":\"ImageObject\",\"inLanguage\":\"it-IT\",\"@id\":\"https:\/\/www.pressenza.com\/it\/#\/schema\/logo\/image\/\",\"url\":\"https:\/\/www.pressenza.com\/wp-content\/uploads\/2022\/10\/pressenza_logo_200x200.jpg\",\"contentUrl\":\"https:\/\/www.pressenza.com\/wp-content\/uploads\/2022\/10\/pressenza_logo_200x200.jpg\",\"width\":200,\"height\":200,\"caption\":\"Pressenza\"},\"image\":{\"@id\":\"https:\/\/www.pressenza.com\/it\/#\/schema\/logo\/image\/\"},\"sameAs\":[\"https:\/\/www.facebook.com\/PressenzaItalia\",\"https:\/\/x.com\/PressenzaIPA\"]},{\"@type\":\"Person\",\"@id\":\"https:\/\/www.pressenza.com\/it\/#\/schema\/person\/d171826afb7693cfc394da95892bfd93\",\"name\":\"Reda\u00e7\u00e3o S\u00e3o Paulo\",\"description\":\"News from the Pressenza bureau in Sao Paulo, Brazil\",\"sameAs\":[\"https:\/\/www.facebook.com\/PressenzaPortugues\",\"https:\/\/x.com\/pressenza_pt\"],\"url\":\"https:\/\/www.pressenza.com\/it\/author\/redaccao-sao-paulo\/\"}]}<\/script>\n<!-- \/ Yoast SEO plugin. -->","yoast_head_json":{"title":"In Brasile la scuola statale Parque dos Sonhos, ispirata all\u2019umanesimo, riconosciuta come migliore scuola al mondo 2025","description":"La scuola statale Parque dos Sonhos, situata nel Bols\u00e3o 9 di Cubat\u00e3o, sulla costa di San Paolo, ha appena ricevuto il Premio Internazionale per la","robots":{"index":"index","follow":"follow","max-snippet":"max-snippet:-1","max-image-preview":"max-image-preview:large","max-video-preview":"max-video-preview:-1"},"canonical":"https:\/\/www.pressenza.com\/it\/2025\/10\/in-brasile-la-scuola-statale-parque-dos-sonhos-ispirata-allumanesimo-riconosciuta-come-migliore-scuola-al-mondo-2025\/","og_locale":"it_IT","og_type":"article","og_title":"In Brasile la scuola statale Parque dos Sonhos, ispirata all\u2019umanesimo, riconosciuta come migliore scuola al mondo 2025","og_description":"La scuola statale Parque dos Sonhos, situata nel Bols\u00e3o 9 di Cubat\u00e3o, sulla costa di San Paolo, ha appena ricevuto il Premio Internazionale per la","og_url":"https:\/\/www.pressenza.com\/it\/2025\/10\/in-brasile-la-scuola-statale-parque-dos-sonhos-ispirata-allumanesimo-riconosciuta-come-migliore-scuola-al-mondo-2025\/","og_site_name":"Pressenza","article_publisher":"https:\/\/www.facebook.com\/PressenzaItalia","article_author":"https:\/\/www.facebook.com\/PressenzaPortugues","article_published_time":"2025-10-22T17:16:20+00:00","article_modified_time":"2025-10-22T17:48:26+00:00","og_image":[{"width":1024,"height":684,"url":"https:\/\/www.pressenza.com\/wp-content\/uploads\/2025\/10\/WhatsApp-Image-2025-06-18-at-15.03.26-1024x684-1.jpeg","type":"image\/jpeg"}],"author":"Reda\u00e7\u00e3o S\u00e3o Paulo","twitter_card":"summary_large_image","twitter_creator":"@pressenza_pt","twitter_site":"@PressenzaIPA","twitter_misc":{"Scritto da":"Reda\u00e7\u00e3o S\u00e3o Paulo","Tempo di lettura stimato":"7 minuti"},"schema":{"@context":"https:\/\/schema.org","@graph":[{"@type":"Article","@id":"https:\/\/www.pressenza.com\/it\/2025\/10\/in-brasile-la-scuola-statale-parque-dos-sonhos-ispirata-allumanesimo-riconosciuta-come-migliore-scuola-al-mondo-2025\/#article","isPartOf":{"@id":"https:\/\/www.pressenza.com\/it\/2025\/10\/in-brasile-la-scuola-statale-parque-dos-sonhos-ispirata-allumanesimo-riconosciuta-come-migliore-scuola-al-mondo-2025\/"},"author":{"name":"Reda\u00e7\u00e3o S\u00e3o Paulo","@id":"https:\/\/www.pressenza.com\/it\/#\/schema\/person\/d171826afb7693cfc394da95892bfd93"},"headline":"In Brasile la scuola statale Parque dos Sonhos, ispirata all\u2019umanesimo, riconosciuta come migliore scuola al mondo 2025","datePublished":"2025-10-22T17:16:20+00:00","dateModified":"2025-10-22T17:48:26+00:00","mainEntityOfPage":{"@id":"https:\/\/www.pressenza.com\/it\/2025\/10\/in-brasile-la-scuola-statale-parque-dos-sonhos-ispirata-allumanesimo-riconosciuta-come-migliore-scuola-al-mondo-2025\/"},"wordCount":1385,"publisher":{"@id":"https:\/\/www.pressenza.com\/it\/#organization"},"image":{"@id":"https:\/\/www.pressenza.com\/it\/2025\/10\/in-brasile-la-scuola-statale-parque-dos-sonhos-ispirata-allumanesimo-riconosciuta-come-migliore-scuola-al-mondo-2025\/#primaryimage"},"thumbnailUrl":"https:\/\/www.pressenza.com\/wp-content\/uploads\/2025\/10\/WhatsApp-Image-2025-06-18-at-15.03.26-1024x684-1.jpeg","keywords":["Brasile","Cubat\u00e3o","educazione alla nonviolenza","migliore scuola al mondo 2025","scuola pubblica","Scuola statale Parque dos Sonhos"],"articleSection":["contenuti originali","Cronaca","Educazione","Sud America"],"inLanguage":"it-IT"},{"@type":"WebPage","@id":"https:\/\/www.pressenza.com\/it\/2025\/10\/in-brasile-la-scuola-statale-parque-dos-sonhos-ispirata-allumanesimo-riconosciuta-come-migliore-scuola-al-mondo-2025\/","url":"https:\/\/www.pressenza.com\/it\/2025\/10\/in-brasile-la-scuola-statale-parque-dos-sonhos-ispirata-allumanesimo-riconosciuta-come-migliore-scuola-al-mondo-2025\/","name":"In Brasile la scuola statale Parque dos Sonhos, ispirata all\u2019umanesimo, riconosciuta come migliore scuola al mondo 2025","isPartOf":{"@id":"https:\/\/www.pressenza.com\/it\/#website"},"primaryImageOfPage":{"@id":"https:\/\/www.pressenza.com\/it\/2025\/10\/in-brasile-la-scuola-statale-parque-dos-sonhos-ispirata-allumanesimo-riconosciuta-come-migliore-scuola-al-mondo-2025\/#primaryimage"},"image":{"@id":"https:\/\/www.pressenza.com\/it\/2025\/10\/in-brasile-la-scuola-statale-parque-dos-sonhos-ispirata-allumanesimo-riconosciuta-come-migliore-scuola-al-mondo-2025\/#primaryimage"},"thumbnailUrl":"https:\/\/www.pressenza.com\/wp-content\/uploads\/2025\/10\/WhatsApp-Image-2025-06-18-at-15.03.26-1024x684-1.jpeg","datePublished":"2025-10-22T17:16:20+00:00","dateModified":"2025-10-22T17:48:26+00:00","description":"La scuola statale Parque dos Sonhos, situata nel Bols\u00e3o 9 di Cubat\u00e3o, sulla costa di San Paolo, ha appena ricevuto il Premio Internazionale per la","breadcrumb":{"@id":"https:\/\/www.pressenza.com\/it\/2025\/10\/in-brasile-la-scuola-statale-parque-dos-sonhos-ispirata-allumanesimo-riconosciuta-come-migliore-scuola-al-mondo-2025\/#breadcrumb"},"inLanguage":"it-IT","potentialAction":[{"@type":"ReadAction","target":["https:\/\/www.pressenza.com\/it\/2025\/10\/in-brasile-la-scuola-statale-parque-dos-sonhos-ispirata-allumanesimo-riconosciuta-come-migliore-scuola-al-mondo-2025\/"]}]},{"@type":"ImageObject","inLanguage":"it-IT","@id":"https:\/\/www.pressenza.com\/it\/2025\/10\/in-brasile-la-scuola-statale-parque-dos-sonhos-ispirata-allumanesimo-riconosciuta-come-migliore-scuola-al-mondo-2025\/#primaryimage","url":"https:\/\/www.pressenza.com\/wp-content\/uploads\/2025\/10\/WhatsApp-Image-2025-06-18-at-15.03.26-1024x684-1.jpeg","contentUrl":"https:\/\/www.pressenza.com\/wp-content\/uploads\/2025\/10\/WhatsApp-Image-2025-06-18-at-15.03.26-1024x684-1.jpeg","width":1024,"height":684,"caption":"S\u00e3o Paulo f\u00fchrt Woche der Gewaltfreiheit an Schulen ein"},{"@type":"BreadcrumbList","@id":"https:\/\/www.pressenza.com\/it\/2025\/10\/in-brasile-la-scuola-statale-parque-dos-sonhos-ispirata-allumanesimo-riconosciuta-come-migliore-scuola-al-mondo-2025\/#breadcrumb","itemListElement":[{"@type":"ListItem","position":1,"name":"Accueil","item":"https:\/\/www.pressenza.com\/it\/"},{"@type":"ListItem","position":2,"name":"In Brasile la scuola statale Parque dos Sonhos, ispirata all\u2019umanesimo, riconosciuta come migliore scuola al mondo 2025"}]},{"@type":"WebSite","@id":"https:\/\/www.pressenza.com\/it\/#website","url":"https:\/\/www.pressenza.com\/it\/","name":"Pressenza","description":"Agenzia di Stampa Internazionale","publisher":{"@id":"https:\/\/www.pressenza.com\/it\/#organization"},"potentialAction":[{"@type":"SearchAction","target":{"@type":"EntryPoint","urlTemplate":"https:\/\/www.pressenza.com\/it\/?s={search_term_string}"},"query-input":{"@type":"PropertyValueSpecification","valueRequired":true,"valueName":"search_term_string"}}],"inLanguage":"it-IT"},{"@type":"Organization","@id":"https:\/\/www.pressenza.com\/it\/#organization","name":"Pressenza","url":"https:\/\/www.pressenza.com\/it\/","logo":{"@type":"ImageObject","inLanguage":"it-IT","@id":"https:\/\/www.pressenza.com\/it\/#\/schema\/logo\/image\/","url":"https:\/\/www.pressenza.com\/wp-content\/uploads\/2022\/10\/pressenza_logo_200x200.jpg","contentUrl":"https:\/\/www.pressenza.com\/wp-content\/uploads\/2022\/10\/pressenza_logo_200x200.jpg","width":200,"height":200,"caption":"Pressenza"},"image":{"@id":"https:\/\/www.pressenza.com\/it\/#\/schema\/logo\/image\/"},"sameAs":["https:\/\/www.facebook.com\/PressenzaItalia","https:\/\/x.com\/PressenzaIPA"]},{"@type":"Person","@id":"https:\/\/www.pressenza.com\/it\/#\/schema\/person\/d171826afb7693cfc394da95892bfd93","name":"Reda\u00e7\u00e3o S\u00e3o Paulo","description":"News from the Pressenza bureau in Sao Paulo, Brazil","sameAs":["https:\/\/www.facebook.com\/PressenzaPortugues","https:\/\/x.com\/pressenza_pt"],"url":"https:\/\/www.pressenza.com\/it\/author\/redaccao-sao-paulo\/"}]}},"place":"San Paolo, Brasile","original_article_url":"","_links":{"self":[{"href":"https:\/\/www.pressenza.com\/it\/wp-json\/wp\/v2\/posts\/2647041","targetHints":{"allow":["GET"]}}],"collection":[{"href":"https:\/\/www.pressenza.com\/it\/wp-json\/wp\/v2\/posts"}],"about":[{"href":"https:\/\/www.pressenza.com\/it\/wp-json\/wp\/v2\/types\/post"}],"author":[{"embeddable":true,"href":"https:\/\/www.pressenza.com\/it\/wp-json\/wp\/v2\/users\/44"}],"replies":[{"embeddable":true,"href":"https:\/\/www.pressenza.com\/it\/wp-json\/wp\/v2\/comments?post=2647041"}],"version-history":[{"count":7,"href":"https:\/\/www.pressenza.com\/it\/wp-json\/wp\/v2\/posts\/2647041\/revisions"}],"predecessor-version":[{"id":2647057,"href":"https:\/\/www.pressenza.com\/it\/wp-json\/wp\/v2\/posts\/2647041\/revisions\/2647057"}],"wp:featuredmedia":[{"embeddable":true,"href":"https:\/\/www.pressenza.com\/it\/wp-json\/wp\/v2\/media\/2647042"}],"wp:attachment":[{"href":"https:\/\/www.pressenza.com\/it\/wp-json\/wp\/v2\/media?parent=2647041"}],"wp:term":[{"taxonomy":"category","embeddable":true,"href":"https:\/\/www.pressenza.com\/it\/wp-json\/wp\/v2\/categories?post=2647041"},{"taxonomy":"post_tag","embeddable":true,"href":"https:\/\/www.pressenza.com\/it\/wp-json\/wp\/v2\/tags?post=2647041"}],"curies":[{"name":"wp","href":"https:\/\/api.w.org\/{rel}","templated":true}]}}