{"id":2646369,"date":"2025-10-19T22:12:40","date_gmt":"2025-10-19T21:12:40","guid":{"rendered":"https:\/\/www.pressenza.com\/?p=2646369"},"modified":"2025-10-19T22:16:26","modified_gmt":"2025-10-19T21:16:26","slug":"cagliari-al-festival-love-sharing-2025-incontro-su-tre-libri-sulla-nonviolenza-con-olivier-turquet-enrico-peyretti-e-monica-lanfranco","status":"publish","type":"post","link":"https:\/\/www.pressenza.com\/it\/2025\/10\/cagliari-al-festival-love-sharing-2025-incontro-su-tre-libri-sulla-nonviolenza-con-olivier-turquet-enrico-peyretti-e-monica-lanfranco\/","title":{"rendered":"Cagliari, al Festival Love Sharing 2025 incontro su tre libri sulla nonviolenza, con Olivier Turquet, Enrico Peyretti e Monica Lanfranco"},"content":{"rendered":"<p>Ieri, sabato 18 ottobre, al Teatro Sant\u2019Eulalia di Cagliari, si \u00e8 svolta la seconda serata dedicata alla presentazione di libri sulla tematica della X Edizione del Festival Love Sharing: <strong>Isole di nonviolenza, arcipelago di pace<\/strong>. Una serata nella quale c\u2019\u00e8 stata una buona partecipazione di persone con sala quasi al completo.<\/p>\n<p>Il <strong>primo incontro<\/strong>, presentato da Carlo Bellisai, \u00e8 stato con Olivier Turquet e il libro, a cura di Daniela Bezzi, <em>Combattenti per la pace. Palestinesi e israeliani insieme per la liberazione collettiva<\/em>, Multimage Edizioni, 2024, ormai giunto alla sesta ristampa. Olivier Turquet ne ha scritto la prefazione, ma \u00e8 stato presente anche in veste di editore, in quanto coordina il gruppo editoriale dell\u2019Associazione Multimage, la casa editrice dei diritti umani. Giornalista di Pressenza &#8211; Agenzia di stampa internazionale e scrittore che si occupa di nonviolenza. In primo momento ha raccontato come \u00e8 nata l\u2019idea del libro che raccoglie le testimonianze di uomini e donne palestinesi e israeliani\/e del movimento <em>Combatants for Peace<\/em>, che \u2014 dopo anni di violenze e divisioni \u2014 decidono di incontrarsi, ascoltarsi e unirsi per promuovere insieme la pace.<\/p>\n<p>Era previsto il collegamento online con Chen Alon e Sulaiman Khatib, figure di spicco del movimento, ma \u00e8 stato possibile ascoltare solo Sulaiman. Olivier ha posto alcune domande sulla situazione attuale sia in Gaza che in Cisgiordania e quali prospettive di pace intravvede. Una pace difficile, ma non impossibile che il movimento cerca di favorire anche con azioni di interposizione tra la popolazione palestinese e le aggressioni di coloni spalleggiati dall\u2019esercito israeliano come sradicamento di ulivi, rottura di condutture dell\u2019acqua, demolizioni di case. Il movimento \u00e8 oggi un modello di riconciliazione attiva e convivenza possibile. La lettura delle testimonianze raccolte nel volume rivela come il dialogo e l\u2019esperienza condivisa possano trasformare il dolore in un impegno comune per la riconciliazione.<\/p>\n<p>Le domande dal pubblico non potevano che porre la questione centrale della realt\u00e0 di oppressione vissuta dalla popolazione palestinese ormai da pi\u00f9 di 70 anni e l\u2019impunit\u00e0 d\u2019Israele, complice la comunit\u00e0 internazionale. In particolare, la risposta genocidaria del governo israeliano all\u2019attacco stragista di Hamas del 7 ottobre 2023. Non si pu\u00f2 definire un atto di resistenza \u2013 ha affermato Olivier Turquet \u2013 quello che uccide deliberatamente civili inermi. Ma certamente siamo di fronte a un genocidio, ormai conclamato.<\/p>\n<div id=\"attachment_2646375\" class=\"wp-caption alignnone\"><img loading=\"lazy\" decoding=\"async\" aria-describedby=\"caption-attachment-2646375\" class=\"size-large wp-image-2646375\" src=\"https:\/\/www.pressenza.com\/wp-content\/uploads\/2025\/10\/1760907653392-820x503.jpg\" alt=\"\" width=\"820\" height=\"503\" srcset=\"https:\/\/www.pressenza.com\/wp-content\/uploads\/2025\/10\/1760907653392-820x503.jpg 820w, https:\/\/www.pressenza.com\/wp-content\/uploads\/2025\/10\/1760907653392-300x184.jpg 300w, https:\/\/www.pressenza.com\/wp-content\/uploads\/2025\/10\/1760907653392.jpg 1920w\" sizes=\"auto, (max-width: 820px) 100vw, 820px\" \/><p id=\"caption-attachment-2646375\" class=\"wp-caption-text\">Sala Teatro Sant&#8217;Eulalia &#8211; Foto di Pierpaolo Loi<\/p><\/div>\n<p>Il <strong>secondo incontro<\/strong> \u00e8 stato con Enrico Peyretti sul suo volume, <em>Fino alla liberazione dalla guerra \u2013 Pensieri, azioni, speranze di pace<\/em>, Edizioni Mille, 2025.\u00a0 Dopo iniziali problemi di collegamento online &#8211; l\u2019autore si \u00e8 scusato per non aver potuto partecipare in presenza &#8211; il giornalista Vito Biolchini ha posto alcune domande sui diversi articoli presenti nel libro, incentrati sul ripudio della guerra, e sulla falsa idea che la guerra sia una condizione ineludibile dell\u2019umano come la violenza tra persone. In realt\u00e0 la guerra \u00e8 un prodotto culturale e, come tale, pu\u00f2 e deve essere trasformato. Il conflitto non \u00e8 sinonimo di guerra. Bisogna lavorare per superare i conflitti con il dialogo e la nonviolenza.<\/p>\n<p>Enrico Peyretti ha raccontato di come, bambino di 9 anni nel 1945, abbia assistito all\u2019uccisione alcune persone in un atto di rappresaglia e come questo fatto lo abbia condizionato per tutta la vita, che ha speso per diffondere la cultura della nonviolenza e della pace. Insegnante di storie e filosofia nei licei, appartenente a diverse associazioni, come il MIR e i Movimento Nonviolento, attualmente \u00e8 socio attivo del \u201cCentro Sudi Sereno Regis\u201d di Torino. Nel libro ci offre riflessioni filosofiche, narrazioni e poesie a partire da dall\u2019invasione dell\u2019Ucraina (febbraio 2022) fino al 2024.<\/p>\n<p>Il <strong>terzo incontro <\/strong>con Monica Lanfranco per la presentazione del suo libro, <em>Donne che disarmano. Perch\u00e9 e come la nonviolenza riguarda il femminismo<\/em>, Vanda Edizioni, 2023. Attivista femminista, giornalista, scrittrice, formatrice sulla nonviolenza e sulla differenza sessuale. Monica inizia l\u2019incontro chiedendo alle persone presenti di superare la barriera tra le relatrici sul palco del teatro e il pubblico in platea, formando un cerchio, che permette una relazione comunicativa pi\u00f9 empatica.<\/p>\n<div id=\"attachment_2646374\" class=\"wp-caption alignnone\"><img loading=\"lazy\" decoding=\"async\" aria-describedby=\"caption-attachment-2646374\" class=\"size-large wp-image-2646374\" src=\"https:\/\/www.pressenza.com\/wp-content\/uploads\/2025\/10\/1760904983276-820x490.jpg\" alt=\"\" width=\"820\" height=\"490\" srcset=\"https:\/\/www.pressenza.com\/wp-content\/uploads\/2025\/10\/1760904983276-820x490.jpg 820w, https:\/\/www.pressenza.com\/wp-content\/uploads\/2025\/10\/1760904983276-300x179.jpg 300w, https:\/\/www.pressenza.com\/wp-content\/uploads\/2025\/10\/1760904983276.jpg 1920w\" sizes=\"auto, (max-width: 820px) 100vw, 820px\" \/><p id=\"caption-attachment-2646374\" class=\"wp-caption-text\">Teatro Sant&#8217;Eulalia, Festival Love Sharing &#8211; Foto di Pierpaolo Loi<\/p><\/div>\n<p>La domanda fondamentale \u00e8 lo stesso titolo del libro. La risposta sta nella stessa storia dell\u2019autrice che ripercorre la sua storia a partire dall\u2019incontro nella scuola elementare con la sua maestra, Lidia Menapace, femminista cattolica. Difficile riassumere il dialogo tra Bruna Biondo e l\u2019autrice che si dipana sul femminismo, sulla violenza di genere esercitata dai maschi ma, in qualche modo, nutrita fin dal seno materno dalle stesse donne. Il femminismo, pi\u00f9 che rivoluzione, che \u00e8 storicamente violenta, vuole essere metamorfosi, cio\u00e8 trasformazione delle relazioni. A partire dalle parole, che generano il mondo.<\/p>\n<p>Nel suo libro, <em>Uomini che odiano le donne. Virilit\u00e0, sesso, violenza: la parola ai maschi<\/em> (2013) c\u2019\u00e8 il tentativo di coinvolgere gli uomini nella presa di coscienza delle parole usate per parlare delle donne, per agire sulle donne. Dal suo libro \u00e8 nato il primo laboratorio di teatro sociale per uomini, <em>Manutenzioni-Uomini a nudo<\/em>. Che viene tuttora rappresentato.<\/p>\n<p>Una conversazione intensa, a volte pure scherzosa, che termina con una pratica che Monica propone e che afferma essere capace di far incontrare due persone profondamente: mettersi l\u2019uno\/a di fronte all\u2019altro\/a e guardarsi negli occhi in totale silenzio per un minuto.<\/p>\n<p>La serata si conclude in un modo insolito, forse, ma decisamente coinvolgente.<\/p>\n<p>&nbsp;<\/p>\n<p><em>\u00a0<\/em><\/p>\n","protected":false},"excerpt":{"rendered":"<p>Ieri, sabato 18 ottobre, al Teatro Sant\u2019Eulalia di Cagliari, si \u00e8 svolta la seconda serata dedicata alla presentazione di libri sulla tematica della X Edizione del Festival Love Sharing: Isole di nonviolenza, arcipelago di pace. Una serata nella quale c\u2019\u00e8&hellip;<\/p>\n","protected":false},"author":2359,"featured_media":2646373,"comment_status":"closed","ping_status":"closed","sticky":false,"template":"","format":"standard","meta":{"footnotes":""},"categories":[11388,56,1262,1263],"tags":[122909,3538,137888,144818,9093,138411,130337],"class_list":["post-2646369","post","type-post","status-publish","format-standard","has-post-thumbnail","hentry","category-contenuti-originali","category-cultura","category-nonviolenza-argomento","category-pace-disarmo","tag-combattenti-per-la-pace","tag-enrico-peyretti","tag-festival-love-sharing-2025","tag-monica-lanfranco","tag-olivier-turquet-2","tag-teatro-santeulalia-cagliari","tag-theandric-teatro-nonviolento"],"yoast_head":"<!-- This site is optimized with the Yoast SEO plugin v27.1.1 - https:\/\/yoast.com\/product\/yoast-seo-wordpress\/ -->\n<title>Cagliari, al Festival Love Sharing 2025 incontro su tre libri sulla nonviolenza, con Olivier Turquet, Enrico Peyretti e Monica Lanfranco<\/title>\n<meta name=\"description\" content=\"Ieri, sabato 18 ottobre, al Teatro Sant\u2019Eulalia di Cagliari, si \u00e8 svolta la seconda serata dedicata alla presentazione di libri sulla tematica della X\" \/>\n<meta name=\"robots\" content=\"index, follow, max-snippet:-1, max-image-preview:large, max-video-preview:-1\" \/>\n<link rel=\"canonical\" href=\"https:\/\/www.pressenza.com\/it\/2025\/10\/cagliari-al-festival-love-sharing-2025-incontro-su-tre-libri-sulla-nonviolenza-con-olivier-turquet-enrico-peyretti-e-monica-lanfranco\/\" \/>\n<meta property=\"og:locale\" content=\"it_IT\" \/>\n<meta property=\"og:type\" content=\"article\" \/>\n<meta property=\"og:title\" content=\"Cagliari, al Festival Love Sharing 2025 incontro su tre libri sulla nonviolenza, con Olivier Turquet, Enrico Peyretti e Monica Lanfranco\" \/>\n<meta property=\"og:description\" content=\"Ieri, sabato 18 ottobre, al Teatro Sant\u2019Eulalia di Cagliari, si \u00e8 svolta la seconda serata dedicata alla presentazione di libri sulla tematica della X\" \/>\n<meta property=\"og:url\" content=\"https:\/\/www.pressenza.com\/it\/2025\/10\/cagliari-al-festival-love-sharing-2025-incontro-su-tre-libri-sulla-nonviolenza-con-olivier-turquet-enrico-peyretti-e-monica-lanfranco\/\" \/>\n<meta property=\"og:site_name\" content=\"Pressenza\" \/>\n<meta property=\"article:publisher\" content=\"https:\/\/www.facebook.com\/PressenzaItalia\" \/>\n<meta property=\"article:published_time\" content=\"2025-10-19T21:12:40+00:00\" \/>\n<meta property=\"article:modified_time\" content=\"2025-10-19T21:16:26+00:00\" \/>\n<meta property=\"og:image\" content=\"https:\/\/www.pressenza.com\/wp-content\/uploads\/2025\/10\/1760906712407.jpg\" \/>\n\t<meta property=\"og:image:width\" content=\"1920\" \/>\n\t<meta property=\"og:image:height\" content=\"1024\" \/>\n\t<meta property=\"og:image:type\" content=\"image\/jpeg\" \/>\n<meta name=\"author\" content=\"Pierpaolo Loi\" \/>\n<meta name=\"twitter:card\" content=\"summary_large_image\" \/>\n<meta name=\"twitter:creator\" content=\"@PressenzaIPA\" \/>\n<meta name=\"twitter:site\" content=\"@PressenzaIPA\" \/>\n<meta name=\"twitter:label1\" content=\"Scritto da\" \/>\n\t<meta name=\"twitter:data1\" content=\"Pierpaolo Loi\" \/>\n\t<meta name=\"twitter:label2\" content=\"Tempo di lettura stimato\" \/>\n\t<meta name=\"twitter:data2\" content=\"6 minuti\" \/>\n<script type=\"application\/ld+json\" class=\"yoast-schema-graph\">{\"@context\":\"https:\/\/schema.org\",\"@graph\":[{\"@type\":\"Article\",\"@id\":\"https:\/\/www.pressenza.com\/it\/2025\/10\/cagliari-al-festival-love-sharing-2025-incontro-su-tre-libri-sulla-nonviolenza-con-olivier-turquet-enrico-peyretti-e-monica-lanfranco\/#article\",\"isPartOf\":{\"@id\":\"https:\/\/www.pressenza.com\/it\/2025\/10\/cagliari-al-festival-love-sharing-2025-incontro-su-tre-libri-sulla-nonviolenza-con-olivier-turquet-enrico-peyretti-e-monica-lanfranco\/\"},\"author\":{\"name\":\"Pierpaolo Loi\",\"@id\":\"https:\/\/www.pressenza.com\/it\/#\/schema\/person\/149dee546527afb1c5bf59e70101b99f\"},\"headline\":\"Cagliari, al Festival Love Sharing 2025 incontro su tre libri sulla nonviolenza, con Olivier Turquet, Enrico Peyretti e Monica Lanfranco\",\"datePublished\":\"2025-10-19T21:12:40+00:00\",\"dateModified\":\"2025-10-19T21:16:26+00:00\",\"mainEntityOfPage\":{\"@id\":\"https:\/\/www.pressenza.com\/it\/2025\/10\/cagliari-al-festival-love-sharing-2025-incontro-su-tre-libri-sulla-nonviolenza-con-olivier-turquet-enrico-peyretti-e-monica-lanfranco\/\"},\"wordCount\":908,\"publisher\":{\"@id\":\"https:\/\/www.pressenza.com\/it\/#organization\"},\"image\":{\"@id\":\"https:\/\/www.pressenza.com\/it\/2025\/10\/cagliari-al-festival-love-sharing-2025-incontro-su-tre-libri-sulla-nonviolenza-con-olivier-turquet-enrico-peyretti-e-monica-lanfranco\/#primaryimage\"},\"thumbnailUrl\":\"https:\/\/www.pressenza.com\/wp-content\/uploads\/2025\/10\/1760906712407.jpg\",\"keywords\":[\"Combattenti per la Pace\",\"Enrico Peyretti\",\"Festival Love Sharing 2025\",\"Monica Lanfranco\",\"Olivier Turquet\",\"Teatro Sant'Eulalia - Cagliari\",\"Theandric \u2013 Teatro Nonviolento\"],\"articleSection\":[\"contenuti originali\",\"Cultura e Media\",\"Nonviolenza\",\"Pace e Disarmo\"],\"inLanguage\":\"it-IT\"},{\"@type\":\"WebPage\",\"@id\":\"https:\/\/www.pressenza.com\/it\/2025\/10\/cagliari-al-festival-love-sharing-2025-incontro-su-tre-libri-sulla-nonviolenza-con-olivier-turquet-enrico-peyretti-e-monica-lanfranco\/\",\"url\":\"https:\/\/www.pressenza.com\/it\/2025\/10\/cagliari-al-festival-love-sharing-2025-incontro-su-tre-libri-sulla-nonviolenza-con-olivier-turquet-enrico-peyretti-e-monica-lanfranco\/\",\"name\":\"Cagliari, al Festival Love Sharing 2025 incontro su tre libri sulla nonviolenza, con Olivier Turquet, Enrico Peyretti e Monica Lanfranco\",\"isPartOf\":{\"@id\":\"https:\/\/www.pressenza.com\/it\/#website\"},\"primaryImageOfPage\":{\"@id\":\"https:\/\/www.pressenza.com\/it\/2025\/10\/cagliari-al-festival-love-sharing-2025-incontro-su-tre-libri-sulla-nonviolenza-con-olivier-turquet-enrico-peyretti-e-monica-lanfranco\/#primaryimage\"},\"image\":{\"@id\":\"https:\/\/www.pressenza.com\/it\/2025\/10\/cagliari-al-festival-love-sharing-2025-incontro-su-tre-libri-sulla-nonviolenza-con-olivier-turquet-enrico-peyretti-e-monica-lanfranco\/#primaryimage\"},\"thumbnailUrl\":\"https:\/\/www.pressenza.com\/wp-content\/uploads\/2025\/10\/1760906712407.jpg\",\"datePublished\":\"2025-10-19T21:12:40+00:00\",\"dateModified\":\"2025-10-19T21:16:26+00:00\",\"description\":\"Ieri, sabato 18 ottobre, al Teatro Sant\u2019Eulalia di Cagliari, si \u00e8 svolta la seconda serata dedicata alla presentazione di libri sulla tematica della X\",\"breadcrumb\":{\"@id\":\"https:\/\/www.pressenza.com\/it\/2025\/10\/cagliari-al-festival-love-sharing-2025-incontro-su-tre-libri-sulla-nonviolenza-con-olivier-turquet-enrico-peyretti-e-monica-lanfranco\/#breadcrumb\"},\"inLanguage\":\"it-IT\",\"potentialAction\":[{\"@type\":\"ReadAction\",\"target\":[\"https:\/\/www.pressenza.com\/it\/2025\/10\/cagliari-al-festival-love-sharing-2025-incontro-su-tre-libri-sulla-nonviolenza-con-olivier-turquet-enrico-peyretti-e-monica-lanfranco\/\"]}]},{\"@type\":\"ImageObject\",\"inLanguage\":\"it-IT\",\"@id\":\"https:\/\/www.pressenza.com\/it\/2025\/10\/cagliari-al-festival-love-sharing-2025-incontro-su-tre-libri-sulla-nonviolenza-con-olivier-turquet-enrico-peyretti-e-monica-lanfranco\/#primaryimage\",\"url\":\"https:\/\/www.pressenza.com\/wp-content\/uploads\/2025\/10\/1760906712407.jpg\",\"contentUrl\":\"https:\/\/www.pressenza.com\/wp-content\/uploads\/2025\/10\/1760906712407.jpg\",\"width\":1920,\"height\":1024,\"caption\":\"Love Sharing 2025 - Foto di Pierpaolo Loi\"},{\"@type\":\"BreadcrumbList\",\"@id\":\"https:\/\/www.pressenza.com\/it\/2025\/10\/cagliari-al-festival-love-sharing-2025-incontro-su-tre-libri-sulla-nonviolenza-con-olivier-turquet-enrico-peyretti-e-monica-lanfranco\/#breadcrumb\",\"itemListElement\":[{\"@type\":\"ListItem\",\"position\":1,\"name\":\"Accueil\",\"item\":\"https:\/\/www.pressenza.com\/it\/\"},{\"@type\":\"ListItem\",\"position\":2,\"name\":\"Cagliari, al Festival Love Sharing 2025 incontro su tre libri sulla nonviolenza, con Olivier Turquet, Enrico Peyretti e Monica Lanfranco\"}]},{\"@type\":\"WebSite\",\"@id\":\"https:\/\/www.pressenza.com\/it\/#website\",\"url\":\"https:\/\/www.pressenza.com\/it\/\",\"name\":\"Pressenza\",\"description\":\"Agenzia di Stampa Internazionale\",\"publisher\":{\"@id\":\"https:\/\/www.pressenza.com\/it\/#organization\"},\"potentialAction\":[{\"@type\":\"SearchAction\",\"target\":{\"@type\":\"EntryPoint\",\"urlTemplate\":\"https:\/\/www.pressenza.com\/it\/?s={search_term_string}\"},\"query-input\":{\"@type\":\"PropertyValueSpecification\",\"valueRequired\":true,\"valueName\":\"search_term_string\"}}],\"inLanguage\":\"it-IT\"},{\"@type\":\"Organization\",\"@id\":\"https:\/\/www.pressenza.com\/it\/#organization\",\"name\":\"Pressenza\",\"url\":\"https:\/\/www.pressenza.com\/it\/\",\"logo\":{\"@type\":\"ImageObject\",\"inLanguage\":\"it-IT\",\"@id\":\"https:\/\/www.pressenza.com\/it\/#\/schema\/logo\/image\/\",\"url\":\"https:\/\/www.pressenza.com\/wp-content\/uploads\/2022\/10\/pressenza_logo_200x200.jpg\",\"contentUrl\":\"https:\/\/www.pressenza.com\/wp-content\/uploads\/2022\/10\/pressenza_logo_200x200.jpg\",\"width\":200,\"height\":200,\"caption\":\"Pressenza\"},\"image\":{\"@id\":\"https:\/\/www.pressenza.com\/it\/#\/schema\/logo\/image\/\"},\"sameAs\":[\"https:\/\/www.facebook.com\/PressenzaItalia\",\"https:\/\/x.com\/PressenzaIPA\"]},{\"@type\":\"Person\",\"@id\":\"https:\/\/www.pressenza.com\/it\/#\/schema\/person\/149dee546527afb1c5bf59e70101b99f\",\"name\":\"Pierpaolo Loi\",\"url\":\"https:\/\/www.pressenza.com\/it\/author\/pierpaolo-loi\/\"}]}<\/script>\n<!-- \/ Yoast SEO plugin. -->","yoast_head_json":{"title":"Cagliari, al Festival Love Sharing 2025 incontro su tre libri sulla nonviolenza, con Olivier Turquet, Enrico Peyretti e Monica Lanfranco","description":"Ieri, sabato 18 ottobre, al Teatro Sant\u2019Eulalia di Cagliari, si \u00e8 svolta la seconda serata dedicata alla presentazione di libri sulla tematica della X","robots":{"index":"index","follow":"follow","max-snippet":"max-snippet:-1","max-image-preview":"max-image-preview:large","max-video-preview":"max-video-preview:-1"},"canonical":"https:\/\/www.pressenza.com\/it\/2025\/10\/cagliari-al-festival-love-sharing-2025-incontro-su-tre-libri-sulla-nonviolenza-con-olivier-turquet-enrico-peyretti-e-monica-lanfranco\/","og_locale":"it_IT","og_type":"article","og_title":"Cagliari, al Festival Love Sharing 2025 incontro su tre libri sulla nonviolenza, con Olivier Turquet, Enrico Peyretti e Monica Lanfranco","og_description":"Ieri, sabato 18 ottobre, al Teatro Sant\u2019Eulalia di Cagliari, si \u00e8 svolta la seconda serata dedicata alla presentazione di libri sulla tematica della X","og_url":"https:\/\/www.pressenza.com\/it\/2025\/10\/cagliari-al-festival-love-sharing-2025-incontro-su-tre-libri-sulla-nonviolenza-con-olivier-turquet-enrico-peyretti-e-monica-lanfranco\/","og_site_name":"Pressenza","article_publisher":"https:\/\/www.facebook.com\/PressenzaItalia","article_published_time":"2025-10-19T21:12:40+00:00","article_modified_time":"2025-10-19T21:16:26+00:00","og_image":[{"width":1920,"height":1024,"url":"https:\/\/www.pressenza.com\/wp-content\/uploads\/2025\/10\/1760906712407.jpg","type":"image\/jpeg"}],"author":"Pierpaolo Loi","twitter_card":"summary_large_image","twitter_creator":"@PressenzaIPA","twitter_site":"@PressenzaIPA","twitter_misc":{"Scritto da":"Pierpaolo Loi","Tempo di lettura stimato":"6 minuti"},"schema":{"@context":"https:\/\/schema.org","@graph":[{"@type":"Article","@id":"https:\/\/www.pressenza.com\/it\/2025\/10\/cagliari-al-festival-love-sharing-2025-incontro-su-tre-libri-sulla-nonviolenza-con-olivier-turquet-enrico-peyretti-e-monica-lanfranco\/#article","isPartOf":{"@id":"https:\/\/www.pressenza.com\/it\/2025\/10\/cagliari-al-festival-love-sharing-2025-incontro-su-tre-libri-sulla-nonviolenza-con-olivier-turquet-enrico-peyretti-e-monica-lanfranco\/"},"author":{"name":"Pierpaolo Loi","@id":"https:\/\/www.pressenza.com\/it\/#\/schema\/person\/149dee546527afb1c5bf59e70101b99f"},"headline":"Cagliari, al Festival Love Sharing 2025 incontro su tre libri sulla nonviolenza, con Olivier Turquet, Enrico Peyretti e Monica Lanfranco","datePublished":"2025-10-19T21:12:40+00:00","dateModified":"2025-10-19T21:16:26+00:00","mainEntityOfPage":{"@id":"https:\/\/www.pressenza.com\/it\/2025\/10\/cagliari-al-festival-love-sharing-2025-incontro-su-tre-libri-sulla-nonviolenza-con-olivier-turquet-enrico-peyretti-e-monica-lanfranco\/"},"wordCount":908,"publisher":{"@id":"https:\/\/www.pressenza.com\/it\/#organization"},"image":{"@id":"https:\/\/www.pressenza.com\/it\/2025\/10\/cagliari-al-festival-love-sharing-2025-incontro-su-tre-libri-sulla-nonviolenza-con-olivier-turquet-enrico-peyretti-e-monica-lanfranco\/#primaryimage"},"thumbnailUrl":"https:\/\/www.pressenza.com\/wp-content\/uploads\/2025\/10\/1760906712407.jpg","keywords":["Combattenti per la Pace","Enrico Peyretti","Festival Love Sharing 2025","Monica Lanfranco","Olivier Turquet","Teatro Sant'Eulalia - Cagliari","Theandric \u2013 Teatro Nonviolento"],"articleSection":["contenuti originali","Cultura e Media","Nonviolenza","Pace e Disarmo"],"inLanguage":"it-IT"},{"@type":"WebPage","@id":"https:\/\/www.pressenza.com\/it\/2025\/10\/cagliari-al-festival-love-sharing-2025-incontro-su-tre-libri-sulla-nonviolenza-con-olivier-turquet-enrico-peyretti-e-monica-lanfranco\/","url":"https:\/\/www.pressenza.com\/it\/2025\/10\/cagliari-al-festival-love-sharing-2025-incontro-su-tre-libri-sulla-nonviolenza-con-olivier-turquet-enrico-peyretti-e-monica-lanfranco\/","name":"Cagliari, al Festival Love Sharing 2025 incontro su tre libri sulla nonviolenza, con Olivier Turquet, Enrico Peyretti e Monica Lanfranco","isPartOf":{"@id":"https:\/\/www.pressenza.com\/it\/#website"},"primaryImageOfPage":{"@id":"https:\/\/www.pressenza.com\/it\/2025\/10\/cagliari-al-festival-love-sharing-2025-incontro-su-tre-libri-sulla-nonviolenza-con-olivier-turquet-enrico-peyretti-e-monica-lanfranco\/#primaryimage"},"image":{"@id":"https:\/\/www.pressenza.com\/it\/2025\/10\/cagliari-al-festival-love-sharing-2025-incontro-su-tre-libri-sulla-nonviolenza-con-olivier-turquet-enrico-peyretti-e-monica-lanfranco\/#primaryimage"},"thumbnailUrl":"https:\/\/www.pressenza.com\/wp-content\/uploads\/2025\/10\/1760906712407.jpg","datePublished":"2025-10-19T21:12:40+00:00","dateModified":"2025-10-19T21:16:26+00:00","description":"Ieri, sabato 18 ottobre, al Teatro Sant\u2019Eulalia di Cagliari, si \u00e8 svolta la seconda serata dedicata alla presentazione di libri sulla tematica della X","breadcrumb":{"@id":"https:\/\/www.pressenza.com\/it\/2025\/10\/cagliari-al-festival-love-sharing-2025-incontro-su-tre-libri-sulla-nonviolenza-con-olivier-turquet-enrico-peyretti-e-monica-lanfranco\/#breadcrumb"},"inLanguage":"it-IT","potentialAction":[{"@type":"ReadAction","target":["https:\/\/www.pressenza.com\/it\/2025\/10\/cagliari-al-festival-love-sharing-2025-incontro-su-tre-libri-sulla-nonviolenza-con-olivier-turquet-enrico-peyretti-e-monica-lanfranco\/"]}]},{"@type":"ImageObject","inLanguage":"it-IT","@id":"https:\/\/www.pressenza.com\/it\/2025\/10\/cagliari-al-festival-love-sharing-2025-incontro-su-tre-libri-sulla-nonviolenza-con-olivier-turquet-enrico-peyretti-e-monica-lanfranco\/#primaryimage","url":"https:\/\/www.pressenza.com\/wp-content\/uploads\/2025\/10\/1760906712407.jpg","contentUrl":"https:\/\/www.pressenza.com\/wp-content\/uploads\/2025\/10\/1760906712407.jpg","width":1920,"height":1024,"caption":"Love Sharing 2025 - Foto di Pierpaolo Loi"},{"@type":"BreadcrumbList","@id":"https:\/\/www.pressenza.com\/it\/2025\/10\/cagliari-al-festival-love-sharing-2025-incontro-su-tre-libri-sulla-nonviolenza-con-olivier-turquet-enrico-peyretti-e-monica-lanfranco\/#breadcrumb","itemListElement":[{"@type":"ListItem","position":1,"name":"Accueil","item":"https:\/\/www.pressenza.com\/it\/"},{"@type":"ListItem","position":2,"name":"Cagliari, al Festival Love Sharing 2025 incontro su tre libri sulla nonviolenza, con Olivier Turquet, Enrico Peyretti e Monica Lanfranco"}]},{"@type":"WebSite","@id":"https:\/\/www.pressenza.com\/it\/#website","url":"https:\/\/www.pressenza.com\/it\/","name":"Pressenza","description":"Agenzia di Stampa Internazionale","publisher":{"@id":"https:\/\/www.pressenza.com\/it\/#organization"},"potentialAction":[{"@type":"SearchAction","target":{"@type":"EntryPoint","urlTemplate":"https:\/\/www.pressenza.com\/it\/?s={search_term_string}"},"query-input":{"@type":"PropertyValueSpecification","valueRequired":true,"valueName":"search_term_string"}}],"inLanguage":"it-IT"},{"@type":"Organization","@id":"https:\/\/www.pressenza.com\/it\/#organization","name":"Pressenza","url":"https:\/\/www.pressenza.com\/it\/","logo":{"@type":"ImageObject","inLanguage":"it-IT","@id":"https:\/\/www.pressenza.com\/it\/#\/schema\/logo\/image\/","url":"https:\/\/www.pressenza.com\/wp-content\/uploads\/2022\/10\/pressenza_logo_200x200.jpg","contentUrl":"https:\/\/www.pressenza.com\/wp-content\/uploads\/2022\/10\/pressenza_logo_200x200.jpg","width":200,"height":200,"caption":"Pressenza"},"image":{"@id":"https:\/\/www.pressenza.com\/it\/#\/schema\/logo\/image\/"},"sameAs":["https:\/\/www.facebook.com\/PressenzaItalia","https:\/\/x.com\/PressenzaIPA"]},{"@type":"Person","@id":"https:\/\/www.pressenza.com\/it\/#\/schema\/person\/149dee546527afb1c5bf59e70101b99f","name":"Pierpaolo Loi","url":"https:\/\/www.pressenza.com\/it\/author\/pierpaolo-loi\/"}]}},"place":"","original_article_url":"","_links":{"self":[{"href":"https:\/\/www.pressenza.com\/it\/wp-json\/wp\/v2\/posts\/2646369","targetHints":{"allow":["GET"]}}],"collection":[{"href":"https:\/\/www.pressenza.com\/it\/wp-json\/wp\/v2\/posts"}],"about":[{"href":"https:\/\/www.pressenza.com\/it\/wp-json\/wp\/v2\/types\/post"}],"author":[{"embeddable":true,"href":"https:\/\/www.pressenza.com\/it\/wp-json\/wp\/v2\/users\/2359"}],"replies":[{"embeddable":true,"href":"https:\/\/www.pressenza.com\/it\/wp-json\/wp\/v2\/comments?post=2646369"}],"version-history":[{"count":4,"href":"https:\/\/www.pressenza.com\/it\/wp-json\/wp\/v2\/posts\/2646369\/revisions"}],"predecessor-version":[{"id":2646380,"href":"https:\/\/www.pressenza.com\/it\/wp-json\/wp\/v2\/posts\/2646369\/revisions\/2646380"}],"wp:featuredmedia":[{"embeddable":true,"href":"https:\/\/www.pressenza.com\/it\/wp-json\/wp\/v2\/media\/2646373"}],"wp:attachment":[{"href":"https:\/\/www.pressenza.com\/it\/wp-json\/wp\/v2\/media?parent=2646369"}],"wp:term":[{"taxonomy":"category","embeddable":true,"href":"https:\/\/www.pressenza.com\/it\/wp-json\/wp\/v2\/categories?post=2646369"},{"taxonomy":"post_tag","embeddable":true,"href":"https:\/\/www.pressenza.com\/it\/wp-json\/wp\/v2\/tags?post=2646369"}],"curies":[{"name":"wp","href":"https:\/\/api.w.org\/{rel}","templated":true}]}}