{"id":2643178,"date":"2025-10-07T19:50:57","date_gmt":"2025-10-07T18:50:57","guid":{"rendered":"https:\/\/www.pressenza.com\/?p=2643178"},"modified":"2026-01-05T14:57:30","modified_gmt":"2026-01-05T14:57:30","slug":"presidio-straordinario-a-ponte-in-valtellina-con-susanna-bargauan-della-global-sumud-flotilla","status":"publish","type":"post","link":"https:\/\/www.pressenza.com\/it\/2025\/10\/presidio-straordinario-a-ponte-in-valtellina-con-susanna-bargauan-della-global-sumud-flotilla\/","title":{"rendered":"Presidio straordinario a Ponte in Valtellina con Susanna Bargauan della Global Sumud Flotilla"},"content":{"rendered":"<p><em>Riceviamo dagli attivisti dei presidi unitari di Valcamonica, Valtellina, Valmalenco e Valchiavenna e volentieri pubblichiamo il testo letto oggi al presidio straordinario di Ponte in Valtellina per accogliere Susanna Bargauan, rientrata ieri sera in Italia dalle carceri israeliane.<\/em><\/p>\n<p><img loading=\"lazy\" decoding=\"async\" class=\"alignnone wp-image-2643182 size-full\" src=\"https:\/\/www.pressenza.com\/wp-content\/uploads\/2025\/10\/presidio-x-GSF-Valtellina-1.jpeg\" alt=\"\" width=\"1600\" height=\"900\" srcset=\"https:\/\/www.pressenza.com\/wp-content\/uploads\/2025\/10\/presidio-x-GSF-Valtellina-1.jpeg 1600w, https:\/\/www.pressenza.com\/wp-content\/uploads\/2025\/10\/presidio-x-GSF-Valtellina-1-300x169.jpeg 300w, https:\/\/www.pressenza.com\/wp-content\/uploads\/2025\/10\/presidio-x-GSF-Valtellina-1-820x461.jpeg 820w\" sizes=\"auto, (max-width: 1600px) 100vw, 1600px\" \/><\/p>\n<p><img loading=\"lazy\" decoding=\"async\" class=\"alignnone wp-image-2643184 size-full\" src=\"https:\/\/www.pressenza.com\/wp-content\/uploads\/2025\/10\/presidio-x-GSF-Valtellina-2-rit.jpg\" alt=\"\" width=\"1685\" height=\"908\" srcset=\"https:\/\/www.pressenza.com\/wp-content\/uploads\/2025\/10\/presidio-x-GSF-Valtellina-2-rit.jpg 1685w, https:\/\/www.pressenza.com\/wp-content\/uploads\/2025\/10\/presidio-x-GSF-Valtellina-2-rit-300x162.jpg 300w, https:\/\/www.pressenza.com\/wp-content\/uploads\/2025\/10\/presidio-x-GSF-Valtellina-2-rit-820x442.jpg 820w\" sizes=\"auto, (max-width: 1685px) 100vw, 1685px\" \/><\/p>\n<p>Grazie! Grazie! Grazie Suh! Te lo diciamo con il cuore in mano e lo diciamo ai tuoi famigliari che ci hanno tenuti costantemente in contatto con te. Anche se non ci conoscevamo all\u2019inizio di questa grande avventura che \u00e8 stata ed \u00e8 la Global Sumud Flotilla, abbiamo imparato a riconoscere la tua voce, con i messaggi audio che condivideva Caterina, poi il tuo volto, con i video che inviavi nei giorni immediatamente precedenti al tuo arresto e ora siamo qui in presidio insieme a te!<\/p>\n<p>Tu e i tuoi compagni di viaggio siete persone coraggiose e con una dirittura morale senza limiti, senza se e senza ma! Persone che hanno trascinato l\u2019equipaggio di terra in una missione apparentemente impossibile e invece ci siete riusciti, ci avete trascinato di fronte all\u2019evidenza di un genocidio per troppo tempo taciuto\u00a0 e di un affondo del diritto internazionale che, grazie alle vostre imbarcazioni, abbiamo avuto il coraggio di contrastare!<\/p>\n<p>Quello che sta facendo il governo di Israele \u00e8 illegale, non \u00e8 solo criminoso e abominevole, non \u00e8 solo disumano e indifendibile: \u00e8 illegale! E in quanto illegale deve terminare: ora la nuova Flotilla, cappeggiata dalla Conscience, segue le tracce della vostra scia, che ancora \u00e8 visibile nel Mediterraneo, cos\u00ec come voi avete seguito la scia di chi vi ha preceduto: la Handala, la Madleen, la Mavi Marmara, indietro, indietro.. fino alla Freedom Flotilla di Vittorio Arrigoni.<\/p>\n<p>E\u2019 stato faticoso per noi scendere in piazza ogni giorno dal 31 agosto fino ad oggi e non osiamo neppure immaginare la fatica, la rabbia, la stanchezza, e i mille pensieri che hai fatto e che farai su questa tua missione.<\/p>\n<p>Il nostro grazie davvero, non ti sembri banale, ci avete ridato la speranza che non siamo destinati a sottostare a leggi ingiuste, ci avete ridato le parole di Don Milani \u201cL\u2019obbedienza non \u00e8 pi\u00f9 una virt\u00f9\u201d. Ci avete messi in movimento seguendo le vostre barche, siete stati le nostre fiaccole di umanit\u00e0 in movimento\u00a0 e questo dono che ci avete fatto non ha misura, non ha prezzo!\u00a0 Grazie Suh!<\/p>\n","protected":false},"excerpt":{"rendered":"<p>Riceviamo dagli attivisti dei presidi unitari di Valcamonica, Valtellina, Valmalenco e Valchiavenna e volentieri pubblichiamo il testo letto oggi al presidio straordinario di Ponte in Valtellina per accogliere Susanna Bargauan, rientrata ieri sera in Italia dalle carceri israeliane. Grazie! Grazie!&hellip;<\/p>\n","protected":false},"author":594,"featured_media":2643181,"comment_status":"closed","ping_status":"closed","sticky":false,"template":"","format":"standard","meta":{"footnotes":""},"categories":[107392,60,47,52],"tags":[1005,139558,129542,143986,9216,1634,144108],"class_list":["post-2643178","post","type-post","status-publish","format-standard","has-post-thumbnail","hentry","category-noticia-it","category-diritti-umani","category-europa","category-medio-oriente","tag-gaza","tag-global-sumud-flotilla","tag-israele-2","tag-manifestazioni-ottobre-2025","tag-presidio","tag-solidarieta","tag-susanna-bargauan"],"yoast_head":"<!-- This site is optimized with the Yoast SEO plugin v27.1.1 - https:\/\/yoast.com\/product\/yoast-seo-wordpress\/ -->\n<title>Presidio straordinario a Ponte in Valtellina con Susanna Bargauan della Global Sumud Flotilla<\/title>\n<meta name=\"description\" content=\"Riceviamo dagli attivisti dei presidi unitari di Valcamonica, Valtellina, Valmalenco e Valchiavenna e volentieri pubblichiamo il testo letto oggi al\" \/>\n<meta name=\"robots\" content=\"index, follow, max-snippet:-1, max-image-preview:large, max-video-preview:-1\" \/>\n<link rel=\"canonical\" href=\"https:\/\/www.pressenza.com\/it\/2025\/10\/presidio-straordinario-a-ponte-in-valtellina-con-susanna-bargauan-della-global-sumud-flotilla\/\" \/>\n<meta property=\"og:locale\" content=\"it_IT\" \/>\n<meta property=\"og:type\" content=\"article\" \/>\n<meta property=\"og:title\" content=\"Presidio straordinario a Ponte in Valtellina con Susanna Bargauan della Global Sumud Flotilla\" \/>\n<meta property=\"og:description\" content=\"Riceviamo dagli attivisti dei presidi unitari di Valcamonica, Valtellina, Valmalenco e Valchiavenna e volentieri pubblichiamo il testo letto oggi al\" \/>\n<meta property=\"og:url\" content=\"https:\/\/www.pressenza.com\/it\/2025\/10\/presidio-straordinario-a-ponte-in-valtellina-con-susanna-bargauan-della-global-sumud-flotilla\/\" \/>\n<meta property=\"og:site_name\" content=\"Pressenza\" \/>\n<meta property=\"article:publisher\" content=\"https:\/\/www.facebook.com\/PressenzaItalia\" \/>\n<meta property=\"article:author\" content=\"https:\/\/www.facebook.com\/PressenzaItalia\" \/>\n<meta property=\"article:published_time\" content=\"2025-10-07T18:50:57+00:00\" \/>\n<meta property=\"article:modified_time\" content=\"2026-01-05T14:57:30+00:00\" \/>\n<meta property=\"og:image\" content=\"https:\/\/www.pressenza.com\/wp-content\/uploads\/2025\/10\/presidio-x-GSF-Valtellina-rit.jpg\" \/>\n\t<meta property=\"og:image:width\" content=\"1501\" \/>\n\t<meta property=\"og:image:height\" content=\"1370\" \/>\n\t<meta property=\"og:image:type\" content=\"image\/jpeg\" \/>\n<meta name=\"author\" content=\"Redazione Italia\" \/>\n<meta name=\"twitter:card\" content=\"summary_large_image\" \/>\n<meta name=\"twitter:creator\" content=\"@pressenza_it\" \/>\n<meta name=\"twitter:site\" content=\"@PressenzaIPA\" \/>\n<meta name=\"twitter:label1\" content=\"Scritto da\" \/>\n\t<meta name=\"twitter:data1\" content=\"Redazione Italia\" \/>\n\t<meta name=\"twitter:label2\" content=\"Tempo di lettura stimato\" \/>\n\t<meta name=\"twitter:data2\" content=\"3 minuti\" \/>\n<script type=\"application\/ld+json\" class=\"yoast-schema-graph\">{\"@context\":\"https:\/\/schema.org\",\"@graph\":[{\"@type\":\"Article\",\"@id\":\"https:\/\/www.pressenza.com\/it\/2025\/10\/presidio-straordinario-a-ponte-in-valtellina-con-susanna-bargauan-della-global-sumud-flotilla\/#article\",\"isPartOf\":{\"@id\":\"https:\/\/www.pressenza.com\/it\/2025\/10\/presidio-straordinario-a-ponte-in-valtellina-con-susanna-bargauan-della-global-sumud-flotilla\/\"},\"author\":{\"name\":\"Redazione Italia\",\"@id\":\"https:\/\/www.pressenza.com\/it\/#\/schema\/person\/d983e81827ae24f2c7b1a2123d197f8d\"},\"headline\":\"Presidio straordinario a Ponte in Valtellina con Susanna Bargauan della Global Sumud Flotilla\",\"datePublished\":\"2025-10-07T18:50:57+00:00\",\"dateModified\":\"2026-01-05T14:57:30+00:00\",\"mainEntityOfPage\":{\"@id\":\"https:\/\/www.pressenza.com\/it\/2025\/10\/presidio-straordinario-a-ponte-in-valtellina-con-susanna-bargauan-della-global-sumud-flotilla\/\"},\"wordCount\":388,\"publisher\":{\"@id\":\"https:\/\/www.pressenza.com\/it\/#organization\"},\"image\":{\"@id\":\"https:\/\/www.pressenza.com\/it\/2025\/10\/presidio-straordinario-a-ponte-in-valtellina-con-susanna-bargauan-della-global-sumud-flotilla\/#primaryimage\"},\"thumbnailUrl\":\"https:\/\/www.pressenza.com\/wp-content\/uploads\/2025\/10\/presidio-x-GSF-Valtellina-rit.jpg\",\"keywords\":[\"Gaza\",\"Global Sumud Flotilla\",\"Israele\",\"manifestazioni OTTOBRE 2025\",\"presidio\",\"solidariet\u00e0\",\"Susanna Bargauan\"],\"articleSection\":[\"Cronaca\",\"Diritti Umani\",\"Europa\",\"Medio Oriente\"],\"inLanguage\":\"it-IT\"},{\"@type\":\"WebPage\",\"@id\":\"https:\/\/www.pressenza.com\/it\/2025\/10\/presidio-straordinario-a-ponte-in-valtellina-con-susanna-bargauan-della-global-sumud-flotilla\/\",\"url\":\"https:\/\/www.pressenza.com\/it\/2025\/10\/presidio-straordinario-a-ponte-in-valtellina-con-susanna-bargauan-della-global-sumud-flotilla\/\",\"name\":\"Presidio straordinario a Ponte in Valtellina con Susanna Bargauan della Global Sumud Flotilla\",\"isPartOf\":{\"@id\":\"https:\/\/www.pressenza.com\/it\/#website\"},\"primaryImageOfPage\":{\"@id\":\"https:\/\/www.pressenza.com\/it\/2025\/10\/presidio-straordinario-a-ponte-in-valtellina-con-susanna-bargauan-della-global-sumud-flotilla\/#primaryimage\"},\"image\":{\"@id\":\"https:\/\/www.pressenza.com\/it\/2025\/10\/presidio-straordinario-a-ponte-in-valtellina-con-susanna-bargauan-della-global-sumud-flotilla\/#primaryimage\"},\"thumbnailUrl\":\"https:\/\/www.pressenza.com\/wp-content\/uploads\/2025\/10\/presidio-x-GSF-Valtellina-rit.jpg\",\"datePublished\":\"2025-10-07T18:50:57+00:00\",\"dateModified\":\"2026-01-05T14:57:30+00:00\",\"description\":\"Riceviamo dagli attivisti dei presidi unitari di Valcamonica, Valtellina, Valmalenco e Valchiavenna e volentieri pubblichiamo il testo letto oggi al\",\"breadcrumb\":{\"@id\":\"https:\/\/www.pressenza.com\/it\/2025\/10\/presidio-straordinario-a-ponte-in-valtellina-con-susanna-bargauan-della-global-sumud-flotilla\/#breadcrumb\"},\"inLanguage\":\"it-IT\",\"potentialAction\":[{\"@type\":\"ReadAction\",\"target\":[\"https:\/\/www.pressenza.com\/it\/2025\/10\/presidio-straordinario-a-ponte-in-valtellina-con-susanna-bargauan-della-global-sumud-flotilla\/\"]}]},{\"@type\":\"ImageObject\",\"inLanguage\":\"it-IT\",\"@id\":\"https:\/\/www.pressenza.com\/it\/2025\/10\/presidio-straordinario-a-ponte-in-valtellina-con-susanna-bargauan-della-global-sumud-flotilla\/#primaryimage\",\"url\":\"https:\/\/www.pressenza.com\/wp-content\/uploads\/2025\/10\/presidio-x-GSF-Valtellina-rit.jpg\",\"contentUrl\":\"https:\/\/www.pressenza.com\/wp-content\/uploads\/2025\/10\/presidio-x-GSF-Valtellina-rit.jpg\",\"width\":1501,\"height\":1370},{\"@type\":\"BreadcrumbList\",\"@id\":\"https:\/\/www.pressenza.com\/it\/2025\/10\/presidio-straordinario-a-ponte-in-valtellina-con-susanna-bargauan-della-global-sumud-flotilla\/#breadcrumb\",\"itemListElement\":[{\"@type\":\"ListItem\",\"position\":1,\"name\":\"Accueil\",\"item\":\"https:\/\/www.pressenza.com\/it\/\"},{\"@type\":\"ListItem\",\"position\":2,\"name\":\"Presidio straordinario a Ponte in Valtellina con Susanna Bargauan della Global Sumud Flotilla\"}]},{\"@type\":\"WebSite\",\"@id\":\"https:\/\/www.pressenza.com\/it\/#website\",\"url\":\"https:\/\/www.pressenza.com\/it\/\",\"name\":\"Pressenza\",\"description\":\"Agenzia di Stampa Internazionale\",\"publisher\":{\"@id\":\"https:\/\/www.pressenza.com\/it\/#organization\"},\"potentialAction\":[{\"@type\":\"SearchAction\",\"target\":{\"@type\":\"EntryPoint\",\"urlTemplate\":\"https:\/\/www.pressenza.com\/it\/?s={search_term_string}\"},\"query-input\":{\"@type\":\"PropertyValueSpecification\",\"valueRequired\":true,\"valueName\":\"search_term_string\"}}],\"inLanguage\":\"it-IT\"},{\"@type\":\"Organization\",\"@id\":\"https:\/\/www.pressenza.com\/it\/#organization\",\"name\":\"Pressenza\",\"url\":\"https:\/\/www.pressenza.com\/it\/\",\"logo\":{\"@type\":\"ImageObject\",\"inLanguage\":\"it-IT\",\"@id\":\"https:\/\/www.pressenza.com\/it\/#\/schema\/logo\/image\/\",\"url\":\"https:\/\/www.pressenza.com\/wp-content\/uploads\/2022\/10\/pressenza_logo_200x200.jpg\",\"contentUrl\":\"https:\/\/www.pressenza.com\/wp-content\/uploads\/2022\/10\/pressenza_logo_200x200.jpg\",\"width\":200,\"height\":200,\"caption\":\"Pressenza\"},\"image\":{\"@id\":\"https:\/\/www.pressenza.com\/it\/#\/schema\/logo\/image\/\"},\"sameAs\":[\"https:\/\/www.facebook.com\/PressenzaItalia\",\"https:\/\/x.com\/PressenzaIPA\"]},{\"@type\":\"Person\",\"@id\":\"https:\/\/www.pressenza.com\/it\/#\/schema\/person\/d983e81827ae24f2c7b1a2123d197f8d\",\"name\":\"Redazione Italia\",\"description\":\"News from the Pressenza Bureau in Italy\",\"sameAs\":[\"https:\/\/www.pressenza.com\/it\/author\/redazione-italia\/\",\"https:\/\/www.facebook.com\/PressenzaItalia\",\"https:\/\/www.instagram.com\/pressenza_italia\/\",\"https:\/\/x.com\/pressenza_it\",\"https:\/\/www.youtube.com\/channel\/UCSalEIWjE1RSxkwjfftFuqg\"],\"url\":\"https:\/\/www.pressenza.com\/it\/author\/redazione-italia\/\"}]}<\/script>\n<!-- \/ Yoast SEO plugin. -->","yoast_head_json":{"title":"Presidio straordinario a Ponte in Valtellina con Susanna Bargauan della Global Sumud Flotilla","description":"Riceviamo dagli attivisti dei presidi unitari di Valcamonica, Valtellina, Valmalenco e Valchiavenna e volentieri pubblichiamo il testo letto oggi al","robots":{"index":"index","follow":"follow","max-snippet":"max-snippet:-1","max-image-preview":"max-image-preview:large","max-video-preview":"max-video-preview:-1"},"canonical":"https:\/\/www.pressenza.com\/it\/2025\/10\/presidio-straordinario-a-ponte-in-valtellina-con-susanna-bargauan-della-global-sumud-flotilla\/","og_locale":"it_IT","og_type":"article","og_title":"Presidio straordinario a Ponte in Valtellina con Susanna Bargauan della Global Sumud Flotilla","og_description":"Riceviamo dagli attivisti dei presidi unitari di Valcamonica, Valtellina, Valmalenco e Valchiavenna e volentieri pubblichiamo il testo letto oggi al","og_url":"https:\/\/www.pressenza.com\/it\/2025\/10\/presidio-straordinario-a-ponte-in-valtellina-con-susanna-bargauan-della-global-sumud-flotilla\/","og_site_name":"Pressenza","article_publisher":"https:\/\/www.facebook.com\/PressenzaItalia","article_author":"https:\/\/www.facebook.com\/PressenzaItalia","article_published_time":"2025-10-07T18:50:57+00:00","article_modified_time":"2026-01-05T14:57:30+00:00","og_image":[{"width":1501,"height":1370,"url":"https:\/\/www.pressenza.com\/wp-content\/uploads\/2025\/10\/presidio-x-GSF-Valtellina-rit.jpg","type":"image\/jpeg"}],"author":"Redazione Italia","twitter_card":"summary_large_image","twitter_creator":"@pressenza_it","twitter_site":"@PressenzaIPA","twitter_misc":{"Scritto da":"Redazione Italia","Tempo di lettura stimato":"3 minuti"},"schema":{"@context":"https:\/\/schema.org","@graph":[{"@type":"Article","@id":"https:\/\/www.pressenza.com\/it\/2025\/10\/presidio-straordinario-a-ponte-in-valtellina-con-susanna-bargauan-della-global-sumud-flotilla\/#article","isPartOf":{"@id":"https:\/\/www.pressenza.com\/it\/2025\/10\/presidio-straordinario-a-ponte-in-valtellina-con-susanna-bargauan-della-global-sumud-flotilla\/"},"author":{"name":"Redazione Italia","@id":"https:\/\/www.pressenza.com\/it\/#\/schema\/person\/d983e81827ae24f2c7b1a2123d197f8d"},"headline":"Presidio straordinario a Ponte in Valtellina con Susanna Bargauan della Global Sumud Flotilla","datePublished":"2025-10-07T18:50:57+00:00","dateModified":"2026-01-05T14:57:30+00:00","mainEntityOfPage":{"@id":"https:\/\/www.pressenza.com\/it\/2025\/10\/presidio-straordinario-a-ponte-in-valtellina-con-susanna-bargauan-della-global-sumud-flotilla\/"},"wordCount":388,"publisher":{"@id":"https:\/\/www.pressenza.com\/it\/#organization"},"image":{"@id":"https:\/\/www.pressenza.com\/it\/2025\/10\/presidio-straordinario-a-ponte-in-valtellina-con-susanna-bargauan-della-global-sumud-flotilla\/#primaryimage"},"thumbnailUrl":"https:\/\/www.pressenza.com\/wp-content\/uploads\/2025\/10\/presidio-x-GSF-Valtellina-rit.jpg","keywords":["Gaza","Global Sumud Flotilla","Israele","manifestazioni OTTOBRE 2025","presidio","solidariet\u00e0","Susanna Bargauan"],"articleSection":["Cronaca","Diritti Umani","Europa","Medio Oriente"],"inLanguage":"it-IT"},{"@type":"WebPage","@id":"https:\/\/www.pressenza.com\/it\/2025\/10\/presidio-straordinario-a-ponte-in-valtellina-con-susanna-bargauan-della-global-sumud-flotilla\/","url":"https:\/\/www.pressenza.com\/it\/2025\/10\/presidio-straordinario-a-ponte-in-valtellina-con-susanna-bargauan-della-global-sumud-flotilla\/","name":"Presidio straordinario a Ponte in Valtellina con Susanna Bargauan della Global Sumud Flotilla","isPartOf":{"@id":"https:\/\/www.pressenza.com\/it\/#website"},"primaryImageOfPage":{"@id":"https:\/\/www.pressenza.com\/it\/2025\/10\/presidio-straordinario-a-ponte-in-valtellina-con-susanna-bargauan-della-global-sumud-flotilla\/#primaryimage"},"image":{"@id":"https:\/\/www.pressenza.com\/it\/2025\/10\/presidio-straordinario-a-ponte-in-valtellina-con-susanna-bargauan-della-global-sumud-flotilla\/#primaryimage"},"thumbnailUrl":"https:\/\/www.pressenza.com\/wp-content\/uploads\/2025\/10\/presidio-x-GSF-Valtellina-rit.jpg","datePublished":"2025-10-07T18:50:57+00:00","dateModified":"2026-01-05T14:57:30+00:00","description":"Riceviamo dagli attivisti dei presidi unitari di Valcamonica, Valtellina, Valmalenco e Valchiavenna e volentieri pubblichiamo il testo letto oggi al","breadcrumb":{"@id":"https:\/\/www.pressenza.com\/it\/2025\/10\/presidio-straordinario-a-ponte-in-valtellina-con-susanna-bargauan-della-global-sumud-flotilla\/#breadcrumb"},"inLanguage":"it-IT","potentialAction":[{"@type":"ReadAction","target":["https:\/\/www.pressenza.com\/it\/2025\/10\/presidio-straordinario-a-ponte-in-valtellina-con-susanna-bargauan-della-global-sumud-flotilla\/"]}]},{"@type":"ImageObject","inLanguage":"it-IT","@id":"https:\/\/www.pressenza.com\/it\/2025\/10\/presidio-straordinario-a-ponte-in-valtellina-con-susanna-bargauan-della-global-sumud-flotilla\/#primaryimage","url":"https:\/\/www.pressenza.com\/wp-content\/uploads\/2025\/10\/presidio-x-GSF-Valtellina-rit.jpg","contentUrl":"https:\/\/www.pressenza.com\/wp-content\/uploads\/2025\/10\/presidio-x-GSF-Valtellina-rit.jpg","width":1501,"height":1370},{"@type":"BreadcrumbList","@id":"https:\/\/www.pressenza.com\/it\/2025\/10\/presidio-straordinario-a-ponte-in-valtellina-con-susanna-bargauan-della-global-sumud-flotilla\/#breadcrumb","itemListElement":[{"@type":"ListItem","position":1,"name":"Accueil","item":"https:\/\/www.pressenza.com\/it\/"},{"@type":"ListItem","position":2,"name":"Presidio straordinario a Ponte in Valtellina con Susanna Bargauan della Global Sumud Flotilla"}]},{"@type":"WebSite","@id":"https:\/\/www.pressenza.com\/it\/#website","url":"https:\/\/www.pressenza.com\/it\/","name":"Pressenza","description":"Agenzia di Stampa Internazionale","publisher":{"@id":"https:\/\/www.pressenza.com\/it\/#organization"},"potentialAction":[{"@type":"SearchAction","target":{"@type":"EntryPoint","urlTemplate":"https:\/\/www.pressenza.com\/it\/?s={search_term_string}"},"query-input":{"@type":"PropertyValueSpecification","valueRequired":true,"valueName":"search_term_string"}}],"inLanguage":"it-IT"},{"@type":"Organization","@id":"https:\/\/www.pressenza.com\/it\/#organization","name":"Pressenza","url":"https:\/\/www.pressenza.com\/it\/","logo":{"@type":"ImageObject","inLanguage":"it-IT","@id":"https:\/\/www.pressenza.com\/it\/#\/schema\/logo\/image\/","url":"https:\/\/www.pressenza.com\/wp-content\/uploads\/2022\/10\/pressenza_logo_200x200.jpg","contentUrl":"https:\/\/www.pressenza.com\/wp-content\/uploads\/2022\/10\/pressenza_logo_200x200.jpg","width":200,"height":200,"caption":"Pressenza"},"image":{"@id":"https:\/\/www.pressenza.com\/it\/#\/schema\/logo\/image\/"},"sameAs":["https:\/\/www.facebook.com\/PressenzaItalia","https:\/\/x.com\/PressenzaIPA"]},{"@type":"Person","@id":"https:\/\/www.pressenza.com\/it\/#\/schema\/person\/d983e81827ae24f2c7b1a2123d197f8d","name":"Redazione Italia","description":"News from the Pressenza Bureau in Italy","sameAs":["https:\/\/www.pressenza.com\/it\/author\/redazione-italia\/","https:\/\/www.facebook.com\/PressenzaItalia","https:\/\/www.instagram.com\/pressenza_italia\/","https:\/\/x.com\/pressenza_it","https:\/\/www.youtube.com\/channel\/UCSalEIWjE1RSxkwjfftFuqg"],"url":"https:\/\/www.pressenza.com\/it\/author\/redazione-italia\/"}]}},"place":"Ponte in Valtellina (Sondrio)","original_article_url":"","_links":{"self":[{"href":"https:\/\/www.pressenza.com\/it\/wp-json\/wp\/v2\/posts\/2643178","targetHints":{"allow":["GET"]}}],"collection":[{"href":"https:\/\/www.pressenza.com\/it\/wp-json\/wp\/v2\/posts"}],"about":[{"href":"https:\/\/www.pressenza.com\/it\/wp-json\/wp\/v2\/types\/post"}],"author":[{"embeddable":true,"href":"https:\/\/www.pressenza.com\/it\/wp-json\/wp\/v2\/users\/594"}],"replies":[{"embeddable":true,"href":"https:\/\/www.pressenza.com\/it\/wp-json\/wp\/v2\/comments?post=2643178"}],"version-history":[{"count":1,"href":"https:\/\/www.pressenza.com\/it\/wp-json\/wp\/v2\/posts\/2643178\/revisions"}],"predecessor-version":[{"id":2643186,"href":"https:\/\/www.pressenza.com\/it\/wp-json\/wp\/v2\/posts\/2643178\/revisions\/2643186"}],"wp:featuredmedia":[{"embeddable":true,"href":"https:\/\/www.pressenza.com\/it\/wp-json\/wp\/v2\/media\/2643181"}],"wp:attachment":[{"href":"https:\/\/www.pressenza.com\/it\/wp-json\/wp\/v2\/media?parent=2643178"}],"wp:term":[{"taxonomy":"category","embeddable":true,"href":"https:\/\/www.pressenza.com\/it\/wp-json\/wp\/v2\/categories?post=2643178"},{"taxonomy":"post_tag","embeddable":true,"href":"https:\/\/www.pressenza.com\/it\/wp-json\/wp\/v2\/tags?post=2643178"}],"curies":[{"name":"wp","href":"https:\/\/api.w.org\/{rel}","templated":true}]}}