{"id":2641660,"date":"2025-10-03T19:38:48","date_gmt":"2025-10-03T18:38:48","guid":{"rendered":"https:\/\/www.pressenza.com\/?p=2641660"},"modified":"2025-10-03T19:38:48","modified_gmt":"2025-10-03T18:38:48","slug":"lettera-aperta-il-costo-dellindifferenza","status":"publish","type":"post","link":"https:\/\/www.pressenza.com\/it\/2025\/10\/lettera-aperta-il-costo-dellindifferenza\/","title":{"rendered":"Lettera aperta: il costo dell&#8217;indifferenza"},"content":{"rendered":"<p>Riceviamo e pubblichiamo la lettera aperta di M.R.S., studentessa dell&#8217;universit\u00e0 di Forl\u00ec:<\/p>\n<p>&nbsp;<\/p>\n<p><span style=\"font-weight: 400;\">So che non sar\u00f2 n\u00e9 la prima n\u00e9 l\u2019ultima a scriverlo, ma lo scriver\u00f2 comunque: \u00e8 ora di svegliarci, svegliamoci.\u00a0<\/span><\/p>\n<p><span style=\"font-weight: 400;\">Ricordo che ogni volta che ho studiato la storia della Shoah, e ancor pi\u00f9 visitando i campi di concentramento, mi sono chiesta come fosse possibile. Tutto il mondo \u00e8 stato a guardare senza fare nulla, com\u2019\u00e8 possibile che abbiamo lasciato che fatti del genere accadessero?<\/span><\/p>\n<p><span style=\"font-weight: 400;\">Ora sta succedendo di nuovo. Il nostro mondo \u00e8 scosso da guerre che si combattono sotto i nostri occhi, in diretta televisiva. Sappiamo benissimo quali orrori vengono commessi, conosciamo la sofferenza di tantissime persone. Allora come possiamo ignorarlo? Come fate ad addormentarvi nei vostri letti sapendo che c\u2019\u00e8 una bambina, un uomo o una donna, un nonno o una sorella la cui casa \u00e8 stata distrutta, che \u00e8 stata obbligata a lasciarsi alle spalle la propria vita, e a vedere la propria famiglia divisa, i propri cari uccisi.<\/span><\/p>\n<p><span style=\"font-weight: 400;\">So che non sono n\u00e9 la prima n\u00e9 l\u2019ultima a parlarvi di questi avvenimenti, perch\u00e9 il telegiornale ne parla ogni sera e ci rende insensibili al dolore altrui. Ma qui non c\u2019\u00e8 nessun Truman Show, quelle persone muoiono per davvero, in ogni momento, e noi che guardiamo senza agire siamo complici.\u00a0<\/span><\/p>\n<p><span style=\"font-weight: 400;\">Io scrivo perch\u00e9 credo che le parole siano uno strumento potente per risvegliare le coscienze sopite. Ma le parole da sole non cambiano il mondo, sono le persone che devono fare la differenza.\u00a0<\/span><\/p>\n<p><span style=\"font-weight: 400;\">Quindi mi rivolgo a tutti, in primis al Governo, agli eserciti, alla Leonardo e ad ENI. Ma non ho intenzione di parlare alle istituzioni o agli enti, voglio parlare ad ogni singola persona che ne fa parte: raccogli il coraggio e smetti di essere parte del meccanismo del genocidio. Perch\u00e9 l\u2019Italia fornisce direttamente armi ad Israele, tramite gli stabilimenti della Leonardo, e lo fa per un ritorno economico, mentre ENI trivella a largo delle coste di Gaza. Inquinano il pianeta e scambiano soldi per sangue, sempre col benestare del Governo.\u00a0<\/span><\/p>\n<p><span style=\"font-weight: 400;\">Non fare niente \u00e8 dare il proprio consenso a tutto ci\u00f2, quindi dobbiamo far sentire il nostro rifiuto per questa collaborazione omicida. Dobbiamo protestare, scioperare, prendere l&#8217;esempio dei lavoratori portuali di Ravenna (e non solo) e rifiutarci di far partire navi cariche di armamenti dalle nostre coste.\u00a0<\/span><\/p>\n<p><span style=\"font-weight: 400;\">In primo luogo, per il semplice fatto di essere umani abbiamo il dovere di proteggere e aiutare gli altri, difenderli per puro senso di fraternit\u00e0 e di giustizia.\u00a0<\/span><\/p>\n<p><span style=\"font-weight: 400;\">In secondo luogo, se questa \u00e8 la risposta del mondo, della societ\u00e0, della politica e del diritto internazionale davanti a un genocidio, allora nessuno \u00e8 al sicuro. Se alla soppressione dei diritti e della democrazia, della pi\u00f9 umana piet\u00e0 \u00e8 cos\u00ec che rispondono i nostri governi, che non agiscono, comprati da miliardi macchiati dal sangue dei palestinesi, siamo disposti ad accettarlo?<\/span><\/p>\n<p><span style=\"font-weight: 400;\">Se ci venissimo a trovare noi nella stessa posizione degli abitanti dello Stato di Palestina (tutt\u2019ora non riconosciuto dal nostro Governo!) chi verrebbe a salvarci? Chi ci difenderebbe, questa societ\u00e0 che si volta dall\u2019altra parte?\u00a0<\/span><\/p>\n<p><span style=\"font-weight: 400;\">Anche noi saremmo soltanto una notizia sul giornale, qualcosa per cui dispiacersi pigramente senza muovere un dito?<\/span><\/p>\n<p><span style=\"font-weight: 400;\">Al contrario, dobbiamo diventare un precedente storico che dimostri che noi, le persone, questi orrori non li accettiamo e non intendiamo accettarli mai pi\u00f9. Dobbiamo dimostrare al nostro governo che non resteremo passivi ad aspettare che un poco alla volta limitino le nostre libert\u00e0, ma che lotteremo per una societ\u00e0 migliore.\u00a0<\/span><\/p>\n<p><span style=\"font-weight: 400;\">Una volta ancora, scrivo per invitare tutti a smettere di essere complici, ad agire ora.\u00a0<\/span><\/p>\n<p><span style=\"font-weight: 400;\">Appendete la bandiera dello Stato di Palestina al vostro balcone, boicottate i prodotti provenienti da Israele e quelli di aziende implicate nel sostegno alla produzione bellica. E poi scendete in strada e unitevi alle proteste, scioperate, rifiutate lo stato di polizia in cui ci troviamo, che manipola le notizie e prende a manganellate i manifestanti.\u00a0<\/span><\/p>\n<p><span style=\"font-weight: 400;\">La libert\u00e0 dei palestinesi \u00e8 la libert\u00e0 delle libert\u00e0, la libert\u00e0 della democrazia, la libert\u00e0 nostra e di tutti. La lotta continua.\u00a0 <\/span><\/p>\n<p>M.R.S.<\/p>\n<p>&nbsp;<\/p>\n","protected":false},"excerpt":{"rendered":"<p>Riceviamo e pubblichiamo la lettera aperta di M.R.S., studentessa dell&#8217;universit\u00e0 di Forl\u00ec: &nbsp; So che non sar\u00f2 n\u00e9 la prima n\u00e9 l\u2019ultima a scriverlo, ma lo scriver\u00f2 comunque: \u00e8 ora di svegliarci, svegliamoci.\u00a0 Ricordo che ogni volta che ho studiato&hellip;<\/p>\n","protected":false},"author":2449,"featured_media":2641738,"comment_status":"closed","ping_status":"closed","sticky":false,"template":"","format":"standard","meta":{"footnotes":""},"categories":[60,162],"tags":[139558,1227],"class_list":["post-2641660","post","type-post","status-publish","format-standard","has-post-thumbnail","hentry","category-diritti-umani","category-opinioni","tag-global-sumud-flotilla","tag-palestina-it"],"yoast_head":"<!-- This site is optimized with the Yoast SEO plugin v27.1.1 - https:\/\/yoast.com\/product\/yoast-seo-wordpress\/ -->\n<title>Lettera aperta: il costo dell&#039;indifferenza<\/title>\n<meta name=\"description\" content=\"Riceviamo e pubblichiamo la lettera aperta di M.R.S., studentessa dell&#039;universit\u00e0 di Forl\u00ec: &nbsp; So che non sar\u00f2 n\u00e9 la prima n\u00e9 l\u2019ultima a scriverlo, ma\" \/>\n<meta name=\"robots\" content=\"index, follow, max-snippet:-1, max-image-preview:large, max-video-preview:-1\" \/>\n<link rel=\"canonical\" href=\"https:\/\/www.pressenza.com\/it\/2025\/10\/lettera-aperta-il-costo-dellindifferenza\/\" \/>\n<meta property=\"og:locale\" content=\"it_IT\" \/>\n<meta property=\"og:type\" content=\"article\" \/>\n<meta property=\"og:title\" content=\"Lettera aperta: il costo dell&#039;indifferenza\" \/>\n<meta property=\"og:description\" content=\"Riceviamo e pubblichiamo la lettera aperta di M.R.S., studentessa dell&#039;universit\u00e0 di Forl\u00ec: &nbsp; So che non sar\u00f2 n\u00e9 la prima n\u00e9 l\u2019ultima a scriverlo, ma\" \/>\n<meta property=\"og:url\" content=\"https:\/\/www.pressenza.com\/it\/2025\/10\/lettera-aperta-il-costo-dellindifferenza\/\" \/>\n<meta property=\"og:site_name\" content=\"Pressenza\" \/>\n<meta property=\"article:publisher\" content=\"https:\/\/www.facebook.com\/PressenzaItalia\" \/>\n<meta property=\"article:published_time\" content=\"2025-10-03T18:38:48+00:00\" \/>\n<meta property=\"og:image\" content=\"https:\/\/www.pressenza.com\/wp-content\/uploads\/2025\/10\/Cesena-3-ottobre.jpg\" \/>\n\t<meta property=\"og:image:width\" content=\"1530\" \/>\n\t<meta property=\"og:image:height\" content=\"1105\" \/>\n\t<meta property=\"og:image:type\" content=\"image\/jpeg\" \/>\n<meta name=\"author\" content=\"Redazione Romagna\" \/>\n<meta name=\"twitter:card\" content=\"summary_large_image\" \/>\n<meta name=\"twitter:creator\" content=\"@PressenzaIPA\" \/>\n<meta name=\"twitter:site\" content=\"@PressenzaIPA\" \/>\n<meta name=\"twitter:label1\" content=\"Scritto da\" \/>\n\t<meta name=\"twitter:data1\" content=\"Redazione Romagna\" \/>\n\t<meta name=\"twitter:label2\" content=\"Tempo di lettura stimato\" \/>\n\t<meta name=\"twitter:data2\" content=\"4 minuti\" \/>\n<script type=\"application\/ld+json\" class=\"yoast-schema-graph\">{\"@context\":\"https:\/\/schema.org\",\"@graph\":[{\"@type\":\"Article\",\"@id\":\"https:\/\/www.pressenza.com\/it\/2025\/10\/lettera-aperta-il-costo-dellindifferenza\/#article\",\"isPartOf\":{\"@id\":\"https:\/\/www.pressenza.com\/it\/2025\/10\/lettera-aperta-il-costo-dellindifferenza\/\"},\"author\":{\"name\":\"Redazione Romagna\",\"@id\":\"https:\/\/www.pressenza.com\/it\/#\/schema\/person\/bd20012effb4a200220e868c6dc89e72\"},\"headline\":\"Lettera aperta: il costo dell&#8217;indifferenza\",\"datePublished\":\"2025-10-03T18:38:48+00:00\",\"mainEntityOfPage\":{\"@id\":\"https:\/\/www.pressenza.com\/it\/2025\/10\/lettera-aperta-il-costo-dellindifferenza\/\"},\"wordCount\":680,\"publisher\":{\"@id\":\"https:\/\/www.pressenza.com\/it\/#organization\"},\"image\":{\"@id\":\"https:\/\/www.pressenza.com\/it\/2025\/10\/lettera-aperta-il-costo-dellindifferenza\/#primaryimage\"},\"thumbnailUrl\":\"https:\/\/www.pressenza.com\/wp-content\/uploads\/2025\/10\/Cesena-3-ottobre.jpg\",\"keywords\":[\"Global Sumud Flotilla\",\"Palestina\"],\"articleSection\":[\"Diritti Umani\",\"Opinioni\"],\"inLanguage\":\"it-IT\"},{\"@type\":\"WebPage\",\"@id\":\"https:\/\/www.pressenza.com\/it\/2025\/10\/lettera-aperta-il-costo-dellindifferenza\/\",\"url\":\"https:\/\/www.pressenza.com\/it\/2025\/10\/lettera-aperta-il-costo-dellindifferenza\/\",\"name\":\"Lettera aperta: il costo dell'indifferenza\",\"isPartOf\":{\"@id\":\"https:\/\/www.pressenza.com\/it\/#website\"},\"primaryImageOfPage\":{\"@id\":\"https:\/\/www.pressenza.com\/it\/2025\/10\/lettera-aperta-il-costo-dellindifferenza\/#primaryimage\"},\"image\":{\"@id\":\"https:\/\/www.pressenza.com\/it\/2025\/10\/lettera-aperta-il-costo-dellindifferenza\/#primaryimage\"},\"thumbnailUrl\":\"https:\/\/www.pressenza.com\/wp-content\/uploads\/2025\/10\/Cesena-3-ottobre.jpg\",\"datePublished\":\"2025-10-03T18:38:48+00:00\",\"description\":\"Riceviamo e pubblichiamo la lettera aperta di M.R.S., studentessa dell'universit\u00e0 di Forl\u00ec: &nbsp; So che non sar\u00f2 n\u00e9 la prima n\u00e9 l\u2019ultima a scriverlo, ma\",\"breadcrumb\":{\"@id\":\"https:\/\/www.pressenza.com\/it\/2025\/10\/lettera-aperta-il-costo-dellindifferenza\/#breadcrumb\"},\"inLanguage\":\"it-IT\",\"potentialAction\":[{\"@type\":\"ReadAction\",\"target\":[\"https:\/\/www.pressenza.com\/it\/2025\/10\/lettera-aperta-il-costo-dellindifferenza\/\"]}]},{\"@type\":\"ImageObject\",\"inLanguage\":\"it-IT\",\"@id\":\"https:\/\/www.pressenza.com\/it\/2025\/10\/lettera-aperta-il-costo-dellindifferenza\/#primaryimage\",\"url\":\"https:\/\/www.pressenza.com\/wp-content\/uploads\/2025\/10\/Cesena-3-ottobre.jpg\",\"contentUrl\":\"https:\/\/www.pressenza.com\/wp-content\/uploads\/2025\/10\/Cesena-3-ottobre.jpg\",\"width\":1530,\"height\":1105},{\"@type\":\"BreadcrumbList\",\"@id\":\"https:\/\/www.pressenza.com\/it\/2025\/10\/lettera-aperta-il-costo-dellindifferenza\/#breadcrumb\",\"itemListElement\":[{\"@type\":\"ListItem\",\"position\":1,\"name\":\"Accueil\",\"item\":\"https:\/\/www.pressenza.com\/it\/\"},{\"@type\":\"ListItem\",\"position\":2,\"name\":\"Lettera aperta: il costo dell&#8217;indifferenza\"}]},{\"@type\":\"WebSite\",\"@id\":\"https:\/\/www.pressenza.com\/it\/#website\",\"url\":\"https:\/\/www.pressenza.com\/it\/\",\"name\":\"Pressenza\",\"description\":\"Agenzia di Stampa Internazionale\",\"publisher\":{\"@id\":\"https:\/\/www.pressenza.com\/it\/#organization\"},\"potentialAction\":[{\"@type\":\"SearchAction\",\"target\":{\"@type\":\"EntryPoint\",\"urlTemplate\":\"https:\/\/www.pressenza.com\/it\/?s={search_term_string}\"},\"query-input\":{\"@type\":\"PropertyValueSpecification\",\"valueRequired\":true,\"valueName\":\"search_term_string\"}}],\"inLanguage\":\"it-IT\"},{\"@type\":\"Organization\",\"@id\":\"https:\/\/www.pressenza.com\/it\/#organization\",\"name\":\"Pressenza\",\"url\":\"https:\/\/www.pressenza.com\/it\/\",\"logo\":{\"@type\":\"ImageObject\",\"inLanguage\":\"it-IT\",\"@id\":\"https:\/\/www.pressenza.com\/it\/#\/schema\/logo\/image\/\",\"url\":\"https:\/\/www.pressenza.com\/wp-content\/uploads\/2022\/10\/pressenza_logo_200x200.jpg\",\"contentUrl\":\"https:\/\/www.pressenza.com\/wp-content\/uploads\/2022\/10\/pressenza_logo_200x200.jpg\",\"width\":200,\"height\":200,\"caption\":\"Pressenza\"},\"image\":{\"@id\":\"https:\/\/www.pressenza.com\/it\/#\/schema\/logo\/image\/\"},\"sameAs\":[\"https:\/\/www.facebook.com\/PressenzaItalia\",\"https:\/\/x.com\/PressenzaIPA\"]},{\"@type\":\"Person\",\"@id\":\"https:\/\/www.pressenza.com\/it\/#\/schema\/person\/bd20012effb4a200220e868c6dc89e72\",\"name\":\"Redazione Romagna\",\"url\":\"https:\/\/www.pressenza.com\/it\/author\/redazione-romagna\/\"}]}<\/script>\n<!-- \/ Yoast SEO plugin. -->","yoast_head_json":{"title":"Lettera aperta: il costo dell'indifferenza","description":"Riceviamo e pubblichiamo la lettera aperta di M.R.S., studentessa dell'universit\u00e0 di Forl\u00ec: &nbsp; So che non sar\u00f2 n\u00e9 la prima n\u00e9 l\u2019ultima a scriverlo, ma","robots":{"index":"index","follow":"follow","max-snippet":"max-snippet:-1","max-image-preview":"max-image-preview:large","max-video-preview":"max-video-preview:-1"},"canonical":"https:\/\/www.pressenza.com\/it\/2025\/10\/lettera-aperta-il-costo-dellindifferenza\/","og_locale":"it_IT","og_type":"article","og_title":"Lettera aperta: il costo dell'indifferenza","og_description":"Riceviamo e pubblichiamo la lettera aperta di M.R.S., studentessa dell'universit\u00e0 di Forl\u00ec: &nbsp; So che non sar\u00f2 n\u00e9 la prima n\u00e9 l\u2019ultima a scriverlo, ma","og_url":"https:\/\/www.pressenza.com\/it\/2025\/10\/lettera-aperta-il-costo-dellindifferenza\/","og_site_name":"Pressenza","article_publisher":"https:\/\/www.facebook.com\/PressenzaItalia","article_published_time":"2025-10-03T18:38:48+00:00","og_image":[{"width":1530,"height":1105,"url":"https:\/\/www.pressenza.com\/wp-content\/uploads\/2025\/10\/Cesena-3-ottobre.jpg","type":"image\/jpeg"}],"author":"Redazione Romagna","twitter_card":"summary_large_image","twitter_creator":"@PressenzaIPA","twitter_site":"@PressenzaIPA","twitter_misc":{"Scritto da":"Redazione Romagna","Tempo di lettura stimato":"4 minuti"},"schema":{"@context":"https:\/\/schema.org","@graph":[{"@type":"Article","@id":"https:\/\/www.pressenza.com\/it\/2025\/10\/lettera-aperta-il-costo-dellindifferenza\/#article","isPartOf":{"@id":"https:\/\/www.pressenza.com\/it\/2025\/10\/lettera-aperta-il-costo-dellindifferenza\/"},"author":{"name":"Redazione Romagna","@id":"https:\/\/www.pressenza.com\/it\/#\/schema\/person\/bd20012effb4a200220e868c6dc89e72"},"headline":"Lettera aperta: il costo dell&#8217;indifferenza","datePublished":"2025-10-03T18:38:48+00:00","mainEntityOfPage":{"@id":"https:\/\/www.pressenza.com\/it\/2025\/10\/lettera-aperta-il-costo-dellindifferenza\/"},"wordCount":680,"publisher":{"@id":"https:\/\/www.pressenza.com\/it\/#organization"},"image":{"@id":"https:\/\/www.pressenza.com\/it\/2025\/10\/lettera-aperta-il-costo-dellindifferenza\/#primaryimage"},"thumbnailUrl":"https:\/\/www.pressenza.com\/wp-content\/uploads\/2025\/10\/Cesena-3-ottobre.jpg","keywords":["Global Sumud Flotilla","Palestina"],"articleSection":["Diritti Umani","Opinioni"],"inLanguage":"it-IT"},{"@type":"WebPage","@id":"https:\/\/www.pressenza.com\/it\/2025\/10\/lettera-aperta-il-costo-dellindifferenza\/","url":"https:\/\/www.pressenza.com\/it\/2025\/10\/lettera-aperta-il-costo-dellindifferenza\/","name":"Lettera aperta: il costo dell'indifferenza","isPartOf":{"@id":"https:\/\/www.pressenza.com\/it\/#website"},"primaryImageOfPage":{"@id":"https:\/\/www.pressenza.com\/it\/2025\/10\/lettera-aperta-il-costo-dellindifferenza\/#primaryimage"},"image":{"@id":"https:\/\/www.pressenza.com\/it\/2025\/10\/lettera-aperta-il-costo-dellindifferenza\/#primaryimage"},"thumbnailUrl":"https:\/\/www.pressenza.com\/wp-content\/uploads\/2025\/10\/Cesena-3-ottobre.jpg","datePublished":"2025-10-03T18:38:48+00:00","description":"Riceviamo e pubblichiamo la lettera aperta di M.R.S., studentessa dell'universit\u00e0 di Forl\u00ec: &nbsp; So che non sar\u00f2 n\u00e9 la prima n\u00e9 l\u2019ultima a scriverlo, ma","breadcrumb":{"@id":"https:\/\/www.pressenza.com\/it\/2025\/10\/lettera-aperta-il-costo-dellindifferenza\/#breadcrumb"},"inLanguage":"it-IT","potentialAction":[{"@type":"ReadAction","target":["https:\/\/www.pressenza.com\/it\/2025\/10\/lettera-aperta-il-costo-dellindifferenza\/"]}]},{"@type":"ImageObject","inLanguage":"it-IT","@id":"https:\/\/www.pressenza.com\/it\/2025\/10\/lettera-aperta-il-costo-dellindifferenza\/#primaryimage","url":"https:\/\/www.pressenza.com\/wp-content\/uploads\/2025\/10\/Cesena-3-ottobre.jpg","contentUrl":"https:\/\/www.pressenza.com\/wp-content\/uploads\/2025\/10\/Cesena-3-ottobre.jpg","width":1530,"height":1105},{"@type":"BreadcrumbList","@id":"https:\/\/www.pressenza.com\/it\/2025\/10\/lettera-aperta-il-costo-dellindifferenza\/#breadcrumb","itemListElement":[{"@type":"ListItem","position":1,"name":"Accueil","item":"https:\/\/www.pressenza.com\/it\/"},{"@type":"ListItem","position":2,"name":"Lettera aperta: il costo dell&#8217;indifferenza"}]},{"@type":"WebSite","@id":"https:\/\/www.pressenza.com\/it\/#website","url":"https:\/\/www.pressenza.com\/it\/","name":"Pressenza","description":"Agenzia di Stampa Internazionale","publisher":{"@id":"https:\/\/www.pressenza.com\/it\/#organization"},"potentialAction":[{"@type":"SearchAction","target":{"@type":"EntryPoint","urlTemplate":"https:\/\/www.pressenza.com\/it\/?s={search_term_string}"},"query-input":{"@type":"PropertyValueSpecification","valueRequired":true,"valueName":"search_term_string"}}],"inLanguage":"it-IT"},{"@type":"Organization","@id":"https:\/\/www.pressenza.com\/it\/#organization","name":"Pressenza","url":"https:\/\/www.pressenza.com\/it\/","logo":{"@type":"ImageObject","inLanguage":"it-IT","@id":"https:\/\/www.pressenza.com\/it\/#\/schema\/logo\/image\/","url":"https:\/\/www.pressenza.com\/wp-content\/uploads\/2022\/10\/pressenza_logo_200x200.jpg","contentUrl":"https:\/\/www.pressenza.com\/wp-content\/uploads\/2022\/10\/pressenza_logo_200x200.jpg","width":200,"height":200,"caption":"Pressenza"},"image":{"@id":"https:\/\/www.pressenza.com\/it\/#\/schema\/logo\/image\/"},"sameAs":["https:\/\/www.facebook.com\/PressenzaItalia","https:\/\/x.com\/PressenzaIPA"]},{"@type":"Person","@id":"https:\/\/www.pressenza.com\/it\/#\/schema\/person\/bd20012effb4a200220e868c6dc89e72","name":"Redazione Romagna","url":"https:\/\/www.pressenza.com\/it\/author\/redazione-romagna\/"}]}},"place":"","original_article_url":"","_links":{"self":[{"href":"https:\/\/www.pressenza.com\/it\/wp-json\/wp\/v2\/posts\/2641660","targetHints":{"allow":["GET"]}}],"collection":[{"href":"https:\/\/www.pressenza.com\/it\/wp-json\/wp\/v2\/posts"}],"about":[{"href":"https:\/\/www.pressenza.com\/it\/wp-json\/wp\/v2\/types\/post"}],"author":[{"embeddable":true,"href":"https:\/\/www.pressenza.com\/it\/wp-json\/wp\/v2\/users\/2449"}],"replies":[{"embeddable":true,"href":"https:\/\/www.pressenza.com\/it\/wp-json\/wp\/v2\/comments?post=2641660"}],"version-history":[{"count":1,"href":"https:\/\/www.pressenza.com\/it\/wp-json\/wp\/v2\/posts\/2641660\/revisions"}],"predecessor-version":[{"id":2641741,"href":"https:\/\/www.pressenza.com\/it\/wp-json\/wp\/v2\/posts\/2641660\/revisions\/2641741"}],"wp:featuredmedia":[{"embeddable":true,"href":"https:\/\/www.pressenza.com\/it\/wp-json\/wp\/v2\/media\/2641738"}],"wp:attachment":[{"href":"https:\/\/www.pressenza.com\/it\/wp-json\/wp\/v2\/media?parent=2641660"}],"wp:term":[{"taxonomy":"category","embeddable":true,"href":"https:\/\/www.pressenza.com\/it\/wp-json\/wp\/v2\/categories?post=2641660"},{"taxonomy":"post_tag","embeddable":true,"href":"https:\/\/www.pressenza.com\/it\/wp-json\/wp\/v2\/tags?post=2641660"}],"curies":[{"name":"wp","href":"https:\/\/api.w.org\/{rel}","templated":true}]}}