{"id":2641528,"date":"2025-10-03T15:42:15","date_gmt":"2025-10-03T14:42:15","guid":{"rendered":"https:\/\/www.pressenza.com\/?p=2641528"},"modified":"2025-10-03T15:42:15","modified_gmt":"2025-10-03T14:42:15","slug":"flotilla-poliziotti-silp-cgil-aderiscono-allo-sciopero-generale","status":"publish","type":"post","link":"https:\/\/www.pressenza.com\/it\/2025\/10\/flotilla-poliziotti-silp-cgil-aderiscono-allo-sciopero-generale\/","title":{"rendered":"Flotilla, poliziotti Silp Cgil aderiscono allo sciopero generale"},"content":{"rendered":"<p>Il Silp Cgil aderisce convintamente allo sciopero generale proclamato dalla Cgil. Purtroppo le lavoratrici e i lavoratori della Polizia di Stato non godono del diritto di sciopero, ma liberi dal servizio parteciperemo alle iniziative che si svolgeranno sul territorio nazionale. Siamo di fronte ad una palese violazione del diritto internazionale, sia per quel che riguarda ci\u00f2 che sta avvenendo a Gaza e sia per i rischi che stanno correndo i cittadini italiani, volontarie e volontari, che con la Flotilla stanno compiendo un gesto importante.<\/p>\n<p>Non dimentichiamo l&#8217;attacco di inaudita crudelt\u00e0 che il 7 ottobre 2023 ha scatenato Hamas, le 1.200 persone uccise e i 250 ostaggi, ma non \u00e8 pi\u00f9 possibile tacere rispetto alla reazione feroce e devastante di chi oggi governa purtroppo Israele, che punta al massacro di un intero popolo. Chi come noi ha giurato fedelt\u00e0 alla Costituzione italiana e basa la propria azione sul rispetto delle leggi e sul principio di legalit\u00e0, non pu\u00f2 tollerare questa situazione.<\/p>\n<p>Detto questo le sacrosante e legittime azioni di protesta per la situazione di Gaza non possono giustificare in alcun modo violenze e aggressioni nei confronti delle lavoratrici e dei lavoratori in uniforme. Le violenze non sono mai accettabili, da qualsiasi parte provengano. Serve senso di responsabilit\u00e0 da parte di tutti, soprattutto da parte di coloro che hanno responsabilit\u00e0 politiche e di governo: occorre tenere toni bassi e non rinfocolare polemiche per il proprio piccolo tornaconto elettorale. Le parole possono incendiare le piazze che devono invece rimanere pacifiche. Sempre e comunque.<\/p>\n<p>Pietro Colapietro, segretario generale del sindacato di polizia<\/p>\n","protected":false},"excerpt":{"rendered":"<p>Il Silp Cgil aderisce convintamente allo sciopero generale proclamato dalla Cgil. Purtroppo le lavoratrici e i lavoratori della Polizia di Stato non godono del diritto di sciopero, ma liberi dal servizio parteciperemo alle iniziative che si svolgeranno sul territorio nazionale.&hellip;<\/p>\n","protected":false},"author":594,"featured_media":2641531,"comment_status":"closed","ping_status":"closed","sticky":false,"template":"","format":"standard","meta":{"footnotes":""},"categories":[150,60,47,52],"tags":[97556,1005,139558,129542,1470,4412,143898],"class_list":["post-2641528","post","type-post","status-publish","format-standard","has-post-thumbnail","hentry","category-comunicati-stampa","category-diritti-umani","category-europa","category-medio-oriente","tag-adesione","tag-gaza","tag-global-sumud-flotilla","tag-israele-2","tag-polizia","tag-sciopero-generale","tag-silp-cgil"],"yoast_head":"<!-- This site is optimized with the Yoast SEO plugin v27.1.1 - https:\/\/yoast.com\/product\/yoast-seo-wordpress\/ -->\n<title>Flotilla, poliziotti Silp Cgil aderiscono allo sciopero generale<\/title>\n<meta name=\"description\" content=\"Il Silp Cgil aderisce convintamente allo sciopero generale proclamato dalla Cgil. Purtroppo le lavoratrici e i lavoratori della Polizia di Stato non\" \/>\n<meta name=\"robots\" content=\"index, follow, max-snippet:-1, max-image-preview:large, max-video-preview:-1\" \/>\n<link rel=\"canonical\" href=\"https:\/\/www.pressenza.com\/it\/2025\/10\/flotilla-poliziotti-silp-cgil-aderiscono-allo-sciopero-generale\/\" \/>\n<meta property=\"og:locale\" content=\"it_IT\" \/>\n<meta property=\"og:type\" content=\"article\" \/>\n<meta property=\"og:title\" content=\"Flotilla, poliziotti Silp Cgil aderiscono allo sciopero generale\" \/>\n<meta property=\"og:description\" content=\"Il Silp Cgil aderisce convintamente allo sciopero generale proclamato dalla Cgil. Purtroppo le lavoratrici e i lavoratori della Polizia di Stato non\" \/>\n<meta property=\"og:url\" content=\"https:\/\/www.pressenza.com\/it\/2025\/10\/flotilla-poliziotti-silp-cgil-aderiscono-allo-sciopero-generale\/\" \/>\n<meta property=\"og:site_name\" content=\"Pressenza\" \/>\n<meta property=\"article:publisher\" content=\"https:\/\/www.facebook.com\/PressenzaItalia\" \/>\n<meta property=\"article:author\" content=\"https:\/\/www.facebook.com\/PressenzaItalia\" \/>\n<meta property=\"article:published_time\" content=\"2025-10-03T14:42:15+00:00\" \/>\n<meta property=\"og:image\" content=\"https:\/\/www.pressenza.com\/wp-content\/uploads\/2025\/10\/poliziotti-CGIL.jpg\" \/>\n\t<meta property=\"og:image:width\" content=\"1079\" \/>\n\t<meta property=\"og:image:height\" content=\"690\" \/>\n\t<meta property=\"og:image:type\" content=\"image\/jpeg\" \/>\n<meta name=\"author\" content=\"Redazione Italia\" \/>\n<meta name=\"twitter:card\" content=\"summary_large_image\" \/>\n<meta name=\"twitter:creator\" content=\"@pressenza_it\" \/>\n<meta name=\"twitter:site\" content=\"@PressenzaIPA\" \/>\n<meta name=\"twitter:label1\" content=\"Scritto da\" \/>\n\t<meta name=\"twitter:data1\" content=\"Redazione Italia\" \/>\n\t<meta name=\"twitter:label2\" content=\"Tempo di lettura stimato\" \/>\n\t<meta name=\"twitter:data2\" content=\"2 minuti\" \/>\n<script type=\"application\/ld+json\" class=\"yoast-schema-graph\">{\"@context\":\"https:\/\/schema.org\",\"@graph\":[{\"@type\":\"Article\",\"@id\":\"https:\/\/www.pressenza.com\/it\/2025\/10\/flotilla-poliziotti-silp-cgil-aderiscono-allo-sciopero-generale\/#article\",\"isPartOf\":{\"@id\":\"https:\/\/www.pressenza.com\/it\/2025\/10\/flotilla-poliziotti-silp-cgil-aderiscono-allo-sciopero-generale\/\"},\"author\":{\"name\":\"Redazione Italia\",\"@id\":\"https:\/\/www.pressenza.com\/it\/#\/schema\/person\/d983e81827ae24f2c7b1a2123d197f8d\"},\"headline\":\"Flotilla, poliziotti Silp Cgil aderiscono allo sciopero generale\",\"datePublished\":\"2025-10-03T14:42:15+00:00\",\"mainEntityOfPage\":{\"@id\":\"https:\/\/www.pressenza.com\/it\/2025\/10\/flotilla-poliziotti-silp-cgil-aderiscono-allo-sciopero-generale\/\"},\"wordCount\":262,\"publisher\":{\"@id\":\"https:\/\/www.pressenza.com\/it\/#organization\"},\"image\":{\"@id\":\"https:\/\/www.pressenza.com\/it\/2025\/10\/flotilla-poliziotti-silp-cgil-aderiscono-allo-sciopero-generale\/#primaryimage\"},\"thumbnailUrl\":\"https:\/\/www.pressenza.com\/wp-content\/uploads\/2025\/10\/poliziotti-CGIL.jpg\",\"keywords\":[\"adesione\",\"Gaza\",\"Global Sumud Flotilla\",\"Israele\",\"polizia\",\"sciopero generale\",\"Silp Cgil\"],\"articleSection\":[\"Comunicati Stampa\",\"Diritti Umani\",\"Europa\",\"Medio Oriente\"],\"inLanguage\":\"it-IT\"},{\"@type\":\"WebPage\",\"@id\":\"https:\/\/www.pressenza.com\/it\/2025\/10\/flotilla-poliziotti-silp-cgil-aderiscono-allo-sciopero-generale\/\",\"url\":\"https:\/\/www.pressenza.com\/it\/2025\/10\/flotilla-poliziotti-silp-cgil-aderiscono-allo-sciopero-generale\/\",\"name\":\"Flotilla, poliziotti Silp Cgil aderiscono allo sciopero generale\",\"isPartOf\":{\"@id\":\"https:\/\/www.pressenza.com\/it\/#website\"},\"primaryImageOfPage\":{\"@id\":\"https:\/\/www.pressenza.com\/it\/2025\/10\/flotilla-poliziotti-silp-cgil-aderiscono-allo-sciopero-generale\/#primaryimage\"},\"image\":{\"@id\":\"https:\/\/www.pressenza.com\/it\/2025\/10\/flotilla-poliziotti-silp-cgil-aderiscono-allo-sciopero-generale\/#primaryimage\"},\"thumbnailUrl\":\"https:\/\/www.pressenza.com\/wp-content\/uploads\/2025\/10\/poliziotti-CGIL.jpg\",\"datePublished\":\"2025-10-03T14:42:15+00:00\",\"description\":\"Il Silp Cgil aderisce convintamente allo sciopero generale proclamato dalla Cgil. Purtroppo le lavoratrici e i lavoratori della Polizia di Stato non\",\"breadcrumb\":{\"@id\":\"https:\/\/www.pressenza.com\/it\/2025\/10\/flotilla-poliziotti-silp-cgil-aderiscono-allo-sciopero-generale\/#breadcrumb\"},\"inLanguage\":\"it-IT\",\"potentialAction\":[{\"@type\":\"ReadAction\",\"target\":[\"https:\/\/www.pressenza.com\/it\/2025\/10\/flotilla-poliziotti-silp-cgil-aderiscono-allo-sciopero-generale\/\"]}]},{\"@type\":\"ImageObject\",\"inLanguage\":\"it-IT\",\"@id\":\"https:\/\/www.pressenza.com\/it\/2025\/10\/flotilla-poliziotti-silp-cgil-aderiscono-allo-sciopero-generale\/#primaryimage\",\"url\":\"https:\/\/www.pressenza.com\/wp-content\/uploads\/2025\/10\/poliziotti-CGIL.jpg\",\"contentUrl\":\"https:\/\/www.pressenza.com\/wp-content\/uploads\/2025\/10\/poliziotti-CGIL.jpg\",\"width\":1079,\"height\":690},{\"@type\":\"BreadcrumbList\",\"@id\":\"https:\/\/www.pressenza.com\/it\/2025\/10\/flotilla-poliziotti-silp-cgil-aderiscono-allo-sciopero-generale\/#breadcrumb\",\"itemListElement\":[{\"@type\":\"ListItem\",\"position\":1,\"name\":\"Accueil\",\"item\":\"https:\/\/www.pressenza.com\/it\/\"},{\"@type\":\"ListItem\",\"position\":2,\"name\":\"Flotilla, poliziotti Silp Cgil aderiscono allo sciopero generale\"}]},{\"@type\":\"WebSite\",\"@id\":\"https:\/\/www.pressenza.com\/it\/#website\",\"url\":\"https:\/\/www.pressenza.com\/it\/\",\"name\":\"Pressenza\",\"description\":\"Agenzia di Stampa Internazionale\",\"publisher\":{\"@id\":\"https:\/\/www.pressenza.com\/it\/#organization\"},\"potentialAction\":[{\"@type\":\"SearchAction\",\"target\":{\"@type\":\"EntryPoint\",\"urlTemplate\":\"https:\/\/www.pressenza.com\/it\/?s={search_term_string}\"},\"query-input\":{\"@type\":\"PropertyValueSpecification\",\"valueRequired\":true,\"valueName\":\"search_term_string\"}}],\"inLanguage\":\"it-IT\"},{\"@type\":\"Organization\",\"@id\":\"https:\/\/www.pressenza.com\/it\/#organization\",\"name\":\"Pressenza\",\"url\":\"https:\/\/www.pressenza.com\/it\/\",\"logo\":{\"@type\":\"ImageObject\",\"inLanguage\":\"it-IT\",\"@id\":\"https:\/\/www.pressenza.com\/it\/#\/schema\/logo\/image\/\",\"url\":\"https:\/\/www.pressenza.com\/wp-content\/uploads\/2022\/10\/pressenza_logo_200x200.jpg\",\"contentUrl\":\"https:\/\/www.pressenza.com\/wp-content\/uploads\/2022\/10\/pressenza_logo_200x200.jpg\",\"width\":200,\"height\":200,\"caption\":\"Pressenza\"},\"image\":{\"@id\":\"https:\/\/www.pressenza.com\/it\/#\/schema\/logo\/image\/\"},\"sameAs\":[\"https:\/\/www.facebook.com\/PressenzaItalia\",\"https:\/\/x.com\/PressenzaIPA\"]},{\"@type\":\"Person\",\"@id\":\"https:\/\/www.pressenza.com\/it\/#\/schema\/person\/d983e81827ae24f2c7b1a2123d197f8d\",\"name\":\"Redazione Italia\",\"description\":\"News from the Pressenza Bureau in Italy\",\"sameAs\":[\"https:\/\/www.pressenza.com\/it\/author\/redazione-italia\/\",\"https:\/\/www.facebook.com\/PressenzaItalia\",\"https:\/\/www.instagram.com\/pressenza_italia\/\",\"https:\/\/x.com\/pressenza_it\",\"https:\/\/www.youtube.com\/channel\/UCSalEIWjE1RSxkwjfftFuqg\"],\"url\":\"https:\/\/www.pressenza.com\/it\/author\/redazione-italia\/\"}]}<\/script>\n<!-- \/ Yoast SEO plugin. -->","yoast_head_json":{"title":"Flotilla, poliziotti Silp Cgil aderiscono allo sciopero generale","description":"Il Silp Cgil aderisce convintamente allo sciopero generale proclamato dalla Cgil. Purtroppo le lavoratrici e i lavoratori della Polizia di Stato non","robots":{"index":"index","follow":"follow","max-snippet":"max-snippet:-1","max-image-preview":"max-image-preview:large","max-video-preview":"max-video-preview:-1"},"canonical":"https:\/\/www.pressenza.com\/it\/2025\/10\/flotilla-poliziotti-silp-cgil-aderiscono-allo-sciopero-generale\/","og_locale":"it_IT","og_type":"article","og_title":"Flotilla, poliziotti Silp Cgil aderiscono allo sciopero generale","og_description":"Il Silp Cgil aderisce convintamente allo sciopero generale proclamato dalla Cgil. Purtroppo le lavoratrici e i lavoratori della Polizia di Stato non","og_url":"https:\/\/www.pressenza.com\/it\/2025\/10\/flotilla-poliziotti-silp-cgil-aderiscono-allo-sciopero-generale\/","og_site_name":"Pressenza","article_publisher":"https:\/\/www.facebook.com\/PressenzaItalia","article_author":"https:\/\/www.facebook.com\/PressenzaItalia","article_published_time":"2025-10-03T14:42:15+00:00","og_image":[{"width":1079,"height":690,"url":"https:\/\/www.pressenza.com\/wp-content\/uploads\/2025\/10\/poliziotti-CGIL.jpg","type":"image\/jpeg"}],"author":"Redazione Italia","twitter_card":"summary_large_image","twitter_creator":"@pressenza_it","twitter_site":"@PressenzaIPA","twitter_misc":{"Scritto da":"Redazione Italia","Tempo di lettura stimato":"2 minuti"},"schema":{"@context":"https:\/\/schema.org","@graph":[{"@type":"Article","@id":"https:\/\/www.pressenza.com\/it\/2025\/10\/flotilla-poliziotti-silp-cgil-aderiscono-allo-sciopero-generale\/#article","isPartOf":{"@id":"https:\/\/www.pressenza.com\/it\/2025\/10\/flotilla-poliziotti-silp-cgil-aderiscono-allo-sciopero-generale\/"},"author":{"name":"Redazione Italia","@id":"https:\/\/www.pressenza.com\/it\/#\/schema\/person\/d983e81827ae24f2c7b1a2123d197f8d"},"headline":"Flotilla, poliziotti Silp Cgil aderiscono allo sciopero generale","datePublished":"2025-10-03T14:42:15+00:00","mainEntityOfPage":{"@id":"https:\/\/www.pressenza.com\/it\/2025\/10\/flotilla-poliziotti-silp-cgil-aderiscono-allo-sciopero-generale\/"},"wordCount":262,"publisher":{"@id":"https:\/\/www.pressenza.com\/it\/#organization"},"image":{"@id":"https:\/\/www.pressenza.com\/it\/2025\/10\/flotilla-poliziotti-silp-cgil-aderiscono-allo-sciopero-generale\/#primaryimage"},"thumbnailUrl":"https:\/\/www.pressenza.com\/wp-content\/uploads\/2025\/10\/poliziotti-CGIL.jpg","keywords":["adesione","Gaza","Global Sumud Flotilla","Israele","polizia","sciopero generale","Silp Cgil"],"articleSection":["Comunicati Stampa","Diritti Umani","Europa","Medio Oriente"],"inLanguage":"it-IT"},{"@type":"WebPage","@id":"https:\/\/www.pressenza.com\/it\/2025\/10\/flotilla-poliziotti-silp-cgil-aderiscono-allo-sciopero-generale\/","url":"https:\/\/www.pressenza.com\/it\/2025\/10\/flotilla-poliziotti-silp-cgil-aderiscono-allo-sciopero-generale\/","name":"Flotilla, poliziotti Silp Cgil aderiscono allo sciopero generale","isPartOf":{"@id":"https:\/\/www.pressenza.com\/it\/#website"},"primaryImageOfPage":{"@id":"https:\/\/www.pressenza.com\/it\/2025\/10\/flotilla-poliziotti-silp-cgil-aderiscono-allo-sciopero-generale\/#primaryimage"},"image":{"@id":"https:\/\/www.pressenza.com\/it\/2025\/10\/flotilla-poliziotti-silp-cgil-aderiscono-allo-sciopero-generale\/#primaryimage"},"thumbnailUrl":"https:\/\/www.pressenza.com\/wp-content\/uploads\/2025\/10\/poliziotti-CGIL.jpg","datePublished":"2025-10-03T14:42:15+00:00","description":"Il Silp Cgil aderisce convintamente allo sciopero generale proclamato dalla Cgil. Purtroppo le lavoratrici e i lavoratori della Polizia di Stato non","breadcrumb":{"@id":"https:\/\/www.pressenza.com\/it\/2025\/10\/flotilla-poliziotti-silp-cgil-aderiscono-allo-sciopero-generale\/#breadcrumb"},"inLanguage":"it-IT","potentialAction":[{"@type":"ReadAction","target":["https:\/\/www.pressenza.com\/it\/2025\/10\/flotilla-poliziotti-silp-cgil-aderiscono-allo-sciopero-generale\/"]}]},{"@type":"ImageObject","inLanguage":"it-IT","@id":"https:\/\/www.pressenza.com\/it\/2025\/10\/flotilla-poliziotti-silp-cgil-aderiscono-allo-sciopero-generale\/#primaryimage","url":"https:\/\/www.pressenza.com\/wp-content\/uploads\/2025\/10\/poliziotti-CGIL.jpg","contentUrl":"https:\/\/www.pressenza.com\/wp-content\/uploads\/2025\/10\/poliziotti-CGIL.jpg","width":1079,"height":690},{"@type":"BreadcrumbList","@id":"https:\/\/www.pressenza.com\/it\/2025\/10\/flotilla-poliziotti-silp-cgil-aderiscono-allo-sciopero-generale\/#breadcrumb","itemListElement":[{"@type":"ListItem","position":1,"name":"Accueil","item":"https:\/\/www.pressenza.com\/it\/"},{"@type":"ListItem","position":2,"name":"Flotilla, poliziotti Silp Cgil aderiscono allo sciopero generale"}]},{"@type":"WebSite","@id":"https:\/\/www.pressenza.com\/it\/#website","url":"https:\/\/www.pressenza.com\/it\/","name":"Pressenza","description":"Agenzia di Stampa Internazionale","publisher":{"@id":"https:\/\/www.pressenza.com\/it\/#organization"},"potentialAction":[{"@type":"SearchAction","target":{"@type":"EntryPoint","urlTemplate":"https:\/\/www.pressenza.com\/it\/?s={search_term_string}"},"query-input":{"@type":"PropertyValueSpecification","valueRequired":true,"valueName":"search_term_string"}}],"inLanguage":"it-IT"},{"@type":"Organization","@id":"https:\/\/www.pressenza.com\/it\/#organization","name":"Pressenza","url":"https:\/\/www.pressenza.com\/it\/","logo":{"@type":"ImageObject","inLanguage":"it-IT","@id":"https:\/\/www.pressenza.com\/it\/#\/schema\/logo\/image\/","url":"https:\/\/www.pressenza.com\/wp-content\/uploads\/2022\/10\/pressenza_logo_200x200.jpg","contentUrl":"https:\/\/www.pressenza.com\/wp-content\/uploads\/2022\/10\/pressenza_logo_200x200.jpg","width":200,"height":200,"caption":"Pressenza"},"image":{"@id":"https:\/\/www.pressenza.com\/it\/#\/schema\/logo\/image\/"},"sameAs":["https:\/\/www.facebook.com\/PressenzaItalia","https:\/\/x.com\/PressenzaIPA"]},{"@type":"Person","@id":"https:\/\/www.pressenza.com\/it\/#\/schema\/person\/d983e81827ae24f2c7b1a2123d197f8d","name":"Redazione Italia","description":"News from the Pressenza Bureau in Italy","sameAs":["https:\/\/www.pressenza.com\/it\/author\/redazione-italia\/","https:\/\/www.facebook.com\/PressenzaItalia","https:\/\/www.instagram.com\/pressenza_italia\/","https:\/\/x.com\/pressenza_it","https:\/\/www.youtube.com\/channel\/UCSalEIWjE1RSxkwjfftFuqg"],"url":"https:\/\/www.pressenza.com\/it\/author\/redazione-italia\/"}]}},"place":"Sindacato di polizia Silp Cgil","original_article_url":"","_links":{"self":[{"href":"https:\/\/www.pressenza.com\/it\/wp-json\/wp\/v2\/posts\/2641528","targetHints":{"allow":["GET"]}}],"collection":[{"href":"https:\/\/www.pressenza.com\/it\/wp-json\/wp\/v2\/posts"}],"about":[{"href":"https:\/\/www.pressenza.com\/it\/wp-json\/wp\/v2\/types\/post"}],"author":[{"embeddable":true,"href":"https:\/\/www.pressenza.com\/it\/wp-json\/wp\/v2\/users\/594"}],"replies":[{"embeddable":true,"href":"https:\/\/www.pressenza.com\/it\/wp-json\/wp\/v2\/comments?post=2641528"}],"version-history":[{"count":1,"href":"https:\/\/www.pressenza.com\/it\/wp-json\/wp\/v2\/posts\/2641528\/revisions"}],"predecessor-version":[{"id":2641532,"href":"https:\/\/www.pressenza.com\/it\/wp-json\/wp\/v2\/posts\/2641528\/revisions\/2641532"}],"wp:featuredmedia":[{"embeddable":true,"href":"https:\/\/www.pressenza.com\/it\/wp-json\/wp\/v2\/media\/2641531"}],"wp:attachment":[{"href":"https:\/\/www.pressenza.com\/it\/wp-json\/wp\/v2\/media?parent=2641528"}],"wp:term":[{"taxonomy":"category","embeddable":true,"href":"https:\/\/www.pressenza.com\/it\/wp-json\/wp\/v2\/categories?post=2641528"},{"taxonomy":"post_tag","embeddable":true,"href":"https:\/\/www.pressenza.com\/it\/wp-json\/wp\/v2\/tags?post=2641528"}],"curies":[{"name":"wp","href":"https:\/\/api.w.org\/{rel}","templated":true}]}}