{"id":2640522,"date":"2025-10-01T14:51:11","date_gmt":"2025-10-01T13:51:11","guid":{"rendered":"https:\/\/www.pressenza.com\/?p=2640522"},"modified":"2025-10-01T14:51:11","modified_gmt":"2025-10-01T13:51:11","slug":"un-nuovo-colosso-di-pietra-al-parco-geologico-di-coccaglio-nella-provincia-di-brescia-lo-gneiss-racconta-la-storia-del-mondo","status":"publish","type":"post","link":"https:\/\/www.pressenza.com\/it\/2025\/10\/un-nuovo-colosso-di-pietra-al-parco-geologico-di-coccaglio-nella-provincia-di-brescia-lo-gneiss-racconta-la-storia-del-mondo\/","title":{"rendered":"Un nuovo colosso di pietra al Parco Geologico di Coccaglio nella provincia di Brescia: lo gneiss racconta la storia del mondo"},"content":{"rendered":"<p>Un viaggio nel tempo, silenzioso e maestoso, che affonda le radici nelle profondit\u00e0 della Terra e nelle ere geologiche pi\u00f9 remote. Al <b>Parco Geologico di Coccaglio<\/b> \u00e8 arrivato un nuovo gigante di pietra: un imponente blocco di <b>gneiss del Basamento Cristallino<\/b>, vecchio di circa <b>300 milioni di anni<\/b>, dal peso straordinario di <b>130 quintali<\/b>. Una testimonianza tangibile dei movimenti tettonici che plasmarono il supercontinente Pangea e diedero vita, nei millenni successivi, alla complessa architettura geologica che ancora oggi osserviamo nelle Alpi e negli Appennini.<\/p>\n<p>Questo affascinante frammento del passato si aggiunge a un percorso espositivo che \u00e8 gi\u00e0 riconosciuto come un\u2019eccellenza della didattica geologica in provincia di Brescia. Un museo a cielo aperto, l\u2019unico nel suo genere sul territorio, nato dalla tenacia e dalla visione del <b>Gruppo Speleologico del Montorfano<\/b>, che ha dato vita, insieme al Comune di Coccaglio e a una rete di volontari, cittadini, aziende locali e appassionati, a un luogo dove la scienza incontra la bellezza naturale. Un progetto costruito con passione e spirito di comunit\u00e0, che continua a crescere grazie a un entusiasmo collettivo raro e prezioso.<\/p>\n<p><b>Lo gneiss: la roccia che racconta la nascita delle montagne<\/b><\/p>\n<p>Il nuovo blocco di gneiss \u00e8 stato rinvenuto sulle colline moreniche sopra Iseo, durante i lavori per un vigneto. Il ritrovamento aveva subito attirato l\u2019interesse degli speleologi, ma le dimensioni e il peso rendevano il trasporto impossibile. <i>\u00abSono due anni che aspettavamo questo momento\u00bb<\/i>, racconta con soddisfazione <b>Franco Di Prizio<\/b>, presidente del gruppo speleo. La collaborazione dei proprietari del terreno, unita al supporto gratuito di alcune ditte locali per il dissotterramento, il terrazzamento e il trasporto, ha finalmente reso possibile l\u2019impresa. Oggi il blocco \u00e8 visibile nel Parco, posizionato accanto al diascisto del Maniva, pronto a essere inserito ufficialmente nel percorso didattico dopo la fase di pulizia.<\/p>\n<p><a name=\"_GoBack\"><\/a> <b>Ma cos\u2019\u00e8 esattamente lo gne<\/b><b>iss?<\/b> <i>\u00ab\u00c8 una roccia metamorfica di alto grado, &#8211; spiega Di Prizio &#8211; formata nel cuore del nostro pianeta in condizioni estreme: circa 650 gradi di temperatura e una pressione titanica, generate durante la collisione tra la placca africana e quella euroasiatica. Questo processo ha trasformato antichi sedimenti ercinici, originatisi tra il Carbonifero e il Permiano, in rocce cristalline complesse e stratificate. Un\u2019evoluzione durata milioni di anni, testimone della potenza inarrestabile della geodinamica terrestre\u00bb.<\/i><\/p>\n<p>Lo gneiss del Parco rappresenta quindi molto pi\u00f9 di un semplice blocco roccioso: \u00e8 una pagina scritta nella lingua della Terra, un documento che racconta la genesi delle montagne e le spinte primordiali che hanno modellato il paesaggio. Accanto ad altri reperti e campioni litologici, forma un itinerario che consente al visitatore di comprendere, passo dopo passo, l\u2019invisibile forza del tempo geologico.<\/p>\n<p align=\"center\"><img loading=\"lazy\" decoding=\"async\" class=\"aligncenter size-large wp-image-2640527\" src=\"https:\/\/www.pressenza.com\/wp-content\/uploads\/2025\/10\/scolaresca-parco-coccaglio2-820x615.jpg\" alt=\"\" width=\"820\" height=\"615\" srcset=\"https:\/\/www.pressenza.com\/wp-content\/uploads\/2025\/10\/scolaresca-parco-coccaglio2-820x615.jpg 820w, https:\/\/www.pressenza.com\/wp-content\/uploads\/2025\/10\/scolaresca-parco-coccaglio2-300x225.jpg 300w, https:\/\/www.pressenza.com\/wp-content\/uploads\/2025\/10\/scolaresca-parco-coccaglio2.jpg 850w\" sizes=\"auto, (max-width: 820px) 100vw, 820px\" \/><\/p>\n<p>Nel Parco Geologico si possono osservare altre 18 rocce: micascisti del Maniva, la formazione di Collio, il conglomerato del Dosso dei Galli, le vulcaniti di Auccia, il verrucano lombardo, il servino, il carniola di Bovegno, la volpinite, il calcare di Angolo, il calcare di Esine, la dolomia principale, la corna, il calcare di Monte Domaro, il selcifero lombardo, la maiolica, la pietra di Sarnico, il granito (e tonalite) e infine il conglomerato del Monte Orfano.<\/p>\n<p><b>Un museo a cielo aperto, libero e condiviso<\/b><\/p>\n<p>A ingresso gratuito e aperto a tutti, il Parco Geologico di Coccaglio \u00e8 oggi un punto di riferimento per la divulgazione scientifica. Da gennaio ha registrato migliaia di presenze, con numerose scolaresche coinvolte in attivit\u00e0 didattiche e visite guidate curate dagli speleologi. Nei mesi scorsi si era gi\u00e0 arricchito con nuovi reperti mineralogici e fossili provenienti dalla Bergamasca. Ora, con l\u2019arrivo dello gneiss, si compone un nuovo tassello di una narrazione che unisce scienza, educazione e meraviglia.<\/p>\n<p>In un\u2019epoca in cui la consapevolezza ambientale diventa sempre pi\u00f9 cruciale, il Parco rappresenta anche un presidio culturale e formativo: un luogo dove imparare a leggere il paesaggio, riconoscere i segni del passato, e soprattutto trasmettere alle nuove generazioni il valore della tutela del territorio e del patrimonio geologico. Un\u2019eredit\u00e0 silenziosa, ma potente, che merita rispetto e protezione.<\/p>\n<p>Per maggiori informazioni : <span style=\"color: #0563c1;\"><u><a href=\"https:\/\/www.facebook.com\/gruppospeleomontorfano?locale=it_IT\">https:\/\/www.facebook.com\/gruppospeleomontorfano?locale=it_IT<\/a><\/u><\/span><\/p>\n<p><b>Il parco \u00e8 in via delle Calcine a Coccaglio (BS) ed \u00e8 aperto dalle 8 alle 23.<\/b><\/p>\n","protected":false},"excerpt":{"rendered":"<p>Un viaggio nel tempo, silenzioso e maestoso, che affonda le radici nelle profondit\u00e0 della Terra e nelle ere geologiche pi\u00f9 remote. Al Parco Geologico di Coccaglio \u00e8 arrivato un nuovo gigante di pietra: un imponente blocco di gneiss del Basamento&hellip;<\/p>\n","protected":false},"author":2492,"featured_media":2640524,"comment_status":"closed","ping_status":"closed","sticky":false,"template":"","format":"standard","meta":{"footnotes":""},"categories":[11388,59,1258],"tags":[143755,143757,143756],"class_list":["post-2640522","post","type-post","status-publish","format-standard","has-post-thumbnail","hentry","category-contenuti-originali","category-ambiente-ecologia","category-educazione","tag-gneiss","tag-gruppo-speleologico-del-montorfano","tag-parco-geologico-di-coccaglio"],"yoast_head":"<!-- This site is optimized with the Yoast SEO plugin v27.1.1 - https:\/\/yoast.com\/product\/yoast-seo-wordpress\/ -->\n<title>Un nuovo colosso di pietra al Parco Geologico di Coccaglio nella provincia di Brescia: lo gneiss racconta la storia del mondo<\/title>\n<meta name=\"description\" content=\"Un viaggio nel tempo, silenzioso e maestoso, che affonda le radici nelle profondit\u00e0 della Terra e nelle ere geologiche pi\u00f9 remote. Al Parco Geologico di\" \/>\n<meta name=\"robots\" content=\"index, follow, max-snippet:-1, max-image-preview:large, max-video-preview:-1\" \/>\n<link rel=\"canonical\" href=\"https:\/\/www.pressenza.com\/it\/2025\/10\/un-nuovo-colosso-di-pietra-al-parco-geologico-di-coccaglio-nella-provincia-di-brescia-lo-gneiss-racconta-la-storia-del-mondo\/\" \/>\n<meta property=\"og:locale\" content=\"it_IT\" \/>\n<meta property=\"og:type\" content=\"article\" \/>\n<meta property=\"og:title\" content=\"Un nuovo colosso di pietra al Parco Geologico di Coccaglio nella provincia di Brescia: lo gneiss racconta la storia del mondo\" \/>\n<meta property=\"og:description\" content=\"Un viaggio nel tempo, silenzioso e maestoso, che affonda le radici nelle profondit\u00e0 della Terra e nelle ere geologiche pi\u00f9 remote. Al Parco Geologico di\" \/>\n<meta property=\"og:url\" content=\"https:\/\/www.pressenza.com\/it\/2025\/10\/un-nuovo-colosso-di-pietra-al-parco-geologico-di-coccaglio-nella-provincia-di-brescia-lo-gneiss-racconta-la-storia-del-mondo\/\" \/>\n<meta property=\"og:site_name\" content=\"Pressenza\" \/>\n<meta property=\"article:publisher\" content=\"https:\/\/www.facebook.com\/PressenzaItalia\" \/>\n<meta property=\"article:published_time\" content=\"2025-10-01T13:51:11+00:00\" \/>\n<meta property=\"og:image\" content=\"https:\/\/www.pressenza.com\/wp-content\/uploads\/2025\/10\/gneiss-simona-duci.jpg\" \/>\n\t<meta property=\"og:image:width\" content=\"850\" \/>\n\t<meta property=\"og:image:height\" content=\"547\" \/>\n\t<meta property=\"og:image:type\" content=\"image\/jpeg\" \/>\n<meta name=\"author\" content=\"Simona Duci\" \/>\n<meta name=\"twitter:card\" content=\"summary_large_image\" \/>\n<meta name=\"twitter:creator\" content=\"@PressenzaIPA\" \/>\n<meta name=\"twitter:site\" content=\"@PressenzaIPA\" \/>\n<meta name=\"twitter:label1\" content=\"Scritto da\" \/>\n\t<meta name=\"twitter:data1\" content=\"Simona Duci\" \/>\n\t<meta name=\"twitter:label2\" content=\"Tempo di lettura stimato\" \/>\n\t<meta name=\"twitter:data2\" content=\"4 minuti\" \/>\n<script type=\"application\/ld+json\" class=\"yoast-schema-graph\">{\"@context\":\"https:\/\/schema.org\",\"@graph\":[{\"@type\":\"Article\",\"@id\":\"https:\/\/www.pressenza.com\/it\/2025\/10\/un-nuovo-colosso-di-pietra-al-parco-geologico-di-coccaglio-nella-provincia-di-brescia-lo-gneiss-racconta-la-storia-del-mondo\/#article\",\"isPartOf\":{\"@id\":\"https:\/\/www.pressenza.com\/it\/2025\/10\/un-nuovo-colosso-di-pietra-al-parco-geologico-di-coccaglio-nella-provincia-di-brescia-lo-gneiss-racconta-la-storia-del-mondo\/\"},\"author\":{\"name\":\"Simona Duci\",\"@id\":\"https:\/\/www.pressenza.com\/it\/#\/schema\/person\/1d47d64d8fc5f79a88adaf5af87c64ac\"},\"headline\":\"Un nuovo colosso di pietra al Parco Geologico di Coccaglio nella provincia di Brescia: lo gneiss racconta la storia del mondo\",\"datePublished\":\"2025-10-01T13:51:11+00:00\",\"mainEntityOfPage\":{\"@id\":\"https:\/\/www.pressenza.com\/it\/2025\/10\/un-nuovo-colosso-di-pietra-al-parco-geologico-di-coccaglio-nella-provincia-di-brescia-lo-gneiss-racconta-la-storia-del-mondo\/\"},\"wordCount\":700,\"publisher\":{\"@id\":\"https:\/\/www.pressenza.com\/it\/#organization\"},\"image\":{\"@id\":\"https:\/\/www.pressenza.com\/it\/2025\/10\/un-nuovo-colosso-di-pietra-al-parco-geologico-di-coccaglio-nella-provincia-di-brescia-lo-gneiss-racconta-la-storia-del-mondo\/#primaryimage\"},\"thumbnailUrl\":\"https:\/\/www.pressenza.com\/wp-content\/uploads\/2025\/10\/gneiss-simona-duci.jpg\",\"keywords\":[\"gneiss\",\"Gruppo Speleologico del Montorfano\",\"Parco Geologico di Coccaglio\"],\"articleSection\":[\"contenuti originali\",\"Ecologia ed Ambiente\",\"Educazione\"],\"inLanguage\":\"it-IT\"},{\"@type\":\"WebPage\",\"@id\":\"https:\/\/www.pressenza.com\/it\/2025\/10\/un-nuovo-colosso-di-pietra-al-parco-geologico-di-coccaglio-nella-provincia-di-brescia-lo-gneiss-racconta-la-storia-del-mondo\/\",\"url\":\"https:\/\/www.pressenza.com\/it\/2025\/10\/un-nuovo-colosso-di-pietra-al-parco-geologico-di-coccaglio-nella-provincia-di-brescia-lo-gneiss-racconta-la-storia-del-mondo\/\",\"name\":\"Un nuovo colosso di pietra al Parco Geologico di Coccaglio nella provincia di Brescia: lo gneiss racconta la storia del mondo\",\"isPartOf\":{\"@id\":\"https:\/\/www.pressenza.com\/it\/#website\"},\"primaryImageOfPage\":{\"@id\":\"https:\/\/www.pressenza.com\/it\/2025\/10\/un-nuovo-colosso-di-pietra-al-parco-geologico-di-coccaglio-nella-provincia-di-brescia-lo-gneiss-racconta-la-storia-del-mondo\/#primaryimage\"},\"image\":{\"@id\":\"https:\/\/www.pressenza.com\/it\/2025\/10\/un-nuovo-colosso-di-pietra-al-parco-geologico-di-coccaglio-nella-provincia-di-brescia-lo-gneiss-racconta-la-storia-del-mondo\/#primaryimage\"},\"thumbnailUrl\":\"https:\/\/www.pressenza.com\/wp-content\/uploads\/2025\/10\/gneiss-simona-duci.jpg\",\"datePublished\":\"2025-10-01T13:51:11+00:00\",\"description\":\"Un viaggio nel tempo, silenzioso e maestoso, che affonda le radici nelle profondit\u00e0 della Terra e nelle ere geologiche pi\u00f9 remote. Al Parco Geologico di\",\"breadcrumb\":{\"@id\":\"https:\/\/www.pressenza.com\/it\/2025\/10\/un-nuovo-colosso-di-pietra-al-parco-geologico-di-coccaglio-nella-provincia-di-brescia-lo-gneiss-racconta-la-storia-del-mondo\/#breadcrumb\"},\"inLanguage\":\"it-IT\",\"potentialAction\":[{\"@type\":\"ReadAction\",\"target\":[\"https:\/\/www.pressenza.com\/it\/2025\/10\/un-nuovo-colosso-di-pietra-al-parco-geologico-di-coccaglio-nella-provincia-di-brescia-lo-gneiss-racconta-la-storia-del-mondo\/\"]}]},{\"@type\":\"ImageObject\",\"inLanguage\":\"it-IT\",\"@id\":\"https:\/\/www.pressenza.com\/it\/2025\/10\/un-nuovo-colosso-di-pietra-al-parco-geologico-di-coccaglio-nella-provincia-di-brescia-lo-gneiss-racconta-la-storia-del-mondo\/#primaryimage\",\"url\":\"https:\/\/www.pressenza.com\/wp-content\/uploads\/2025\/10\/gneiss-simona-duci.jpg\",\"contentUrl\":\"https:\/\/www.pressenza.com\/wp-content\/uploads\/2025\/10\/gneiss-simona-duci.jpg\",\"width\":850,\"height\":547,\"caption\":\"sasso grande\"},{\"@type\":\"BreadcrumbList\",\"@id\":\"https:\/\/www.pressenza.com\/it\/2025\/10\/un-nuovo-colosso-di-pietra-al-parco-geologico-di-coccaglio-nella-provincia-di-brescia-lo-gneiss-racconta-la-storia-del-mondo\/#breadcrumb\",\"itemListElement\":[{\"@type\":\"ListItem\",\"position\":1,\"name\":\"Accueil\",\"item\":\"https:\/\/www.pressenza.com\/it\/\"},{\"@type\":\"ListItem\",\"position\":2,\"name\":\"Un nuovo colosso di pietra al Parco Geologico di Coccaglio nella provincia di Brescia: lo gneiss racconta la storia del mondo\"}]},{\"@type\":\"WebSite\",\"@id\":\"https:\/\/www.pressenza.com\/it\/#website\",\"url\":\"https:\/\/www.pressenza.com\/it\/\",\"name\":\"Pressenza\",\"description\":\"Agenzia di Stampa Internazionale\",\"publisher\":{\"@id\":\"https:\/\/www.pressenza.com\/it\/#organization\"},\"potentialAction\":[{\"@type\":\"SearchAction\",\"target\":{\"@type\":\"EntryPoint\",\"urlTemplate\":\"https:\/\/www.pressenza.com\/it\/?s={search_term_string}\"},\"query-input\":{\"@type\":\"PropertyValueSpecification\",\"valueRequired\":true,\"valueName\":\"search_term_string\"}}],\"inLanguage\":\"it-IT\"},{\"@type\":\"Organization\",\"@id\":\"https:\/\/www.pressenza.com\/it\/#organization\",\"name\":\"Pressenza\",\"url\":\"https:\/\/www.pressenza.com\/it\/\",\"logo\":{\"@type\":\"ImageObject\",\"inLanguage\":\"it-IT\",\"@id\":\"https:\/\/www.pressenza.com\/it\/#\/schema\/logo\/image\/\",\"url\":\"https:\/\/www.pressenza.com\/wp-content\/uploads\/2022\/10\/pressenza_logo_200x200.jpg\",\"contentUrl\":\"https:\/\/www.pressenza.com\/wp-content\/uploads\/2022\/10\/pressenza_logo_200x200.jpg\",\"width\":200,\"height\":200,\"caption\":\"Pressenza\"},\"image\":{\"@id\":\"https:\/\/www.pressenza.com\/it\/#\/schema\/logo\/image\/\"},\"sameAs\":[\"https:\/\/www.facebook.com\/PressenzaItalia\",\"https:\/\/x.com\/PressenzaIPA\"]},{\"@type\":\"Person\",\"@id\":\"https:\/\/www.pressenza.com\/it\/#\/schema\/person\/1d47d64d8fc5f79a88adaf5af87c64ac\",\"name\":\"Simona Duci\",\"url\":\"https:\/\/www.pressenza.com\/it\/author\/simona-duci\/\"}]}<\/script>\n<!-- \/ Yoast SEO plugin. -->","yoast_head_json":{"title":"Un nuovo colosso di pietra al Parco Geologico di Coccaglio nella provincia di Brescia: lo gneiss racconta la storia del mondo","description":"Un viaggio nel tempo, silenzioso e maestoso, che affonda le radici nelle profondit\u00e0 della Terra e nelle ere geologiche pi\u00f9 remote. Al Parco Geologico di","robots":{"index":"index","follow":"follow","max-snippet":"max-snippet:-1","max-image-preview":"max-image-preview:large","max-video-preview":"max-video-preview:-1"},"canonical":"https:\/\/www.pressenza.com\/it\/2025\/10\/un-nuovo-colosso-di-pietra-al-parco-geologico-di-coccaglio-nella-provincia-di-brescia-lo-gneiss-racconta-la-storia-del-mondo\/","og_locale":"it_IT","og_type":"article","og_title":"Un nuovo colosso di pietra al Parco Geologico di Coccaglio nella provincia di Brescia: lo gneiss racconta la storia del mondo","og_description":"Un viaggio nel tempo, silenzioso e maestoso, che affonda le radici nelle profondit\u00e0 della Terra e nelle ere geologiche pi\u00f9 remote. Al Parco Geologico di","og_url":"https:\/\/www.pressenza.com\/it\/2025\/10\/un-nuovo-colosso-di-pietra-al-parco-geologico-di-coccaglio-nella-provincia-di-brescia-lo-gneiss-racconta-la-storia-del-mondo\/","og_site_name":"Pressenza","article_publisher":"https:\/\/www.facebook.com\/PressenzaItalia","article_published_time":"2025-10-01T13:51:11+00:00","og_image":[{"width":850,"height":547,"url":"https:\/\/www.pressenza.com\/wp-content\/uploads\/2025\/10\/gneiss-simona-duci.jpg","type":"image\/jpeg"}],"author":"Simona Duci","twitter_card":"summary_large_image","twitter_creator":"@PressenzaIPA","twitter_site":"@PressenzaIPA","twitter_misc":{"Scritto da":"Simona Duci","Tempo di lettura stimato":"4 minuti"},"schema":{"@context":"https:\/\/schema.org","@graph":[{"@type":"Article","@id":"https:\/\/www.pressenza.com\/it\/2025\/10\/un-nuovo-colosso-di-pietra-al-parco-geologico-di-coccaglio-nella-provincia-di-brescia-lo-gneiss-racconta-la-storia-del-mondo\/#article","isPartOf":{"@id":"https:\/\/www.pressenza.com\/it\/2025\/10\/un-nuovo-colosso-di-pietra-al-parco-geologico-di-coccaglio-nella-provincia-di-brescia-lo-gneiss-racconta-la-storia-del-mondo\/"},"author":{"name":"Simona Duci","@id":"https:\/\/www.pressenza.com\/it\/#\/schema\/person\/1d47d64d8fc5f79a88adaf5af87c64ac"},"headline":"Un nuovo colosso di pietra al Parco Geologico di Coccaglio nella provincia di Brescia: lo gneiss racconta la storia del mondo","datePublished":"2025-10-01T13:51:11+00:00","mainEntityOfPage":{"@id":"https:\/\/www.pressenza.com\/it\/2025\/10\/un-nuovo-colosso-di-pietra-al-parco-geologico-di-coccaglio-nella-provincia-di-brescia-lo-gneiss-racconta-la-storia-del-mondo\/"},"wordCount":700,"publisher":{"@id":"https:\/\/www.pressenza.com\/it\/#organization"},"image":{"@id":"https:\/\/www.pressenza.com\/it\/2025\/10\/un-nuovo-colosso-di-pietra-al-parco-geologico-di-coccaglio-nella-provincia-di-brescia-lo-gneiss-racconta-la-storia-del-mondo\/#primaryimage"},"thumbnailUrl":"https:\/\/www.pressenza.com\/wp-content\/uploads\/2025\/10\/gneiss-simona-duci.jpg","keywords":["gneiss","Gruppo Speleologico del Montorfano","Parco Geologico di Coccaglio"],"articleSection":["contenuti originali","Ecologia ed Ambiente","Educazione"],"inLanguage":"it-IT"},{"@type":"WebPage","@id":"https:\/\/www.pressenza.com\/it\/2025\/10\/un-nuovo-colosso-di-pietra-al-parco-geologico-di-coccaglio-nella-provincia-di-brescia-lo-gneiss-racconta-la-storia-del-mondo\/","url":"https:\/\/www.pressenza.com\/it\/2025\/10\/un-nuovo-colosso-di-pietra-al-parco-geologico-di-coccaglio-nella-provincia-di-brescia-lo-gneiss-racconta-la-storia-del-mondo\/","name":"Un nuovo colosso di pietra al Parco Geologico di Coccaglio nella provincia di Brescia: lo gneiss racconta la storia del mondo","isPartOf":{"@id":"https:\/\/www.pressenza.com\/it\/#website"},"primaryImageOfPage":{"@id":"https:\/\/www.pressenza.com\/it\/2025\/10\/un-nuovo-colosso-di-pietra-al-parco-geologico-di-coccaglio-nella-provincia-di-brescia-lo-gneiss-racconta-la-storia-del-mondo\/#primaryimage"},"image":{"@id":"https:\/\/www.pressenza.com\/it\/2025\/10\/un-nuovo-colosso-di-pietra-al-parco-geologico-di-coccaglio-nella-provincia-di-brescia-lo-gneiss-racconta-la-storia-del-mondo\/#primaryimage"},"thumbnailUrl":"https:\/\/www.pressenza.com\/wp-content\/uploads\/2025\/10\/gneiss-simona-duci.jpg","datePublished":"2025-10-01T13:51:11+00:00","description":"Un viaggio nel tempo, silenzioso e maestoso, che affonda le radici nelle profondit\u00e0 della Terra e nelle ere geologiche pi\u00f9 remote. Al Parco Geologico di","breadcrumb":{"@id":"https:\/\/www.pressenza.com\/it\/2025\/10\/un-nuovo-colosso-di-pietra-al-parco-geologico-di-coccaglio-nella-provincia-di-brescia-lo-gneiss-racconta-la-storia-del-mondo\/#breadcrumb"},"inLanguage":"it-IT","potentialAction":[{"@type":"ReadAction","target":["https:\/\/www.pressenza.com\/it\/2025\/10\/un-nuovo-colosso-di-pietra-al-parco-geologico-di-coccaglio-nella-provincia-di-brescia-lo-gneiss-racconta-la-storia-del-mondo\/"]}]},{"@type":"ImageObject","inLanguage":"it-IT","@id":"https:\/\/www.pressenza.com\/it\/2025\/10\/un-nuovo-colosso-di-pietra-al-parco-geologico-di-coccaglio-nella-provincia-di-brescia-lo-gneiss-racconta-la-storia-del-mondo\/#primaryimage","url":"https:\/\/www.pressenza.com\/wp-content\/uploads\/2025\/10\/gneiss-simona-duci.jpg","contentUrl":"https:\/\/www.pressenza.com\/wp-content\/uploads\/2025\/10\/gneiss-simona-duci.jpg","width":850,"height":547,"caption":"sasso grande"},{"@type":"BreadcrumbList","@id":"https:\/\/www.pressenza.com\/it\/2025\/10\/un-nuovo-colosso-di-pietra-al-parco-geologico-di-coccaglio-nella-provincia-di-brescia-lo-gneiss-racconta-la-storia-del-mondo\/#breadcrumb","itemListElement":[{"@type":"ListItem","position":1,"name":"Accueil","item":"https:\/\/www.pressenza.com\/it\/"},{"@type":"ListItem","position":2,"name":"Un nuovo colosso di pietra al Parco Geologico di Coccaglio nella provincia di Brescia: lo gneiss racconta la storia del mondo"}]},{"@type":"WebSite","@id":"https:\/\/www.pressenza.com\/it\/#website","url":"https:\/\/www.pressenza.com\/it\/","name":"Pressenza","description":"Agenzia di Stampa Internazionale","publisher":{"@id":"https:\/\/www.pressenza.com\/it\/#organization"},"potentialAction":[{"@type":"SearchAction","target":{"@type":"EntryPoint","urlTemplate":"https:\/\/www.pressenza.com\/it\/?s={search_term_string}"},"query-input":{"@type":"PropertyValueSpecification","valueRequired":true,"valueName":"search_term_string"}}],"inLanguage":"it-IT"},{"@type":"Organization","@id":"https:\/\/www.pressenza.com\/it\/#organization","name":"Pressenza","url":"https:\/\/www.pressenza.com\/it\/","logo":{"@type":"ImageObject","inLanguage":"it-IT","@id":"https:\/\/www.pressenza.com\/it\/#\/schema\/logo\/image\/","url":"https:\/\/www.pressenza.com\/wp-content\/uploads\/2022\/10\/pressenza_logo_200x200.jpg","contentUrl":"https:\/\/www.pressenza.com\/wp-content\/uploads\/2022\/10\/pressenza_logo_200x200.jpg","width":200,"height":200,"caption":"Pressenza"},"image":{"@id":"https:\/\/www.pressenza.com\/it\/#\/schema\/logo\/image\/"},"sameAs":["https:\/\/www.facebook.com\/PressenzaItalia","https:\/\/x.com\/PressenzaIPA"]},{"@type":"Person","@id":"https:\/\/www.pressenza.com\/it\/#\/schema\/person\/1d47d64d8fc5f79a88adaf5af87c64ac","name":"Simona Duci","url":"https:\/\/www.pressenza.com\/it\/author\/simona-duci\/"}]}},"place":"","original_article_url":"","_links":{"self":[{"href":"https:\/\/www.pressenza.com\/it\/wp-json\/wp\/v2\/posts\/2640522","targetHints":{"allow":["GET"]}}],"collection":[{"href":"https:\/\/www.pressenza.com\/it\/wp-json\/wp\/v2\/posts"}],"about":[{"href":"https:\/\/www.pressenza.com\/it\/wp-json\/wp\/v2\/types\/post"}],"author":[{"embeddable":true,"href":"https:\/\/www.pressenza.com\/it\/wp-json\/wp\/v2\/users\/2492"}],"replies":[{"embeddable":true,"href":"https:\/\/www.pressenza.com\/it\/wp-json\/wp\/v2\/comments?post=2640522"}],"version-history":[{"count":1,"href":"https:\/\/www.pressenza.com\/it\/wp-json\/wp\/v2\/posts\/2640522\/revisions"}],"predecessor-version":[{"id":2640532,"href":"https:\/\/www.pressenza.com\/it\/wp-json\/wp\/v2\/posts\/2640522\/revisions\/2640532"}],"wp:featuredmedia":[{"embeddable":true,"href":"https:\/\/www.pressenza.com\/it\/wp-json\/wp\/v2\/media\/2640524"}],"wp:attachment":[{"href":"https:\/\/www.pressenza.com\/it\/wp-json\/wp\/v2\/media?parent=2640522"}],"wp:term":[{"taxonomy":"category","embeddable":true,"href":"https:\/\/www.pressenza.com\/it\/wp-json\/wp\/v2\/categories?post=2640522"},{"taxonomy":"post_tag","embeddable":true,"href":"https:\/\/www.pressenza.com\/it\/wp-json\/wp\/v2\/tags?post=2640522"}],"curies":[{"name":"wp","href":"https:\/\/api.w.org\/{rel}","templated":true}]}}