{"id":2640324,"date":"2025-09-30T18:30:43","date_gmt":"2025-09-30T17:30:43","guid":{"rendered":"https:\/\/www.pressenza.com\/?p=2640324"},"modified":"2026-01-05T14:58:16","modified_gmt":"2026-01-05T14:58:16","slug":"la-zim-virginia-nel-porto-di-livorno-in-banchina-un-carico-sospetto-pronti-allo-sciopero-generale-in-caso-di-attacco-alla-global-sumud-flotilla","status":"publish","type":"post","link":"https:\/\/www.pressenza.com\/it\/2025\/09\/la-zim-virginia-nel-porto-di-livorno-in-banchina-un-carico-sospetto-pronti-allo-sciopero-generale-in-caso-di-attacco-alla-global-sumud-flotilla\/","title":{"rendered":"La Zim Virginia nel porto di Livorno. In banchina un carico sospetto. Pronti allo sciopero generale in caso di attacco alla Global Sumud Flotilla"},"content":{"rendered":"<p>Mentre la Global Sumud Flotilla si avvicina a Gaza sotto costante minaccia dell&#8217;esercito israeliano, a Livorno, con un giorno e mezzo di ritardo, \u00e8 appena entrata in porto la nave Zim Virginia.<\/p>\n<p>Nelle societ\u00e0 coinvolte nelle operazioni \u00e8 stato proclamato sciopero, sia da USB che dalla CGIL. I lavoratori portuali non scaricheranno n\u00e9 caricheranno.<\/p>\n<p>Proprio in questi minuti, dal Gruppo Autonomo Portuali \u00e8 arrivata la segnalazione di alcuni contenitori da 10 piedi con materiale sospetto (militare) da imbarcare proprio sulla Zim. Questa nave deve lasciare subito il nostro porto. Questa \u00e8 la richiesta ufficiale che arriva dai lavoratori e dal presidio di protesta che da giorni anima il porto di Livorno.<\/p>\n<p>Non un chiodo verso Israele! USB conferma lo sciopero anche per le prossime ore.<\/p>\n<p><strong>Aggiornamento<\/strong><\/p>\n<p>Grazie alla determinazione dei lavoratori portuali, dei cittadini e a seguito dello sciopero proclamato da USB e CGIL nelle societ\u00e0 interessate dalle operazioni in Darsena Toscana, la Zim Virginia lascer\u00e0 il porto di Livorno.<\/p>\n<p>Come USB Livorno insieme alle altre realt\u00e0 che hanno animato, e stanno ancora animando, il presidio permanente al Varco Zara, abbiamo sostenuto attivamente dalla giornata di ieri i lavoratori portuali che hanno deciso di incrociare le braccia contro l&#8217;arrivo della nave israeliana.<\/p>\n<p>In questo momento drammatico per la popolazione di Gaza e mentre la Global Sumud Flotilla \u00e8 costantemente minacciata dall&#8217;esercito israeliano, era importante lanciare un segnale forte di boicottaggio diretto. Questa volta a prescindere dalla presenza o meno di armi o mezzi militari a bordo.<\/p>\n<p>La parola d&#8217;ordine \u00e8 sempre stata: &#8220;Se non lo fa il governo lo facciamo noi&#8221; \u00e8 cos\u00ec \u00e8 stato<\/p>\n<p>Ci prepariamo allo sciopero generale che verr\u00e0 proclamato nell&#8217;immediato qualora la Flotilla dovesse essere attaccata. Sciopero che coinvolger\u00e0 tutte le categorie e che ci vedr\u00e0 ancora una volta in piazza con blocchi e manifestazioni.<\/p>\n","protected":false},"excerpt":{"rendered":"<p>Mentre la Global Sumud Flotilla si avvicina a Gaza sotto costante minaccia dell&#8217;esercito israeliano, a Livorno, con un giorno e mezzo di ritardo, \u00e8 appena entrata in porto la nave Zim Virginia. Nelle societ\u00e0 coinvolte nelle operazioni \u00e8 stato proclamato&hellip;<\/p>\n","protected":false},"author":907,"featured_media":2640325,"comment_status":"closed","ping_status":"closed","sticky":false,"template":"","format":"standard","meta":{"footnotes":""},"categories":[150,60,47,52],"tags":[230,30142,1005,139558,129542,143714,36519,1447],"class_list":["post-2640324","post","type-post","status-publish","format-standard","has-post-thumbnail","hentry","category-comunicati-stampa","category-diritti-umani","category-europa","category-medio-oriente","tag-armi","tag-attacco","tag-gaza","tag-global-sumud-flotilla","tag-israele-2","tag-nave-zim-virginia","tag-porto-di-livorno","tag-sciopero"],"yoast_head":"<!-- This site is optimized with the Yoast SEO plugin v27.1.1 - https:\/\/yoast.com\/product\/yoast-seo-wordpress\/ -->\n<title>La Zim Virginia nel porto di Livorno. In banchina un carico sospetto. Pronti allo sciopero generale in caso di attacco alla Global Sumud Flotilla<\/title>\n<meta name=\"description\" content=\"Mentre la Global Sumud Flotilla si avvicina a Gaza sotto costante minaccia dell&#039;esercito israeliano, a Livorno, con un giorno e mezzo di ritardo, \u00e8 appena\" \/>\n<meta name=\"robots\" content=\"index, follow, max-snippet:-1, max-image-preview:large, max-video-preview:-1\" \/>\n<link rel=\"canonical\" href=\"https:\/\/www.pressenza.com\/it\/2025\/09\/la-zim-virginia-nel-porto-di-livorno-in-banchina-un-carico-sospetto-pronti-allo-sciopero-generale-in-caso-di-attacco-alla-global-sumud-flotilla\/\" \/>\n<meta property=\"og:locale\" content=\"it_IT\" \/>\n<meta property=\"og:type\" content=\"article\" \/>\n<meta property=\"og:title\" content=\"La Zim Virginia nel porto di Livorno. In banchina un carico sospetto. Pronti allo sciopero generale in caso di attacco alla Global Sumud Flotilla\" \/>\n<meta property=\"og:description\" content=\"Mentre la Global Sumud Flotilla si avvicina a Gaza sotto costante minaccia dell&#039;esercito israeliano, a Livorno, con un giorno e mezzo di ritardo, \u00e8 appena\" \/>\n<meta property=\"og:url\" content=\"https:\/\/www.pressenza.com\/it\/2025\/09\/la-zim-virginia-nel-porto-di-livorno-in-banchina-un-carico-sospetto-pronti-allo-sciopero-generale-in-caso-di-attacco-alla-global-sumud-flotilla\/\" \/>\n<meta property=\"og:site_name\" content=\"Pressenza\" \/>\n<meta property=\"article:publisher\" content=\"https:\/\/www.facebook.com\/PressenzaItalia\" \/>\n<meta property=\"article:author\" content=\"https:\/\/www.facebook.com\/unionesindacaledibase\" \/>\n<meta property=\"article:published_time\" content=\"2025-09-30T17:30:43+00:00\" \/>\n<meta property=\"article:modified_time\" content=\"2026-01-05T14:58:16+00:00\" \/>\n<meta property=\"og:image\" content=\"https:\/\/www.pressenza.com\/wp-content\/uploads\/2025\/09\/barche-GSF-e-mano-Gaza.jpeg\" \/>\n\t<meta property=\"og:image:width\" content=\"900\" \/>\n\t<meta property=\"og:image:height\" content=\"797\" \/>\n\t<meta property=\"og:image:type\" content=\"image\/jpeg\" \/>\n<meta name=\"author\" content=\"Unione Sindacale di Base\" \/>\n<meta name=\"twitter:card\" content=\"summary_large_image\" \/>\n<meta name=\"twitter:creator\" content=\"@usbsindacato\" \/>\n<meta name=\"twitter:site\" content=\"@PressenzaIPA\" \/>\n<meta name=\"twitter:label1\" content=\"Scritto da\" \/>\n\t<meta name=\"twitter:data1\" content=\"Unione Sindacale di Base\" \/>\n\t<meta name=\"twitter:label2\" content=\"Tempo di lettura stimato\" \/>\n\t<meta name=\"twitter:data2\" content=\"2 minuti\" \/>\n<script type=\"application\/ld+json\" class=\"yoast-schema-graph\">{\"@context\":\"https:\/\/schema.org\",\"@graph\":[{\"@type\":\"Article\",\"@id\":\"https:\/\/www.pressenza.com\/it\/2025\/09\/la-zim-virginia-nel-porto-di-livorno-in-banchina-un-carico-sospetto-pronti-allo-sciopero-generale-in-caso-di-attacco-alla-global-sumud-flotilla\/#article\",\"isPartOf\":{\"@id\":\"https:\/\/www.pressenza.com\/it\/2025\/09\/la-zim-virginia-nel-porto-di-livorno-in-banchina-un-carico-sospetto-pronti-allo-sciopero-generale-in-caso-di-attacco-alla-global-sumud-flotilla\/\"},\"author\":{\"name\":\"Unione Sindacale di Base\",\"@id\":\"https:\/\/www.pressenza.com\/it\/#\/schema\/person\/cdb44ed73dfee4d78886fc4dd9a21ede\"},\"headline\":\"La Zim Virginia nel porto di Livorno. In banchina un carico sospetto. Pronti allo sciopero generale in caso di attacco alla Global Sumud Flotilla\",\"datePublished\":\"2025-09-30T17:30:43+00:00\",\"dateModified\":\"2026-01-05T14:58:16+00:00\",\"mainEntityOfPage\":{\"@id\":\"https:\/\/www.pressenza.com\/it\/2025\/09\/la-zim-virginia-nel-porto-di-livorno-in-banchina-un-carico-sospetto-pronti-allo-sciopero-generale-in-caso-di-attacco-alla-global-sumud-flotilla\/\"},\"wordCount\":319,\"publisher\":{\"@id\":\"https:\/\/www.pressenza.com\/it\/#organization\"},\"image\":{\"@id\":\"https:\/\/www.pressenza.com\/it\/2025\/09\/la-zim-virginia-nel-porto-di-livorno-in-banchina-un-carico-sospetto-pronti-allo-sciopero-generale-in-caso-di-attacco-alla-global-sumud-flotilla\/#primaryimage\"},\"thumbnailUrl\":\"https:\/\/www.pressenza.com\/wp-content\/uploads\/2025\/09\/barche-GSF-e-mano-Gaza.jpeg\",\"keywords\":[\"armi\",\"attacco\",\"Gaza\",\"Global Sumud Flotilla\",\"Israele\",\"nave Zim Virginia\",\"Porto di Livorno\",\"sciopero\"],\"articleSection\":[\"Comunicati Stampa\",\"Diritti Umani\",\"Europa\",\"Medio Oriente\"],\"inLanguage\":\"it-IT\"},{\"@type\":\"WebPage\",\"@id\":\"https:\/\/www.pressenza.com\/it\/2025\/09\/la-zim-virginia-nel-porto-di-livorno-in-banchina-un-carico-sospetto-pronti-allo-sciopero-generale-in-caso-di-attacco-alla-global-sumud-flotilla\/\",\"url\":\"https:\/\/www.pressenza.com\/it\/2025\/09\/la-zim-virginia-nel-porto-di-livorno-in-banchina-un-carico-sospetto-pronti-allo-sciopero-generale-in-caso-di-attacco-alla-global-sumud-flotilla\/\",\"name\":\"La Zim Virginia nel porto di Livorno. In banchina un carico sospetto. Pronti allo sciopero generale in caso di attacco alla Global Sumud Flotilla\",\"isPartOf\":{\"@id\":\"https:\/\/www.pressenza.com\/it\/#website\"},\"primaryImageOfPage\":{\"@id\":\"https:\/\/www.pressenza.com\/it\/2025\/09\/la-zim-virginia-nel-porto-di-livorno-in-banchina-un-carico-sospetto-pronti-allo-sciopero-generale-in-caso-di-attacco-alla-global-sumud-flotilla\/#primaryimage\"},\"image\":{\"@id\":\"https:\/\/www.pressenza.com\/it\/2025\/09\/la-zim-virginia-nel-porto-di-livorno-in-banchina-un-carico-sospetto-pronti-allo-sciopero-generale-in-caso-di-attacco-alla-global-sumud-flotilla\/#primaryimage\"},\"thumbnailUrl\":\"https:\/\/www.pressenza.com\/wp-content\/uploads\/2025\/09\/barche-GSF-e-mano-Gaza.jpeg\",\"datePublished\":\"2025-09-30T17:30:43+00:00\",\"dateModified\":\"2026-01-05T14:58:16+00:00\",\"description\":\"Mentre la Global Sumud Flotilla si avvicina a Gaza sotto costante minaccia dell'esercito israeliano, a Livorno, con un giorno e mezzo di ritardo, \u00e8 appena\",\"breadcrumb\":{\"@id\":\"https:\/\/www.pressenza.com\/it\/2025\/09\/la-zim-virginia-nel-porto-di-livorno-in-banchina-un-carico-sospetto-pronti-allo-sciopero-generale-in-caso-di-attacco-alla-global-sumud-flotilla\/#breadcrumb\"},\"inLanguage\":\"it-IT\",\"potentialAction\":[{\"@type\":\"ReadAction\",\"target\":[\"https:\/\/www.pressenza.com\/it\/2025\/09\/la-zim-virginia-nel-porto-di-livorno-in-banchina-un-carico-sospetto-pronti-allo-sciopero-generale-in-caso-di-attacco-alla-global-sumud-flotilla\/\"]}]},{\"@type\":\"ImageObject\",\"inLanguage\":\"it-IT\",\"@id\":\"https:\/\/www.pressenza.com\/it\/2025\/09\/la-zim-virginia-nel-porto-di-livorno-in-banchina-un-carico-sospetto-pronti-allo-sciopero-generale-in-caso-di-attacco-alla-global-sumud-flotilla\/#primaryimage\",\"url\":\"https:\/\/www.pressenza.com\/wp-content\/uploads\/2025\/09\/barche-GSF-e-mano-Gaza.jpeg\",\"contentUrl\":\"https:\/\/www.pressenza.com\/wp-content\/uploads\/2025\/09\/barche-GSF-e-mano-Gaza.jpeg\",\"width\":900,\"height\":797},{\"@type\":\"BreadcrumbList\",\"@id\":\"https:\/\/www.pressenza.com\/it\/2025\/09\/la-zim-virginia-nel-porto-di-livorno-in-banchina-un-carico-sospetto-pronti-allo-sciopero-generale-in-caso-di-attacco-alla-global-sumud-flotilla\/#breadcrumb\",\"itemListElement\":[{\"@type\":\"ListItem\",\"position\":1,\"name\":\"Accueil\",\"item\":\"https:\/\/www.pressenza.com\/it\/\"},{\"@type\":\"ListItem\",\"position\":2,\"name\":\"La Zim Virginia nel porto di Livorno. In banchina un carico sospetto. Pronti allo sciopero generale in caso di attacco alla Global Sumud Flotilla\"}]},{\"@type\":\"WebSite\",\"@id\":\"https:\/\/www.pressenza.com\/it\/#website\",\"url\":\"https:\/\/www.pressenza.com\/it\/\",\"name\":\"Pressenza\",\"description\":\"Agenzia di Stampa Internazionale\",\"publisher\":{\"@id\":\"https:\/\/www.pressenza.com\/it\/#organization\"},\"potentialAction\":[{\"@type\":\"SearchAction\",\"target\":{\"@type\":\"EntryPoint\",\"urlTemplate\":\"https:\/\/www.pressenza.com\/it\/?s={search_term_string}\"},\"query-input\":{\"@type\":\"PropertyValueSpecification\",\"valueRequired\":true,\"valueName\":\"search_term_string\"}}],\"inLanguage\":\"it-IT\"},{\"@type\":\"Organization\",\"@id\":\"https:\/\/www.pressenza.com\/it\/#organization\",\"name\":\"Pressenza\",\"url\":\"https:\/\/www.pressenza.com\/it\/\",\"logo\":{\"@type\":\"ImageObject\",\"inLanguage\":\"it-IT\",\"@id\":\"https:\/\/www.pressenza.com\/it\/#\/schema\/logo\/image\/\",\"url\":\"https:\/\/www.pressenza.com\/wp-content\/uploads\/2022\/10\/pressenza_logo_200x200.jpg\",\"contentUrl\":\"https:\/\/www.pressenza.com\/wp-content\/uploads\/2022\/10\/pressenza_logo_200x200.jpg\",\"width\":200,\"height\":200,\"caption\":\"Pressenza\"},\"image\":{\"@id\":\"https:\/\/www.pressenza.com\/it\/#\/schema\/logo\/image\/\"},\"sameAs\":[\"https:\/\/www.facebook.com\/PressenzaItalia\",\"https:\/\/x.com\/PressenzaIPA\"]},{\"@type\":\"Person\",\"@id\":\"https:\/\/www.pressenza.com\/it\/#\/schema\/person\/cdb44ed73dfee4d78886fc4dd9a21ede\",\"name\":\"Unione Sindacale di Base\",\"description\":\"Un\u2019organizzazione per milioni di lavoratori www.usb.it\",\"sameAs\":[\"https:\/\/www.facebook.com\/unionesindacaledibase\",\"https:\/\/x.com\/usbsindacato\"],\"url\":\"https:\/\/www.pressenza.com\/it\/author\/unione-sindacale-di-base\/\"}]}<\/script>\n<!-- \/ Yoast SEO plugin. -->","yoast_head_json":{"title":"La Zim Virginia nel porto di Livorno. In banchina un carico sospetto. Pronti allo sciopero generale in caso di attacco alla Global Sumud Flotilla","description":"Mentre la Global Sumud Flotilla si avvicina a Gaza sotto costante minaccia dell'esercito israeliano, a Livorno, con un giorno e mezzo di ritardo, \u00e8 appena","robots":{"index":"index","follow":"follow","max-snippet":"max-snippet:-1","max-image-preview":"max-image-preview:large","max-video-preview":"max-video-preview:-1"},"canonical":"https:\/\/www.pressenza.com\/it\/2025\/09\/la-zim-virginia-nel-porto-di-livorno-in-banchina-un-carico-sospetto-pronti-allo-sciopero-generale-in-caso-di-attacco-alla-global-sumud-flotilla\/","og_locale":"it_IT","og_type":"article","og_title":"La Zim Virginia nel porto di Livorno. In banchina un carico sospetto. Pronti allo sciopero generale in caso di attacco alla Global Sumud Flotilla","og_description":"Mentre la Global Sumud Flotilla si avvicina a Gaza sotto costante minaccia dell'esercito israeliano, a Livorno, con un giorno e mezzo di ritardo, \u00e8 appena","og_url":"https:\/\/www.pressenza.com\/it\/2025\/09\/la-zim-virginia-nel-porto-di-livorno-in-banchina-un-carico-sospetto-pronti-allo-sciopero-generale-in-caso-di-attacco-alla-global-sumud-flotilla\/","og_site_name":"Pressenza","article_publisher":"https:\/\/www.facebook.com\/PressenzaItalia","article_author":"https:\/\/www.facebook.com\/unionesindacaledibase","article_published_time":"2025-09-30T17:30:43+00:00","article_modified_time":"2026-01-05T14:58:16+00:00","og_image":[{"width":900,"height":797,"url":"https:\/\/www.pressenza.com\/wp-content\/uploads\/2025\/09\/barche-GSF-e-mano-Gaza.jpeg","type":"image\/jpeg"}],"author":"Unione Sindacale di Base","twitter_card":"summary_large_image","twitter_creator":"@usbsindacato","twitter_site":"@PressenzaIPA","twitter_misc":{"Scritto da":"Unione Sindacale di Base","Tempo di lettura stimato":"2 minuti"},"schema":{"@context":"https:\/\/schema.org","@graph":[{"@type":"Article","@id":"https:\/\/www.pressenza.com\/it\/2025\/09\/la-zim-virginia-nel-porto-di-livorno-in-banchina-un-carico-sospetto-pronti-allo-sciopero-generale-in-caso-di-attacco-alla-global-sumud-flotilla\/#article","isPartOf":{"@id":"https:\/\/www.pressenza.com\/it\/2025\/09\/la-zim-virginia-nel-porto-di-livorno-in-banchina-un-carico-sospetto-pronti-allo-sciopero-generale-in-caso-di-attacco-alla-global-sumud-flotilla\/"},"author":{"name":"Unione Sindacale di Base","@id":"https:\/\/www.pressenza.com\/it\/#\/schema\/person\/cdb44ed73dfee4d78886fc4dd9a21ede"},"headline":"La Zim Virginia nel porto di Livorno. In banchina un carico sospetto. Pronti allo sciopero generale in caso di attacco alla Global Sumud Flotilla","datePublished":"2025-09-30T17:30:43+00:00","dateModified":"2026-01-05T14:58:16+00:00","mainEntityOfPage":{"@id":"https:\/\/www.pressenza.com\/it\/2025\/09\/la-zim-virginia-nel-porto-di-livorno-in-banchina-un-carico-sospetto-pronti-allo-sciopero-generale-in-caso-di-attacco-alla-global-sumud-flotilla\/"},"wordCount":319,"publisher":{"@id":"https:\/\/www.pressenza.com\/it\/#organization"},"image":{"@id":"https:\/\/www.pressenza.com\/it\/2025\/09\/la-zim-virginia-nel-porto-di-livorno-in-banchina-un-carico-sospetto-pronti-allo-sciopero-generale-in-caso-di-attacco-alla-global-sumud-flotilla\/#primaryimage"},"thumbnailUrl":"https:\/\/www.pressenza.com\/wp-content\/uploads\/2025\/09\/barche-GSF-e-mano-Gaza.jpeg","keywords":["armi","attacco","Gaza","Global Sumud Flotilla","Israele","nave Zim Virginia","Porto di Livorno","sciopero"],"articleSection":["Comunicati Stampa","Diritti Umani","Europa","Medio Oriente"],"inLanguage":"it-IT"},{"@type":"WebPage","@id":"https:\/\/www.pressenza.com\/it\/2025\/09\/la-zim-virginia-nel-porto-di-livorno-in-banchina-un-carico-sospetto-pronti-allo-sciopero-generale-in-caso-di-attacco-alla-global-sumud-flotilla\/","url":"https:\/\/www.pressenza.com\/it\/2025\/09\/la-zim-virginia-nel-porto-di-livorno-in-banchina-un-carico-sospetto-pronti-allo-sciopero-generale-in-caso-di-attacco-alla-global-sumud-flotilla\/","name":"La Zim Virginia nel porto di Livorno. In banchina un carico sospetto. Pronti allo sciopero generale in caso di attacco alla Global Sumud Flotilla","isPartOf":{"@id":"https:\/\/www.pressenza.com\/it\/#website"},"primaryImageOfPage":{"@id":"https:\/\/www.pressenza.com\/it\/2025\/09\/la-zim-virginia-nel-porto-di-livorno-in-banchina-un-carico-sospetto-pronti-allo-sciopero-generale-in-caso-di-attacco-alla-global-sumud-flotilla\/#primaryimage"},"image":{"@id":"https:\/\/www.pressenza.com\/it\/2025\/09\/la-zim-virginia-nel-porto-di-livorno-in-banchina-un-carico-sospetto-pronti-allo-sciopero-generale-in-caso-di-attacco-alla-global-sumud-flotilla\/#primaryimage"},"thumbnailUrl":"https:\/\/www.pressenza.com\/wp-content\/uploads\/2025\/09\/barche-GSF-e-mano-Gaza.jpeg","datePublished":"2025-09-30T17:30:43+00:00","dateModified":"2026-01-05T14:58:16+00:00","description":"Mentre la Global Sumud Flotilla si avvicina a Gaza sotto costante minaccia dell'esercito israeliano, a Livorno, con un giorno e mezzo di ritardo, \u00e8 appena","breadcrumb":{"@id":"https:\/\/www.pressenza.com\/it\/2025\/09\/la-zim-virginia-nel-porto-di-livorno-in-banchina-un-carico-sospetto-pronti-allo-sciopero-generale-in-caso-di-attacco-alla-global-sumud-flotilla\/#breadcrumb"},"inLanguage":"it-IT","potentialAction":[{"@type":"ReadAction","target":["https:\/\/www.pressenza.com\/it\/2025\/09\/la-zim-virginia-nel-porto-di-livorno-in-banchina-un-carico-sospetto-pronti-allo-sciopero-generale-in-caso-di-attacco-alla-global-sumud-flotilla\/"]}]},{"@type":"ImageObject","inLanguage":"it-IT","@id":"https:\/\/www.pressenza.com\/it\/2025\/09\/la-zim-virginia-nel-porto-di-livorno-in-banchina-un-carico-sospetto-pronti-allo-sciopero-generale-in-caso-di-attacco-alla-global-sumud-flotilla\/#primaryimage","url":"https:\/\/www.pressenza.com\/wp-content\/uploads\/2025\/09\/barche-GSF-e-mano-Gaza.jpeg","contentUrl":"https:\/\/www.pressenza.com\/wp-content\/uploads\/2025\/09\/barche-GSF-e-mano-Gaza.jpeg","width":900,"height":797},{"@type":"BreadcrumbList","@id":"https:\/\/www.pressenza.com\/it\/2025\/09\/la-zim-virginia-nel-porto-di-livorno-in-banchina-un-carico-sospetto-pronti-allo-sciopero-generale-in-caso-di-attacco-alla-global-sumud-flotilla\/#breadcrumb","itemListElement":[{"@type":"ListItem","position":1,"name":"Accueil","item":"https:\/\/www.pressenza.com\/it\/"},{"@type":"ListItem","position":2,"name":"La Zim Virginia nel porto di Livorno. In banchina un carico sospetto. Pronti allo sciopero generale in caso di attacco alla Global Sumud Flotilla"}]},{"@type":"WebSite","@id":"https:\/\/www.pressenza.com\/it\/#website","url":"https:\/\/www.pressenza.com\/it\/","name":"Pressenza","description":"Agenzia di Stampa Internazionale","publisher":{"@id":"https:\/\/www.pressenza.com\/it\/#organization"},"potentialAction":[{"@type":"SearchAction","target":{"@type":"EntryPoint","urlTemplate":"https:\/\/www.pressenza.com\/it\/?s={search_term_string}"},"query-input":{"@type":"PropertyValueSpecification","valueRequired":true,"valueName":"search_term_string"}}],"inLanguage":"it-IT"},{"@type":"Organization","@id":"https:\/\/www.pressenza.com\/it\/#organization","name":"Pressenza","url":"https:\/\/www.pressenza.com\/it\/","logo":{"@type":"ImageObject","inLanguage":"it-IT","@id":"https:\/\/www.pressenza.com\/it\/#\/schema\/logo\/image\/","url":"https:\/\/www.pressenza.com\/wp-content\/uploads\/2022\/10\/pressenza_logo_200x200.jpg","contentUrl":"https:\/\/www.pressenza.com\/wp-content\/uploads\/2022\/10\/pressenza_logo_200x200.jpg","width":200,"height":200,"caption":"Pressenza"},"image":{"@id":"https:\/\/www.pressenza.com\/it\/#\/schema\/logo\/image\/"},"sameAs":["https:\/\/www.facebook.com\/PressenzaItalia","https:\/\/x.com\/PressenzaIPA"]},{"@type":"Person","@id":"https:\/\/www.pressenza.com\/it\/#\/schema\/person\/cdb44ed73dfee4d78886fc4dd9a21ede","name":"Unione Sindacale di Base","description":"Un\u2019organizzazione per milioni di lavoratori www.usb.it","sameAs":["https:\/\/www.facebook.com\/unionesindacaledibase","https:\/\/x.com\/usbsindacato"],"url":"https:\/\/www.pressenza.com\/it\/author\/unione-sindacale-di-base\/"}]}},"place":"Livorno","original_article_url":"","_links":{"self":[{"href":"https:\/\/www.pressenza.com\/it\/wp-json\/wp\/v2\/posts\/2640324","targetHints":{"allow":["GET"]}}],"collection":[{"href":"https:\/\/www.pressenza.com\/it\/wp-json\/wp\/v2\/posts"}],"about":[{"href":"https:\/\/www.pressenza.com\/it\/wp-json\/wp\/v2\/types\/post"}],"author":[{"embeddable":true,"href":"https:\/\/www.pressenza.com\/it\/wp-json\/wp\/v2\/users\/907"}],"replies":[{"embeddable":true,"href":"https:\/\/www.pressenza.com\/it\/wp-json\/wp\/v2\/comments?post=2640324"}],"version-history":[{"count":3,"href":"https:\/\/www.pressenza.com\/it\/wp-json\/wp\/v2\/posts\/2640324\/revisions"}],"predecessor-version":[{"id":2640331,"href":"https:\/\/www.pressenza.com\/it\/wp-json\/wp\/v2\/posts\/2640324\/revisions\/2640331"}],"wp:featuredmedia":[{"embeddable":true,"href":"https:\/\/www.pressenza.com\/it\/wp-json\/wp\/v2\/media\/2640325"}],"wp:attachment":[{"href":"https:\/\/www.pressenza.com\/it\/wp-json\/wp\/v2\/media?parent=2640324"}],"wp:term":[{"taxonomy":"category","embeddable":true,"href":"https:\/\/www.pressenza.com\/it\/wp-json\/wp\/v2\/categories?post=2640324"},{"taxonomy":"post_tag","embeddable":true,"href":"https:\/\/www.pressenza.com\/it\/wp-json\/wp\/v2\/tags?post=2640324"}],"curies":[{"name":"wp","href":"https:\/\/api.w.org\/{rel}","templated":true}]}}