{"id":2639620,"date":"2025-09-28T15:19:40","date_gmt":"2025-09-28T14:19:40","guid":{"rendered":"https:\/\/www.pressenza.com\/?p=2639620"},"modified":"2025-09-28T15:55:32","modified_gmt":"2025-09-28T14:55:32","slug":"tra-uliveti-e-check-points-la-lotta-di-un-palestinese-per-la-terra-e-la-sussistenza","status":"publish","type":"post","link":"https:\/\/www.pressenza.com\/it\/2025\/09\/tra-uliveti-e-check-points-la-lotta-di-un-palestinese-per-la-terra-e-la-sussistenza\/","title":{"rendered":"Tra uliveti e check points: la lotta di un palestinese per la terra e la sussistenza"},"content":{"rendered":"<p>Come palestinese che vive a Ramallah, con radici ancestrali nel villaggio di Qira nella provincia di Salfit, la mia vita \u00e8 da tempo intrecciata con quella della terra. Da generazioni, la mia famiglia coltiva ulivi a Qira, una tradizione che supporta sia la sussistenza che il patrimonio culturale. Eppure quest&#8217;anno la raccolta delle olive deve affrontare minacce senza precedenti, non solo a causa della siccit\u00e0 stagionale o dei parassiti, ma anche a causa degli ostacoli sistemici imposti dall&#8217;occupazione israeliana.<\/p>\n<p>Ogni volta che voglio visitare la mia citt\u00e0 natale \u2013 per vedere la mia famiglia, per camminare per le strade dove sono cresciuto o per occuparmi dei miei uliveti \u2013 mi trovo di fronte a cancelli e posti di blocco. Quello che prima era un viaggio di 30 minuti in auto ora pu\u00f2 richiedere ore, o essere impossibile. Come migliaia di altri palestinesi, sento che la mia vita si sta restringendo, non per caso ma per scelta.<\/p>\n<p><b>Posti di blocco e cancelli: strumenti di espropriazione<\/b><\/p>\n<p>Secondo l&#8217;Ufficio delle Nazioni Unite per il coordinamento degli affari umanitari (OCHA), fino al 2024 l&#8217;occupazione israeliana ha istituito un totale di 849 posti di blocco in tutta la Cisgiordania occupata, un terzo dei quali costituiti da cancelli che bloccano le strade. Il numero \u00e8 aumentato drasticamente nel 2025. Circa 1.000 cancelli militari e posti di blocco frammentano massicciamente la Cisgiordania, che copre un&#8217;area di non pi\u00f9 di 5.000 chilometri quadrati, il che significa che c&#8217;\u00e8 un cancello o un posto di blocco ogni cinque chilometri. Per i palestinesi, queste statistiche non sono astratte. Ogni cancello \u00e8 un punto di strozzatura nella nostra vita quotidiana.<\/p>\n<p>I checkpoint non sono solo un inconveniente, ma causano il collasso economico, la privazione dei servizi di base e l&#8217;interruzione della vita sociale. I villaggi un tempo collegati ai mercati ora vedono i loro negozi chiusi e i loro giovani disoccupati. Quando le strade di accesso sono bloccate, i lavoratori non possono raggiungere le citt\u00e0 o Israele per cercare lavoro. Gli agricoltori non possono raggiungere i loro frutteti n\u00e9 vendere i loro prodotti.<\/p>\n<p>Nella provincia di Salfit, dove si trova Qira, la situazione \u00e8 particolarmente grave. Le restrizioni alla circolazione imposte da questi posti di blocco e cancelli ostacolano gravemente l&#8217;accesso di quasi 90.000 persone alle loro terre, all&#8217;assistenza sanitaria, all&#8217;istruzione e ai mezzi di sussistenza. I cancelli hanno isolato le comunit\u00e0 rurali dalla citt\u00e0 di Salfit, dove si trovano ospedali, uffici amministrativi e mercati. L&#8217;ingresso alla mia citt\u00e0 natale \u00e8 chiuso da mesi a causa di questi cancelli, costringendo i residenti dei villaggi vicini a percorrere strade lunghe, sterrate e dissestate per raggiungerla.<\/p>\n<p>Ma forse la cosa peggiore \u00e8 che i cancelli separano le famiglie. Matrimoni, funerali e visite quotidiane che un tempo richiedevano un breve tragitto in auto ora diventano incubi logistici o viaggi impossibili. La sensazione di imprevedibilit\u00e0 \u2013 non sapere mai se una strada sar\u00e0 aperta o chiusa \u2013 si \u00e8 insinuata nel tessuto della vita palestinese, ricordando costantemente l&#8217;impotenza.<\/p>\n<p>Le difficolt\u00e0 poste dai posti di blocco e dai cancelli sono aggravate dall&#8217;escalation di violenza da parte dei coloni israeliani. Questi incidenti includono aggressioni fisiche, minacce e la distruzione di ulivi.<\/p>\n<p>L&#8217;OCHA ha documentato oltre 200 incidenti legati ai coloni durante la stagione del raccolto del 2024, in cui pi\u00f9 di 1.600 ulivi sono stati vandalizzati, bruciati o tagliati. Sono stati rubati attrezzi e raccolti; gli agricoltori sono stati aggrediti.<\/p>\n<p>Tra gennaio e marzo 2025, la violenza dei coloni \u00e8 aumentata di circa il 30% rispetto allo stesso periodo del 2024. Questa ondata di aggressioni viene spesso perpetrata nell&#8217;impunit\u00e0, poich\u00e9 le forze di sicurezza israeliane spesso non intervengono n\u00e9 forniscono protezione alle comunit\u00e0 palestinesi sotto attacco.<\/p>\n<p>Il mio villaggio \u00e8 stato testimone di numerosi crimini commessi dai coloni, l&#8217;ultimo dei quali \u00e8 avvenuto lo scorso marzo, quando alcuni coloni vi si sono intrufolati con la copertura dell&#8217;oscurit\u00e0, hanno attaccato una casa alla periferia del villaggio e hanno dato fuoco al veicolo di un agricoltore. Le autorit\u00e0 di occupazione non hanno assicurato alla giustizia alcun colono e l&#8217;incidente \u00e8 stato registrato, come al solito, come opera di ignoti.<\/p>\n<p>La stagione della raccolta delle olive si avvicina e io e la mia famiglia, come molti palestinesi, non sappiamo se potremo raggiungere i nostri uliveti.<\/p>\n<p><b>L&#8217;oliveto: un simbolo di resilienza<\/b><\/p>\n<p>Per i palestinesi, la stagione delle olive \u00e8 parte integrante del nostro patrimonio, della nostra identit\u00e0 e della nostra resilienza. Il periodo della raccolta \u00e8 un momento di ritrovo familiare e di lavoro collettivo, un rituale tramandato da generazioni. Questi alberi hanno attraversato secoli di storia, testimoniando la fatica e la perseveranza dei nostri antenati.<\/p>\n<p>L&#8217;olivo, simbolo dell&#8217;identit\u00e0 e della resilienza palestinese, \u00e8 diventato un bersaglio nella pi\u00f9 ampia strategia di sfollamento e spoliazione. Un rapporto pubblicato dal Palestinian Land Research Center ha rivelato che nel 2024 l&#8217;esercito israeliano e i coloni hanno sradicato pi\u00f9 di 59.000 alberi e confiscato circa 50.000 dunam (5.000 ettari) di terra nella Cisgiordania occupata.<\/p>\n<p>Le cifre sono impressionanti: tra il 1967 e il 2011 sono stati sradicati oltre 800.000 alberi. Dal 2010 al 2023, altri 278.000 sono stati distrutti. Ogni albero impiega anni per crescere; ogni uliveto sradicato rappresenta non solo una perdita di reddito, ma anche la perdita di storia e identit\u00e0. Il danno psicologico per gli agricoltori che assistono allo sradicamento degli alberi dei loro antenati \u00e8 profondo, poich\u00e9 significa un attacco diretto al loro patrimonio e stile di vita.<\/p>\n<p>Quest&#8217;anno, il raccolto \u00e8 oscurato dalla presenza incombente dei posti di blocco e dei cancelli militari israeliani e dalla violenza dei coloni, che impediscono il nostro accesso alla terra. Queste barriere non sono semplici strutture fisiche, ma rappresentano una strategia deliberata per recidere i nostri legami con le terre ancestrali ed erodere il nostro patrimonio agricolo.<\/p>\n<p><b>Le implicazioni pi\u00f9 ampie: sfollamento e confisca delle terre<\/b><\/p>\n<p>I funzionari israeliani spesso giustificano i cancelli e i posti di blocco come misure di sicurezza. Ma i palestinesi li vivono in modo diverso: come strumenti di punizione collettiva e sfollamento. Il diritto umanitario vieta di prendere di mira i mezzi di sussistenza dei civili, eppure la distruzione degli ulivi, il blocco delle strade e lo strangolamento dei villaggi continuano con regolarit\u00e0.<\/p>\n<p>La sicurezza non pu\u00f2 spiegare perch\u00e9 i coloni abbattano antichi oliveti o perch\u00e9 un cancello rimanga chiuso per settimane senza preavviso. Queste misure non ci rendono pi\u00f9 sicuri, ma pi\u00f9 poveri, pi\u00f9 arrabbiati e pi\u00f9 determinati a resistere.<\/p>\n<p>La distruzione sistematica degli ulivi e l&#8217;imposizione di restrizioni alla circolazione fanno parte di una strategia pi\u00f9 ampia volta a sfollare le comunit\u00e0 palestinesi e a impossessarsi delle loro terre. Un cancello mi impedisce di raggiungere i miei uliveti; i coloni approfittano quindi della mia assenza per tagliare, bruciare o rubare. Se non posso accedere in sicurezza ai miei alberi per anni, rischio di perderne la propriet\u00e0 in base alla legge israeliana che designa i terreni inutilizzati come \u201cterreni demaniali\u201d.<\/p>\n<p>Questo sfollamento non \u00e8 solo una conseguenza della violenza, ma una politica deliberata volta a modificare il panorama demografico della Cisgiordania. Costringendo i palestinesi ad abbandonare le loro terre e a trasferirsi nei centri urbani, l&#8217;occupazione israeliana facilita l&#8217;espansione degli insediamenti e il consolidamento del controllo sui territori palestinesi.<\/p>\n<p><b>La resilienza \u00e8 l&#8217;unica opzione <\/b><\/p>\n<p>Il paesaggio familiare dei miei uliveti \u00e8 deturpato dalla presenza dei posti di blocco e dalle cicatrici della violenza dei coloni. Eppure, nonostante queste avversit\u00e0, gli ulivi resistono, con le loro radici profondamente radicate nel suolo dei nostri antenati.<\/p>\n<p>Ogni autunno, con l&#8217;avvicinarsi della stagione della raccolta, provo ansia piuttosto che gioia. I cancelli saranno aperti? I coloni attaccheranno? Riuscir\u00f2 a portare avanti la tradizione che da generazioni lega la mia famiglia a questa terra?<\/p>\n<p>Quando mi trovo davanti a un cancello chiuso sulla strada che porta al mio villaggio, non vedo il metallo. Vedo i volti dei miei figli, che si chiedono perch\u00e9 non possono andare a trovare la nonna. Vedo gli ulivi del mio defunto padre, carichi di frutti, che aspettano mani che potrebbero non arrivare mai. Vedo la cancellazione della memoria e dell&#8217;appartenenza, un cancello, un albero alla volta.<\/p>\n<p>Non so se riuscir\u00f2 a raggiungere i miei uliveti, o se i coloni attaccheranno prima che io ci arrivi. Ma so questo: finch\u00e9 i palestinesi rimarranno radicati nella loro terra, finch\u00e9 continueremo a raccogliere le olive nonostante i cancelli e la violenza, la storia della nostra esistenza non potr\u00e0 essere cancellata. Nonostante gli ostacoli, continuiamo a coltivare la nostra terra, a preservare il nostro patrimonio e a lottare per un futuro in cui poter vivere con dignit\u00e0 e in pace.<\/p>\n<p>Condividendo le nostre storie, non vogliamo solo mettere in luce le nostre difficolt\u00e0, ma anche chiedere solidariet\u00e0 e sostegno. La comunit\u00e0 internazionale deve riconoscere le ingiustizie subite dagli agricoltori palestinesi e intraprendere azioni concrete per difendere i nostri diritti e la nostra dignit\u00e0. Solo attraverso uno sforzo collettivo possiamo sperare di realizzare un futuro in cui gli uliveti di Qira \u2013 e di tutta la Palestina \u2013 continuino a prosperare per le generazioni a venire.<\/p>\n<p><b><a href=\"https:\/\/www.middleeastmonitor.com\/authors\/fareed-taamallah\/\">di Fareed Taamallah<\/a> <\/b><\/p>\n<p>Traduzione di Nazarena Lanza<\/p>\n","protected":false},"excerpt":{"rendered":"<p>Come palestinese che vive a Ramallah, con radici ancestrali nel villaggio di Qira nella provincia di Salfit, la mia vita \u00e8 da tempo intrecciata con quella della terra. Da generazioni, la mia famiglia coltiva ulivi a Qira, una tradizione che&hellip;<\/p>\n","protected":false},"author":2284,"featured_media":2639631,"comment_status":"closed","ping_status":"closed","sticky":false,"template":"","format":"standard","meta":{"footnotes":""},"categories":[11388,59,38,52,57],"tags":[143570,8238,18043,288,143571,21697],"class_list":["post-2639620","post","type-post","status-publish","format-standard","has-post-thumbnail","hentry","category-contenuti-originali","category-ambiente-ecologia","category-internazionale","category-medio-oriente","category-affari-esteri","tag-cancelli","tag-cisgiordania","tag-coloni","tag-occupazione","tag-sradicamento","tag-ulivi"],"yoast_head":"<!-- This site is optimized with the Yoast SEO plugin v27.1.1 - https:\/\/yoast.com\/product\/yoast-seo-wordpress\/ -->\n<title>Tra uliveti e check points: la lotta di un palestinese per la terra e la sussistenza<\/title>\n<meta name=\"description\" content=\"Come palestinese che vive a Ramallah, con radici ancestrali nel villaggio di Qira nella provincia di Salfit, la mia vita \u00e8 da tempo intrecciata con quella\" \/>\n<meta name=\"robots\" content=\"index, follow, max-snippet:-1, max-image-preview:large, max-video-preview:-1\" \/>\n<link rel=\"canonical\" href=\"https:\/\/www.pressenza.com\/it\/2025\/09\/tra-uliveti-e-check-points-la-lotta-di-un-palestinese-per-la-terra-e-la-sussistenza\/\" \/>\n<meta property=\"og:locale\" content=\"it_IT\" \/>\n<meta property=\"og:type\" content=\"article\" \/>\n<meta property=\"og:title\" content=\"Tra uliveti e check points: la lotta di un palestinese per la terra e la sussistenza\" \/>\n<meta property=\"og:description\" content=\"Come palestinese che vive a Ramallah, con radici ancestrali nel villaggio di Qira nella provincia di Salfit, la mia vita \u00e8 da tempo intrecciata con quella\" \/>\n<meta property=\"og:url\" content=\"https:\/\/www.pressenza.com\/it\/2025\/09\/tra-uliveti-e-check-points-la-lotta-di-un-palestinese-per-la-terra-e-la-sussistenza\/\" \/>\n<meta property=\"og:site_name\" content=\"Pressenza\" \/>\n<meta property=\"article:publisher\" content=\"https:\/\/www.facebook.com\/PressenzaItalia\" \/>\n<meta property=\"article:published_time\" content=\"2025-09-28T14:19:40+00:00\" \/>\n<meta property=\"article:modified_time\" content=\"2025-09-28T14:55:32+00:00\" \/>\n<meta property=\"og:image\" content=\"https:\/\/www.pressenza.com\/wp-content\/uploads\/2025\/09\/i-cancelli.jpg\" \/>\n\t<meta property=\"og:image:width\" content=\"1152\" \/>\n\t<meta property=\"og:image:height\" content=\"648\" \/>\n\t<meta property=\"og:image:type\" content=\"image\/jpeg\" \/>\n<meta name=\"author\" content=\"Redazione Piemonte Orientale\" \/>\n<meta name=\"twitter:card\" content=\"summary_large_image\" \/>\n<meta name=\"twitter:creator\" content=\"@PressenzaIPA\" \/>\n<meta name=\"twitter:site\" content=\"@PressenzaIPA\" \/>\n<meta name=\"twitter:label1\" content=\"Scritto da\" \/>\n\t<meta name=\"twitter:data1\" content=\"Redazione Piemonte Orientale\" \/>\n\t<meta name=\"twitter:label2\" content=\"Tempo di lettura stimato\" \/>\n\t<meta name=\"twitter:data2\" content=\"7 minuti\" \/>\n<script type=\"application\/ld+json\" class=\"yoast-schema-graph\">{\"@context\":\"https:\/\/schema.org\",\"@graph\":[{\"@type\":\"Article\",\"@id\":\"https:\/\/www.pressenza.com\/it\/2025\/09\/tra-uliveti-e-check-points-la-lotta-di-un-palestinese-per-la-terra-e-la-sussistenza\/#article\",\"isPartOf\":{\"@id\":\"https:\/\/www.pressenza.com\/it\/2025\/09\/tra-uliveti-e-check-points-la-lotta-di-un-palestinese-per-la-terra-e-la-sussistenza\/\"},\"author\":{\"name\":\"Redazione Piemonte Orientale\",\"@id\":\"https:\/\/www.pressenza.com\/it\/#\/schema\/person\/a5a18a1f9bd17ddfdc899816e18307e1\"},\"headline\":\"Tra uliveti e check points: la lotta di un palestinese per la terra e la sussistenza\",\"datePublished\":\"2025-09-28T14:19:40+00:00\",\"dateModified\":\"2025-09-28T14:55:32+00:00\",\"mainEntityOfPage\":{\"@id\":\"https:\/\/www.pressenza.com\/it\/2025\/09\/tra-uliveti-e-check-points-la-lotta-di-un-palestinese-per-la-terra-e-la-sussistenza\/\"},\"wordCount\":1497,\"publisher\":{\"@id\":\"https:\/\/www.pressenza.com\/it\/#organization\"},\"image\":{\"@id\":\"https:\/\/www.pressenza.com\/it\/2025\/09\/tra-uliveti-e-check-points-la-lotta-di-un-palestinese-per-la-terra-e-la-sussistenza\/#primaryimage\"},\"thumbnailUrl\":\"https:\/\/www.pressenza.com\/wp-content\/uploads\/2025\/09\/i-cancelli.jpg\",\"keywords\":[\"cancelli\",\"Cisgiordania\",\"coloni\",\"occupazione\",\"sradicamento\",\"Ulivi\"],\"articleSection\":[\"contenuti originali\",\"Ecologia ed Ambiente\",\"Internazionale\",\"Medio Oriente\",\"Questioni internazionali\"],\"inLanguage\":\"it-IT\"},{\"@type\":\"WebPage\",\"@id\":\"https:\/\/www.pressenza.com\/it\/2025\/09\/tra-uliveti-e-check-points-la-lotta-di-un-palestinese-per-la-terra-e-la-sussistenza\/\",\"url\":\"https:\/\/www.pressenza.com\/it\/2025\/09\/tra-uliveti-e-check-points-la-lotta-di-un-palestinese-per-la-terra-e-la-sussistenza\/\",\"name\":\"Tra uliveti e check points: la lotta di un palestinese per la terra e la sussistenza\",\"isPartOf\":{\"@id\":\"https:\/\/www.pressenza.com\/it\/#website\"},\"primaryImageOfPage\":{\"@id\":\"https:\/\/www.pressenza.com\/it\/2025\/09\/tra-uliveti-e-check-points-la-lotta-di-un-palestinese-per-la-terra-e-la-sussistenza\/#primaryimage\"},\"image\":{\"@id\":\"https:\/\/www.pressenza.com\/it\/2025\/09\/tra-uliveti-e-check-points-la-lotta-di-un-palestinese-per-la-terra-e-la-sussistenza\/#primaryimage\"},\"thumbnailUrl\":\"https:\/\/www.pressenza.com\/wp-content\/uploads\/2025\/09\/i-cancelli.jpg\",\"datePublished\":\"2025-09-28T14:19:40+00:00\",\"dateModified\":\"2025-09-28T14:55:32+00:00\",\"description\":\"Come palestinese che vive a Ramallah, con radici ancestrali nel villaggio di Qira nella provincia di Salfit, la mia vita \u00e8 da tempo intrecciata con quella\",\"breadcrumb\":{\"@id\":\"https:\/\/www.pressenza.com\/it\/2025\/09\/tra-uliveti-e-check-points-la-lotta-di-un-palestinese-per-la-terra-e-la-sussistenza\/#breadcrumb\"},\"inLanguage\":\"it-IT\",\"potentialAction\":[{\"@type\":\"ReadAction\",\"target\":[\"https:\/\/www.pressenza.com\/it\/2025\/09\/tra-uliveti-e-check-points-la-lotta-di-un-palestinese-per-la-terra-e-la-sussistenza\/\"]}]},{\"@type\":\"ImageObject\",\"inLanguage\":\"it-IT\",\"@id\":\"https:\/\/www.pressenza.com\/it\/2025\/09\/tra-uliveti-e-check-points-la-lotta-di-un-palestinese-per-la-terra-e-la-sussistenza\/#primaryimage\",\"url\":\"https:\/\/www.pressenza.com\/wp-content\/uploads\/2025\/09\/i-cancelli.jpg\",\"contentUrl\":\"https:\/\/www.pressenza.com\/wp-content\/uploads\/2025\/09\/i-cancelli.jpg\",\"width\":1152,\"height\":648,\"caption\":\"di Fareed Taamallah\"},{\"@type\":\"BreadcrumbList\",\"@id\":\"https:\/\/www.pressenza.com\/it\/2025\/09\/tra-uliveti-e-check-points-la-lotta-di-un-palestinese-per-la-terra-e-la-sussistenza\/#breadcrumb\",\"itemListElement\":[{\"@type\":\"ListItem\",\"position\":1,\"name\":\"Accueil\",\"item\":\"https:\/\/www.pressenza.com\/it\/\"},{\"@type\":\"ListItem\",\"position\":2,\"name\":\"Tra uliveti e check points: la lotta di un palestinese per la terra e la sussistenza\"}]},{\"@type\":\"WebSite\",\"@id\":\"https:\/\/www.pressenza.com\/it\/#website\",\"url\":\"https:\/\/www.pressenza.com\/it\/\",\"name\":\"Pressenza\",\"description\":\"Agenzia di Stampa Internazionale\",\"publisher\":{\"@id\":\"https:\/\/www.pressenza.com\/it\/#organization\"},\"potentialAction\":[{\"@type\":\"SearchAction\",\"target\":{\"@type\":\"EntryPoint\",\"urlTemplate\":\"https:\/\/www.pressenza.com\/it\/?s={search_term_string}\"},\"query-input\":{\"@type\":\"PropertyValueSpecification\",\"valueRequired\":true,\"valueName\":\"search_term_string\"}}],\"inLanguage\":\"it-IT\"},{\"@type\":\"Organization\",\"@id\":\"https:\/\/www.pressenza.com\/it\/#organization\",\"name\":\"Pressenza\",\"url\":\"https:\/\/www.pressenza.com\/it\/\",\"logo\":{\"@type\":\"ImageObject\",\"inLanguage\":\"it-IT\",\"@id\":\"https:\/\/www.pressenza.com\/it\/#\/schema\/logo\/image\/\",\"url\":\"https:\/\/www.pressenza.com\/wp-content\/uploads\/2022\/10\/pressenza_logo_200x200.jpg\",\"contentUrl\":\"https:\/\/www.pressenza.com\/wp-content\/uploads\/2022\/10\/pressenza_logo_200x200.jpg\",\"width\":200,\"height\":200,\"caption\":\"Pressenza\"},\"image\":{\"@id\":\"https:\/\/www.pressenza.com\/it\/#\/schema\/logo\/image\/\"},\"sameAs\":[\"https:\/\/www.facebook.com\/PressenzaItalia\",\"https:\/\/x.com\/PressenzaIPA\"]},{\"@type\":\"Person\",\"@id\":\"https:\/\/www.pressenza.com\/it\/#\/schema\/person\/a5a18a1f9bd17ddfdc899816e18307e1\",\"name\":\"Redazione Piemonte Orientale\",\"url\":\"https:\/\/www.pressenza.com\/it\/author\/redazione-piemonte-orientale\/\"}]}<\/script>\n<!-- \/ Yoast SEO plugin. -->","yoast_head_json":{"title":"Tra uliveti e check points: la lotta di un palestinese per la terra e la sussistenza","description":"Come palestinese che vive a Ramallah, con radici ancestrali nel villaggio di Qira nella provincia di Salfit, la mia vita \u00e8 da tempo intrecciata con quella","robots":{"index":"index","follow":"follow","max-snippet":"max-snippet:-1","max-image-preview":"max-image-preview:large","max-video-preview":"max-video-preview:-1"},"canonical":"https:\/\/www.pressenza.com\/it\/2025\/09\/tra-uliveti-e-check-points-la-lotta-di-un-palestinese-per-la-terra-e-la-sussistenza\/","og_locale":"it_IT","og_type":"article","og_title":"Tra uliveti e check points: la lotta di un palestinese per la terra e la sussistenza","og_description":"Come palestinese che vive a Ramallah, con radici ancestrali nel villaggio di Qira nella provincia di Salfit, la mia vita \u00e8 da tempo intrecciata con quella","og_url":"https:\/\/www.pressenza.com\/it\/2025\/09\/tra-uliveti-e-check-points-la-lotta-di-un-palestinese-per-la-terra-e-la-sussistenza\/","og_site_name":"Pressenza","article_publisher":"https:\/\/www.facebook.com\/PressenzaItalia","article_published_time":"2025-09-28T14:19:40+00:00","article_modified_time":"2025-09-28T14:55:32+00:00","og_image":[{"width":1152,"height":648,"url":"https:\/\/www.pressenza.com\/wp-content\/uploads\/2025\/09\/i-cancelli.jpg","type":"image\/jpeg"}],"author":"Redazione Piemonte Orientale","twitter_card":"summary_large_image","twitter_creator":"@PressenzaIPA","twitter_site":"@PressenzaIPA","twitter_misc":{"Scritto da":"Redazione Piemonte Orientale","Tempo di lettura stimato":"7 minuti"},"schema":{"@context":"https:\/\/schema.org","@graph":[{"@type":"Article","@id":"https:\/\/www.pressenza.com\/it\/2025\/09\/tra-uliveti-e-check-points-la-lotta-di-un-palestinese-per-la-terra-e-la-sussistenza\/#article","isPartOf":{"@id":"https:\/\/www.pressenza.com\/it\/2025\/09\/tra-uliveti-e-check-points-la-lotta-di-un-palestinese-per-la-terra-e-la-sussistenza\/"},"author":{"name":"Redazione Piemonte Orientale","@id":"https:\/\/www.pressenza.com\/it\/#\/schema\/person\/a5a18a1f9bd17ddfdc899816e18307e1"},"headline":"Tra uliveti e check points: la lotta di un palestinese per la terra e la sussistenza","datePublished":"2025-09-28T14:19:40+00:00","dateModified":"2025-09-28T14:55:32+00:00","mainEntityOfPage":{"@id":"https:\/\/www.pressenza.com\/it\/2025\/09\/tra-uliveti-e-check-points-la-lotta-di-un-palestinese-per-la-terra-e-la-sussistenza\/"},"wordCount":1497,"publisher":{"@id":"https:\/\/www.pressenza.com\/it\/#organization"},"image":{"@id":"https:\/\/www.pressenza.com\/it\/2025\/09\/tra-uliveti-e-check-points-la-lotta-di-un-palestinese-per-la-terra-e-la-sussistenza\/#primaryimage"},"thumbnailUrl":"https:\/\/www.pressenza.com\/wp-content\/uploads\/2025\/09\/i-cancelli.jpg","keywords":["cancelli","Cisgiordania","coloni","occupazione","sradicamento","Ulivi"],"articleSection":["contenuti originali","Ecologia ed Ambiente","Internazionale","Medio Oriente","Questioni internazionali"],"inLanguage":"it-IT"},{"@type":"WebPage","@id":"https:\/\/www.pressenza.com\/it\/2025\/09\/tra-uliveti-e-check-points-la-lotta-di-un-palestinese-per-la-terra-e-la-sussistenza\/","url":"https:\/\/www.pressenza.com\/it\/2025\/09\/tra-uliveti-e-check-points-la-lotta-di-un-palestinese-per-la-terra-e-la-sussistenza\/","name":"Tra uliveti e check points: la lotta di un palestinese per la terra e la sussistenza","isPartOf":{"@id":"https:\/\/www.pressenza.com\/it\/#website"},"primaryImageOfPage":{"@id":"https:\/\/www.pressenza.com\/it\/2025\/09\/tra-uliveti-e-check-points-la-lotta-di-un-palestinese-per-la-terra-e-la-sussistenza\/#primaryimage"},"image":{"@id":"https:\/\/www.pressenza.com\/it\/2025\/09\/tra-uliveti-e-check-points-la-lotta-di-un-palestinese-per-la-terra-e-la-sussistenza\/#primaryimage"},"thumbnailUrl":"https:\/\/www.pressenza.com\/wp-content\/uploads\/2025\/09\/i-cancelli.jpg","datePublished":"2025-09-28T14:19:40+00:00","dateModified":"2025-09-28T14:55:32+00:00","description":"Come palestinese che vive a Ramallah, con radici ancestrali nel villaggio di Qira nella provincia di Salfit, la mia vita \u00e8 da tempo intrecciata con quella","breadcrumb":{"@id":"https:\/\/www.pressenza.com\/it\/2025\/09\/tra-uliveti-e-check-points-la-lotta-di-un-palestinese-per-la-terra-e-la-sussistenza\/#breadcrumb"},"inLanguage":"it-IT","potentialAction":[{"@type":"ReadAction","target":["https:\/\/www.pressenza.com\/it\/2025\/09\/tra-uliveti-e-check-points-la-lotta-di-un-palestinese-per-la-terra-e-la-sussistenza\/"]}]},{"@type":"ImageObject","inLanguage":"it-IT","@id":"https:\/\/www.pressenza.com\/it\/2025\/09\/tra-uliveti-e-check-points-la-lotta-di-un-palestinese-per-la-terra-e-la-sussistenza\/#primaryimage","url":"https:\/\/www.pressenza.com\/wp-content\/uploads\/2025\/09\/i-cancelli.jpg","contentUrl":"https:\/\/www.pressenza.com\/wp-content\/uploads\/2025\/09\/i-cancelli.jpg","width":1152,"height":648,"caption":"di Fareed Taamallah"},{"@type":"BreadcrumbList","@id":"https:\/\/www.pressenza.com\/it\/2025\/09\/tra-uliveti-e-check-points-la-lotta-di-un-palestinese-per-la-terra-e-la-sussistenza\/#breadcrumb","itemListElement":[{"@type":"ListItem","position":1,"name":"Accueil","item":"https:\/\/www.pressenza.com\/it\/"},{"@type":"ListItem","position":2,"name":"Tra uliveti e check points: la lotta di un palestinese per la terra e la sussistenza"}]},{"@type":"WebSite","@id":"https:\/\/www.pressenza.com\/it\/#website","url":"https:\/\/www.pressenza.com\/it\/","name":"Pressenza","description":"Agenzia di Stampa Internazionale","publisher":{"@id":"https:\/\/www.pressenza.com\/it\/#organization"},"potentialAction":[{"@type":"SearchAction","target":{"@type":"EntryPoint","urlTemplate":"https:\/\/www.pressenza.com\/it\/?s={search_term_string}"},"query-input":{"@type":"PropertyValueSpecification","valueRequired":true,"valueName":"search_term_string"}}],"inLanguage":"it-IT"},{"@type":"Organization","@id":"https:\/\/www.pressenza.com\/it\/#organization","name":"Pressenza","url":"https:\/\/www.pressenza.com\/it\/","logo":{"@type":"ImageObject","inLanguage":"it-IT","@id":"https:\/\/www.pressenza.com\/it\/#\/schema\/logo\/image\/","url":"https:\/\/www.pressenza.com\/wp-content\/uploads\/2022\/10\/pressenza_logo_200x200.jpg","contentUrl":"https:\/\/www.pressenza.com\/wp-content\/uploads\/2022\/10\/pressenza_logo_200x200.jpg","width":200,"height":200,"caption":"Pressenza"},"image":{"@id":"https:\/\/www.pressenza.com\/it\/#\/schema\/logo\/image\/"},"sameAs":["https:\/\/www.facebook.com\/PressenzaItalia","https:\/\/x.com\/PressenzaIPA"]},{"@type":"Person","@id":"https:\/\/www.pressenza.com\/it\/#\/schema\/person\/a5a18a1f9bd17ddfdc899816e18307e1","name":"Redazione Piemonte Orientale","url":"https:\/\/www.pressenza.com\/it\/author\/redazione-piemonte-orientale\/"}]}},"place":"","original_article_url":"","_links":{"self":[{"href":"https:\/\/www.pressenza.com\/it\/wp-json\/wp\/v2\/posts\/2639620","targetHints":{"allow":["GET"]}}],"collection":[{"href":"https:\/\/www.pressenza.com\/it\/wp-json\/wp\/v2\/posts"}],"about":[{"href":"https:\/\/www.pressenza.com\/it\/wp-json\/wp\/v2\/types\/post"}],"author":[{"embeddable":true,"href":"https:\/\/www.pressenza.com\/it\/wp-json\/wp\/v2\/users\/2284"}],"replies":[{"embeddable":true,"href":"https:\/\/www.pressenza.com\/it\/wp-json\/wp\/v2\/comments?post=2639620"}],"version-history":[{"count":1,"href":"https:\/\/www.pressenza.com\/it\/wp-json\/wp\/v2\/posts\/2639620\/revisions"}],"predecessor-version":[{"id":2639621,"href":"https:\/\/www.pressenza.com\/it\/wp-json\/wp\/v2\/posts\/2639620\/revisions\/2639621"}],"wp:featuredmedia":[{"embeddable":true,"href":"https:\/\/www.pressenza.com\/it\/wp-json\/wp\/v2\/media\/2639631"}],"wp:attachment":[{"href":"https:\/\/www.pressenza.com\/it\/wp-json\/wp\/v2\/media?parent=2639620"}],"wp:term":[{"taxonomy":"category","embeddable":true,"href":"https:\/\/www.pressenza.com\/it\/wp-json\/wp\/v2\/categories?post=2639620"},{"taxonomy":"post_tag","embeddable":true,"href":"https:\/\/www.pressenza.com\/it\/wp-json\/wp\/v2\/tags?post=2639620"}],"curies":[{"name":"wp","href":"https:\/\/api.w.org\/{rel}","templated":true}]}}