{"id":2639369,"date":"2025-09-27T10:38:54","date_gmt":"2025-09-27T09:38:54","guid":{"rendered":"https:\/\/www.pressenza.com\/?p=2639369"},"modified":"2026-01-05T14:58:35","modified_gmt":"2026-01-05T14:58:35","slug":"il-governo-israeliano-ha-classificato-movimenti-e-attivisti-italiani-che-manifestano-per-gaza","status":"publish","type":"post","link":"https:\/\/www.pressenza.com\/it\/2025\/09\/il-governo-israeliano-ha-classificato-movimenti-e-attivisti-italiani-che-manifestano-per-gaza\/","title":{"rendered":"Il governo israeliano ha classificato movimenti e attivisti italiani che manifestano per Gaza"},"content":{"rendered":"<p>Il ministero per la Diaspora del governo israeliano ha pubblicato un\u00a0<a href=\"https:\/\/www.gov.il\/BlobFolder\/reports\/italy_nationwide_demonstrations_general_strike_solidarity_gaza_2025-09-22\/en\/mashlat_half2_2025_italy_nationwide_demonstrations_general_strike_solidarity_gaza_2025-09-22.pdf\" target=\"_blank\" rel=\"noopener\">rapporto<\/a>\u00a0in cui classifica le manifestazioni italiane per lo sciopero generale del 22 settembre per livelli di rischio. Il documento, apparso prima dello svolgersi delle proteste, indica i dati precisi su diffusione sui social, luogo e orario di diversi dei concentramenti che erano previsti, ed elenca i principali gruppi che li hanno promossi. I criteri usati per\u00a0<strong>classificare il livello di rischio<\/strong>\u00a0non sono esplicitati, ma visti i nomi dei promotori e i luoghi indicati, esso sembra basarsi tra le altre cose proprio\u00a0<strong>sugli organizzatori delle proteste<\/strong>. Il monitoraggio dei movimenti per Gaza da parte di Israele \u00e8 una pratica passata indisturbata, ma che a quanto pare sta impegnando Tel Aviv sempre di pi\u00f9: nell\u2019ultimo anno, il medesimo ministero ha classificato\u00a0<strong>decine di eventi sul tema<\/strong>, mentre a partire dal 2020 fino al 7 ottobre del 2023 non ha pubblicato un solo documento a riguardo.<\/p>\n<p>Il rapporto del governo israeliano \u00e8 apparso sulla\u00a0<a href=\"https:\/\/www.gov.il\/en\/collectors\/publications?officeId=1213ca14-4263-4720-b7bf-afa8e8c05444\" target=\"_blank\" rel=\"noopener\">pagina<\/a>\u00a0del sito dell\u2019esecutivo dedicata alle pubblicazioni del ministero per la Diaspora e la lotta all\u2019antisemitismo alla vigilia dello\u00a0<a href=\"https:\/\/www.lindipendente.online\/2025\/09\/22\/oggi-e-sciopero-generale-per-la-palestina-cronaca-in-diretta\/\" target=\"_blank\" rel=\"noopener\">sciopero generale<\/a>. Esso elenca, in ordine di orario,\u00a0<strong>18 delle manifestazioni che si sarebbero svolte<\/strong>\u00a0il giorno seguente, indicandone il luogo preciso \u2013 con tanto di coordinate geografiche \u2013 in cui sarebbero iniziate, l\u2019eventuale vicinanza a luoghi legati a Israele, post sui social dei principali promotori e interazioni ricevute dagli stessi post. Ciascuna manifestazione \u00e8 classificata su tre distinti livelli di rischio: basso, medio e alto, indicati graficamente dai colori\u00a0<strong>verde<\/strong>,\u00a0<strong>giallo e rosso<\/strong>. \u00abLa mobilitazione \u00e8 incentrata sull\u2019opposizione a quello che gli organizzatori descrivono come il \u201cgenocidio a Gaza\u201d e come risposta al silenzio e all\u2019ipocrisia percepiti dai governi occidentali. Lo sciopero e le manifestazioni sono presentati come atti di solidariet\u00e0 con Gaza e il popolo palestinese, con inviti a \u201ccambiare la storia\u201d e a resistere all\u2019inazione del governo\u00bb, si legge in testa al rapporto.<\/p>\n<p>I criteri utilizzati da ministero per la Diaspora per classificare i livelli di rischio dei singoli presidi\u00a0<strong>non sono chiari<\/strong>,\u00a0<strong>n\u00e9 esplicitati direttamente<\/strong>. Il documento recita che \u00able informazioni fornite nel rapporto si basano su segnalazioni e\u00a0<strong>informazioni ricevute tramite il monitoraggio della rete con l\u2019ausilio di un sistema tecnologico<\/strong>\u00bb, senza specificare di cosa si tratti. Da quanto emerge esaminando il documento con attenzione \u00e8 che nessuno dei singoli elementi tra luogo (risultano assenti manifestazioni che si sono svolte in luoghi strategici, come quella presso il porto di Livorno), citt\u00e0 (quella presso il campus Einaudi di Torino, citt\u00e0 in cui le proteste sono generalmente pi\u00f9 intense e partecipate, \u00e8 classificata in verde), o interazioni sui social (la pi\u00f9 cliccata risulta a rischio medio) ha svolto un ruolo primario nella definizione dei livelli di rischio, che piuttosto paiono sembrano essere stati valutati combinando tutti i fattori. In questo senso, anche\u00a0<strong>l\u2019identit\u00e0 degli organizzatori<\/strong>\u00a0sembra svolgere un ruolo: le manifestazioni promosse dal Global Movement to Gaza, per esempio, sono tutte rosse o gialle.<\/p>\n<p>Il monitoraggio di manifestazioni contro lo Stato ebraico e dei movimenti di attivisti da parte di Israele \u00e8 una pratica che il ministero per la Diaspora porta avanti da anni, ma che nell\u2019ultimo periodo ha svolto con maggiore intensit\u00e0. La pagina del sito dedicata alle pubblicazioni del ministero \u00e8 infatti\u00a0<strong>colma di documenti analoghi<\/strong>\u00a0a quello sullo sciopero generale del 22 settembre, che spesso interessano singole manifestazioni. L\u2019Italia compare quattro volte, tutte nel 2025: oltre allo sciopero, vengono inseriti due casi mediatici che hanno interessato turisti israeliani (tra cui il\u00a0<a href=\"https:\/\/www.lindipendente.online\/2025\/07\/31\/il-presunto-assalto-antisemita-allautogrill-e-i-deliri-della-stampa-italiana\/\" target=\"_blank\" rel=\"noopener\">presunto \u201cassalto\u201d<\/a>\u00a0all\u2019autogrill di Lainate) e una\u00a0<strong>contestazione all\u2019ex primo ministro Ehud Olmert svoltasi a Parma il 21 settembre<\/strong>. Anche in quest\u2019ultimo caso, il documento riporta dettagliatamente informazioni sulle pagine social dei promotori e sulle interazioni ai loro post sulla protesta.<\/p>\n","protected":false},"excerpt":{"rendered":"<p>Il ministero per la Diaspora del governo israeliano ha pubblicato un\u00a0rapporto\u00a0in cui classifica le manifestazioni italiane per lo sciopero generale del 22 settembre per livelli di rischio. Il documento, apparso prima dello svolgersi delle proteste, indica i dati precisi su&hellip;<\/p>\n","protected":false},"author":2207,"featured_media":2639371,"comment_status":"closed","ping_status":"closed","sticky":false,"template":"","format":"standard","meta":{"footnotes":""},"categories":[60,47,52,57],"tags":[143500,1005,9884,4722,129542,143498,19659,14852,1227],"class_list":["post-2639369","post","type-post","status-publish","format-standard","has-post-thumbnail","hentry","category-diritti-umani","category-europa","category-medio-oriente","category-affari-esteri","tag-attivisti-classificati","tag-gaza","tag-genocidio","tag-governo-israeliano","tag-israele-2","tag-manifestazioni-pro-pal","tag-movimenti","tag-netanyahu-it","tag-palestina-it"],"yoast_head":"<!-- This site is optimized with the Yoast SEO plugin v27.1.1 - https:\/\/yoast.com\/product\/yoast-seo-wordpress\/ -->\n<title>Il governo israeliano ha classificato movimenti e attivisti italiani che manifestano per Gaza<\/title>\n<meta name=\"description\" content=\"Il ministero per la Diaspora del governo israeliano ha pubblicato un\u00a0rapporto\u00a0in cui classifica le manifestazioni italiane per lo sciopero generale del 22\" \/>\n<meta name=\"robots\" content=\"index, follow, max-snippet:-1, max-image-preview:large, max-video-preview:-1\" \/>\n<link rel=\"canonical\" href=\"https:\/\/www.pressenza.com\/it\/2025\/09\/il-governo-israeliano-ha-classificato-movimenti-e-attivisti-italiani-che-manifestano-per-gaza\/\" \/>\n<meta property=\"og:locale\" content=\"it_IT\" \/>\n<meta property=\"og:type\" content=\"article\" \/>\n<meta property=\"og:title\" content=\"Il governo israeliano ha classificato movimenti e attivisti italiani che manifestano per Gaza\" \/>\n<meta property=\"og:description\" content=\"Il ministero per la Diaspora del governo israeliano ha pubblicato un\u00a0rapporto\u00a0in cui classifica le manifestazioni italiane per lo sciopero generale del 22\" \/>\n<meta property=\"og:url\" content=\"https:\/\/www.pressenza.com\/it\/2025\/09\/il-governo-israeliano-ha-classificato-movimenti-e-attivisti-italiani-che-manifestano-per-gaza\/\" \/>\n<meta property=\"og:site_name\" content=\"Pressenza\" \/>\n<meta property=\"article:publisher\" content=\"https:\/\/www.facebook.com\/PressenzaItalia\" \/>\n<meta property=\"article:published_time\" content=\"2025-09-27T09:38:54+00:00\" \/>\n<meta property=\"article:modified_time\" content=\"2026-01-05T14:58:35+00:00\" \/>\n<meta property=\"og:image\" content=\"https:\/\/www.pressenza.com\/wp-content\/uploads\/2025\/09\/Netanyahu-LIndipendente.png\" \/>\n\t<meta property=\"og:image:width\" content=\"1000\" \/>\n\t<meta property=\"og:image:height\" content=\"667\" \/>\n\t<meta property=\"og:image:type\" content=\"image\/png\" \/>\n<meta name=\"author\" content=\"L&#039;Indipendente\" \/>\n<meta name=\"twitter:card\" content=\"summary_large_image\" \/>\n<meta name=\"twitter:creator\" content=\"@PressenzaIPA\" \/>\n<meta name=\"twitter:site\" content=\"@PressenzaIPA\" \/>\n<meta name=\"twitter:label1\" content=\"Scritto da\" \/>\n\t<meta name=\"twitter:data1\" content=\"L&#039;Indipendente\" \/>\n\t<meta name=\"twitter:label2\" content=\"Tempo di lettura stimato\" \/>\n\t<meta name=\"twitter:data2\" content=\"3 minuti\" \/>\n<script type=\"application\/ld+json\" class=\"yoast-schema-graph\">{\"@context\":\"https:\/\/schema.org\",\"@graph\":[{\"@type\":\"Article\",\"@id\":\"https:\/\/www.pressenza.com\/it\/2025\/09\/il-governo-israeliano-ha-classificato-movimenti-e-attivisti-italiani-che-manifestano-per-gaza\/#article\",\"isPartOf\":{\"@id\":\"https:\/\/www.pressenza.com\/it\/2025\/09\/il-governo-israeliano-ha-classificato-movimenti-e-attivisti-italiani-che-manifestano-per-gaza\/\"},\"author\":{\"name\":\"L'Indipendente\",\"@id\":\"https:\/\/www.pressenza.com\/it\/#\/schema\/person\/310a843582035e4eb98f61c521fd6236\"},\"headline\":\"Il governo israeliano ha classificato movimenti e attivisti italiani che manifestano per Gaza\",\"datePublished\":\"2025-09-27T09:38:54+00:00\",\"dateModified\":\"2026-01-05T14:58:35+00:00\",\"mainEntityOfPage\":{\"@id\":\"https:\/\/www.pressenza.com\/it\/2025\/09\/il-governo-israeliano-ha-classificato-movimenti-e-attivisti-italiani-che-manifestano-per-gaza\/\"},\"wordCount\":630,\"publisher\":{\"@id\":\"https:\/\/www.pressenza.com\/it\/#organization\"},\"image\":{\"@id\":\"https:\/\/www.pressenza.com\/it\/2025\/09\/il-governo-israeliano-ha-classificato-movimenti-e-attivisti-italiani-che-manifestano-per-gaza\/#primaryimage\"},\"thumbnailUrl\":\"https:\/\/www.pressenza.com\/wp-content\/uploads\/2025\/09\/Netanyahu-LIndipendente.png\",\"keywords\":[\"attivisti classificati\",\"Gaza\",\"genocidio\",\"governo israeliano\",\"Israele\",\"Manifestazioni pro-Pal\",\"movimenti\",\"Netanyahu\",\"Palestina\"],\"articleSection\":[\"Diritti Umani\",\"Europa\",\"Medio Oriente\",\"Questioni internazionali\"],\"inLanguage\":\"it-IT\"},{\"@type\":\"WebPage\",\"@id\":\"https:\/\/www.pressenza.com\/it\/2025\/09\/il-governo-israeliano-ha-classificato-movimenti-e-attivisti-italiani-che-manifestano-per-gaza\/\",\"url\":\"https:\/\/www.pressenza.com\/it\/2025\/09\/il-governo-israeliano-ha-classificato-movimenti-e-attivisti-italiani-che-manifestano-per-gaza\/\",\"name\":\"Il governo israeliano ha classificato movimenti e attivisti italiani che manifestano per Gaza\",\"isPartOf\":{\"@id\":\"https:\/\/www.pressenza.com\/it\/#website\"},\"primaryImageOfPage\":{\"@id\":\"https:\/\/www.pressenza.com\/it\/2025\/09\/il-governo-israeliano-ha-classificato-movimenti-e-attivisti-italiani-che-manifestano-per-gaza\/#primaryimage\"},\"image\":{\"@id\":\"https:\/\/www.pressenza.com\/it\/2025\/09\/il-governo-israeliano-ha-classificato-movimenti-e-attivisti-italiani-che-manifestano-per-gaza\/#primaryimage\"},\"thumbnailUrl\":\"https:\/\/www.pressenza.com\/wp-content\/uploads\/2025\/09\/Netanyahu-LIndipendente.png\",\"datePublished\":\"2025-09-27T09:38:54+00:00\",\"dateModified\":\"2026-01-05T14:58:35+00:00\",\"description\":\"Il ministero per la Diaspora del governo israeliano ha pubblicato un\u00a0rapporto\u00a0in cui classifica le manifestazioni italiane per lo sciopero generale del 22\",\"breadcrumb\":{\"@id\":\"https:\/\/www.pressenza.com\/it\/2025\/09\/il-governo-israeliano-ha-classificato-movimenti-e-attivisti-italiani-che-manifestano-per-gaza\/#breadcrumb\"},\"inLanguage\":\"it-IT\",\"potentialAction\":[{\"@type\":\"ReadAction\",\"target\":[\"https:\/\/www.pressenza.com\/it\/2025\/09\/il-governo-israeliano-ha-classificato-movimenti-e-attivisti-italiani-che-manifestano-per-gaza\/\"]}]},{\"@type\":\"ImageObject\",\"inLanguage\":\"it-IT\",\"@id\":\"https:\/\/www.pressenza.com\/it\/2025\/09\/il-governo-israeliano-ha-classificato-movimenti-e-attivisti-italiani-che-manifestano-per-gaza\/#primaryimage\",\"url\":\"https:\/\/www.pressenza.com\/wp-content\/uploads\/2025\/09\/Netanyahu-LIndipendente.png\",\"contentUrl\":\"https:\/\/www.pressenza.com\/wp-content\/uploads\/2025\/09\/Netanyahu-LIndipendente.png\",\"width\":1000,\"height\":667},{\"@type\":\"BreadcrumbList\",\"@id\":\"https:\/\/www.pressenza.com\/it\/2025\/09\/il-governo-israeliano-ha-classificato-movimenti-e-attivisti-italiani-che-manifestano-per-gaza\/#breadcrumb\",\"itemListElement\":[{\"@type\":\"ListItem\",\"position\":1,\"name\":\"Accueil\",\"item\":\"https:\/\/www.pressenza.com\/it\/\"},{\"@type\":\"ListItem\",\"position\":2,\"name\":\"Il governo israeliano ha classificato movimenti e attivisti italiani che manifestano per Gaza\"}]},{\"@type\":\"WebSite\",\"@id\":\"https:\/\/www.pressenza.com\/it\/#website\",\"url\":\"https:\/\/www.pressenza.com\/it\/\",\"name\":\"Pressenza\",\"description\":\"Agenzia di Stampa Internazionale\",\"publisher\":{\"@id\":\"https:\/\/www.pressenza.com\/it\/#organization\"},\"potentialAction\":[{\"@type\":\"SearchAction\",\"target\":{\"@type\":\"EntryPoint\",\"urlTemplate\":\"https:\/\/www.pressenza.com\/it\/?s={search_term_string}\"},\"query-input\":{\"@type\":\"PropertyValueSpecification\",\"valueRequired\":true,\"valueName\":\"search_term_string\"}}],\"inLanguage\":\"it-IT\"},{\"@type\":\"Organization\",\"@id\":\"https:\/\/www.pressenza.com\/it\/#organization\",\"name\":\"Pressenza\",\"url\":\"https:\/\/www.pressenza.com\/it\/\",\"logo\":{\"@type\":\"ImageObject\",\"inLanguage\":\"it-IT\",\"@id\":\"https:\/\/www.pressenza.com\/it\/#\/schema\/logo\/image\/\",\"url\":\"https:\/\/www.pressenza.com\/wp-content\/uploads\/2022\/10\/pressenza_logo_200x200.jpg\",\"contentUrl\":\"https:\/\/www.pressenza.com\/wp-content\/uploads\/2022\/10\/pressenza_logo_200x200.jpg\",\"width\":200,\"height\":200,\"caption\":\"Pressenza\"},\"image\":{\"@id\":\"https:\/\/www.pressenza.com\/it\/#\/schema\/logo\/image\/\"},\"sameAs\":[\"https:\/\/www.facebook.com\/PressenzaItalia\",\"https:\/\/x.com\/PressenzaIPA\"]},{\"@type\":\"Person\",\"@id\":\"https:\/\/www.pressenza.com\/it\/#\/schema\/person\/310a843582035e4eb98f61c521fd6236\",\"name\":\"L'Indipendente\",\"description\":\"Informazione senza padroni\",\"sameAs\":[\"https:\/\/www.lindipendente.online\/\"],\"url\":\"https:\/\/www.pressenza.com\/it\/author\/lindipendente\/\"}]}<\/script>\n<!-- \/ Yoast SEO plugin. -->","yoast_head_json":{"title":"Il governo israeliano ha classificato movimenti e attivisti italiani che manifestano per Gaza","description":"Il ministero per la Diaspora del governo israeliano ha pubblicato un\u00a0rapporto\u00a0in cui classifica le manifestazioni italiane per lo sciopero generale del 22","robots":{"index":"index","follow":"follow","max-snippet":"max-snippet:-1","max-image-preview":"max-image-preview:large","max-video-preview":"max-video-preview:-1"},"canonical":"https:\/\/www.pressenza.com\/it\/2025\/09\/il-governo-israeliano-ha-classificato-movimenti-e-attivisti-italiani-che-manifestano-per-gaza\/","og_locale":"it_IT","og_type":"article","og_title":"Il governo israeliano ha classificato movimenti e attivisti italiani che manifestano per Gaza","og_description":"Il ministero per la Diaspora del governo israeliano ha pubblicato un\u00a0rapporto\u00a0in cui classifica le manifestazioni italiane per lo sciopero generale del 22","og_url":"https:\/\/www.pressenza.com\/it\/2025\/09\/il-governo-israeliano-ha-classificato-movimenti-e-attivisti-italiani-che-manifestano-per-gaza\/","og_site_name":"Pressenza","article_publisher":"https:\/\/www.facebook.com\/PressenzaItalia","article_published_time":"2025-09-27T09:38:54+00:00","article_modified_time":"2026-01-05T14:58:35+00:00","og_image":[{"width":1000,"height":667,"url":"https:\/\/www.pressenza.com\/wp-content\/uploads\/2025\/09\/Netanyahu-LIndipendente.png","type":"image\/png"}],"author":"L'Indipendente","twitter_card":"summary_large_image","twitter_creator":"@PressenzaIPA","twitter_site":"@PressenzaIPA","twitter_misc":{"Scritto da":"L'Indipendente","Tempo di lettura stimato":"3 minuti"},"schema":{"@context":"https:\/\/schema.org","@graph":[{"@type":"Article","@id":"https:\/\/www.pressenza.com\/it\/2025\/09\/il-governo-israeliano-ha-classificato-movimenti-e-attivisti-italiani-che-manifestano-per-gaza\/#article","isPartOf":{"@id":"https:\/\/www.pressenza.com\/it\/2025\/09\/il-governo-israeliano-ha-classificato-movimenti-e-attivisti-italiani-che-manifestano-per-gaza\/"},"author":{"name":"L'Indipendente","@id":"https:\/\/www.pressenza.com\/it\/#\/schema\/person\/310a843582035e4eb98f61c521fd6236"},"headline":"Il governo israeliano ha classificato movimenti e attivisti italiani che manifestano per Gaza","datePublished":"2025-09-27T09:38:54+00:00","dateModified":"2026-01-05T14:58:35+00:00","mainEntityOfPage":{"@id":"https:\/\/www.pressenza.com\/it\/2025\/09\/il-governo-israeliano-ha-classificato-movimenti-e-attivisti-italiani-che-manifestano-per-gaza\/"},"wordCount":630,"publisher":{"@id":"https:\/\/www.pressenza.com\/it\/#organization"},"image":{"@id":"https:\/\/www.pressenza.com\/it\/2025\/09\/il-governo-israeliano-ha-classificato-movimenti-e-attivisti-italiani-che-manifestano-per-gaza\/#primaryimage"},"thumbnailUrl":"https:\/\/www.pressenza.com\/wp-content\/uploads\/2025\/09\/Netanyahu-LIndipendente.png","keywords":["attivisti classificati","Gaza","genocidio","governo israeliano","Israele","Manifestazioni pro-Pal","movimenti","Netanyahu","Palestina"],"articleSection":["Diritti Umani","Europa","Medio Oriente","Questioni internazionali"],"inLanguage":"it-IT"},{"@type":"WebPage","@id":"https:\/\/www.pressenza.com\/it\/2025\/09\/il-governo-israeliano-ha-classificato-movimenti-e-attivisti-italiani-che-manifestano-per-gaza\/","url":"https:\/\/www.pressenza.com\/it\/2025\/09\/il-governo-israeliano-ha-classificato-movimenti-e-attivisti-italiani-che-manifestano-per-gaza\/","name":"Il governo israeliano ha classificato movimenti e attivisti italiani che manifestano per Gaza","isPartOf":{"@id":"https:\/\/www.pressenza.com\/it\/#website"},"primaryImageOfPage":{"@id":"https:\/\/www.pressenza.com\/it\/2025\/09\/il-governo-israeliano-ha-classificato-movimenti-e-attivisti-italiani-che-manifestano-per-gaza\/#primaryimage"},"image":{"@id":"https:\/\/www.pressenza.com\/it\/2025\/09\/il-governo-israeliano-ha-classificato-movimenti-e-attivisti-italiani-che-manifestano-per-gaza\/#primaryimage"},"thumbnailUrl":"https:\/\/www.pressenza.com\/wp-content\/uploads\/2025\/09\/Netanyahu-LIndipendente.png","datePublished":"2025-09-27T09:38:54+00:00","dateModified":"2026-01-05T14:58:35+00:00","description":"Il ministero per la Diaspora del governo israeliano ha pubblicato un\u00a0rapporto\u00a0in cui classifica le manifestazioni italiane per lo sciopero generale del 22","breadcrumb":{"@id":"https:\/\/www.pressenza.com\/it\/2025\/09\/il-governo-israeliano-ha-classificato-movimenti-e-attivisti-italiani-che-manifestano-per-gaza\/#breadcrumb"},"inLanguage":"it-IT","potentialAction":[{"@type":"ReadAction","target":["https:\/\/www.pressenza.com\/it\/2025\/09\/il-governo-israeliano-ha-classificato-movimenti-e-attivisti-italiani-che-manifestano-per-gaza\/"]}]},{"@type":"ImageObject","inLanguage":"it-IT","@id":"https:\/\/www.pressenza.com\/it\/2025\/09\/il-governo-israeliano-ha-classificato-movimenti-e-attivisti-italiani-che-manifestano-per-gaza\/#primaryimage","url":"https:\/\/www.pressenza.com\/wp-content\/uploads\/2025\/09\/Netanyahu-LIndipendente.png","contentUrl":"https:\/\/www.pressenza.com\/wp-content\/uploads\/2025\/09\/Netanyahu-LIndipendente.png","width":1000,"height":667},{"@type":"BreadcrumbList","@id":"https:\/\/www.pressenza.com\/it\/2025\/09\/il-governo-israeliano-ha-classificato-movimenti-e-attivisti-italiani-che-manifestano-per-gaza\/#breadcrumb","itemListElement":[{"@type":"ListItem","position":1,"name":"Accueil","item":"https:\/\/www.pressenza.com\/it\/"},{"@type":"ListItem","position":2,"name":"Il governo israeliano ha classificato movimenti e attivisti italiani che manifestano per Gaza"}]},{"@type":"WebSite","@id":"https:\/\/www.pressenza.com\/it\/#website","url":"https:\/\/www.pressenza.com\/it\/","name":"Pressenza","description":"Agenzia di Stampa Internazionale","publisher":{"@id":"https:\/\/www.pressenza.com\/it\/#organization"},"potentialAction":[{"@type":"SearchAction","target":{"@type":"EntryPoint","urlTemplate":"https:\/\/www.pressenza.com\/it\/?s={search_term_string}"},"query-input":{"@type":"PropertyValueSpecification","valueRequired":true,"valueName":"search_term_string"}}],"inLanguage":"it-IT"},{"@type":"Organization","@id":"https:\/\/www.pressenza.com\/it\/#organization","name":"Pressenza","url":"https:\/\/www.pressenza.com\/it\/","logo":{"@type":"ImageObject","inLanguage":"it-IT","@id":"https:\/\/www.pressenza.com\/it\/#\/schema\/logo\/image\/","url":"https:\/\/www.pressenza.com\/wp-content\/uploads\/2022\/10\/pressenza_logo_200x200.jpg","contentUrl":"https:\/\/www.pressenza.com\/wp-content\/uploads\/2022\/10\/pressenza_logo_200x200.jpg","width":200,"height":200,"caption":"Pressenza"},"image":{"@id":"https:\/\/www.pressenza.com\/it\/#\/schema\/logo\/image\/"},"sameAs":["https:\/\/www.facebook.com\/PressenzaItalia","https:\/\/x.com\/PressenzaIPA"]},{"@type":"Person","@id":"https:\/\/www.pressenza.com\/it\/#\/schema\/person\/310a843582035e4eb98f61c521fd6236","name":"L'Indipendente","description":"Informazione senza padroni","sameAs":["https:\/\/www.lindipendente.online\/"],"url":"https:\/\/www.pressenza.com\/it\/author\/lindipendente\/"}]}},"place":"","original_article_url":"https:\/\/www.lindipendente.online\/2025\/09\/25\/il-governo-israeliano-ha-classificato-movimenti-e-attivisti-italiani-che-manifestano-per-gaza\/","_links":{"self":[{"href":"https:\/\/www.pressenza.com\/it\/wp-json\/wp\/v2\/posts\/2639369","targetHints":{"allow":["GET"]}}],"collection":[{"href":"https:\/\/www.pressenza.com\/it\/wp-json\/wp\/v2\/posts"}],"about":[{"href":"https:\/\/www.pressenza.com\/it\/wp-json\/wp\/v2\/types\/post"}],"author":[{"embeddable":true,"href":"https:\/\/www.pressenza.com\/it\/wp-json\/wp\/v2\/users\/2207"}],"replies":[{"embeddable":true,"href":"https:\/\/www.pressenza.com\/it\/wp-json\/wp\/v2\/comments?post=2639369"}],"version-history":[{"count":1,"href":"https:\/\/www.pressenza.com\/it\/wp-json\/wp\/v2\/posts\/2639369\/revisions"}],"predecessor-version":[{"id":2639374,"href":"https:\/\/www.pressenza.com\/it\/wp-json\/wp\/v2\/posts\/2639369\/revisions\/2639374"}],"wp:featuredmedia":[{"embeddable":true,"href":"https:\/\/www.pressenza.com\/it\/wp-json\/wp\/v2\/media\/2639371"}],"wp:attachment":[{"href":"https:\/\/www.pressenza.com\/it\/wp-json\/wp\/v2\/media?parent=2639369"}],"wp:term":[{"taxonomy":"category","embeddable":true,"href":"https:\/\/www.pressenza.com\/it\/wp-json\/wp\/v2\/categories?post=2639369"},{"taxonomy":"post_tag","embeddable":true,"href":"https:\/\/www.pressenza.com\/it\/wp-json\/wp\/v2\/tags?post=2639369"}],"curies":[{"name":"wp","href":"https:\/\/api.w.org\/{rel}","templated":true}]}}