{"id":2639153,"date":"2025-09-26T14:17:10","date_gmt":"2025-09-26T13:17:10","guid":{"rendered":"https:\/\/www.pressenza.com\/?p=2639153"},"modified":"2025-09-26T14:22:58","modified_gmt":"2025-09-26T13:22:58","slug":"petrov-day-for-palestine-a-trieste","status":"publish","type":"post","link":"https:\/\/www.pressenza.com\/it\/2025\/09\/petrov-day-for-palestine-a-trieste\/","title":{"rendered":"Petrov Day for Palestine a Trieste"},"content":{"rendered":"<p><em>Custodiamo la memoria di un eroe non abbastanza conosciuto, che salv\u00f2 il mondo dalla distruzione nucleare, e rafforziamo la lotta per Gaza<\/em><\/p>\n<p>Questo pomeriggio a Trieste, nel \u201cKako di Nagasaki\u201d \u2014 uno spazio nel parco di San Giovanni, presso lo studio che fu di Franco Basaglia in via Costantinides \u2014 si terr\u00e0 il Petrov Day for Palestine, in corrispondenza della Giornata ONU del Trattato di Proibizione delle Armi Nucleari.<\/p>\n<p>L\u2019iniziativa si inserisce nella campagna per una Nuclear Free Zone nel Mediterraneo e nel Medio Oriente. In caso di maltempo, l\u2019evento si svolger\u00e0 sotto i portici nella parte alta del parco, vicino alla chiesa.<\/p>\n<p>La scelta del \u201cKako di Nagasaki\u201d non \u00e8 casuale: questo spazio trae il nome da un albero sopravvissuto all\u2019orrore del bombardamento atomico americano su Nagasaki nel 1945, ed \u00e8 carico di una memoria che lega il disastro nucleare giapponese alla denuncia della guerra e della minaccia atomica globale.<\/p>\n<p>L\u2019incontro musicale e performativo vedr\u00e0 la partecipazione di artisti impegnati da tempo su temi di pace e giustizia: Alejandro Fernandez, che ha composto canzoni contro la fabbrica di droni Leonardo di Ronchi e per la Palestina; Nicola Spanghero, che presenter\u00e0 la sua tesi sullo scoppio di una bomba nucleare nella base di Aviano; e Silvia Marinkovi\u0107, che eseguir\u00e0 al flauto barocco la Pavane \u201cLacrymae\u201d di Jacob van Eyck.<\/p>\n<p>L\u2019associazione Tavola Pace FVG esporr\u00e0 una proposta di denuclearizzazione del Golfo, area che ospita i porti militari di Trieste e Capodistria. L\u2019idea \u00e8 quella di richiamarsi al Trattato di Pace che istitu\u00ec la smilitarizzazione e la neutralit\u00e0 del territorio italiano, mettendo in relazione queste istanze con il nuovo Trattato ONU di Proibizione delle Armi Nucleari.<\/p>\n<p>L\u2019evento \u00e8 promosso a sostegno della Global Sumud Flotilla per Gaza \u2014 gi\u00e0 oggetto di pesanti attacchi \u2014 ed \u00e8 dedicato al colonnello sovietico Stanislav Petrov, l\u2019uomo che nel 1983, rimanendo calmo di fronte a segnali radar che avrebbero potuto giustificare un attacco nucleare di rappresaglia, scelse di aspettare conferme invece di lanciare una contromisura automatica, salvando il mondo da una possibile escalation nucleare.<\/p>\n<p><strong>Chi era Stanislav Petrov, l\u2019uomo che salv\u00f2 il mondo<\/strong><br \/>\nLa notte del 26 settembre 1983 il mondo fu a un passo dall\u2019olocausto nucleare. In piena Guerra Fredda, mentre le tensioni tra Stati Uniti e Unione Sovietica erano altissime, il sistema radar sovietico Oko lanci\u00f2 un allarme: i computer segnalavano il lancio di missili balistici intercontinentali dagli Stati Uniti contro l\u2019URSS. Secondo i protocolli militari, quella segnalazione avrebbe dovuto portare a una risposta immediata e devastante, scatenando una guerra atomica senza ritorno.<\/p>\n<p>In quella sala operativa, per\u00f2, c\u2019era un uomo che decise di non fidarsi ciecamente delle macchine. Si chiamava Stanislav Yevgrafovich Petrov, colonnello della difesa aerea sovietica. Nato nel 1939 nella regione di Vladivostok, Petrov era un ufficiale metodico, abituato a ragionare con lucidit\u00e0. Di fronte a quei segnali, che mostravano l\u2019arrivo di cinque missili americani, scelse di attendere. \u201cUn vero attacco nucleare non avrebbe avuto questa portata \u2014 pens\u00f2 \u2014 gli Stati Uniti non si sarebbero limitati a lanciare pochi ordigni, ma avrebbero scatenato una pioggia di missili\u201d.<\/p>\n<p>La sua intuizione si rivel\u00f2 corretta: era un falso allarme, causato da un errore del satellite che aveva interpretato il riflesso del sole sulle nuvole come un lancio di missili. Se Petrov avesse seguito le procedure senza dubitare, la storia del mondo sarebbe stata segnata da una catastrofe senza precedenti.<\/p>\n<p>Per anni la sua vicenda rimase avvolta nel silenzio dei segreti militari sovietici. Solo dopo il crollo dell\u2019URSS, nel 1998, la sua storia fu resa pubblica. Da allora, Petrov \u00e8 stato riconosciuto come \u201cl\u2019uomo che salv\u00f2 il mondo\u201d, insignito di premi internazionali come il World Citizen Award e celebrato in documentari e film. Nonostante questi riconoscimenti, visse in condizioni modeste fino alla morte, avvenuta nel 2017, quasi dimenticato nel suo Paese.<\/p>\n<p>La grandezza di Petrov non sta solo nel gesto tecnico di valutare un falso positivo, ma nel coraggio morale di assumersi la responsabilit\u00e0 personale in un sistema militare dove obbedire ciecamente agli ordini era la regola. La sua scelta dimostr\u00f2 che, anche nei momenti pi\u00f9 bui della storia, il destino del mondo pu\u00f2 dipendere dalla coscienza di un singolo uomo.<\/p>\n<p><strong>L\u2019urgenza di enti internazionali per il Controllo delle Armi<\/strong><br \/>\nAnche se il gesto non venne pubblicizzato nei decenni successivi, Petrov \u00e8 oggi celebrato come \u201cl\u2019uomo che salv\u00f2 il mondo\u201d, simbolo della responsabilit\u00e0 individuale nel sistema nucleare globale.<\/p>\n<p>Ed oggi il \u201cPetrov Day for Palestine\u201d si propone come momento emblematico: non solo ricordare un gesto coraggioso che evit\u00f2 l\u2019apocalisse, ma collegare quella memoria ai temi urgenti della contemporaneit\u00e0 \u2014 la guerra, il rischio nucleare, le sofferenze a Gaza, la necessit\u00e0 di zone libere da atomiche nel Mediterraneo.<\/p>\n<p>L\u2019appello \u00e8 a rendere concreto il simbolo: che la memoria di Petrov non resti un mito da celebrazione, ma diventi stimolo per politiche vere di disarmo, neutralit\u00e0 e sostegno ai popoli colpiti dalla guerra. Nel parco Basaglia, tra note musicali e parole, si intrecceranno memoria storica e presente doloroso, per costruire un ponte tra il silenzio che salv\u00f2 il mondo e le urla che chiedono giustizia oggi.<\/p>\n<p><em>Nella foto: Ritratto artistico di Stanislav Petrov, il colonnello sovietico che nel 1983 evit\u00f2 la catastrofe nucleare, raffigurato tra simboli di guerra e distruzione. Il suo volto emerge come monito di coscienza e responsabilit\u00e0 umana di fronte alla follia atomica.<\/em><\/p>\n","protected":false},"excerpt":{"rendered":"<p>Custodiamo la memoria di un eroe non abbastanza conosciuto, che salv\u00f2 il mondo dalla distruzione nucleare, e rafforziamo la lotta per Gaza Questo pomeriggio a Trieste, nel \u201cKako di Nagasaki\u201d \u2014 uno spazio nel parco di San Giovanni, presso lo&hellip;<\/p>\n","protected":false},"author":535,"featured_media":2639154,"comment_status":"closed","ping_status":"closed","sticky":false,"template":"","format":"standard","meta":{"footnotes":""},"categories":[11388,52,1262,1263],"tags":[139558,143447,81440],"class_list":["post-2639153","post","type-post","status-publish","format-standard","has-post-thumbnail","hentry","category-contenuti-originali","category-medio-oriente","category-nonviolenza-argomento","category-pace-disarmo","tag-global-sumud-flotilla","tag-parco-basaglia-a-trieste","tag-stanislav-petrov-it"],"yoast_head":"<!-- This site is optimized with the Yoast SEO plugin v27.1.1 - https:\/\/yoast.com\/product\/yoast-seo-wordpress\/ -->\n<title>Petrov Day for Palestine a Trieste<\/title>\n<meta name=\"description\" content=\"Custodiamo la memoria di un eroe non abbastanza conosciuto, che salv\u00f2 il mondo dalla distruzione nucleare, e rafforziamo la lotta per Gaza Questo\" \/>\n<meta name=\"robots\" content=\"index, follow, max-snippet:-1, max-image-preview:large, max-video-preview:-1\" \/>\n<link rel=\"canonical\" href=\"https:\/\/www.pressenza.com\/it\/2025\/09\/petrov-day-for-palestine-a-trieste\/\" \/>\n<meta property=\"og:locale\" content=\"it_IT\" \/>\n<meta property=\"og:type\" content=\"article\" \/>\n<meta property=\"og:title\" content=\"Petrov Day for Palestine a Trieste\" \/>\n<meta property=\"og:description\" content=\"Custodiamo la memoria di un eroe non abbastanza conosciuto, che salv\u00f2 il mondo dalla distruzione nucleare, e rafforziamo la lotta per Gaza Questo\" \/>\n<meta property=\"og:url\" content=\"https:\/\/www.pressenza.com\/it\/2025\/09\/petrov-day-for-palestine-a-trieste\/\" \/>\n<meta property=\"og:site_name\" content=\"Pressenza\" \/>\n<meta property=\"article:publisher\" content=\"https:\/\/www.facebook.com\/PressenzaItalia\" \/>\n<meta property=\"article:published_time\" content=\"2025-09-26T13:17:10+00:00\" \/>\n<meta property=\"article:modified_time\" content=\"2025-09-26T13:22:58+00:00\" \/>\n<meta property=\"og:image\" content=\"https:\/\/www.pressenza.com\/wp-content\/uploads\/2025\/09\/4719363-HSC00001-7-696x677-1.jpg\" \/>\n\t<meta property=\"og:image:width\" content=\"696\" \/>\n\t<meta property=\"og:image:height\" content=\"677\" \/>\n\t<meta property=\"og:image:type\" content=\"image\/jpeg\" \/>\n<meta name=\"author\" content=\"Laura Tussi\" \/>\n<meta name=\"twitter:card\" content=\"summary_large_image\" \/>\n<meta name=\"twitter:creator\" content=\"@PressenzaIPA\" \/>\n<meta name=\"twitter:site\" content=\"@PressenzaIPA\" \/>\n<meta name=\"twitter:label1\" content=\"Scritto da\" \/>\n\t<meta name=\"twitter:data1\" content=\"Laura Tussi\" \/>\n\t<meta name=\"twitter:label2\" content=\"Tempo di lettura stimato\" \/>\n\t<meta name=\"twitter:data2\" content=\"5 minuti\" \/>\n<script type=\"application\/ld+json\" class=\"yoast-schema-graph\">{\"@context\":\"https:\/\/schema.org\",\"@graph\":[{\"@type\":\"Article\",\"@id\":\"https:\/\/www.pressenza.com\/it\/2025\/09\/petrov-day-for-palestine-a-trieste\/#article\",\"isPartOf\":{\"@id\":\"https:\/\/www.pressenza.com\/it\/2025\/09\/petrov-day-for-palestine-a-trieste\/\"},\"author\":{\"name\":\"Laura Tussi\",\"@id\":\"https:\/\/www.pressenza.com\/it\/#\/schema\/person\/4c966fac98e44f3bbd881d8e837f60da\"},\"headline\":\"Petrov Day for Palestine a Trieste\",\"datePublished\":\"2025-09-26T13:17:10+00:00\",\"dateModified\":\"2025-09-26T13:22:58+00:00\",\"mainEntityOfPage\":{\"@id\":\"https:\/\/www.pressenza.com\/it\/2025\/09\/petrov-day-for-palestine-a-trieste\/\"},\"wordCount\":883,\"publisher\":{\"@id\":\"https:\/\/www.pressenza.com\/it\/#organization\"},\"image\":{\"@id\":\"https:\/\/www.pressenza.com\/it\/2025\/09\/petrov-day-for-palestine-a-trieste\/#primaryimage\"},\"thumbnailUrl\":\"https:\/\/www.pressenza.com\/wp-content\/uploads\/2025\/09\/4719363-HSC00001-7-696x677-1.jpg\",\"keywords\":[\"Global Sumud Flotilla\",\"parco Basaglia a Trieste\",\"Stanislav Petrov\"],\"articleSection\":[\"contenuti originali\",\"Medio Oriente\",\"Nonviolenza\",\"Pace e Disarmo\"],\"inLanguage\":\"it-IT\"},{\"@type\":\"WebPage\",\"@id\":\"https:\/\/www.pressenza.com\/it\/2025\/09\/petrov-day-for-palestine-a-trieste\/\",\"url\":\"https:\/\/www.pressenza.com\/it\/2025\/09\/petrov-day-for-palestine-a-trieste\/\",\"name\":\"Petrov Day for Palestine a Trieste\",\"isPartOf\":{\"@id\":\"https:\/\/www.pressenza.com\/it\/#website\"},\"primaryImageOfPage\":{\"@id\":\"https:\/\/www.pressenza.com\/it\/2025\/09\/petrov-day-for-palestine-a-trieste\/#primaryimage\"},\"image\":{\"@id\":\"https:\/\/www.pressenza.com\/it\/2025\/09\/petrov-day-for-palestine-a-trieste\/#primaryimage\"},\"thumbnailUrl\":\"https:\/\/www.pressenza.com\/wp-content\/uploads\/2025\/09\/4719363-HSC00001-7-696x677-1.jpg\",\"datePublished\":\"2025-09-26T13:17:10+00:00\",\"dateModified\":\"2025-09-26T13:22:58+00:00\",\"description\":\"Custodiamo la memoria di un eroe non abbastanza conosciuto, che salv\u00f2 il mondo dalla distruzione nucleare, e rafforziamo la lotta per Gaza Questo\",\"breadcrumb\":{\"@id\":\"https:\/\/www.pressenza.com\/it\/2025\/09\/petrov-day-for-palestine-a-trieste\/#breadcrumb\"},\"inLanguage\":\"it-IT\",\"potentialAction\":[{\"@type\":\"ReadAction\",\"target\":[\"https:\/\/www.pressenza.com\/it\/2025\/09\/petrov-day-for-palestine-a-trieste\/\"]}]},{\"@type\":\"ImageObject\",\"inLanguage\":\"it-IT\",\"@id\":\"https:\/\/www.pressenza.com\/it\/2025\/09\/petrov-day-for-palestine-a-trieste\/#primaryimage\",\"url\":\"https:\/\/www.pressenza.com\/wp-content\/uploads\/2025\/09\/4719363-HSC00001-7-696x677-1.jpg\",\"contentUrl\":\"https:\/\/www.pressenza.com\/wp-content\/uploads\/2025\/09\/4719363-HSC00001-7-696x677-1.jpg\",\"width\":696,\"height\":677,\"caption\":\"ritratto di Stanislav Petrov\"},{\"@type\":\"BreadcrumbList\",\"@id\":\"https:\/\/www.pressenza.com\/it\/2025\/09\/petrov-day-for-palestine-a-trieste\/#breadcrumb\",\"itemListElement\":[{\"@type\":\"ListItem\",\"position\":1,\"name\":\"Accueil\",\"item\":\"https:\/\/www.pressenza.com\/it\/\"},{\"@type\":\"ListItem\",\"position\":2,\"name\":\"Petrov Day for Palestine a Trieste\"}]},{\"@type\":\"WebSite\",\"@id\":\"https:\/\/www.pressenza.com\/it\/#website\",\"url\":\"https:\/\/www.pressenza.com\/it\/\",\"name\":\"Pressenza\",\"description\":\"Agenzia di Stampa Internazionale\",\"publisher\":{\"@id\":\"https:\/\/www.pressenza.com\/it\/#organization\"},\"potentialAction\":[{\"@type\":\"SearchAction\",\"target\":{\"@type\":\"EntryPoint\",\"urlTemplate\":\"https:\/\/www.pressenza.com\/it\/?s={search_term_string}\"},\"query-input\":{\"@type\":\"PropertyValueSpecification\",\"valueRequired\":true,\"valueName\":\"search_term_string\"}}],\"inLanguage\":\"it-IT\"},{\"@type\":\"Organization\",\"@id\":\"https:\/\/www.pressenza.com\/it\/#organization\",\"name\":\"Pressenza\",\"url\":\"https:\/\/www.pressenza.com\/it\/\",\"logo\":{\"@type\":\"ImageObject\",\"inLanguage\":\"it-IT\",\"@id\":\"https:\/\/www.pressenza.com\/it\/#\/schema\/logo\/image\/\",\"url\":\"https:\/\/www.pressenza.com\/wp-content\/uploads\/2022\/10\/pressenza_logo_200x200.jpg\",\"contentUrl\":\"https:\/\/www.pressenza.com\/wp-content\/uploads\/2022\/10\/pressenza_logo_200x200.jpg\",\"width\":200,\"height\":200,\"caption\":\"Pressenza\"},\"image\":{\"@id\":\"https:\/\/www.pressenza.com\/it\/#\/schema\/logo\/image\/\"},\"sameAs\":[\"https:\/\/www.facebook.com\/PressenzaItalia\",\"https:\/\/x.com\/PressenzaIPA\"]},{\"@type\":\"Person\",\"@id\":\"https:\/\/www.pressenza.com\/it\/#\/schema\/person\/4c966fac98e44f3bbd881d8e837f60da\",\"name\":\"Laura Tussi\",\"description\":\"Docente, giornalista e ricercatrice, si occupa di pedagogia nonviolenta e interculturale. Ha conseguito cinque lauree specialistiche in formazione degli adulti e consulenza pedagogica nell'ambito delle scienze della formazione e dell'educazione.\",\"url\":\"https:\/\/www.pressenza.com\/it\/author\/laura-tussi\/\"}]}<\/script>\n<!-- \/ Yoast SEO plugin. -->","yoast_head_json":{"title":"Petrov Day for Palestine a Trieste","description":"Custodiamo la memoria di un eroe non abbastanza conosciuto, che salv\u00f2 il mondo dalla distruzione nucleare, e rafforziamo la lotta per Gaza Questo","robots":{"index":"index","follow":"follow","max-snippet":"max-snippet:-1","max-image-preview":"max-image-preview:large","max-video-preview":"max-video-preview:-1"},"canonical":"https:\/\/www.pressenza.com\/it\/2025\/09\/petrov-day-for-palestine-a-trieste\/","og_locale":"it_IT","og_type":"article","og_title":"Petrov Day for Palestine a Trieste","og_description":"Custodiamo la memoria di un eroe non abbastanza conosciuto, che salv\u00f2 il mondo dalla distruzione nucleare, e rafforziamo la lotta per Gaza Questo","og_url":"https:\/\/www.pressenza.com\/it\/2025\/09\/petrov-day-for-palestine-a-trieste\/","og_site_name":"Pressenza","article_publisher":"https:\/\/www.facebook.com\/PressenzaItalia","article_published_time":"2025-09-26T13:17:10+00:00","article_modified_time":"2025-09-26T13:22:58+00:00","og_image":[{"width":696,"height":677,"url":"https:\/\/www.pressenza.com\/wp-content\/uploads\/2025\/09\/4719363-HSC00001-7-696x677-1.jpg","type":"image\/jpeg"}],"author":"Laura Tussi","twitter_card":"summary_large_image","twitter_creator":"@PressenzaIPA","twitter_site":"@PressenzaIPA","twitter_misc":{"Scritto da":"Laura Tussi","Tempo di lettura stimato":"5 minuti"},"schema":{"@context":"https:\/\/schema.org","@graph":[{"@type":"Article","@id":"https:\/\/www.pressenza.com\/it\/2025\/09\/petrov-day-for-palestine-a-trieste\/#article","isPartOf":{"@id":"https:\/\/www.pressenza.com\/it\/2025\/09\/petrov-day-for-palestine-a-trieste\/"},"author":{"name":"Laura Tussi","@id":"https:\/\/www.pressenza.com\/it\/#\/schema\/person\/4c966fac98e44f3bbd881d8e837f60da"},"headline":"Petrov Day for Palestine a Trieste","datePublished":"2025-09-26T13:17:10+00:00","dateModified":"2025-09-26T13:22:58+00:00","mainEntityOfPage":{"@id":"https:\/\/www.pressenza.com\/it\/2025\/09\/petrov-day-for-palestine-a-trieste\/"},"wordCount":883,"publisher":{"@id":"https:\/\/www.pressenza.com\/it\/#organization"},"image":{"@id":"https:\/\/www.pressenza.com\/it\/2025\/09\/petrov-day-for-palestine-a-trieste\/#primaryimage"},"thumbnailUrl":"https:\/\/www.pressenza.com\/wp-content\/uploads\/2025\/09\/4719363-HSC00001-7-696x677-1.jpg","keywords":["Global Sumud Flotilla","parco Basaglia a Trieste","Stanislav Petrov"],"articleSection":["contenuti originali","Medio Oriente","Nonviolenza","Pace e Disarmo"],"inLanguage":"it-IT"},{"@type":"WebPage","@id":"https:\/\/www.pressenza.com\/it\/2025\/09\/petrov-day-for-palestine-a-trieste\/","url":"https:\/\/www.pressenza.com\/it\/2025\/09\/petrov-day-for-palestine-a-trieste\/","name":"Petrov Day for Palestine a Trieste","isPartOf":{"@id":"https:\/\/www.pressenza.com\/it\/#website"},"primaryImageOfPage":{"@id":"https:\/\/www.pressenza.com\/it\/2025\/09\/petrov-day-for-palestine-a-trieste\/#primaryimage"},"image":{"@id":"https:\/\/www.pressenza.com\/it\/2025\/09\/petrov-day-for-palestine-a-trieste\/#primaryimage"},"thumbnailUrl":"https:\/\/www.pressenza.com\/wp-content\/uploads\/2025\/09\/4719363-HSC00001-7-696x677-1.jpg","datePublished":"2025-09-26T13:17:10+00:00","dateModified":"2025-09-26T13:22:58+00:00","description":"Custodiamo la memoria di un eroe non abbastanza conosciuto, che salv\u00f2 il mondo dalla distruzione nucleare, e rafforziamo la lotta per Gaza Questo","breadcrumb":{"@id":"https:\/\/www.pressenza.com\/it\/2025\/09\/petrov-day-for-palestine-a-trieste\/#breadcrumb"},"inLanguage":"it-IT","potentialAction":[{"@type":"ReadAction","target":["https:\/\/www.pressenza.com\/it\/2025\/09\/petrov-day-for-palestine-a-trieste\/"]}]},{"@type":"ImageObject","inLanguage":"it-IT","@id":"https:\/\/www.pressenza.com\/it\/2025\/09\/petrov-day-for-palestine-a-trieste\/#primaryimage","url":"https:\/\/www.pressenza.com\/wp-content\/uploads\/2025\/09\/4719363-HSC00001-7-696x677-1.jpg","contentUrl":"https:\/\/www.pressenza.com\/wp-content\/uploads\/2025\/09\/4719363-HSC00001-7-696x677-1.jpg","width":696,"height":677,"caption":"ritratto di Stanislav Petrov"},{"@type":"BreadcrumbList","@id":"https:\/\/www.pressenza.com\/it\/2025\/09\/petrov-day-for-palestine-a-trieste\/#breadcrumb","itemListElement":[{"@type":"ListItem","position":1,"name":"Accueil","item":"https:\/\/www.pressenza.com\/it\/"},{"@type":"ListItem","position":2,"name":"Petrov Day for Palestine a Trieste"}]},{"@type":"WebSite","@id":"https:\/\/www.pressenza.com\/it\/#website","url":"https:\/\/www.pressenza.com\/it\/","name":"Pressenza","description":"Agenzia di Stampa Internazionale","publisher":{"@id":"https:\/\/www.pressenza.com\/it\/#organization"},"potentialAction":[{"@type":"SearchAction","target":{"@type":"EntryPoint","urlTemplate":"https:\/\/www.pressenza.com\/it\/?s={search_term_string}"},"query-input":{"@type":"PropertyValueSpecification","valueRequired":true,"valueName":"search_term_string"}}],"inLanguage":"it-IT"},{"@type":"Organization","@id":"https:\/\/www.pressenza.com\/it\/#organization","name":"Pressenza","url":"https:\/\/www.pressenza.com\/it\/","logo":{"@type":"ImageObject","inLanguage":"it-IT","@id":"https:\/\/www.pressenza.com\/it\/#\/schema\/logo\/image\/","url":"https:\/\/www.pressenza.com\/wp-content\/uploads\/2022\/10\/pressenza_logo_200x200.jpg","contentUrl":"https:\/\/www.pressenza.com\/wp-content\/uploads\/2022\/10\/pressenza_logo_200x200.jpg","width":200,"height":200,"caption":"Pressenza"},"image":{"@id":"https:\/\/www.pressenza.com\/it\/#\/schema\/logo\/image\/"},"sameAs":["https:\/\/www.facebook.com\/PressenzaItalia","https:\/\/x.com\/PressenzaIPA"]},{"@type":"Person","@id":"https:\/\/www.pressenza.com\/it\/#\/schema\/person\/4c966fac98e44f3bbd881d8e837f60da","name":"Laura Tussi","description":"Docente, giornalista e ricercatrice, si occupa di pedagogia nonviolenta e interculturale. Ha conseguito cinque lauree specialistiche in formazione degli adulti e consulenza pedagogica nell'ambito delle scienze della formazione e dell'educazione.","url":"https:\/\/www.pressenza.com\/it\/author\/laura-tussi\/"}]}},"place":"","original_article_url":"","_links":{"self":[{"href":"https:\/\/www.pressenza.com\/it\/wp-json\/wp\/v2\/posts\/2639153","targetHints":{"allow":["GET"]}}],"collection":[{"href":"https:\/\/www.pressenza.com\/it\/wp-json\/wp\/v2\/posts"}],"about":[{"href":"https:\/\/www.pressenza.com\/it\/wp-json\/wp\/v2\/types\/post"}],"author":[{"embeddable":true,"href":"https:\/\/www.pressenza.com\/it\/wp-json\/wp\/v2\/users\/535"}],"replies":[{"embeddable":true,"href":"https:\/\/www.pressenza.com\/it\/wp-json\/wp\/v2\/comments?post=2639153"}],"version-history":[{"count":1,"href":"https:\/\/www.pressenza.com\/it\/wp-json\/wp\/v2\/posts\/2639153\/revisions"}],"predecessor-version":[{"id":2639155,"href":"https:\/\/www.pressenza.com\/it\/wp-json\/wp\/v2\/posts\/2639153\/revisions\/2639155"}],"wp:featuredmedia":[{"embeddable":true,"href":"https:\/\/www.pressenza.com\/it\/wp-json\/wp\/v2\/media\/2639154"}],"wp:attachment":[{"href":"https:\/\/www.pressenza.com\/it\/wp-json\/wp\/v2\/media?parent=2639153"}],"wp:term":[{"taxonomy":"category","embeddable":true,"href":"https:\/\/www.pressenza.com\/it\/wp-json\/wp\/v2\/categories?post=2639153"},{"taxonomy":"post_tag","embeddable":true,"href":"https:\/\/www.pressenza.com\/it\/wp-json\/wp\/v2\/tags?post=2639153"}],"curies":[{"name":"wp","href":"https:\/\/api.w.org\/{rel}","templated":true}]}}