{"id":2638451,"date":"2025-09-24T07:47:25","date_gmt":"2025-09-24T06:47:25","guid":{"rendered":"https:\/\/www.pressenza.com\/?p=2638451"},"modified":"2025-09-24T07:47:25","modified_gmt":"2025-09-24T06:47:25","slug":"attacco-alla-sumud-flotilla-il-diario-di-irene-a-bordo-di-selvaggia","status":"publish","type":"post","link":"https:\/\/www.pressenza.com\/it\/2025\/09\/attacco-alla-sumud-flotilla-il-diario-di-irene-a-bordo-di-selvaggia\/","title":{"rendered":"Attacco alla Sumud Flotilla: il diario di Irene a bordo di Selvaggia"},"content":{"rendered":"<p><em><span style=\"font-weight: 400;\">Questo \u00e8 il diario di Irene di Bologna, attivista imbarcata con altre sei compagne internazionali nella barca a vela Selvaggia, nella Global Sumud Flotilla (51 imbarcazioni) in rotta per rompere l&#8217;assedio di Gaza e portare aiuti umanitari alla popolazione stremata di Gaza. Proprio questa notte, nelle acque internazionali al largo di Creta, ci sono state forte esplosioni e lancio di sostanze urticanti, dopo giorni di sorvolo da parte di droni non identificati, e dopo il danneggiamento di alcune imbarcazioni con droni incendiari nelle acque di Tunisi.\u00a0<\/span><\/em><\/p>\n<p>&nbsp;<\/p>\n<p><strong>18 settembre 2025\u00a0<\/strong><\/p>\n<p><span style=\"font-weight: 400;\">Mi sento come se fossi qui da sempre. il tempo mi sfugge dalle mani, e non conto i giorni.<\/span><\/p>\n<p><span style=\"font-weight: 400;\">Forse questa follia \u00e8 pi\u00f9 grande di me, ho paura di non saperla contenere.\u00a0<\/span><\/p>\n<p><span style=\"font-weight: 400;\">Nonostante questo sento una grande pace nel cuore, e questo mi porta a pensare che sto facendo la cosa giusta, nonostante i deliri della gente e i ritardi accumulati, il sorriso alterato, una dubbia alimentazione, l\u2019appiccicume che mi sento addosso, e so che mi porter\u00f2 dietro fino alla fine di questa missione, gli scleri della gente e ancora potrei dirne. Nella mia vita ne ho avute parecchie di avventure da scappata di casa, ma questa le supera tutte, anche perch\u00e9 dall\u2019altra parte non sappiamo cosa ci aspetta. Ci provano a raccontare le cose, ma non ci sono precedenti come questo e sento che non sono sola ad avere paura e ad essere incosciente a dire comunque andiamo. Il mare mi aiuta a sentirmi calma, e tutta la gente a terra che sostiene il movimento ci fa sentire pi\u00f9 protetti e sostenuti che mai. Mi \u00e8 capitato in questi giorni di leggere alcuni articoli che parlavano della GSF in maniera fuorviante, e offensiva. Penso che non sappiano cosa ci sia dietro e di quanto sia difficile praticare atti di democrazia dal basso. Non che non ci siano certe falle, ma cosa si pu\u00f2 pretendere da chi mescola per la prima volta dopo tanto tempo la politica con il mare? Che comunque ha i suoi tempi e va rispettato, anche perch\u00e9 bisogna fare i conti con il tempo, e quello non guarda in faccia a nessuno. Noi sulla nostra Selvaggia di sole donne, ci sentiamo pronte, e protette. Il mantra \u00e8 rivolto alla Palestina, e a tutto quello che sta succedendo\u00a0 mentre siamo qui. Anche questo ha sicuramente influenzato gli umori, tra gli equipaggi, ma arriveremo a rompere l\u2019assedio israeliano e porteremo un po\u2019 di speranza.\u00a0<\/span><\/p>\n<p><span style=\"font-weight: 400;\">Irene, barca Selvaggia<\/span><\/p>\n<p>&nbsp;<\/p>\n<p><strong>19 settembre<\/strong><\/p>\n<p><span style=\"font-weight: 400;\">Sono molto stanca ma prover\u00f2 comunque a buttar gi\u00f9 due righe. Ci sono stati litigi, nella barca, ma quando pensiamo a cosa stiamo a fare e dove andiamo e tutto va in secondo ordine.\u00a0<\/span><\/p>\n<p>&nbsp;<\/p>\n<p><strong>20 settembre<\/strong><\/p>\n<p><span style=\"font-weight: 400;\">Oggi ho timonato, quanto \u00e8 bella la vela, non ricordavo cos\u00ec tanto. Il Mediterraneo \u00e8 un\u2019ottima scuola per imparare a navigare, con la sua risacca. L\u2019umore a bordo \u00e8 migliorato, mi hanno soprannominato \u201cone piece\u201d forse per il mio cappello di paglia forse per il mio carattere. Stasera ho cucinato io perch\u00e9 le ragazze che dovrebbero farlo stanno malino, e quindi mi sono voluta dedicare con amore a questo fondamentale ruolo. Stiamo diventando una vera ciurma!<\/span><\/p>\n<p>&nbsp;<\/p>\n<p><strong>21 settembre<\/strong><\/p>\n<p><span style=\"font-weight: 400;\">Che giornata infinita. Finalmente il Family boat ci ha raggiunto. La flotilla italiana \u00e8 composta tutta di barche a vela. La navigazione \u00e8 stata burrascosa, cerchiamo di usare solo il vento per risparmiare sul carburante. Questo ha fatto s\u00ec che ci siamo dispersi un po\u2019 per sfruttare il vento, ma al calar del sole ci siamo raggruppati. E per fortuna perch\u00e9 la sera sono apparsi i primi droni. Subito tra le barche \u00e8 scattato l\u2019allarme e sono salite le tensioni. Devo dire che io, dopo le esperienze di Search 2 Rescue e dopo aver avuto a che fare con i droni Frontex, sono riuscita a mantenere calma e lucidit\u00e0. Tutte noi ci siamo messe a cantare canzoni partigiane e di resistenza, nel buio della notte, con i droni che ci sorvolavano. Per tutta la notte abbiamo avuto sempre 5 o 6 droni che ci hanno gironzolato sulla testa, ma abbiamo proseguito la navigazione compatti, guidati dalle stelle.\u00a0<\/span><\/p>\n<p>&nbsp;<\/p>\n<p><strong>22 settembre<\/strong><\/p>\n<p><span style=\"font-weight: 400;\">Non ho mai avuto miglior risveglio di questo. Duemila messaggi di solidariet\u00e0 e in Italia uno sciopero generale. Penso che sia a terra sia a mare abbiamo segnato la storia del nostro paese. La solidariet\u00e0 \u00e8 l\u2019arma pi\u00f9 potente che si possa utilizzare. Avrei voluto abbracciare chiunque era in piazza. Davanti a tanto schifo riusciamo ancora a schierarci. Mi viene da gridare W l\u2019Italia!<\/span><\/p>\n<p><span style=\"font-weight: 400;\">L\u2019Italia di oggi mi rappresenta in pieno. Ho il cuore che esplode.<\/span><\/p>\n<p><span style=\"font-weight: 400;\">Stanotte il cielo era bellissimo e pieno di stelle cadenti. Anche i droni non smettono di farci compagnia. Oggi ci sono stati anche durante il giorno. Ma noi andiamo avanti.\u00a0\u00a0<\/span><\/p>\n<p>&nbsp;<\/p>\n<p><strong>24 settembre\u00a0<\/strong><\/p>\n<p><span style=\"font-weight: 400;\">Notte (circa 1:00 ora italiana): Ci stanno seguendo dei droni e si sentono fortissime esplosioni. Ci stanno spaventando. I droni ci sorvolano, fanno fortissimi esplosioni. Siamo in stato di allerta. Ho l&#8217;estintore in mano. Siamo tutti in ansia. Ma continuiamo a navigare.<\/span><\/p>\n<p><span style=\"font-weight: 400;\">(dopo la nottata di droni e esplosioni)<\/span><\/p>\n<p><span style=\"font-weight: 400;\">Stamattina mi sono alzata e mi sono sentita al limite di scoppiare. Ho dovuto piangere per abbassare la tensione, che con il passare dei giorni si fa sentire sempre di pi\u00f9. Ci hanno di nuovo voluto spaventare e un po&#8217; ci sono riusciti, hanno danneggiato alcune imbarcazioni, ma per il momento noi ne siamo uscite indenni.\u00a0<\/span><\/p>\n<p><span style=\"font-weight: 400;\">Quando facciamo le esercitazioni per i due scenari peggiori che si possono presentare, ossia intercettazione o attacco, c&#8217;\u00e8 una ragazza che dice che \u00e8 pronta a morire. Beh io questa ipotesi non l&#8217;ho mai calcolata, forse sono folle o forse mi piace troppo la vita. Vi tengo aggiornati e vi voglio bene<\/span><span style=\"font-weight: 400;\">.<\/span><\/p>\n<p>&nbsp;<\/p>\n<p><span style=\"font-weight: 400;\">Info:<\/span><\/p>\n<p><span style=\"font-weight: 400;\">La comunicazione ufficiale riporta che <\/span><span style=\"font-weight: 400;\">15 droni hanno sorvolato ogni dieci minuti a bassa quota le navi <\/span><span style=\"font-weight: 400;\">sganciando sostanze urticanti e bombe sonore, la comunicazione saltata. <\/span><span style=\"font-weight: 400;\">Non ci sono stati feriti, ma almeno due le imbarcazioni danneggiate: la Zefiro, che ha riportato la rottura dello strallo di prua, uno dei sostegni dell&#8217;albero, e la Morgana, la cui randa &#8211; la vela principale &#8211; \u00e8 ora fuori uso. Colpita anche la Taigete, ma dai video diffusi sui social non sembra aver subito danni.<\/span><\/p>\n<p><span style=\"font-weight: 400;\">Per scrivere ai governo utilizzare questo link e chiedere di attivarsi per proteggere la flotilla:<\/span><\/p>\n<p><a href=\"https:\/\/globalsumudflotilla.org\/contact-officials\/?fbclid=IwY2xjawNAYfVleHRuA2FlbQIxMQABHkwZn4ZMNtrAxrYA6XsMmVG8wRmqgci7fVmrDAckauyB1LYhK6VT_l6Naj6c_aem_nmG3TEr-wTnE2qUDvPKzng\"><span style=\"font-weight: 400;\">https:\/\/globalsumudflotilla.org\/contact-officials\/?fbclid=IwY2xjawNAYfVleHRuA2FlbQIxMQABHkwZn4ZMNtrAxrYA6XsMmVG8wRmqgci7fVmrDAckauyB1LYhK6VT_l6Naj6c_aem_nmG3TEr-wTnE2qUDvPKzng<\/span><\/a><\/p>\n<p>&nbsp;<\/p>\n<p><span style=\"font-weight: 400;\">Per tracciare le navi:<\/span><\/p>\n<p><a href=\"https:\/\/globalsumudflotilla.org\/tracker\/\"><span style=\"font-weight: 400;\">https:\/\/globalsumudflotilla.org\/tracker\/<\/span><\/a><\/p>\n<p>&nbsp;<\/p>\n<p><span style=\"font-weight: 400;\">Instagram nave selvaggia: @selvaggiaboat<\/span><\/p>\n<p>&nbsp;<\/p>\n","protected":false},"excerpt":{"rendered":"<p>Questo \u00e8 il diario di Irene di Bologna, attivista imbarcata con altre sei compagne internazionali nella barca a vela Selvaggia, nella Global Sumud Flotilla (51 imbarcazioni) in rotta per rompere l&#8217;assedio di Gaza e portare aiuti umanitari alla popolazione stremata&hellip;<\/p>\n","protected":false},"author":2063,"featured_media":2638452,"comment_status":"closed","ping_status":"closed","sticky":false,"template":"","format":"standard","meta":{"footnotes":""},"categories":[11388,107392,1262,1263],"tags":[133828,2784,139558,129542],"class_list":["post-2638451","post","type-post","status-publish","format-standard","has-post-thumbnail","hentry","category-contenuti-originali","category-noticia-it","category-nonviolenza-argomento","category-pace-disarmo","tag-attacco-con-droni","tag-droni","tag-global-sumud-flotilla","tag-israele-2"],"yoast_head":"<!-- This site is optimized with the Yoast SEO plugin v27.1.1 - https:\/\/yoast.com\/product\/yoast-seo-wordpress\/ -->\n<title>Attacco alla Sumud Flotilla: il diario di Irene a bordo di Selvaggia<\/title>\n<meta name=\"description\" content=\"Questo \u00e8 il diario di Irene di Bologna, attivista imbarcata con altre sei compagne internazionali nella barca a vela Selvaggia, nella Global Sumud\" \/>\n<meta name=\"robots\" content=\"index, follow, max-snippet:-1, max-image-preview:large, max-video-preview:-1\" \/>\n<link rel=\"canonical\" href=\"https:\/\/www.pressenza.com\/it\/2025\/09\/attacco-alla-sumud-flotilla-il-diario-di-irene-a-bordo-di-selvaggia\/\" \/>\n<meta property=\"og:locale\" content=\"it_IT\" \/>\n<meta property=\"og:type\" content=\"article\" \/>\n<meta property=\"og:title\" content=\"Attacco alla Sumud Flotilla: il diario di Irene a bordo di Selvaggia\" \/>\n<meta property=\"og:description\" content=\"Questo \u00e8 il diario di Irene di Bologna, attivista imbarcata con altre sei compagne internazionali nella barca a vela Selvaggia, nella Global Sumud\" \/>\n<meta property=\"og:url\" content=\"https:\/\/www.pressenza.com\/it\/2025\/09\/attacco-alla-sumud-flotilla-il-diario-di-irene-a-bordo-di-selvaggia\/\" \/>\n<meta property=\"og:site_name\" content=\"Pressenza\" \/>\n<meta property=\"article:publisher\" content=\"https:\/\/www.facebook.com\/PressenzaItalia\" \/>\n<meta property=\"article:published_time\" content=\"2025-09-24T06:47:25+00:00\" \/>\n<meta property=\"og:image\" content=\"https:\/\/www.pressenza.com\/wp-content\/uploads\/2025\/09\/Irene-sumud-flotilla.jpeg\" \/>\n\t<meta property=\"og:image:width\" content=\"2048\" \/>\n\t<meta property=\"og:image:height\" content=\"1153\" \/>\n\t<meta property=\"og:image:type\" content=\"image\/jpeg\" \/>\n<meta name=\"author\" content=\"Linda Maggiori\" \/>\n<meta name=\"twitter:card\" content=\"summary_large_image\" \/>\n<meta name=\"twitter:creator\" content=\"@PressenzaIPA\" \/>\n<meta name=\"twitter:site\" content=\"@PressenzaIPA\" \/>\n<meta name=\"twitter:label1\" content=\"Scritto da\" \/>\n\t<meta name=\"twitter:data1\" content=\"Linda Maggiori\" \/>\n\t<meta name=\"twitter:label2\" content=\"Tempo di lettura stimato\" \/>\n\t<meta name=\"twitter:data2\" content=\"6 minuti\" \/>\n<script type=\"application\/ld+json\" class=\"yoast-schema-graph\">{\"@context\":\"https:\/\/schema.org\",\"@graph\":[{\"@type\":\"Article\",\"@id\":\"https:\/\/www.pressenza.com\/it\/2025\/09\/attacco-alla-sumud-flotilla-il-diario-di-irene-a-bordo-di-selvaggia\/#article\",\"isPartOf\":{\"@id\":\"https:\/\/www.pressenza.com\/it\/2025\/09\/attacco-alla-sumud-flotilla-il-diario-di-irene-a-bordo-di-selvaggia\/\"},\"author\":{\"name\":\"Linda Maggiori\",\"@id\":\"https:\/\/www.pressenza.com\/it\/#\/schema\/person\/a1e211621fbb260f6ee4ab772b010f01\"},\"headline\":\"Attacco alla Sumud Flotilla: il diario di Irene a bordo di Selvaggia\",\"datePublished\":\"2025-09-24T06:47:25+00:00\",\"mainEntityOfPage\":{\"@id\":\"https:\/\/www.pressenza.com\/it\/2025\/09\/attacco-alla-sumud-flotilla-il-diario-di-irene-a-bordo-di-selvaggia\/\"},\"wordCount\":1089,\"publisher\":{\"@id\":\"https:\/\/www.pressenza.com\/it\/#organization\"},\"image\":{\"@id\":\"https:\/\/www.pressenza.com\/it\/2025\/09\/attacco-alla-sumud-flotilla-il-diario-di-irene-a-bordo-di-selvaggia\/#primaryimage\"},\"thumbnailUrl\":\"https:\/\/www.pressenza.com\/wp-content\/uploads\/2025\/09\/Irene-sumud-flotilla.jpeg\",\"keywords\":[\"attacco con droni\",\"droni\",\"Global Sumud Flotilla\",\"Israele\"],\"articleSection\":[\"contenuti originali\",\"Cronaca\",\"Nonviolenza\",\"Pace e Disarmo\"],\"inLanguage\":\"it-IT\"},{\"@type\":\"WebPage\",\"@id\":\"https:\/\/www.pressenza.com\/it\/2025\/09\/attacco-alla-sumud-flotilla-il-diario-di-irene-a-bordo-di-selvaggia\/\",\"url\":\"https:\/\/www.pressenza.com\/it\/2025\/09\/attacco-alla-sumud-flotilla-il-diario-di-irene-a-bordo-di-selvaggia\/\",\"name\":\"Attacco alla Sumud Flotilla: il diario di Irene a bordo di Selvaggia\",\"isPartOf\":{\"@id\":\"https:\/\/www.pressenza.com\/it\/#website\"},\"primaryImageOfPage\":{\"@id\":\"https:\/\/www.pressenza.com\/it\/2025\/09\/attacco-alla-sumud-flotilla-il-diario-di-irene-a-bordo-di-selvaggia\/#primaryimage\"},\"image\":{\"@id\":\"https:\/\/www.pressenza.com\/it\/2025\/09\/attacco-alla-sumud-flotilla-il-diario-di-irene-a-bordo-di-selvaggia\/#primaryimage\"},\"thumbnailUrl\":\"https:\/\/www.pressenza.com\/wp-content\/uploads\/2025\/09\/Irene-sumud-flotilla.jpeg\",\"datePublished\":\"2025-09-24T06:47:25+00:00\",\"description\":\"Questo \u00e8 il diario di Irene di Bologna, attivista imbarcata con altre sei compagne internazionali nella barca a vela Selvaggia, nella Global Sumud\",\"breadcrumb\":{\"@id\":\"https:\/\/www.pressenza.com\/it\/2025\/09\/attacco-alla-sumud-flotilla-il-diario-di-irene-a-bordo-di-selvaggia\/#breadcrumb\"},\"inLanguage\":\"it-IT\",\"potentialAction\":[{\"@type\":\"ReadAction\",\"target\":[\"https:\/\/www.pressenza.com\/it\/2025\/09\/attacco-alla-sumud-flotilla-il-diario-di-irene-a-bordo-di-selvaggia\/\"]}]},{\"@type\":\"ImageObject\",\"inLanguage\":\"it-IT\",\"@id\":\"https:\/\/www.pressenza.com\/it\/2025\/09\/attacco-alla-sumud-flotilla-il-diario-di-irene-a-bordo-di-selvaggia\/#primaryimage\",\"url\":\"https:\/\/www.pressenza.com\/wp-content\/uploads\/2025\/09\/Irene-sumud-flotilla.jpeg\",\"contentUrl\":\"https:\/\/www.pressenza.com\/wp-content\/uploads\/2025\/09\/Irene-sumud-flotilla.jpeg\",\"width\":2048,\"height\":1153},{\"@type\":\"BreadcrumbList\",\"@id\":\"https:\/\/www.pressenza.com\/it\/2025\/09\/attacco-alla-sumud-flotilla-il-diario-di-irene-a-bordo-di-selvaggia\/#breadcrumb\",\"itemListElement\":[{\"@type\":\"ListItem\",\"position\":1,\"name\":\"Accueil\",\"item\":\"https:\/\/www.pressenza.com\/it\/\"},{\"@type\":\"ListItem\",\"position\":2,\"name\":\"Attacco alla Sumud Flotilla: il diario di Irene a bordo di Selvaggia\"}]},{\"@type\":\"WebSite\",\"@id\":\"https:\/\/www.pressenza.com\/it\/#website\",\"url\":\"https:\/\/www.pressenza.com\/it\/\",\"name\":\"Pressenza\",\"description\":\"Agenzia di Stampa Internazionale\",\"publisher\":{\"@id\":\"https:\/\/www.pressenza.com\/it\/#organization\"},\"potentialAction\":[{\"@type\":\"SearchAction\",\"target\":{\"@type\":\"EntryPoint\",\"urlTemplate\":\"https:\/\/www.pressenza.com\/it\/?s={search_term_string}\"},\"query-input\":{\"@type\":\"PropertyValueSpecification\",\"valueRequired\":true,\"valueName\":\"search_term_string\"}}],\"inLanguage\":\"it-IT\"},{\"@type\":\"Organization\",\"@id\":\"https:\/\/www.pressenza.com\/it\/#organization\",\"name\":\"Pressenza\",\"url\":\"https:\/\/www.pressenza.com\/it\/\",\"logo\":{\"@type\":\"ImageObject\",\"inLanguage\":\"it-IT\",\"@id\":\"https:\/\/www.pressenza.com\/it\/#\/schema\/logo\/image\/\",\"url\":\"https:\/\/www.pressenza.com\/wp-content\/uploads\/2022\/10\/pressenza_logo_200x200.jpg\",\"contentUrl\":\"https:\/\/www.pressenza.com\/wp-content\/uploads\/2022\/10\/pressenza_logo_200x200.jpg\",\"width\":200,\"height\":200,\"caption\":\"Pressenza\"},\"image\":{\"@id\":\"https:\/\/www.pressenza.com\/it\/#\/schema\/logo\/image\/\"},\"sameAs\":[\"https:\/\/www.facebook.com\/PressenzaItalia\",\"https:\/\/x.com\/PressenzaIPA\"]},{\"@type\":\"Person\",\"@id\":\"https:\/\/www.pressenza.com\/it\/#\/schema\/person\/a1e211621fbb260f6ee4ab772b010f01\",\"name\":\"Linda Maggiori\",\"description\":\"Sono nata a Recanati nel 1981, fin da piccola ho sempre adorato scrivere e lottare contro le ingiustizie. Laureata in Scienze dell\u2019Educazione e Servizio sociale ho fatto varie esperienze come educatrice. Ho scritto vari libri per adulti e bambini sull'ambiente, sono blogger per il Fatto Quotidiano, collaboro come giornalista con Terra Nuova, il Manifesto, e con la testata di comunicazione ambientale Envi.info. Vivo a Faenza (Ra), con mio marito e i nostri quatto figli, dove da 10 anni sperimentiamo e testimoniamo uno stile di vita sostenibile: senz\u2019auto, a rifiuti (quasi) zero, con solo energia rinnovabile.\",\"url\":\"https:\/\/www.pressenza.com\/it\/author\/linda-maggiori\/\"}]}<\/script>\n<!-- \/ Yoast SEO plugin. -->","yoast_head_json":{"title":"Attacco alla Sumud Flotilla: il diario di Irene a bordo di Selvaggia","description":"Questo \u00e8 il diario di Irene di Bologna, attivista imbarcata con altre sei compagne internazionali nella barca a vela Selvaggia, nella Global Sumud","robots":{"index":"index","follow":"follow","max-snippet":"max-snippet:-1","max-image-preview":"max-image-preview:large","max-video-preview":"max-video-preview:-1"},"canonical":"https:\/\/www.pressenza.com\/it\/2025\/09\/attacco-alla-sumud-flotilla-il-diario-di-irene-a-bordo-di-selvaggia\/","og_locale":"it_IT","og_type":"article","og_title":"Attacco alla Sumud Flotilla: il diario di Irene a bordo di Selvaggia","og_description":"Questo \u00e8 il diario di Irene di Bologna, attivista imbarcata con altre sei compagne internazionali nella barca a vela Selvaggia, nella Global Sumud","og_url":"https:\/\/www.pressenza.com\/it\/2025\/09\/attacco-alla-sumud-flotilla-il-diario-di-irene-a-bordo-di-selvaggia\/","og_site_name":"Pressenza","article_publisher":"https:\/\/www.facebook.com\/PressenzaItalia","article_published_time":"2025-09-24T06:47:25+00:00","og_image":[{"width":2048,"height":1153,"url":"https:\/\/www.pressenza.com\/wp-content\/uploads\/2025\/09\/Irene-sumud-flotilla.jpeg","type":"image\/jpeg"}],"author":"Linda Maggiori","twitter_card":"summary_large_image","twitter_creator":"@PressenzaIPA","twitter_site":"@PressenzaIPA","twitter_misc":{"Scritto da":"Linda Maggiori","Tempo di lettura stimato":"6 minuti"},"schema":{"@context":"https:\/\/schema.org","@graph":[{"@type":"Article","@id":"https:\/\/www.pressenza.com\/it\/2025\/09\/attacco-alla-sumud-flotilla-il-diario-di-irene-a-bordo-di-selvaggia\/#article","isPartOf":{"@id":"https:\/\/www.pressenza.com\/it\/2025\/09\/attacco-alla-sumud-flotilla-il-diario-di-irene-a-bordo-di-selvaggia\/"},"author":{"name":"Linda Maggiori","@id":"https:\/\/www.pressenza.com\/it\/#\/schema\/person\/a1e211621fbb260f6ee4ab772b010f01"},"headline":"Attacco alla Sumud Flotilla: il diario di Irene a bordo di Selvaggia","datePublished":"2025-09-24T06:47:25+00:00","mainEntityOfPage":{"@id":"https:\/\/www.pressenza.com\/it\/2025\/09\/attacco-alla-sumud-flotilla-il-diario-di-irene-a-bordo-di-selvaggia\/"},"wordCount":1089,"publisher":{"@id":"https:\/\/www.pressenza.com\/it\/#organization"},"image":{"@id":"https:\/\/www.pressenza.com\/it\/2025\/09\/attacco-alla-sumud-flotilla-il-diario-di-irene-a-bordo-di-selvaggia\/#primaryimage"},"thumbnailUrl":"https:\/\/www.pressenza.com\/wp-content\/uploads\/2025\/09\/Irene-sumud-flotilla.jpeg","keywords":["attacco con droni","droni","Global Sumud Flotilla","Israele"],"articleSection":["contenuti originali","Cronaca","Nonviolenza","Pace e Disarmo"],"inLanguage":"it-IT"},{"@type":"WebPage","@id":"https:\/\/www.pressenza.com\/it\/2025\/09\/attacco-alla-sumud-flotilla-il-diario-di-irene-a-bordo-di-selvaggia\/","url":"https:\/\/www.pressenza.com\/it\/2025\/09\/attacco-alla-sumud-flotilla-il-diario-di-irene-a-bordo-di-selvaggia\/","name":"Attacco alla Sumud Flotilla: il diario di Irene a bordo di Selvaggia","isPartOf":{"@id":"https:\/\/www.pressenza.com\/it\/#website"},"primaryImageOfPage":{"@id":"https:\/\/www.pressenza.com\/it\/2025\/09\/attacco-alla-sumud-flotilla-il-diario-di-irene-a-bordo-di-selvaggia\/#primaryimage"},"image":{"@id":"https:\/\/www.pressenza.com\/it\/2025\/09\/attacco-alla-sumud-flotilla-il-diario-di-irene-a-bordo-di-selvaggia\/#primaryimage"},"thumbnailUrl":"https:\/\/www.pressenza.com\/wp-content\/uploads\/2025\/09\/Irene-sumud-flotilla.jpeg","datePublished":"2025-09-24T06:47:25+00:00","description":"Questo \u00e8 il diario di Irene di Bologna, attivista imbarcata con altre sei compagne internazionali nella barca a vela Selvaggia, nella Global Sumud","breadcrumb":{"@id":"https:\/\/www.pressenza.com\/it\/2025\/09\/attacco-alla-sumud-flotilla-il-diario-di-irene-a-bordo-di-selvaggia\/#breadcrumb"},"inLanguage":"it-IT","potentialAction":[{"@type":"ReadAction","target":["https:\/\/www.pressenza.com\/it\/2025\/09\/attacco-alla-sumud-flotilla-il-diario-di-irene-a-bordo-di-selvaggia\/"]}]},{"@type":"ImageObject","inLanguage":"it-IT","@id":"https:\/\/www.pressenza.com\/it\/2025\/09\/attacco-alla-sumud-flotilla-il-diario-di-irene-a-bordo-di-selvaggia\/#primaryimage","url":"https:\/\/www.pressenza.com\/wp-content\/uploads\/2025\/09\/Irene-sumud-flotilla.jpeg","contentUrl":"https:\/\/www.pressenza.com\/wp-content\/uploads\/2025\/09\/Irene-sumud-flotilla.jpeg","width":2048,"height":1153},{"@type":"BreadcrumbList","@id":"https:\/\/www.pressenza.com\/it\/2025\/09\/attacco-alla-sumud-flotilla-il-diario-di-irene-a-bordo-di-selvaggia\/#breadcrumb","itemListElement":[{"@type":"ListItem","position":1,"name":"Accueil","item":"https:\/\/www.pressenza.com\/it\/"},{"@type":"ListItem","position":2,"name":"Attacco alla Sumud Flotilla: il diario di Irene a bordo di Selvaggia"}]},{"@type":"WebSite","@id":"https:\/\/www.pressenza.com\/it\/#website","url":"https:\/\/www.pressenza.com\/it\/","name":"Pressenza","description":"Agenzia di Stampa Internazionale","publisher":{"@id":"https:\/\/www.pressenza.com\/it\/#organization"},"potentialAction":[{"@type":"SearchAction","target":{"@type":"EntryPoint","urlTemplate":"https:\/\/www.pressenza.com\/it\/?s={search_term_string}"},"query-input":{"@type":"PropertyValueSpecification","valueRequired":true,"valueName":"search_term_string"}}],"inLanguage":"it-IT"},{"@type":"Organization","@id":"https:\/\/www.pressenza.com\/it\/#organization","name":"Pressenza","url":"https:\/\/www.pressenza.com\/it\/","logo":{"@type":"ImageObject","inLanguage":"it-IT","@id":"https:\/\/www.pressenza.com\/it\/#\/schema\/logo\/image\/","url":"https:\/\/www.pressenza.com\/wp-content\/uploads\/2022\/10\/pressenza_logo_200x200.jpg","contentUrl":"https:\/\/www.pressenza.com\/wp-content\/uploads\/2022\/10\/pressenza_logo_200x200.jpg","width":200,"height":200,"caption":"Pressenza"},"image":{"@id":"https:\/\/www.pressenza.com\/it\/#\/schema\/logo\/image\/"},"sameAs":["https:\/\/www.facebook.com\/PressenzaItalia","https:\/\/x.com\/PressenzaIPA"]},{"@type":"Person","@id":"https:\/\/www.pressenza.com\/it\/#\/schema\/person\/a1e211621fbb260f6ee4ab772b010f01","name":"Linda Maggiori","description":"Sono nata a Recanati nel 1981, fin da piccola ho sempre adorato scrivere e lottare contro le ingiustizie. Laureata in Scienze dell\u2019Educazione e Servizio sociale ho fatto varie esperienze come educatrice. Ho scritto vari libri per adulti e bambini sull'ambiente, sono blogger per il Fatto Quotidiano, collaboro come giornalista con Terra Nuova, il Manifesto, e con la testata di comunicazione ambientale Envi.info. Vivo a Faenza (Ra), con mio marito e i nostri quatto figli, dove da 10 anni sperimentiamo e testimoniamo uno stile di vita sostenibile: senz\u2019auto, a rifiuti (quasi) zero, con solo energia rinnovabile.","url":"https:\/\/www.pressenza.com\/it\/author\/linda-maggiori\/"}]}},"place":"","original_article_url":"","_links":{"self":[{"href":"https:\/\/www.pressenza.com\/it\/wp-json\/wp\/v2\/posts\/2638451","targetHints":{"allow":["GET"]}}],"collection":[{"href":"https:\/\/www.pressenza.com\/it\/wp-json\/wp\/v2\/posts"}],"about":[{"href":"https:\/\/www.pressenza.com\/it\/wp-json\/wp\/v2\/types\/post"}],"author":[{"embeddable":true,"href":"https:\/\/www.pressenza.com\/it\/wp-json\/wp\/v2\/users\/2063"}],"replies":[{"embeddable":true,"href":"https:\/\/www.pressenza.com\/it\/wp-json\/wp\/v2\/comments?post=2638451"}],"version-history":[{"count":1,"href":"https:\/\/www.pressenza.com\/it\/wp-json\/wp\/v2\/posts\/2638451\/revisions"}],"predecessor-version":[{"id":2638453,"href":"https:\/\/www.pressenza.com\/it\/wp-json\/wp\/v2\/posts\/2638451\/revisions\/2638453"}],"wp:featuredmedia":[{"embeddable":true,"href":"https:\/\/www.pressenza.com\/it\/wp-json\/wp\/v2\/media\/2638452"}],"wp:attachment":[{"href":"https:\/\/www.pressenza.com\/it\/wp-json\/wp\/v2\/media?parent=2638451"}],"wp:term":[{"taxonomy":"category","embeddable":true,"href":"https:\/\/www.pressenza.com\/it\/wp-json\/wp\/v2\/categories?post=2638451"},{"taxonomy":"post_tag","embeddable":true,"href":"https:\/\/www.pressenza.com\/it\/wp-json\/wp\/v2\/tags?post=2638451"}],"curies":[{"name":"wp","href":"https:\/\/api.w.org\/{rel}","templated":true}]}}