{"id":2637520,"date":"2025-09-22T11:10:58","date_gmt":"2025-09-22T10:10:58","guid":{"rendered":"https:\/\/www.pressenza.com\/?p=2637520"},"modified":"2025-09-22T11:10:58","modified_gmt":"2025-09-22T10:10:58","slug":"in-tono-di-comando","status":"publish","type":"post","link":"https:\/\/www.pressenza.com\/it\/2025\/09\/in-tono-di-comando\/","title":{"rendered":"In tono di comando"},"content":{"rendered":"<blockquote><p><strong>Il nuovo ambasciatore statunitense presso l&#8217;UE intende adeguare le norme comunitarie agli interessi dell&#8217;amministrazione Trump e dell&#8217;economia statunitense. Se ci riuscisse, spianerebbe la strada all&#8217;estrema destra sui social media.<\/strong><\/p><\/blockquote>\n<p>Andrew Puzder ha assunto la carica l&#8217;11 settembre. Egli chiede che Bruxelles elimini le \u201cbarriere normative\u201d che ostacolano gli affari, in particolare quelli delle aziende statunitensi. Ad esempio, le norme sui social media dovrebbero essere abolite per ripristinare la \u201clibert\u00e0 di espressione\u201d. Con quest&#8217;ultima si intende l&#8217;eliminazione delle norme volte a limitare l&#8217;incitamento all&#8217;odio da parte dell&#8217;estrema destra. La loro abolizione andrebbe a vantaggio non da ultimo delle organizzazioni di estrema destra con cui collabora, ad esempio, la Heritage Foundation statunitense, per la quale Puzder era attivo fino a poco tempo fa.<\/p>\n<p>Anche altri ambasciatori statunitensi in servizio altrove interferiscono nella politica dei loro paesi ospitanti, come ad esempio l&#8217;ambasciatore USA in Francia, appartenente al clan Trump. Quest&#8217;ultimo ha recentemente chiesto con tono imperioso alla Francia di rinunciare al previsto riconoscimento dello Stato palestinese. Esperienze simili si sono verificate anche in Germania.<\/p>\n<h3>Abolire le norme UE<\/h3>\n<p>Andrew Puzder, un ex manager di due catene di fast food statunitensi, in passato si \u00e8 espresso a favore dell&#8217;automazione delle fabbriche perch\u00e9 le macchine sono \u201csempre educate\u201d, non prendono ferie e non arrivano mai in ritardo (come riportato da german-foreign-policy.com [1]). In occasione del suo insediamento la scorsa settimana, in un&#8217;intervista ha comunicato quali saranno i suoi primi obiettivi di lavoro come ambasciatore degli Stati Uniti presso l&#8217;UE.<\/p>\n<p>Secondo quanto affermato, Puzder si impegner\u00e0 a modificare o addirittura ad abolire le leggi e le norme dell&#8217;UE se non sono nell&#8217;interesse delle aziende statunitensi. Ci\u00f2 vale, da un lato, per la direttiva sulla catena di approvvigionamento (Corporate Sustainability Due Diligence Directive, CSDDD), che impone a tutte le aziende operanti nell&#8217;UE obblighi di diligenza nella selezione dei propri fornitori in materia di diritti umani e norme ambientali. Puzder non lascia dubbi sul fatto che intende abolire la direttiva.<\/p>\n<p>Ci\u00f2 vale anche per il rispetto dei fattori ESG (Ambiente, Sociale e Governance), ad esempio negli investimenti. Gi\u00e0 a febbraio, il ministro del Commercio statunitense Howard Lutnick aveva dichiarato di essere pronto in qualsiasi momento a utilizzare \u201cstrumenti commerciali\u201d qualora tali norme UE ostacolassero le aziende statunitensi. [2]<\/p>\n<h3>Libert\u00e0 di espressione<\/h3>\n<p>Puzder chiede inoltre che gli Stati Uniti e l&#8217;Unione Europea si oppongano \u201ccongiuntamente\u201d alla Russia e alla Cina. Per quanto riguarda la Cina, ci\u00f2 si riferisce alla dura linea di scontro intrapresa dall&#8217;amministrazione Trump non solo sul piano economico, ma anche su quello politico e militare. Per quanto riguarda la Russia, Puzder chiede che in futuro l&#8217;UE non si rifornisca pi\u00f9 di gas liquido russo, ma statunitense.<\/p>\n<p>Non da ultimo, il nuovo ambasciatore statunitense si oppone alla regolamentazione dei mercati e dei servizi online, come previsto in particolare dal Digital Markets Act (DMA) e dal Digital Services Act (DSA). Solo di recente l&#8217;UE ha inflitto alla societ\u00e0 statunitense Google una sanzione di 2,95 miliardi di euro per violazione delle normative UE in materia.[3] Puzder respinge con forza questa decisione e sostiene che tali sanzioni siano apertamente \u201crivolte contro le grandi aziende statunitensi\u201d e che ci\u00f2 sia \u201cinaccettabile\u201d. [4]<\/p>\n<p>Inoltre, sostiene che con la sua regolamentazione online l&#8217;UE limiti la \u201clibert\u00e0 di espressione\u201d. Pur dichiarando con condiscendenza che la \u201clibert\u00e0 di espressione\u201d nell&#8217;UE non deve essere esattamente la stessa che negli Stati Uniti, afferma comunque che le norme che vietano, ad esempio, la discriminazione razziale o sessista aperta limitano la libert\u00e0 di parola in modo inammissibile.<\/p>\n<h3>Via libera all&#8217;incitamento all&#8217;odio<\/h3>\n<p>Con la richiesta di indebolire o abolire completamente la regolamentazione delle piattaforme di social media provenienti dagli Stati Uniti, Puzder non solo difende gli interessi delle multinazionali statunitensi, ma anche quelli di un&#8217;organizzazione per la quale ha recentemente lavorato come Distinguished Visiting Fellow for Business and Economic Freedom: la Heritage Foundation. [5]<\/p>\n<p>La fondazione, che con il suo Project 2025 ha redatto una sorta di programma di governo per l&#8217;amministrazione Trump, collabora strettamente con l&#8217;alleanza di partiti di estrema destra Patriots for Europe (PfE), di cui fanno parte, ad esempio, il Rassemblement National (RN) francese, il Vlaams Belang belga e la Lega italiana. [6] Intrattiene relazioni particolarmente strette con il primo ministro ungherese Viktor Orb\u00e1n, il cui partito Fidesz fa parte del PfE. L&#8217;abolizione delle norme contro l&#8217;incitamento all&#8217;odio di destra andrebbe a vantaggio dei partiti membri del PfE e, con essi, anche del loro partner di cooperazione, la Heritage Foundation.<\/p>\n<h3>Inaccettabile<\/h3>\n<p>L&#8217;aperta ingerenza degli ambasciatori statunitensi negli affari interni del Paese ospitante sta gi\u00e0 causando gravi conflitti altrove. \u00c8 il caso della Francia, dove gli Stati Uniti sono rappresentati da un membro del clan Trump, Charles Kushner, imprenditore immobiliare condannato per evasione fiscale, il cui figlio Jared \u00e8 genero del presidente degli Stati Uniti.<\/p>\n<p>In agosto, dopo che il presidente Emmanuel Macron aveva prospettato il riconoscimento dello Stato palestinese per il 19 settembre, Kushner aveva trasmesso ai media una lettera indirizzata a Macron. In essa descriveva l&#8217;imminente riconoscimento della Palestina come un&#8217;\u201ciniziativa\u201d che alimentava il \u201cfuoco antisemita\u201d e chiedeva a Macron in tono imperioso: \u201cAbbandonate le iniziative che servono a legittimare Hamas e i suoi alleati\u201d.[7]<\/p>\n<p>Il messaggio di Kushner, la sua prima uscita pubblica come ambasciatore degli Stati Uniti in Francia poco dopo il suo insediamento, ha suscitato forte irritazione a Parigi. Il ministro degli Esteri Jean-No\u00ebl Barrot l&#8217;ha definita \u201cinaccettabile\u201d; sottolineando che la Convenzione di Vienna sulle relazioni diplomatiche del 1961 impone il non intervento negli affari interni del Paese ospitante. Kushner si \u00e8 poi persino rifiutato di presentarsi al Ministero degli Esteri francese.<\/p>\n<h3>Opinioni estreme<\/h3>\n<p>Im Germania l\u2019ingerenza di un ambasciatore statunitense negli affari interni del Paese \u00e8 gi\u00e0 nota dai tempi del mandato di Richard Grenell (dal 2018 al 2020). Gi\u00e0 all&#8217;inizio di giugno 2018, in un&#8217;intervista alla piattaforma online statunitense di estrema destra Breitbart, Grenell aveva dichiarato di voler \u201crafforzare a tutti i costi altri conservatori in tutta Europa\u201d. [8] Con \u201cconservatori\u201d si intendevano tutte le forze di estrema destra anche al di fuori dello spettro dei partiti tradizionali.<\/p>\n<p>Grenell si \u00e8 poi distinto per aver inviato lettere minatorie ad aziende tedesche per costringerle a seguire le sue richieste politiche.[9] L&#8217;uomo, che attualmente detiene il titolo di \u201cinviato speciale per missioni speciali\u201d, solo pochi giorni fa ha chiesto che al corrispondente della ZDF negli USA Elmar Theve\u00dfen venisse revocato il visto. Theve\u00dfen aveva esercitato la sua libert\u00e0 di espressione affermando giustamente che Charlie Kirk, attivista di estrema destra recentemente assassinato, aveva fatto \u201cdichiarazioni razziste\u201d e \u201costili alle minoranze\u201d e apparteneva \u201call&#8217;estrema destra negli Stati Uniti\u201d. Riguardo al vice capo di gabinetto di Trump, Stephen Miller, Theve\u00dfen aveva giudicato che avesse \u201copinioni molto estreme\u201d. Grenell ha quindi affermato che Theve\u00dfen incitava alla violenza contro gli oppositori politici e che doveva essere espulso. [10]<\/p>\n<hr \/>\n<p><strong>NOTE:<\/strong><\/p>\n<p>[1] Vedi <a href=\"https:\/\/www.german-foreign-policy.com\/news\/detail\/10013\">\u201cImparare dal tornado Trump\u201d<\/a>.<\/p>\n<p>[2] Jeff Green: Il nuovo ambasciatore americano presso l&#8217;UE promette di combattere la burocrazia per le aziende statunitensi. bloomberg.com 11.09.2025.<\/p>\n<p>[3] L&#8217;UE infligge a Google una multa di 2,95 miliardi di euro per abuso di posizione dominante nel mercato della pubblicit\u00e0 display. ceelegalmatters.com 12.09.2025.<\/p>\n<p>[4] Jeff Green: Il nuovo ambasciatore americano presso l&#8217;UE promette di combattere la burocrazia per le aziende statunitensi. bloomberg.com 11.09.2025.<\/p>\n<p>[5], [6] Cfr. <a href=\"https:\/\/www.german-foreign-policy.com\/news\/detail\/10013\">\u201cImparare dal tornado Trump\u201d.<\/a><\/p>\n<p>[7] Michaela Wiegel: Lettera con conseguenze (Brief mit Konsequenzen). Frankfurter Allgemeine Zeitung 26.08.2025.<\/p>\n<p>[8] Vedi &#8220;<a href=\"https:\/\/www.german-foreign-policy.com\/news\/detail\/9816\">Ein Oligarch f\u00fcr die AfD<\/a>&#8220;.<\/p>\n<p>[9] Vedi <a href=\"https:\/\/www.german-foreign-policy.com\/news\/detail\/7831\">&#8220;Die Souver\u00e4nit\u00e4t der Macht&#8221;.<\/a><\/p>\n<p>[10] Emittente tedesca respinge la richiesta dell&#8217;ex inviato statunitense di espellere un giornalista. yahoo.com 15.09.2025.<\/p>\n<hr \/>\n<p><em>Traduzione dal tedesco di Thomas Schmid con l\u2019ausilio di traduttore automatico.<\/em><\/p>\n","protected":false},"excerpt":{"rendered":"<p>Il nuovo ambasciatore statunitense presso l&#8217;UE intende adeguare le norme comunitarie agli interessi dell&#8217;amministrazione Trump e dell&#8217;economia statunitense. Se ci riuscisse, spianerebbe la strada all&#8217;estrema destra sui social media. Andrew Puzder ha assunto la carica l&#8217;11 settembre. Egli chiede che&hellip;<\/p>\n","protected":false},"author":1516,"featured_media":2637521,"comment_status":"closed","ping_status":"closed","sticky":false,"template":"","format":"standard","meta":{"footnotes":""},"categories":[107392,62,47,49,55,57],"tags":[143143,143142,143144,3224,3518,9217],"class_list":["post-2637520","post","type-post","status-publish","format-standard","has-post-thumbnail","hentry","category-noticia-it","category-economia","category-europa","category-nord-america","category-politica","category-affari-esteri","tag-ambasciatore-statunitense-presso-la-ue","tag-andrew-puzder","tag-digital-service-act","tag-estrema-destra","tag-germania","tag-liberta-di-espressione"],"yoast_head":"<!-- This site is optimized with the Yoast SEO plugin v27.1.1 - https:\/\/yoast.com\/product\/yoast-seo-wordpress\/ -->\n<title>In tono di comando<\/title>\n<meta name=\"description\" content=\"Il nuovo ambasciatore statunitense presso l&#039;UE intende adeguare le norme comunitarie agli interessi dell&#039;amministrazione Trump e dell&#039;economia\" \/>\n<meta name=\"robots\" content=\"index, follow, max-snippet:-1, max-image-preview:large, max-video-preview:-1\" \/>\n<link rel=\"canonical\" href=\"https:\/\/www.pressenza.com\/it\/2025\/09\/in-tono-di-comando\/\" \/>\n<meta property=\"og:locale\" content=\"it_IT\" \/>\n<meta property=\"og:type\" content=\"article\" \/>\n<meta property=\"og:title\" content=\"In tono di comando\" \/>\n<meta property=\"og:description\" content=\"Il nuovo ambasciatore statunitense presso l&#039;UE intende adeguare le norme comunitarie agli interessi dell&#039;amministrazione Trump e dell&#039;economia\" \/>\n<meta property=\"og:url\" content=\"https:\/\/www.pressenza.com\/it\/2025\/09\/in-tono-di-comando\/\" \/>\n<meta property=\"og:site_name\" content=\"Pressenza\" \/>\n<meta property=\"article:publisher\" content=\"https:\/\/www.facebook.com\/PressenzaItalia\" \/>\n<meta property=\"article:published_time\" content=\"2025-09-22T10:10:58+00:00\" \/>\n<meta property=\"og:image\" content=\"https:\/\/www.pressenza.com\/wp-content\/uploads\/2025\/09\/Andrew_Puzder_by_Gage_Skidmore.jpg\" \/>\n\t<meta property=\"og:image:width\" content=\"820\" \/>\n\t<meta property=\"og:image:height\" content=\"629\" \/>\n\t<meta property=\"og:image:type\" content=\"image\/jpeg\" \/>\n<meta name=\"author\" content=\"GERMAN-FOREIGN-POLICY.com\" \/>\n<meta name=\"twitter:card\" content=\"summary_large_image\" \/>\n<meta name=\"twitter:creator\" content=\"@PressenzaIPA\" \/>\n<meta name=\"twitter:site\" content=\"@PressenzaIPA\" \/>\n<meta name=\"twitter:label1\" content=\"Scritto da\" \/>\n\t<meta name=\"twitter:data1\" content=\"GERMAN-FOREIGN-POLICY.com\" \/>\n\t<meta name=\"twitter:label2\" content=\"Tempo di lettura stimato\" \/>\n\t<meta name=\"twitter:data2\" content=\"6 minuti\" \/>\n<script type=\"application\/ld+json\" class=\"yoast-schema-graph\">{\"@context\":\"https:\/\/schema.org\",\"@graph\":[{\"@type\":\"Article\",\"@id\":\"https:\/\/www.pressenza.com\/it\/2025\/09\/in-tono-di-comando\/#article\",\"isPartOf\":{\"@id\":\"https:\/\/www.pressenza.com\/it\/2025\/09\/in-tono-di-comando\/\"},\"author\":{\"name\":\"GERMAN-FOREIGN-POLICY.com\",\"@id\":\"https:\/\/www.pressenza.com\/it\/#\/schema\/person\/65976e5880ee37f0ffc0cea7b0d6f456\"},\"headline\":\"In tono di comando\",\"datePublished\":\"2025-09-22T10:10:58+00:00\",\"mainEntityOfPage\":{\"@id\":\"https:\/\/www.pressenza.com\/it\/2025\/09\/in-tono-di-comando\/\"},\"wordCount\":1277,\"publisher\":{\"@id\":\"https:\/\/www.pressenza.com\/it\/#organization\"},\"image\":{\"@id\":\"https:\/\/www.pressenza.com\/it\/2025\/09\/in-tono-di-comando\/#primaryimage\"},\"thumbnailUrl\":\"https:\/\/www.pressenza.com\/wp-content\/uploads\/2025\/09\/Andrew_Puzder_by_Gage_Skidmore.jpg\",\"keywords\":[\"ambasciatore statunitense presso la UE\",\"Andrew Puzder\",\"Digital Service Act\",\"estrema destra\",\"Germania\",\"libert\u00e0 di espressione\"],\"articleSection\":[\"Cronaca\",\"Economia\",\"Europa\",\"Nord America\",\"Politica\",\"Questioni internazionali\"],\"inLanguage\":\"it-IT\"},{\"@type\":\"WebPage\",\"@id\":\"https:\/\/www.pressenza.com\/it\/2025\/09\/in-tono-di-comando\/\",\"url\":\"https:\/\/www.pressenza.com\/it\/2025\/09\/in-tono-di-comando\/\",\"name\":\"In tono di comando\",\"isPartOf\":{\"@id\":\"https:\/\/www.pressenza.com\/it\/#website\"},\"primaryImageOfPage\":{\"@id\":\"https:\/\/www.pressenza.com\/it\/2025\/09\/in-tono-di-comando\/#primaryimage\"},\"image\":{\"@id\":\"https:\/\/www.pressenza.com\/it\/2025\/09\/in-tono-di-comando\/#primaryimage\"},\"thumbnailUrl\":\"https:\/\/www.pressenza.com\/wp-content\/uploads\/2025\/09\/Andrew_Puzder_by_Gage_Skidmore.jpg\",\"datePublished\":\"2025-09-22T10:10:58+00:00\",\"description\":\"Il nuovo ambasciatore statunitense presso l'UE intende adeguare le norme comunitarie agli interessi dell'amministrazione Trump e dell'economia\",\"breadcrumb\":{\"@id\":\"https:\/\/www.pressenza.com\/it\/2025\/09\/in-tono-di-comando\/#breadcrumb\"},\"inLanguage\":\"it-IT\",\"potentialAction\":[{\"@type\":\"ReadAction\",\"target\":[\"https:\/\/www.pressenza.com\/it\/2025\/09\/in-tono-di-comando\/\"]}]},{\"@type\":\"ImageObject\",\"inLanguage\":\"it-IT\",\"@id\":\"https:\/\/www.pressenza.com\/it\/2025\/09\/in-tono-di-comando\/#primaryimage\",\"url\":\"https:\/\/www.pressenza.com\/wp-content\/uploads\/2025\/09\/Andrew_Puzder_by_Gage_Skidmore.jpg\",\"contentUrl\":\"https:\/\/www.pressenza.com\/wp-content\/uploads\/2025\/09\/Andrew_Puzder_by_Gage_Skidmore.jpg\",\"width\":820,\"height\":629,\"caption\":\"Andrew Puzder (wikimedia.commons)\"},{\"@type\":\"BreadcrumbList\",\"@id\":\"https:\/\/www.pressenza.com\/it\/2025\/09\/in-tono-di-comando\/#breadcrumb\",\"itemListElement\":[{\"@type\":\"ListItem\",\"position\":1,\"name\":\"Accueil\",\"item\":\"https:\/\/www.pressenza.com\/it\/\"},{\"@type\":\"ListItem\",\"position\":2,\"name\":\"In tono di comando\"}]},{\"@type\":\"WebSite\",\"@id\":\"https:\/\/www.pressenza.com\/it\/#website\",\"url\":\"https:\/\/www.pressenza.com\/it\/\",\"name\":\"Pressenza\",\"description\":\"Agenzia di Stampa Internazionale\",\"publisher\":{\"@id\":\"https:\/\/www.pressenza.com\/it\/#organization\"},\"potentialAction\":[{\"@type\":\"SearchAction\",\"target\":{\"@type\":\"EntryPoint\",\"urlTemplate\":\"https:\/\/www.pressenza.com\/it\/?s={search_term_string}\"},\"query-input\":{\"@type\":\"PropertyValueSpecification\",\"valueRequired\":true,\"valueName\":\"search_term_string\"}}],\"inLanguage\":\"it-IT\"},{\"@type\":\"Organization\",\"@id\":\"https:\/\/www.pressenza.com\/it\/#organization\",\"name\":\"Pressenza\",\"url\":\"https:\/\/www.pressenza.com\/it\/\",\"logo\":{\"@type\":\"ImageObject\",\"inLanguage\":\"it-IT\",\"@id\":\"https:\/\/www.pressenza.com\/it\/#\/schema\/logo\/image\/\",\"url\":\"https:\/\/www.pressenza.com\/wp-content\/uploads\/2022\/10\/pressenza_logo_200x200.jpg\",\"contentUrl\":\"https:\/\/www.pressenza.com\/wp-content\/uploads\/2022\/10\/pressenza_logo_200x200.jpg\",\"width\":200,\"height\":200,\"caption\":\"Pressenza\"},\"image\":{\"@id\":\"https:\/\/www.pressenza.com\/it\/#\/schema\/logo\/image\/\"},\"sameAs\":[\"https:\/\/www.facebook.com\/PressenzaItalia\",\"https:\/\/x.com\/PressenzaIPA\"]},{\"@type\":\"Person\",\"@id\":\"https:\/\/www.pressenza.com\/it\/#\/schema\/person\/65976e5880ee37f0ffc0cea7b0d6f456\",\"name\":\"GERMAN-FOREIGN-POLICY.com\",\"description\":\"Information on German Foreign Policy Articles and photographs by german-foreign-policy.com on Pressenza do not fall under the Creative Commons license and are not reproducible in any way. \\\"Information on German Foreign Policy\\\" (german-foreign-policy.com) is compiled by a group of independent journalists and social scientists who observe, on an ongoing basis, Germany's renewed attempts to regain great power status in the economic, military and political arena.\",\"url\":\"https:\/\/www.pressenza.com\/it\/author\/german-foreign-policy-com\/\"}]}<\/script>\n<!-- \/ Yoast SEO plugin. -->","yoast_head_json":{"title":"In tono di comando","description":"Il nuovo ambasciatore statunitense presso l'UE intende adeguare le norme comunitarie agli interessi dell'amministrazione Trump e dell'economia","robots":{"index":"index","follow":"follow","max-snippet":"max-snippet:-1","max-image-preview":"max-image-preview:large","max-video-preview":"max-video-preview:-1"},"canonical":"https:\/\/www.pressenza.com\/it\/2025\/09\/in-tono-di-comando\/","og_locale":"it_IT","og_type":"article","og_title":"In tono di comando","og_description":"Il nuovo ambasciatore statunitense presso l'UE intende adeguare le norme comunitarie agli interessi dell'amministrazione Trump e dell'economia","og_url":"https:\/\/www.pressenza.com\/it\/2025\/09\/in-tono-di-comando\/","og_site_name":"Pressenza","article_publisher":"https:\/\/www.facebook.com\/PressenzaItalia","article_published_time":"2025-09-22T10:10:58+00:00","og_image":[{"width":820,"height":629,"url":"https:\/\/www.pressenza.com\/wp-content\/uploads\/2025\/09\/Andrew_Puzder_by_Gage_Skidmore.jpg","type":"image\/jpeg"}],"author":"GERMAN-FOREIGN-POLICY.com","twitter_card":"summary_large_image","twitter_creator":"@PressenzaIPA","twitter_site":"@PressenzaIPA","twitter_misc":{"Scritto da":"GERMAN-FOREIGN-POLICY.com","Tempo di lettura stimato":"6 minuti"},"schema":{"@context":"https:\/\/schema.org","@graph":[{"@type":"Article","@id":"https:\/\/www.pressenza.com\/it\/2025\/09\/in-tono-di-comando\/#article","isPartOf":{"@id":"https:\/\/www.pressenza.com\/it\/2025\/09\/in-tono-di-comando\/"},"author":{"name":"GERMAN-FOREIGN-POLICY.com","@id":"https:\/\/www.pressenza.com\/it\/#\/schema\/person\/65976e5880ee37f0ffc0cea7b0d6f456"},"headline":"In tono di comando","datePublished":"2025-09-22T10:10:58+00:00","mainEntityOfPage":{"@id":"https:\/\/www.pressenza.com\/it\/2025\/09\/in-tono-di-comando\/"},"wordCount":1277,"publisher":{"@id":"https:\/\/www.pressenza.com\/it\/#organization"},"image":{"@id":"https:\/\/www.pressenza.com\/it\/2025\/09\/in-tono-di-comando\/#primaryimage"},"thumbnailUrl":"https:\/\/www.pressenza.com\/wp-content\/uploads\/2025\/09\/Andrew_Puzder_by_Gage_Skidmore.jpg","keywords":["ambasciatore statunitense presso la UE","Andrew Puzder","Digital Service Act","estrema destra","Germania","libert\u00e0 di espressione"],"articleSection":["Cronaca","Economia","Europa","Nord America","Politica","Questioni internazionali"],"inLanguage":"it-IT"},{"@type":"WebPage","@id":"https:\/\/www.pressenza.com\/it\/2025\/09\/in-tono-di-comando\/","url":"https:\/\/www.pressenza.com\/it\/2025\/09\/in-tono-di-comando\/","name":"In tono di comando","isPartOf":{"@id":"https:\/\/www.pressenza.com\/it\/#website"},"primaryImageOfPage":{"@id":"https:\/\/www.pressenza.com\/it\/2025\/09\/in-tono-di-comando\/#primaryimage"},"image":{"@id":"https:\/\/www.pressenza.com\/it\/2025\/09\/in-tono-di-comando\/#primaryimage"},"thumbnailUrl":"https:\/\/www.pressenza.com\/wp-content\/uploads\/2025\/09\/Andrew_Puzder_by_Gage_Skidmore.jpg","datePublished":"2025-09-22T10:10:58+00:00","description":"Il nuovo ambasciatore statunitense presso l'UE intende adeguare le norme comunitarie agli interessi dell'amministrazione Trump e dell'economia","breadcrumb":{"@id":"https:\/\/www.pressenza.com\/it\/2025\/09\/in-tono-di-comando\/#breadcrumb"},"inLanguage":"it-IT","potentialAction":[{"@type":"ReadAction","target":["https:\/\/www.pressenza.com\/it\/2025\/09\/in-tono-di-comando\/"]}]},{"@type":"ImageObject","inLanguage":"it-IT","@id":"https:\/\/www.pressenza.com\/it\/2025\/09\/in-tono-di-comando\/#primaryimage","url":"https:\/\/www.pressenza.com\/wp-content\/uploads\/2025\/09\/Andrew_Puzder_by_Gage_Skidmore.jpg","contentUrl":"https:\/\/www.pressenza.com\/wp-content\/uploads\/2025\/09\/Andrew_Puzder_by_Gage_Skidmore.jpg","width":820,"height":629,"caption":"Andrew Puzder (wikimedia.commons)"},{"@type":"BreadcrumbList","@id":"https:\/\/www.pressenza.com\/it\/2025\/09\/in-tono-di-comando\/#breadcrumb","itemListElement":[{"@type":"ListItem","position":1,"name":"Accueil","item":"https:\/\/www.pressenza.com\/it\/"},{"@type":"ListItem","position":2,"name":"In tono di comando"}]},{"@type":"WebSite","@id":"https:\/\/www.pressenza.com\/it\/#website","url":"https:\/\/www.pressenza.com\/it\/","name":"Pressenza","description":"Agenzia di Stampa Internazionale","publisher":{"@id":"https:\/\/www.pressenza.com\/it\/#organization"},"potentialAction":[{"@type":"SearchAction","target":{"@type":"EntryPoint","urlTemplate":"https:\/\/www.pressenza.com\/it\/?s={search_term_string}"},"query-input":{"@type":"PropertyValueSpecification","valueRequired":true,"valueName":"search_term_string"}}],"inLanguage":"it-IT"},{"@type":"Organization","@id":"https:\/\/www.pressenza.com\/it\/#organization","name":"Pressenza","url":"https:\/\/www.pressenza.com\/it\/","logo":{"@type":"ImageObject","inLanguage":"it-IT","@id":"https:\/\/www.pressenza.com\/it\/#\/schema\/logo\/image\/","url":"https:\/\/www.pressenza.com\/wp-content\/uploads\/2022\/10\/pressenza_logo_200x200.jpg","contentUrl":"https:\/\/www.pressenza.com\/wp-content\/uploads\/2022\/10\/pressenza_logo_200x200.jpg","width":200,"height":200,"caption":"Pressenza"},"image":{"@id":"https:\/\/www.pressenza.com\/it\/#\/schema\/logo\/image\/"},"sameAs":["https:\/\/www.facebook.com\/PressenzaItalia","https:\/\/x.com\/PressenzaIPA"]},{"@type":"Person","@id":"https:\/\/www.pressenza.com\/it\/#\/schema\/person\/65976e5880ee37f0ffc0cea7b0d6f456","name":"GERMAN-FOREIGN-POLICY.com","description":"Information on German Foreign Policy Articles and photographs by german-foreign-policy.com on Pressenza do not fall under the Creative Commons license and are not reproducible in any way. \"Information on German Foreign Policy\" (german-foreign-policy.com) is compiled by a group of independent journalists and social scientists who observe, on an ongoing basis, Germany's renewed attempts to regain great power status in the economic, military and political arena.","url":"https:\/\/www.pressenza.com\/it\/author\/german-foreign-policy-com\/"}]}},"place":"Washington - Bruxelles","original_article_url":"https:\/\/www.german-foreign-policy.com\/news\/detail\/10120","_links":{"self":[{"href":"https:\/\/www.pressenza.com\/it\/wp-json\/wp\/v2\/posts\/2637520","targetHints":{"allow":["GET"]}}],"collection":[{"href":"https:\/\/www.pressenza.com\/it\/wp-json\/wp\/v2\/posts"}],"about":[{"href":"https:\/\/www.pressenza.com\/it\/wp-json\/wp\/v2\/types\/post"}],"author":[{"embeddable":true,"href":"https:\/\/www.pressenza.com\/it\/wp-json\/wp\/v2\/users\/1516"}],"replies":[{"embeddable":true,"href":"https:\/\/www.pressenza.com\/it\/wp-json\/wp\/v2\/comments?post=2637520"}],"version-history":[{"count":1,"href":"https:\/\/www.pressenza.com\/it\/wp-json\/wp\/v2\/posts\/2637520\/revisions"}],"predecessor-version":[{"id":2637523,"href":"https:\/\/www.pressenza.com\/it\/wp-json\/wp\/v2\/posts\/2637520\/revisions\/2637523"}],"wp:featuredmedia":[{"embeddable":true,"href":"https:\/\/www.pressenza.com\/it\/wp-json\/wp\/v2\/media\/2637521"}],"wp:attachment":[{"href":"https:\/\/www.pressenza.com\/it\/wp-json\/wp\/v2\/media?parent=2637520"}],"wp:term":[{"taxonomy":"category","embeddable":true,"href":"https:\/\/www.pressenza.com\/it\/wp-json\/wp\/v2\/categories?post=2637520"},{"taxonomy":"post_tag","embeddable":true,"href":"https:\/\/www.pressenza.com\/it\/wp-json\/wp\/v2\/tags?post=2637520"}],"curies":[{"name":"wp","href":"https:\/\/api.w.org\/{rel}","templated":true}]}}