{"id":2635938,"date":"2025-09-16T14:03:21","date_gmt":"2025-09-16T13:03:21","guid":{"rendered":"https:\/\/www.pressenza.com\/?p=2635938"},"modified":"2025-09-16T16:13:43","modified_gmt":"2025-09-16T15:13:43","slug":"bukavu-dalla-parte-del-popolo","status":"publish","type":"post","link":"https:\/\/www.pressenza.com\/it\/2025\/09\/bukavu-dalla-parte-del-popolo\/","title":{"rendered":"Bukavu: dalla parte del popolo"},"content":{"rendered":"<p align=\"justify\"><i>Stella Yanda \u00e8 una donna congolese che vive a Bukavu e ha dedicato tutta la sua vita al lavoro sociale, partecipando alla nascita della Societ\u00e0 civile, di cui \u00e8 ancora oggi un punto di riferimento. Le abbiamo rivolto alcune domande. <\/i><\/p>\n<p align=\"justify\"><b>Quali sono stati i suoi primi passi nel lavoro sociale?<\/b><\/p>\n<p align=\"justify\">Nel febbraio del 1981, sono entrata a far parte di &#8221; Solidarit\u00e9 paysanne&#8221; (Solidariet\u00e0 contadina), la prima organizzazione laica, almeno nel Kivu, come si chiamava la nostra provincia prima di essere divisa in due, Nord-Kivu e Sud-Kivu. La nostra preoccupazione era che la popolazione agricola, che costituiva oltre l\u201980% della popolazione totale, non venisse presa in considerazione nelle principali decisioni politiche del Paese, soprattutto quelle riguardanti i settori dell\u2019agricoltura e dello sviluppo.<\/p>\n<p align=\"justify\">&#8220;Cosa state facendo?&#8221;, chiedevamo. &#8220;Niente&#8221;, rispondevano i contadini, anche se erano loro che davano da mangiare a tutti con i frutti del loro lavoro e pagavano le tasse e imposte. Abbiamo iniziato a sensibilizzarli affinch\u00e9 prendessero coscienza del loro importante ruolo e della necessit\u00e0 di organizzarsi per essere forti e rivendicare un posto nei principali processi decisionali del Paese.<\/p>\n<p align=\"justify\">Eravamo nel pieno della dittatura di Mobutu, durante la Guerra Fredda tra il blocco orientale e quello occidentale. Il regime e altre persone malintenzionate ci chiamavano comunisti e ci accusavano di lavorare per l&#8217;URSS. Alla fine, hanno capito che il nostro obiettivo era lavorare con la base, ma dovevamo anche sviluppare strategie utilizzando strutture o processi accettabili o tollerati. Cos\u00ec, abbiamo creato con i produttori della Piana della Ruzizi delle cooperative agricole, nelle quali si mescolavano uomini e donne.<\/p>\n<p align=\"justify\"><b>Quali erano i rapporti tra uomini e donne in queste cooperative?<\/b><\/p>\n<p align=\"justify\">Nei nostri villaggi nella Piana, alle donne non era permesso di partecipare a riunioni con degli uomini o parlare in pubblico. Abbiamo sottolineato la partecipazione anche delle donne. Il primo passo \u00e8 stato che le donne partecipassero alle riunioni, anche se non parlavano. Abbiamo istituito un &#8220;servizio femminile&#8221;, con due animatrici il cui ruolo specifico era quello di lavorare con le donne per sensibilizzarle e incoraggiarle a parlare di fronte agli uomini.<\/p>\n<p align=\"justify\">Questo ci ha fatto capire che, oltre alle sfide generali dello sviluppo, le donne avevano i loro problemi, come il carico di lavoro, la questione delle talee di manioca, alimento base, e la necessit\u00e0 di andare a cercare acqua su lunghe distanze. Non saper leggere o scrivere rendeva loro difficile partecipare ai comitati delle iniziative messe in atto.<\/p>\n<p align=\"justify\">Cos\u00ec, abbiamo iniziato a considerare progetti che affrontassero specificamente le sfide delle donne. La priorit\u00e0 era la questione dell\u2019acqua potabile e della salute pubblica, e l\u2019onere di prendersi cura dei malati. Dopo la creazione della Cooperativa agricola (Mkulima), della Cooperativa degli allevatori di bestiame (Butuzi) e della Cooperativa dei pescatori del lago Tanganica (Virigwe), abbiamo iniziato a sviluppare progetti per rendere pi\u00f9 fruibile le sorgenti e acquedotti per avvicinare i punti di distribuzione dell&#8217;acqua alle case e ridurre cos\u00ec la duplicazione del lavoro per le donne. Ci\u00f2 ha portato a una diminuzione delle malattie legate al consumo di acqua sporca.<\/p>\n<p align=\"justify\"><b>Con chi avete collaborato?<\/b><\/p>\n<p align=\"justify\">Il governo, con i suoi servizi tecnici, aveva i tecnici di cui avevamo bisogno, ma non godeva quasi della fiducia della popolazione, perch\u00e9 molti rendevano la loro vita pi\u00f9 difficile anzich\u00e9 facilitarla. Tuttavia, c&#8217;erano alcuni funzionari governativi con cui abbiamo potuto collaborare in ambiti puramente tecnici a livello della subregione e del territorio d\u2019Uvira come veterinari, agronomi&#8230; Abbiamo beneficiato del supporto del governatore dell&#8217;epoca, il sig. Mwando Simba, che ci ha aiutato e incoraggiato molto.<\/p>\n<p align=\"justify\">Quando venivamo \u200b\u200ba Bukavu, andavamo a parlare con padre Georges Defour dei Missionari d&#8217;Africa, direttore dell&#8217;ISDR (Istituto Superiore per lo Sviluppo Rurale). Era soddisfatto del nostro lavoro, ci dava consigli e indirizzava a noi degli studenti per tirocini. Quando non avevamo ancora i permessi di lavoro ufficiale, ha persino accettato che Solidarit\u00e9 Paysanne fosse considerata una branca rurale dell&#8217;ISDR. La strategia di avere alleati, di collaborare con le istituzioni, con persone che avevano sufficiente influenza, ha permesso di svolgere il nostro lavoro senza problemi.<\/p>\n<p align=\"justify\"><b>In quali circostanze \u00e8 nata la societ\u00e0 civile?<\/b><\/p>\n<p align=\"justify\">Nella RDC, abbiamo iniziato a parlare di societ\u00e0 civile in modo strutturato negli anni &#8217;90, ma questo concetto \u00e8 di vecchia data: comprende, ad esempio, tutto il lavoro svolto dal movimento sindacale per rivendicare i diritti dei lavoratori.<\/p>\n<p align=\"justify\">Come Solidarit\u00e9 Paysanne, abbiamo esteso l&#8217;esperienza a tutto il Paese, attraverso il Sindacato di Alleanza Contadina, che riuniva i delegati delle cooperative agricole e altre iniziative di base in tutte le province. Pertanto, quando abbiamo avviato la dinamica di costituzione della Societ\u00e0 Civile alla vigilia della Conferenza Nazionale Sovrana, c&#8217;erano gi\u00e0 agganci in tutto il Paese. Nel Sud-Kivu, abbiamo scoperto che c\u2019erano anche altre organizzazioni laiche, perch\u00e9 Solidarit\u00e9 Paysanne non era in grado di rispondere a tutte le esigenze della base.<\/p>\n<p align=\"justify\">Ci siamo chiesti come lavorare in sinergia ed essere forti nei confronti dell\u2019apparato statale. Cos\u00ec, nella Piana, \u00e8 nato il CDR (Comitato di Sviluppo Rurale) di Uvira-Fizi, che ha riunito le Cooperative di pescatori del Lago Tanganika, gruppi di donne, cooperative di allevamento, cooperative di produzione agricola e iniziative di trasformazione.<\/p>\n<p align=\"justify\">Successivamente, all&#8217;interno di Solidarit\u00e9 paysanne, vennero create UWAKI (Umoja wa wanawake wa Kivu), che riuniva organizzazioni dedicate alle questioni femminili, e FEDCOOP (Federazione delle Cooperative Contadine), che includeva tutte le altre organizzazioni. A livello generale, venne creata CRONG (Consiglio regionale delle ONG), che riuniva tutte queste organizzazioni a livello provinciale, e successivamente CNONG (Consiglio nazionale delle ONG) a livello nazionale.<\/p>\n<p align=\"justify\">Durante la Conferenza Nazionale del 1991-92, dei delegati, ci sono stati dei delegati, donne e uomini agricoltori, che hanno partecipato, segnando una nuova dinamica che avrebbe consolidato e promosso questi concetti di Societ\u00e0 Civile, come insieme di organizzazioni non governative e associative, prive di connotazioni statali, di polizia, militari o tribali-etniche. \u00c8 nata cos\u00ec la Societ\u00e0 civile, nella sua forma attuale, nella RD Congo.<\/p>\n<p align=\"justify\"><b>Quali erano i vostri rapporti con gli altri paesi della regione dei Grandi Laghi?<\/b><\/p>\n<p align=\"justify\">Allo stesso tempo, esistevano anche approcci regionali, poich\u00e9 avevamo gli stessi partner internazionali, come la Cooperazione Belga. Ad esempio, quando si sviluppava una struttura in Ruanda, la proponevano anche alle organizzazioni congolesi e burundesi. Abbiamo svolto un lavoro congiunto, che ha avuto un impatto significativo sul lobbying.<\/p>\n<p align=\"justify\">I nostri amici del Nord Kivu, Beni e Butembo avevano anche avviato contatti con organizzazioni in Uganda. Abbiamo inviato degli animatori in Tanzania per imparare com\u2019erano strutturate le cooperative e quali erano le loro tecniche di produzione di sementi.<\/p>\n<p align=\"justify\"><b>Qual era il ruolo e il posto delle chiese?<\/b><\/p>\n<p align=\"justify\">Quando abbiamo strutturato la Societ\u00e0 Civile, avevamo previsto dieci componenti, tra cui le confessioni religiose. Sebbene la Chiesa cattolica abbia svolto e continui a svolgere un ruolo importante nella strutturazione della Societ\u00e0 Civile, \u00e8 una sottocomponente di questa componente. Le chiese hanno sempre collaborato per delegare un rappresentante all&#8217;Ufficio di Coordinamento e un membro alla guida del Consiglio Etico.<\/p>\n<p align=\"justify\">Va notato che le chiese hanno svolto e continuano a svolgere un ruolo fondamentale in momenti cruciali della storia del nostro Paese. Ad esempio, possiamo citare l\u2019organizzazione del Simposio Internazionale per la Pace a Butembo, che ha mobilitato numerose persone provenienti dall\u2019ex provincia del Kivu, da paesi limitrofi come Burundi, Uganda e Kenya, nonch\u00e9 dall&#8217;Europa (Svezia, Italia, Francia, Belgio, ecc.). C&#8217;\u00e8 anche il dialogo organizzato a Kinshasa, comunemente noto come dialogo della CENCO, che aveva riunito diversi attori politici quando l\u2019ex presidente Joseph Kabila voleva proporsi per un terzo mandato, sebbene la Costituzione della RD Congo limiti i mandati presidenziali a due.<\/p>\n<p align=\"justify\">Anche oggi, le chiese nella RD Congo si mobilitano da diversi mesi per riunire gli attori politici e porre fine al conflitto armato che continua a affliggere la popolazione della parte orientale del Paese. Il ruolo delle chiese rimane molto significativo. Tuttavia, \u00e8 legato al dinamismo e all\u2019impegno dei capi delle confessioni religiose.<\/p>\n<p align=\"justify\"><b>Cosa serve per essere un vero attore sociale?<\/b><\/p>\n<p align=\"justify\">Quando abbiamo strutturato la Societ\u00e0 Civile, abbiamo previsto dieci componenti, tra cui le confessioni religiose. Sebbene la Chiesa Cattolica abbia svolto e continui a svolgere un ruolo importante nella strutturazione della Societ\u00e0 Civile, ne \u00e8 un sottocomponente. Le chiese hanno sempre collaborato per delegare un rappresentante all&#8217;Ufficio di Coordinamento e un membro a presiedere il Consiglio Etico.<\/p>\n<p align=\"justify\">C<b>osa serve per essere un vero operatore sociale?<\/b><\/p>\n<p align=\"justify\">La cosa fondamentale \u00e8 amare ci\u00f2 che si fa, crederci e impegnarsi a farlo, e a farlo con gli altri&#8230; Altrimenti, rimaniamo artificiali e non giungiamo a conclusioni. Nel nostro gergo, parliamo di attori-soggetti e attori-oggetti. Un attore-soggetto si impegna, crede in ci\u00f2 che fa e cerca anche di convincere gli altri a unirsi a lui. Spesso invece, gli attori-oggetti si rivolgono al lavoro sociale perch\u00e9 non hanno lavoro altrove e sono in cerca di uno stipendio. Sono sempre puntuali all&#8217;inizio del lavoro, alle 16:05 hanno gi\u00e0 la borsa pronta e iniziano a guardare l\u2019orologio per andarsene precisi alle 16.<\/p>\n<p align=\"justify\">Quando c\u2019\u00e8 un&#8217;emergenza fuori programma, gli attori-soggetti vi si precipitano, gli attori-oggetti sono a disagio. Alcuni, impegnati nella citt\u00e0, si rifiutano di andare nei villaggi della campagna, eppure il nostro lavoro richiede sacrificio, con l&#8217;obiettivo di dare il nostro contributo, per quanto piccolo, per le persone che soffrono e hanno bisogno di aiuto.<\/p>\n","protected":false},"excerpt":{"rendered":"<p>Stella Yanda \u00e8 una donna congolese che vive a Bukavu e ha dedicato tutta la sua vita al lavoro sociale, partecipando alla nascita della Societ\u00e0 civile, di cui \u00e8 ancora oggi un punto di riferimento. Le abbiamo rivolto alcune domande.&hellip;<\/p>\n","protected":false},"author":19,"featured_media":2635939,"comment_status":"closed","ping_status":"closed","sticky":false,"template":"","format":"standard","meta":{"footnotes":""},"categories":[157,55],"tags":[40458,132898,87663,8224,142856],"class_list":["post-2635938","post","type-post","status-publish","format-standard","has-post-thumbnail","hentry","category-interviste","category-politica","tag-attivismo-sociale","tag-bukavu","tag-nord-kivu-it","tag-repubblica-democratica-del-congo","tag-solidarite-paysanne"],"yoast_head":"<!-- This site is optimized with the Yoast SEO plugin v27.1.1 - https:\/\/yoast.com\/product\/yoast-seo-wordpress\/ -->\n<title>Bukavu: dalla parte del popolo<\/title>\n<meta name=\"description\" content=\"Stella Yanda \u00e8 una donna congolese che vive a Bukavu e ha dedicato tutta la sua vita al lavoro sociale, partecipando alla nascita della Societ\u00e0 civile, di\" \/>\n<meta name=\"robots\" content=\"index, follow, max-snippet:-1, max-image-preview:large, max-video-preview:-1\" \/>\n<link rel=\"canonical\" href=\"https:\/\/www.pressenza.com\/it\/2025\/09\/bukavu-dalla-parte-del-popolo\/\" \/>\n<meta property=\"og:locale\" content=\"it_IT\" \/>\n<meta property=\"og:type\" content=\"article\" \/>\n<meta property=\"og:title\" content=\"Bukavu: dalla parte del popolo\" \/>\n<meta property=\"og:description\" content=\"Stella Yanda \u00e8 una donna congolese che vive a Bukavu e ha dedicato tutta la sua vita al lavoro sociale, partecipando alla nascita della Societ\u00e0 civile, di\" \/>\n<meta property=\"og:url\" content=\"https:\/\/www.pressenza.com\/it\/2025\/09\/bukavu-dalla-parte-del-popolo\/\" \/>\n<meta property=\"og:site_name\" content=\"Pressenza\" \/>\n<meta property=\"article:publisher\" content=\"https:\/\/www.facebook.com\/PressenzaItalia\" \/>\n<meta property=\"article:author\" content=\"https:\/\/www.facebook.com\/pressenza\" \/>\n<meta property=\"article:published_time\" content=\"2025-09-16T13:03:21+00:00\" \/>\n<meta property=\"article:modified_time\" content=\"2025-09-16T15:13:43+00:00\" \/>\n<meta property=\"og:image\" content=\"https:\/\/www.pressenza.com\/wp-content\/uploads\/2025\/09\/stella-yanda-adista.jpg\" \/>\n\t<meta property=\"og:image:width\" content=\"480\" \/>\n\t<meta property=\"og:image:height\" content=\"326\" \/>\n\t<meta property=\"og:image:type\" content=\"image\/jpeg\" \/>\n<meta name=\"author\" content=\"Pressenza IPA\" \/>\n<meta name=\"twitter:card\" content=\"summary_large_image\" \/>\n<meta name=\"twitter:creator\" content=\"@PressenzaIPA\" \/>\n<meta name=\"twitter:site\" content=\"@PressenzaIPA\" \/>\n<meta name=\"twitter:label1\" content=\"Scritto da\" \/>\n\t<meta name=\"twitter:data1\" content=\"Pressenza IPA\" \/>\n\t<meta name=\"twitter:label2\" content=\"Tempo di lettura stimato\" \/>\n\t<meta name=\"twitter:data2\" content=\"9 minuti\" \/>\n<script type=\"application\/ld+json\" class=\"yoast-schema-graph\">{\"@context\":\"https:\/\/schema.org\",\"@graph\":[{\"@type\":\"Article\",\"@id\":\"https:\/\/www.pressenza.com\/it\/2025\/09\/bukavu-dalla-parte-del-popolo\/#article\",\"isPartOf\":{\"@id\":\"https:\/\/www.pressenza.com\/it\/2025\/09\/bukavu-dalla-parte-del-popolo\/\"},\"author\":{\"name\":\"Pressenza IPA\",\"@id\":\"https:\/\/www.pressenza.com\/it\/#\/schema\/person\/010e5d02bcf40965427a1289a4cc8d75\"},\"headline\":\"Bukavu: dalla parte del popolo\",\"datePublished\":\"2025-09-16T13:03:21+00:00\",\"dateModified\":\"2025-09-16T15:13:43+00:00\",\"mainEntityOfPage\":{\"@id\":\"https:\/\/www.pressenza.com\/it\/2025\/09\/bukavu-dalla-parte-del-popolo\/\"},\"wordCount\":1532,\"publisher\":{\"@id\":\"https:\/\/www.pressenza.com\/it\/#organization\"},\"image\":{\"@id\":\"https:\/\/www.pressenza.com\/it\/2025\/09\/bukavu-dalla-parte-del-popolo\/#primaryimage\"},\"thumbnailUrl\":\"https:\/\/www.pressenza.com\/wp-content\/uploads\/2025\/09\/stella-yanda-adista.jpg\",\"keywords\":[\"Attivismo sociale\",\"Bukavu\",\"Nord-Kivu\",\"Repubblica Democratica del Congo\",\"Solidarit\u00e9 Paysanne\"],\"articleSection\":[\"Interviste\",\"Politica\"],\"inLanguage\":\"it-IT\"},{\"@type\":\"WebPage\",\"@id\":\"https:\/\/www.pressenza.com\/it\/2025\/09\/bukavu-dalla-parte-del-popolo\/\",\"url\":\"https:\/\/www.pressenza.com\/it\/2025\/09\/bukavu-dalla-parte-del-popolo\/\",\"name\":\"Bukavu: dalla parte del popolo\",\"isPartOf\":{\"@id\":\"https:\/\/www.pressenza.com\/it\/#website\"},\"primaryImageOfPage\":{\"@id\":\"https:\/\/www.pressenza.com\/it\/2025\/09\/bukavu-dalla-parte-del-popolo\/#primaryimage\"},\"image\":{\"@id\":\"https:\/\/www.pressenza.com\/it\/2025\/09\/bukavu-dalla-parte-del-popolo\/#primaryimage\"},\"thumbnailUrl\":\"https:\/\/www.pressenza.com\/wp-content\/uploads\/2025\/09\/stella-yanda-adista.jpg\",\"datePublished\":\"2025-09-16T13:03:21+00:00\",\"dateModified\":\"2025-09-16T15:13:43+00:00\",\"description\":\"Stella Yanda \u00e8 una donna congolese che vive a Bukavu e ha dedicato tutta la sua vita al lavoro sociale, partecipando alla nascita della Societ\u00e0 civile, di\",\"breadcrumb\":{\"@id\":\"https:\/\/www.pressenza.com\/it\/2025\/09\/bukavu-dalla-parte-del-popolo\/#breadcrumb\"},\"inLanguage\":\"it-IT\",\"potentialAction\":[{\"@type\":\"ReadAction\",\"target\":[\"https:\/\/www.pressenza.com\/it\/2025\/09\/bukavu-dalla-parte-del-popolo\/\"]}]},{\"@type\":\"ImageObject\",\"inLanguage\":\"it-IT\",\"@id\":\"https:\/\/www.pressenza.com\/it\/2025\/09\/bukavu-dalla-parte-del-popolo\/#primaryimage\",\"url\":\"https:\/\/www.pressenza.com\/wp-content\/uploads\/2025\/09\/stella-yanda-adista.jpg\",\"contentUrl\":\"https:\/\/www.pressenza.com\/wp-content\/uploads\/2025\/09\/stella-yanda-adista.jpg\",\"width\":480,\"height\":326,\"caption\":\"Stella Yanda\"},{\"@type\":\"BreadcrumbList\",\"@id\":\"https:\/\/www.pressenza.com\/it\/2025\/09\/bukavu-dalla-parte-del-popolo\/#breadcrumb\",\"itemListElement\":[{\"@type\":\"ListItem\",\"position\":1,\"name\":\"Accueil\",\"item\":\"https:\/\/www.pressenza.com\/it\/\"},{\"@type\":\"ListItem\",\"position\":2,\"name\":\"Bukavu: dalla parte del popolo\"}]},{\"@type\":\"WebSite\",\"@id\":\"https:\/\/www.pressenza.com\/it\/#website\",\"url\":\"https:\/\/www.pressenza.com\/it\/\",\"name\":\"Pressenza\",\"description\":\"Agenzia di Stampa Internazionale\",\"publisher\":{\"@id\":\"https:\/\/www.pressenza.com\/it\/#organization\"},\"potentialAction\":[{\"@type\":\"SearchAction\",\"target\":{\"@type\":\"EntryPoint\",\"urlTemplate\":\"https:\/\/www.pressenza.com\/it\/?s={search_term_string}\"},\"query-input\":{\"@type\":\"PropertyValueSpecification\",\"valueRequired\":true,\"valueName\":\"search_term_string\"}}],\"inLanguage\":\"it-IT\"},{\"@type\":\"Organization\",\"@id\":\"https:\/\/www.pressenza.com\/it\/#organization\",\"name\":\"Pressenza\",\"url\":\"https:\/\/www.pressenza.com\/it\/\",\"logo\":{\"@type\":\"ImageObject\",\"inLanguage\":\"it-IT\",\"@id\":\"https:\/\/www.pressenza.com\/it\/#\/schema\/logo\/image\/\",\"url\":\"https:\/\/www.pressenza.com\/wp-content\/uploads\/2022\/10\/pressenza_logo_200x200.jpg\",\"contentUrl\":\"https:\/\/www.pressenza.com\/wp-content\/uploads\/2022\/10\/pressenza_logo_200x200.jpg\",\"width\":200,\"height\":200,\"caption\":\"Pressenza\"},\"image\":{\"@id\":\"https:\/\/www.pressenza.com\/it\/#\/schema\/logo\/image\/\"},\"sameAs\":[\"https:\/\/www.facebook.com\/PressenzaItalia\",\"https:\/\/x.com\/PressenzaIPA\"]},{\"@type\":\"Person\",\"@id\":\"https:\/\/www.pressenza.com\/it\/#\/schema\/person\/010e5d02bcf40965427a1289a4cc8d75\",\"name\":\"Pressenza IPA\",\"description\":\"News from Pressenza IPA correspondents\",\"sameAs\":[\"https:\/\/www.facebook.com\/pressenza\",\"https:\/\/x.com\/PressenzaIPA\"],\"url\":\"https:\/\/www.pressenza.com\/it\/author\/pressenza-ipa\/\"}]}<\/script>\n<!-- \/ Yoast SEO plugin. -->","yoast_head_json":{"title":"Bukavu: dalla parte del popolo","description":"Stella Yanda \u00e8 una donna congolese che vive a Bukavu e ha dedicato tutta la sua vita al lavoro sociale, partecipando alla nascita della Societ\u00e0 civile, di","robots":{"index":"index","follow":"follow","max-snippet":"max-snippet:-1","max-image-preview":"max-image-preview:large","max-video-preview":"max-video-preview:-1"},"canonical":"https:\/\/www.pressenza.com\/it\/2025\/09\/bukavu-dalla-parte-del-popolo\/","og_locale":"it_IT","og_type":"article","og_title":"Bukavu: dalla parte del popolo","og_description":"Stella Yanda \u00e8 una donna congolese che vive a Bukavu e ha dedicato tutta la sua vita al lavoro sociale, partecipando alla nascita della Societ\u00e0 civile, di","og_url":"https:\/\/www.pressenza.com\/it\/2025\/09\/bukavu-dalla-parte-del-popolo\/","og_site_name":"Pressenza","article_publisher":"https:\/\/www.facebook.com\/PressenzaItalia","article_author":"https:\/\/www.facebook.com\/pressenza","article_published_time":"2025-09-16T13:03:21+00:00","article_modified_time":"2025-09-16T15:13:43+00:00","og_image":[{"width":480,"height":326,"url":"https:\/\/www.pressenza.com\/wp-content\/uploads\/2025\/09\/stella-yanda-adista.jpg","type":"image\/jpeg"}],"author":"Pressenza IPA","twitter_card":"summary_large_image","twitter_creator":"@PressenzaIPA","twitter_site":"@PressenzaIPA","twitter_misc":{"Scritto da":"Pressenza IPA","Tempo di lettura stimato":"9 minuti"},"schema":{"@context":"https:\/\/schema.org","@graph":[{"@type":"Article","@id":"https:\/\/www.pressenza.com\/it\/2025\/09\/bukavu-dalla-parte-del-popolo\/#article","isPartOf":{"@id":"https:\/\/www.pressenza.com\/it\/2025\/09\/bukavu-dalla-parte-del-popolo\/"},"author":{"name":"Pressenza IPA","@id":"https:\/\/www.pressenza.com\/it\/#\/schema\/person\/010e5d02bcf40965427a1289a4cc8d75"},"headline":"Bukavu: dalla parte del popolo","datePublished":"2025-09-16T13:03:21+00:00","dateModified":"2025-09-16T15:13:43+00:00","mainEntityOfPage":{"@id":"https:\/\/www.pressenza.com\/it\/2025\/09\/bukavu-dalla-parte-del-popolo\/"},"wordCount":1532,"publisher":{"@id":"https:\/\/www.pressenza.com\/it\/#organization"},"image":{"@id":"https:\/\/www.pressenza.com\/it\/2025\/09\/bukavu-dalla-parte-del-popolo\/#primaryimage"},"thumbnailUrl":"https:\/\/www.pressenza.com\/wp-content\/uploads\/2025\/09\/stella-yanda-adista.jpg","keywords":["Attivismo sociale","Bukavu","Nord-Kivu","Repubblica Democratica del Congo","Solidarit\u00e9 Paysanne"],"articleSection":["Interviste","Politica"],"inLanguage":"it-IT"},{"@type":"WebPage","@id":"https:\/\/www.pressenza.com\/it\/2025\/09\/bukavu-dalla-parte-del-popolo\/","url":"https:\/\/www.pressenza.com\/it\/2025\/09\/bukavu-dalla-parte-del-popolo\/","name":"Bukavu: dalla parte del popolo","isPartOf":{"@id":"https:\/\/www.pressenza.com\/it\/#website"},"primaryImageOfPage":{"@id":"https:\/\/www.pressenza.com\/it\/2025\/09\/bukavu-dalla-parte-del-popolo\/#primaryimage"},"image":{"@id":"https:\/\/www.pressenza.com\/it\/2025\/09\/bukavu-dalla-parte-del-popolo\/#primaryimage"},"thumbnailUrl":"https:\/\/www.pressenza.com\/wp-content\/uploads\/2025\/09\/stella-yanda-adista.jpg","datePublished":"2025-09-16T13:03:21+00:00","dateModified":"2025-09-16T15:13:43+00:00","description":"Stella Yanda \u00e8 una donna congolese che vive a Bukavu e ha dedicato tutta la sua vita al lavoro sociale, partecipando alla nascita della Societ\u00e0 civile, di","breadcrumb":{"@id":"https:\/\/www.pressenza.com\/it\/2025\/09\/bukavu-dalla-parte-del-popolo\/#breadcrumb"},"inLanguage":"it-IT","potentialAction":[{"@type":"ReadAction","target":["https:\/\/www.pressenza.com\/it\/2025\/09\/bukavu-dalla-parte-del-popolo\/"]}]},{"@type":"ImageObject","inLanguage":"it-IT","@id":"https:\/\/www.pressenza.com\/it\/2025\/09\/bukavu-dalla-parte-del-popolo\/#primaryimage","url":"https:\/\/www.pressenza.com\/wp-content\/uploads\/2025\/09\/stella-yanda-adista.jpg","contentUrl":"https:\/\/www.pressenza.com\/wp-content\/uploads\/2025\/09\/stella-yanda-adista.jpg","width":480,"height":326,"caption":"Stella Yanda"},{"@type":"BreadcrumbList","@id":"https:\/\/www.pressenza.com\/it\/2025\/09\/bukavu-dalla-parte-del-popolo\/#breadcrumb","itemListElement":[{"@type":"ListItem","position":1,"name":"Accueil","item":"https:\/\/www.pressenza.com\/it\/"},{"@type":"ListItem","position":2,"name":"Bukavu: dalla parte del popolo"}]},{"@type":"WebSite","@id":"https:\/\/www.pressenza.com\/it\/#website","url":"https:\/\/www.pressenza.com\/it\/","name":"Pressenza","description":"Agenzia di Stampa Internazionale","publisher":{"@id":"https:\/\/www.pressenza.com\/it\/#organization"},"potentialAction":[{"@type":"SearchAction","target":{"@type":"EntryPoint","urlTemplate":"https:\/\/www.pressenza.com\/it\/?s={search_term_string}"},"query-input":{"@type":"PropertyValueSpecification","valueRequired":true,"valueName":"search_term_string"}}],"inLanguage":"it-IT"},{"@type":"Organization","@id":"https:\/\/www.pressenza.com\/it\/#organization","name":"Pressenza","url":"https:\/\/www.pressenza.com\/it\/","logo":{"@type":"ImageObject","inLanguage":"it-IT","@id":"https:\/\/www.pressenza.com\/it\/#\/schema\/logo\/image\/","url":"https:\/\/www.pressenza.com\/wp-content\/uploads\/2022\/10\/pressenza_logo_200x200.jpg","contentUrl":"https:\/\/www.pressenza.com\/wp-content\/uploads\/2022\/10\/pressenza_logo_200x200.jpg","width":200,"height":200,"caption":"Pressenza"},"image":{"@id":"https:\/\/www.pressenza.com\/it\/#\/schema\/logo\/image\/"},"sameAs":["https:\/\/www.facebook.com\/PressenzaItalia","https:\/\/x.com\/PressenzaIPA"]},{"@type":"Person","@id":"https:\/\/www.pressenza.com\/it\/#\/schema\/person\/010e5d02bcf40965427a1289a4cc8d75","name":"Pressenza IPA","description":"News from Pressenza IPA correspondents","sameAs":["https:\/\/www.facebook.com\/pressenza","https:\/\/x.com\/PressenzaIPA"],"url":"https:\/\/www.pressenza.com\/it\/author\/pressenza-ipa\/"}]}},"place":"Bukavu (Congo)","original_article_url":"https:\/\/www.adista.it\/articolo\/74464","_links":{"self":[{"href":"https:\/\/www.pressenza.com\/it\/wp-json\/wp\/v2\/posts\/2635938","targetHints":{"allow":["GET"]}}],"collection":[{"href":"https:\/\/www.pressenza.com\/it\/wp-json\/wp\/v2\/posts"}],"about":[{"href":"https:\/\/www.pressenza.com\/it\/wp-json\/wp\/v2\/types\/post"}],"author":[{"embeddable":true,"href":"https:\/\/www.pressenza.com\/it\/wp-json\/wp\/v2\/users\/19"}],"replies":[{"embeddable":true,"href":"https:\/\/www.pressenza.com\/it\/wp-json\/wp\/v2\/comments?post=2635938"}],"version-history":[{"count":2,"href":"https:\/\/www.pressenza.com\/it\/wp-json\/wp\/v2\/posts\/2635938\/revisions"}],"predecessor-version":[{"id":2635941,"href":"https:\/\/www.pressenza.com\/it\/wp-json\/wp\/v2\/posts\/2635938\/revisions\/2635941"}],"wp:featuredmedia":[{"embeddable":true,"href":"https:\/\/www.pressenza.com\/it\/wp-json\/wp\/v2\/media\/2635939"}],"wp:attachment":[{"href":"https:\/\/www.pressenza.com\/it\/wp-json\/wp\/v2\/media?parent=2635938"}],"wp:term":[{"taxonomy":"category","embeddable":true,"href":"https:\/\/www.pressenza.com\/it\/wp-json\/wp\/v2\/categories?post=2635938"},{"taxonomy":"post_tag","embeddable":true,"href":"https:\/\/www.pressenza.com\/it\/wp-json\/wp\/v2\/tags?post=2635938"}],"curies":[{"name":"wp","href":"https:\/\/api.w.org\/{rel}","templated":true}]}}