{"id":2635911,"date":"2025-09-16T11:00:38","date_gmt":"2025-09-16T10:00:38","guid":{"rendered":"https:\/\/www.pressenza.com\/?p=2635911"},"modified":"2025-09-16T11:00:38","modified_gmt":"2025-09-16T10:00:38","slug":"genocidio-a-gaza-e-altre-notizie","status":"publish","type":"post","link":"https:\/\/www.pressenza.com\/it\/2025\/09\/genocidio-a-gaza-e-altre-notizie\/","title":{"rendered":"Genocidio a Gaza e altre notizie"},"content":{"rendered":"<p><strong>I carri armati israeliani sono entrati a Gaza<\/strong>. Una notte di bombardamenti aerei e con l\u2019artiglieria. Robot esplosivi hanno distrutto e raso al suolo molte case. Ieri sera 37 palazzi sono stati fatti saltare in 20 minuti. Per tutta la notte una pioggia di fuoco sulla testa della popolazione in fuga. Oltre 350.000 palestinesi hanno finora lasciato Gaza Citt\u00e0, dirigendosi verso altre zone della Striscia. Nella scorsa notte altre migliaia si sono messi in cammino con il carico di materassi e coperte sulle spalle. I raid sono continuati &#8220;intensamente in tutta Gaza City&#8221;, dice la Protezione civile della Striscia. &#8220;Morti e feriti continuano ad aumentare&#8221;; molti dispersi sotto le macerie. &#8220;Un grave massacro&#8221;. Nella sola notte almeno 38 le vittime a Gaza citt\u00e0.<\/p>\n<p><strong>\u00c8 stato arrestato il soldato israeliano che ad Atene ha assaltato una manifestazione di solidariet\u00e0 con la Palestina sabato scorso.<\/strong><\/p>\n<p>La <strong>Hind Rajab Foundation<\/strong> lo ha individuato. Si chiama David Hadar ed \u00e8 un sergente della Brigata Golani delle Forze di Occupazione Israeliane, un\u2019unit\u00e0 ripetutamente implicata in crimini di guerra a Gaza. Il suo dossier \u00e8 stato gi\u00e0 presentato alla magistratura greca. HRF \u00e8 un\u2019organizzazione per i diritti umani belga che documenta e denuncia i generali e soldati israeliani che hanno compiuto crimini contro la popolazione civile.\u00a0<a href=\"https:\/\/www.anbamed.it\/2025\/09\/14\/hrf-ha-identificato-il-soldato-israeliano-che-ha-attaccato-la-manifestazione-di-atene\/\" data-saferedirecturl=\"https:\/\/www.google.com\/url?q=https:\/\/www.anbamed.it\/2025\/09\/14\/hrf-ha-identificato-il-soldato-israeliano-che-ha-attaccato-la-manifestazione-di-atene\/&amp;source=gmail&amp;ust=1758095938482000&amp;usg=AOvVaw0MOp6JL7v4Ddv7EtSKja8n\">clicca!<\/a><\/p>\n<p>Un\u2019indagine giornalistica ha appurato che il 2 settembre il cargo militare israeliano atterrato a Sigonella aveva scaricato <strong>i droni<\/strong> che sono serviti per compiere l\u2019attacco alle navi della <strong>Global Sumud Flotilla<\/strong> in Tunisia. I droni israeliani utilizzati per compiere l\u2019attacco criminale sarebbero partiti dalla Sicilia e da Malta. Connivenza con il genocidio.<\/p>\n<p><strong>Music For Peace<\/strong> ha fatto sapere di essere pronta ad avviare le procedure per creare un corridoio umanitario via terra, che consenta di portare i generi alimentari raccolti a Genova alla popolazione palestinese. Si parla di circa 500 tonnellate di generi di prima necessit\u00e0: &#8220;Un impegno straordinario che testimonia la forza della solidariet\u00e0 di migliaia di cittadini, associazioni e realt\u00e0 che hanno voluto contribuire a questo progetto&#8221;.<\/p>\n<p><strong>L&#8217;attrice Hannah Einbinder<\/strong> ha\u00a0 gridato &#8220;Free Palestine!&#8221; nel suo discorso di accettazione degli Emmy. &#8220;Come ebrea, \u00e8 mio dovere distinguere gli ebrei dallo Stato di Israele. La nostra religione e la nostra cultura sono istituzioni cos\u00ec importanti e consolidate che sono davvero separate da questo tipo di Stato etno-nazionalista&#8221; ha aggiunto. <a href=\"https:\/\/x.com\/i\/status\/1967406541541458104\" data-saferedirecturl=\"https:\/\/www.google.com\/url?q=https:\/\/x.com\/i\/status\/1967406541541458104&amp;source=gmail&amp;ust=1758095938482000&amp;usg=AOvVaw2Aes58y73_IgTGBR-cSZkP\">clicca guarda ascolta<\/a>.<\/p>\n","protected":false},"excerpt":{"rendered":"<p>I carri armati israeliani sono entrati a Gaza. Una notte di bombardamenti aerei e con l\u2019artiglieria. Robot esplosivi hanno distrutto e raso al suolo molte case. Ieri sera 37 palazzi sono stati fatti saltare in 20 minuti. Per tutta la&hellip;<\/p>\n","protected":false},"author":2080,"featured_media":2635912,"comment_status":"closed","ping_status":"closed","sticky":false,"template":"","format":"standard","meta":{"footnotes":""},"categories":[107392,60,52,1263],"tags":[2784,1430,1005,9884,139558,142852,142851],"class_list":["post-2635911","post","type-post","status-publish","format-standard","has-post-thumbnail","hentry","category-noticia-it","category-diritti-umani","category-medio-oriente","category-pace-disarmo","tag-droni","tag-esercito-israeliano","tag-gaza","tag-genocidio","tag-global-sumud-flotilla","tag-hannah-einbinder","tag-hind-rajab-foundation"],"yoast_head":"<!-- This site is optimized with the Yoast SEO plugin v27.1.1 - https:\/\/yoast.com\/product\/yoast-seo-wordpress\/ -->\n<title>Genocidio a Gaza e altre notizie<\/title>\n<meta name=\"description\" content=\"I carri armati israeliani sono entrati a Gaza. Una notte di bombardamenti aerei e con l\u2019artiglieria. Robot esplosivi hanno distrutto e raso al suolo molte\" \/>\n<meta name=\"robots\" content=\"index, follow, max-snippet:-1, max-image-preview:large, max-video-preview:-1\" \/>\n<link rel=\"canonical\" href=\"https:\/\/www.pressenza.com\/it\/2025\/09\/genocidio-a-gaza-e-altre-notizie\/\" \/>\n<meta property=\"og:locale\" content=\"it_IT\" \/>\n<meta property=\"og:type\" content=\"article\" \/>\n<meta property=\"og:title\" content=\"Genocidio a Gaza e altre notizie\" \/>\n<meta property=\"og:description\" content=\"I carri armati israeliani sono entrati a Gaza. Una notte di bombardamenti aerei e con l\u2019artiglieria. Robot esplosivi hanno distrutto e raso al suolo molte\" \/>\n<meta property=\"og:url\" content=\"https:\/\/www.pressenza.com\/it\/2025\/09\/genocidio-a-gaza-e-altre-notizie\/\" \/>\n<meta property=\"og:site_name\" content=\"Pressenza\" \/>\n<meta property=\"article:publisher\" content=\"https:\/\/www.facebook.com\/PressenzaItalia\" \/>\n<meta property=\"article:published_time\" content=\"2025-09-16T10:00:38+00:00\" \/>\n<meta property=\"og:image\" content=\"https:\/\/www.pressenza.com\/wp-content\/uploads\/2025\/09\/Hind-Rajab-foundation-rit.jpg\" \/>\n\t<meta property=\"og:image:width\" content=\"689\" \/>\n\t<meta property=\"og:image:height\" content=\"360\" \/>\n\t<meta property=\"og:image:type\" content=\"image\/jpeg\" \/>\n<meta name=\"author\" content=\"ANBAMED\" \/>\n<meta name=\"twitter:card\" content=\"summary_large_image\" \/>\n<meta name=\"twitter:creator\" content=\"@PressenzaIPA\" \/>\n<meta name=\"twitter:site\" content=\"@PressenzaIPA\" \/>\n<meta name=\"twitter:label1\" content=\"Scritto da\" \/>\n\t<meta name=\"twitter:data1\" content=\"ANBAMED\" \/>\n\t<meta name=\"twitter:label2\" content=\"Tempo di lettura stimato\" \/>\n\t<meta name=\"twitter:data2\" content=\"3 minuti\" \/>\n<script type=\"application\/ld+json\" class=\"yoast-schema-graph\">{\"@context\":\"https:\/\/schema.org\",\"@graph\":[{\"@type\":\"Article\",\"@id\":\"https:\/\/www.pressenza.com\/it\/2025\/09\/genocidio-a-gaza-e-altre-notizie\/#article\",\"isPartOf\":{\"@id\":\"https:\/\/www.pressenza.com\/it\/2025\/09\/genocidio-a-gaza-e-altre-notizie\/\"},\"author\":{\"name\":\"ANBAMED\",\"@id\":\"https:\/\/www.pressenza.com\/it\/#\/schema\/person\/9f05db79ca2872d8e94cb459a93831e4\"},\"headline\":\"Genocidio a Gaza e altre notizie\",\"datePublished\":\"2025-09-16T10:00:38+00:00\",\"mainEntityOfPage\":{\"@id\":\"https:\/\/www.pressenza.com\/it\/2025\/09\/genocidio-a-gaza-e-altre-notizie\/\"},\"wordCount\":386,\"publisher\":{\"@id\":\"https:\/\/www.pressenza.com\/it\/#organization\"},\"image\":{\"@id\":\"https:\/\/www.pressenza.com\/it\/2025\/09\/genocidio-a-gaza-e-altre-notizie\/#primaryimage\"},\"thumbnailUrl\":\"https:\/\/www.pressenza.com\/wp-content\/uploads\/2025\/09\/Hind-Rajab-foundation-rit.jpg\",\"keywords\":[\"droni\",\"esercito israeliano\",\"Gaza\",\"genocidio\",\"Global Sumud Flotilla\",\"Hannah Einbinder\",\"Hind Rajab Foundation\"],\"articleSection\":[\"Cronaca\",\"Diritti Umani\",\"Medio Oriente\",\"Pace e Disarmo\"],\"inLanguage\":\"it-IT\"},{\"@type\":\"WebPage\",\"@id\":\"https:\/\/www.pressenza.com\/it\/2025\/09\/genocidio-a-gaza-e-altre-notizie\/\",\"url\":\"https:\/\/www.pressenza.com\/it\/2025\/09\/genocidio-a-gaza-e-altre-notizie\/\",\"name\":\"Genocidio a Gaza e altre notizie\",\"isPartOf\":{\"@id\":\"https:\/\/www.pressenza.com\/it\/#website\"},\"primaryImageOfPage\":{\"@id\":\"https:\/\/www.pressenza.com\/it\/2025\/09\/genocidio-a-gaza-e-altre-notizie\/#primaryimage\"},\"image\":{\"@id\":\"https:\/\/www.pressenza.com\/it\/2025\/09\/genocidio-a-gaza-e-altre-notizie\/#primaryimage\"},\"thumbnailUrl\":\"https:\/\/www.pressenza.com\/wp-content\/uploads\/2025\/09\/Hind-Rajab-foundation-rit.jpg\",\"datePublished\":\"2025-09-16T10:00:38+00:00\",\"description\":\"I carri armati israeliani sono entrati a Gaza. Una notte di bombardamenti aerei e con l\u2019artiglieria. Robot esplosivi hanno distrutto e raso al suolo molte\",\"breadcrumb\":{\"@id\":\"https:\/\/www.pressenza.com\/it\/2025\/09\/genocidio-a-gaza-e-altre-notizie\/#breadcrumb\"},\"inLanguage\":\"it-IT\",\"potentialAction\":[{\"@type\":\"ReadAction\",\"target\":[\"https:\/\/www.pressenza.com\/it\/2025\/09\/genocidio-a-gaza-e-altre-notizie\/\"]}]},{\"@type\":\"ImageObject\",\"inLanguage\":\"it-IT\",\"@id\":\"https:\/\/www.pressenza.com\/it\/2025\/09\/genocidio-a-gaza-e-altre-notizie\/#primaryimage\",\"url\":\"https:\/\/www.pressenza.com\/wp-content\/uploads\/2025\/09\/Hind-Rajab-foundation-rit.jpg\",\"contentUrl\":\"https:\/\/www.pressenza.com\/wp-content\/uploads\/2025\/09\/Hind-Rajab-foundation-rit.jpg\",\"width\":689,\"height\":360},{\"@type\":\"BreadcrumbList\",\"@id\":\"https:\/\/www.pressenza.com\/it\/2025\/09\/genocidio-a-gaza-e-altre-notizie\/#breadcrumb\",\"itemListElement\":[{\"@type\":\"ListItem\",\"position\":1,\"name\":\"Accueil\",\"item\":\"https:\/\/www.pressenza.com\/it\/\"},{\"@type\":\"ListItem\",\"position\":2,\"name\":\"Genocidio a Gaza e altre notizie\"}]},{\"@type\":\"WebSite\",\"@id\":\"https:\/\/www.pressenza.com\/it\/#website\",\"url\":\"https:\/\/www.pressenza.com\/it\/\",\"name\":\"Pressenza\",\"description\":\"Agenzia di Stampa Internazionale\",\"publisher\":{\"@id\":\"https:\/\/www.pressenza.com\/it\/#organization\"},\"potentialAction\":[{\"@type\":\"SearchAction\",\"target\":{\"@type\":\"EntryPoint\",\"urlTemplate\":\"https:\/\/www.pressenza.com\/it\/?s={search_term_string}\"},\"query-input\":{\"@type\":\"PropertyValueSpecification\",\"valueRequired\":true,\"valueName\":\"search_term_string\"}}],\"inLanguage\":\"it-IT\"},{\"@type\":\"Organization\",\"@id\":\"https:\/\/www.pressenza.com\/it\/#organization\",\"name\":\"Pressenza\",\"url\":\"https:\/\/www.pressenza.com\/it\/\",\"logo\":{\"@type\":\"ImageObject\",\"inLanguage\":\"it-IT\",\"@id\":\"https:\/\/www.pressenza.com\/it\/#\/schema\/logo\/image\/\",\"url\":\"https:\/\/www.pressenza.com\/wp-content\/uploads\/2022\/10\/pressenza_logo_200x200.jpg\",\"contentUrl\":\"https:\/\/www.pressenza.com\/wp-content\/uploads\/2022\/10\/pressenza_logo_200x200.jpg\",\"width\":200,\"height\":200,\"caption\":\"Pressenza\"},\"image\":{\"@id\":\"https:\/\/www.pressenza.com\/it\/#\/schema\/logo\/image\/\"},\"sameAs\":[\"https:\/\/www.facebook.com\/PressenzaItalia\",\"https:\/\/x.com\/PressenzaIPA\"]},{\"@type\":\"Person\",\"@id\":\"https:\/\/www.pressenza.com\/it\/#\/schema\/person\/9f05db79ca2872d8e94cb459a93831e4\",\"name\":\"ANBAMED\",\"description\":\"Notizie dal Sud Est del Mediterraneo\",\"sameAs\":[\"https:\/\/www.anbamed.it\/\"],\"url\":\"https:\/\/www.pressenza.com\/it\/author\/anbamed\/\"}]}<\/script>\n<!-- \/ Yoast SEO plugin. -->","yoast_head_json":{"title":"Genocidio a Gaza e altre notizie","description":"I carri armati israeliani sono entrati a Gaza. Una notte di bombardamenti aerei e con l\u2019artiglieria. Robot esplosivi hanno distrutto e raso al suolo molte","robots":{"index":"index","follow":"follow","max-snippet":"max-snippet:-1","max-image-preview":"max-image-preview:large","max-video-preview":"max-video-preview:-1"},"canonical":"https:\/\/www.pressenza.com\/it\/2025\/09\/genocidio-a-gaza-e-altre-notizie\/","og_locale":"it_IT","og_type":"article","og_title":"Genocidio a Gaza e altre notizie","og_description":"I carri armati israeliani sono entrati a Gaza. Una notte di bombardamenti aerei e con l\u2019artiglieria. Robot esplosivi hanno distrutto e raso al suolo molte","og_url":"https:\/\/www.pressenza.com\/it\/2025\/09\/genocidio-a-gaza-e-altre-notizie\/","og_site_name":"Pressenza","article_publisher":"https:\/\/www.facebook.com\/PressenzaItalia","article_published_time":"2025-09-16T10:00:38+00:00","og_image":[{"width":689,"height":360,"url":"https:\/\/www.pressenza.com\/wp-content\/uploads\/2025\/09\/Hind-Rajab-foundation-rit.jpg","type":"image\/jpeg"}],"author":"ANBAMED","twitter_card":"summary_large_image","twitter_creator":"@PressenzaIPA","twitter_site":"@PressenzaIPA","twitter_misc":{"Scritto da":"ANBAMED","Tempo di lettura stimato":"3 minuti"},"schema":{"@context":"https:\/\/schema.org","@graph":[{"@type":"Article","@id":"https:\/\/www.pressenza.com\/it\/2025\/09\/genocidio-a-gaza-e-altre-notizie\/#article","isPartOf":{"@id":"https:\/\/www.pressenza.com\/it\/2025\/09\/genocidio-a-gaza-e-altre-notizie\/"},"author":{"name":"ANBAMED","@id":"https:\/\/www.pressenza.com\/it\/#\/schema\/person\/9f05db79ca2872d8e94cb459a93831e4"},"headline":"Genocidio a Gaza e altre notizie","datePublished":"2025-09-16T10:00:38+00:00","mainEntityOfPage":{"@id":"https:\/\/www.pressenza.com\/it\/2025\/09\/genocidio-a-gaza-e-altre-notizie\/"},"wordCount":386,"publisher":{"@id":"https:\/\/www.pressenza.com\/it\/#organization"},"image":{"@id":"https:\/\/www.pressenza.com\/it\/2025\/09\/genocidio-a-gaza-e-altre-notizie\/#primaryimage"},"thumbnailUrl":"https:\/\/www.pressenza.com\/wp-content\/uploads\/2025\/09\/Hind-Rajab-foundation-rit.jpg","keywords":["droni","esercito israeliano","Gaza","genocidio","Global Sumud Flotilla","Hannah Einbinder","Hind Rajab Foundation"],"articleSection":["Cronaca","Diritti Umani","Medio Oriente","Pace e Disarmo"],"inLanguage":"it-IT"},{"@type":"WebPage","@id":"https:\/\/www.pressenza.com\/it\/2025\/09\/genocidio-a-gaza-e-altre-notizie\/","url":"https:\/\/www.pressenza.com\/it\/2025\/09\/genocidio-a-gaza-e-altre-notizie\/","name":"Genocidio a Gaza e altre notizie","isPartOf":{"@id":"https:\/\/www.pressenza.com\/it\/#website"},"primaryImageOfPage":{"@id":"https:\/\/www.pressenza.com\/it\/2025\/09\/genocidio-a-gaza-e-altre-notizie\/#primaryimage"},"image":{"@id":"https:\/\/www.pressenza.com\/it\/2025\/09\/genocidio-a-gaza-e-altre-notizie\/#primaryimage"},"thumbnailUrl":"https:\/\/www.pressenza.com\/wp-content\/uploads\/2025\/09\/Hind-Rajab-foundation-rit.jpg","datePublished":"2025-09-16T10:00:38+00:00","description":"I carri armati israeliani sono entrati a Gaza. Una notte di bombardamenti aerei e con l\u2019artiglieria. Robot esplosivi hanno distrutto e raso al suolo molte","breadcrumb":{"@id":"https:\/\/www.pressenza.com\/it\/2025\/09\/genocidio-a-gaza-e-altre-notizie\/#breadcrumb"},"inLanguage":"it-IT","potentialAction":[{"@type":"ReadAction","target":["https:\/\/www.pressenza.com\/it\/2025\/09\/genocidio-a-gaza-e-altre-notizie\/"]}]},{"@type":"ImageObject","inLanguage":"it-IT","@id":"https:\/\/www.pressenza.com\/it\/2025\/09\/genocidio-a-gaza-e-altre-notizie\/#primaryimage","url":"https:\/\/www.pressenza.com\/wp-content\/uploads\/2025\/09\/Hind-Rajab-foundation-rit.jpg","contentUrl":"https:\/\/www.pressenza.com\/wp-content\/uploads\/2025\/09\/Hind-Rajab-foundation-rit.jpg","width":689,"height":360},{"@type":"BreadcrumbList","@id":"https:\/\/www.pressenza.com\/it\/2025\/09\/genocidio-a-gaza-e-altre-notizie\/#breadcrumb","itemListElement":[{"@type":"ListItem","position":1,"name":"Accueil","item":"https:\/\/www.pressenza.com\/it\/"},{"@type":"ListItem","position":2,"name":"Genocidio a Gaza e altre notizie"}]},{"@type":"WebSite","@id":"https:\/\/www.pressenza.com\/it\/#website","url":"https:\/\/www.pressenza.com\/it\/","name":"Pressenza","description":"Agenzia di Stampa Internazionale","publisher":{"@id":"https:\/\/www.pressenza.com\/it\/#organization"},"potentialAction":[{"@type":"SearchAction","target":{"@type":"EntryPoint","urlTemplate":"https:\/\/www.pressenza.com\/it\/?s={search_term_string}"},"query-input":{"@type":"PropertyValueSpecification","valueRequired":true,"valueName":"search_term_string"}}],"inLanguage":"it-IT"},{"@type":"Organization","@id":"https:\/\/www.pressenza.com\/it\/#organization","name":"Pressenza","url":"https:\/\/www.pressenza.com\/it\/","logo":{"@type":"ImageObject","inLanguage":"it-IT","@id":"https:\/\/www.pressenza.com\/it\/#\/schema\/logo\/image\/","url":"https:\/\/www.pressenza.com\/wp-content\/uploads\/2022\/10\/pressenza_logo_200x200.jpg","contentUrl":"https:\/\/www.pressenza.com\/wp-content\/uploads\/2022\/10\/pressenza_logo_200x200.jpg","width":200,"height":200,"caption":"Pressenza"},"image":{"@id":"https:\/\/www.pressenza.com\/it\/#\/schema\/logo\/image\/"},"sameAs":["https:\/\/www.facebook.com\/PressenzaItalia","https:\/\/x.com\/PressenzaIPA"]},{"@type":"Person","@id":"https:\/\/www.pressenza.com\/it\/#\/schema\/person\/9f05db79ca2872d8e94cb459a93831e4","name":"ANBAMED","description":"Notizie dal Sud Est del Mediterraneo","sameAs":["https:\/\/www.anbamed.it\/"],"url":"https:\/\/www.pressenza.com\/it\/author\/anbamed\/"}]}},"place":"","original_article_url":"","_links":{"self":[{"href":"https:\/\/www.pressenza.com\/it\/wp-json\/wp\/v2\/posts\/2635911","targetHints":{"allow":["GET"]}}],"collection":[{"href":"https:\/\/www.pressenza.com\/it\/wp-json\/wp\/v2\/posts"}],"about":[{"href":"https:\/\/www.pressenza.com\/it\/wp-json\/wp\/v2\/types\/post"}],"author":[{"embeddable":true,"href":"https:\/\/www.pressenza.com\/it\/wp-json\/wp\/v2\/users\/2080"}],"replies":[{"embeddable":true,"href":"https:\/\/www.pressenza.com\/it\/wp-json\/wp\/v2\/comments?post=2635911"}],"version-history":[{"count":1,"href":"https:\/\/www.pressenza.com\/it\/wp-json\/wp\/v2\/posts\/2635911\/revisions"}],"predecessor-version":[{"id":2635913,"href":"https:\/\/www.pressenza.com\/it\/wp-json\/wp\/v2\/posts\/2635911\/revisions\/2635913"}],"wp:featuredmedia":[{"embeddable":true,"href":"https:\/\/www.pressenza.com\/it\/wp-json\/wp\/v2\/media\/2635912"}],"wp:attachment":[{"href":"https:\/\/www.pressenza.com\/it\/wp-json\/wp\/v2\/media?parent=2635911"}],"wp:term":[{"taxonomy":"category","embeddable":true,"href":"https:\/\/www.pressenza.com\/it\/wp-json\/wp\/v2\/categories?post=2635911"},{"taxonomy":"post_tag","embeddable":true,"href":"https:\/\/www.pressenza.com\/it\/wp-json\/wp\/v2\/tags?post=2635911"}],"curies":[{"name":"wp","href":"https:\/\/api.w.org\/{rel}","templated":true}]}}