{"id":2634377,"date":"2025-09-10T14:03:51","date_gmt":"2025-09-10T13:03:51","guid":{"rendered":"https:\/\/www.pressenza.com\/?p=2634377"},"modified":"2025-09-10T14:03:51","modified_gmt":"2025-09-10T13:03:51","slug":"ucraina-la-guerra-erode-la-democrazia-la-liberta-e-i-diritti-dei-lavoratori","status":"publish","type":"post","link":"https:\/\/www.pressenza.com\/it\/2025\/09\/ucraina-la-guerra-erode-la-democrazia-la-liberta-e-i-diritti-dei-lavoratori\/","title":{"rendered":"Ucraina, la guerra erode la democrazia, la libert\u00e0 e i diritti dei lavoratori"},"content":{"rendered":"<p>Durante <a href=\"https:\/\/www.pressenza.com\/it\/2025\/09\/essere-e-fare-sindacato-a-odessa-durante-la-guerra-il-centro-di-sostegno-psicologico\/\">l&#8217;incontro<\/a> del 26 agosto con le sindacaliste e colleghe dell&#8217;Organizzazione Regionale di Odessa del Sindacato dei lavoratori dell&#8217;Istruzione e della scienza dell&#8217;Ucraina ho avuto un fitto scambio di informazioni e commenti e trovato punti in comune e differenze: l&#8217;aumento di anno in anno del lavoro burocratico (una collega ha usato un termine ucraino che giustamente il correttore automatico ha tradotto in &#8220;scartoffie&#8221;), un lavoro di cui nessuno di noi vede l\u2019utilit\u00e0 dal punto di vista didattico, ma una forma abbastanza esplicita di aziendalizzazione della nostra professione, adottando sistemi per verificare la &#8220;produttivit\u00e0&#8221; del nostro lavoro e per aumentare il controllo da parte del potere politico sulla scuola, sempre guardata con estrema diffidenza da ogni governo.<\/p>\n<p>Al di l\u00e0 delle chiacchiere e delle belle parole, sia in Ucraina che in Italia, il nostro lavoro gode di scarsa considerazione sociale e la causa \u00e8 facile da trovare: in un sistema come il nostro il successo economico \u00e8 il primo e il principale metro di giudizio delle persone: &#8220;Un mafioso conta pi\u00f9 di un bravo insegnante&#8221; ho detto a un certo punto.<\/p>\n<p>Alcune informazioni mi hanno stupito: le donne vanno ancora in pensione a sessant&#8217;anni, invece che ai nostri sessantasette. In Ucraina non esistono classi pollaio: il numero massimo di alunni per classe \u00e8 venti e, immagino nei villaggi rurali, pu\u00f2 scendere fino a cinque alunni.<\/p>\n<p>Mi hanno chiesto se da noi \u00e8 possibile un anno sabbatico retribuito, un miraggio anche di molte mobilitazioni in Italia.<\/p>\n<p>A proposito di salario: io nella scuola primaria, dopo 39 anni di servizio, sono arrivato a prendere circa duemila euro. Qui sembra un\u2019enormit\u00e0, ma quando ho spiegato che ho speso circa centomila euro per comprare un appartamento in un quartiere popolare della periferia di Roma e che devo pagare circa 400 euro mensili di mutuo&#8230;tutto si \u00e8 ridimensionato.<\/p>\n<p>In Ucraina il salario medio di un insegnante non raggiunge i trecento euro. Una famiglia monoreddito sarebbe alla fame ed essendo un lavoro anche qui prettamente femminile la classe sociale di appartenenza dipende dal lavoro del marito: se il marito ha perso il lavoro, se la famiglia ha figli non economicamente autosufficienti, un affitto o un mutuo da pagare, si finisce sotto la soglia della povert\u00e0. Insomma, gli insegnanti ucraini vivacchiano o sopravvivono in una societ\u00e0 in cui una nutrita minoranza si sta addirittura arricchendo grazie all&#8217;economia di guerra.<\/p>\n<p>Per il grande amore che tutti nutrono per l&#8217;Italia, un vero dispiacere \u00e8 che un viaggio da noi risulta proibitivo, a meno di non essere ospitati da parenti che lavorano qui.<\/p>\n<p>&#8220;Come vacanze ci possiamo permettere quindici giorni in tenda in Moldavia o in Romania&#8221; ha detto una collega. Da noi non va poi tanto meglio, ho pensato.<\/p>\n<p>Il vero problema \u00e8 la guerra: la legge marziale taglia le gambe al sindacato, che non pu\u00f2 organizzare proteste con manifestazione di massa, n\u00e9 tanto meno scioperare.<\/p>\n<p>Il risultato \u00e8 che l&#8217;ultimo aumento di stipendio risale a prima della guerra e che da allora l&#8217;inflazione ha eroso in maniera sensibile il potere di acquisto dei\u00a0salari, in un Paese in cui affluiscono &#8220;generose&#8221; risorse economiche da tutto l&#8217;Occidente. Peccato che finiscano in armi e pi\u00f9 in generale in spese militari, arricchendo chi fabbrica armi, chi le vende e chi viene corrotto per comprarle.<\/p>\n<p>Alla fine ho chiesto se potevo fare una domanda scomoda e me l\u2019hanno accordato: &#8220;Cosa potete dirmi sulla strage del 2 maggio del 2014 alla Casa del Sindacato?&#8221;.<\/p>\n<p>Una delle sindacaliste ha risposto in russo, dicendo che gli uffici del sindacato erano chiusi e che non vi sono quindi testimoni diretti dei fatti tra chi lavorava l\u00ec.<\/p>\n<p>Non ho raccolto quindi altre notizie oltre a ci\u00f2 che gi\u00e0 sapevo e che ho raccontato in un <a href=\"https:\/\/www.pressenza.com\/it\/2025\/01\/rogo-della-casa-dei-sindacati-la-memoria-rimossa-di-odessa\/\">articolo<\/a> del gennaio scorso, quando ho visitato Odessa per la prima volta.<\/p>\n<p>Ho domandato se la sede sindacale \u00e8 ancora utilizzata e ho scoperto che in realt\u00e0 due ali laterali (il palazzo ha la forma di una C) non sono state distrutte dal fuoco e che tuttora ospitano gli uffici delle diverse categorie dei lavoratori, compresa la Federazione del Sindacato degli Insegnanti. Ho chiesto di poterla visitare e ci siamo dati appuntamento per il 28 agosto.<\/p>\n<p>Rispetto a gennaio trovo una novit\u00e0 che considero cinicamente provocatoria: una serie di carri armati \u00e8 schierata su Campo Kulikovo con i cannoni che puntano sulla sede sindacale e la scritta indipendenza!<\/p>\n<p><img loading=\"lazy\" decoding=\"async\" class=\"alignnone wp-image-2634380 size-full\" src=\"https:\/\/www.pressenza.com\/wp-content\/uploads\/2025\/09\/Odessa-carro-armato-casa-sindacati-rit.jpg\" alt=\"\" width=\"1920\" height=\"889\" srcset=\"https:\/\/www.pressenza.com\/wp-content\/uploads\/2025\/09\/Odessa-carro-armato-casa-sindacati-rit.jpg 1920w, https:\/\/www.pressenza.com\/wp-content\/uploads\/2025\/09\/Odessa-carro-armato-casa-sindacati-rit-300x139.jpg 300w, https:\/\/www.pressenza.com\/wp-content\/uploads\/2025\/09\/Odessa-carro-armato-casa-sindacati-rit-820x380.jpg 820w\" sizes=\"auto, (max-width: 1920px) 100vw, 1920px\" \/><\/p>\n<p>Mi sembra un monito che esprime minaccia e disprezzo per la memoria di ci\u00f2 che \u00e8 accaduto qui; ben altro significato avrebbe avuto disporre i carri armati\u00a0sul lato opposto della piazza, come a volerla difendere.<\/p>\n<p>Del resto una minoranza aggressiva e violenta di ultra destra, con organizzazioni e partitini finanziati dai servizi segreti di una potenza straniera attraverso un\u2019agenzia tristemente nota nel nostro Paese ha rivendicato senza mezzi termini la strage. Il sito banderista di Pravyj Sektor, Settore Destro, descrisse i fatti come &#8220;una pagina luminosa della nostra Storia nazionale&#8221;, mentre la parlamentare Svoboda Iryna Farion scrisse: &#8220;Lasciate che i diavoli brucino all&#8217;Inferno. I tifosi del calcio sono i ribelli migliori. Bravi!&#8221; Costoro sono quelli che condizionano il presidente, il governo e le amministrazioni locali. A Odessa sono arrivati a imporre la rimozione della statua di Caterina la Grande, fondatrice della citt\u00e0.<\/p>\n<p><img loading=\"lazy\" decoding=\"async\" class=\"alignnone wp-image-2634382 size-full\" src=\"https:\/\/www.pressenza.com\/wp-content\/uploads\/2025\/09\/Odessa-disegni-gessetto.jpeg\" alt=\"\" width=\"1599\" height=\"899\" srcset=\"https:\/\/www.pressenza.com\/wp-content\/uploads\/2025\/09\/Odessa-disegni-gessetto.jpeg 1599w, https:\/\/www.pressenza.com\/wp-content\/uploads\/2025\/09\/Odessa-disegni-gessetto-300x169.jpeg 300w, https:\/\/www.pressenza.com\/wp-content\/uploads\/2025\/09\/Odessa-disegni-gessetto-820x461.jpeg 820w\" sizes=\"auto, (max-width: 1599px) 100vw, 1599px\" \/><\/p>\n<p><img loading=\"lazy\" decoding=\"async\" class=\"alignnone wp-image-2634383 size-full\" src=\"https:\/\/www.pressenza.com\/wp-content\/uploads\/2025\/09\/Odessa-disegni-giovane-morto.jpeg\" alt=\"\" width=\"1599\" height=\"899\" srcset=\"https:\/\/www.pressenza.com\/wp-content\/uploads\/2025\/09\/Odessa-disegni-giovane-morto.jpeg 1599w, https:\/\/www.pressenza.com\/wp-content\/uploads\/2025\/09\/Odessa-disegni-giovane-morto-300x169.jpeg 300w, https:\/\/www.pressenza.com\/wp-content\/uploads\/2025\/09\/Odessa-disegni-giovane-morto-820x461.jpeg 820w\" sizes=\"auto, (max-width: 1599px) 100vw, 1599px\" \/><\/p>\n<p><em>Disegni e scritte ricordano il rogo e le sue vittime.\u00a0<\/em><em>La vittima pi\u00f9 giovane era un membro della Giovent\u00f9 Comunista e aveva 18 anni (era nato nel 1996)<\/em><\/p>\n<p>Una delle\u00a0dirigenti del Sindacato di Odessa, di cui ometto il nome, mi ha accolto nel suo ufficio, che ho raggiunto non senza difficolt\u00e0 in questo labirinto\u00a0di corridoi e stanze. Abbiamo parlato di un sindacato a cui hanno legato le mani e che fa il possibile e l&#8217;impossibile per difendere i diritti dei lavoratori.<\/p>\n<p>Mi ha confidato che non ha nessun rimpianto per l&#8217;era sovietica, che ha conosciuto e vissuto. L&#8217;indipendenza e soprattutto la democrazia e la libert\u00e0 sono state conquiste importanti ed irrinunciabili, ma tutto \u00e8 irrimediabilmente compromesso con la guerra e la legge\u00a0 marziale.<\/p>\n<p>Ho chiesto notizie del sindacalista Gregory Osovyi,\u00a0ex Segretario della FPU, la Confederazione Sindacale Ucraina forte di tre milioni di iscritti, accusato in modo assolutamente pretestuoso di associazione a delinquere, appropriazione indebita e riciclaggio, per la vendita di propriet\u00e0 del\u00a0sindacato, ma in realt\u00e0 per\u00a0la ferma opposizione manifestata fin dal 2019, quando il governo approv\u00f2 una riforma del lavoro iperliberista scritta dal Fondo Monetario\u00a0Internazionale e dalla Banca Mondiale. Ora Gregory \u00e8 libero, ma ha dovuto lasciare il suo posto a un sindacalista pi\u00f9 moderato.<\/p>\n<p>Ho visitato con la guida della dirigente la grande sede del sindacato, che sta provvedendo a proprie spese a ristrutturarla e a renderla via via agibile, anche per poter affittare spazi e ricavare nuove risorse per i lavori.<\/p>\n<p>Ho visto l&#8217;androne di ingresso, i primi piani e le ali laterali ristrutturate, gi\u00e0 utilizzate o da affittare ad uffici, poi mi ha aperto una porta che nasconde tutto l&#8217;orrore di quel giorno: muri anneriti, finestre divelte e vetri lungo le scale. Tutto \u00e8 rimasto come il 2 maggio del 2014, quando la cosmopolita Odessa capitol\u00f2 e inizi\u00f2 la lunga guerra tuttora in corso.<\/p>\n<p><img loading=\"lazy\" decoding=\"async\" class=\"alignnone wp-image-2634379 size-full\" src=\"https:\/\/www.pressenza.com\/wp-content\/uploads\/2025\/09\/Odessa-ingresso-casa-sindacati.jpeg\" alt=\"\" width=\"1600\" height=\"1200\" srcset=\"https:\/\/www.pressenza.com\/wp-content\/uploads\/2025\/09\/Odessa-ingresso-casa-sindacati.jpeg 1600w, https:\/\/www.pressenza.com\/wp-content\/uploads\/2025\/09\/Odessa-ingresso-casa-sindacati-300x225.jpeg 300w, https:\/\/www.pressenza.com\/wp-content\/uploads\/2025\/09\/Odessa-ingresso-casa-sindacati-820x615.jpeg 820w\" sizes=\"auto, (max-width: 1600px) 100vw, 1600px\" \/><\/p>\n<p><img loading=\"lazy\" decoding=\"async\" class=\"alignnone wp-image-2634378 size-full\" src=\"https:\/\/www.pressenza.com\/wp-content\/uploads\/2025\/09\/Odessa-scala-bruciata-rit.jpg\" alt=\"\" width=\"1196\" height=\"1022\" srcset=\"https:\/\/www.pressenza.com\/wp-content\/uploads\/2025\/09\/Odessa-scala-bruciata-rit.jpg 1196w, https:\/\/www.pressenza.com\/wp-content\/uploads\/2025\/09\/Odessa-scala-bruciata-rit-300x256.jpg 300w, https:\/\/www.pressenza.com\/wp-content\/uploads\/2025\/09\/Odessa-scala-bruciata-rit-820x701.jpg 820w\" sizes=\"auto, (max-width: 1196px) 100vw, 1196px\" \/><\/p>\n<p>La lenta ma risoluta ristrutturazione di questo luogo della memoria da parte del sindacato fa onore alle lavoratrici e ai lavoratori che non temono di mostrarsi bilingue d sono uniti nella difesa dei propri diritti irrinunciabili e nell\u2019aspirazione a una pace giusta e vera.<\/p>\n","protected":false},"excerpt":{"rendered":"<p>Durante l&#8217;incontro del 26 agosto con le sindacaliste e colleghe dell&#8217;Organizzazione Regionale di Odessa del Sindacato dei lavoratori dell&#8217;Istruzione e della scienza dell&#8217;Ucraina ho avuto un fitto scambio di informazioni e commenti e trovato punti in comune e differenze: l&#8217;aumento&hellip;<\/p>\n","protected":false},"author":2378,"featured_media":2634384,"comment_status":"closed","ping_status":"closed","sticky":false,"template":"","format":"standard","meta":{"footnotes":""},"categories":[11388,60,62,47],"tags":[105468,365,16327,100565,142560,11094,8514],"class_list":["post-2634377","post","type-post","status-publish","format-standard","has-post-thumbnail","hentry","category-contenuti-originali","category-diritti-umani","category-economia","category-europa","tag-costo-della-vita","tag-guerra","tag-insegnanti","tag-odessa-it","tag-rogo-della-casa-dei-sindacati","tag-salari","tag-ucraina"],"yoast_head":"<!-- This site is optimized with the Yoast SEO plugin v27.1.1 - https:\/\/yoast.com\/product\/yoast-seo-wordpress\/ -->\n<title>Ucraina, la guerra erode la democrazia, la libert\u00e0 e i diritti dei lavoratori<\/title>\n<meta name=\"description\" content=\"Durante l&#039;incontro del 26 agosto con le sindacaliste e colleghe dell&#039;Organizzazione Regionale di Odessa del Sindacato dei lavoratori dell&#039;Istruzione e\" \/>\n<meta name=\"robots\" content=\"index, follow, max-snippet:-1, max-image-preview:large, max-video-preview:-1\" \/>\n<link rel=\"canonical\" href=\"https:\/\/www.pressenza.com\/it\/2025\/09\/ucraina-la-guerra-erode-la-democrazia-la-liberta-e-i-diritti-dei-lavoratori\/\" \/>\n<meta property=\"og:locale\" content=\"it_IT\" \/>\n<meta property=\"og:type\" content=\"article\" \/>\n<meta property=\"og:title\" content=\"Ucraina, la guerra erode la democrazia, la libert\u00e0 e i diritti dei lavoratori\" \/>\n<meta property=\"og:description\" content=\"Durante l&#039;incontro del 26 agosto con le sindacaliste e colleghe dell&#039;Organizzazione Regionale di Odessa del Sindacato dei lavoratori dell&#039;Istruzione e\" \/>\n<meta property=\"og:url\" content=\"https:\/\/www.pressenza.com\/it\/2025\/09\/ucraina-la-guerra-erode-la-democrazia-la-liberta-e-i-diritti-dei-lavoratori\/\" \/>\n<meta property=\"og:site_name\" content=\"Pressenza\" \/>\n<meta property=\"article:publisher\" content=\"https:\/\/www.facebook.com\/PressenzaItalia\" \/>\n<meta property=\"article:published_time\" content=\"2025-09-10T13:03:51+00:00\" \/>\n<meta property=\"og:image\" content=\"https:\/\/www.pressenza.com\/wp-content\/uploads\/2025\/09\/Odessa-carro-armato-1.jpeg\" \/>\n\t<meta property=\"og:image:width\" content=\"2048\" \/>\n\t<meta property=\"og:image:height\" content=\"1536\" \/>\n\t<meta property=\"og:image:type\" content=\"image\/jpeg\" \/>\n<meta name=\"author\" content=\"Mauro Carlo Zanella\" \/>\n<meta name=\"twitter:card\" content=\"summary_large_image\" \/>\n<meta name=\"twitter:creator\" content=\"@PressenzaIPA\" \/>\n<meta name=\"twitter:site\" content=\"@PressenzaIPA\" \/>\n<meta name=\"twitter:label1\" content=\"Scritto da\" \/>\n\t<meta name=\"twitter:data1\" content=\"Mauro Carlo Zanella\" \/>\n\t<meta name=\"twitter:label2\" content=\"Tempo di lettura stimato\" \/>\n\t<meta name=\"twitter:data2\" content=\"8 minuti\" \/>\n<script type=\"application\/ld+json\" class=\"yoast-schema-graph\">{\"@context\":\"https:\/\/schema.org\",\"@graph\":[{\"@type\":\"Article\",\"@id\":\"https:\/\/www.pressenza.com\/it\/2025\/09\/ucraina-la-guerra-erode-la-democrazia-la-liberta-e-i-diritti-dei-lavoratori\/#article\",\"isPartOf\":{\"@id\":\"https:\/\/www.pressenza.com\/it\/2025\/09\/ucraina-la-guerra-erode-la-democrazia-la-liberta-e-i-diritti-dei-lavoratori\/\"},\"author\":{\"name\":\"Mauro Carlo Zanella\",\"@id\":\"https:\/\/www.pressenza.com\/it\/#\/schema\/person\/76e278d7760e85fb4a5a4961b1b46b1d\"},\"headline\":\"Ucraina, la guerra erode la democrazia, la libert\u00e0 e i diritti dei lavoratori\",\"datePublished\":\"2025-09-10T13:03:51+00:00\",\"mainEntityOfPage\":{\"@id\":\"https:\/\/www.pressenza.com\/it\/2025\/09\/ucraina-la-guerra-erode-la-democrazia-la-liberta-e-i-diritti-dei-lavoratori\/\"},\"wordCount\":1236,\"publisher\":{\"@id\":\"https:\/\/www.pressenza.com\/it\/#organization\"},\"image\":{\"@id\":\"https:\/\/www.pressenza.com\/it\/2025\/09\/ucraina-la-guerra-erode-la-democrazia-la-liberta-e-i-diritti-dei-lavoratori\/#primaryimage\"},\"thumbnailUrl\":\"https:\/\/www.pressenza.com\/wp-content\/uploads\/2025\/09\/Odessa-carro-armato-1.jpeg\",\"keywords\":[\"costo della vita\",\"guerra\",\"insegnanti\",\"Odessa\",\"rogo della casa dei sindacati\",\"salari\",\"Ucraina\"],\"articleSection\":[\"contenuti originali\",\"Diritti Umani\",\"Economia\",\"Europa\"],\"inLanguage\":\"it-IT\"},{\"@type\":\"WebPage\",\"@id\":\"https:\/\/www.pressenza.com\/it\/2025\/09\/ucraina-la-guerra-erode-la-democrazia-la-liberta-e-i-diritti-dei-lavoratori\/\",\"url\":\"https:\/\/www.pressenza.com\/it\/2025\/09\/ucraina-la-guerra-erode-la-democrazia-la-liberta-e-i-diritti-dei-lavoratori\/\",\"name\":\"Ucraina, la guerra erode la democrazia, la libert\u00e0 e i diritti dei lavoratori\",\"isPartOf\":{\"@id\":\"https:\/\/www.pressenza.com\/it\/#website\"},\"primaryImageOfPage\":{\"@id\":\"https:\/\/www.pressenza.com\/it\/2025\/09\/ucraina-la-guerra-erode-la-democrazia-la-liberta-e-i-diritti-dei-lavoratori\/#primaryimage\"},\"image\":{\"@id\":\"https:\/\/www.pressenza.com\/it\/2025\/09\/ucraina-la-guerra-erode-la-democrazia-la-liberta-e-i-diritti-dei-lavoratori\/#primaryimage\"},\"thumbnailUrl\":\"https:\/\/www.pressenza.com\/wp-content\/uploads\/2025\/09\/Odessa-carro-armato-1.jpeg\",\"datePublished\":\"2025-09-10T13:03:51+00:00\",\"description\":\"Durante l'incontro del 26 agosto con le sindacaliste e colleghe dell'Organizzazione Regionale di Odessa del Sindacato dei lavoratori dell'Istruzione e\",\"breadcrumb\":{\"@id\":\"https:\/\/www.pressenza.com\/it\/2025\/09\/ucraina-la-guerra-erode-la-democrazia-la-liberta-e-i-diritti-dei-lavoratori\/#breadcrumb\"},\"inLanguage\":\"it-IT\",\"potentialAction\":[{\"@type\":\"ReadAction\",\"target\":[\"https:\/\/www.pressenza.com\/it\/2025\/09\/ucraina-la-guerra-erode-la-democrazia-la-liberta-e-i-diritti-dei-lavoratori\/\"]}]},{\"@type\":\"ImageObject\",\"inLanguage\":\"it-IT\",\"@id\":\"https:\/\/www.pressenza.com\/it\/2025\/09\/ucraina-la-guerra-erode-la-democrazia-la-liberta-e-i-diritti-dei-lavoratori\/#primaryimage\",\"url\":\"https:\/\/www.pressenza.com\/wp-content\/uploads\/2025\/09\/Odessa-carro-armato-1.jpeg\",\"contentUrl\":\"https:\/\/www.pressenza.com\/wp-content\/uploads\/2025\/09\/Odessa-carro-armato-1.jpeg\",\"width\":2048,\"height\":1536},{\"@type\":\"BreadcrumbList\",\"@id\":\"https:\/\/www.pressenza.com\/it\/2025\/09\/ucraina-la-guerra-erode-la-democrazia-la-liberta-e-i-diritti-dei-lavoratori\/#breadcrumb\",\"itemListElement\":[{\"@type\":\"ListItem\",\"position\":1,\"name\":\"Accueil\",\"item\":\"https:\/\/www.pressenza.com\/it\/\"},{\"@type\":\"ListItem\",\"position\":2,\"name\":\"Ucraina, la guerra erode la democrazia, la libert\u00e0 e i diritti dei lavoratori\"}]},{\"@type\":\"WebSite\",\"@id\":\"https:\/\/www.pressenza.com\/it\/#website\",\"url\":\"https:\/\/www.pressenza.com\/it\/\",\"name\":\"Pressenza\",\"description\":\"Agenzia di Stampa Internazionale\",\"publisher\":{\"@id\":\"https:\/\/www.pressenza.com\/it\/#organization\"},\"potentialAction\":[{\"@type\":\"SearchAction\",\"target\":{\"@type\":\"EntryPoint\",\"urlTemplate\":\"https:\/\/www.pressenza.com\/it\/?s={search_term_string}\"},\"query-input\":{\"@type\":\"PropertyValueSpecification\",\"valueRequired\":true,\"valueName\":\"search_term_string\"}}],\"inLanguage\":\"it-IT\"},{\"@type\":\"Organization\",\"@id\":\"https:\/\/www.pressenza.com\/it\/#organization\",\"name\":\"Pressenza\",\"url\":\"https:\/\/www.pressenza.com\/it\/\",\"logo\":{\"@type\":\"ImageObject\",\"inLanguage\":\"it-IT\",\"@id\":\"https:\/\/www.pressenza.com\/it\/#\/schema\/logo\/image\/\",\"url\":\"https:\/\/www.pressenza.com\/wp-content\/uploads\/2022\/10\/pressenza_logo_200x200.jpg\",\"contentUrl\":\"https:\/\/www.pressenza.com\/wp-content\/uploads\/2022\/10\/pressenza_logo_200x200.jpg\",\"width\":200,\"height\":200,\"caption\":\"Pressenza\"},\"image\":{\"@id\":\"https:\/\/www.pressenza.com\/it\/#\/schema\/logo\/image\/\"},\"sameAs\":[\"https:\/\/www.facebook.com\/PressenzaItalia\",\"https:\/\/x.com\/PressenzaIPA\"]},{\"@type\":\"Person\",\"@id\":\"https:\/\/www.pressenza.com\/it\/#\/schema\/person\/76e278d7760e85fb4a5a4961b1b46b1d\",\"name\":\"Mauro Carlo Zanella\",\"url\":\"https:\/\/www.pressenza.com\/it\/author\/mauro-zanella\/\"}]}<\/script>\n<!-- \/ Yoast SEO plugin. -->","yoast_head_json":{"title":"Ucraina, la guerra erode la democrazia, la libert\u00e0 e i diritti dei lavoratori","description":"Durante l'incontro del 26 agosto con le sindacaliste e colleghe dell'Organizzazione Regionale di Odessa del Sindacato dei lavoratori dell'Istruzione e","robots":{"index":"index","follow":"follow","max-snippet":"max-snippet:-1","max-image-preview":"max-image-preview:large","max-video-preview":"max-video-preview:-1"},"canonical":"https:\/\/www.pressenza.com\/it\/2025\/09\/ucraina-la-guerra-erode-la-democrazia-la-liberta-e-i-diritti-dei-lavoratori\/","og_locale":"it_IT","og_type":"article","og_title":"Ucraina, la guerra erode la democrazia, la libert\u00e0 e i diritti dei lavoratori","og_description":"Durante l'incontro del 26 agosto con le sindacaliste e colleghe dell'Organizzazione Regionale di Odessa del Sindacato dei lavoratori dell'Istruzione e","og_url":"https:\/\/www.pressenza.com\/it\/2025\/09\/ucraina-la-guerra-erode-la-democrazia-la-liberta-e-i-diritti-dei-lavoratori\/","og_site_name":"Pressenza","article_publisher":"https:\/\/www.facebook.com\/PressenzaItalia","article_published_time":"2025-09-10T13:03:51+00:00","og_image":[{"width":2048,"height":1536,"url":"https:\/\/www.pressenza.com\/wp-content\/uploads\/2025\/09\/Odessa-carro-armato-1.jpeg","type":"image\/jpeg"}],"author":"Mauro Carlo Zanella","twitter_card":"summary_large_image","twitter_creator":"@PressenzaIPA","twitter_site":"@PressenzaIPA","twitter_misc":{"Scritto da":"Mauro Carlo Zanella","Tempo di lettura stimato":"8 minuti"},"schema":{"@context":"https:\/\/schema.org","@graph":[{"@type":"Article","@id":"https:\/\/www.pressenza.com\/it\/2025\/09\/ucraina-la-guerra-erode-la-democrazia-la-liberta-e-i-diritti-dei-lavoratori\/#article","isPartOf":{"@id":"https:\/\/www.pressenza.com\/it\/2025\/09\/ucraina-la-guerra-erode-la-democrazia-la-liberta-e-i-diritti-dei-lavoratori\/"},"author":{"name":"Mauro Carlo Zanella","@id":"https:\/\/www.pressenza.com\/it\/#\/schema\/person\/76e278d7760e85fb4a5a4961b1b46b1d"},"headline":"Ucraina, la guerra erode la democrazia, la libert\u00e0 e i diritti dei lavoratori","datePublished":"2025-09-10T13:03:51+00:00","mainEntityOfPage":{"@id":"https:\/\/www.pressenza.com\/it\/2025\/09\/ucraina-la-guerra-erode-la-democrazia-la-liberta-e-i-diritti-dei-lavoratori\/"},"wordCount":1236,"publisher":{"@id":"https:\/\/www.pressenza.com\/it\/#organization"},"image":{"@id":"https:\/\/www.pressenza.com\/it\/2025\/09\/ucraina-la-guerra-erode-la-democrazia-la-liberta-e-i-diritti-dei-lavoratori\/#primaryimage"},"thumbnailUrl":"https:\/\/www.pressenza.com\/wp-content\/uploads\/2025\/09\/Odessa-carro-armato-1.jpeg","keywords":["costo della vita","guerra","insegnanti","Odessa","rogo della casa dei sindacati","salari","Ucraina"],"articleSection":["contenuti originali","Diritti Umani","Economia","Europa"],"inLanguage":"it-IT"},{"@type":"WebPage","@id":"https:\/\/www.pressenza.com\/it\/2025\/09\/ucraina-la-guerra-erode-la-democrazia-la-liberta-e-i-diritti-dei-lavoratori\/","url":"https:\/\/www.pressenza.com\/it\/2025\/09\/ucraina-la-guerra-erode-la-democrazia-la-liberta-e-i-diritti-dei-lavoratori\/","name":"Ucraina, la guerra erode la democrazia, la libert\u00e0 e i diritti dei lavoratori","isPartOf":{"@id":"https:\/\/www.pressenza.com\/it\/#website"},"primaryImageOfPage":{"@id":"https:\/\/www.pressenza.com\/it\/2025\/09\/ucraina-la-guerra-erode-la-democrazia-la-liberta-e-i-diritti-dei-lavoratori\/#primaryimage"},"image":{"@id":"https:\/\/www.pressenza.com\/it\/2025\/09\/ucraina-la-guerra-erode-la-democrazia-la-liberta-e-i-diritti-dei-lavoratori\/#primaryimage"},"thumbnailUrl":"https:\/\/www.pressenza.com\/wp-content\/uploads\/2025\/09\/Odessa-carro-armato-1.jpeg","datePublished":"2025-09-10T13:03:51+00:00","description":"Durante l'incontro del 26 agosto con le sindacaliste e colleghe dell'Organizzazione Regionale di Odessa del Sindacato dei lavoratori dell'Istruzione e","breadcrumb":{"@id":"https:\/\/www.pressenza.com\/it\/2025\/09\/ucraina-la-guerra-erode-la-democrazia-la-liberta-e-i-diritti-dei-lavoratori\/#breadcrumb"},"inLanguage":"it-IT","potentialAction":[{"@type":"ReadAction","target":["https:\/\/www.pressenza.com\/it\/2025\/09\/ucraina-la-guerra-erode-la-democrazia-la-liberta-e-i-diritti-dei-lavoratori\/"]}]},{"@type":"ImageObject","inLanguage":"it-IT","@id":"https:\/\/www.pressenza.com\/it\/2025\/09\/ucraina-la-guerra-erode-la-democrazia-la-liberta-e-i-diritti-dei-lavoratori\/#primaryimage","url":"https:\/\/www.pressenza.com\/wp-content\/uploads\/2025\/09\/Odessa-carro-armato-1.jpeg","contentUrl":"https:\/\/www.pressenza.com\/wp-content\/uploads\/2025\/09\/Odessa-carro-armato-1.jpeg","width":2048,"height":1536},{"@type":"BreadcrumbList","@id":"https:\/\/www.pressenza.com\/it\/2025\/09\/ucraina-la-guerra-erode-la-democrazia-la-liberta-e-i-diritti-dei-lavoratori\/#breadcrumb","itemListElement":[{"@type":"ListItem","position":1,"name":"Accueil","item":"https:\/\/www.pressenza.com\/it\/"},{"@type":"ListItem","position":2,"name":"Ucraina, la guerra erode la democrazia, la libert\u00e0 e i diritti dei lavoratori"}]},{"@type":"WebSite","@id":"https:\/\/www.pressenza.com\/it\/#website","url":"https:\/\/www.pressenza.com\/it\/","name":"Pressenza","description":"Agenzia di Stampa Internazionale","publisher":{"@id":"https:\/\/www.pressenza.com\/it\/#organization"},"potentialAction":[{"@type":"SearchAction","target":{"@type":"EntryPoint","urlTemplate":"https:\/\/www.pressenza.com\/it\/?s={search_term_string}"},"query-input":{"@type":"PropertyValueSpecification","valueRequired":true,"valueName":"search_term_string"}}],"inLanguage":"it-IT"},{"@type":"Organization","@id":"https:\/\/www.pressenza.com\/it\/#organization","name":"Pressenza","url":"https:\/\/www.pressenza.com\/it\/","logo":{"@type":"ImageObject","inLanguage":"it-IT","@id":"https:\/\/www.pressenza.com\/it\/#\/schema\/logo\/image\/","url":"https:\/\/www.pressenza.com\/wp-content\/uploads\/2022\/10\/pressenza_logo_200x200.jpg","contentUrl":"https:\/\/www.pressenza.com\/wp-content\/uploads\/2022\/10\/pressenza_logo_200x200.jpg","width":200,"height":200,"caption":"Pressenza"},"image":{"@id":"https:\/\/www.pressenza.com\/it\/#\/schema\/logo\/image\/"},"sameAs":["https:\/\/www.facebook.com\/PressenzaItalia","https:\/\/x.com\/PressenzaIPA"]},{"@type":"Person","@id":"https:\/\/www.pressenza.com\/it\/#\/schema\/person\/76e278d7760e85fb4a5a4961b1b46b1d","name":"Mauro Carlo Zanella","url":"https:\/\/www.pressenza.com\/it\/author\/mauro-zanella\/"}]}},"place":"Odessa, Ucraina","original_article_url":"","_links":{"self":[{"href":"https:\/\/www.pressenza.com\/it\/wp-json\/wp\/v2\/posts\/2634377","targetHints":{"allow":["GET"]}}],"collection":[{"href":"https:\/\/www.pressenza.com\/it\/wp-json\/wp\/v2\/posts"}],"about":[{"href":"https:\/\/www.pressenza.com\/it\/wp-json\/wp\/v2\/types\/post"}],"author":[{"embeddable":true,"href":"https:\/\/www.pressenza.com\/it\/wp-json\/wp\/v2\/users\/2378"}],"replies":[{"embeddable":true,"href":"https:\/\/www.pressenza.com\/it\/wp-json\/wp\/v2\/comments?post=2634377"}],"version-history":[{"count":1,"href":"https:\/\/www.pressenza.com\/it\/wp-json\/wp\/v2\/posts\/2634377\/revisions"}],"predecessor-version":[{"id":2634386,"href":"https:\/\/www.pressenza.com\/it\/wp-json\/wp\/v2\/posts\/2634377\/revisions\/2634386"}],"wp:featuredmedia":[{"embeddable":true,"href":"https:\/\/www.pressenza.com\/it\/wp-json\/wp\/v2\/media\/2634384"}],"wp:attachment":[{"href":"https:\/\/www.pressenza.com\/it\/wp-json\/wp\/v2\/media?parent=2634377"}],"wp:term":[{"taxonomy":"category","embeddable":true,"href":"https:\/\/www.pressenza.com\/it\/wp-json\/wp\/v2\/categories?post=2634377"},{"taxonomy":"post_tag","embeddable":true,"href":"https:\/\/www.pressenza.com\/it\/wp-json\/wp\/v2\/tags?post=2634377"}],"curies":[{"name":"wp","href":"https:\/\/api.w.org\/{rel}","templated":true}]}}