{"id":2634314,"date":"2025-09-10T08:29:14","date_gmt":"2025-09-10T07:29:14","guid":{"rendered":"https:\/\/www.pressenza.com\/?p=2634314"},"modified":"2025-09-10T09:14:59","modified_gmt":"2025-09-10T08:14:59","slug":"sulla-flotilla-piovono-droni","status":"publish","type":"post","link":"https:\/\/www.pressenza.com\/it\/2025\/09\/sulla-flotilla-piovono-droni\/","title":{"rendered":"Sulla Flotilla piovono\u00a0droni"},"content":{"rendered":"<p>Un nuovo drone ha attaccato nella notte di questo marted\u00ec una delle navi della Global Sumud Flotilla, provocando un incendio sul ponte che \u00e8 stato domato pochi minuti dopo. L\u2019apparecchio ha lanciato un proiettile sull\u2019imbarcazione Alma, battente bandiera britannica, che si trovava ormeggiata di fronte al porto di Tunisi, ed in questa occasione \u00e8 caduto vicino ad almeno uno dei membri dell\u2019equipaggio che si trovavano nella parte anteriore della nave. Nessuno \u00e8 rimasto ferito e sono stati segnalati solo danni minori all\u2019imbarcazione. Il protocollo previsto in queste situazioni \u00e8 stato attivato immediatamente ed \u00e8 risultato efficace.<\/p>\n<p>Si tratta dello stesso modus operandi utilizzato nell\u2019attacco avvenuto appena 24 ore prima contro la Familia Madeira l\u2019imbarcazione sulla quale viaggiano gli organizzatori e i volti pi\u00f9 noti della Global Sumud Flotilla, tra cui Greta Thunberg, Thiago Avila, Yasmin Acar e Ada Colau, ex sindaca di Barcellona. La polizia tunisina si \u00e8 recata sul posto, mentre alcuni testimoni nel porto hanno visto altri droni sorvolare la zona, incluso uno delle autorit\u00e0 costiere. Sar\u00e0 difficile per i tunisini continuare a dire che sono incidenti legati ad autocombustione. Il timore di nuovi attacchi durante la notte non si \u00e8 ancora dissipato, perci\u00f2 la sorveglianza \u00e8 stata intensificata e diversi organizzatori si sono spostati al porto. \u00c8 stata aperta un\u2019indagine per conoscere pi\u00f9 dettagli su quanto accaduto.<\/p>\n<p>\u201cSi tratta del secondo attacco di questo tipo in due giorni. Questi attacchi avvengono durante l\u2019intensificarsi dell\u2019aggressione israeliana contro i palestinesi a Gaza e sono un tentativo di distrarre e far deragliare la nostra missione\u201d, hanno dichiarato dall\u2019organizzazione. Inoltre, hanno aggiunto che la Global Sumud Flotilla \u201cprosegue senza esitazione\u201d e hanno assicurato che la missione di rompere il blocco israeliano e portare aiuti umanitari a Gaza \u201ccontinua con determinazione e fermezza\u201d.<\/p>\n<p>Dopo il primo attacco, il comitato direttivo della flottiglia ha riunito i partecipanti questo marted\u00ec per ricordare loro i protocolli su come devono agire in tali situazioni e ha chiesto di prendere la massima precauzione. Le guardie sulle imbarcazioni sono state rafforzate per affrontare efficacemente queste eventualit\u00e0.<\/p>\n<p>\u201cIl loro unico obiettivo \u00e8 fermare le oltre 250 persone provenienti da 45 Paesi che viaggeranno fino a Gaza con aiuti umanitari. \u00c8 lo stesso tentativo di logoramento psicologico\u201d, ha dichiarato dal porto Saif Abukeshek, uno degli organizzatori della Global Sumud Flotilla. \u201cCosa ci si pu\u00f2 aspettare da un Paese che lancia bombe contro ospedali e scuole e uccide bambini?\u201d ha aggiunto.<\/p>\n<p>Decine di persone si erano radunate in precedenza nei dintorni del porto di Tunisi per manifestare il proprio sostegno alla missione, con grida a favore della Palestina e diversi fumogeni accesi, cosa che inizialmente aveva generato confusione.<\/p>\n<p>Secondo la pianificazione ufficiale, la partenza della flottiglia da Tunisi con circa 40 barche dovrebbe avvenire questo mercoled\u00ec, ma gli incidenti degli ultimi due giorni e i problemi meccanici di alcune imbarcazioni potrebbero ritardare la partenza di circa 24 ore.<\/p>\n","protected":false},"excerpt":{"rendered":"<p>Un nuovo drone ha attaccato nella notte di questo marted\u00ec una delle navi della Global Sumud Flotilla, provocando un incendio sul ponte che \u00e8 stato domato pochi minuti dopo. L\u2019apparecchio ha lanciato un proiettile sull\u2019imbarcazione Alma, battente bandiera britannica, che&hellip;<\/p>\n","protected":false},"author":2503,"featured_media":2632541,"comment_status":"closed","ping_status":"closed","sticky":false,"template":"","format":"standard","meta":{"footnotes":""},"categories":[45,11388,107392,60,1263],"tags":[134543,1005,139558],"class_list":["post-2634314","post","type-post","status-publish","format-standard","has-post-thumbnail","hentry","category-africa-it","category-contenuti-originali","category-noticia-it","category-diritti-umani","category-pace-disarmo","tag-drone-israeliano","tag-gaza","tag-global-sumud-flotilla"],"yoast_head":"<!-- This site is optimized with the Yoast SEO plugin v27.1.1 - https:\/\/yoast.com\/product\/yoast-seo-wordpress\/ -->\n<title>Sulla Flotilla piovono\u00a0droni<\/title>\n<meta name=\"description\" content=\"Un nuovo drone ha attaccato nella notte di questo marted\u00ec una delle navi della Global Sumud Flotilla, provocando un incendio sul ponte che \u00e8 stato domato\" \/>\n<meta name=\"robots\" content=\"index, follow, max-snippet:-1, max-image-preview:large, max-video-preview:-1\" \/>\n<link rel=\"canonical\" href=\"https:\/\/www.pressenza.com\/it\/2025\/09\/sulla-flotilla-piovono-droni\/\" \/>\n<meta property=\"og:locale\" content=\"it_IT\" \/>\n<meta property=\"og:type\" content=\"article\" \/>\n<meta property=\"og:title\" content=\"Sulla Flotilla piovono\u00a0droni\" \/>\n<meta property=\"og:description\" content=\"Un nuovo drone ha attaccato nella notte di questo marted\u00ec una delle navi della Global Sumud Flotilla, provocando un incendio sul ponte che \u00e8 stato domato\" \/>\n<meta property=\"og:url\" content=\"https:\/\/www.pressenza.com\/it\/2025\/09\/sulla-flotilla-piovono-droni\/\" \/>\n<meta property=\"og:site_name\" content=\"Pressenza\" \/>\n<meta property=\"article:publisher\" content=\"https:\/\/www.facebook.com\/PressenzaItalia\" \/>\n<meta property=\"article:published_time\" content=\"2025-09-10T07:29:14+00:00\" \/>\n<meta property=\"article:modified_time\" content=\"2025-09-10T08:14:59+00:00\" \/>\n<meta property=\"og:image\" content=\"https:\/\/www.pressenza.com\/wp-content\/uploads\/2025\/09\/buon-vento-GSF.jpg\" \/>\n\t<meta property=\"og:image:width\" content=\"1080\" \/>\n\t<meta property=\"og:image:height\" content=\"1122\" \/>\n\t<meta property=\"og:image:type\" content=\"image\/jpeg\" \/>\n<meta name=\"author\" content=\"Manfredo Pavoni Gay\" \/>\n<meta name=\"twitter:card\" content=\"summary_large_image\" \/>\n<meta name=\"twitter:creator\" content=\"@PressenzaIPA\" \/>\n<meta name=\"twitter:site\" content=\"@PressenzaIPA\" \/>\n<meta name=\"twitter:label1\" content=\"Scritto da\" \/>\n\t<meta name=\"twitter:data1\" content=\"Manfredo Pavoni Gay\" \/>\n\t<meta name=\"twitter:label2\" content=\"Tempo di lettura stimato\" \/>\n\t<meta name=\"twitter:data2\" content=\"3 minuti\" \/>\n<script type=\"application\/ld+json\" class=\"yoast-schema-graph\">{\"@context\":\"https:\/\/schema.org\",\"@graph\":[{\"@type\":\"Article\",\"@id\":\"https:\/\/www.pressenza.com\/it\/2025\/09\/sulla-flotilla-piovono-droni\/#article\",\"isPartOf\":{\"@id\":\"https:\/\/www.pressenza.com\/it\/2025\/09\/sulla-flotilla-piovono-droni\/\"},\"author\":{\"name\":\"Manfredo Pavoni Gay\",\"@id\":\"https:\/\/www.pressenza.com\/it\/#\/schema\/person\/471dc9cf89b8c347b11a03357c83558e\"},\"headline\":\"Sulla Flotilla piovono\u00a0droni\",\"datePublished\":\"2025-09-10T07:29:14+00:00\",\"dateModified\":\"2025-09-10T08:14:59+00:00\",\"mainEntityOfPage\":{\"@id\":\"https:\/\/www.pressenza.com\/it\/2025\/09\/sulla-flotilla-piovono-droni\/\"},\"wordCount\":475,\"publisher\":{\"@id\":\"https:\/\/www.pressenza.com\/it\/#organization\"},\"image\":{\"@id\":\"https:\/\/www.pressenza.com\/it\/2025\/09\/sulla-flotilla-piovono-droni\/#primaryimage\"},\"thumbnailUrl\":\"https:\/\/www.pressenza.com\/wp-content\/uploads\/2025\/09\/buon-vento-GSF.jpg\",\"keywords\":[\"drone israeliano\",\"Gaza\",\"Global Sumud Flotilla\"],\"articleSection\":[\"Africa\",\"contenuti originali\",\"Cronaca\",\"Diritti Umani\",\"Pace e Disarmo\"],\"inLanguage\":\"it-IT\"},{\"@type\":\"WebPage\",\"@id\":\"https:\/\/www.pressenza.com\/it\/2025\/09\/sulla-flotilla-piovono-droni\/\",\"url\":\"https:\/\/www.pressenza.com\/it\/2025\/09\/sulla-flotilla-piovono-droni\/\",\"name\":\"Sulla Flotilla piovono\u00a0droni\",\"isPartOf\":{\"@id\":\"https:\/\/www.pressenza.com\/it\/#website\"},\"primaryImageOfPage\":{\"@id\":\"https:\/\/www.pressenza.com\/it\/2025\/09\/sulla-flotilla-piovono-droni\/#primaryimage\"},\"image\":{\"@id\":\"https:\/\/www.pressenza.com\/it\/2025\/09\/sulla-flotilla-piovono-droni\/#primaryimage\"},\"thumbnailUrl\":\"https:\/\/www.pressenza.com\/wp-content\/uploads\/2025\/09\/buon-vento-GSF.jpg\",\"datePublished\":\"2025-09-10T07:29:14+00:00\",\"dateModified\":\"2025-09-10T08:14:59+00:00\",\"description\":\"Un nuovo drone ha attaccato nella notte di questo marted\u00ec una delle navi della Global Sumud Flotilla, provocando un incendio sul ponte che \u00e8 stato domato\",\"breadcrumb\":{\"@id\":\"https:\/\/www.pressenza.com\/it\/2025\/09\/sulla-flotilla-piovono-droni\/#breadcrumb\"},\"inLanguage\":\"it-IT\",\"potentialAction\":[{\"@type\":\"ReadAction\",\"target\":[\"https:\/\/www.pressenza.com\/it\/2025\/09\/sulla-flotilla-piovono-droni\/\"]}]},{\"@type\":\"ImageObject\",\"inLanguage\":\"it-IT\",\"@id\":\"https:\/\/www.pressenza.com\/it\/2025\/09\/sulla-flotilla-piovono-droni\/#primaryimage\",\"url\":\"https:\/\/www.pressenza.com\/wp-content\/uploads\/2025\/09\/buon-vento-GSF.jpg\",\"contentUrl\":\"https:\/\/www.pressenza.com\/wp-content\/uploads\/2025\/09\/buon-vento-GSF.jpg\",\"width\":1080,\"height\":1122},{\"@type\":\"BreadcrumbList\",\"@id\":\"https:\/\/www.pressenza.com\/it\/2025\/09\/sulla-flotilla-piovono-droni\/#breadcrumb\",\"itemListElement\":[{\"@type\":\"ListItem\",\"position\":1,\"name\":\"Accueil\",\"item\":\"https:\/\/www.pressenza.com\/it\/\"},{\"@type\":\"ListItem\",\"position\":2,\"name\":\"Sulla Flotilla piovono\u00a0droni\"}]},{\"@type\":\"WebSite\",\"@id\":\"https:\/\/www.pressenza.com\/it\/#website\",\"url\":\"https:\/\/www.pressenza.com\/it\/\",\"name\":\"Pressenza\",\"description\":\"Agenzia di Stampa Internazionale\",\"publisher\":{\"@id\":\"https:\/\/www.pressenza.com\/it\/#organization\"},\"potentialAction\":[{\"@type\":\"SearchAction\",\"target\":{\"@type\":\"EntryPoint\",\"urlTemplate\":\"https:\/\/www.pressenza.com\/it\/?s={search_term_string}\"},\"query-input\":{\"@type\":\"PropertyValueSpecification\",\"valueRequired\":true,\"valueName\":\"search_term_string\"}}],\"inLanguage\":\"it-IT\"},{\"@type\":\"Organization\",\"@id\":\"https:\/\/www.pressenza.com\/it\/#organization\",\"name\":\"Pressenza\",\"url\":\"https:\/\/www.pressenza.com\/it\/\",\"logo\":{\"@type\":\"ImageObject\",\"inLanguage\":\"it-IT\",\"@id\":\"https:\/\/www.pressenza.com\/it\/#\/schema\/logo\/image\/\",\"url\":\"https:\/\/www.pressenza.com\/wp-content\/uploads\/2022\/10\/pressenza_logo_200x200.jpg\",\"contentUrl\":\"https:\/\/www.pressenza.com\/wp-content\/uploads\/2022\/10\/pressenza_logo_200x200.jpg\",\"width\":200,\"height\":200,\"caption\":\"Pressenza\"},\"image\":{\"@id\":\"https:\/\/www.pressenza.com\/it\/#\/schema\/logo\/image\/\"},\"sameAs\":[\"https:\/\/www.facebook.com\/PressenzaItalia\",\"https:\/\/x.com\/PressenzaIPA\"]},{\"@type\":\"Person\",\"@id\":\"https:\/\/www.pressenza.com\/it\/#\/schema\/person\/471dc9cf89b8c347b11a03357c83558e\",\"name\":\"Manfredo Pavoni Gay\",\"url\":\"https:\/\/www.pressenza.com\/it\/author\/m-pavoni_gay\/\"}]}<\/script>\n<!-- \/ Yoast SEO plugin. -->","yoast_head_json":{"title":"Sulla Flotilla piovono\u00a0droni","description":"Un nuovo drone ha attaccato nella notte di questo marted\u00ec una delle navi della Global Sumud Flotilla, provocando un incendio sul ponte che \u00e8 stato domato","robots":{"index":"index","follow":"follow","max-snippet":"max-snippet:-1","max-image-preview":"max-image-preview:large","max-video-preview":"max-video-preview:-1"},"canonical":"https:\/\/www.pressenza.com\/it\/2025\/09\/sulla-flotilla-piovono-droni\/","og_locale":"it_IT","og_type":"article","og_title":"Sulla Flotilla piovono\u00a0droni","og_description":"Un nuovo drone ha attaccato nella notte di questo marted\u00ec una delle navi della Global Sumud Flotilla, provocando un incendio sul ponte che \u00e8 stato domato","og_url":"https:\/\/www.pressenza.com\/it\/2025\/09\/sulla-flotilla-piovono-droni\/","og_site_name":"Pressenza","article_publisher":"https:\/\/www.facebook.com\/PressenzaItalia","article_published_time":"2025-09-10T07:29:14+00:00","article_modified_time":"2025-09-10T08:14:59+00:00","og_image":[{"width":1080,"height":1122,"url":"https:\/\/www.pressenza.com\/wp-content\/uploads\/2025\/09\/buon-vento-GSF.jpg","type":"image\/jpeg"}],"author":"Manfredo Pavoni Gay","twitter_card":"summary_large_image","twitter_creator":"@PressenzaIPA","twitter_site":"@PressenzaIPA","twitter_misc":{"Scritto da":"Manfredo Pavoni Gay","Tempo di lettura stimato":"3 minuti"},"schema":{"@context":"https:\/\/schema.org","@graph":[{"@type":"Article","@id":"https:\/\/www.pressenza.com\/it\/2025\/09\/sulla-flotilla-piovono-droni\/#article","isPartOf":{"@id":"https:\/\/www.pressenza.com\/it\/2025\/09\/sulla-flotilla-piovono-droni\/"},"author":{"name":"Manfredo Pavoni Gay","@id":"https:\/\/www.pressenza.com\/it\/#\/schema\/person\/471dc9cf89b8c347b11a03357c83558e"},"headline":"Sulla Flotilla piovono\u00a0droni","datePublished":"2025-09-10T07:29:14+00:00","dateModified":"2025-09-10T08:14:59+00:00","mainEntityOfPage":{"@id":"https:\/\/www.pressenza.com\/it\/2025\/09\/sulla-flotilla-piovono-droni\/"},"wordCount":475,"publisher":{"@id":"https:\/\/www.pressenza.com\/it\/#organization"},"image":{"@id":"https:\/\/www.pressenza.com\/it\/2025\/09\/sulla-flotilla-piovono-droni\/#primaryimage"},"thumbnailUrl":"https:\/\/www.pressenza.com\/wp-content\/uploads\/2025\/09\/buon-vento-GSF.jpg","keywords":["drone israeliano","Gaza","Global Sumud Flotilla"],"articleSection":["Africa","contenuti originali","Cronaca","Diritti Umani","Pace e Disarmo"],"inLanguage":"it-IT"},{"@type":"WebPage","@id":"https:\/\/www.pressenza.com\/it\/2025\/09\/sulla-flotilla-piovono-droni\/","url":"https:\/\/www.pressenza.com\/it\/2025\/09\/sulla-flotilla-piovono-droni\/","name":"Sulla Flotilla piovono\u00a0droni","isPartOf":{"@id":"https:\/\/www.pressenza.com\/it\/#website"},"primaryImageOfPage":{"@id":"https:\/\/www.pressenza.com\/it\/2025\/09\/sulla-flotilla-piovono-droni\/#primaryimage"},"image":{"@id":"https:\/\/www.pressenza.com\/it\/2025\/09\/sulla-flotilla-piovono-droni\/#primaryimage"},"thumbnailUrl":"https:\/\/www.pressenza.com\/wp-content\/uploads\/2025\/09\/buon-vento-GSF.jpg","datePublished":"2025-09-10T07:29:14+00:00","dateModified":"2025-09-10T08:14:59+00:00","description":"Un nuovo drone ha attaccato nella notte di questo marted\u00ec una delle navi della Global Sumud Flotilla, provocando un incendio sul ponte che \u00e8 stato domato","breadcrumb":{"@id":"https:\/\/www.pressenza.com\/it\/2025\/09\/sulla-flotilla-piovono-droni\/#breadcrumb"},"inLanguage":"it-IT","potentialAction":[{"@type":"ReadAction","target":["https:\/\/www.pressenza.com\/it\/2025\/09\/sulla-flotilla-piovono-droni\/"]}]},{"@type":"ImageObject","inLanguage":"it-IT","@id":"https:\/\/www.pressenza.com\/it\/2025\/09\/sulla-flotilla-piovono-droni\/#primaryimage","url":"https:\/\/www.pressenza.com\/wp-content\/uploads\/2025\/09\/buon-vento-GSF.jpg","contentUrl":"https:\/\/www.pressenza.com\/wp-content\/uploads\/2025\/09\/buon-vento-GSF.jpg","width":1080,"height":1122},{"@type":"BreadcrumbList","@id":"https:\/\/www.pressenza.com\/it\/2025\/09\/sulla-flotilla-piovono-droni\/#breadcrumb","itemListElement":[{"@type":"ListItem","position":1,"name":"Accueil","item":"https:\/\/www.pressenza.com\/it\/"},{"@type":"ListItem","position":2,"name":"Sulla Flotilla piovono\u00a0droni"}]},{"@type":"WebSite","@id":"https:\/\/www.pressenza.com\/it\/#website","url":"https:\/\/www.pressenza.com\/it\/","name":"Pressenza","description":"Agenzia di Stampa Internazionale","publisher":{"@id":"https:\/\/www.pressenza.com\/it\/#organization"},"potentialAction":[{"@type":"SearchAction","target":{"@type":"EntryPoint","urlTemplate":"https:\/\/www.pressenza.com\/it\/?s={search_term_string}"},"query-input":{"@type":"PropertyValueSpecification","valueRequired":true,"valueName":"search_term_string"}}],"inLanguage":"it-IT"},{"@type":"Organization","@id":"https:\/\/www.pressenza.com\/it\/#organization","name":"Pressenza","url":"https:\/\/www.pressenza.com\/it\/","logo":{"@type":"ImageObject","inLanguage":"it-IT","@id":"https:\/\/www.pressenza.com\/it\/#\/schema\/logo\/image\/","url":"https:\/\/www.pressenza.com\/wp-content\/uploads\/2022\/10\/pressenza_logo_200x200.jpg","contentUrl":"https:\/\/www.pressenza.com\/wp-content\/uploads\/2022\/10\/pressenza_logo_200x200.jpg","width":200,"height":200,"caption":"Pressenza"},"image":{"@id":"https:\/\/www.pressenza.com\/it\/#\/schema\/logo\/image\/"},"sameAs":["https:\/\/www.facebook.com\/PressenzaItalia","https:\/\/x.com\/PressenzaIPA"]},{"@type":"Person","@id":"https:\/\/www.pressenza.com\/it\/#\/schema\/person\/471dc9cf89b8c347b11a03357c83558e","name":"Manfredo Pavoni Gay","url":"https:\/\/www.pressenza.com\/it\/author\/m-pavoni_gay\/"}]}},"place":"","original_article_url":"","_links":{"self":[{"href":"https:\/\/www.pressenza.com\/it\/wp-json\/wp\/v2\/posts\/2634314","targetHints":{"allow":["GET"]}}],"collection":[{"href":"https:\/\/www.pressenza.com\/it\/wp-json\/wp\/v2\/posts"}],"about":[{"href":"https:\/\/www.pressenza.com\/it\/wp-json\/wp\/v2\/types\/post"}],"author":[{"embeddable":true,"href":"https:\/\/www.pressenza.com\/it\/wp-json\/wp\/v2\/users\/2503"}],"replies":[{"embeddable":true,"href":"https:\/\/www.pressenza.com\/it\/wp-json\/wp\/v2\/comments?post=2634314"}],"version-history":[{"count":5,"href":"https:\/\/www.pressenza.com\/it\/wp-json\/wp\/v2\/posts\/2634314\/revisions"}],"predecessor-version":[{"id":2634332,"href":"https:\/\/www.pressenza.com\/it\/wp-json\/wp\/v2\/posts\/2634314\/revisions\/2634332"}],"wp:featuredmedia":[{"embeddable":true,"href":"https:\/\/www.pressenza.com\/it\/wp-json\/wp\/v2\/media\/2632541"}],"wp:attachment":[{"href":"https:\/\/www.pressenza.com\/it\/wp-json\/wp\/v2\/media?parent=2634314"}],"wp:term":[{"taxonomy":"category","embeddable":true,"href":"https:\/\/www.pressenza.com\/it\/wp-json\/wp\/v2\/categories?post=2634314"},{"taxonomy":"post_tag","embeddable":true,"href":"https:\/\/www.pressenza.com\/it\/wp-json\/wp\/v2\/tags?post=2634314"}],"curies":[{"name":"wp","href":"https:\/\/api.w.org\/{rel}","templated":true}]}}