{"id":2633765,"date":"2025-09-07T19:45:13","date_gmt":"2025-09-07T18:45:13","guid":{"rendered":"https:\/\/www.pressenza.com\/?p=2633765"},"modified":"2025-09-07T19:45:13","modified_gmt":"2025-09-07T18:45:13","slug":"appello-allazione-immediata-per-garantire-laccesso-umanitario-a-gaza-e-per-porre-fine-al-genocidio-del-popolo-palestinese","status":"publish","type":"post","link":"https:\/\/www.pressenza.com\/it\/2025\/09\/appello-allazione-immediata-per-garantire-laccesso-umanitario-a-gaza-e-per-porre-fine-al-genocidio-del-popolo-palestinese\/","title":{"rendered":"Appello all\u2019azione immediata per garantire l\u2019accesso umanitario a Gaza e per porre fine al genocidio del popolo palestinese"},"content":{"rendered":"<p>In qualit\u00e0 di rappresentanti eletti da tutto il mondo<strong><u><sup>1<\/sup><\/u><\/strong>, ci uniamo in un appello urgente rivolto a tutti i governi e agli organismi internazionali. Chiediamo a tutti i governi quanto segue:<\/p>\n<p><strong>Corridoio umanitario immediato.<\/strong><br \/>\nInvitiamo tutti gli Stati e le autorit\u00e0 competenti a prendere ogni possibile misura per garantire, come minimo indispensabile, l\u2019apertura di un corridoio umanitario sicuro e continuativo verso Gaza. Questo \u00e8 un imperativo morale, giuridico e umanitario. I civili devono avere accesso agli aiuti vitali senza ostacoli n\u00e9 ritardi.<\/p>\n<p><strong>Protezione dell\u2019azione della societ\u00e0 civile, la Global Sumud Flotilla. <\/strong>Ribadiamo il diritto e il dovere della societ\u00e0 civile di partecipare attivamente a iniziative umanitarie pacifiche e nonviolente. La Global Sumud Flotilla, impegnata a consegnare aiuti e a esprimere solidariet\u00e0 con il popolo di Gaza, deve essere pienamente protetta. Invitiamo governi e istituzioni internazionali a salvaguardare la Flotilla fino al suo sicuro arrivo a Gaza, assicurando che la sua missione non venga ostacolata n\u00e9 messa in pericolo. Vogliamo sottolineare che l\u2019iniziativa della Global Sumud\u00a0 Flotilla \u00e8 un\u2019iniziativa legale e, in quanto tale, non pu\u00f2 essere attaccata n\u00e9 fermata.<\/p>\n<p><strong>Responsabilit\u00e0 della comunit\u00e0 internazionale.<\/strong><br \/>\nIl diritto internazionale umanitario obbliga tutti gli Stati a proteggere i civili nelle zone di conflitto e a permettere la consegna degli aiuti umanitari. I governi devono agire con decisione per rispettare questi principi, senza scuse n\u00e9 ritardi. Si tratta di una responsabilit\u00e0 storica e giuridica che deve essere adempiuta.<\/p>\n<p><strong>Fine dell\u2019uso della fame come strumento di guerra.<\/strong><br \/>\nL\u2019uso della fame come mezzo bellico costituisce una violazione dell\u2019articolo 54 dei Protocolli aggiuntivi alla Convenzione di Ginevra. Chiediamo il rispetto del diritto del popolo palestinese a vivere in pace e libert\u00e0 nella propria terra.<\/p>\n<p><strong>Illegittimit\u00e0 dell\u2019occupazione.<\/strong><br \/>\nRiconosciamo e ricordiamo ai nostri governi che qualsiasi occupazione \u00e8 illegale secondo il diritto internazionale. Ribadiamo il nostro impegno collettivo per la pace, la dignit\u00e0 umana e il diritto internazionale. La storia non ci giudicher\u00e0 per le nostre parole, ma per le azioni che intraprenderemo per proteggere la vita umana nei suoi momenti pi\u00f9 vulnerabili.<\/p>\n<p><strong><sup>1<\/sup><\/strong> <u>Il<\/u><a href=\"https:\/\/drive.proton.me\/urls\/7QC07J55P0#npMvcNpF02ER\"> documento ori<\/a><a href=\"https:\/\/drive.proton.me\/urls\/7QC07J55P0#npMvcNpF02ER\">g<\/a><a href=\"https:\/\/drive.proton.me\/urls\/7QC07J55P0#npMvcNpF02ER\">inale<\/a><a href=\"https:\/\/drive.proton.me\/urls\/7QC07J55P0#npMvcNpF02ER\">,<\/a><a href=\"https:\/\/drive.proton.me\/urls\/7QC07J55P0#npMvcNpF02ER\"> che contiene la lista dei firmatari<\/a><a href=\"https:\/\/drive.proton.me\/urls\/7QC07J55P0#npMvcNpF02ER\">,<\/a><a href=\"https:\/\/drive.proton.me\/urls\/7QC07J55P0#npMvcNpF02ER\"> \u00e8 disponibile in lin<\/a><a href=\"https:\/\/drive.proton.me\/urls\/7QC07J55P0#npMvcNpF02ER\">g<\/a><a href=\"https:\/\/drive.proton.me\/urls\/7QC07J55P0#npMvcNpF02ER\">ua <\/a><a href=\"https:\/\/drive.proton.me\/urls\/7QC07J55P0#npMvcNpF02ER\">in<\/a><a href=\"https:\/\/drive.proton.me\/urls\/7QC07J55P0#npMvcNpF02ER\">g<\/a><a href=\"https:\/\/drive.proton.me\/urls\/7QC07J55P0#npMvcNpF02ER\">lese a<\/a> <a href=\"https:\/\/drive.proton.me\/urls\/7QC07J55P0#npMvcNpF02ER\"><strong>questo link<\/strong><\/a> e su<strong> g<u>lobalsumudflotilla.or<\/u>g<\/strong><\/p>\n","protected":false},"excerpt":{"rendered":"<p>In qualit\u00e0 di rappresentanti eletti da tutto il mondo1, ci uniamo in un appello urgente rivolto a tutti i governi e agli organismi internazionali. Chiediamo a tutti i governi quanto segue: Corridoio umanitario immediato. Invitiamo tutti gli Stati e le&hellip;<\/p>\n","protected":false},"author":594,"featured_media":2633768,"comment_status":"closed","ping_status":"closed","sticky":false,"template":"","format":"standard","meta":{"footnotes":""},"categories":[150,60,38,55],"tags":[142468,1005,9884,139558],"class_list":["post-2633765","post","type-post","status-publish","format-standard","has-post-thumbnail","hentry","category-comunicati-stampa","category-diritti-umani","category-internazionale","category-politica","tag-appello-rappresentanti-eletti","tag-gaza","tag-genocidio","tag-global-sumud-flotilla"],"yoast_head":"<!-- This site is optimized with the Yoast SEO plugin v27.1.1 - https:\/\/yoast.com\/product\/yoast-seo-wordpress\/ -->\n<title>Appello all\u2019azione immediata per garantire l\u2019accesso umanitario a Gaza e per porre fine al genocidio del popolo palestinese<\/title>\n<meta name=\"description\" content=\"In qualit\u00e0 di rappresentanti eletti da tutto il mondo1, ci uniamo in un appello urgente rivolto a tutti i governi e agli organismi internazionali.\" \/>\n<meta name=\"robots\" content=\"index, follow, max-snippet:-1, max-image-preview:large, max-video-preview:-1\" \/>\n<link rel=\"canonical\" href=\"https:\/\/www.pressenza.com\/it\/2025\/09\/appello-allazione-immediata-per-garantire-laccesso-umanitario-a-gaza-e-per-porre-fine-al-genocidio-del-popolo-palestinese\/\" \/>\n<meta property=\"og:locale\" content=\"it_IT\" \/>\n<meta property=\"og:type\" content=\"article\" \/>\n<meta property=\"og:title\" content=\"Appello all\u2019azione immediata per garantire l\u2019accesso umanitario a Gaza e per porre fine al genocidio del popolo palestinese\" \/>\n<meta property=\"og:description\" content=\"In qualit\u00e0 di rappresentanti eletti da tutto il mondo1, ci uniamo in un appello urgente rivolto a tutti i governi e agli organismi internazionali.\" \/>\n<meta property=\"og:url\" content=\"https:\/\/www.pressenza.com\/it\/2025\/09\/appello-allazione-immediata-per-garantire-laccesso-umanitario-a-gaza-e-per-porre-fine-al-genocidio-del-popolo-palestinese\/\" \/>\n<meta property=\"og:site_name\" content=\"Pressenza\" \/>\n<meta property=\"article:publisher\" content=\"https:\/\/www.facebook.com\/PressenzaItalia\" \/>\n<meta property=\"article:author\" content=\"https:\/\/www.facebook.com\/PressenzaItalia\" \/>\n<meta property=\"article:published_time\" content=\"2025-09-07T18:45:13+00:00\" \/>\n<meta property=\"og:image\" content=\"https:\/\/www.pressenza.com\/wp-content\/uploads\/2025\/09\/barche-GSF-rit-1.jpg\" \/>\n\t<meta property=\"og:image:width\" content=\"518\" \/>\n\t<meta property=\"og:image:height\" content=\"445\" \/>\n\t<meta property=\"og:image:type\" content=\"image\/jpeg\" \/>\n<meta name=\"author\" content=\"Redazione Italia\" \/>\n<meta name=\"twitter:card\" content=\"summary_large_image\" \/>\n<meta name=\"twitter:creator\" content=\"@pressenza_it\" \/>\n<meta name=\"twitter:site\" content=\"@PressenzaIPA\" \/>\n<meta name=\"twitter:label1\" content=\"Scritto da\" \/>\n\t<meta name=\"twitter:data1\" content=\"Redazione Italia\" \/>\n\t<meta name=\"twitter:label2\" content=\"Tempo di lettura stimato\" \/>\n\t<meta name=\"twitter:data2\" content=\"3 minuti\" \/>\n<script type=\"application\/ld+json\" class=\"yoast-schema-graph\">{\"@context\":\"https:\/\/schema.org\",\"@graph\":[{\"@type\":\"Article\",\"@id\":\"https:\/\/www.pressenza.com\/it\/2025\/09\/appello-allazione-immediata-per-garantire-laccesso-umanitario-a-gaza-e-per-porre-fine-al-genocidio-del-popolo-palestinese\/#article\",\"isPartOf\":{\"@id\":\"https:\/\/www.pressenza.com\/it\/2025\/09\/appello-allazione-immediata-per-garantire-laccesso-umanitario-a-gaza-e-per-porre-fine-al-genocidio-del-popolo-palestinese\/\"},\"author\":{\"name\":\"Redazione Italia\",\"@id\":\"https:\/\/www.pressenza.com\/it\/#\/schema\/person\/d983e81827ae24f2c7b1a2123d197f8d\"},\"headline\":\"Appello all\u2019azione immediata per garantire l\u2019accesso umanitario a Gaza e per porre fine al genocidio del popolo palestinese\",\"datePublished\":\"2025-09-07T18:45:13+00:00\",\"mainEntityOfPage\":{\"@id\":\"https:\/\/www.pressenza.com\/it\/2025\/09\/appello-allazione-immediata-per-garantire-laccesso-umanitario-a-gaza-e-per-porre-fine-al-genocidio-del-popolo-palestinese\/\"},\"wordCount\":383,\"publisher\":{\"@id\":\"https:\/\/www.pressenza.com\/it\/#organization\"},\"image\":{\"@id\":\"https:\/\/www.pressenza.com\/it\/2025\/09\/appello-allazione-immediata-per-garantire-laccesso-umanitario-a-gaza-e-per-porre-fine-al-genocidio-del-popolo-palestinese\/#primaryimage\"},\"thumbnailUrl\":\"https:\/\/www.pressenza.com\/wp-content\/uploads\/2025\/09\/barche-GSF-rit-1.jpg\",\"keywords\":[\"appello rappresentanti eletti\",\"Gaza\",\"genocidio\",\"Global Sumud Flotilla\"],\"articleSection\":[\"Comunicati Stampa\",\"Diritti Umani\",\"Internazionale\",\"Politica\"],\"inLanguage\":\"it-IT\"},{\"@type\":\"WebPage\",\"@id\":\"https:\/\/www.pressenza.com\/it\/2025\/09\/appello-allazione-immediata-per-garantire-laccesso-umanitario-a-gaza-e-per-porre-fine-al-genocidio-del-popolo-palestinese\/\",\"url\":\"https:\/\/www.pressenza.com\/it\/2025\/09\/appello-allazione-immediata-per-garantire-laccesso-umanitario-a-gaza-e-per-porre-fine-al-genocidio-del-popolo-palestinese\/\",\"name\":\"Appello all\u2019azione immediata per garantire l\u2019accesso umanitario a Gaza e per porre fine al genocidio del popolo palestinese\",\"isPartOf\":{\"@id\":\"https:\/\/www.pressenza.com\/it\/#website\"},\"primaryImageOfPage\":{\"@id\":\"https:\/\/www.pressenza.com\/it\/2025\/09\/appello-allazione-immediata-per-garantire-laccesso-umanitario-a-gaza-e-per-porre-fine-al-genocidio-del-popolo-palestinese\/#primaryimage\"},\"image\":{\"@id\":\"https:\/\/www.pressenza.com\/it\/2025\/09\/appello-allazione-immediata-per-garantire-laccesso-umanitario-a-gaza-e-per-porre-fine-al-genocidio-del-popolo-palestinese\/#primaryimage\"},\"thumbnailUrl\":\"https:\/\/www.pressenza.com\/wp-content\/uploads\/2025\/09\/barche-GSF-rit-1.jpg\",\"datePublished\":\"2025-09-07T18:45:13+00:00\",\"description\":\"In qualit\u00e0 di rappresentanti eletti da tutto il mondo1, ci uniamo in un appello urgente rivolto a tutti i governi e agli organismi internazionali.\",\"breadcrumb\":{\"@id\":\"https:\/\/www.pressenza.com\/it\/2025\/09\/appello-allazione-immediata-per-garantire-laccesso-umanitario-a-gaza-e-per-porre-fine-al-genocidio-del-popolo-palestinese\/#breadcrumb\"},\"inLanguage\":\"it-IT\",\"potentialAction\":[{\"@type\":\"ReadAction\",\"target\":[\"https:\/\/www.pressenza.com\/it\/2025\/09\/appello-allazione-immediata-per-garantire-laccesso-umanitario-a-gaza-e-per-porre-fine-al-genocidio-del-popolo-palestinese\/\"]}]},{\"@type\":\"ImageObject\",\"inLanguage\":\"it-IT\",\"@id\":\"https:\/\/www.pressenza.com\/it\/2025\/09\/appello-allazione-immediata-per-garantire-laccesso-umanitario-a-gaza-e-per-porre-fine-al-genocidio-del-popolo-palestinese\/#primaryimage\",\"url\":\"https:\/\/www.pressenza.com\/wp-content\/uploads\/2025\/09\/barche-GSF-rit-1.jpg\",\"contentUrl\":\"https:\/\/www.pressenza.com\/wp-content\/uploads\/2025\/09\/barche-GSF-rit-1.jpg\",\"width\":518,\"height\":445},{\"@type\":\"BreadcrumbList\",\"@id\":\"https:\/\/www.pressenza.com\/it\/2025\/09\/appello-allazione-immediata-per-garantire-laccesso-umanitario-a-gaza-e-per-porre-fine-al-genocidio-del-popolo-palestinese\/#breadcrumb\",\"itemListElement\":[{\"@type\":\"ListItem\",\"position\":1,\"name\":\"Accueil\",\"item\":\"https:\/\/www.pressenza.com\/it\/\"},{\"@type\":\"ListItem\",\"position\":2,\"name\":\"Appello all\u2019azione immediata per garantire l\u2019accesso umanitario a Gaza e per porre fine al genocidio del popolo palestinese\"}]},{\"@type\":\"WebSite\",\"@id\":\"https:\/\/www.pressenza.com\/it\/#website\",\"url\":\"https:\/\/www.pressenza.com\/it\/\",\"name\":\"Pressenza\",\"description\":\"Agenzia di Stampa Internazionale\",\"publisher\":{\"@id\":\"https:\/\/www.pressenza.com\/it\/#organization\"},\"potentialAction\":[{\"@type\":\"SearchAction\",\"target\":{\"@type\":\"EntryPoint\",\"urlTemplate\":\"https:\/\/www.pressenza.com\/it\/?s={search_term_string}\"},\"query-input\":{\"@type\":\"PropertyValueSpecification\",\"valueRequired\":true,\"valueName\":\"search_term_string\"}}],\"inLanguage\":\"it-IT\"},{\"@type\":\"Organization\",\"@id\":\"https:\/\/www.pressenza.com\/it\/#organization\",\"name\":\"Pressenza\",\"url\":\"https:\/\/www.pressenza.com\/it\/\",\"logo\":{\"@type\":\"ImageObject\",\"inLanguage\":\"it-IT\",\"@id\":\"https:\/\/www.pressenza.com\/it\/#\/schema\/logo\/image\/\",\"url\":\"https:\/\/www.pressenza.com\/wp-content\/uploads\/2022\/10\/pressenza_logo_200x200.jpg\",\"contentUrl\":\"https:\/\/www.pressenza.com\/wp-content\/uploads\/2022\/10\/pressenza_logo_200x200.jpg\",\"width\":200,\"height\":200,\"caption\":\"Pressenza\"},\"image\":{\"@id\":\"https:\/\/www.pressenza.com\/it\/#\/schema\/logo\/image\/\"},\"sameAs\":[\"https:\/\/www.facebook.com\/PressenzaItalia\",\"https:\/\/x.com\/PressenzaIPA\"]},{\"@type\":\"Person\",\"@id\":\"https:\/\/www.pressenza.com\/it\/#\/schema\/person\/d983e81827ae24f2c7b1a2123d197f8d\",\"name\":\"Redazione Italia\",\"description\":\"News from the Pressenza Bureau in Italy\",\"sameAs\":[\"https:\/\/www.pressenza.com\/it\/author\/redazione-italia\/\",\"https:\/\/www.facebook.com\/PressenzaItalia\",\"https:\/\/www.instagram.com\/pressenza_italia\/\",\"https:\/\/x.com\/pressenza_it\",\"https:\/\/www.youtube.com\/channel\/UCSalEIWjE1RSxkwjfftFuqg\"],\"url\":\"https:\/\/www.pressenza.com\/it\/author\/redazione-italia\/\"}]}<\/script>\n<!-- \/ Yoast SEO plugin. -->","yoast_head_json":{"title":"Appello all\u2019azione immediata per garantire l\u2019accesso umanitario a Gaza e per porre fine al genocidio del popolo palestinese","description":"In qualit\u00e0 di rappresentanti eletti da tutto il mondo1, ci uniamo in un appello urgente rivolto a tutti i governi e agli organismi internazionali.","robots":{"index":"index","follow":"follow","max-snippet":"max-snippet:-1","max-image-preview":"max-image-preview:large","max-video-preview":"max-video-preview:-1"},"canonical":"https:\/\/www.pressenza.com\/it\/2025\/09\/appello-allazione-immediata-per-garantire-laccesso-umanitario-a-gaza-e-per-porre-fine-al-genocidio-del-popolo-palestinese\/","og_locale":"it_IT","og_type":"article","og_title":"Appello all\u2019azione immediata per garantire l\u2019accesso umanitario a Gaza e per porre fine al genocidio del popolo palestinese","og_description":"In qualit\u00e0 di rappresentanti eletti da tutto il mondo1, ci uniamo in un appello urgente rivolto a tutti i governi e agli organismi internazionali.","og_url":"https:\/\/www.pressenza.com\/it\/2025\/09\/appello-allazione-immediata-per-garantire-laccesso-umanitario-a-gaza-e-per-porre-fine-al-genocidio-del-popolo-palestinese\/","og_site_name":"Pressenza","article_publisher":"https:\/\/www.facebook.com\/PressenzaItalia","article_author":"https:\/\/www.facebook.com\/PressenzaItalia","article_published_time":"2025-09-07T18:45:13+00:00","og_image":[{"width":518,"height":445,"url":"https:\/\/www.pressenza.com\/wp-content\/uploads\/2025\/09\/barche-GSF-rit-1.jpg","type":"image\/jpeg"}],"author":"Redazione Italia","twitter_card":"summary_large_image","twitter_creator":"@pressenza_it","twitter_site":"@PressenzaIPA","twitter_misc":{"Scritto da":"Redazione Italia","Tempo di lettura stimato":"3 minuti"},"schema":{"@context":"https:\/\/schema.org","@graph":[{"@type":"Article","@id":"https:\/\/www.pressenza.com\/it\/2025\/09\/appello-allazione-immediata-per-garantire-laccesso-umanitario-a-gaza-e-per-porre-fine-al-genocidio-del-popolo-palestinese\/#article","isPartOf":{"@id":"https:\/\/www.pressenza.com\/it\/2025\/09\/appello-allazione-immediata-per-garantire-laccesso-umanitario-a-gaza-e-per-porre-fine-al-genocidio-del-popolo-palestinese\/"},"author":{"name":"Redazione Italia","@id":"https:\/\/www.pressenza.com\/it\/#\/schema\/person\/d983e81827ae24f2c7b1a2123d197f8d"},"headline":"Appello all\u2019azione immediata per garantire l\u2019accesso umanitario a Gaza e per porre fine al genocidio del popolo palestinese","datePublished":"2025-09-07T18:45:13+00:00","mainEntityOfPage":{"@id":"https:\/\/www.pressenza.com\/it\/2025\/09\/appello-allazione-immediata-per-garantire-laccesso-umanitario-a-gaza-e-per-porre-fine-al-genocidio-del-popolo-palestinese\/"},"wordCount":383,"publisher":{"@id":"https:\/\/www.pressenza.com\/it\/#organization"},"image":{"@id":"https:\/\/www.pressenza.com\/it\/2025\/09\/appello-allazione-immediata-per-garantire-laccesso-umanitario-a-gaza-e-per-porre-fine-al-genocidio-del-popolo-palestinese\/#primaryimage"},"thumbnailUrl":"https:\/\/www.pressenza.com\/wp-content\/uploads\/2025\/09\/barche-GSF-rit-1.jpg","keywords":["appello rappresentanti eletti","Gaza","genocidio","Global Sumud Flotilla"],"articleSection":["Comunicati Stampa","Diritti Umani","Internazionale","Politica"],"inLanguage":"it-IT"},{"@type":"WebPage","@id":"https:\/\/www.pressenza.com\/it\/2025\/09\/appello-allazione-immediata-per-garantire-laccesso-umanitario-a-gaza-e-per-porre-fine-al-genocidio-del-popolo-palestinese\/","url":"https:\/\/www.pressenza.com\/it\/2025\/09\/appello-allazione-immediata-per-garantire-laccesso-umanitario-a-gaza-e-per-porre-fine-al-genocidio-del-popolo-palestinese\/","name":"Appello all\u2019azione immediata per garantire l\u2019accesso umanitario a Gaza e per porre fine al genocidio del popolo palestinese","isPartOf":{"@id":"https:\/\/www.pressenza.com\/it\/#website"},"primaryImageOfPage":{"@id":"https:\/\/www.pressenza.com\/it\/2025\/09\/appello-allazione-immediata-per-garantire-laccesso-umanitario-a-gaza-e-per-porre-fine-al-genocidio-del-popolo-palestinese\/#primaryimage"},"image":{"@id":"https:\/\/www.pressenza.com\/it\/2025\/09\/appello-allazione-immediata-per-garantire-laccesso-umanitario-a-gaza-e-per-porre-fine-al-genocidio-del-popolo-palestinese\/#primaryimage"},"thumbnailUrl":"https:\/\/www.pressenza.com\/wp-content\/uploads\/2025\/09\/barche-GSF-rit-1.jpg","datePublished":"2025-09-07T18:45:13+00:00","description":"In qualit\u00e0 di rappresentanti eletti da tutto il mondo1, ci uniamo in un appello urgente rivolto a tutti i governi e agli organismi internazionali.","breadcrumb":{"@id":"https:\/\/www.pressenza.com\/it\/2025\/09\/appello-allazione-immediata-per-garantire-laccesso-umanitario-a-gaza-e-per-porre-fine-al-genocidio-del-popolo-palestinese\/#breadcrumb"},"inLanguage":"it-IT","potentialAction":[{"@type":"ReadAction","target":["https:\/\/www.pressenza.com\/it\/2025\/09\/appello-allazione-immediata-per-garantire-laccesso-umanitario-a-gaza-e-per-porre-fine-al-genocidio-del-popolo-palestinese\/"]}]},{"@type":"ImageObject","inLanguage":"it-IT","@id":"https:\/\/www.pressenza.com\/it\/2025\/09\/appello-allazione-immediata-per-garantire-laccesso-umanitario-a-gaza-e-per-porre-fine-al-genocidio-del-popolo-palestinese\/#primaryimage","url":"https:\/\/www.pressenza.com\/wp-content\/uploads\/2025\/09\/barche-GSF-rit-1.jpg","contentUrl":"https:\/\/www.pressenza.com\/wp-content\/uploads\/2025\/09\/barche-GSF-rit-1.jpg","width":518,"height":445},{"@type":"BreadcrumbList","@id":"https:\/\/www.pressenza.com\/it\/2025\/09\/appello-allazione-immediata-per-garantire-laccesso-umanitario-a-gaza-e-per-porre-fine-al-genocidio-del-popolo-palestinese\/#breadcrumb","itemListElement":[{"@type":"ListItem","position":1,"name":"Accueil","item":"https:\/\/www.pressenza.com\/it\/"},{"@type":"ListItem","position":2,"name":"Appello all\u2019azione immediata per garantire l\u2019accesso umanitario a Gaza e per porre fine al genocidio del popolo palestinese"}]},{"@type":"WebSite","@id":"https:\/\/www.pressenza.com\/it\/#website","url":"https:\/\/www.pressenza.com\/it\/","name":"Pressenza","description":"Agenzia di Stampa Internazionale","publisher":{"@id":"https:\/\/www.pressenza.com\/it\/#organization"},"potentialAction":[{"@type":"SearchAction","target":{"@type":"EntryPoint","urlTemplate":"https:\/\/www.pressenza.com\/it\/?s={search_term_string}"},"query-input":{"@type":"PropertyValueSpecification","valueRequired":true,"valueName":"search_term_string"}}],"inLanguage":"it-IT"},{"@type":"Organization","@id":"https:\/\/www.pressenza.com\/it\/#organization","name":"Pressenza","url":"https:\/\/www.pressenza.com\/it\/","logo":{"@type":"ImageObject","inLanguage":"it-IT","@id":"https:\/\/www.pressenza.com\/it\/#\/schema\/logo\/image\/","url":"https:\/\/www.pressenza.com\/wp-content\/uploads\/2022\/10\/pressenza_logo_200x200.jpg","contentUrl":"https:\/\/www.pressenza.com\/wp-content\/uploads\/2022\/10\/pressenza_logo_200x200.jpg","width":200,"height":200,"caption":"Pressenza"},"image":{"@id":"https:\/\/www.pressenza.com\/it\/#\/schema\/logo\/image\/"},"sameAs":["https:\/\/www.facebook.com\/PressenzaItalia","https:\/\/x.com\/PressenzaIPA"]},{"@type":"Person","@id":"https:\/\/www.pressenza.com\/it\/#\/schema\/person\/d983e81827ae24f2c7b1a2123d197f8d","name":"Redazione Italia","description":"News from the Pressenza Bureau in Italy","sameAs":["https:\/\/www.pressenza.com\/it\/author\/redazione-italia\/","https:\/\/www.facebook.com\/PressenzaItalia","https:\/\/www.instagram.com\/pressenza_italia\/","https:\/\/x.com\/pressenza_it","https:\/\/www.youtube.com\/channel\/UCSalEIWjE1RSxkwjfftFuqg"],"url":"https:\/\/www.pressenza.com\/it\/author\/redazione-italia\/"}]}},"place":"Global Sumud Flotilla","original_article_url":"","_links":{"self":[{"href":"https:\/\/www.pressenza.com\/it\/wp-json\/wp\/v2\/posts\/2633765","targetHints":{"allow":["GET"]}}],"collection":[{"href":"https:\/\/www.pressenza.com\/it\/wp-json\/wp\/v2\/posts"}],"about":[{"href":"https:\/\/www.pressenza.com\/it\/wp-json\/wp\/v2\/types\/post"}],"author":[{"embeddable":true,"href":"https:\/\/www.pressenza.com\/it\/wp-json\/wp\/v2\/users\/594"}],"replies":[{"embeddable":true,"href":"https:\/\/www.pressenza.com\/it\/wp-json\/wp\/v2\/comments?post=2633765"}],"version-history":[{"count":1,"href":"https:\/\/www.pressenza.com\/it\/wp-json\/wp\/v2\/posts\/2633765\/revisions"}],"predecessor-version":[{"id":2633769,"href":"https:\/\/www.pressenza.com\/it\/wp-json\/wp\/v2\/posts\/2633765\/revisions\/2633769"}],"wp:featuredmedia":[{"embeddable":true,"href":"https:\/\/www.pressenza.com\/it\/wp-json\/wp\/v2\/media\/2633768"}],"wp:attachment":[{"href":"https:\/\/www.pressenza.com\/it\/wp-json\/wp\/v2\/media?parent=2633765"}],"wp:term":[{"taxonomy":"category","embeddable":true,"href":"https:\/\/www.pressenza.com\/it\/wp-json\/wp\/v2\/categories?post=2633765"},{"taxonomy":"post_tag","embeddable":true,"href":"https:\/\/www.pressenza.com\/it\/wp-json\/wp\/v2\/tags?post=2633765"}],"curies":[{"name":"wp","href":"https:\/\/api.w.org\/{rel}","templated":true}]}}