{"id":26334,"date":"2012-11-30T21:39:55","date_gmt":"2012-11-30T21:39:55","guid":{"rendered":"http:\/\/www.pressenza.com\/?p=26334"},"modified":"2012-12-02T15:55:02","modified_gmt":"2012-12-02T15:55:02","slug":"tutela-per-le-religioni-indigene-dellindonesia","status":"publish","type":"post","link":"https:\/\/www.pressenza.com\/it\/2012\/11\/tutela-per-le-religioni-indigene-dellindonesia\/","title":{"rendered":"Tutela per le religioni indigene dell&#8217;Indonesia"},"content":{"rendered":"<p>Le religioni tradizionali della popolazione indigena dell&#8217;Indonesia devono essere tutelate. Questo \u00e8 quanto hanno chiesto al governo indonesiano circa 700 delegati di 300 popoli indigeni dello stato insulare asiatico durante un congresso tenuto nella citt\u00e0 di Surabaya. I delegati inoltre hanno chiesto che dalla carta d&#8217;identit\u00e0 venga eliminata l&#8217;indicazione della religione praticata per evitare discriminazioni e violazioni dei diritti umani, almeno finch\u00e9 il governo non emetta una legge per la tutela di chi pratica religioni animiste.<\/p>\n<p>La libert\u00e0 di culto deve valere anche per le milioni di persone appartenenti ai popoli indigeni di tutti i continenti che da innumerevoli generazioni praticano lo sciamanesimo e\/o sono animisti. Il loro credo \u00e8 strettamente connesso alla loro cosmovisione e alla loro identit\u00e0 culturale. Non riconoscere la loro religione significa anche negare loro la loro identit\u00e0 e mettere in pericolo la loro esistenza. Una minaccia che andrebbe ad aggiungersi alle gi\u00e0 tante e pesanti minacce derivanti dall&#8217;estrazione di risorse naturali sul loro territorio.<\/p>\n<p>Gendro Nur Hadi, direttore dell&#8217;ufficio per il credo tradizionale del ministero della cultura e dell&#8217;educazione, ha mostrato interesse per le richieste formulate al congresso di Surabaya. Il ministero ha promesso di presentare al governo una bozza di legge per la quale chieder\u00e0 l&#8217;apporto di tutte le comunit\u00e0 religiose del paese. Nel paese a maggioranza musulmana finora sono riconosciuti ufficialmente l&#8217;Islam, il Cristianesimo, il Buddismo, l&#8217;Induismo e il Confucianesimo. Ci\u00f2 nonostante molti Cristiani e Ahmadiyya musulmani lamentano pesanti ingerenze nella loro libert\u00e0 di culto da parte delle autorit\u00e0 e crescenti aggressioni da parte di movimenti islamici radicali. In Indonesia vivono circa 45 milioni di persone appartenenti a popolazioni indigene.<\/p>\n","protected":false},"excerpt":{"rendered":"<p>Le religioni tradizionali della popolazione indigena dell&#8217;Indonesia devono essere tutelate. Questo \u00e8 quanto hanno chiesto al governo indonesiano circa 700 delegati di 300 popoli indigeni dello stato insulare asiatico durante un congresso tenuto nella citt\u00e0 di Surabaya. I delegati inoltre&hellip;<\/p>\n","protected":false},"author":903,"featured_media":26338,"comment_status":"closed","ping_status":"open","sticky":false,"template":"","format":"standard","meta":{"footnotes":""},"categories":[46,60,38],"tags":[1695],"class_list":["post-26334","post","type-post","status-publish","format-standard","has-post-thumbnail","hentry","category-asia-it","category-diritti-umani","category-internazionale","tag-religione"],"yoast_head":"<!-- This site is optimized with the Yoast SEO plugin v27.1.1 - https:\/\/yoast.com\/product\/yoast-seo-wordpress\/ -->\n<title>Tutela per le religioni indigene dell&#039;Indonesia<\/title>\n<meta name=\"description\" content=\"Le religioni tradizionali della popolazione indigena dell&#039;Indonesia devono essere tutelate. Questo \u00e8 quanto hanno chiesto al governo indonesiano circa 700\" \/>\n<meta name=\"robots\" content=\"index, follow, max-snippet:-1, max-image-preview:large, max-video-preview:-1\" \/>\n<link rel=\"canonical\" href=\"https:\/\/www.pressenza.com\/it\/2012\/11\/tutela-per-le-religioni-indigene-dellindonesia\/\" \/>\n<meta property=\"og:locale\" content=\"it_IT\" \/>\n<meta property=\"og:type\" content=\"article\" \/>\n<meta property=\"og:title\" content=\"Tutela per le religioni indigene dell&#039;Indonesia\" \/>\n<meta property=\"og:description\" content=\"Le religioni tradizionali della popolazione indigena dell&#039;Indonesia devono essere tutelate. Questo \u00e8 quanto hanno chiesto al governo indonesiano circa 700\" \/>\n<meta property=\"og:url\" content=\"https:\/\/www.pressenza.com\/it\/2012\/11\/tutela-per-le-religioni-indigene-dellindonesia\/\" \/>\n<meta property=\"og:site_name\" content=\"Pressenza\" \/>\n<meta property=\"article:publisher\" content=\"https:\/\/www.facebook.com\/PressenzaItalia\" \/>\n<meta property=\"article:author\" content=\"https:\/\/www.facebook.com\/popoliminacciati\" \/>\n<meta property=\"article:published_time\" content=\"2012-11-30T21:39:55+00:00\" \/>\n<meta property=\"article:modified_time\" content=\"2012-12-02T15:55:02+00:00\" \/>\n<meta property=\"og:image\" content=\"https:\/\/www.pressenza.com\/wp-content\/uploads\/2012\/11\/indonesia-bali.jpg\" \/>\n\t<meta property=\"og:image:width\" content=\"800\" \/>\n\t<meta property=\"og:image:height\" content=\"373\" \/>\n\t<meta property=\"og:image:type\" content=\"image\/jpeg\" \/>\n<meta name=\"author\" content=\"Associazione per i Popoli Minacciati\" \/>\n<meta name=\"twitter:card\" content=\"summary_large_image\" \/>\n<meta name=\"twitter:creator\" content=\"@PressenzaIPA\" \/>\n<meta name=\"twitter:site\" content=\"@PressenzaIPA\" \/>\n<meta name=\"twitter:label1\" content=\"Scritto da\" \/>\n\t<meta name=\"twitter:data1\" content=\"Associazione per i Popoli Minacciati\" \/>\n\t<meta name=\"twitter:label2\" content=\"Tempo di lettura stimato\" \/>\n\t<meta name=\"twitter:data2\" content=\"1 minuto\" \/>\n<script type=\"application\/ld+json\" class=\"yoast-schema-graph\">{\"@context\":\"https:\/\/schema.org\",\"@graph\":[{\"@type\":\"Article\",\"@id\":\"https:\/\/www.pressenza.com\/it\/2012\/11\/tutela-per-le-religioni-indigene-dellindonesia\/#article\",\"isPartOf\":{\"@id\":\"https:\/\/www.pressenza.com\/it\/2012\/11\/tutela-per-le-religioni-indigene-dellindonesia\/\"},\"author\":{\"name\":\"Associazione per i Popoli Minacciati\",\"@id\":\"https:\/\/www.pressenza.com\/it\/#\/schema\/person\/cdd4529aa9392a0fa5dc5a848b317076\"},\"headline\":\"Tutela per le religioni indigene dell&#8217;Indonesia\",\"datePublished\":\"2012-11-30T21:39:55+00:00\",\"dateModified\":\"2012-12-02T15:55:02+00:00\",\"mainEntityOfPage\":{\"@id\":\"https:\/\/www.pressenza.com\/it\/2012\/11\/tutela-per-le-religioni-indigene-dellindonesia\/\"},\"wordCount\":279,\"publisher\":{\"@id\":\"https:\/\/www.pressenza.com\/it\/#organization\"},\"image\":{\"@id\":\"https:\/\/www.pressenza.com\/it\/2012\/11\/tutela-per-le-religioni-indigene-dellindonesia\/#primaryimage\"},\"thumbnailUrl\":\"https:\/\/www.pressenza.com\/wp-content\/uploads\/2012\/11\/indonesia-bali.jpg\",\"keywords\":[\"religione\"],\"articleSection\":[\"Asia\",\"Diritti Umani\",\"Internazionale\"],\"inLanguage\":\"it-IT\"},{\"@type\":\"WebPage\",\"@id\":\"https:\/\/www.pressenza.com\/it\/2012\/11\/tutela-per-le-religioni-indigene-dellindonesia\/\",\"url\":\"https:\/\/www.pressenza.com\/it\/2012\/11\/tutela-per-le-religioni-indigene-dellindonesia\/\",\"name\":\"Tutela per le religioni indigene dell'Indonesia\",\"isPartOf\":{\"@id\":\"https:\/\/www.pressenza.com\/it\/#website\"},\"primaryImageOfPage\":{\"@id\":\"https:\/\/www.pressenza.com\/it\/2012\/11\/tutela-per-le-religioni-indigene-dellindonesia\/#primaryimage\"},\"image\":{\"@id\":\"https:\/\/www.pressenza.com\/it\/2012\/11\/tutela-per-le-religioni-indigene-dellindonesia\/#primaryimage\"},\"thumbnailUrl\":\"https:\/\/www.pressenza.com\/wp-content\/uploads\/2012\/11\/indonesia-bali.jpg\",\"datePublished\":\"2012-11-30T21:39:55+00:00\",\"dateModified\":\"2012-12-02T15:55:02+00:00\",\"description\":\"Le religioni tradizionali della popolazione indigena dell'Indonesia devono essere tutelate. Questo \u00e8 quanto hanno chiesto al governo indonesiano circa 700\",\"breadcrumb\":{\"@id\":\"https:\/\/www.pressenza.com\/it\/2012\/11\/tutela-per-le-religioni-indigene-dellindonesia\/#breadcrumb\"},\"inLanguage\":\"it-IT\",\"potentialAction\":[{\"@type\":\"ReadAction\",\"target\":[\"https:\/\/www.pressenza.com\/it\/2012\/11\/tutela-per-le-religioni-indigene-dellindonesia\/\"]}]},{\"@type\":\"ImageObject\",\"inLanguage\":\"it-IT\",\"@id\":\"https:\/\/www.pressenza.com\/it\/2012\/11\/tutela-per-le-religioni-indigene-dellindonesia\/#primaryimage\",\"url\":\"https:\/\/www.pressenza.com\/wp-content\/uploads\/2012\/11\/indonesia-bali.jpg\",\"contentUrl\":\"https:\/\/www.pressenza.com\/wp-content\/uploads\/2012\/11\/indonesia-bali.jpg\",\"width\":\"800\",\"height\":\"373\"},{\"@type\":\"BreadcrumbList\",\"@id\":\"https:\/\/www.pressenza.com\/it\/2012\/11\/tutela-per-le-religioni-indigene-dellindonesia\/#breadcrumb\",\"itemListElement\":[{\"@type\":\"ListItem\",\"position\":1,\"name\":\"Accueil\",\"item\":\"https:\/\/www.pressenza.com\/it\/\"},{\"@type\":\"ListItem\",\"position\":2,\"name\":\"Tutela per le religioni indigene dell&#8217;Indonesia\"}]},{\"@type\":\"WebSite\",\"@id\":\"https:\/\/www.pressenza.com\/it\/#website\",\"url\":\"https:\/\/www.pressenza.com\/it\/\",\"name\":\"Pressenza\",\"description\":\"Agenzia di Stampa Internazionale\",\"publisher\":{\"@id\":\"https:\/\/www.pressenza.com\/it\/#organization\"},\"potentialAction\":[{\"@type\":\"SearchAction\",\"target\":{\"@type\":\"EntryPoint\",\"urlTemplate\":\"https:\/\/www.pressenza.com\/it\/?s={search_term_string}\"},\"query-input\":{\"@type\":\"PropertyValueSpecification\",\"valueRequired\":true,\"valueName\":\"search_term_string\"}}],\"inLanguage\":\"it-IT\"},{\"@type\":\"Organization\",\"@id\":\"https:\/\/www.pressenza.com\/it\/#organization\",\"name\":\"Pressenza\",\"url\":\"https:\/\/www.pressenza.com\/it\/\",\"logo\":{\"@type\":\"ImageObject\",\"inLanguage\":\"it-IT\",\"@id\":\"https:\/\/www.pressenza.com\/it\/#\/schema\/logo\/image\/\",\"url\":\"https:\/\/www.pressenza.com\/wp-content\/uploads\/2022\/10\/pressenza_logo_200x200.jpg\",\"contentUrl\":\"https:\/\/www.pressenza.com\/wp-content\/uploads\/2022\/10\/pressenza_logo_200x200.jpg\",\"width\":200,\"height\":200,\"caption\":\"Pressenza\"},\"image\":{\"@id\":\"https:\/\/www.pressenza.com\/it\/#\/schema\/logo\/image\/\"},\"sameAs\":[\"https:\/\/www.facebook.com\/PressenzaItalia\",\"https:\/\/x.com\/PressenzaIPA\"]},{\"@type\":\"Person\",\"@id\":\"https:\/\/www.pressenza.com\/it\/#\/schema\/person\/cdd4529aa9392a0fa5dc5a848b317076\",\"name\":\"Associazione per i Popoli Minacciati\",\"description\":\"L'APM d\u00e0 voce alle vittime delle violazioni dei diritti umani. Assieme alle vittime, ci impegniamo per i diritti delle minoranze etniche, linguistiche e religiose minacciate e perseguitate, dei popoli senza Stato e delle comunit\u00e0 dei popoli indigeni. Senza condizionamenti politici o ideologici rendiamo noti crimini contro l'umanit\u00e0 e accusiamo i responsabili di genocidi, di esodi di massa, di repressioni, di persecuzioni e di discriminazioni. Siamo sempre dalla parte delle vittime di arbitr\u00ee e violenze. Con il nostro stato consultivo presso le Nazioni Unite abbiamo il diritto di parola alle Conferenze internazionali. In questo modo consentiamo ai rappresentanti di queste minoranze l'accesso agli organi dell'ONU. La nostra organizzazione lavora al livello internazionale: l'APM si trova in Germania, Italia (Sudtirolo), Francia, Svizzera, Austria, Lussemburgo e Bosnia-Herzegowina. www.gfbv.it\",\"sameAs\":[\"http:\/\/www.gfbv.it\/\",\"https:\/\/www.facebook.com\/popoliminacciati\"],\"url\":\"https:\/\/www.pressenza.com\/it\/author\/associazione-per-i-popoli-minacciati\/\"}]}<\/script>\n<!-- \/ Yoast SEO plugin. -->","yoast_head_json":{"title":"Tutela per le religioni indigene dell'Indonesia","description":"Le religioni tradizionali della popolazione indigena dell'Indonesia devono essere tutelate. Questo \u00e8 quanto hanno chiesto al governo indonesiano circa 700","robots":{"index":"index","follow":"follow","max-snippet":"max-snippet:-1","max-image-preview":"max-image-preview:large","max-video-preview":"max-video-preview:-1"},"canonical":"https:\/\/www.pressenza.com\/it\/2012\/11\/tutela-per-le-religioni-indigene-dellindonesia\/","og_locale":"it_IT","og_type":"article","og_title":"Tutela per le religioni indigene dell'Indonesia","og_description":"Le religioni tradizionali della popolazione indigena dell'Indonesia devono essere tutelate. Questo \u00e8 quanto hanno chiesto al governo indonesiano circa 700","og_url":"https:\/\/www.pressenza.com\/it\/2012\/11\/tutela-per-le-religioni-indigene-dellindonesia\/","og_site_name":"Pressenza","article_publisher":"https:\/\/www.facebook.com\/PressenzaItalia","article_author":"https:\/\/www.facebook.com\/popoliminacciati","article_published_time":"2012-11-30T21:39:55+00:00","article_modified_time":"2012-12-02T15:55:02+00:00","og_image":[{"width":800,"height":373,"url":"https:\/\/www.pressenza.com\/wp-content\/uploads\/2012\/11\/indonesia-bali.jpg","type":"image\/jpeg"}],"author":"Associazione per i Popoli Minacciati","twitter_card":"summary_large_image","twitter_creator":"@PressenzaIPA","twitter_site":"@PressenzaIPA","twitter_misc":{"Scritto da":"Associazione per i Popoli Minacciati","Tempo di lettura stimato":"1 minuto"},"schema":{"@context":"https:\/\/schema.org","@graph":[{"@type":"Article","@id":"https:\/\/www.pressenza.com\/it\/2012\/11\/tutela-per-le-religioni-indigene-dellindonesia\/#article","isPartOf":{"@id":"https:\/\/www.pressenza.com\/it\/2012\/11\/tutela-per-le-religioni-indigene-dellindonesia\/"},"author":{"name":"Associazione per i Popoli Minacciati","@id":"https:\/\/www.pressenza.com\/it\/#\/schema\/person\/cdd4529aa9392a0fa5dc5a848b317076"},"headline":"Tutela per le religioni indigene dell&#8217;Indonesia","datePublished":"2012-11-30T21:39:55+00:00","dateModified":"2012-12-02T15:55:02+00:00","mainEntityOfPage":{"@id":"https:\/\/www.pressenza.com\/it\/2012\/11\/tutela-per-le-religioni-indigene-dellindonesia\/"},"wordCount":279,"publisher":{"@id":"https:\/\/www.pressenza.com\/it\/#organization"},"image":{"@id":"https:\/\/www.pressenza.com\/it\/2012\/11\/tutela-per-le-religioni-indigene-dellindonesia\/#primaryimage"},"thumbnailUrl":"https:\/\/www.pressenza.com\/wp-content\/uploads\/2012\/11\/indonesia-bali.jpg","keywords":["religione"],"articleSection":["Asia","Diritti Umani","Internazionale"],"inLanguage":"it-IT"},{"@type":"WebPage","@id":"https:\/\/www.pressenza.com\/it\/2012\/11\/tutela-per-le-religioni-indigene-dellindonesia\/","url":"https:\/\/www.pressenza.com\/it\/2012\/11\/tutela-per-le-religioni-indigene-dellindonesia\/","name":"Tutela per le religioni indigene dell'Indonesia","isPartOf":{"@id":"https:\/\/www.pressenza.com\/it\/#website"},"primaryImageOfPage":{"@id":"https:\/\/www.pressenza.com\/it\/2012\/11\/tutela-per-le-religioni-indigene-dellindonesia\/#primaryimage"},"image":{"@id":"https:\/\/www.pressenza.com\/it\/2012\/11\/tutela-per-le-religioni-indigene-dellindonesia\/#primaryimage"},"thumbnailUrl":"https:\/\/www.pressenza.com\/wp-content\/uploads\/2012\/11\/indonesia-bali.jpg","datePublished":"2012-11-30T21:39:55+00:00","dateModified":"2012-12-02T15:55:02+00:00","description":"Le religioni tradizionali della popolazione indigena dell'Indonesia devono essere tutelate. Questo \u00e8 quanto hanno chiesto al governo indonesiano circa 700","breadcrumb":{"@id":"https:\/\/www.pressenza.com\/it\/2012\/11\/tutela-per-le-religioni-indigene-dellindonesia\/#breadcrumb"},"inLanguage":"it-IT","potentialAction":[{"@type":"ReadAction","target":["https:\/\/www.pressenza.com\/it\/2012\/11\/tutela-per-le-religioni-indigene-dellindonesia\/"]}]},{"@type":"ImageObject","inLanguage":"it-IT","@id":"https:\/\/www.pressenza.com\/it\/2012\/11\/tutela-per-le-religioni-indigene-dellindonesia\/#primaryimage","url":"https:\/\/www.pressenza.com\/wp-content\/uploads\/2012\/11\/indonesia-bali.jpg","contentUrl":"https:\/\/www.pressenza.com\/wp-content\/uploads\/2012\/11\/indonesia-bali.jpg","width":"800","height":"373"},{"@type":"BreadcrumbList","@id":"https:\/\/www.pressenza.com\/it\/2012\/11\/tutela-per-le-religioni-indigene-dellindonesia\/#breadcrumb","itemListElement":[{"@type":"ListItem","position":1,"name":"Accueil","item":"https:\/\/www.pressenza.com\/it\/"},{"@type":"ListItem","position":2,"name":"Tutela per le religioni indigene dell&#8217;Indonesia"}]},{"@type":"WebSite","@id":"https:\/\/www.pressenza.com\/it\/#website","url":"https:\/\/www.pressenza.com\/it\/","name":"Pressenza","description":"Agenzia di Stampa Internazionale","publisher":{"@id":"https:\/\/www.pressenza.com\/it\/#organization"},"potentialAction":[{"@type":"SearchAction","target":{"@type":"EntryPoint","urlTemplate":"https:\/\/www.pressenza.com\/it\/?s={search_term_string}"},"query-input":{"@type":"PropertyValueSpecification","valueRequired":true,"valueName":"search_term_string"}}],"inLanguage":"it-IT"},{"@type":"Organization","@id":"https:\/\/www.pressenza.com\/it\/#organization","name":"Pressenza","url":"https:\/\/www.pressenza.com\/it\/","logo":{"@type":"ImageObject","inLanguage":"it-IT","@id":"https:\/\/www.pressenza.com\/it\/#\/schema\/logo\/image\/","url":"https:\/\/www.pressenza.com\/wp-content\/uploads\/2022\/10\/pressenza_logo_200x200.jpg","contentUrl":"https:\/\/www.pressenza.com\/wp-content\/uploads\/2022\/10\/pressenza_logo_200x200.jpg","width":200,"height":200,"caption":"Pressenza"},"image":{"@id":"https:\/\/www.pressenza.com\/it\/#\/schema\/logo\/image\/"},"sameAs":["https:\/\/www.facebook.com\/PressenzaItalia","https:\/\/x.com\/PressenzaIPA"]},{"@type":"Person","@id":"https:\/\/www.pressenza.com\/it\/#\/schema\/person\/cdd4529aa9392a0fa5dc5a848b317076","name":"Associazione per i Popoli Minacciati","description":"L'APM d\u00e0 voce alle vittime delle violazioni dei diritti umani. Assieme alle vittime, ci impegniamo per i diritti delle minoranze etniche, linguistiche e religiose minacciate e perseguitate, dei popoli senza Stato e delle comunit\u00e0 dei popoli indigeni. Senza condizionamenti politici o ideologici rendiamo noti crimini contro l'umanit\u00e0 e accusiamo i responsabili di genocidi, di esodi di massa, di repressioni, di persecuzioni e di discriminazioni. Siamo sempre dalla parte delle vittime di arbitr\u00ee e violenze. Con il nostro stato consultivo presso le Nazioni Unite abbiamo il diritto di parola alle Conferenze internazionali. In questo modo consentiamo ai rappresentanti di queste minoranze l'accesso agli organi dell'ONU. La nostra organizzazione lavora al livello internazionale: l'APM si trova in Germania, Italia (Sudtirolo), Francia, Svizzera, Austria, Lussemburgo e Bosnia-Herzegowina. www.gfbv.it","sameAs":["http:\/\/www.gfbv.it\/","https:\/\/www.facebook.com\/popoliminacciati"],"url":"https:\/\/www.pressenza.com\/it\/author\/associazione-per-i-popoli-minacciati\/"}]}},"place":"","original_article_url":"","_links":{"self":[{"href":"https:\/\/www.pressenza.com\/it\/wp-json\/wp\/v2\/posts\/26334","targetHints":{"allow":["GET"]}}],"collection":[{"href":"https:\/\/www.pressenza.com\/it\/wp-json\/wp\/v2\/posts"}],"about":[{"href":"https:\/\/www.pressenza.com\/it\/wp-json\/wp\/v2\/types\/post"}],"author":[{"embeddable":true,"href":"https:\/\/www.pressenza.com\/it\/wp-json\/wp\/v2\/users\/903"}],"replies":[{"embeddable":true,"href":"https:\/\/www.pressenza.com\/it\/wp-json\/wp\/v2\/comments?post=26334"}],"version-history":[{"count":0,"href":"https:\/\/www.pressenza.com\/it\/wp-json\/wp\/v2\/posts\/26334\/revisions"}],"wp:featuredmedia":[{"embeddable":true,"href":"https:\/\/www.pressenza.com\/it\/wp-json\/wp\/v2\/media\/26338"}],"wp:attachment":[{"href":"https:\/\/www.pressenza.com\/it\/wp-json\/wp\/v2\/media?parent=26334"}],"wp:term":[{"taxonomy":"category","embeddable":true,"href":"https:\/\/www.pressenza.com\/it\/wp-json\/wp\/v2\/categories?post=26334"},{"taxonomy":"post_tag","embeddable":true,"href":"https:\/\/www.pressenza.com\/it\/wp-json\/wp\/v2\/tags?post=26334"}],"curies":[{"name":"wp","href":"https:\/\/api.w.org\/{rel}","templated":true}]}}