{"id":2629099,"date":"2025-08-23T15:50:49","date_gmt":"2025-08-23T14:50:49","guid":{"rendered":"https:\/\/www.pressenza.com\/?p=2629099"},"modified":"2025-08-23T15:50:49","modified_gmt":"2025-08-23T14:50:49","slug":"dove-cercare-la-speranza-nella-terra-tra-il-fiume-e-il-mare-seconda-parte","status":"publish","type":"post","link":"https:\/\/www.pressenza.com\/it\/2025\/08\/dove-cercare-la-speranza-nella-terra-tra-il-fiume-e-il-mare-seconda-parte\/","title":{"rendered":"Dove cercare la speranza nella terra tra il fiume e il mare? Seconda parte"},"content":{"rendered":"<p>Yuli Novak, direttrice esecutiva di B\u2019Tselem, l\u2019organizzazione non governativa israeliana ultimamente citata da molti giornali per la pubblicazione del rapporto \u201cOur Genocide\u201d ha scritto: \u201c<em>Il genocidio non avviene senza una partecipazione di massa, una popolazione che lo sostiene, lo permette o distoglie lo sguardo. Questa \u00e8 parte della sua tragedia.\u00a0<strong>Quasi nessuna nazione che ha commesso un genocidio ha compreso, in tempo reale, ci\u00f2 che stava facendo.<\/strong>\u00a0La storia \u00e8 sempre la stessa: autodifesa, inevitabilit\u00e0, le vittime se la sono cercata.<\/em>\u201d<\/p>\n<p>B\u2019Tselem \u00e8 stata fondata nel 1989, la sua missione \u00e8 documentare e denunciare violazioni dei diritti umani nei Territori palestinesi occupati (Cisgiordania, Striscia di Gaza e Gerusalemme Est); pubblica rapporti, testimonianze video, indagini legali e campagne di sensibilizzazione, rivolte sia alla societ\u00e0 israeliana che alla comunit\u00e0 internazionale. Nel rapporto di luglio 2025 \u201cIl nostro genocidio\u201d,\u00a0<strong>B\u2019Tselem sostiene che, da ottobre 2023, lo Stato israeliano ha attuato una politica sistematica di annientamento nei confronti della Striscia di Gaza che equivale a genocidio.<\/strong><\/p>\n<p>La frase \u201c<em>Quasi nessuna nazione che ha commesso un genocidio ha compreso, in tempo reale, ci\u00f2 che stava facendo\u201d<strong>\u00a0<\/strong><\/em>non \u00e8 un\u2019ennesima giustificazione, n\u00e9 un\u2019attenuante per Israele. Io vedo in questa riflessione di Yuli Novak il coraggio di guardarsi allo specchio, come societ\u00e0 e come umanit\u00e0 in generale.<\/p>\n<p><em>\u201cIl genocidio \u00e8 di solito il risultato di uno sviluppo graduale, nel corso di anni, di condizioni in cui un regime repressivo e discriminatorio diventa genocida.\u00a0<strong>Decenni di occupazione, oppressione e apartheid hanno prodotto una profonda disumanizzazione dei palestinesi, che sono arrivati a essere visti dagli israeliani come una minaccia e come un problema da \u201crisolvere\u201d.<\/strong>\u00a0Condizioni di questo tipo possono persistere a lungo senza sfociare in genocidio. Spesso, un evento violento che genera un senso di minaccia esistenziale funge da detonatore che porta alla commissione effettiva di un genocidio. Nel caso del nostro genocidio, gli orrori del 7 ottobre 2023 e il trauma vissuto dalla societ\u00e0 israeliana sono stati, di fatto, il detonatore di un assalto totale alla Striscia di Gaza, presentato come un atto di autodifesa. L\u2019immenso trauma degli israeliani \u00e8 stato sfruttato dall\u2019attuale governo di estrema destra per portare avanti una politica che figure chiave stavano gi\u00e0 cercando di promuovere.\u201d\u00a0<a href=\"https:\/\/link.sbstck.com\/redirect\/f9fe7b65-4672-46e5-bc5c-6a8c00c43633?j=eyJ1IjoiaHdjNmYifQ.LqzQzOw4TtujLBIu_25IhfxpmSrtP0dA4KFQumM7T0k\">https:\/\/www.btselem.org\/publications\/202507_our_genocide<\/a><\/em><\/p>\n<p>In Turchia il genocidio armeno ufficialmente \u00e8 ancora tab\u00f9.<\/p>\n<p>In Canada solo negli ultimi decenni il genocidio delle popolazioni indigene \u00e8 affiorato alla coscienza collettiva. Per oltre un secolo (dal XIX secolo fino agli anni \u201990!!) i bambini e le bambine indigeni furono sottratti alle famiglie e forzati a vivere nelle Residential Schools, dove subivano maltrattamenti, abusi fisici e psicologici, veniva loro impedito di parlare le proprie lingue e mantenere la propria cultura. La societ\u00e0 canadese bianca sapeva?<\/p>\n<p>In Italia nella coscienza collettiva prevale ancora la rimozione o la minimizzazione del colonialismo italiano e le violenze perpetrate (uso dei gas in Etiopia, campi di concentramento in Libia, repressioni brutali in Somalia). L\u2019immaginario popolare e mediatico italiano tende a rappresentare il colonialismo come \u201cmite\u201d o \u201cumanitario\u201d, attraverso il mito degli \u201cItaliani brava gente\u201d. La societ\u00e0 italiana sapeva?<\/p>\n<p>In Europa i migranti<em>\u00a0\u201csono arrivati a essere visti come una minaccia e come un problema da \u201crisolvere\u201d.\u00a0<\/em>Le stesse parole usate da B\u2019Tselem per i palestinesi possono essere usate per descrivere il processo di disumanizzazione delle persone migranti in Europa. Recentemente, 13 persone sono sbarcate sulla Sotillo Beach di Castell de Ferro, provincia di Granada (Andalusia). I bagnanti hanno reagito in modo aggressivo: li hanno rincorsi, afferrati e immobilizzati. In una scena si vede un uomo in costume arancione inginocchiato sulla schiena di uno dei migranti, in attesa dell&#8217;arrivo delle forze dell\u2019ordine. Nessuno-a che abbia agito in modo compassionevole, umano\u2026 Come \u00e8 possibile? E\u2019&#8230; mostruoso\u2026<\/p>\n<p><a href=\"https:\/\/link.sbstck.com\/redirect\/6dcc6f74-6bbb-4c64-9104-c7f6ac814bd1?j=eyJ1IjoiaHdjNmYifQ.LqzQzOw4TtujLBIu_25IhfxpmSrtP0dA4KFQumM7T0k\">https:\/\/www.thetimes.com\/world\/europe\/article\/speedboat-migrants-spain-sunbathers-6n6gpdksj?utm_source=chatgpt.com<\/a><\/p>\n<p>I mostri non sono da qualche parte l\u00e0 fuori. Sono dentro ognuno-a di noi. E\u2019 possibile che non siamo tra quelli-e che disumanizzano le persone migranti, rifugiati-e, Rom\u2026 Eppure, \u00e8 possibile che siamo tra quelli-e che disumanizzano il fascista, il trumpiano\u2026 O se non arrivano alla disumanizzazione, comunque giocano sul territorio della polarizzazione.<\/p>\n<p><em>\u201c<strong>Le tattiche polarizzanti,<\/strong>\u00a0le guerre culturali e il purismo morale, scrive Evans, sono portati avanti per smuovere le coscienze e mobilitare, \u201cma il risultato pu\u00f2 comunque essere pi\u00f9 sopraffazione, meno empatia, pi\u00f9 aggressivit\u00e0, meno pensiero critico, pi\u00f9 pensiero di gruppo\u201d. Rischiano di dividere gli attivisti per la giustizia sociale \u201cin fazioni pi\u00f9 ossessionate l&#8217;una dall&#8217;altra che dal porre fine all&#8217;ingiustizia che \u00e8 la loro causa comune\u201d. Con il risultato che \u201cinvece di affrontare i problemi del mondo reale, stiamo sprecando energie politiche preziose per gestire la polarizzazione stessa\u201d.\u00a0<\/em>(Diego Galli,\u00a0<a href=\"https:\/\/www.rigenerazionale.it\/p\/polarizzazione\">https:\/\/www.rigenerazionale.it\/p\/polarizzazione<\/a>)<\/p>\n<p>A proposito di \u2018purismo morale\u2019&#8230; Standing Together \u00e8 nella lista di organizzazioni da boicottare redatta da \u201cThe Palestinian Campaign for the Academic and Cultural Boycott of Israel (PACBI)\u201d, un membro fondatore del movimento BDS. L\u2019organizzazione \u00e8 accusata di \u201cnormalizzazione\u201d, ossia di rendere normale lo\u00a0<em>status quo<\/em>\u00a0e richiamare l\u2019attenzione solo su odio ed empatia, senza puntare il dito contro le cause strutturali del conflitto, l\u2019oppressione, l\u2019occupazione e l\u2019apartheid.\u00a0<strong>L\u2019accusa di normalizzazione \u00e8 rivolta spesso a movimenti congiunti di israeliane-i e palestinesi.\u00a0<\/strong>Certo, la normalizzazione dello\u00a0<em>status quo<\/em>\u00a0e la favola della coesistenza di ebrei e palestinesi che suonano e cantano insieme \u00e8 insidiosa, ma l\u2019accusa di normalizzazione rivolta a Standing Together \u00e8 altrettanto insidiosa. Si legge sul sito del movimento BDS (<a href=\"https:\/\/link.sbstck.com\/redirect\/cc82d5d5-35ae-448f-a30a-a16dbc4e9c2f?j=eyJ1IjoiaHdjNmYifQ.LqzQzOw4TtujLBIu_25IhfxpmSrtP0dA4KFQumM7T0k\">https:\/\/www.bdsmovement.net\/standing-together-normalization<\/a>) che Standing Together promuove l\u2019idea che palestinesi e israeliani possano convivere se scelgono l\u2019empatia invece dell\u2019odio, per\u00f2 non riconosce il regime di apartheid e colonizzazione israeliana come causa principale del conflitto. In realt\u00e0, Standing Together riconosce il regime di disuguaglianza e denuncia il regime di occupazione. Perch\u00e9 allora boicottarli?<\/p>\n<p>Durante un\u2019intervista alla CNN, la giornalista Christiane Amanpour ha detto a Rula Daood, co-direttrice di \u201cStanding Together\u201d: \u201c<em>Alcuni palestinesi vi hanno criticato. Vi accusano in qualche modo di normalizzare l\u2019occupazione. Il movimento BDS ha detto che questa \u00e8 normalizzazione\u2026<\/em>\u201d.<\/p>\n<p>Rula Daood ha risposto: \u201c<em>\u2026Quando sei seduto comodamente a casa negli Stati Uniti o in Europa, \u00e8 molto pi\u00f9 facile guardarci senza capire le realt\u00e0 in cui viviamo\u2026 A volte pu\u00f2 essere per ignoranza\u2026 Sono una cittadina palestinese di Israele e la vita non \u00e8 facile. Siamo cittadini di seconda classe\u2026 Quindi venire qui e boicottare gli unici attivisti\u2014sia palestinesi sia ebrei\u2014che osano opporsi a questo governo, parlare un linguaggio diverso, dire che questa occupazione deve finire, che questa guerra deve finire, che deve esserci un accordo sul tavolo affinch\u00e9 i prigionieri possano tornare a casa\u2026 significa semplicemente andare contro la volont\u00e0 del popolo. Se sei davvero rivoluzionario, capisci che ci sono persone che soffrono e ci sono governi.<\/em>\u201d<\/p>\n<p>Si pu\u00f2 guardare l\u2019intera intervista a questo link (<a href=\"https:\/\/link.sbstck.com\/redirect\/6538ad20-2219-43d0-9986-2da99edb654b?j=eyJ1IjoiaHdjNmYifQ.LqzQzOw4TtujLBIu_25IhfxpmSrtP0dA4KFQumM7T0k\">https:\/\/edition.cnn.com\/2025\/05\/14\/Tv\/video\/amanpour-green-daood<\/a>\u00a0) e io l\u2019ho riguardata. Qualcosa in me avrebbe voluto forse che Rula e Alon-Lee fossero pi\u00f9 incisivi sulla denuncia dell\u2019occupazione militare e sulle condizioni di apartheid, forse addirittura qualcosa in me, era infastidito dal titolo \u201cIl dolore \u00e8 un dolore reciproco\u201d, perch\u00e9 come si pu\u00f2 paragonare il dolore del gruppo degli oppressi e del gruppo degli oppressori?<\/p>\n<p>Eppure, come ricordano Combatants for Peace CfP nei loro inviti alla Joint Memorial Ceremony:\u00a0<em>\u201c<strong>Nel lutto fianco a fianco, non cerchiamo di equiparare le narrazioni, ma di trasformare la disperazione in speranza e costruire ponti di profonda compassione capaci di cambiare la realt\u00e0<\/strong>\u2026\u201d<\/em>. La Joint Memorial Ceremony \u00e8 organizzata da CfP e dal \u2018Parents Circle Families Forum\u2019. Si svolge ogni anno alla vigilia dello Yom Hazikaron (Giorno della Memoria israeliano), che, nella cultura dominante israeliana, tende a rafforzare narrazioni culturali di dolore, vittimismo e disperazione. La Cerimonia trasforma questa narrazione portando palestinesi e israeliane\/i a \u201cpiangere insieme e modellare un&#8217;altra via possibile\u201d.<\/p>\n<p>Allora, s\u00ec, il dolore \u00e8 lo stesso, anche se la condizione per questo riconoscimento passa per il primo riconoscimento delle asimmetrie di potere, delle strutture oppressive e delle responsabilit\u00e0. &#8220;<em>Riconosciamo la differenza nelle dinamiche di potere tra israeliani e palestinesi e usiamo i nostri privilegi lavorando insieme per resistere all\u2019ingiustizia.<\/em>&#8221; (Dal sito di CfP\u00a0<a href=\"https:\/\/link.sbstck.com\/redirect\/508b9677-fcb4-4a49-95c7-b43583861848?j=eyJ1IjoiaHdjNmYifQ.LqzQzOw4TtujLBIu_25IhfxpmSrtP0dA4KFQumM7T0k\">https:\/\/www.cfpeace.org\/combatants-for-peace<\/a>)<\/p>\n<p><strong>I movimenti congiunti di ebrei-e israeliani-e e palestinesi subiscono il fuoco incrociato,\u00a0<\/strong>da un lato dei palestinesi o pro-palestinesi, che li accusano di normalizzazione o non accettano che ci possano essere israeliani-e nella lotta per la Palestina libera (semplificando), dall&#8217;altro lato, degli israeliani o pro-israeliani che li accusano di essere antisemiti e\/o traditori di Israele.<\/p>\n<p>Gli-le israeliani-e che chiedono la fine dell\u2019occupazione sono appellati in ebraico \u201cyafeh nefesh&#8221; ossia belle anime, con una connotazione dispregiativa di\u00a0<em>na\u00eff<\/em>, ingenui e illusi. Maggiormente, dopo il 7 ottobre, la domanda per loro \u00e8 stata: \u201cHai smaltito la sbornia? Sei diventato pi\u00f9 realistico-a adesso?&#8221;. Forse accade lo stesso per i-le palestinesi che credono nella co-resistenza con gli-le israeliani-e: \u201cCome puoi fidarti con quello che sta succedendo?\u201d.<\/p>\n<p>Martin Luther King nel suo discorso a Montgomery, Alabama (1957) disse:\u00a0<em>\u201cSiamo particolarmente interessati al ruolo delle persone bianche di buona volont\u00e0. Siamo quindi grati quando troviamo membri della popolazione bianca che fanno un serio sforzo per cambiare\u2026 Cerchiamo di incoraggiarli ad agire con fermezza in accordo con le loro convinzioni pi\u00f9 profonde.\u201d<\/em><\/p>\n<p>Incoraggiare la partecipazione di israeliane-i nella resistenza al genocidio, all\u2019occupazione e alla pulizia etnica non diluisce la richiesta di giustizia, anzi, la rinforza. Il rischio \u00e8 forse, come ho letto in qualche commento, di creare degli eroi israeliani (eroi all\u2019interno del gruppo oppressore) e lasciare in ombra le persone che resistono (del gruppo degli oppressi)?<\/p>\n<p>Allora, ritornando alla domanda sul 17 agosto, c\u2019erano, s\u00ec, pi\u00f9 immagini e foto degli ostaggi israeliani che dei bambini gazawi, sicuramente c\u2019erano pi\u00f9 bandiere israeliane che cartelli con la scritta \u2018Stop Genocide\u2019,\u00a0<strong>eppure possiamo guardare allo stesso tempo, sia i punti ciechi della societ\u00e0 israeliana, sia le possibilit\u00e0 ai margini.<\/strong>\u00a0E a quelle voglio guardare, non oscurando il resto (e non oscurarlo significa sentire tutto il peso di questa realt\u00e0), guidata dalla speranza. La speranza non \u00e8 un sentimento ma un\u2019attitudine, non \u00e8 che si ha o non si ha, ma si coltiva, o come direbbe l\u2019attivista Maoz Inon, \u201csi fa speranza insieme\u201d.<\/p>\n<p><em>\u201cLa Speranza Attiva non \u00e8 pensiero illusorio&#8230; La rete della vita ci chiama a intervenire in questo momento. Abbiamo percorso molta strada e siamo qui per fare la nostra parte\u2026 La Speranza Attiva \u00e8 la disponibilit\u00e0 a scoprire le forze in noi stessi-e e negli altri; la disponibilit\u00e0 a scoprire la grandezza e la forza dei nostri cuori\u2026\u201d\u00a0<\/em>(Joanna Macy)<\/p>\n<p>E dunque, \u2018fare speranza\u2019 per me e mettermi dentro e non fuori del quadro a cui guardo, \u00e8 in questo momento far conoscere e amplificare quella parte (s\u00ec, certo, minoritaria) della societ\u00e0 israeliana che il 17 agosto non chiedeva la fine della guerra per salvare \u201ci suoi\u201d, ma incarnava un futuro di liberazione collettiva per tutte le persone dal fiume al mare.<\/p>\n<p><a href=\"https:\/\/www.pressenza.com\/it\/2025\/08\/dove-cercare-la-speranza-nella-terra-tra-il-fiume-e-il-mare-prima-parte\/\">Link alla prima parte dell\u2019articolo<\/a><\/p>\n","protected":false},"excerpt":{"rendered":"<p>Yuli Novak, direttrice esecutiva di B\u2019Tselem, l\u2019organizzazione non governativa israeliana ultimamente citata da molti giornali per la pubblicazione del rapporto \u201cOur Genocide\u201d ha scritto: \u201cIl genocidio non avviene senza una partecipazione di massa, una popolazione che lo sostiene, lo permette&hellip;<\/p>\n","protected":false},"author":2450,"featured_media":2629102,"comment_status":"closed","ping_status":"closed","sticky":false,"template":"","format":"standard","meta":{"footnotes":""},"categories":[52,162,1263],"tags":[25388,74476,1005,117859,129542,141727,80037,10099,119734],"class_list":["post-2629099","post","type-post","status-publish","format-standard","has-post-thumbnail","hentry","category-medio-oriente","category-opinioni","category-pace-disarmo","tag-btselem","tag-combatants-for-peace-it","tag-gaza","tag-genocidi-it","tag-israele-2","tag-manifestazione-17-agosto","tag-movimento-bds-it","tag-speranza","tag-standing-together-it"],"yoast_head":"<!-- This site is optimized with the Yoast SEO plugin v27.1.1 - https:\/\/yoast.com\/product\/yoast-seo-wordpress\/ -->\n<title>Dove cercare la speranza nella terra tra il fiume e il mare? Seconda parte<\/title>\n<meta name=\"description\" content=\"Yuli Novak, direttrice esecutiva di B\u2019Tselem, l\u2019organizzazione non governativa israeliana ultimamente citata da molti giornali per la pubblicazione del\" \/>\n<meta name=\"robots\" content=\"index, follow, max-snippet:-1, max-image-preview:large, max-video-preview:-1\" \/>\n<link rel=\"canonical\" href=\"https:\/\/www.pressenza.com\/it\/2025\/08\/dove-cercare-la-speranza-nella-terra-tra-il-fiume-e-il-mare-seconda-parte\/\" \/>\n<meta property=\"og:locale\" content=\"it_IT\" \/>\n<meta property=\"og:type\" content=\"article\" \/>\n<meta property=\"og:title\" content=\"Dove cercare la speranza nella terra tra il fiume e il mare? Seconda parte\" \/>\n<meta property=\"og:description\" content=\"Yuli Novak, direttrice esecutiva di B\u2019Tselem, l\u2019organizzazione non governativa israeliana ultimamente citata da molti giornali per la pubblicazione del\" \/>\n<meta property=\"og:url\" content=\"https:\/\/www.pressenza.com\/it\/2025\/08\/dove-cercare-la-speranza-nella-terra-tra-il-fiume-e-il-mare-seconda-parte\/\" \/>\n<meta property=\"og:site_name\" content=\"Pressenza\" \/>\n<meta property=\"article:publisher\" content=\"https:\/\/www.facebook.com\/PressenzaItalia\" \/>\n<meta property=\"article:published_time\" content=\"2025-08-23T14:50:49+00:00\" \/>\n<meta property=\"og:image\" content=\"https:\/\/www.pressenza.com\/wp-content\/uploads\/2025\/08\/BTselem-genocidio-rit.jpg\" \/>\n\t<meta property=\"og:image:width\" content=\"521\" \/>\n\t<meta property=\"og:image:height\" content=\"456\" \/>\n\t<meta property=\"og:image:type\" content=\"image\/jpeg\" \/>\n<meta name=\"author\" content=\"Ilaria Olimpico\" \/>\n<meta name=\"twitter:card\" content=\"summary_large_image\" \/>\n<meta name=\"twitter:creator\" content=\"@PressenzaIPA\" \/>\n<meta name=\"twitter:site\" content=\"@PressenzaIPA\" \/>\n<meta name=\"twitter:label1\" content=\"Scritto da\" \/>\n\t<meta name=\"twitter:data1\" content=\"Ilaria Olimpico\" \/>\n\t<meta name=\"twitter:label2\" content=\"Tempo di lettura stimato\" \/>\n\t<meta name=\"twitter:data2\" content=\"10 minuti\" \/>\n<script type=\"application\/ld+json\" class=\"yoast-schema-graph\">{\"@context\":\"https:\/\/schema.org\",\"@graph\":[{\"@type\":\"Article\",\"@id\":\"https:\/\/www.pressenza.com\/it\/2025\/08\/dove-cercare-la-speranza-nella-terra-tra-il-fiume-e-il-mare-seconda-parte\/#article\",\"isPartOf\":{\"@id\":\"https:\/\/www.pressenza.com\/it\/2025\/08\/dove-cercare-la-speranza-nella-terra-tra-il-fiume-e-il-mare-seconda-parte\/\"},\"author\":{\"name\":\"Ilaria Olimpico\",\"@id\":\"https:\/\/www.pressenza.com\/it\/#\/schema\/person\/0717ff8a27c9b71830a2d9f700fa264a\"},\"headline\":\"Dove cercare la speranza nella terra tra il fiume e il mare? Seconda parte\",\"datePublished\":\"2025-08-23T14:50:49+00:00\",\"mainEntityOfPage\":{\"@id\":\"https:\/\/www.pressenza.com\/it\/2025\/08\/dove-cercare-la-speranza-nella-terra-tra-il-fiume-e-il-mare-seconda-parte\/\"},\"wordCount\":1820,\"publisher\":{\"@id\":\"https:\/\/www.pressenza.com\/it\/#organization\"},\"image\":{\"@id\":\"https:\/\/www.pressenza.com\/it\/2025\/08\/dove-cercare-la-speranza-nella-terra-tra-il-fiume-e-il-mare-seconda-parte\/#primaryimage\"},\"thumbnailUrl\":\"https:\/\/www.pressenza.com\/wp-content\/uploads\/2025\/08\/BTselem-genocidio-rit.jpg\",\"keywords\":[\"B\u2019Tselem\",\"Combatants for Peace\",\"Gaza\",\"Genocidi\",\"Israele\",\"manifestazione 17 agosto\",\"Movimento BDS\",\"speranza\",\"Standing together\"],\"articleSection\":[\"Medio Oriente\",\"Opinioni\",\"Pace e Disarmo\"],\"inLanguage\":\"it-IT\"},{\"@type\":\"WebPage\",\"@id\":\"https:\/\/www.pressenza.com\/it\/2025\/08\/dove-cercare-la-speranza-nella-terra-tra-il-fiume-e-il-mare-seconda-parte\/\",\"url\":\"https:\/\/www.pressenza.com\/it\/2025\/08\/dove-cercare-la-speranza-nella-terra-tra-il-fiume-e-il-mare-seconda-parte\/\",\"name\":\"Dove cercare la speranza nella terra tra il fiume e il mare? Seconda parte\",\"isPartOf\":{\"@id\":\"https:\/\/www.pressenza.com\/it\/#website\"},\"primaryImageOfPage\":{\"@id\":\"https:\/\/www.pressenza.com\/it\/2025\/08\/dove-cercare-la-speranza-nella-terra-tra-il-fiume-e-il-mare-seconda-parte\/#primaryimage\"},\"image\":{\"@id\":\"https:\/\/www.pressenza.com\/it\/2025\/08\/dove-cercare-la-speranza-nella-terra-tra-il-fiume-e-il-mare-seconda-parte\/#primaryimage\"},\"thumbnailUrl\":\"https:\/\/www.pressenza.com\/wp-content\/uploads\/2025\/08\/BTselem-genocidio-rit.jpg\",\"datePublished\":\"2025-08-23T14:50:49+00:00\",\"description\":\"Yuli Novak, direttrice esecutiva di B\u2019Tselem, l\u2019organizzazione non governativa israeliana ultimamente citata da molti giornali per la pubblicazione del\",\"breadcrumb\":{\"@id\":\"https:\/\/www.pressenza.com\/it\/2025\/08\/dove-cercare-la-speranza-nella-terra-tra-il-fiume-e-il-mare-seconda-parte\/#breadcrumb\"},\"inLanguage\":\"it-IT\",\"potentialAction\":[{\"@type\":\"ReadAction\",\"target\":[\"https:\/\/www.pressenza.com\/it\/2025\/08\/dove-cercare-la-speranza-nella-terra-tra-il-fiume-e-il-mare-seconda-parte\/\"]}]},{\"@type\":\"ImageObject\",\"inLanguage\":\"it-IT\",\"@id\":\"https:\/\/www.pressenza.com\/it\/2025\/08\/dove-cercare-la-speranza-nella-terra-tra-il-fiume-e-il-mare-seconda-parte\/#primaryimage\",\"url\":\"https:\/\/www.pressenza.com\/wp-content\/uploads\/2025\/08\/BTselem-genocidio-rit.jpg\",\"contentUrl\":\"https:\/\/www.pressenza.com\/wp-content\/uploads\/2025\/08\/BTselem-genocidio-rit.jpg\",\"width\":521,\"height\":456},{\"@type\":\"BreadcrumbList\",\"@id\":\"https:\/\/www.pressenza.com\/it\/2025\/08\/dove-cercare-la-speranza-nella-terra-tra-il-fiume-e-il-mare-seconda-parte\/#breadcrumb\",\"itemListElement\":[{\"@type\":\"ListItem\",\"position\":1,\"name\":\"Accueil\",\"item\":\"https:\/\/www.pressenza.com\/it\/\"},{\"@type\":\"ListItem\",\"position\":2,\"name\":\"Dove cercare la speranza nella terra tra il fiume e il mare? Seconda parte\"}]},{\"@type\":\"WebSite\",\"@id\":\"https:\/\/www.pressenza.com\/it\/#website\",\"url\":\"https:\/\/www.pressenza.com\/it\/\",\"name\":\"Pressenza\",\"description\":\"Agenzia di Stampa Internazionale\",\"publisher\":{\"@id\":\"https:\/\/www.pressenza.com\/it\/#organization\"},\"potentialAction\":[{\"@type\":\"SearchAction\",\"target\":{\"@type\":\"EntryPoint\",\"urlTemplate\":\"https:\/\/www.pressenza.com\/it\/?s={search_term_string}\"},\"query-input\":{\"@type\":\"PropertyValueSpecification\",\"valueRequired\":true,\"valueName\":\"search_term_string\"}}],\"inLanguage\":\"it-IT\"},{\"@type\":\"Organization\",\"@id\":\"https:\/\/www.pressenza.com\/it\/#organization\",\"name\":\"Pressenza\",\"url\":\"https:\/\/www.pressenza.com\/it\/\",\"logo\":{\"@type\":\"ImageObject\",\"inLanguage\":\"it-IT\",\"@id\":\"https:\/\/www.pressenza.com\/it\/#\/schema\/logo\/image\/\",\"url\":\"https:\/\/www.pressenza.com\/wp-content\/uploads\/2022\/10\/pressenza_logo_200x200.jpg\",\"contentUrl\":\"https:\/\/www.pressenza.com\/wp-content\/uploads\/2022\/10\/pressenza_logo_200x200.jpg\",\"width\":200,\"height\":200,\"caption\":\"Pressenza\"},\"image\":{\"@id\":\"https:\/\/www.pressenza.com\/it\/#\/schema\/logo\/image\/\"},\"sameAs\":[\"https:\/\/www.facebook.com\/PressenzaItalia\",\"https:\/\/x.com\/PressenzaIPA\"]},{\"@type\":\"Person\",\"@id\":\"https:\/\/www.pressenza.com\/it\/#\/schema\/person\/0717ff8a27c9b71830a2d9f700fa264a\",\"name\":\"Ilaria Olimpico\",\"sameAs\":[\"http:\/\/www.thealbero.imaginaction.org\/\",\"https:\/\/www.instagram.com\/ilarialmp\/\",\"https:\/\/linkedin.com\/in\/ilaria-olimpico\"],\"url\":\"https:\/\/www.pressenza.com\/it\/author\/ilaria-olimpico\/\"}]}<\/script>\n<!-- \/ Yoast SEO plugin. -->","yoast_head_json":{"title":"Dove cercare la speranza nella terra tra il fiume e il mare? Seconda parte","description":"Yuli Novak, direttrice esecutiva di B\u2019Tselem, l\u2019organizzazione non governativa israeliana ultimamente citata da molti giornali per la pubblicazione del","robots":{"index":"index","follow":"follow","max-snippet":"max-snippet:-1","max-image-preview":"max-image-preview:large","max-video-preview":"max-video-preview:-1"},"canonical":"https:\/\/www.pressenza.com\/it\/2025\/08\/dove-cercare-la-speranza-nella-terra-tra-il-fiume-e-il-mare-seconda-parte\/","og_locale":"it_IT","og_type":"article","og_title":"Dove cercare la speranza nella terra tra il fiume e il mare? Seconda parte","og_description":"Yuli Novak, direttrice esecutiva di B\u2019Tselem, l\u2019organizzazione non governativa israeliana ultimamente citata da molti giornali per la pubblicazione del","og_url":"https:\/\/www.pressenza.com\/it\/2025\/08\/dove-cercare-la-speranza-nella-terra-tra-il-fiume-e-il-mare-seconda-parte\/","og_site_name":"Pressenza","article_publisher":"https:\/\/www.facebook.com\/PressenzaItalia","article_published_time":"2025-08-23T14:50:49+00:00","og_image":[{"width":521,"height":456,"url":"https:\/\/www.pressenza.com\/wp-content\/uploads\/2025\/08\/BTselem-genocidio-rit.jpg","type":"image\/jpeg"}],"author":"Ilaria Olimpico","twitter_card":"summary_large_image","twitter_creator":"@PressenzaIPA","twitter_site":"@PressenzaIPA","twitter_misc":{"Scritto da":"Ilaria Olimpico","Tempo di lettura stimato":"10 minuti"},"schema":{"@context":"https:\/\/schema.org","@graph":[{"@type":"Article","@id":"https:\/\/www.pressenza.com\/it\/2025\/08\/dove-cercare-la-speranza-nella-terra-tra-il-fiume-e-il-mare-seconda-parte\/#article","isPartOf":{"@id":"https:\/\/www.pressenza.com\/it\/2025\/08\/dove-cercare-la-speranza-nella-terra-tra-il-fiume-e-il-mare-seconda-parte\/"},"author":{"name":"Ilaria Olimpico","@id":"https:\/\/www.pressenza.com\/it\/#\/schema\/person\/0717ff8a27c9b71830a2d9f700fa264a"},"headline":"Dove cercare la speranza nella terra tra il fiume e il mare? Seconda parte","datePublished":"2025-08-23T14:50:49+00:00","mainEntityOfPage":{"@id":"https:\/\/www.pressenza.com\/it\/2025\/08\/dove-cercare-la-speranza-nella-terra-tra-il-fiume-e-il-mare-seconda-parte\/"},"wordCount":1820,"publisher":{"@id":"https:\/\/www.pressenza.com\/it\/#organization"},"image":{"@id":"https:\/\/www.pressenza.com\/it\/2025\/08\/dove-cercare-la-speranza-nella-terra-tra-il-fiume-e-il-mare-seconda-parte\/#primaryimage"},"thumbnailUrl":"https:\/\/www.pressenza.com\/wp-content\/uploads\/2025\/08\/BTselem-genocidio-rit.jpg","keywords":["B\u2019Tselem","Combatants for Peace","Gaza","Genocidi","Israele","manifestazione 17 agosto","Movimento BDS","speranza","Standing together"],"articleSection":["Medio Oriente","Opinioni","Pace e Disarmo"],"inLanguage":"it-IT"},{"@type":"WebPage","@id":"https:\/\/www.pressenza.com\/it\/2025\/08\/dove-cercare-la-speranza-nella-terra-tra-il-fiume-e-il-mare-seconda-parte\/","url":"https:\/\/www.pressenza.com\/it\/2025\/08\/dove-cercare-la-speranza-nella-terra-tra-il-fiume-e-il-mare-seconda-parte\/","name":"Dove cercare la speranza nella terra tra il fiume e il mare? Seconda parte","isPartOf":{"@id":"https:\/\/www.pressenza.com\/it\/#website"},"primaryImageOfPage":{"@id":"https:\/\/www.pressenza.com\/it\/2025\/08\/dove-cercare-la-speranza-nella-terra-tra-il-fiume-e-il-mare-seconda-parte\/#primaryimage"},"image":{"@id":"https:\/\/www.pressenza.com\/it\/2025\/08\/dove-cercare-la-speranza-nella-terra-tra-il-fiume-e-il-mare-seconda-parte\/#primaryimage"},"thumbnailUrl":"https:\/\/www.pressenza.com\/wp-content\/uploads\/2025\/08\/BTselem-genocidio-rit.jpg","datePublished":"2025-08-23T14:50:49+00:00","description":"Yuli Novak, direttrice esecutiva di B\u2019Tselem, l\u2019organizzazione non governativa israeliana ultimamente citata da molti giornali per la pubblicazione del","breadcrumb":{"@id":"https:\/\/www.pressenza.com\/it\/2025\/08\/dove-cercare-la-speranza-nella-terra-tra-il-fiume-e-il-mare-seconda-parte\/#breadcrumb"},"inLanguage":"it-IT","potentialAction":[{"@type":"ReadAction","target":["https:\/\/www.pressenza.com\/it\/2025\/08\/dove-cercare-la-speranza-nella-terra-tra-il-fiume-e-il-mare-seconda-parte\/"]}]},{"@type":"ImageObject","inLanguage":"it-IT","@id":"https:\/\/www.pressenza.com\/it\/2025\/08\/dove-cercare-la-speranza-nella-terra-tra-il-fiume-e-il-mare-seconda-parte\/#primaryimage","url":"https:\/\/www.pressenza.com\/wp-content\/uploads\/2025\/08\/BTselem-genocidio-rit.jpg","contentUrl":"https:\/\/www.pressenza.com\/wp-content\/uploads\/2025\/08\/BTselem-genocidio-rit.jpg","width":521,"height":456},{"@type":"BreadcrumbList","@id":"https:\/\/www.pressenza.com\/it\/2025\/08\/dove-cercare-la-speranza-nella-terra-tra-il-fiume-e-il-mare-seconda-parte\/#breadcrumb","itemListElement":[{"@type":"ListItem","position":1,"name":"Accueil","item":"https:\/\/www.pressenza.com\/it\/"},{"@type":"ListItem","position":2,"name":"Dove cercare la speranza nella terra tra il fiume e il mare? Seconda parte"}]},{"@type":"WebSite","@id":"https:\/\/www.pressenza.com\/it\/#website","url":"https:\/\/www.pressenza.com\/it\/","name":"Pressenza","description":"Agenzia di Stampa Internazionale","publisher":{"@id":"https:\/\/www.pressenza.com\/it\/#organization"},"potentialAction":[{"@type":"SearchAction","target":{"@type":"EntryPoint","urlTemplate":"https:\/\/www.pressenza.com\/it\/?s={search_term_string}"},"query-input":{"@type":"PropertyValueSpecification","valueRequired":true,"valueName":"search_term_string"}}],"inLanguage":"it-IT"},{"@type":"Organization","@id":"https:\/\/www.pressenza.com\/it\/#organization","name":"Pressenza","url":"https:\/\/www.pressenza.com\/it\/","logo":{"@type":"ImageObject","inLanguage":"it-IT","@id":"https:\/\/www.pressenza.com\/it\/#\/schema\/logo\/image\/","url":"https:\/\/www.pressenza.com\/wp-content\/uploads\/2022\/10\/pressenza_logo_200x200.jpg","contentUrl":"https:\/\/www.pressenza.com\/wp-content\/uploads\/2022\/10\/pressenza_logo_200x200.jpg","width":200,"height":200,"caption":"Pressenza"},"image":{"@id":"https:\/\/www.pressenza.com\/it\/#\/schema\/logo\/image\/"},"sameAs":["https:\/\/www.facebook.com\/PressenzaItalia","https:\/\/x.com\/PressenzaIPA"]},{"@type":"Person","@id":"https:\/\/www.pressenza.com\/it\/#\/schema\/person\/0717ff8a27c9b71830a2d9f700fa264a","name":"Ilaria Olimpico","sameAs":["http:\/\/www.thealbero.imaginaction.org\/","https:\/\/www.instagram.com\/ilarialmp\/","https:\/\/linkedin.com\/in\/ilaria-olimpico"],"url":"https:\/\/www.pressenza.com\/it\/author\/ilaria-olimpico\/"}]}},"place":"","original_article_url":"","_links":{"self":[{"href":"https:\/\/www.pressenza.com\/it\/wp-json\/wp\/v2\/posts\/2629099","targetHints":{"allow":["GET"]}}],"collection":[{"href":"https:\/\/www.pressenza.com\/it\/wp-json\/wp\/v2\/posts"}],"about":[{"href":"https:\/\/www.pressenza.com\/it\/wp-json\/wp\/v2\/types\/post"}],"author":[{"embeddable":true,"href":"https:\/\/www.pressenza.com\/it\/wp-json\/wp\/v2\/users\/2450"}],"replies":[{"embeddable":true,"href":"https:\/\/www.pressenza.com\/it\/wp-json\/wp\/v2\/comments?post=2629099"}],"version-history":[{"count":3,"href":"https:\/\/www.pressenza.com\/it\/wp-json\/wp\/v2\/posts\/2629099\/revisions"}],"predecessor-version":[{"id":2629349,"href":"https:\/\/www.pressenza.com\/it\/wp-json\/wp\/v2\/posts\/2629099\/revisions\/2629349"}],"wp:featuredmedia":[{"embeddable":true,"href":"https:\/\/www.pressenza.com\/it\/wp-json\/wp\/v2\/media\/2629102"}],"wp:attachment":[{"href":"https:\/\/www.pressenza.com\/it\/wp-json\/wp\/v2\/media?parent=2629099"}],"wp:term":[{"taxonomy":"category","embeddable":true,"href":"https:\/\/www.pressenza.com\/it\/wp-json\/wp\/v2\/categories?post=2629099"},{"taxonomy":"post_tag","embeddable":true,"href":"https:\/\/www.pressenza.com\/it\/wp-json\/wp\/v2\/tags?post=2629099"}],"curies":[{"name":"wp","href":"https:\/\/api.w.org\/{rel}","templated":true}]}}