{"id":2627216,"date":"2025-08-14T19:34:59","date_gmt":"2025-08-14T18:34:59","guid":{"rendered":"https:\/\/www.pressenza.com\/?p=2627216"},"modified":"2025-08-14T19:37:30","modified_gmt":"2025-08-14T18:37:30","slug":"ancora-piu-di-tremila-morti-in-incidenti-stradali-nel-2024","status":"publish","type":"post","link":"https:\/\/www.pressenza.com\/it\/2025\/08\/ancora-piu-di-tremila-morti-in-incidenti-stradali-nel-2024\/","title":{"rendered":"Ancora pi\u00f9 di tremila morti in incidenti stradali nel 2024"},"content":{"rendered":"<p>Nel 2024 il numero delle vittime della strada \u00e8 rimasto pressoch\u00e9 stabile rispetto al 2023, mentre si registra un aumento degli incidenti e dei feriti: <strong>il numero di morti in incidenti stradali \u00e8 stato di 3.030<\/strong> (-0,3% rispetto al 2023), <strong>quello dei feriti 233.853<\/strong> (+4,1%), per un totale di 173.364 incidenti stradali (+4,1%). Rispetto al 2019, le vittime e i feriti sono diminuiti (rispettivamente del -4,5% e -3,1%), mentre gli incidenti stradali mostrano un leggero aumento (+0,7%). Sono i dati di un recente report dell\u2019<strong>ISTAT<\/strong>.<\/p>\n<p>Il numero delle vittime cresce tra i conducenti e i passeggeri di motocicli, di monopattini e di autocarri, mentre diminuisce per le altre categorie. In particolare, si contano 830 vittime tra i motociclisti (+13,1% rispetto al 2023) e 146 tra gli occupanti di autocarri (in aumento del 30,4%); tra gli utenti di monopattini elettrici aumentano anche gli infortunati: il numero dei feriti sale a 3.751 e quello dei morti (entro i 30 giorni dall\u2019incidente) a 23, cui si aggiunge 1 pedone (nel 2023 erano rispettivamente 3.195 e 21). Le vittime tra gli occupanti di autovetture scendono a 1.252 (-6,0% rispetto al 2023), tra i ciclomotoristi a 61 (-10,3%), tra i pedoni a 470 (-3,1%) e tra gli utenti di biciclette \u2013 anche elettriche \u2013 a 185 (in diminuzione del -12,7% rispetto al 2023 quando erano 212).<\/p>\n<p><strong>Aumentano gli incidenti e i feriti su tutte le tipologie di strade<\/strong>, soprattutto sulle autostrade (+6,9% incidenti, +7,0% feriti). <strong>Anche il numero delle vittime aumenta in maniera marcata sulle autostrade<\/strong> (+7,1%), a fronte della diminuzione sulle strade urbane (-2,1%) e del leggero aumento su quelle extraurbane (+0,1%). Gli incidenti su autostrade e strade extraurbane aumentano anche nel confronto con il 2019 (+4,0% e +2,7% rispettivamente).<\/p>\n<p>I comportamenti errati alla guida pi\u00f9 frequenti si confermano essere la distrazione, il mancato rispetto della precedenza e la velocit\u00e0 troppo elevata. Insieme, costituiscono il 37,8% delle cause (85.339 casi), valore stabile nel tempo. La guida troppo veloce \u00e8 il comportamento pi\u00f9 sanzionato dopo la sosta vietata e rappresenta il 34% del totale delle violazioni del codice della strada. In lieve calo le sanzioni per mancato uso delle cinture di sicurezza e dei sistemi di ritenuta per bambini, a fronte di un incremento di quelle per mancato uso del casco.<\/p>\n<p>Rimane elevato il numero di sanzioni per uso improprio di dispositivi in auto e aumentano le sanzioni per guida sotto l\u2019effetto di stupefacenti, in lieve calo quelle per guida in stato di ebbrezza. <strong>Il costo sociale degli incidenti stradali con lesioni a persone<\/strong> \u2013 <em>calcolato con parametri aggiornati da <strong>Istat<\/strong> e <strong>ACI<\/strong> nel 2023, sulla base di quanto rilevato da <strong>Polizia Stradale<\/strong>, <strong>Polizia locale<\/strong> e Carabinieri<\/em> \u2013 <strong>ammonta a poco pi\u00f9 di 18 miliardi di euro nel 2024 <\/strong><em>(quasi l\u20191% del Pil nazionale)<\/em>. <strong>Se si aggiungono anche i costi legati ai sinistri con soli danni alle cose <\/strong>(<em>circa 4,4 miliardi di euro stimati da ANIA<\/em>), <strong>si arriva a circa 22,6 miliardi di euro. <\/strong><\/p>\n<p>Di fronte a questi dati vale la pena evidenziare ancora una volta il successo dell\u2019iniziativa \u201c<strong>Bologna Citt\u00e0 30<\/strong>\u201d: nei primi 6 mesi del 2025, secondo anno di <strong>Bologna Citt\u00e0 30<\/strong>, vengono confermati tutti i principali <em>trend<\/em>, gi\u00e0 registrati nel primo anno, rispetto al periodo pre-Citt\u00e0 30, a partire dal calo del numero delle persone decedute sulla strada (<em>5 come nel primo semestre 2024 cio\u00e8 il 33,3% in meno del pre Citt\u00e0 30<\/em>).<\/p>\n<p>Sono diminuiti gli incidenti stradali <em>(di oltre il 15%)<\/em> e i <em>feriti (di poco pi\u00f9 del 5%)<\/em>, con miglioramenti ancora pi\u00f9 consistenti sulle radiali <em>(che superano, rispettivamente, il -23% e il -15%).<\/em> E sono calati anche gli incidenti pi\u00f9 gravi (-21%), classificati dal 118 con \u201c<em>codice rosso<\/em>\u201d, mentre si sono rafforzati ulteriormente, rispetto al primo anno, i <em>trend<\/em> relativi all\u2019aumento dell\u2019uso della bicicletta (+19%) e del <em>bike sharing<\/em> (+119%) e, all\u2019opposto, i <em>trend<\/em> di calo dei flussi veicolari (-8%) e dell\u2019inquinamento da traffico (-30%): <a href=\"https:\/\/www.comune.bologna.it\/novita\/notizie\/citta30-dati-sei-mesi-2025\">https:\/\/www.comune.bologna.it\/novita\/notizie\/citta30-dati-sei-mesi-2025<\/a>.<\/p>\n<p><strong><u>Qui<\/u><\/strong> il Report dell\u2019ISTAT sugli incidenti stradali nell\u2019anno 2024: <a href=\"https:\/\/www.istat.it\/wp-content\/uploads\/2025\/07\/REPORT_INCIDENTI_STRADALI_2024.pdf\">https:\/\/www.istat.it\/wp-content\/uploads\/2025\/07\/REPORT_INCIDENTI_STRADALI_2024.pdf<\/a>.<\/p>\n<p><strong><u>Qui<\/u><\/strong> l\u2019Infografica sugli Incidenti stradali &#8211; Anno 2024: <a href=\"https:\/\/www.istat.it\/infografiche\/infografica-sugli-incidenti-stradali-anno-2024\/?mtm_campaign=wwwnews&amp;mtm_kwd=29_2025\">https:\/\/www.istat.it\/infografiche\/infografica-sugli-incidenti-stradali-anno-2024\/?mtm_campaign=wwwnews&amp;mtm_kwd=29_2025<\/a>.<\/p>\n","protected":false},"excerpt":{"rendered":"<p>Nel 2024 il numero delle vittime della strada \u00e8 rimasto pressoch\u00e9 stabile rispetto al 2023, mentre si registra un aumento degli incidenti e dei feriti: il numero di morti in incidenti stradali \u00e8 stato di 3.030 (-0,3% rispetto al 2023),&hellip;<\/p>\n","protected":false},"author":2106,"featured_media":2627218,"comment_status":"closed","ping_status":"closed","sticky":false,"template":"","format":"standard","meta":{"footnotes":""},"categories":[11388,59,1259],"tags":[48645],"class_list":["post-2627216","post","type-post","status-publish","format-standard","has-post-thumbnail","hentry","category-contenuti-originali","category-ambiente-ecologia","category-salute-argomento","tag-incidenti-stradali"],"yoast_head":"<!-- This site is optimized with the Yoast SEO plugin v27.1.1 - https:\/\/yoast.com\/product\/yoast-seo-wordpress\/ -->\n<title>Ancora pi\u00f9 di tremila morti in incidenti stradali nel 2024<\/title>\n<meta name=\"description\" content=\"Nel 2024 il numero delle vittime della strada \u00e8 rimasto pressoch\u00e9 stabile rispetto al 2023, mentre si registra un aumento degli incidenti e dei feriti: il\" \/>\n<meta name=\"robots\" content=\"index, follow, max-snippet:-1, max-image-preview:large, max-video-preview:-1\" \/>\n<link rel=\"canonical\" href=\"https:\/\/www.pressenza.com\/it\/2025\/08\/ancora-piu-di-tremila-morti-in-incidenti-stradali-nel-2024\/\" \/>\n<meta property=\"og:locale\" content=\"it_IT\" \/>\n<meta property=\"og:type\" content=\"article\" \/>\n<meta property=\"og:title\" content=\"Ancora pi\u00f9 di tremila morti in incidenti stradali nel 2024\" \/>\n<meta property=\"og:description\" content=\"Nel 2024 il numero delle vittime della strada \u00e8 rimasto pressoch\u00e9 stabile rispetto al 2023, mentre si registra un aumento degli incidenti e dei feriti: il\" \/>\n<meta property=\"og:url\" content=\"https:\/\/www.pressenza.com\/it\/2025\/08\/ancora-piu-di-tremila-morti-in-incidenti-stradali-nel-2024\/\" \/>\n<meta property=\"og:site_name\" content=\"Pressenza\" \/>\n<meta property=\"article:publisher\" content=\"https:\/\/www.facebook.com\/PressenzaItalia\" \/>\n<meta property=\"article:published_time\" content=\"2025-08-14T18:34:59+00:00\" \/>\n<meta property=\"article:modified_time\" content=\"2025-08-14T18:37:30+00:00\" \/>\n<meta property=\"og:image\" content=\"https:\/\/www.pressenza.com\/wp-content\/uploads\/2025\/08\/foto-del-comune-di-Bologna-e1755196490511.webp\" \/>\n\t<meta property=\"og:image:width\" content=\"800\" \/>\n\t<meta property=\"og:image:height\" content=\"600\" \/>\n\t<meta property=\"og:image:type\" content=\"image\/webp\" \/>\n<meta name=\"author\" content=\"Giovanni Caprio\" \/>\n<meta name=\"twitter:card\" content=\"summary_large_image\" \/>\n<meta name=\"twitter:creator\" content=\"@PressenzaIPA\" \/>\n<meta name=\"twitter:site\" content=\"@PressenzaIPA\" \/>\n<meta name=\"twitter:label1\" content=\"Scritto da\" \/>\n\t<meta name=\"twitter:data1\" content=\"Giovanni Caprio\" \/>\n\t<meta name=\"twitter:label2\" content=\"Tempo di lettura stimato\" \/>\n\t<meta name=\"twitter:data2\" content=\"4 minuti\" \/>\n<script type=\"application\/ld+json\" class=\"yoast-schema-graph\">{\"@context\":\"https:\/\/schema.org\",\"@graph\":[{\"@type\":\"Article\",\"@id\":\"https:\/\/www.pressenza.com\/it\/2025\/08\/ancora-piu-di-tremila-morti-in-incidenti-stradali-nel-2024\/#article\",\"isPartOf\":{\"@id\":\"https:\/\/www.pressenza.com\/it\/2025\/08\/ancora-piu-di-tremila-morti-in-incidenti-stradali-nel-2024\/\"},\"author\":{\"name\":\"Giovanni Caprio\",\"@id\":\"https:\/\/www.pressenza.com\/it\/#\/schema\/person\/841c36a613f4f6e80f5fbc9c1f8c32c8\"},\"headline\":\"Ancora pi\u00f9 di tremila morti in incidenti stradali nel 2024\",\"datePublished\":\"2025-08-14T18:34:59+00:00\",\"dateModified\":\"2025-08-14T18:37:30+00:00\",\"mainEntityOfPage\":{\"@id\":\"https:\/\/www.pressenza.com\/it\/2025\/08\/ancora-piu-di-tremila-morti-in-incidenti-stradali-nel-2024\/\"},\"wordCount\":646,\"publisher\":{\"@id\":\"https:\/\/www.pressenza.com\/it\/#organization\"},\"image\":{\"@id\":\"https:\/\/www.pressenza.com\/it\/2025\/08\/ancora-piu-di-tremila-morti-in-incidenti-stradali-nel-2024\/#primaryimage\"},\"thumbnailUrl\":\"https:\/\/www.pressenza.com\/wp-content\/uploads\/2025\/08\/foto-del-comune-di-Bologna-e1755196490511.webp\",\"keywords\":[\"incidenti stradali\"],\"articleSection\":[\"contenuti originali\",\"Ecologia ed Ambiente\",\"Salute\"],\"inLanguage\":\"it-IT\"},{\"@type\":\"WebPage\",\"@id\":\"https:\/\/www.pressenza.com\/it\/2025\/08\/ancora-piu-di-tremila-morti-in-incidenti-stradali-nel-2024\/\",\"url\":\"https:\/\/www.pressenza.com\/it\/2025\/08\/ancora-piu-di-tremila-morti-in-incidenti-stradali-nel-2024\/\",\"name\":\"Ancora pi\u00f9 di tremila morti in incidenti stradali nel 2024\",\"isPartOf\":{\"@id\":\"https:\/\/www.pressenza.com\/it\/#website\"},\"primaryImageOfPage\":{\"@id\":\"https:\/\/www.pressenza.com\/it\/2025\/08\/ancora-piu-di-tremila-morti-in-incidenti-stradali-nel-2024\/#primaryimage\"},\"image\":{\"@id\":\"https:\/\/www.pressenza.com\/it\/2025\/08\/ancora-piu-di-tremila-morti-in-incidenti-stradali-nel-2024\/#primaryimage\"},\"thumbnailUrl\":\"https:\/\/www.pressenza.com\/wp-content\/uploads\/2025\/08\/foto-del-comune-di-Bologna-e1755196490511.webp\",\"datePublished\":\"2025-08-14T18:34:59+00:00\",\"dateModified\":\"2025-08-14T18:37:30+00:00\",\"description\":\"Nel 2024 il numero delle vittime della strada \u00e8 rimasto pressoch\u00e9 stabile rispetto al 2023, mentre si registra un aumento degli incidenti e dei feriti: il\",\"breadcrumb\":{\"@id\":\"https:\/\/www.pressenza.com\/it\/2025\/08\/ancora-piu-di-tremila-morti-in-incidenti-stradali-nel-2024\/#breadcrumb\"},\"inLanguage\":\"it-IT\",\"potentialAction\":[{\"@type\":\"ReadAction\",\"target\":[\"https:\/\/www.pressenza.com\/it\/2025\/08\/ancora-piu-di-tremila-morti-in-incidenti-stradali-nel-2024\/\"]}]},{\"@type\":\"ImageObject\",\"inLanguage\":\"it-IT\",\"@id\":\"https:\/\/www.pressenza.com\/it\/2025\/08\/ancora-piu-di-tremila-morti-in-incidenti-stradali-nel-2024\/#primaryimage\",\"url\":\"https:\/\/www.pressenza.com\/wp-content\/uploads\/2025\/08\/foto-del-comune-di-Bologna-e1755196490511.webp\",\"contentUrl\":\"https:\/\/www.pressenza.com\/wp-content\/uploads\/2025\/08\/foto-del-comune-di-Bologna-e1755196490511.webp\",\"width\":800,\"height\":600},{\"@type\":\"BreadcrumbList\",\"@id\":\"https:\/\/www.pressenza.com\/it\/2025\/08\/ancora-piu-di-tremila-morti-in-incidenti-stradali-nel-2024\/#breadcrumb\",\"itemListElement\":[{\"@type\":\"ListItem\",\"position\":1,\"name\":\"Accueil\",\"item\":\"https:\/\/www.pressenza.com\/it\/\"},{\"@type\":\"ListItem\",\"position\":2,\"name\":\"Ancora pi\u00f9 di tremila morti in incidenti stradali nel 2024\"}]},{\"@type\":\"WebSite\",\"@id\":\"https:\/\/www.pressenza.com\/it\/#website\",\"url\":\"https:\/\/www.pressenza.com\/it\/\",\"name\":\"Pressenza\",\"description\":\"Agenzia di Stampa Internazionale\",\"publisher\":{\"@id\":\"https:\/\/www.pressenza.com\/it\/#organization\"},\"potentialAction\":[{\"@type\":\"SearchAction\",\"target\":{\"@type\":\"EntryPoint\",\"urlTemplate\":\"https:\/\/www.pressenza.com\/it\/?s={search_term_string}\"},\"query-input\":{\"@type\":\"PropertyValueSpecification\",\"valueRequired\":true,\"valueName\":\"search_term_string\"}}],\"inLanguage\":\"it-IT\"},{\"@type\":\"Organization\",\"@id\":\"https:\/\/www.pressenza.com\/it\/#organization\",\"name\":\"Pressenza\",\"url\":\"https:\/\/www.pressenza.com\/it\/\",\"logo\":{\"@type\":\"ImageObject\",\"inLanguage\":\"it-IT\",\"@id\":\"https:\/\/www.pressenza.com\/it\/#\/schema\/logo\/image\/\",\"url\":\"https:\/\/www.pressenza.com\/wp-content\/uploads\/2022\/10\/pressenza_logo_200x200.jpg\",\"contentUrl\":\"https:\/\/www.pressenza.com\/wp-content\/uploads\/2022\/10\/pressenza_logo_200x200.jpg\",\"width\":200,\"height\":200,\"caption\":\"Pressenza\"},\"image\":{\"@id\":\"https:\/\/www.pressenza.com\/it\/#\/schema\/logo\/image\/\"},\"sameAs\":[\"https:\/\/www.facebook.com\/PressenzaItalia\",\"https:\/\/x.com\/PressenzaIPA\"]},{\"@type\":\"Person\",\"@id\":\"https:\/\/www.pressenza.com\/it\/#\/schema\/person\/841c36a613f4f6e80f5fbc9c1f8c32c8\",\"name\":\"Giovanni Caprio\",\"description\":\"Pubblicista, gi\u00e0 dirigente di istituzioni pubbliche e di fondazioni private. Si occupa di beni comuni, partecipazione e governo del territorio.\",\"url\":\"https:\/\/www.pressenza.com\/it\/author\/giovanni-caprio\/\"}]}<\/script>\n<!-- \/ Yoast SEO plugin. -->","yoast_head_json":{"title":"Ancora pi\u00f9 di tremila morti in incidenti stradali nel 2024","description":"Nel 2024 il numero delle vittime della strada \u00e8 rimasto pressoch\u00e9 stabile rispetto al 2023, mentre si registra un aumento degli incidenti e dei feriti: il","robots":{"index":"index","follow":"follow","max-snippet":"max-snippet:-1","max-image-preview":"max-image-preview:large","max-video-preview":"max-video-preview:-1"},"canonical":"https:\/\/www.pressenza.com\/it\/2025\/08\/ancora-piu-di-tremila-morti-in-incidenti-stradali-nel-2024\/","og_locale":"it_IT","og_type":"article","og_title":"Ancora pi\u00f9 di tremila morti in incidenti stradali nel 2024","og_description":"Nel 2024 il numero delle vittime della strada \u00e8 rimasto pressoch\u00e9 stabile rispetto al 2023, mentre si registra un aumento degli incidenti e dei feriti: il","og_url":"https:\/\/www.pressenza.com\/it\/2025\/08\/ancora-piu-di-tremila-morti-in-incidenti-stradali-nel-2024\/","og_site_name":"Pressenza","article_publisher":"https:\/\/www.facebook.com\/PressenzaItalia","article_published_time":"2025-08-14T18:34:59+00:00","article_modified_time":"2025-08-14T18:37:30+00:00","og_image":[{"width":800,"height":600,"url":"https:\/\/www.pressenza.com\/wp-content\/uploads\/2025\/08\/foto-del-comune-di-Bologna-e1755196490511.webp","type":"image\/webp"}],"author":"Giovanni Caprio","twitter_card":"summary_large_image","twitter_creator":"@PressenzaIPA","twitter_site":"@PressenzaIPA","twitter_misc":{"Scritto da":"Giovanni Caprio","Tempo di lettura stimato":"4 minuti"},"schema":{"@context":"https:\/\/schema.org","@graph":[{"@type":"Article","@id":"https:\/\/www.pressenza.com\/it\/2025\/08\/ancora-piu-di-tremila-morti-in-incidenti-stradali-nel-2024\/#article","isPartOf":{"@id":"https:\/\/www.pressenza.com\/it\/2025\/08\/ancora-piu-di-tremila-morti-in-incidenti-stradali-nel-2024\/"},"author":{"name":"Giovanni Caprio","@id":"https:\/\/www.pressenza.com\/it\/#\/schema\/person\/841c36a613f4f6e80f5fbc9c1f8c32c8"},"headline":"Ancora pi\u00f9 di tremila morti in incidenti stradali nel 2024","datePublished":"2025-08-14T18:34:59+00:00","dateModified":"2025-08-14T18:37:30+00:00","mainEntityOfPage":{"@id":"https:\/\/www.pressenza.com\/it\/2025\/08\/ancora-piu-di-tremila-morti-in-incidenti-stradali-nel-2024\/"},"wordCount":646,"publisher":{"@id":"https:\/\/www.pressenza.com\/it\/#organization"},"image":{"@id":"https:\/\/www.pressenza.com\/it\/2025\/08\/ancora-piu-di-tremila-morti-in-incidenti-stradali-nel-2024\/#primaryimage"},"thumbnailUrl":"https:\/\/www.pressenza.com\/wp-content\/uploads\/2025\/08\/foto-del-comune-di-Bologna-e1755196490511.webp","keywords":["incidenti stradali"],"articleSection":["contenuti originali","Ecologia ed Ambiente","Salute"],"inLanguage":"it-IT"},{"@type":"WebPage","@id":"https:\/\/www.pressenza.com\/it\/2025\/08\/ancora-piu-di-tremila-morti-in-incidenti-stradali-nel-2024\/","url":"https:\/\/www.pressenza.com\/it\/2025\/08\/ancora-piu-di-tremila-morti-in-incidenti-stradali-nel-2024\/","name":"Ancora pi\u00f9 di tremila morti in incidenti stradali nel 2024","isPartOf":{"@id":"https:\/\/www.pressenza.com\/it\/#website"},"primaryImageOfPage":{"@id":"https:\/\/www.pressenza.com\/it\/2025\/08\/ancora-piu-di-tremila-morti-in-incidenti-stradali-nel-2024\/#primaryimage"},"image":{"@id":"https:\/\/www.pressenza.com\/it\/2025\/08\/ancora-piu-di-tremila-morti-in-incidenti-stradali-nel-2024\/#primaryimage"},"thumbnailUrl":"https:\/\/www.pressenza.com\/wp-content\/uploads\/2025\/08\/foto-del-comune-di-Bologna-e1755196490511.webp","datePublished":"2025-08-14T18:34:59+00:00","dateModified":"2025-08-14T18:37:30+00:00","description":"Nel 2024 il numero delle vittime della strada \u00e8 rimasto pressoch\u00e9 stabile rispetto al 2023, mentre si registra un aumento degli incidenti e dei feriti: il","breadcrumb":{"@id":"https:\/\/www.pressenza.com\/it\/2025\/08\/ancora-piu-di-tremila-morti-in-incidenti-stradali-nel-2024\/#breadcrumb"},"inLanguage":"it-IT","potentialAction":[{"@type":"ReadAction","target":["https:\/\/www.pressenza.com\/it\/2025\/08\/ancora-piu-di-tremila-morti-in-incidenti-stradali-nel-2024\/"]}]},{"@type":"ImageObject","inLanguage":"it-IT","@id":"https:\/\/www.pressenza.com\/it\/2025\/08\/ancora-piu-di-tremila-morti-in-incidenti-stradali-nel-2024\/#primaryimage","url":"https:\/\/www.pressenza.com\/wp-content\/uploads\/2025\/08\/foto-del-comune-di-Bologna-e1755196490511.webp","contentUrl":"https:\/\/www.pressenza.com\/wp-content\/uploads\/2025\/08\/foto-del-comune-di-Bologna-e1755196490511.webp","width":800,"height":600},{"@type":"BreadcrumbList","@id":"https:\/\/www.pressenza.com\/it\/2025\/08\/ancora-piu-di-tremila-morti-in-incidenti-stradali-nel-2024\/#breadcrumb","itemListElement":[{"@type":"ListItem","position":1,"name":"Accueil","item":"https:\/\/www.pressenza.com\/it\/"},{"@type":"ListItem","position":2,"name":"Ancora pi\u00f9 di tremila morti in incidenti stradali nel 2024"}]},{"@type":"WebSite","@id":"https:\/\/www.pressenza.com\/it\/#website","url":"https:\/\/www.pressenza.com\/it\/","name":"Pressenza","description":"Agenzia di Stampa Internazionale","publisher":{"@id":"https:\/\/www.pressenza.com\/it\/#organization"},"potentialAction":[{"@type":"SearchAction","target":{"@type":"EntryPoint","urlTemplate":"https:\/\/www.pressenza.com\/it\/?s={search_term_string}"},"query-input":{"@type":"PropertyValueSpecification","valueRequired":true,"valueName":"search_term_string"}}],"inLanguage":"it-IT"},{"@type":"Organization","@id":"https:\/\/www.pressenza.com\/it\/#organization","name":"Pressenza","url":"https:\/\/www.pressenza.com\/it\/","logo":{"@type":"ImageObject","inLanguage":"it-IT","@id":"https:\/\/www.pressenza.com\/it\/#\/schema\/logo\/image\/","url":"https:\/\/www.pressenza.com\/wp-content\/uploads\/2022\/10\/pressenza_logo_200x200.jpg","contentUrl":"https:\/\/www.pressenza.com\/wp-content\/uploads\/2022\/10\/pressenza_logo_200x200.jpg","width":200,"height":200,"caption":"Pressenza"},"image":{"@id":"https:\/\/www.pressenza.com\/it\/#\/schema\/logo\/image\/"},"sameAs":["https:\/\/www.facebook.com\/PressenzaItalia","https:\/\/x.com\/PressenzaIPA"]},{"@type":"Person","@id":"https:\/\/www.pressenza.com\/it\/#\/schema\/person\/841c36a613f4f6e80f5fbc9c1f8c32c8","name":"Giovanni Caprio","description":"Pubblicista, gi\u00e0 dirigente di istituzioni pubbliche e di fondazioni private. Si occupa di beni comuni, partecipazione e governo del territorio.","url":"https:\/\/www.pressenza.com\/it\/author\/giovanni-caprio\/"}]}},"place":"","original_article_url":"","_links":{"self":[{"href":"https:\/\/www.pressenza.com\/it\/wp-json\/wp\/v2\/posts\/2627216","targetHints":{"allow":["GET"]}}],"collection":[{"href":"https:\/\/www.pressenza.com\/it\/wp-json\/wp\/v2\/posts"}],"about":[{"href":"https:\/\/www.pressenza.com\/it\/wp-json\/wp\/v2\/types\/post"}],"author":[{"embeddable":true,"href":"https:\/\/www.pressenza.com\/it\/wp-json\/wp\/v2\/users\/2106"}],"replies":[{"embeddable":true,"href":"https:\/\/www.pressenza.com\/it\/wp-json\/wp\/v2\/comments?post=2627216"}],"version-history":[{"count":1,"href":"https:\/\/www.pressenza.com\/it\/wp-json\/wp\/v2\/posts\/2627216\/revisions"}],"predecessor-version":[{"id":2627219,"href":"https:\/\/www.pressenza.com\/it\/wp-json\/wp\/v2\/posts\/2627216\/revisions\/2627219"}],"wp:featuredmedia":[{"embeddable":true,"href":"https:\/\/www.pressenza.com\/it\/wp-json\/wp\/v2\/media\/2627218"}],"wp:attachment":[{"href":"https:\/\/www.pressenza.com\/it\/wp-json\/wp\/v2\/media?parent=2627216"}],"wp:term":[{"taxonomy":"category","embeddable":true,"href":"https:\/\/www.pressenza.com\/it\/wp-json\/wp\/v2\/categories?post=2627216"},{"taxonomy":"post_tag","embeddable":true,"href":"https:\/\/www.pressenza.com\/it\/wp-json\/wp\/v2\/tags?post=2627216"}],"curies":[{"name":"wp","href":"https:\/\/api.w.org\/{rel}","templated":true}]}}