{"id":2627146,"date":"2025-08-14T16:10:55","date_gmt":"2025-08-14T15:10:55","guid":{"rendered":"https:\/\/www.pressenza.com\/?p=2627146"},"modified":"2025-08-14T16:31:05","modified_gmt":"2025-08-14T15:31:05","slug":"presentata-a-new-york-la-dichiarazione-dei-giovani-per-la-pace-nel-mediterraneo","status":"publish","type":"post","link":"https:\/\/www.pressenza.com\/it\/2025\/08\/presentata-a-new-york-la-dichiarazione-dei-giovani-per-la-pace-nel-mediterraneo\/","title":{"rendered":"Presentata a New York la \u201cDichiarazione dei giovani per la Pace nel Mediterraneo&#8221;"},"content":{"rendered":"<p>L&#8217;articolo che vi propongo oggi nasce da una conversazione con Giovanna Gagliardi, attivista\/militante (come si diceva una volta) di &#8220;Un ponte per&#8230; &#8220;, Ong nata durante la prima guerra in Iraq per dare solidariet\u00e0 umana e materiale alla martoriata popolazione civile, vittima dei bombardamenti su Baghdad\u00a0degli USA e dei suoi Stati vassalli.<\/p>\n<p>Ho conosciuto Giovanna nel dicembre scorso a <a href=\"https:\/\/www.pressenza.com\/it\/2025\/01\/capodanno-al-centro-di-accoglienza-di-mikolaiv-in-ucraina\/\">Mikola\u00efv<\/a>, vicino alla linea del fronte nella guerra tra Russia e Ucraina, dove stava con un altro volontario di Operazione Colomba, che forma dei veri e propri corpi di pace in zone di conflitto.<\/p>\n<p>Questo articolo ha una curiosa particolarit\u00e0: come gi\u00e0 detto, \u00e8 scritto grazie a una conversazione tra me, che in questo momento sto a Kiev, in Ucraina e Giovanna, che luned\u00ec scorso era ad Amman, in Giordania, in attesa del volo per la capitale del Libano, Beirut e da l\u00ec per una vera e propria &#8220;missione di pace&#8221; in Siria per conto della sua organizzazione e riguarda un evento avvenuto a New York alla fine di giugno. E\u2019 trascorso un certo tempo, \u00e8 vero, ma nessuno ne ha parlato ed \u00e8 importante diffondere l\u2019importante messaggio scaturito dall\u2019incontro.<\/p>\n<p>Il 26 giugno Giovanna Gagliardi ha fatto da moderatrice all&#8217;incontro di presentazione della &#8220;Dichiarazione dei giovani per la Pace nel Mediterraneo&#8221;, nell&#8217;ambito di un evento collaterale all&#8217;80esima Assemblea Generale dell&#8217;ONU a New York. Un evento promosso dalla Delegazione Permanente di Malta e dalla Convenzione per i Diritti nel Mediterraneo, con la co-sponsorizzazione, che ha sostenuto le spese della missione italiana, della Fondazione Sardegna e della Regione Sicilia e con la collaborazione dell&#8217;Associazione Ponti non muri.<\/p>\n<p>Erano presenti e parte attiva del progetto delegazioni provenienti da Palestina, Egitto, Tunisia, Marocco, Turchia, Libano,\u00a0 Italia, Spagna, Bosnia, Albania e Malta.<\/p>\n<p>A New York \u00e8 stata presentata ufficialmente la \u201c<strong>Dichiarazione dei giovani per la Pace nel Mediterraneo<\/strong>&#8221; elaborata da 250 ragazze e ragazzi di 11 Paesi del Mediterraneo, attraverso una modalit\u00e0 partecipativa on line durata 12 mesi, durante la quale si sono confrontati e confrontate sulle cause delle guerre che hanno insanguinato e che insanguinano il Mediterraneo.<\/p>\n<p><img loading=\"lazy\" decoding=\"async\" class=\"alignnone wp-image-2627152 size-full\" src=\"https:\/\/www.pressenza.com\/wp-content\/uploads\/2025\/08\/incontro-giovani-ONU.jpg\" alt=\"\" width=\"720\" height=\"483\" srcset=\"https:\/\/www.pressenza.com\/wp-content\/uploads\/2025\/08\/incontro-giovani-ONU.jpg 720w, https:\/\/www.pressenza.com\/wp-content\/uploads\/2025\/08\/incontro-giovani-ONU-300x201.jpg 300w\" sizes=\"auto, (max-width: 720px) 100vw, 720px\" \/><\/p>\n<p><img loading=\"lazy\" decoding=\"async\" class=\"alignnone wp-image-2627153 size-full\" src=\"https:\/\/www.pressenza.com\/wp-content\/uploads\/2025\/08\/incontro-giovani-NY.jpg\" alt=\"\" width=\"704\" height=\"515\" srcset=\"https:\/\/www.pressenza.com\/wp-content\/uploads\/2025\/08\/incontro-giovani-NY.jpg 704w, https:\/\/www.pressenza.com\/wp-content\/uploads\/2025\/08\/incontro-giovani-NY-300x219.jpg 300w\" sizes=\"auto, (max-width: 704px) 100vw, 704px\" \/><\/p>\n<p><strong>I giovani hanno individuando 11 cause<\/strong> <strong>che in modo diverso causano o alimentano i conflitti e 8 richieste urgenti rivolte a tutti gli Stati dell&#8217;area.<\/strong><\/p>\n<p><strong>Come cause vengono individuate<\/strong>: l&#8217;occupazione territoriale, la scarsit\u00e0 di risorse, le divisioni etniche e religiose, la violenza, il terrorismo e la proliferazione delle armi, la mancanza di dialogo e cooperazione, le sfide dovute alle disparit\u00e0 economiche, il problema dei rifugiati, il lavoro minorile, il reclutamento dei bambini nelle varie milizie armate, gli ostacoli posti alla libert\u00e0 di parola e il traffico di esseri umani a scopo di sfruttamento sessuale.<\/p>\n<p><strong>Le ragazze e i ragazzi chiedono ai governi<\/strong> di agire urgentemente per il cessate il fuoco immediato la dove ci sono conflitti in corso e quindi, ovviamente per la fine del genocidio in atto a Gaza, il dialogo politico e la mediazione per trovare soluzioni ai conflitti, la promozione e il coinvolgimento dei giovani nei processi di costruzione della pace, investimenti nello sviluppo sostenibile, il potenziamento della cooperazione regionale, il disarmo e il controllo delle armi, lo sviluppo economico, la riforma democratica delle forze di sicurezza, che devono difendere i diritti umani e non reprimere le sacrosante lotte dei popoli, e in generale la promozione dei diritti umani.<\/p>\n<p>I giovani del Mediterraneo, che hanno partecipato a questo laboratorio di pace e\u00a0democrazia, hanno dichiarato di volersi impegnare instancabilmente per la Pace, la Solidariet\u00e0 e la Cooperazione.<\/p>\n<p>Rifiutano di accettare lo status quo di conflitto e divisioni e ribadiscono di voler fare del Mediterraneo una regione di pace, prosperit\u00e0 economica e comprensione reciproca.<\/p>\n<p><a href=\"https:\/\/www.convenzionedeidirittinelmediterraneo.org\/news-akhb-r\/2583156_la-dichiarazione-dei-giovani-per-la-pace-e-stata-presentata-all-onu-declaration-des-jeunes-pour-la-paix-presentee-a-l-onu-youth-for-peace-declaration-presented-at-un-aal-n-lshb-b-mn-agl-lsl-m-lmkdm-fy-lamm-lmthd\">https:\/\/www.convenzionedeidirittinelmediterraneo.org\/news-akhb-r\/2583156_la-dichiarazione-dei-giovani-per-la-pace-e-stata-presentata-all-onu-declaration-des-jeunes-pour-la-paix-presentee-a-l-onu-youth-for-peace-declaration-presented-at-un-aal-n-lshb-b-mn-agl-lsl-m-lmkdm-fy-lamm-lmthd<\/a><\/p>\n<p><a href=\"https:\/\/www.convenzionedeidirittinelmediterraneo.org\/italiano\/i-gruppi-di-lavoro\/mediterraneo-mare-di-pace\">https:\/\/www.convenzionedeidirittinelmediterraneo.org\/italiano\/i-gruppi-di-lavoro\/mediterraneo-mare-di-pace<\/a><\/p>\n","protected":false},"excerpt":{"rendered":"<p>L&#8217;articolo che vi propongo oggi nasce da una conversazione con Giovanna Gagliardi, attivista\/militante (come si diceva una volta) di &#8220;Un ponte per&#8230; &#8220;, Ong nata durante la prima guerra in Iraq per dare solidariet\u00e0 umana e materiale alla martoriata popolazione&hellip;<\/p>\n","protected":false},"author":2378,"featured_media":2627151,"comment_status":"closed","ping_status":"closed","sticky":false,"template":"","format":"standard","meta":{"footnotes":""},"categories":[11388,46975,38,1263],"tags":[141310,365,208,2804,8514,20710],"class_list":["post-2627146","post","type-post","status-publish","format-standard","has-post-thumbnail","hentry","category-contenuti-originali","category-giovani","category-internazionale","category-pace-disarmo","tag-dichiarazione-dei-giovani-per-la-pace-nel-mediterraneo","tag-guerra","tag-onu","tag-russia-it","tag-ucraina","tag-un-ponte-per"],"yoast_head":"<!-- This site is optimized with the Yoast SEO plugin v27.1.1 - https:\/\/yoast.com\/product\/yoast-seo-wordpress\/ -->\n<title>Presentata a New York la \u201cDichiarazione dei giovani per la Pace nel Mediterraneo&quot;<\/title>\n<meta name=\"description\" content=\"L&#039;articolo che vi propongo oggi nasce da una conversazione con Giovanna Gagliardi, attivista\/militante (come si diceva una volta) di &quot;Un ponte per... &quot;,\" \/>\n<meta name=\"robots\" content=\"index, follow, max-snippet:-1, max-image-preview:large, max-video-preview:-1\" \/>\n<link rel=\"canonical\" href=\"https:\/\/www.pressenza.com\/it\/2025\/08\/presentata-a-new-york-la-dichiarazione-dei-giovani-per-la-pace-nel-mediterraneo\/\" \/>\n<meta property=\"og:locale\" content=\"it_IT\" \/>\n<meta property=\"og:type\" content=\"article\" \/>\n<meta property=\"og:title\" content=\"Presentata a New York la \u201cDichiarazione dei giovani per la Pace nel Mediterraneo&quot;\" \/>\n<meta property=\"og:description\" content=\"L&#039;articolo che vi propongo oggi nasce da una conversazione con Giovanna Gagliardi, attivista\/militante (come si diceva una volta) di &quot;Un ponte per... &quot;,\" \/>\n<meta property=\"og:url\" content=\"https:\/\/www.pressenza.com\/it\/2025\/08\/presentata-a-new-york-la-dichiarazione-dei-giovani-per-la-pace-nel-mediterraneo\/\" \/>\n<meta property=\"og:site_name\" content=\"Pressenza\" \/>\n<meta property=\"article:publisher\" content=\"https:\/\/www.facebook.com\/PressenzaItalia\" \/>\n<meta property=\"article:published_time\" content=\"2025-08-14T15:10:55+00:00\" \/>\n<meta property=\"article:modified_time\" content=\"2025-08-14T15:31:05+00:00\" \/>\n<meta property=\"og:image\" content=\"https:\/\/www.pressenza.com\/wp-content\/uploads\/2025\/08\/incontro-giovani-New-York.jpg\" \/>\n\t<meta property=\"og:image:width\" content=\"641\" \/>\n\t<meta property=\"og:image:height\" content=\"430\" \/>\n\t<meta property=\"og:image:type\" content=\"image\/jpeg\" \/>\n<meta name=\"author\" content=\"Mauro Carlo Zanella\" \/>\n<meta name=\"twitter:card\" content=\"summary_large_image\" \/>\n<meta name=\"twitter:creator\" content=\"@PressenzaIPA\" \/>\n<meta name=\"twitter:site\" content=\"@PressenzaIPA\" \/>\n<meta name=\"twitter:label1\" content=\"Scritto da\" \/>\n\t<meta name=\"twitter:data1\" content=\"Mauro Carlo Zanella\" \/>\n\t<meta name=\"twitter:label2\" content=\"Tempo di lettura stimato\" \/>\n\t<meta name=\"twitter:data2\" content=\"4 minuti\" \/>\n<script type=\"application\/ld+json\" class=\"yoast-schema-graph\">{\"@context\":\"https:\/\/schema.org\",\"@graph\":[{\"@type\":\"Article\",\"@id\":\"https:\/\/www.pressenza.com\/it\/2025\/08\/presentata-a-new-york-la-dichiarazione-dei-giovani-per-la-pace-nel-mediterraneo\/#article\",\"isPartOf\":{\"@id\":\"https:\/\/www.pressenza.com\/it\/2025\/08\/presentata-a-new-york-la-dichiarazione-dei-giovani-per-la-pace-nel-mediterraneo\/\"},\"author\":{\"name\":\"Mauro Carlo Zanella\",\"@id\":\"https:\/\/www.pressenza.com\/it\/#\/schema\/person\/76e278d7760e85fb4a5a4961b1b46b1d\"},\"headline\":\"Presentata a New York la \u201cDichiarazione dei giovani per la Pace nel Mediterraneo&#8221;\",\"datePublished\":\"2025-08-14T15:10:55+00:00\",\"dateModified\":\"2025-08-14T15:31:05+00:00\",\"mainEntityOfPage\":{\"@id\":\"https:\/\/www.pressenza.com\/it\/2025\/08\/presentata-a-new-york-la-dichiarazione-dei-giovani-per-la-pace-nel-mediterraneo\/\"},\"wordCount\":626,\"publisher\":{\"@id\":\"https:\/\/www.pressenza.com\/it\/#organization\"},\"image\":{\"@id\":\"https:\/\/www.pressenza.com\/it\/2025\/08\/presentata-a-new-york-la-dichiarazione-dei-giovani-per-la-pace-nel-mediterraneo\/#primaryimage\"},\"thumbnailUrl\":\"https:\/\/www.pressenza.com\/wp-content\/uploads\/2025\/08\/incontro-giovani-New-York.jpg\",\"keywords\":[\"Dichiarazione dei giovani per la Pace nel Mediterraneo\",\"guerra\",\"ONU\",\"Russia\",\"Ucraina\",\"Un ponte per\"],\"articleSection\":[\"contenuti originali\",\"Giovani\",\"Internazionale\",\"Pace e Disarmo\"],\"inLanguage\":\"it-IT\"},{\"@type\":\"WebPage\",\"@id\":\"https:\/\/www.pressenza.com\/it\/2025\/08\/presentata-a-new-york-la-dichiarazione-dei-giovani-per-la-pace-nel-mediterraneo\/\",\"url\":\"https:\/\/www.pressenza.com\/it\/2025\/08\/presentata-a-new-york-la-dichiarazione-dei-giovani-per-la-pace-nel-mediterraneo\/\",\"name\":\"Presentata a New York la \u201cDichiarazione dei giovani per la Pace nel Mediterraneo\\\"\",\"isPartOf\":{\"@id\":\"https:\/\/www.pressenza.com\/it\/#website\"},\"primaryImageOfPage\":{\"@id\":\"https:\/\/www.pressenza.com\/it\/2025\/08\/presentata-a-new-york-la-dichiarazione-dei-giovani-per-la-pace-nel-mediterraneo\/#primaryimage\"},\"image\":{\"@id\":\"https:\/\/www.pressenza.com\/it\/2025\/08\/presentata-a-new-york-la-dichiarazione-dei-giovani-per-la-pace-nel-mediterraneo\/#primaryimage\"},\"thumbnailUrl\":\"https:\/\/www.pressenza.com\/wp-content\/uploads\/2025\/08\/incontro-giovani-New-York.jpg\",\"datePublished\":\"2025-08-14T15:10:55+00:00\",\"dateModified\":\"2025-08-14T15:31:05+00:00\",\"description\":\"L'articolo che vi propongo oggi nasce da una conversazione con Giovanna Gagliardi, attivista\/militante (come si diceva una volta) di \\\"Un ponte per... \\\",\",\"breadcrumb\":{\"@id\":\"https:\/\/www.pressenza.com\/it\/2025\/08\/presentata-a-new-york-la-dichiarazione-dei-giovani-per-la-pace-nel-mediterraneo\/#breadcrumb\"},\"inLanguage\":\"it-IT\",\"potentialAction\":[{\"@type\":\"ReadAction\",\"target\":[\"https:\/\/www.pressenza.com\/it\/2025\/08\/presentata-a-new-york-la-dichiarazione-dei-giovani-per-la-pace-nel-mediterraneo\/\"]}]},{\"@type\":\"ImageObject\",\"inLanguage\":\"it-IT\",\"@id\":\"https:\/\/www.pressenza.com\/it\/2025\/08\/presentata-a-new-york-la-dichiarazione-dei-giovani-per-la-pace-nel-mediterraneo\/#primaryimage\",\"url\":\"https:\/\/www.pressenza.com\/wp-content\/uploads\/2025\/08\/incontro-giovani-New-York.jpg\",\"contentUrl\":\"https:\/\/www.pressenza.com\/wp-content\/uploads\/2025\/08\/incontro-giovani-New-York.jpg\",\"width\":641,\"height\":430},{\"@type\":\"BreadcrumbList\",\"@id\":\"https:\/\/www.pressenza.com\/it\/2025\/08\/presentata-a-new-york-la-dichiarazione-dei-giovani-per-la-pace-nel-mediterraneo\/#breadcrumb\",\"itemListElement\":[{\"@type\":\"ListItem\",\"position\":1,\"name\":\"Accueil\",\"item\":\"https:\/\/www.pressenza.com\/it\/\"},{\"@type\":\"ListItem\",\"position\":2,\"name\":\"Presentata a New York la \u201cDichiarazione dei giovani per la Pace nel Mediterraneo&#8221;\"}]},{\"@type\":\"WebSite\",\"@id\":\"https:\/\/www.pressenza.com\/it\/#website\",\"url\":\"https:\/\/www.pressenza.com\/it\/\",\"name\":\"Pressenza\",\"description\":\"Agenzia di Stampa Internazionale\",\"publisher\":{\"@id\":\"https:\/\/www.pressenza.com\/it\/#organization\"},\"potentialAction\":[{\"@type\":\"SearchAction\",\"target\":{\"@type\":\"EntryPoint\",\"urlTemplate\":\"https:\/\/www.pressenza.com\/it\/?s={search_term_string}\"},\"query-input\":{\"@type\":\"PropertyValueSpecification\",\"valueRequired\":true,\"valueName\":\"search_term_string\"}}],\"inLanguage\":\"it-IT\"},{\"@type\":\"Organization\",\"@id\":\"https:\/\/www.pressenza.com\/it\/#organization\",\"name\":\"Pressenza\",\"url\":\"https:\/\/www.pressenza.com\/it\/\",\"logo\":{\"@type\":\"ImageObject\",\"inLanguage\":\"it-IT\",\"@id\":\"https:\/\/www.pressenza.com\/it\/#\/schema\/logo\/image\/\",\"url\":\"https:\/\/www.pressenza.com\/wp-content\/uploads\/2022\/10\/pressenza_logo_200x200.jpg\",\"contentUrl\":\"https:\/\/www.pressenza.com\/wp-content\/uploads\/2022\/10\/pressenza_logo_200x200.jpg\",\"width\":200,\"height\":200,\"caption\":\"Pressenza\"},\"image\":{\"@id\":\"https:\/\/www.pressenza.com\/it\/#\/schema\/logo\/image\/\"},\"sameAs\":[\"https:\/\/www.facebook.com\/PressenzaItalia\",\"https:\/\/x.com\/PressenzaIPA\"]},{\"@type\":\"Person\",\"@id\":\"https:\/\/www.pressenza.com\/it\/#\/schema\/person\/76e278d7760e85fb4a5a4961b1b46b1d\",\"name\":\"Mauro Carlo Zanella\",\"url\":\"https:\/\/www.pressenza.com\/it\/author\/mauro-zanella\/\"}]}<\/script>\n<!-- \/ Yoast SEO plugin. -->","yoast_head_json":{"title":"Presentata a New York la \u201cDichiarazione dei giovani per la Pace nel Mediterraneo\"","description":"L'articolo che vi propongo oggi nasce da una conversazione con Giovanna Gagliardi, attivista\/militante (come si diceva una volta) di \"Un ponte per... \",","robots":{"index":"index","follow":"follow","max-snippet":"max-snippet:-1","max-image-preview":"max-image-preview:large","max-video-preview":"max-video-preview:-1"},"canonical":"https:\/\/www.pressenza.com\/it\/2025\/08\/presentata-a-new-york-la-dichiarazione-dei-giovani-per-la-pace-nel-mediterraneo\/","og_locale":"it_IT","og_type":"article","og_title":"Presentata a New York la \u201cDichiarazione dei giovani per la Pace nel Mediterraneo\"","og_description":"L'articolo che vi propongo oggi nasce da una conversazione con Giovanna Gagliardi, attivista\/militante (come si diceva una volta) di \"Un ponte per... \",","og_url":"https:\/\/www.pressenza.com\/it\/2025\/08\/presentata-a-new-york-la-dichiarazione-dei-giovani-per-la-pace-nel-mediterraneo\/","og_site_name":"Pressenza","article_publisher":"https:\/\/www.facebook.com\/PressenzaItalia","article_published_time":"2025-08-14T15:10:55+00:00","article_modified_time":"2025-08-14T15:31:05+00:00","og_image":[{"width":641,"height":430,"url":"https:\/\/www.pressenza.com\/wp-content\/uploads\/2025\/08\/incontro-giovani-New-York.jpg","type":"image\/jpeg"}],"author":"Mauro Carlo Zanella","twitter_card":"summary_large_image","twitter_creator":"@PressenzaIPA","twitter_site":"@PressenzaIPA","twitter_misc":{"Scritto da":"Mauro Carlo Zanella","Tempo di lettura stimato":"4 minuti"},"schema":{"@context":"https:\/\/schema.org","@graph":[{"@type":"Article","@id":"https:\/\/www.pressenza.com\/it\/2025\/08\/presentata-a-new-york-la-dichiarazione-dei-giovani-per-la-pace-nel-mediterraneo\/#article","isPartOf":{"@id":"https:\/\/www.pressenza.com\/it\/2025\/08\/presentata-a-new-york-la-dichiarazione-dei-giovani-per-la-pace-nel-mediterraneo\/"},"author":{"name":"Mauro Carlo Zanella","@id":"https:\/\/www.pressenza.com\/it\/#\/schema\/person\/76e278d7760e85fb4a5a4961b1b46b1d"},"headline":"Presentata a New York la \u201cDichiarazione dei giovani per la Pace nel Mediterraneo&#8221;","datePublished":"2025-08-14T15:10:55+00:00","dateModified":"2025-08-14T15:31:05+00:00","mainEntityOfPage":{"@id":"https:\/\/www.pressenza.com\/it\/2025\/08\/presentata-a-new-york-la-dichiarazione-dei-giovani-per-la-pace-nel-mediterraneo\/"},"wordCount":626,"publisher":{"@id":"https:\/\/www.pressenza.com\/it\/#organization"},"image":{"@id":"https:\/\/www.pressenza.com\/it\/2025\/08\/presentata-a-new-york-la-dichiarazione-dei-giovani-per-la-pace-nel-mediterraneo\/#primaryimage"},"thumbnailUrl":"https:\/\/www.pressenza.com\/wp-content\/uploads\/2025\/08\/incontro-giovani-New-York.jpg","keywords":["Dichiarazione dei giovani per la Pace nel Mediterraneo","guerra","ONU","Russia","Ucraina","Un ponte per"],"articleSection":["contenuti originali","Giovani","Internazionale","Pace e Disarmo"],"inLanguage":"it-IT"},{"@type":"WebPage","@id":"https:\/\/www.pressenza.com\/it\/2025\/08\/presentata-a-new-york-la-dichiarazione-dei-giovani-per-la-pace-nel-mediterraneo\/","url":"https:\/\/www.pressenza.com\/it\/2025\/08\/presentata-a-new-york-la-dichiarazione-dei-giovani-per-la-pace-nel-mediterraneo\/","name":"Presentata a New York la \u201cDichiarazione dei giovani per la Pace nel Mediterraneo\"","isPartOf":{"@id":"https:\/\/www.pressenza.com\/it\/#website"},"primaryImageOfPage":{"@id":"https:\/\/www.pressenza.com\/it\/2025\/08\/presentata-a-new-york-la-dichiarazione-dei-giovani-per-la-pace-nel-mediterraneo\/#primaryimage"},"image":{"@id":"https:\/\/www.pressenza.com\/it\/2025\/08\/presentata-a-new-york-la-dichiarazione-dei-giovani-per-la-pace-nel-mediterraneo\/#primaryimage"},"thumbnailUrl":"https:\/\/www.pressenza.com\/wp-content\/uploads\/2025\/08\/incontro-giovani-New-York.jpg","datePublished":"2025-08-14T15:10:55+00:00","dateModified":"2025-08-14T15:31:05+00:00","description":"L'articolo che vi propongo oggi nasce da una conversazione con Giovanna Gagliardi, attivista\/militante (come si diceva una volta) di \"Un ponte per... \",","breadcrumb":{"@id":"https:\/\/www.pressenza.com\/it\/2025\/08\/presentata-a-new-york-la-dichiarazione-dei-giovani-per-la-pace-nel-mediterraneo\/#breadcrumb"},"inLanguage":"it-IT","potentialAction":[{"@type":"ReadAction","target":["https:\/\/www.pressenza.com\/it\/2025\/08\/presentata-a-new-york-la-dichiarazione-dei-giovani-per-la-pace-nel-mediterraneo\/"]}]},{"@type":"ImageObject","inLanguage":"it-IT","@id":"https:\/\/www.pressenza.com\/it\/2025\/08\/presentata-a-new-york-la-dichiarazione-dei-giovani-per-la-pace-nel-mediterraneo\/#primaryimage","url":"https:\/\/www.pressenza.com\/wp-content\/uploads\/2025\/08\/incontro-giovani-New-York.jpg","contentUrl":"https:\/\/www.pressenza.com\/wp-content\/uploads\/2025\/08\/incontro-giovani-New-York.jpg","width":641,"height":430},{"@type":"BreadcrumbList","@id":"https:\/\/www.pressenza.com\/it\/2025\/08\/presentata-a-new-york-la-dichiarazione-dei-giovani-per-la-pace-nel-mediterraneo\/#breadcrumb","itemListElement":[{"@type":"ListItem","position":1,"name":"Accueil","item":"https:\/\/www.pressenza.com\/it\/"},{"@type":"ListItem","position":2,"name":"Presentata a New York la \u201cDichiarazione dei giovani per la Pace nel Mediterraneo&#8221;"}]},{"@type":"WebSite","@id":"https:\/\/www.pressenza.com\/it\/#website","url":"https:\/\/www.pressenza.com\/it\/","name":"Pressenza","description":"Agenzia di Stampa Internazionale","publisher":{"@id":"https:\/\/www.pressenza.com\/it\/#organization"},"potentialAction":[{"@type":"SearchAction","target":{"@type":"EntryPoint","urlTemplate":"https:\/\/www.pressenza.com\/it\/?s={search_term_string}"},"query-input":{"@type":"PropertyValueSpecification","valueRequired":true,"valueName":"search_term_string"}}],"inLanguage":"it-IT"},{"@type":"Organization","@id":"https:\/\/www.pressenza.com\/it\/#organization","name":"Pressenza","url":"https:\/\/www.pressenza.com\/it\/","logo":{"@type":"ImageObject","inLanguage":"it-IT","@id":"https:\/\/www.pressenza.com\/it\/#\/schema\/logo\/image\/","url":"https:\/\/www.pressenza.com\/wp-content\/uploads\/2022\/10\/pressenza_logo_200x200.jpg","contentUrl":"https:\/\/www.pressenza.com\/wp-content\/uploads\/2022\/10\/pressenza_logo_200x200.jpg","width":200,"height":200,"caption":"Pressenza"},"image":{"@id":"https:\/\/www.pressenza.com\/it\/#\/schema\/logo\/image\/"},"sameAs":["https:\/\/www.facebook.com\/PressenzaItalia","https:\/\/x.com\/PressenzaIPA"]},{"@type":"Person","@id":"https:\/\/www.pressenza.com\/it\/#\/schema\/person\/76e278d7760e85fb4a5a4961b1b46b1d","name":"Mauro Carlo Zanella","url":"https:\/\/www.pressenza.com\/it\/author\/mauro-zanella\/"}]}},"place":"","original_article_url":"","_links":{"self":[{"href":"https:\/\/www.pressenza.com\/it\/wp-json\/wp\/v2\/posts\/2627146","targetHints":{"allow":["GET"]}}],"collection":[{"href":"https:\/\/www.pressenza.com\/it\/wp-json\/wp\/v2\/posts"}],"about":[{"href":"https:\/\/www.pressenza.com\/it\/wp-json\/wp\/v2\/types\/post"}],"author":[{"embeddable":true,"href":"https:\/\/www.pressenza.com\/it\/wp-json\/wp\/v2\/users\/2378"}],"replies":[{"embeddable":true,"href":"https:\/\/www.pressenza.com\/it\/wp-json\/wp\/v2\/comments?post=2627146"}],"version-history":[{"count":5,"href":"https:\/\/www.pressenza.com\/it\/wp-json\/wp\/v2\/posts\/2627146\/revisions"}],"predecessor-version":[{"id":2627191,"href":"https:\/\/www.pressenza.com\/it\/wp-json\/wp\/v2\/posts\/2627146\/revisions\/2627191"}],"wp:featuredmedia":[{"embeddable":true,"href":"https:\/\/www.pressenza.com\/it\/wp-json\/wp\/v2\/media\/2627151"}],"wp:attachment":[{"href":"https:\/\/www.pressenza.com\/it\/wp-json\/wp\/v2\/media?parent=2627146"}],"wp:term":[{"taxonomy":"category","embeddable":true,"href":"https:\/\/www.pressenza.com\/it\/wp-json\/wp\/v2\/categories?post=2627146"},{"taxonomy":"post_tag","embeddable":true,"href":"https:\/\/www.pressenza.com\/it\/wp-json\/wp\/v2\/tags?post=2627146"}],"curies":[{"name":"wp","href":"https:\/\/api.w.org\/{rel}","templated":true}]}}