{"id":2627102,"date":"2025-08-14T12:33:32","date_gmt":"2025-08-14T11:33:32","guid":{"rendered":"https:\/\/www.pressenza.com\/?p=2627102"},"modified":"2025-08-14T12:33:32","modified_gmt":"2025-08-14T11:33:32","slug":"ert%ce%b1-la-memoria-che-risuona-tra-le-pietre-un-progetto-per-non-dimenticare","status":"publish","type":"post","link":"https:\/\/www.pressenza.com\/it\/2025\/08\/ert%ce%b1-la-memoria-che-risuona-tra-le-pietre-un-progetto-per-non-dimenticare\/","title":{"rendered":"ERT\u0391: la memoria che risuona tra le pietre. Un progetto per non dimenticare"},"content":{"rendered":"<p>C\u2019\u00e8 un tempo che non scorre, ma vibra. Non corre, ma echeggia. Ed \u00e8 il tempo sospeso della memoria collettiva, quella che si nasconde tra le crepe di una casa abbandonata, nel legno di un mobile lasciato a met\u00e0, nel riverbero di una frana che ha interrotto una vita. In questo spazio liminale tra suono e silenzio, tra presenza e assenza, si inserisce ERTA \u2013 Etnografie Risonanti del Territorio Abbandonato, l\u2019ultimo lavoro del duo Molom con Alessandro Pedretti, musicista e sound artist, e Milena Berta, scultrice in programma il 28 settembre 2025 in Valmalenco, all\u2019interno di Alt(r)o Festival.<\/p>\n<p>Un progetto in cui arte, antropologia, paesaggio e archivio orale si incontrano, per far riemergere \u2013 letteralmente \u2013 ci\u00f2 che il tempo, l\u2019abbandono e la natura stavano per cancellare. Un\u2019iniziativa da promuovere e attendere con attenzione, perch\u00e9 ERTA non \u00e8 solo un\u2019installazione: \u00e8 un gesto sociale, una pratica di cura, una chiamata alla responsabilit\u00e0 collettiva nel salvaguardare ci\u00f2 che siamo stati.<\/p>\n<p><strong>Un borgo, una frana, un\u2019eco<\/strong><\/p>\n<p>A Erta, minuscola contrada in cima a un paesaggio terrazzato, abitata fino agli anni \u201970, il tempo sembra essersi cristallizzato. Quando Alessandro e Milena sono arrivati per un sopralluogo, hanno trovato tavole ancora apparecchiate, panni stesi da oltre cinquant\u2019anni, un silenzio carico di storie. Da l\u00ec \u00e8 iniziata una delicata operazione di ascolto: gli oggetti sono stati fatti vibrare da automi, per non contaminare le tracce, mentre le voci degli abitanti venivano recuperate grazie a un paziente lavoro etnografico. In particolare, l\u2019incontro con Gianfranco, ultimo testimone diretto della contrada, ha trasformato la ricerca in un racconto vivo, tessuto di immagini, storie, tradizioni agricole e sci rudimentali.<\/p>\n<p>Il 28 settembre, per un\u2019ora, Erta torner\u00e0 a vivere. Una camminata collettiva e una performance sonora\/materica site-specific ridaranno voce alla contrada, alla sua memoria e all\u2019emozione. Un frammento di territorio si riaccender\u00e0, grazie al suono e alla partecipazione. Parte del materiale sar\u00e0 poi custodito dall\u2019ecomuseo della Valmalenco, a testimonianza duratura di un gesto che va ben oltre l\u2019arte.<\/p>\n<p><strong>La memoria come pratica sociale<\/strong><\/p>\n<p>Quello di ERTA \u00e8 solo l\u2019ultimo tassello di un mosaico che con il progetto Molom, i due artisti compongono da anni, indagando il rapporto tra memoria, paesaggio e comunit\u00e0 attraverso suono, materia, ascolto e archivio. Al centro del loro lavoro non c\u2019\u00e8 la nostalgia, ma la volont\u00e0 di riattivare la memoria come elemento trasformativo e politico.<\/p>\n<p>Il loro percorso artistico si \u00e8 aperto con La memoria delle pietre, ambizioso progetto realizzato in Valle Camonica e premiato a livello nazionale (ADI Design Index 2022 \u2013 Design per il Sociale). Qui, il duo ha mappato antiche cave di pietra, abbandonate o dimenticate, per poi creare sculture sonore permanenti realizzate con blocchi di pietra autoctona e suoni campionati in loco. Il risultato \u00e8 un percorso immersivo di dieci tappe in montagna, dove la pietra \u201csuona\u201d la sua storia e invita il visitatore a un turismo lento, consapevole, profondamente legato all\u2019identit\u00e0 del luogo.<\/p>\n<p><strong>Dalle cave ai porti, dai boschi alle montagne<\/strong><\/p>\n<p>Negli anni, Molom ha dato forma a una vera e propria cartografia sensibile dei territori italiani, valorizzando il suono come archivio del vissuto:<\/p>\n<p>Con MANO \u2013 Oltre il Varco, il duo ha sonorizzato il porto di Livorno intrecciando rumori industriali e ritratti della comunit\u00e0 marittima.<\/p>\n<p>In SOTTOBOSCO, nella Val di Scalve, ha esplorato le sonorit\u00e0 minime della vegetazione e degli scarti naturali, rendendo udibile ci\u00f2 che normalmente sfugge all\u2019attenzione.<\/p>\n<p>Con Suoni dell\u2019Appennino, a Fanano, ha registrato le \u201cimpronte acustiche\u201d degli spazi attraverso la tecnica Impulse Response, trasformando i paesaggi e gli oggetti della vita quotidiana in una partitura della memoria locale.<\/p>\n<p>In Eco del Silenzio, per il centenario del disastro del Gleno (1923), ha contribuito con opere sonore e visive a un percorso collettivo di rielaborazione del lutto e della storia.<\/p>\n<p>Con Il Sentiero della Memoria, al Passo del Mortirolo, ha ricostruito l\u2019identit\u00e0 sonora dei luoghi della Resistenza, registrando suoni ambientali e creando composizioni su nastro magnetico degradato, per evocare una temporalit\u00e0 \u201cspettrale\u201d, sospesa tra presente e passato.<\/p>\n<p><strong>La memoria come bene comune<\/strong><\/p>\n<p>Il lavoro del duo Molom non \u00e8 semplice sound art. \u00c8 un atto civile, una riflessione profonda su come la cultura possa essere veicolo per preservare la memoria collettiva. Non si tratta di archiviare il passato, ma di farlo risuonare nel presente, restituendogli spazio, voce, corpo. Le pietre, le case, i boschi, i suoni diventano testimoni di una storia minore, fatta di voci che rischiano di perdersi. Ma che, grazie a progetti come ERTA, possono continuare a parlare.<\/p>\n<p>O, meglio, a risuonare.<\/p>\n<p>&nbsp;<\/p>\n<p><strong>Appuntamento: 28 settembre 2025<\/strong> | Erta, Valmalenco \u2013 Performance site-specific nell\u2019ambito di Alt(r)o Festival: <a href=\"https:\/\/www.altrofestivalvalmalenco.it\/\">https:\/\/www.altrofestivalvalmalenco.it\/<\/a><\/p>\n<p>Per seguire i progetti Molom: <a href=\"https:\/\/www.bertapedretti.com\/molom\">https:\/\/www.bertapedretti.com\/molom<\/a><\/p>\n<p>\u201cLa memoria delle pietre\u201d: <a href=\"https:\/\/www.bertapedretti.com\/arteperilterrirorio\/lamemoriadellepietre\">https:\/\/www.bertapedretti.com\/arteperilterrirorio\/lamemoriadellepietre<\/a><\/p>\n<p>&nbsp;<\/p>\n<p>Perch\u00e9 la memoria, per non morire, deve essere ascoltata.<\/p>\n<p>&nbsp;<\/p>\n<p>&nbsp;<\/p>\n","protected":false},"excerpt":{"rendered":"<p>C\u2019\u00e8 un tempo che non scorre, ma vibra. Non corre, ma echeggia. Ed \u00e8 il tempo sospeso della memoria collettiva, quella che si nasconde tra le crepe di una casa abbandonata, nel legno di un mobile lasciato a met\u00e0, nel&hellip;<\/p>\n","protected":false},"author":2492,"featured_media":2627104,"comment_status":"closed","ping_status":"closed","sticky":false,"template":"","format":"standard","meta":{"footnotes":""},"categories":[11388,56],"tags":[141304,141305],"class_list":["post-2627102","post","type-post","status-publish","format-standard","has-post-thumbnail","hentry","category-contenuti-originali","category-cultura","tag-erta","tag-progetto-molom"],"yoast_head":"<!-- This site is optimized with the Yoast SEO plugin v27.1.1 - https:\/\/yoast.com\/product\/yoast-seo-wordpress\/ -->\n<title>ERT\u0391: la memoria che risuona tra le pietre. Un progetto per non dimenticare<\/title>\n<meta name=\"description\" content=\"C\u2019\u00e8 un tempo che non scorre, ma vibra. Non corre, ma echeggia. Ed \u00e8 il tempo sospeso della memoria collettiva, quella che si nasconde tra le crepe di una\" \/>\n<meta name=\"robots\" content=\"index, follow, max-snippet:-1, max-image-preview:large, max-video-preview:-1\" \/>\n<link rel=\"canonical\" href=\"https:\/\/www.pressenza.com\/it\/2025\/08\/ert%ce%b1-la-memoria-che-risuona-tra-le-pietre-un-progetto-per-non-dimenticare\/\" \/>\n<meta property=\"og:locale\" content=\"it_IT\" \/>\n<meta property=\"og:type\" content=\"article\" \/>\n<meta property=\"og:title\" content=\"ERT\u0391: la memoria che risuona tra le pietre. Un progetto per non dimenticare\" \/>\n<meta property=\"og:description\" content=\"C\u2019\u00e8 un tempo che non scorre, ma vibra. Non corre, ma echeggia. Ed \u00e8 il tempo sospeso della memoria collettiva, quella che si nasconde tra le crepe di una\" \/>\n<meta property=\"og:url\" content=\"https:\/\/www.pressenza.com\/it\/2025\/08\/ert%ce%b1-la-memoria-che-risuona-tra-le-pietre-un-progetto-per-non-dimenticare\/\" \/>\n<meta property=\"og:site_name\" content=\"Pressenza\" \/>\n<meta property=\"article:publisher\" content=\"https:\/\/www.facebook.com\/PressenzaItalia\" \/>\n<meta property=\"article:published_time\" content=\"2025-08-14T11:33:32+00:00\" \/>\n<meta property=\"og:image\" content=\"https:\/\/www.pressenza.com\/wp-content\/uploads\/2025\/08\/milena-e-Alessandro-Simona-Duci.jpg\" \/>\n\t<meta property=\"og:image:width\" content=\"850\" \/>\n\t<meta property=\"og:image:height\" content=\"478\" \/>\n\t<meta property=\"og:image:type\" content=\"image\/jpeg\" \/>\n<meta name=\"author\" content=\"Simona Duci\" \/>\n<meta name=\"twitter:card\" content=\"summary_large_image\" \/>\n<meta name=\"twitter:creator\" content=\"@PressenzaIPA\" \/>\n<meta name=\"twitter:site\" content=\"@PressenzaIPA\" \/>\n<meta name=\"twitter:label1\" content=\"Scritto da\" \/>\n\t<meta name=\"twitter:data1\" content=\"Simona Duci\" \/>\n\t<meta name=\"twitter:label2\" content=\"Tempo di lettura stimato\" \/>\n\t<meta name=\"twitter:data2\" content=\"5 minuti\" \/>\n<script type=\"application\/ld+json\" class=\"yoast-schema-graph\">{\"@context\":\"https:\/\/schema.org\",\"@graph\":[{\"@type\":\"Article\",\"@id\":\"https:\/\/www.pressenza.com\/it\/2025\/08\/ert%ce%b1-la-memoria-che-risuona-tra-le-pietre-un-progetto-per-non-dimenticare\/#article\",\"isPartOf\":{\"@id\":\"https:\/\/www.pressenza.com\/it\/2025\/08\/ert%ce%b1-la-memoria-che-risuona-tra-le-pietre-un-progetto-per-non-dimenticare\/\"},\"author\":{\"name\":\"Simona Duci\",\"@id\":\"https:\/\/www.pressenza.com\/it\/#\/schema\/person\/1d47d64d8fc5f79a88adaf5af87c64ac\"},\"headline\":\"ERT\u0391: la memoria che risuona tra le pietre. Un progetto per non dimenticare\",\"datePublished\":\"2025-08-14T11:33:32+00:00\",\"mainEntityOfPage\":{\"@id\":\"https:\/\/www.pressenza.com\/it\/2025\/08\/ert%ce%b1-la-memoria-che-risuona-tra-le-pietre-un-progetto-per-non-dimenticare\/\"},\"wordCount\":808,\"publisher\":{\"@id\":\"https:\/\/www.pressenza.com\/it\/#organization\"},\"image\":{\"@id\":\"https:\/\/www.pressenza.com\/it\/2025\/08\/ert%ce%b1-la-memoria-che-risuona-tra-le-pietre-un-progetto-per-non-dimenticare\/#primaryimage\"},\"thumbnailUrl\":\"https:\/\/www.pressenza.com\/wp-content\/uploads\/2025\/08\/milena-e-Alessandro-Simona-Duci.jpg\",\"keywords\":[\"Erta\",\"progetto Molom\"],\"articleSection\":[\"contenuti originali\",\"Cultura e Media\"],\"inLanguage\":\"it-IT\"},{\"@type\":\"WebPage\",\"@id\":\"https:\/\/www.pressenza.com\/it\/2025\/08\/ert%ce%b1-la-memoria-che-risuona-tra-le-pietre-un-progetto-per-non-dimenticare\/\",\"url\":\"https:\/\/www.pressenza.com\/it\/2025\/08\/ert%ce%b1-la-memoria-che-risuona-tra-le-pietre-un-progetto-per-non-dimenticare\/\",\"name\":\"ERT\u0391: la memoria che risuona tra le pietre. Un progetto per non dimenticare\",\"isPartOf\":{\"@id\":\"https:\/\/www.pressenza.com\/it\/#website\"},\"primaryImageOfPage\":{\"@id\":\"https:\/\/www.pressenza.com\/it\/2025\/08\/ert%ce%b1-la-memoria-che-risuona-tra-le-pietre-un-progetto-per-non-dimenticare\/#primaryimage\"},\"image\":{\"@id\":\"https:\/\/www.pressenza.com\/it\/2025\/08\/ert%ce%b1-la-memoria-che-risuona-tra-le-pietre-un-progetto-per-non-dimenticare\/#primaryimage\"},\"thumbnailUrl\":\"https:\/\/www.pressenza.com\/wp-content\/uploads\/2025\/08\/milena-e-Alessandro-Simona-Duci.jpg\",\"datePublished\":\"2025-08-14T11:33:32+00:00\",\"description\":\"C\u2019\u00e8 un tempo che non scorre, ma vibra. Non corre, ma echeggia. Ed \u00e8 il tempo sospeso della memoria collettiva, quella che si nasconde tra le crepe di una\",\"breadcrumb\":{\"@id\":\"https:\/\/www.pressenza.com\/it\/2025\/08\/ert%ce%b1-la-memoria-che-risuona-tra-le-pietre-un-progetto-per-non-dimenticare\/#breadcrumb\"},\"inLanguage\":\"it-IT\",\"potentialAction\":[{\"@type\":\"ReadAction\",\"target\":[\"https:\/\/www.pressenza.com\/it\/2025\/08\/ert%ce%b1-la-memoria-che-risuona-tra-le-pietre-un-progetto-per-non-dimenticare\/\"]}]},{\"@type\":\"ImageObject\",\"inLanguage\":\"it-IT\",\"@id\":\"https:\/\/www.pressenza.com\/it\/2025\/08\/ert%ce%b1-la-memoria-che-risuona-tra-le-pietre-un-progetto-per-non-dimenticare\/#primaryimage\",\"url\":\"https:\/\/www.pressenza.com\/wp-content\/uploads\/2025\/08\/milena-e-Alessandro-Simona-Duci.jpg\",\"contentUrl\":\"https:\/\/www.pressenza.com\/wp-content\/uploads\/2025\/08\/milena-e-Alessandro-Simona-Duci.jpg\",\"width\":850,\"height\":478,\"caption\":\"Il duo di artisti Molom, Milena Berta e Alessandro Pedretti\"},{\"@type\":\"BreadcrumbList\",\"@id\":\"https:\/\/www.pressenza.com\/it\/2025\/08\/ert%ce%b1-la-memoria-che-risuona-tra-le-pietre-un-progetto-per-non-dimenticare\/#breadcrumb\",\"itemListElement\":[{\"@type\":\"ListItem\",\"position\":1,\"name\":\"Accueil\",\"item\":\"https:\/\/www.pressenza.com\/it\/\"},{\"@type\":\"ListItem\",\"position\":2,\"name\":\"ERT\u0391: la memoria che risuona tra le pietre. Un progetto per non dimenticare\"}]},{\"@type\":\"WebSite\",\"@id\":\"https:\/\/www.pressenza.com\/it\/#website\",\"url\":\"https:\/\/www.pressenza.com\/it\/\",\"name\":\"Pressenza\",\"description\":\"Agenzia di Stampa Internazionale\",\"publisher\":{\"@id\":\"https:\/\/www.pressenza.com\/it\/#organization\"},\"potentialAction\":[{\"@type\":\"SearchAction\",\"target\":{\"@type\":\"EntryPoint\",\"urlTemplate\":\"https:\/\/www.pressenza.com\/it\/?s={search_term_string}\"},\"query-input\":{\"@type\":\"PropertyValueSpecification\",\"valueRequired\":true,\"valueName\":\"search_term_string\"}}],\"inLanguage\":\"it-IT\"},{\"@type\":\"Organization\",\"@id\":\"https:\/\/www.pressenza.com\/it\/#organization\",\"name\":\"Pressenza\",\"url\":\"https:\/\/www.pressenza.com\/it\/\",\"logo\":{\"@type\":\"ImageObject\",\"inLanguage\":\"it-IT\",\"@id\":\"https:\/\/www.pressenza.com\/it\/#\/schema\/logo\/image\/\",\"url\":\"https:\/\/www.pressenza.com\/wp-content\/uploads\/2022\/10\/pressenza_logo_200x200.jpg\",\"contentUrl\":\"https:\/\/www.pressenza.com\/wp-content\/uploads\/2022\/10\/pressenza_logo_200x200.jpg\",\"width\":200,\"height\":200,\"caption\":\"Pressenza\"},\"image\":{\"@id\":\"https:\/\/www.pressenza.com\/it\/#\/schema\/logo\/image\/\"},\"sameAs\":[\"https:\/\/www.facebook.com\/PressenzaItalia\",\"https:\/\/x.com\/PressenzaIPA\"]},{\"@type\":\"Person\",\"@id\":\"https:\/\/www.pressenza.com\/it\/#\/schema\/person\/1d47d64d8fc5f79a88adaf5af87c64ac\",\"name\":\"Simona Duci\",\"url\":\"https:\/\/www.pressenza.com\/it\/author\/simona-duci\/\"}]}<\/script>\n<!-- \/ Yoast SEO plugin. -->","yoast_head_json":{"title":"ERT\u0391: la memoria che risuona tra le pietre. Un progetto per non dimenticare","description":"C\u2019\u00e8 un tempo che non scorre, ma vibra. Non corre, ma echeggia. Ed \u00e8 il tempo sospeso della memoria collettiva, quella che si nasconde tra le crepe di una","robots":{"index":"index","follow":"follow","max-snippet":"max-snippet:-1","max-image-preview":"max-image-preview:large","max-video-preview":"max-video-preview:-1"},"canonical":"https:\/\/www.pressenza.com\/it\/2025\/08\/ert%ce%b1-la-memoria-che-risuona-tra-le-pietre-un-progetto-per-non-dimenticare\/","og_locale":"it_IT","og_type":"article","og_title":"ERT\u0391: la memoria che risuona tra le pietre. Un progetto per non dimenticare","og_description":"C\u2019\u00e8 un tempo che non scorre, ma vibra. Non corre, ma echeggia. Ed \u00e8 il tempo sospeso della memoria collettiva, quella che si nasconde tra le crepe di una","og_url":"https:\/\/www.pressenza.com\/it\/2025\/08\/ert%ce%b1-la-memoria-che-risuona-tra-le-pietre-un-progetto-per-non-dimenticare\/","og_site_name":"Pressenza","article_publisher":"https:\/\/www.facebook.com\/PressenzaItalia","article_published_time":"2025-08-14T11:33:32+00:00","og_image":[{"width":850,"height":478,"url":"https:\/\/www.pressenza.com\/wp-content\/uploads\/2025\/08\/milena-e-Alessandro-Simona-Duci.jpg","type":"image\/jpeg"}],"author":"Simona Duci","twitter_card":"summary_large_image","twitter_creator":"@PressenzaIPA","twitter_site":"@PressenzaIPA","twitter_misc":{"Scritto da":"Simona Duci","Tempo di lettura stimato":"5 minuti"},"schema":{"@context":"https:\/\/schema.org","@graph":[{"@type":"Article","@id":"https:\/\/www.pressenza.com\/it\/2025\/08\/ert%ce%b1-la-memoria-che-risuona-tra-le-pietre-un-progetto-per-non-dimenticare\/#article","isPartOf":{"@id":"https:\/\/www.pressenza.com\/it\/2025\/08\/ert%ce%b1-la-memoria-che-risuona-tra-le-pietre-un-progetto-per-non-dimenticare\/"},"author":{"name":"Simona Duci","@id":"https:\/\/www.pressenza.com\/it\/#\/schema\/person\/1d47d64d8fc5f79a88adaf5af87c64ac"},"headline":"ERT\u0391: la memoria che risuona tra le pietre. Un progetto per non dimenticare","datePublished":"2025-08-14T11:33:32+00:00","mainEntityOfPage":{"@id":"https:\/\/www.pressenza.com\/it\/2025\/08\/ert%ce%b1-la-memoria-che-risuona-tra-le-pietre-un-progetto-per-non-dimenticare\/"},"wordCount":808,"publisher":{"@id":"https:\/\/www.pressenza.com\/it\/#organization"},"image":{"@id":"https:\/\/www.pressenza.com\/it\/2025\/08\/ert%ce%b1-la-memoria-che-risuona-tra-le-pietre-un-progetto-per-non-dimenticare\/#primaryimage"},"thumbnailUrl":"https:\/\/www.pressenza.com\/wp-content\/uploads\/2025\/08\/milena-e-Alessandro-Simona-Duci.jpg","keywords":["Erta","progetto Molom"],"articleSection":["contenuti originali","Cultura e Media"],"inLanguage":"it-IT"},{"@type":"WebPage","@id":"https:\/\/www.pressenza.com\/it\/2025\/08\/ert%ce%b1-la-memoria-che-risuona-tra-le-pietre-un-progetto-per-non-dimenticare\/","url":"https:\/\/www.pressenza.com\/it\/2025\/08\/ert%ce%b1-la-memoria-che-risuona-tra-le-pietre-un-progetto-per-non-dimenticare\/","name":"ERT\u0391: la memoria che risuona tra le pietre. Un progetto per non dimenticare","isPartOf":{"@id":"https:\/\/www.pressenza.com\/it\/#website"},"primaryImageOfPage":{"@id":"https:\/\/www.pressenza.com\/it\/2025\/08\/ert%ce%b1-la-memoria-che-risuona-tra-le-pietre-un-progetto-per-non-dimenticare\/#primaryimage"},"image":{"@id":"https:\/\/www.pressenza.com\/it\/2025\/08\/ert%ce%b1-la-memoria-che-risuona-tra-le-pietre-un-progetto-per-non-dimenticare\/#primaryimage"},"thumbnailUrl":"https:\/\/www.pressenza.com\/wp-content\/uploads\/2025\/08\/milena-e-Alessandro-Simona-Duci.jpg","datePublished":"2025-08-14T11:33:32+00:00","description":"C\u2019\u00e8 un tempo che non scorre, ma vibra. Non corre, ma echeggia. Ed \u00e8 il tempo sospeso della memoria collettiva, quella che si nasconde tra le crepe di una","breadcrumb":{"@id":"https:\/\/www.pressenza.com\/it\/2025\/08\/ert%ce%b1-la-memoria-che-risuona-tra-le-pietre-un-progetto-per-non-dimenticare\/#breadcrumb"},"inLanguage":"it-IT","potentialAction":[{"@type":"ReadAction","target":["https:\/\/www.pressenza.com\/it\/2025\/08\/ert%ce%b1-la-memoria-che-risuona-tra-le-pietre-un-progetto-per-non-dimenticare\/"]}]},{"@type":"ImageObject","inLanguage":"it-IT","@id":"https:\/\/www.pressenza.com\/it\/2025\/08\/ert%ce%b1-la-memoria-che-risuona-tra-le-pietre-un-progetto-per-non-dimenticare\/#primaryimage","url":"https:\/\/www.pressenza.com\/wp-content\/uploads\/2025\/08\/milena-e-Alessandro-Simona-Duci.jpg","contentUrl":"https:\/\/www.pressenza.com\/wp-content\/uploads\/2025\/08\/milena-e-Alessandro-Simona-Duci.jpg","width":850,"height":478,"caption":"Il duo di artisti Molom, Milena Berta e Alessandro Pedretti"},{"@type":"BreadcrumbList","@id":"https:\/\/www.pressenza.com\/it\/2025\/08\/ert%ce%b1-la-memoria-che-risuona-tra-le-pietre-un-progetto-per-non-dimenticare\/#breadcrumb","itemListElement":[{"@type":"ListItem","position":1,"name":"Accueil","item":"https:\/\/www.pressenza.com\/it\/"},{"@type":"ListItem","position":2,"name":"ERT\u0391: la memoria che risuona tra le pietre. Un progetto per non dimenticare"}]},{"@type":"WebSite","@id":"https:\/\/www.pressenza.com\/it\/#website","url":"https:\/\/www.pressenza.com\/it\/","name":"Pressenza","description":"Agenzia di Stampa Internazionale","publisher":{"@id":"https:\/\/www.pressenza.com\/it\/#organization"},"potentialAction":[{"@type":"SearchAction","target":{"@type":"EntryPoint","urlTemplate":"https:\/\/www.pressenza.com\/it\/?s={search_term_string}"},"query-input":{"@type":"PropertyValueSpecification","valueRequired":true,"valueName":"search_term_string"}}],"inLanguage":"it-IT"},{"@type":"Organization","@id":"https:\/\/www.pressenza.com\/it\/#organization","name":"Pressenza","url":"https:\/\/www.pressenza.com\/it\/","logo":{"@type":"ImageObject","inLanguage":"it-IT","@id":"https:\/\/www.pressenza.com\/it\/#\/schema\/logo\/image\/","url":"https:\/\/www.pressenza.com\/wp-content\/uploads\/2022\/10\/pressenza_logo_200x200.jpg","contentUrl":"https:\/\/www.pressenza.com\/wp-content\/uploads\/2022\/10\/pressenza_logo_200x200.jpg","width":200,"height":200,"caption":"Pressenza"},"image":{"@id":"https:\/\/www.pressenza.com\/it\/#\/schema\/logo\/image\/"},"sameAs":["https:\/\/www.facebook.com\/PressenzaItalia","https:\/\/x.com\/PressenzaIPA"]},{"@type":"Person","@id":"https:\/\/www.pressenza.com\/it\/#\/schema\/person\/1d47d64d8fc5f79a88adaf5af87c64ac","name":"Simona Duci","url":"https:\/\/www.pressenza.com\/it\/author\/simona-duci\/"}]}},"place":"","original_article_url":"","_links":{"self":[{"href":"https:\/\/www.pressenza.com\/it\/wp-json\/wp\/v2\/posts\/2627102","targetHints":{"allow":["GET"]}}],"collection":[{"href":"https:\/\/www.pressenza.com\/it\/wp-json\/wp\/v2\/posts"}],"about":[{"href":"https:\/\/www.pressenza.com\/it\/wp-json\/wp\/v2\/types\/post"}],"author":[{"embeddable":true,"href":"https:\/\/www.pressenza.com\/it\/wp-json\/wp\/v2\/users\/2492"}],"replies":[{"embeddable":true,"href":"https:\/\/www.pressenza.com\/it\/wp-json\/wp\/v2\/comments?post=2627102"}],"version-history":[{"count":2,"href":"https:\/\/www.pressenza.com\/it\/wp-json\/wp\/v2\/posts\/2627102\/revisions"}],"predecessor-version":[{"id":2627474,"href":"https:\/\/www.pressenza.com\/it\/wp-json\/wp\/v2\/posts\/2627102\/revisions\/2627474"}],"wp:featuredmedia":[{"embeddable":true,"href":"https:\/\/www.pressenza.com\/it\/wp-json\/wp\/v2\/media\/2627104"}],"wp:attachment":[{"href":"https:\/\/www.pressenza.com\/it\/wp-json\/wp\/v2\/media?parent=2627102"}],"wp:term":[{"taxonomy":"category","embeddable":true,"href":"https:\/\/www.pressenza.com\/it\/wp-json\/wp\/v2\/categories?post=2627102"},{"taxonomy":"post_tag","embeddable":true,"href":"https:\/\/www.pressenza.com\/it\/wp-json\/wp\/v2\/tags?post=2627102"}],"curies":[{"name":"wp","href":"https:\/\/api.w.org\/{rel}","templated":true}]}}