{"id":262560,"date":"2015-12-28T10:28:02","date_gmt":"2015-12-28T10:28:02","guid":{"rendered":"http:\/\/www.pressenza.com\/it\/?p=262560"},"modified":"2015-12-28T10:28:02","modified_gmt":"2015-12-28T10:28:02","slug":"primo-volo-per-il-drone-nato-di-sigonella","status":"publish","type":"post","link":"https:\/\/www.pressenza.com\/it\/2015\/12\/primo-volo-per-il-drone-nato-di-sigonella\/","title":{"rendered":"Primo volo per il drone NATO di Sigonella"},"content":{"rendered":"<p>Primo test di volo di uno dei cinque droni previsti dal nuovo programma AGS &#8211; Alliance Ground Surveillance della NATO che avr\u00e0 come centro di comando e controllo la base aerea di Sigonella in Sicilia. I manager del colosso statunitense Northrop Grumman hanno annunciato che il velivolo senza pilota, modello \u201cGlobal Hawk\u201d ammodernato, \u00e8 decollato il 19 dicembre scorso dalla base californiana di Palmdale; dopo aver raggiunto i 40.000 piedi d\u2019altezza, il drone \u00e8 atterrato due ore e mezzo dopo nella grande base dell\u2019US Air Force di Edwards, anch\u2019essa in California.<\/p>\n<p>\u201cSi tratta di un passo significativo perch\u00e9 la NATO possa conseguire le sue piene capacit\u00e0 operative nel campo dell\u2019intelligence, della sorveglianza e del riconoscimento\u201d, ha dichiarato\u00a0Dietmar Thelen, responsabile della NATO Alliance Ground Surveillance Management Agency (NAGSMA), l\u2019agenzia che sovrintende al programma AGS.\u00a0\u201cIl nuovo sistema consentir\u00e0 all\u2019Alleanza\u00a0di acquisire e analizzare dati e informazioni, assicurando la sorveglianza in tempo reale su ampie zone, da una grande altezza e\u00a0in\u00a0ogni condizione ambientale e meteorologica. L\u2019AGS fornir\u00e0 un quadro completo delle condizioni del campo di battaglia\u201d.<\/p>\n<p>\u201cIl successo del volo ha confermato la validit\u00e0 e il perfetto funzionamento dei sistemi di controllo e di volo del sistema AGS della NATO, sei medi dopo che il velivolo senza pilota \u00e8 stato presentato al pubblico\u201d, ha dichiarato Rob Sheehan, manager di Northrop Grumman. \u201cIl Global Hawk, in funzione con l\u2019aeronautica e la marina militare degli Stati Uniti d\u2019America, ha gi\u00e0 dimostrato di essere capace di adempiere alle sue funzioni d\u2019intelligence, sorveglianza e riconoscimento in Iraq e durante i recenti attacchi aerei in Siria contro lo Stato islamico. L\u2019AGS &#8211; Alliance Ground Surveillance supporter\u00e0 un ampio ventaglio di missioni NATO come la protezione delle forze terrestri e delle popolazioni civili, il controllo delle frontiere, la sicurezza navale e l\u2019assistenza umanitaria\u201d.<\/p>\n<p>Il prossimo impegno per l\u2019azienda produttrice dei Global Hawk versione AGS sar\u00e0 quello d\u2019integrare e mettere in rete i diversi apparati radar e sensori assegnati ai velivoli senza pilota, come ad esempio il nuovo sistema avanzatoMulti-Platform Radar Technology Insertion Program\u00a0(MP-RTIP), che consentir\u00e0 di individuare e tracciare in ogni momento tutti gli oggetti in movimento e di fornire ai comandi NATO le immagini dei campi di battaglia e delle potenziali aree di crisi. \u201cL\u2019integrazione dei sensori e i test a terra saranno realizzati nei prossimi due mesi\u201d, ha aggiunto Rob Sheehan. L\u2019azienda statunitense prevede di trasferire i primi droni nella\u00a0main operating base\u00a0di Sigonella entro la fine del 2016, mentre per l\u2019avvio delle operazioni del sistema AGS NATO si dovr\u00e0 attendere il 2017. \u201cLa principale stazione operativa del sistema di sorveglianza terrestre \u2013 ha concluso il manager di Northrop Grumman &#8211; sar\u00e0 supportata a Sigonella da due stazioni terrestri mobili e trasportabili che assicureranno la connessione dei data link, il processamento delle informazioni e lo sfruttamento delle funzioni del sistema da parte di molteplici usuari\u201d.<\/p>\n<p>I cinque \u201cGlobal Hawk\u201d AGS che opereranno dalla base siciliana saranno i primi velivoli acquistati direttamente dalla NATO dopo gli aerei radar AWACS entrati in funzione\u00a0con la\u00a0NATO Airborne Early Warning &amp; Control Forceai primi anni \u201880.\u00a0Al programma AGS NATO,\u00a0il pi\u00f9 costoso nella storia dell\u2019Alleanza (1,7 miliardi dollari secondo le previsioni del 2008), hanno contribuito finanziariamente per\u00f2 solo 15 paesi alleati:\u00a0Bulgaria, Danimarca, Estonia, Germania, Italia, Lettonia, Lituania, Lussemburgo, Norvegia, Polonia, Repubblica Ceca, Romania, Slovacchia, Slovenia e Stati Uniti.<\/p>\n<p>Tra le aziende contrattate dalla statunitense Northrop Grumman per la realizzazione delle componenti aeree e terrestri dell\u2019AGS compaiono, tra le altre,\u00a0Airbus Defence &amp; Space,\u00a0EADS Deutschland GmbH (Cassidian), Kongsberg e l\u2019italiana Selex Es (Finmeccanica).\u00a0Nelle scorse settimane le industrie partner hanno consegnato le apparecchiature e le attrezzature destinate al segmento terrestre del nuovo sistema di \u201csorveglianza\u201d dell\u2019Alleanza. Il 5 novembre, Airbus Defence &amp; Space ha testato l\u2019operativit\u00e0 del\u00a0Mobile General Ground System(MGGS) a Immenstaad (Germania). Il 3 dicembre, Selex ES ha invece verificato nel proprio stabilimento di Torino Caselle le modalit\u00e0 di funzionamento delle stazioni terrestri trasportabili (Transportable General Ground System- TGSS).\u00a0L\u2019azienda del gruppo Finmeccanica \u00e8 stata contrattata inoltre per la progettazione e la realizzazione della centrale operativa di Sigonella e degli apparati di comunicazione e trasmissione dati e immagini, per un valore complessivo di 140 milioni di euro.<\/p>\n<p>\u201cIl programma AGS non \u00e8 soltanto militare, ma consente la sorveglianza anche per scopi umanitari: basti pensare al problema del trasporto illegale dei migranti\u201d, ha dichiarato Fabrizio Giulianini, amministratore delegato di Selex Es. \u201cSi potranno assistere le popolazioni civili, migliorando la gestione delle crisi e degli aiuti in situazioni di emergenza. Ma Selex Es guarda gi\u00e0 avanti, in particolare a tutti i programmi di supporto logistico che saranno indispensabili quando Sigonella sar\u00e0 interamente operativa. Ovviamente \u00e8 ancora prematuro valutare le ricadute economiche per l\u2019azienda di Finmeccanica, poich\u00e9 devono essere definiti i limiti e le particolarit\u00e0 della nuova fase. Ma, in ogni caso, essa sar\u00e0 estremamente positiva per lo stabilimento di Torino Caselle dove operano 350 persone che hanno rappresentato il cuore del programma NATO AGS per la parte italiana. Sostenuti anche dagli oltre 16 mila lavoratori dell\u2019azienda nelle altre sedi e dalle aziende coinvolte in Bulgaria e Romania\u201d.<\/p>\n","protected":false},"excerpt":{"rendered":"<p>Primo test di volo di uno dei cinque droni previsti dal nuovo programma AGS &#8211; Alliance Ground Surveillance della NATO che avr\u00e0 come centro di comando e controllo la base aerea di Sigonella in Sicilia. I manager del colosso statunitense&hellip;<\/p>\n","protected":false},"author":689,"featured_media":262578,"comment_status":"closed","ping_status":"open","sticky":false,"template":"","format":"standard","meta":{"footnotes":""},"categories":[38,1263,57],"tags":[5129,21995,207,22795],"class_list":["post-262560","post","type-post","status-publish","format-standard","has-post-thumbnail","hentry","category-internazionale","category-pace-disarmo","category-affari-esteri","tag-base-di-sigonella","tag-drone","tag-nato","tag-sistema-ags-nato"],"yoast_head":"<!-- This site is optimized with the Yoast SEO plugin v27.1.1 - https:\/\/yoast.com\/product\/yoast-seo-wordpress\/ -->\n<title>Primo volo per il drone NATO di Sigonella<\/title>\n<meta name=\"description\" content=\"Primo test di volo di uno dei cinque droni previsti dal nuovo programma AGS - Alliance Ground Surveillance della NATO che avr\u00e0 come centro di comando e\" \/>\n<meta name=\"robots\" content=\"index, follow, max-snippet:-1, max-image-preview:large, max-video-preview:-1\" \/>\n<link rel=\"canonical\" href=\"https:\/\/www.pressenza.com\/it\/2015\/12\/primo-volo-per-il-drone-nato-di-sigonella\/\" \/>\n<meta property=\"og:locale\" content=\"it_IT\" \/>\n<meta property=\"og:type\" content=\"article\" \/>\n<meta property=\"og:title\" content=\"Primo volo per il drone NATO di Sigonella\" \/>\n<meta property=\"og:description\" content=\"Primo test di volo di uno dei cinque droni previsti dal nuovo programma AGS - Alliance Ground Surveillance della NATO che avr\u00e0 come centro di comando e\" \/>\n<meta property=\"og:url\" content=\"https:\/\/www.pressenza.com\/it\/2015\/12\/primo-volo-per-il-drone-nato-di-sigonella\/\" \/>\n<meta property=\"og:site_name\" content=\"Pressenza\" \/>\n<meta property=\"article:publisher\" content=\"https:\/\/www.facebook.com\/PressenzaItalia\" \/>\n<meta property=\"article:published_time\" content=\"2015-12-28T10:28:02+00:00\" \/>\n<meta property=\"og:image\" content=\"https:\/\/www.pressenza.com\/wp-content\/uploads\/2015\/12\/US_Navy_030325-N-9693M-001_Sicilys_volcano_Mt._Etna_is_the_backdrop_for_a_U.S._Air_Force_C-5_and_the_air_terminal_of_Naval_Air_Station_NAS_Sigonella.jpg\" \/>\n\t<meta property=\"og:image:width\" content=\"3008\" \/>\n\t<meta property=\"og:image:height\" content=\"2000\" \/>\n\t<meta property=\"og:image:type\" content=\"image\/jpeg\" \/>\n<meta name=\"author\" content=\"Antonio Mazzeo\" \/>\n<meta name=\"twitter:card\" content=\"summary_large_image\" \/>\n<meta name=\"twitter:creator\" content=\"@PressenzaIPA\" \/>\n<meta name=\"twitter:site\" content=\"@PressenzaIPA\" \/>\n<meta name=\"twitter:label1\" content=\"Scritto da\" \/>\n\t<meta name=\"twitter:data1\" content=\"Antonio Mazzeo\" \/>\n\t<meta name=\"twitter:label2\" content=\"Tempo di lettura stimato\" \/>\n\t<meta name=\"twitter:data2\" content=\"4 minuti\" \/>\n<script type=\"application\/ld+json\" class=\"yoast-schema-graph\">{\"@context\":\"https:\/\/schema.org\",\"@graph\":[{\"@type\":\"Article\",\"@id\":\"https:\/\/www.pressenza.com\/it\/2015\/12\/primo-volo-per-il-drone-nato-di-sigonella\/#article\",\"isPartOf\":{\"@id\":\"https:\/\/www.pressenza.com\/it\/2015\/12\/primo-volo-per-il-drone-nato-di-sigonella\/\"},\"author\":{\"name\":\"Antonio Mazzeo\",\"@id\":\"https:\/\/www.pressenza.com\/it\/#\/schema\/person\/13ac8d810e50349ceb227357a00fb87a\"},\"headline\":\"Primo volo per il drone NATO di Sigonella\",\"datePublished\":\"2015-12-28T10:28:02+00:00\",\"mainEntityOfPage\":{\"@id\":\"https:\/\/www.pressenza.com\/it\/2015\/12\/primo-volo-per-il-drone-nato-di-sigonella\/\"},\"wordCount\":859,\"publisher\":{\"@id\":\"https:\/\/www.pressenza.com\/it\/#organization\"},\"image\":{\"@id\":\"https:\/\/www.pressenza.com\/it\/2015\/12\/primo-volo-per-il-drone-nato-di-sigonella\/#primaryimage\"},\"thumbnailUrl\":\"https:\/\/www.pressenza.com\/wp-content\/uploads\/2015\/12\/US_Navy_030325-N-9693M-001_Sicilys_volcano_Mt._Etna_is_the_backdrop_for_a_U.S._Air_Force_C-5_and_the_air_terminal_of_Naval_Air_Station_NAS_Sigonella.jpg\",\"keywords\":[\"base di Sigonella\",\"Drone\",\"NATO\",\"sistema AGS NATO\"],\"articleSection\":[\"Internazionale\",\"Pace e Disarmo\",\"Questioni internazionali\"],\"inLanguage\":\"it-IT\"},{\"@type\":\"WebPage\",\"@id\":\"https:\/\/www.pressenza.com\/it\/2015\/12\/primo-volo-per-il-drone-nato-di-sigonella\/\",\"url\":\"https:\/\/www.pressenza.com\/it\/2015\/12\/primo-volo-per-il-drone-nato-di-sigonella\/\",\"name\":\"Primo volo per il drone NATO di Sigonella\",\"isPartOf\":{\"@id\":\"https:\/\/www.pressenza.com\/it\/#website\"},\"primaryImageOfPage\":{\"@id\":\"https:\/\/www.pressenza.com\/it\/2015\/12\/primo-volo-per-il-drone-nato-di-sigonella\/#primaryimage\"},\"image\":{\"@id\":\"https:\/\/www.pressenza.com\/it\/2015\/12\/primo-volo-per-il-drone-nato-di-sigonella\/#primaryimage\"},\"thumbnailUrl\":\"https:\/\/www.pressenza.com\/wp-content\/uploads\/2015\/12\/US_Navy_030325-N-9693M-001_Sicilys_volcano_Mt._Etna_is_the_backdrop_for_a_U.S._Air_Force_C-5_and_the_air_terminal_of_Naval_Air_Station_NAS_Sigonella.jpg\",\"datePublished\":\"2015-12-28T10:28:02+00:00\",\"description\":\"Primo test di volo di uno dei cinque droni previsti dal nuovo programma AGS - Alliance Ground Surveillance della NATO che avr\u00e0 come centro di comando e\",\"breadcrumb\":{\"@id\":\"https:\/\/www.pressenza.com\/it\/2015\/12\/primo-volo-per-il-drone-nato-di-sigonella\/#breadcrumb\"},\"inLanguage\":\"it-IT\",\"potentialAction\":[{\"@type\":\"ReadAction\",\"target\":[\"https:\/\/www.pressenza.com\/it\/2015\/12\/primo-volo-per-il-drone-nato-di-sigonella\/\"]}]},{\"@type\":\"ImageObject\",\"inLanguage\":\"it-IT\",\"@id\":\"https:\/\/www.pressenza.com\/it\/2015\/12\/primo-volo-per-il-drone-nato-di-sigonella\/#primaryimage\",\"url\":\"https:\/\/www.pressenza.com\/wp-content\/uploads\/2015\/12\/US_Navy_030325-N-9693M-001_Sicilys_volcano_Mt._Etna_is_the_backdrop_for_a_U.S._Air_Force_C-5_and_the_air_terminal_of_Naval_Air_Station_NAS_Sigonella.jpg\",\"contentUrl\":\"https:\/\/www.pressenza.com\/wp-content\/uploads\/2015\/12\/US_Navy_030325-N-9693M-001_Sicilys_volcano_Mt._Etna_is_the_backdrop_for_a_U.S._Air_Force_C-5_and_the_air_terminal_of_Naval_Air_Station_NAS_Sigonella.jpg\",\"width\":3008,\"height\":2000,\"caption\":\"030325-N-9693M-001 Naval Air Station Sigonella, Sicily (Mar. 25, 2003) -- Sicily's volcano, Mt. Etna, is the backdrop for a U.S. Air Force C-5 \\\"Galaxy\\\" and the air terminal of Naval Air Station (NAS) Sigonella. NAS Sigonella provides logistical support for Sixth Fleet and NATO forces in the Mediterranean Sea. U.S. Navy photo by Photographer's Mate 2nd Class Damon J. Moritz. (RELEASED)\"},{\"@type\":\"BreadcrumbList\",\"@id\":\"https:\/\/www.pressenza.com\/it\/2015\/12\/primo-volo-per-il-drone-nato-di-sigonella\/#breadcrumb\",\"itemListElement\":[{\"@type\":\"ListItem\",\"position\":1,\"name\":\"Accueil\",\"item\":\"https:\/\/www.pressenza.com\/it\/\"},{\"@type\":\"ListItem\",\"position\":2,\"name\":\"Primo volo per il drone NATO di Sigonella\"}]},{\"@type\":\"WebSite\",\"@id\":\"https:\/\/www.pressenza.com\/it\/#website\",\"url\":\"https:\/\/www.pressenza.com\/it\/\",\"name\":\"Pressenza\",\"description\":\"Agenzia di Stampa Internazionale\",\"publisher\":{\"@id\":\"https:\/\/www.pressenza.com\/it\/#organization\"},\"potentialAction\":[{\"@type\":\"SearchAction\",\"target\":{\"@type\":\"EntryPoint\",\"urlTemplate\":\"https:\/\/www.pressenza.com\/it\/?s={search_term_string}\"},\"query-input\":{\"@type\":\"PropertyValueSpecification\",\"valueRequired\":true,\"valueName\":\"search_term_string\"}}],\"inLanguage\":\"it-IT\"},{\"@type\":\"Organization\",\"@id\":\"https:\/\/www.pressenza.com\/it\/#organization\",\"name\":\"Pressenza\",\"url\":\"https:\/\/www.pressenza.com\/it\/\",\"logo\":{\"@type\":\"ImageObject\",\"inLanguage\":\"it-IT\",\"@id\":\"https:\/\/www.pressenza.com\/it\/#\/schema\/logo\/image\/\",\"url\":\"https:\/\/www.pressenza.com\/wp-content\/uploads\/2022\/10\/pressenza_logo_200x200.jpg\",\"contentUrl\":\"https:\/\/www.pressenza.com\/wp-content\/uploads\/2022\/10\/pressenza_logo_200x200.jpg\",\"width\":200,\"height\":200,\"caption\":\"Pressenza\"},\"image\":{\"@id\":\"https:\/\/www.pressenza.com\/it\/#\/schema\/logo\/image\/\"},\"sameAs\":[\"https:\/\/www.facebook.com\/PressenzaItalia\",\"https:\/\/x.com\/PressenzaIPA\"]},{\"@type\":\"Person\",\"@id\":\"https:\/\/www.pressenza.com\/it\/#\/schema\/person\/13ac8d810e50349ceb227357a00fb87a\",\"name\":\"Antonio Mazzeo\",\"description\":\"Ecopacifista e antimilitarista, giornalista e saggista, vincitore nel 2010 del Primo premio \\\"Giorgio Bassani\\\" di Italia Nostra per il giornalismo. http:\/\/antoniomazzeoblog.blogspot.com\/\",\"url\":\"https:\/\/www.pressenza.com\/it\/author\/antonio-mazzeo\/\"}]}<\/script>\n<!-- \/ Yoast SEO plugin. -->","yoast_head_json":{"title":"Primo volo per il drone NATO di Sigonella","description":"Primo test di volo di uno dei cinque droni previsti dal nuovo programma AGS - Alliance Ground Surveillance della NATO che avr\u00e0 come centro di comando e","robots":{"index":"index","follow":"follow","max-snippet":"max-snippet:-1","max-image-preview":"max-image-preview:large","max-video-preview":"max-video-preview:-1"},"canonical":"https:\/\/www.pressenza.com\/it\/2015\/12\/primo-volo-per-il-drone-nato-di-sigonella\/","og_locale":"it_IT","og_type":"article","og_title":"Primo volo per il drone NATO di Sigonella","og_description":"Primo test di volo di uno dei cinque droni previsti dal nuovo programma AGS - Alliance Ground Surveillance della NATO che avr\u00e0 come centro di comando e","og_url":"https:\/\/www.pressenza.com\/it\/2015\/12\/primo-volo-per-il-drone-nato-di-sigonella\/","og_site_name":"Pressenza","article_publisher":"https:\/\/www.facebook.com\/PressenzaItalia","article_published_time":"2015-12-28T10:28:02+00:00","og_image":[{"width":3008,"height":2000,"url":"https:\/\/www.pressenza.com\/wp-content\/uploads\/2015\/12\/US_Navy_030325-N-9693M-001_Sicilys_volcano_Mt._Etna_is_the_backdrop_for_a_U.S._Air_Force_C-5_and_the_air_terminal_of_Naval_Air_Station_NAS_Sigonella.jpg","type":"image\/jpeg"}],"author":"Antonio Mazzeo","twitter_card":"summary_large_image","twitter_creator":"@PressenzaIPA","twitter_site":"@PressenzaIPA","twitter_misc":{"Scritto da":"Antonio Mazzeo","Tempo di lettura stimato":"4 minuti"},"schema":{"@context":"https:\/\/schema.org","@graph":[{"@type":"Article","@id":"https:\/\/www.pressenza.com\/it\/2015\/12\/primo-volo-per-il-drone-nato-di-sigonella\/#article","isPartOf":{"@id":"https:\/\/www.pressenza.com\/it\/2015\/12\/primo-volo-per-il-drone-nato-di-sigonella\/"},"author":{"name":"Antonio Mazzeo","@id":"https:\/\/www.pressenza.com\/it\/#\/schema\/person\/13ac8d810e50349ceb227357a00fb87a"},"headline":"Primo volo per il drone NATO di Sigonella","datePublished":"2015-12-28T10:28:02+00:00","mainEntityOfPage":{"@id":"https:\/\/www.pressenza.com\/it\/2015\/12\/primo-volo-per-il-drone-nato-di-sigonella\/"},"wordCount":859,"publisher":{"@id":"https:\/\/www.pressenza.com\/it\/#organization"},"image":{"@id":"https:\/\/www.pressenza.com\/it\/2015\/12\/primo-volo-per-il-drone-nato-di-sigonella\/#primaryimage"},"thumbnailUrl":"https:\/\/www.pressenza.com\/wp-content\/uploads\/2015\/12\/US_Navy_030325-N-9693M-001_Sicilys_volcano_Mt._Etna_is_the_backdrop_for_a_U.S._Air_Force_C-5_and_the_air_terminal_of_Naval_Air_Station_NAS_Sigonella.jpg","keywords":["base di Sigonella","Drone","NATO","sistema AGS NATO"],"articleSection":["Internazionale","Pace e Disarmo","Questioni internazionali"],"inLanguage":"it-IT"},{"@type":"WebPage","@id":"https:\/\/www.pressenza.com\/it\/2015\/12\/primo-volo-per-il-drone-nato-di-sigonella\/","url":"https:\/\/www.pressenza.com\/it\/2015\/12\/primo-volo-per-il-drone-nato-di-sigonella\/","name":"Primo volo per il drone NATO di Sigonella","isPartOf":{"@id":"https:\/\/www.pressenza.com\/it\/#website"},"primaryImageOfPage":{"@id":"https:\/\/www.pressenza.com\/it\/2015\/12\/primo-volo-per-il-drone-nato-di-sigonella\/#primaryimage"},"image":{"@id":"https:\/\/www.pressenza.com\/it\/2015\/12\/primo-volo-per-il-drone-nato-di-sigonella\/#primaryimage"},"thumbnailUrl":"https:\/\/www.pressenza.com\/wp-content\/uploads\/2015\/12\/US_Navy_030325-N-9693M-001_Sicilys_volcano_Mt._Etna_is_the_backdrop_for_a_U.S._Air_Force_C-5_and_the_air_terminal_of_Naval_Air_Station_NAS_Sigonella.jpg","datePublished":"2015-12-28T10:28:02+00:00","description":"Primo test di volo di uno dei cinque droni previsti dal nuovo programma AGS - Alliance Ground Surveillance della NATO che avr\u00e0 come centro di comando e","breadcrumb":{"@id":"https:\/\/www.pressenza.com\/it\/2015\/12\/primo-volo-per-il-drone-nato-di-sigonella\/#breadcrumb"},"inLanguage":"it-IT","potentialAction":[{"@type":"ReadAction","target":["https:\/\/www.pressenza.com\/it\/2015\/12\/primo-volo-per-il-drone-nato-di-sigonella\/"]}]},{"@type":"ImageObject","inLanguage":"it-IT","@id":"https:\/\/www.pressenza.com\/it\/2015\/12\/primo-volo-per-il-drone-nato-di-sigonella\/#primaryimage","url":"https:\/\/www.pressenza.com\/wp-content\/uploads\/2015\/12\/US_Navy_030325-N-9693M-001_Sicilys_volcano_Mt._Etna_is_the_backdrop_for_a_U.S._Air_Force_C-5_and_the_air_terminal_of_Naval_Air_Station_NAS_Sigonella.jpg","contentUrl":"https:\/\/www.pressenza.com\/wp-content\/uploads\/2015\/12\/US_Navy_030325-N-9693M-001_Sicilys_volcano_Mt._Etna_is_the_backdrop_for_a_U.S._Air_Force_C-5_and_the_air_terminal_of_Naval_Air_Station_NAS_Sigonella.jpg","width":3008,"height":2000,"caption":"030325-N-9693M-001 Naval Air Station Sigonella, Sicily (Mar. 25, 2003) -- Sicily's volcano, Mt. Etna, is the backdrop for a U.S. Air Force C-5 \"Galaxy\" and the air terminal of Naval Air Station (NAS) Sigonella. NAS Sigonella provides logistical support for Sixth Fleet and NATO forces in the Mediterranean Sea. U.S. Navy photo by Photographer's Mate 2nd Class Damon J. Moritz. (RELEASED)"},{"@type":"BreadcrumbList","@id":"https:\/\/www.pressenza.com\/it\/2015\/12\/primo-volo-per-il-drone-nato-di-sigonella\/#breadcrumb","itemListElement":[{"@type":"ListItem","position":1,"name":"Accueil","item":"https:\/\/www.pressenza.com\/it\/"},{"@type":"ListItem","position":2,"name":"Primo volo per il drone NATO di Sigonella"}]},{"@type":"WebSite","@id":"https:\/\/www.pressenza.com\/it\/#website","url":"https:\/\/www.pressenza.com\/it\/","name":"Pressenza","description":"Agenzia di Stampa Internazionale","publisher":{"@id":"https:\/\/www.pressenza.com\/it\/#organization"},"potentialAction":[{"@type":"SearchAction","target":{"@type":"EntryPoint","urlTemplate":"https:\/\/www.pressenza.com\/it\/?s={search_term_string}"},"query-input":{"@type":"PropertyValueSpecification","valueRequired":true,"valueName":"search_term_string"}}],"inLanguage":"it-IT"},{"@type":"Organization","@id":"https:\/\/www.pressenza.com\/it\/#organization","name":"Pressenza","url":"https:\/\/www.pressenza.com\/it\/","logo":{"@type":"ImageObject","inLanguage":"it-IT","@id":"https:\/\/www.pressenza.com\/it\/#\/schema\/logo\/image\/","url":"https:\/\/www.pressenza.com\/wp-content\/uploads\/2022\/10\/pressenza_logo_200x200.jpg","contentUrl":"https:\/\/www.pressenza.com\/wp-content\/uploads\/2022\/10\/pressenza_logo_200x200.jpg","width":200,"height":200,"caption":"Pressenza"},"image":{"@id":"https:\/\/www.pressenza.com\/it\/#\/schema\/logo\/image\/"},"sameAs":["https:\/\/www.facebook.com\/PressenzaItalia","https:\/\/x.com\/PressenzaIPA"]},{"@type":"Person","@id":"https:\/\/www.pressenza.com\/it\/#\/schema\/person\/13ac8d810e50349ceb227357a00fb87a","name":"Antonio Mazzeo","description":"Ecopacifista e antimilitarista, giornalista e saggista, vincitore nel 2010 del Primo premio \"Giorgio Bassani\" di Italia Nostra per il giornalismo. http:\/\/antoniomazzeoblog.blogspot.com\/","url":"https:\/\/www.pressenza.com\/it\/author\/antonio-mazzeo\/"}]}},"place":"","original_article_url":"","_links":{"self":[{"href":"https:\/\/www.pressenza.com\/it\/wp-json\/wp\/v2\/posts\/262560","targetHints":{"allow":["GET"]}}],"collection":[{"href":"https:\/\/www.pressenza.com\/it\/wp-json\/wp\/v2\/posts"}],"about":[{"href":"https:\/\/www.pressenza.com\/it\/wp-json\/wp\/v2\/types\/post"}],"author":[{"embeddable":true,"href":"https:\/\/www.pressenza.com\/it\/wp-json\/wp\/v2\/users\/689"}],"replies":[{"embeddable":true,"href":"https:\/\/www.pressenza.com\/it\/wp-json\/wp\/v2\/comments?post=262560"}],"version-history":[{"count":0,"href":"https:\/\/www.pressenza.com\/it\/wp-json\/wp\/v2\/posts\/262560\/revisions"}],"wp:featuredmedia":[{"embeddable":true,"href":"https:\/\/www.pressenza.com\/it\/wp-json\/wp\/v2\/media\/262578"}],"wp:attachment":[{"href":"https:\/\/www.pressenza.com\/it\/wp-json\/wp\/v2\/media?parent=262560"}],"wp:term":[{"taxonomy":"category","embeddable":true,"href":"https:\/\/www.pressenza.com\/it\/wp-json\/wp\/v2\/categories?post=262560"},{"taxonomy":"post_tag","embeddable":true,"href":"https:\/\/www.pressenza.com\/it\/wp-json\/wp\/v2\/tags?post=262560"}],"curies":[{"name":"wp","href":"https:\/\/api.w.org\/{rel}","templated":true}]}}