{"id":2623464,"date":"2025-07-31T10:03:14","date_gmt":"2025-07-31T09:03:14","guid":{"rendered":"https:\/\/www.pressenza.com\/?p=2623464"},"modified":"2025-07-31T14:25:16","modified_gmt":"2025-07-31T13:25:16","slug":"milano-i-comitati-scrivono-ai-cittadini-sosteniamo-la-magistratura-pretendiamo-moralita-e-una-citta-piu-verde-e-piu-giusta","status":"publish","type":"post","link":"https:\/\/www.pressenza.com\/it\/2025\/07\/milano-i-comitati-scrivono-ai-cittadini-sosteniamo-la-magistratura-pretendiamo-moralita-e-una-citta-piu-verde-e-piu-giusta\/","title":{"rendered":"Milano, i comitati scrivono ai cittadini: sosteniamo la Magistratura, pretendiamo  \u201cmoralit\u00e0\u201d e una citt\u00e0 pi\u00f9 verde e pi\u00f9 giusta"},"content":{"rendered":"<p>Ai milanesi che vogliono una citt\u00e0 pi\u00f9 verde e pi\u00f9 giusta.<\/p>\n<p>Noi, cittadine e i cittadini milanesi, uniti in vari comitati civici e ambientalisti, seguiamo con fiducia, attenzione e partecipazione gli sviluppi delle inchieste della Magistratura sui casi urbanistici.<\/p>\n<p>Desideriamo ringraziare le cittadine e i cittadini che con i loro coraggiosi esposti (Hidden Garden, Residenze Lac ed altri) hanno alzato un velo sul &#8220;sistema Milano&#8221; e consentito l&#8217;avvio delle indagini.<\/p>\n<p>Noi stessi nel corso degli anni abbiamo sempre segnalato e contrastato i progetti urbanistici lesivi dell\u2019interesse pubblico, consumatori di suolo, generatori di ingiustizie sociali e ambientali.<\/p>\n<p>Abbiamo manifestato, fatto appelli e convegni, turbato le sedute del Consiglio Comunale, organizzato contro-week, siamo intervenuti nelle Commissioni comunali, nei Municipi e anche in audizioni alla Camera e al Senato.<\/p>\n<p>Adesso \u00e8 l\u2019ora di appoggiare la Magistratura, appellandoci a tutti i cittadini milanesi perch\u00e9 ne sostengano l\u2019operato e confidino che una citt\u00e0 si possa progettare rimettendo al centro la qualit\u00e0 della vita e la giustizia sociale.<\/p>\n<p>Noi ci impegniamo a proseguire nel lavoro di difesa di tutti i luoghi che ancora sopravvivono &#8211; dai boschi di via Falck, dell\u2019Averla in Piazza d\u2019Armi e della Goccia, allo Stadio di San Siro col parco dei Capitani &#8211; e di denuncia delle torri spuntate come funghi di fronte alle finestre di tanti residenti, togliendo loro la vista, lo spazio e la vivibilit\u00e0.<\/p>\n<p>Ci aspettiamo che tanti altri cittadine e cittadini si possano unire a noi.<\/p>\n<p>La rappresentanza politica che amministra la citt\u00e0 purtroppo ha assecondato questo tipo di sviluppo e di urbanistica, cos\u00ec oggi non la riteniamo pi\u00f9 credibile.<\/p>\n<p>Siamo consapevoli che quando la Magistratura interviene a ripristinare la legalit\u00e0 per un vulnus riguardante la vita pubblica, la Politica ha fallito nel suo compito di gestire in maniera democratica la polis.<\/p>\n<p>Dunque tutti insieme chiediamo, pretendiamo da chi governa e aspira a governare Milano un reale cambiamento, che parta dall\u2019ascolto di noi cittadine e cittadini e dal recupero della moralit\u00e0 dell&#8217;azione amministrativa.<\/p>\n<p>-Comitato Baiamonti Verde Comune<br \/>\n-Parco piazza d&#8217;Armi &#8211; Le Giardiniere<br \/>\n-Comitato popolare per la difesa del Bosco di via Falck<br \/>\n-Comitato La Goccia<br \/>\n-Comitato Difesa Ambiente zona 5<br \/>\n-ForestaMI e poi DimenticaMI<br \/>\n-Comitato Referendum per San Siro<br \/>\n-Comitato Milanese Acqua Pubblica<br \/>\n-BovisAttiva<br \/>\n-Trotto Bene Comune<br \/>\n-Abitare in via Padova<br \/>\n-Comitato Vaiano Valle Respira<br \/>\n-Comitato Basmetto<br \/>\n-Greensando<br \/>\n-Lambrate Rubattino Riparte -Salviamo Parco Bassini<br \/>\n-Che ne sar\u00e0 di Citt\u00e0 Studi?<br \/>\n-Comitato Difesa Centro Balneare Romano<br \/>\n-Comitato Argonne Susa<br \/>\n-Salviamo Benedetto Marcello<br \/>\n-BoschiAMO &#8211; Comitato Alberi per Milano<br \/>\n-Movimento Beni Comuni<br \/>\n-Rete Ambiente Lombardia<br \/>\n-Coordinamento per la Democrazia Costituzionale<\/p>\n<p>Email di contatto per cittadini e comitati: <a href=\"mailto:ComitatiMilanesi@gmail.com\"><u>ComitatiMilanesi@gmail.com<\/u><\/a><\/p>\n<p>&nbsp;<\/p>\n","protected":false},"excerpt":{"rendered":"<p>Ai milanesi che vogliono una citt\u00e0 pi\u00f9 verde e pi\u00f9 giusta. Noi, cittadine e i cittadini milanesi, uniti in vari comitati civici e ambientalisti, seguiamo con fiducia, attenzione e partecipazione gli sviluppi delle inchieste della Magistratura sui casi urbanistici. Desideriamo&hellip;<\/p>\n","protected":false},"author":1722,"featured_media":2623465,"comment_status":"closed","ping_status":"closed","sticky":false,"template":"","format":"standard","meta":{"footnotes":""},"categories":[150,59,47,55],"tags":[123107,15665,64151,16431,843],"class_list":["post-2623464","post","type-post","status-publish","format-standard","has-post-thumbnail","hentry","category-comunicati-stampa","category-ambiente-ecologia","category-europa","category-politica","tag-comitati-civici-e-ambientalisti","tag-consiglio-comunale-di-milano","tag-consumo-di-suolo","tag-indagini","tag-magistratura"],"yoast_head":"<!-- This site is optimized with the Yoast SEO plugin v27.1.1 - https:\/\/yoast.com\/product\/yoast-seo-wordpress\/ -->\n<title>Milano, i comitati scrivono ai cittadini: sosteniamo la Magistratura, pretendiamo \u201cmoralit\u00e0\u201d e una citt\u00e0 pi\u00f9 verde e pi\u00f9 giusta<\/title>\n<meta name=\"description\" content=\"Ai milanesi che vogliono una citt\u00e0 pi\u00f9 verde e pi\u00f9 giusta. Noi, cittadine e i cittadini milanesi, uniti in vari comitati civici e ambientalisti, seguiamo\" \/>\n<meta name=\"robots\" content=\"index, follow, max-snippet:-1, max-image-preview:large, max-video-preview:-1\" \/>\n<link rel=\"canonical\" href=\"https:\/\/www.pressenza.com\/it\/2025\/07\/milano-i-comitati-scrivono-ai-cittadini-sosteniamo-la-magistratura-pretendiamo-moralita-e-una-citta-piu-verde-e-piu-giusta\/\" \/>\n<meta property=\"og:locale\" content=\"it_IT\" \/>\n<meta property=\"og:type\" content=\"article\" \/>\n<meta property=\"og:title\" content=\"Milano, i comitati scrivono ai cittadini: sosteniamo la Magistratura, pretendiamo \u201cmoralit\u00e0\u201d e una citt\u00e0 pi\u00f9 verde e pi\u00f9 giusta\" \/>\n<meta property=\"og:description\" content=\"Ai milanesi che vogliono una citt\u00e0 pi\u00f9 verde e pi\u00f9 giusta. Noi, cittadine e i cittadini milanesi, uniti in vari comitati civici e ambientalisti, seguiamo\" \/>\n<meta property=\"og:url\" content=\"https:\/\/www.pressenza.com\/it\/2025\/07\/milano-i-comitati-scrivono-ai-cittadini-sosteniamo-la-magistratura-pretendiamo-moralita-e-una-citta-piu-verde-e-piu-giusta\/\" \/>\n<meta property=\"og:site_name\" content=\"Pressenza\" \/>\n<meta property=\"article:publisher\" content=\"https:\/\/www.facebook.com\/PressenzaItalia\" \/>\n<meta property=\"article:published_time\" content=\"2025-07-31T09:03:14+00:00\" \/>\n<meta property=\"article:modified_time\" content=\"2025-07-31T13:25:16+00:00\" \/>\n<meta property=\"og:image\" content=\"https:\/\/www.pressenza.com\/wp-content\/uploads\/2025\/07\/PalazzoGiustiziaFlashMob.jpg\" \/>\n\t<meta property=\"og:image:width\" content=\"720\" \/>\n\t<meta property=\"og:image:height\" content=\"714\" \/>\n\t<meta property=\"og:image:type\" content=\"image\/jpeg\" \/>\n<meta name=\"author\" content=\"Redazione Milano\" \/>\n<meta name=\"twitter:card\" content=\"summary_large_image\" \/>\n<meta name=\"twitter:creator\" content=\"@PressenzaIPA\" \/>\n<meta name=\"twitter:site\" content=\"@PressenzaIPA\" \/>\n<meta name=\"twitter:label1\" content=\"Scritto da\" \/>\n\t<meta name=\"twitter:data1\" content=\"Redazione Milano\" \/>\n\t<meta name=\"twitter:label2\" content=\"Tempo di lettura stimato\" \/>\n\t<meta name=\"twitter:data2\" content=\"3 minuti\" \/>\n<script type=\"application\/ld+json\" class=\"yoast-schema-graph\">{\"@context\":\"https:\/\/schema.org\",\"@graph\":[{\"@type\":\"Article\",\"@id\":\"https:\/\/www.pressenza.com\/it\/2025\/07\/milano-i-comitati-scrivono-ai-cittadini-sosteniamo-la-magistratura-pretendiamo-moralita-e-una-citta-piu-verde-e-piu-giusta\/#article\",\"isPartOf\":{\"@id\":\"https:\/\/www.pressenza.com\/it\/2025\/07\/milano-i-comitati-scrivono-ai-cittadini-sosteniamo-la-magistratura-pretendiamo-moralita-e-una-citta-piu-verde-e-piu-giusta\/\"},\"author\":{\"name\":\"Redazione Milano\",\"@id\":\"https:\/\/www.pressenza.com\/it\/#\/schema\/person\/746fc8cdd6c8e3d918fb5714b3583e41\"},\"headline\":\"Milano, i comitati scrivono ai cittadini: sosteniamo la Magistratura, pretendiamo \u201cmoralit\u00e0\u201d e una citt\u00e0 pi\u00f9 verde e pi\u00f9 giusta\",\"datePublished\":\"2025-07-31T09:03:14+00:00\",\"dateModified\":\"2025-07-31T13:25:16+00:00\",\"mainEntityOfPage\":{\"@id\":\"https:\/\/www.pressenza.com\/it\/2025\/07\/milano-i-comitati-scrivono-ai-cittadini-sosteniamo-la-magistratura-pretendiamo-moralita-e-una-citta-piu-verde-e-piu-giusta\/\"},\"wordCount\":458,\"publisher\":{\"@id\":\"https:\/\/www.pressenza.com\/it\/#organization\"},\"image\":{\"@id\":\"https:\/\/www.pressenza.com\/it\/2025\/07\/milano-i-comitati-scrivono-ai-cittadini-sosteniamo-la-magistratura-pretendiamo-moralita-e-una-citta-piu-verde-e-piu-giusta\/#primaryimage\"},\"thumbnailUrl\":\"https:\/\/www.pressenza.com\/wp-content\/uploads\/2025\/07\/PalazzoGiustiziaFlashMob.jpg\",\"keywords\":[\"comitati civici e ambientalisti\",\"Consiglio Comunale di Milano\",\"Consumo di suolo\",\"indagini\",\"magistratura\"],\"articleSection\":[\"Comunicati Stampa\",\"Ecologia ed Ambiente\",\"Europa\",\"Politica\"],\"inLanguage\":\"it-IT\"},{\"@type\":\"WebPage\",\"@id\":\"https:\/\/www.pressenza.com\/it\/2025\/07\/milano-i-comitati-scrivono-ai-cittadini-sosteniamo-la-magistratura-pretendiamo-moralita-e-una-citta-piu-verde-e-piu-giusta\/\",\"url\":\"https:\/\/www.pressenza.com\/it\/2025\/07\/milano-i-comitati-scrivono-ai-cittadini-sosteniamo-la-magistratura-pretendiamo-moralita-e-una-citta-piu-verde-e-piu-giusta\/\",\"name\":\"Milano, i comitati scrivono ai cittadini: sosteniamo la Magistratura, pretendiamo \u201cmoralit\u00e0\u201d e una citt\u00e0 pi\u00f9 verde e pi\u00f9 giusta\",\"isPartOf\":{\"@id\":\"https:\/\/www.pressenza.com\/it\/#website\"},\"primaryImageOfPage\":{\"@id\":\"https:\/\/www.pressenza.com\/it\/2025\/07\/milano-i-comitati-scrivono-ai-cittadini-sosteniamo-la-magistratura-pretendiamo-moralita-e-una-citta-piu-verde-e-piu-giusta\/#primaryimage\"},\"image\":{\"@id\":\"https:\/\/www.pressenza.com\/it\/2025\/07\/milano-i-comitati-scrivono-ai-cittadini-sosteniamo-la-magistratura-pretendiamo-moralita-e-una-citta-piu-verde-e-piu-giusta\/#primaryimage\"},\"thumbnailUrl\":\"https:\/\/www.pressenza.com\/wp-content\/uploads\/2025\/07\/PalazzoGiustiziaFlashMob.jpg\",\"datePublished\":\"2025-07-31T09:03:14+00:00\",\"dateModified\":\"2025-07-31T13:25:16+00:00\",\"description\":\"Ai milanesi che vogliono una citt\u00e0 pi\u00f9 verde e pi\u00f9 giusta. Noi, cittadine e i cittadini milanesi, uniti in vari comitati civici e ambientalisti, seguiamo\",\"breadcrumb\":{\"@id\":\"https:\/\/www.pressenza.com\/it\/2025\/07\/milano-i-comitati-scrivono-ai-cittadini-sosteniamo-la-magistratura-pretendiamo-moralita-e-una-citta-piu-verde-e-piu-giusta\/#breadcrumb\"},\"inLanguage\":\"it-IT\",\"potentialAction\":[{\"@type\":\"ReadAction\",\"target\":[\"https:\/\/www.pressenza.com\/it\/2025\/07\/milano-i-comitati-scrivono-ai-cittadini-sosteniamo-la-magistratura-pretendiamo-moralita-e-una-citta-piu-verde-e-piu-giusta\/\"]}]},{\"@type\":\"ImageObject\",\"inLanguage\":\"it-IT\",\"@id\":\"https:\/\/www.pressenza.com\/it\/2025\/07\/milano-i-comitati-scrivono-ai-cittadini-sosteniamo-la-magistratura-pretendiamo-moralita-e-una-citta-piu-verde-e-piu-giusta\/#primaryimage\",\"url\":\"https:\/\/www.pressenza.com\/wp-content\/uploads\/2025\/07\/PalazzoGiustiziaFlashMob.jpg\",\"contentUrl\":\"https:\/\/www.pressenza.com\/wp-content\/uploads\/2025\/07\/PalazzoGiustiziaFlashMob.jpg\",\"width\":720,\"height\":714},{\"@type\":\"BreadcrumbList\",\"@id\":\"https:\/\/www.pressenza.com\/it\/2025\/07\/milano-i-comitati-scrivono-ai-cittadini-sosteniamo-la-magistratura-pretendiamo-moralita-e-una-citta-piu-verde-e-piu-giusta\/#breadcrumb\",\"itemListElement\":[{\"@type\":\"ListItem\",\"position\":1,\"name\":\"Accueil\",\"item\":\"https:\/\/www.pressenza.com\/it\/\"},{\"@type\":\"ListItem\",\"position\":2,\"name\":\"Milano, i comitati scrivono ai cittadini: sosteniamo la Magistratura, pretendiamo \u201cmoralit\u00e0\u201d e una citt\u00e0 pi\u00f9 verde e pi\u00f9 giusta\"}]},{\"@type\":\"WebSite\",\"@id\":\"https:\/\/www.pressenza.com\/it\/#website\",\"url\":\"https:\/\/www.pressenza.com\/it\/\",\"name\":\"Pressenza\",\"description\":\"Agenzia di Stampa Internazionale\",\"publisher\":{\"@id\":\"https:\/\/www.pressenza.com\/it\/#organization\"},\"potentialAction\":[{\"@type\":\"SearchAction\",\"target\":{\"@type\":\"EntryPoint\",\"urlTemplate\":\"https:\/\/www.pressenza.com\/it\/?s={search_term_string}\"},\"query-input\":{\"@type\":\"PropertyValueSpecification\",\"valueRequired\":true,\"valueName\":\"search_term_string\"}}],\"inLanguage\":\"it-IT\"},{\"@type\":\"Organization\",\"@id\":\"https:\/\/www.pressenza.com\/it\/#organization\",\"name\":\"Pressenza\",\"url\":\"https:\/\/www.pressenza.com\/it\/\",\"logo\":{\"@type\":\"ImageObject\",\"inLanguage\":\"it-IT\",\"@id\":\"https:\/\/www.pressenza.com\/it\/#\/schema\/logo\/image\/\",\"url\":\"https:\/\/www.pressenza.com\/wp-content\/uploads\/2022\/10\/pressenza_logo_200x200.jpg\",\"contentUrl\":\"https:\/\/www.pressenza.com\/wp-content\/uploads\/2022\/10\/pressenza_logo_200x200.jpg\",\"width\":200,\"height\":200,\"caption\":\"Pressenza\"},\"image\":{\"@id\":\"https:\/\/www.pressenza.com\/it\/#\/schema\/logo\/image\/\"},\"sameAs\":[\"https:\/\/www.facebook.com\/PressenzaItalia\",\"https:\/\/x.com\/PressenzaIPA\"]},{\"@type\":\"Person\",\"@id\":\"https:\/\/www.pressenza.com\/it\/#\/schema\/person\/746fc8cdd6c8e3d918fb5714b3583e41\",\"name\":\"Redazione Milano\",\"description\":\"News from the Pressenza Bureau in Milan, Italy\",\"url\":\"https:\/\/www.pressenza.com\/it\/author\/redazione-milano\/\"}]}<\/script>\n<!-- \/ Yoast SEO plugin. -->","yoast_head_json":{"title":"Milano, i comitati scrivono ai cittadini: sosteniamo la Magistratura, pretendiamo \u201cmoralit\u00e0\u201d e una citt\u00e0 pi\u00f9 verde e pi\u00f9 giusta","description":"Ai milanesi che vogliono una citt\u00e0 pi\u00f9 verde e pi\u00f9 giusta. Noi, cittadine e i cittadini milanesi, uniti in vari comitati civici e ambientalisti, seguiamo","robots":{"index":"index","follow":"follow","max-snippet":"max-snippet:-1","max-image-preview":"max-image-preview:large","max-video-preview":"max-video-preview:-1"},"canonical":"https:\/\/www.pressenza.com\/it\/2025\/07\/milano-i-comitati-scrivono-ai-cittadini-sosteniamo-la-magistratura-pretendiamo-moralita-e-una-citta-piu-verde-e-piu-giusta\/","og_locale":"it_IT","og_type":"article","og_title":"Milano, i comitati scrivono ai cittadini: sosteniamo la Magistratura, pretendiamo \u201cmoralit\u00e0\u201d e una citt\u00e0 pi\u00f9 verde e pi\u00f9 giusta","og_description":"Ai milanesi che vogliono una citt\u00e0 pi\u00f9 verde e pi\u00f9 giusta. Noi, cittadine e i cittadini milanesi, uniti in vari comitati civici e ambientalisti, seguiamo","og_url":"https:\/\/www.pressenza.com\/it\/2025\/07\/milano-i-comitati-scrivono-ai-cittadini-sosteniamo-la-magistratura-pretendiamo-moralita-e-una-citta-piu-verde-e-piu-giusta\/","og_site_name":"Pressenza","article_publisher":"https:\/\/www.facebook.com\/PressenzaItalia","article_published_time":"2025-07-31T09:03:14+00:00","article_modified_time":"2025-07-31T13:25:16+00:00","og_image":[{"width":720,"height":714,"url":"https:\/\/www.pressenza.com\/wp-content\/uploads\/2025\/07\/PalazzoGiustiziaFlashMob.jpg","type":"image\/jpeg"}],"author":"Redazione Milano","twitter_card":"summary_large_image","twitter_creator":"@PressenzaIPA","twitter_site":"@PressenzaIPA","twitter_misc":{"Scritto da":"Redazione Milano","Tempo di lettura stimato":"3 minuti"},"schema":{"@context":"https:\/\/schema.org","@graph":[{"@type":"Article","@id":"https:\/\/www.pressenza.com\/it\/2025\/07\/milano-i-comitati-scrivono-ai-cittadini-sosteniamo-la-magistratura-pretendiamo-moralita-e-una-citta-piu-verde-e-piu-giusta\/#article","isPartOf":{"@id":"https:\/\/www.pressenza.com\/it\/2025\/07\/milano-i-comitati-scrivono-ai-cittadini-sosteniamo-la-magistratura-pretendiamo-moralita-e-una-citta-piu-verde-e-piu-giusta\/"},"author":{"name":"Redazione Milano","@id":"https:\/\/www.pressenza.com\/it\/#\/schema\/person\/746fc8cdd6c8e3d918fb5714b3583e41"},"headline":"Milano, i comitati scrivono ai cittadini: sosteniamo la Magistratura, pretendiamo \u201cmoralit\u00e0\u201d e una citt\u00e0 pi\u00f9 verde e pi\u00f9 giusta","datePublished":"2025-07-31T09:03:14+00:00","dateModified":"2025-07-31T13:25:16+00:00","mainEntityOfPage":{"@id":"https:\/\/www.pressenza.com\/it\/2025\/07\/milano-i-comitati-scrivono-ai-cittadini-sosteniamo-la-magistratura-pretendiamo-moralita-e-una-citta-piu-verde-e-piu-giusta\/"},"wordCount":458,"publisher":{"@id":"https:\/\/www.pressenza.com\/it\/#organization"},"image":{"@id":"https:\/\/www.pressenza.com\/it\/2025\/07\/milano-i-comitati-scrivono-ai-cittadini-sosteniamo-la-magistratura-pretendiamo-moralita-e-una-citta-piu-verde-e-piu-giusta\/#primaryimage"},"thumbnailUrl":"https:\/\/www.pressenza.com\/wp-content\/uploads\/2025\/07\/PalazzoGiustiziaFlashMob.jpg","keywords":["comitati civici e ambientalisti","Consiglio Comunale di Milano","Consumo di suolo","indagini","magistratura"],"articleSection":["Comunicati Stampa","Ecologia ed Ambiente","Europa","Politica"],"inLanguage":"it-IT"},{"@type":"WebPage","@id":"https:\/\/www.pressenza.com\/it\/2025\/07\/milano-i-comitati-scrivono-ai-cittadini-sosteniamo-la-magistratura-pretendiamo-moralita-e-una-citta-piu-verde-e-piu-giusta\/","url":"https:\/\/www.pressenza.com\/it\/2025\/07\/milano-i-comitati-scrivono-ai-cittadini-sosteniamo-la-magistratura-pretendiamo-moralita-e-una-citta-piu-verde-e-piu-giusta\/","name":"Milano, i comitati scrivono ai cittadini: sosteniamo la Magistratura, pretendiamo \u201cmoralit\u00e0\u201d e una citt\u00e0 pi\u00f9 verde e pi\u00f9 giusta","isPartOf":{"@id":"https:\/\/www.pressenza.com\/it\/#website"},"primaryImageOfPage":{"@id":"https:\/\/www.pressenza.com\/it\/2025\/07\/milano-i-comitati-scrivono-ai-cittadini-sosteniamo-la-magistratura-pretendiamo-moralita-e-una-citta-piu-verde-e-piu-giusta\/#primaryimage"},"image":{"@id":"https:\/\/www.pressenza.com\/it\/2025\/07\/milano-i-comitati-scrivono-ai-cittadini-sosteniamo-la-magistratura-pretendiamo-moralita-e-una-citta-piu-verde-e-piu-giusta\/#primaryimage"},"thumbnailUrl":"https:\/\/www.pressenza.com\/wp-content\/uploads\/2025\/07\/PalazzoGiustiziaFlashMob.jpg","datePublished":"2025-07-31T09:03:14+00:00","dateModified":"2025-07-31T13:25:16+00:00","description":"Ai milanesi che vogliono una citt\u00e0 pi\u00f9 verde e pi\u00f9 giusta. Noi, cittadine e i cittadini milanesi, uniti in vari comitati civici e ambientalisti, seguiamo","breadcrumb":{"@id":"https:\/\/www.pressenza.com\/it\/2025\/07\/milano-i-comitati-scrivono-ai-cittadini-sosteniamo-la-magistratura-pretendiamo-moralita-e-una-citta-piu-verde-e-piu-giusta\/#breadcrumb"},"inLanguage":"it-IT","potentialAction":[{"@type":"ReadAction","target":["https:\/\/www.pressenza.com\/it\/2025\/07\/milano-i-comitati-scrivono-ai-cittadini-sosteniamo-la-magistratura-pretendiamo-moralita-e-una-citta-piu-verde-e-piu-giusta\/"]}]},{"@type":"ImageObject","inLanguage":"it-IT","@id":"https:\/\/www.pressenza.com\/it\/2025\/07\/milano-i-comitati-scrivono-ai-cittadini-sosteniamo-la-magistratura-pretendiamo-moralita-e-una-citta-piu-verde-e-piu-giusta\/#primaryimage","url":"https:\/\/www.pressenza.com\/wp-content\/uploads\/2025\/07\/PalazzoGiustiziaFlashMob.jpg","contentUrl":"https:\/\/www.pressenza.com\/wp-content\/uploads\/2025\/07\/PalazzoGiustiziaFlashMob.jpg","width":720,"height":714},{"@type":"BreadcrumbList","@id":"https:\/\/www.pressenza.com\/it\/2025\/07\/milano-i-comitati-scrivono-ai-cittadini-sosteniamo-la-magistratura-pretendiamo-moralita-e-una-citta-piu-verde-e-piu-giusta\/#breadcrumb","itemListElement":[{"@type":"ListItem","position":1,"name":"Accueil","item":"https:\/\/www.pressenza.com\/it\/"},{"@type":"ListItem","position":2,"name":"Milano, i comitati scrivono ai cittadini: sosteniamo la Magistratura, pretendiamo \u201cmoralit\u00e0\u201d e una citt\u00e0 pi\u00f9 verde e pi\u00f9 giusta"}]},{"@type":"WebSite","@id":"https:\/\/www.pressenza.com\/it\/#website","url":"https:\/\/www.pressenza.com\/it\/","name":"Pressenza","description":"Agenzia di Stampa Internazionale","publisher":{"@id":"https:\/\/www.pressenza.com\/it\/#organization"},"potentialAction":[{"@type":"SearchAction","target":{"@type":"EntryPoint","urlTemplate":"https:\/\/www.pressenza.com\/it\/?s={search_term_string}"},"query-input":{"@type":"PropertyValueSpecification","valueRequired":true,"valueName":"search_term_string"}}],"inLanguage":"it-IT"},{"@type":"Organization","@id":"https:\/\/www.pressenza.com\/it\/#organization","name":"Pressenza","url":"https:\/\/www.pressenza.com\/it\/","logo":{"@type":"ImageObject","inLanguage":"it-IT","@id":"https:\/\/www.pressenza.com\/it\/#\/schema\/logo\/image\/","url":"https:\/\/www.pressenza.com\/wp-content\/uploads\/2022\/10\/pressenza_logo_200x200.jpg","contentUrl":"https:\/\/www.pressenza.com\/wp-content\/uploads\/2022\/10\/pressenza_logo_200x200.jpg","width":200,"height":200,"caption":"Pressenza"},"image":{"@id":"https:\/\/www.pressenza.com\/it\/#\/schema\/logo\/image\/"},"sameAs":["https:\/\/www.facebook.com\/PressenzaItalia","https:\/\/x.com\/PressenzaIPA"]},{"@type":"Person","@id":"https:\/\/www.pressenza.com\/it\/#\/schema\/person\/746fc8cdd6c8e3d918fb5714b3583e41","name":"Redazione Milano","description":"News from the Pressenza Bureau in Milan, Italy","url":"https:\/\/www.pressenza.com\/it\/author\/redazione-milano\/"}]}},"place":"","original_article_url":"","_links":{"self":[{"href":"https:\/\/www.pressenza.com\/it\/wp-json\/wp\/v2\/posts\/2623464","targetHints":{"allow":["GET"]}}],"collection":[{"href":"https:\/\/www.pressenza.com\/it\/wp-json\/wp\/v2\/posts"}],"about":[{"href":"https:\/\/www.pressenza.com\/it\/wp-json\/wp\/v2\/types\/post"}],"author":[{"embeddable":true,"href":"https:\/\/www.pressenza.com\/it\/wp-json\/wp\/v2\/users\/1722"}],"replies":[{"embeddable":true,"href":"https:\/\/www.pressenza.com\/it\/wp-json\/wp\/v2\/comments?post=2623464"}],"version-history":[{"count":3,"href":"https:\/\/www.pressenza.com\/it\/wp-json\/wp\/v2\/posts\/2623464\/revisions"}],"predecessor-version":[{"id":2623489,"href":"https:\/\/www.pressenza.com\/it\/wp-json\/wp\/v2\/posts\/2623464\/revisions\/2623489"}],"wp:featuredmedia":[{"embeddable":true,"href":"https:\/\/www.pressenza.com\/it\/wp-json\/wp\/v2\/media\/2623465"}],"wp:attachment":[{"href":"https:\/\/www.pressenza.com\/it\/wp-json\/wp\/v2\/media?parent=2623464"}],"wp:term":[{"taxonomy":"category","embeddable":true,"href":"https:\/\/www.pressenza.com\/it\/wp-json\/wp\/v2\/categories?post=2623464"},{"taxonomy":"post_tag","embeddable":true,"href":"https:\/\/www.pressenza.com\/it\/wp-json\/wp\/v2\/tags?post=2623464"}],"curies":[{"name":"wp","href":"https:\/\/api.w.org\/{rel}","templated":true}]}}