{"id":2623315,"date":"2025-07-30T13:29:24","date_gmt":"2025-07-30T12:29:24","guid":{"rendered":"https:\/\/www.pressenza.com\/?p=2623315"},"modified":"2025-07-30T15:11:50","modified_gmt":"2025-07-30T14:11:50","slug":"manifestazione-del-26-luglio-in-val-di-susa-amnesty-international-italia-documenta-un-uso-indiscriminato-sproporzionato-e-ad-altezza-di-persona-dei-gas-lacrimogeni","status":"publish","type":"post","link":"https:\/\/www.pressenza.com\/it\/2025\/07\/manifestazione-del-26-luglio-in-val-di-susa-amnesty-international-italia-documenta-un-uso-indiscriminato-sproporzionato-e-ad-altezza-di-persona-dei-gas-lacrimogeni\/","title":{"rendered":"Manifestazione del 26 luglio in Val di Susa: Amnesty International Italia documenta un uso indiscriminato, sproporzionato e ad altezza di persona dei gas lacrimogeni\u00a0"},"content":{"rendered":"<p>La manifestazione del 26 luglio in Val di Susa, organizzata a margine del festival dell&#8217;Alta Felicit\u00e0 dal movimento \u201cNo Tav\u201d,\u00a0\u00e8 stata caratterizzata da fasi del tutto pacifiche e da momenti di tensione.<\/p>\n<p>Gli osservatori\u00a0di Amnesty International Italia erano presenti alla manifestazione e hanno potuto monitorare due delle azioni realizzate dal gruppo di manifestanti, presso il cantiere di San Didero e Traduerivi.<\/p>\n<p>Nella zona da loro monitorata a San Didero, gli osservatori hanno documentato un uso sproporzionato e indiscriminato di gas lacrimogeni da parte delle forze di polizia: tra i 180 e i 200 in poco pi\u00f9 di un\u2019ora contro circa 500 manifestanti, in risposta al lancio di oggetti.<\/p>\n<p>Le forze di polizia hanno utilizzato i gas lacrimogeni anche contro persone che si stavano allontanando e che non rappresentavano alcuna minaccia per l\u2019incolumit\u00e0 altrui. In diversi casi, anzich\u00e9 essere diretti verso l\u2019alto, le granate contenenti gas lacrimogeni sono state lanciate ad altezza persona: ne \u00e8 stato testimone diretto anche uno degli osservatori di Amnesty International Italia, che nonostante indossasse la pettorina, \u00e8 stato colpito sulla schiena. Sono state ferite altre due persone, rispettivamente alla nuca e alla fronte.<\/p>\n<p>Come gi\u00e0 emerso in\u00a0<u><a id=\"OWA66e9da00-97d6-7854-ce5b-6bcddbdd21db\" class=\"xmprfx_OWAAutoLink\" href=\"https:\/\/trk.amnesty.it\/e\/tr?q=0%3dPcCY%265%3dUE%26K%3dJUBaS%26I%3d0gNaFa%26D%3dBzQ9M_xxlt_9h_AuYw_Kj_xxlt_8mFQ3.86HkPCS.oQ_AuYw_KjvO8NkPC5-tL-C52-F7-PgI-wC-yRB5-1P8-CtA2MiO2GoKtNu-A2-AgP-55iO2GuDxHo_OjwV_YY%268%3d%26oP%3dOXDeJ%26Ny%3dYSVAgPWFgRV9XM%26B%3d0BvXh9u7CbLU9ZRVigxd8euaFdMV8t5g0XNcgfyc80ydCAu7E8t009MWk8MaD8QY7aSa&amp;mupckp=mupAtu4m8OiX0wt\" target=\"_blank\" rel=\"noopener noreferrer\">precedenti osservazioni in Val di Susa<\/a><\/u>, anche quest\u2019anno le forze di polizia hanno dunque fatto un uso dei gas lacrimogeni non rispettoso degli standard internazionali sui diritti umani.<\/p>\n<p>Amnesty International Italia ricorda che, secondo i medesimi standard, una protesta pacifica, seppur attraversata da circoscritti atti di violenza, resta pacifica e le forze di polizia devono garantire che possa proseguire, tutelando le persone che vi stanno partecipando; la\u00a0forza dovrebbe essere utilizzata come ultima risorsa, solamente laddove non esistano altri mezzi per raggiungere obiettivi legittimi e solo quando sia necessaria e proporzionata alla situazione.<\/p>\n<p>Ulteriori informazioni<\/p>\n<p>Riguardo ai gas lacrimogeni, gli standard internazionali riguardanti l\u2019uso della forza e delle armi meno letali prevedono che il loro impiego e uso debbano essere posti sotto il comando e il controllo di un ufficiale con funzioni di comando e adeguatamente formato per evitare o ridurre i danni per le persone e per garantirne un uso sicuro e appropriato.<\/p>\n<p>Le forze di polizia possono legittimamente usare i gas lacrimogeni solo in caso di violenza diffusa, ma mai possono ricorrervi nel caso di atti isolati di violenza e tantomeno per disperdere un\u2019assemblea pacifica. La quantit\u00e0 di gas lacrimogeno erogato deve essere attentamente monitorata e controllata. \u00c8 necessario evitare quantit\u00e0 eccessive, per prevenire danni sproporzionati e limitare l&#8217;impatto sulle persone che vivono nella zona o sui partecipanti stessi.<\/p>\n<p>Nel caso si renda necessario l&#8217;uso di gas lacrimogeni, vi deve essere sempre un preavviso prima del loro impiego per permettere alle persone di allontanarsi; se utilizzati, non devono mai essere lanciati direttamente contro chi sta\u00a0manifestando, poich\u00e9 potrebbero causare gravi lesioni o morte, n\u00e9 tantomeno contro persone in fuga o che si sono gi\u00e0 allontanate dal luogo della protesta.<\/p>\n","protected":false},"excerpt":{"rendered":"<p>La manifestazione del 26 luglio in Val di Susa, organizzata a margine del festival dell&#8217;Alta Felicit\u00e0 dal movimento \u201cNo Tav\u201d,\u00a0\u00e8 stata caratterizzata da fasi del tutto pacifiche e da momenti di tensione. Gli osservatori\u00a0di Amnesty International Italia erano presenti alla&hellip;<\/p>\n","protected":false},"author":432,"featured_media":1786883,"comment_status":"closed","ping_status":"closed","sticky":false,"template":"","format":"standard","meta":{"footnotes":""},"categories":[150,60,47],"tags":[21586,52236,688,1470],"class_list":["post-2623315","post","type-post","status-publish","format-standard","has-post-thumbnail","hentry","category-comunicati-stampa","category-diritti-umani","category-europa","tag-amnesty-international-italia","tag-lacrimogeni","tag-no-tav","tag-polizia"],"yoast_head":"<!-- This site is optimized with the Yoast SEO plugin v27.1.1 - https:\/\/yoast.com\/product\/yoast-seo-wordpress\/ -->\n<title>Manifestazione del 26 luglio in Val di Susa: Amnesty International Italia documenta un uso indiscriminato, sproporzionato e ad altezza di persona dei gas lacrimogeni\u00a0<\/title>\n<meta name=\"description\" content=\"La manifestazione del 26 luglio in Val di Susa, organizzata a margine del festival dell&#039;Alta Felicit\u00e0 dal movimento \u201cNo Tav\u201d,\u00a0\u00e8 stata caratterizzata da\" \/>\n<meta name=\"robots\" content=\"index, follow, max-snippet:-1, max-image-preview:large, max-video-preview:-1\" \/>\n<link rel=\"canonical\" href=\"https:\/\/www.pressenza.com\/it\/2025\/07\/manifestazione-del-26-luglio-in-val-di-susa-amnesty-international-italia-documenta-un-uso-indiscriminato-sproporzionato-e-ad-altezza-di-persona-dei-gas-lacrimogeni\/\" \/>\n<meta property=\"og:locale\" content=\"it_IT\" \/>\n<meta property=\"og:type\" content=\"article\" \/>\n<meta property=\"og:title\" content=\"Manifestazione del 26 luglio in Val di Susa: Amnesty International Italia documenta un uso indiscriminato, sproporzionato e ad altezza di persona dei gas lacrimogeni\u00a0\" \/>\n<meta property=\"og:description\" content=\"La manifestazione del 26 luglio in Val di Susa, organizzata a margine del festival dell&#039;Alta Felicit\u00e0 dal movimento \u201cNo Tav\u201d,\u00a0\u00e8 stata caratterizzata da\" \/>\n<meta property=\"og:url\" content=\"https:\/\/www.pressenza.com\/it\/2025\/07\/manifestazione-del-26-luglio-in-val-di-susa-amnesty-international-italia-documenta-un-uso-indiscriminato-sproporzionato-e-ad-altezza-di-persona-dei-gas-lacrimogeni\/\" \/>\n<meta property=\"og:site_name\" content=\"Pressenza\" \/>\n<meta property=\"article:publisher\" content=\"https:\/\/www.facebook.com\/PressenzaItalia\" \/>\n<meta property=\"article:author\" content=\"https:\/\/www.facebook.com\/amnestyglobal\" \/>\n<meta property=\"article:published_time\" content=\"2025-07-30T12:29:24+00:00\" \/>\n<meta property=\"article:modified_time\" content=\"2025-07-30T14:11:50+00:00\" \/>\n<meta property=\"og:image\" content=\"https:\/\/www.pressenza.com\/wp-content\/uploads\/2023\/12\/20231208-notavAD_9.jpg\" \/>\n\t<meta property=\"og:image:width\" content=\"1920\" \/>\n\t<meta property=\"og:image:height\" content=\"1440\" \/>\n\t<meta property=\"og:image:type\" content=\"image\/jpeg\" \/>\n<meta name=\"author\" content=\"Amnesty International\" \/>\n<meta name=\"twitter:card\" content=\"summary_large_image\" \/>\n<meta name=\"twitter:creator\" content=\"@amnesty\" \/>\n<meta name=\"twitter:site\" content=\"@PressenzaIPA\" \/>\n<meta name=\"twitter:label1\" content=\"Scritto da\" \/>\n\t<meta name=\"twitter:data1\" content=\"Amnesty International\" \/>\n\t<meta name=\"twitter:label2\" content=\"Tempo di lettura stimato\" \/>\n\t<meta name=\"twitter:data2\" content=\"3 minuti\" \/>\n<script type=\"application\/ld+json\" class=\"yoast-schema-graph\">{\"@context\":\"https:\/\/schema.org\",\"@graph\":[{\"@type\":\"Article\",\"@id\":\"https:\/\/www.pressenza.com\/it\/2025\/07\/manifestazione-del-26-luglio-in-val-di-susa-amnesty-international-italia-documenta-un-uso-indiscriminato-sproporzionato-e-ad-altezza-di-persona-dei-gas-lacrimogeni\/#article\",\"isPartOf\":{\"@id\":\"https:\/\/www.pressenza.com\/it\/2025\/07\/manifestazione-del-26-luglio-in-val-di-susa-amnesty-international-italia-documenta-un-uso-indiscriminato-sproporzionato-e-ad-altezza-di-persona-dei-gas-lacrimogeni\/\"},\"author\":{\"name\":\"Amnesty International\",\"@id\":\"https:\/\/www.pressenza.com\/it\/#\/schema\/person\/9b981b05c7ecf09292e6acb3223b2d9d\"},\"headline\":\"Manifestazione del 26 luglio in Val di Susa: Amnesty International Italia documenta un uso indiscriminato, sproporzionato e ad altezza di persona dei gas lacrimogeni\u00a0\",\"datePublished\":\"2025-07-30T12:29:24+00:00\",\"dateModified\":\"2025-07-30T14:11:50+00:00\",\"mainEntityOfPage\":{\"@id\":\"https:\/\/www.pressenza.com\/it\/2025\/07\/manifestazione-del-26-luglio-in-val-di-susa-amnesty-international-italia-documenta-un-uso-indiscriminato-sproporzionato-e-ad-altezza-di-persona-dei-gas-lacrimogeni\/\"},\"wordCount\":498,\"publisher\":{\"@id\":\"https:\/\/www.pressenza.com\/it\/#organization\"},\"image\":{\"@id\":\"https:\/\/www.pressenza.com\/it\/2025\/07\/manifestazione-del-26-luglio-in-val-di-susa-amnesty-international-italia-documenta-un-uso-indiscriminato-sproporzionato-e-ad-altezza-di-persona-dei-gas-lacrimogeni\/#primaryimage\"},\"thumbnailUrl\":\"https:\/\/www.pressenza.com\/wp-content\/uploads\/2023\/12\/20231208-notavAD_9.jpg\",\"keywords\":[\"Amnesty International Italia\",\"lacrimogeni\",\"NO-TAV\",\"polizia\"],\"articleSection\":[\"Comunicati Stampa\",\"Diritti Umani\",\"Europa\"],\"inLanguage\":\"it-IT\"},{\"@type\":\"WebPage\",\"@id\":\"https:\/\/www.pressenza.com\/it\/2025\/07\/manifestazione-del-26-luglio-in-val-di-susa-amnesty-international-italia-documenta-un-uso-indiscriminato-sproporzionato-e-ad-altezza-di-persona-dei-gas-lacrimogeni\/\",\"url\":\"https:\/\/www.pressenza.com\/it\/2025\/07\/manifestazione-del-26-luglio-in-val-di-susa-amnesty-international-italia-documenta-un-uso-indiscriminato-sproporzionato-e-ad-altezza-di-persona-dei-gas-lacrimogeni\/\",\"name\":\"Manifestazione del 26 luglio in Val di Susa: Amnesty International Italia documenta un uso indiscriminato, sproporzionato e ad altezza di persona dei gas lacrimogeni\u00a0\",\"isPartOf\":{\"@id\":\"https:\/\/www.pressenza.com\/it\/#website\"},\"primaryImageOfPage\":{\"@id\":\"https:\/\/www.pressenza.com\/it\/2025\/07\/manifestazione-del-26-luglio-in-val-di-susa-amnesty-international-italia-documenta-un-uso-indiscriminato-sproporzionato-e-ad-altezza-di-persona-dei-gas-lacrimogeni\/#primaryimage\"},\"image\":{\"@id\":\"https:\/\/www.pressenza.com\/it\/2025\/07\/manifestazione-del-26-luglio-in-val-di-susa-amnesty-international-italia-documenta-un-uso-indiscriminato-sproporzionato-e-ad-altezza-di-persona-dei-gas-lacrimogeni\/#primaryimage\"},\"thumbnailUrl\":\"https:\/\/www.pressenza.com\/wp-content\/uploads\/2023\/12\/20231208-notavAD_9.jpg\",\"datePublished\":\"2025-07-30T12:29:24+00:00\",\"dateModified\":\"2025-07-30T14:11:50+00:00\",\"description\":\"La manifestazione del 26 luglio in Val di Susa, organizzata a margine del festival dell'Alta Felicit\u00e0 dal movimento \u201cNo Tav\u201d,\u00a0\u00e8 stata caratterizzata da\",\"breadcrumb\":{\"@id\":\"https:\/\/www.pressenza.com\/it\/2025\/07\/manifestazione-del-26-luglio-in-val-di-susa-amnesty-international-italia-documenta-un-uso-indiscriminato-sproporzionato-e-ad-altezza-di-persona-dei-gas-lacrimogeni\/#breadcrumb\"},\"inLanguage\":\"it-IT\",\"potentialAction\":[{\"@type\":\"ReadAction\",\"target\":[\"https:\/\/www.pressenza.com\/it\/2025\/07\/manifestazione-del-26-luglio-in-val-di-susa-amnesty-international-italia-documenta-un-uso-indiscriminato-sproporzionato-e-ad-altezza-di-persona-dei-gas-lacrimogeni\/\"]}]},{\"@type\":\"ImageObject\",\"inLanguage\":\"it-IT\",\"@id\":\"https:\/\/www.pressenza.com\/it\/2025\/07\/manifestazione-del-26-luglio-in-val-di-susa-amnesty-international-italia-documenta-un-uso-indiscriminato-sproporzionato-e-ad-altezza-di-persona-dei-gas-lacrimogeni\/#primaryimage\",\"url\":\"https:\/\/www.pressenza.com\/wp-content\/uploads\/2023\/12\/20231208-notavAD_9.jpg\",\"contentUrl\":\"https:\/\/www.pressenza.com\/wp-content\/uploads\/2023\/12\/20231208-notavAD_9.jpg\",\"width\":1920,\"height\":1440},{\"@type\":\"BreadcrumbList\",\"@id\":\"https:\/\/www.pressenza.com\/it\/2025\/07\/manifestazione-del-26-luglio-in-val-di-susa-amnesty-international-italia-documenta-un-uso-indiscriminato-sproporzionato-e-ad-altezza-di-persona-dei-gas-lacrimogeni\/#breadcrumb\",\"itemListElement\":[{\"@type\":\"ListItem\",\"position\":1,\"name\":\"Accueil\",\"item\":\"https:\/\/www.pressenza.com\/it\/\"},{\"@type\":\"ListItem\",\"position\":2,\"name\":\"Manifestazione del 26 luglio in Val di Susa: Amnesty International Italia documenta un uso indiscriminato, sproporzionato e ad altezza di persona dei gas lacrimogeni\u00a0\"}]},{\"@type\":\"WebSite\",\"@id\":\"https:\/\/www.pressenza.com\/it\/#website\",\"url\":\"https:\/\/www.pressenza.com\/it\/\",\"name\":\"Pressenza\",\"description\":\"Agenzia di Stampa Internazionale\",\"publisher\":{\"@id\":\"https:\/\/www.pressenza.com\/it\/#organization\"},\"potentialAction\":[{\"@type\":\"SearchAction\",\"target\":{\"@type\":\"EntryPoint\",\"urlTemplate\":\"https:\/\/www.pressenza.com\/it\/?s={search_term_string}\"},\"query-input\":{\"@type\":\"PropertyValueSpecification\",\"valueRequired\":true,\"valueName\":\"search_term_string\"}}],\"inLanguage\":\"it-IT\"},{\"@type\":\"Organization\",\"@id\":\"https:\/\/www.pressenza.com\/it\/#organization\",\"name\":\"Pressenza\",\"url\":\"https:\/\/www.pressenza.com\/it\/\",\"logo\":{\"@type\":\"ImageObject\",\"inLanguage\":\"it-IT\",\"@id\":\"https:\/\/www.pressenza.com\/it\/#\/schema\/logo\/image\/\",\"url\":\"https:\/\/www.pressenza.com\/wp-content\/uploads\/2022\/10\/pressenza_logo_200x200.jpg\",\"contentUrl\":\"https:\/\/www.pressenza.com\/wp-content\/uploads\/2022\/10\/pressenza_logo_200x200.jpg\",\"width\":200,\"height\":200,\"caption\":\"Pressenza\"},\"image\":{\"@id\":\"https:\/\/www.pressenza.com\/it\/#\/schema\/logo\/image\/\"},\"sameAs\":[\"https:\/\/www.facebook.com\/PressenzaItalia\",\"https:\/\/x.com\/PressenzaIPA\"]},{\"@type\":\"Person\",\"@id\":\"https:\/\/www.pressenza.com\/it\/#\/schema\/person\/9b981b05c7ecf09292e6acb3223b2d9d\",\"name\":\"Amnesty International\",\"description\":\"Amnesty International is a global movement of more than 3 million supporters, members and activists in over 150 countries and territories who campaign to end grave abuses of human rights. Our vision is for every person to enjoy all the rights enshrined in the Universal Declaration of Human Rights and other international human rights standards. www.amnesty.org\",\"sameAs\":[\"http:\/\/www.amnesty.it\",\"https:\/\/www.facebook.com\/amnestyglobal\",\"https:\/\/x.com\/amnesty\"],\"url\":\"https:\/\/www.pressenza.com\/it\/author\/amnesty-international\/\"}]}<\/script>\n<!-- \/ Yoast SEO plugin. -->","yoast_head_json":{"title":"Manifestazione del 26 luglio in Val di Susa: Amnesty International Italia documenta un uso indiscriminato, sproporzionato e ad altezza di persona dei gas lacrimogeni\u00a0","description":"La manifestazione del 26 luglio in Val di Susa, organizzata a margine del festival dell'Alta Felicit\u00e0 dal movimento \u201cNo Tav\u201d,\u00a0\u00e8 stata caratterizzata da","robots":{"index":"index","follow":"follow","max-snippet":"max-snippet:-1","max-image-preview":"max-image-preview:large","max-video-preview":"max-video-preview:-1"},"canonical":"https:\/\/www.pressenza.com\/it\/2025\/07\/manifestazione-del-26-luglio-in-val-di-susa-amnesty-international-italia-documenta-un-uso-indiscriminato-sproporzionato-e-ad-altezza-di-persona-dei-gas-lacrimogeni\/","og_locale":"it_IT","og_type":"article","og_title":"Manifestazione del 26 luglio in Val di Susa: Amnesty International Italia documenta un uso indiscriminato, sproporzionato e ad altezza di persona dei gas lacrimogeni\u00a0","og_description":"La manifestazione del 26 luglio in Val di Susa, organizzata a margine del festival dell'Alta Felicit\u00e0 dal movimento \u201cNo Tav\u201d,\u00a0\u00e8 stata caratterizzata da","og_url":"https:\/\/www.pressenza.com\/it\/2025\/07\/manifestazione-del-26-luglio-in-val-di-susa-amnesty-international-italia-documenta-un-uso-indiscriminato-sproporzionato-e-ad-altezza-di-persona-dei-gas-lacrimogeni\/","og_site_name":"Pressenza","article_publisher":"https:\/\/www.facebook.com\/PressenzaItalia","article_author":"https:\/\/www.facebook.com\/amnestyglobal","article_published_time":"2025-07-30T12:29:24+00:00","article_modified_time":"2025-07-30T14:11:50+00:00","og_image":[{"width":1920,"height":1440,"url":"https:\/\/www.pressenza.com\/wp-content\/uploads\/2023\/12\/20231208-notavAD_9.jpg","type":"image\/jpeg"}],"author":"Amnesty International","twitter_card":"summary_large_image","twitter_creator":"@amnesty","twitter_site":"@PressenzaIPA","twitter_misc":{"Scritto da":"Amnesty International","Tempo di lettura stimato":"3 minuti"},"schema":{"@context":"https:\/\/schema.org","@graph":[{"@type":"Article","@id":"https:\/\/www.pressenza.com\/it\/2025\/07\/manifestazione-del-26-luglio-in-val-di-susa-amnesty-international-italia-documenta-un-uso-indiscriminato-sproporzionato-e-ad-altezza-di-persona-dei-gas-lacrimogeni\/#article","isPartOf":{"@id":"https:\/\/www.pressenza.com\/it\/2025\/07\/manifestazione-del-26-luglio-in-val-di-susa-amnesty-international-italia-documenta-un-uso-indiscriminato-sproporzionato-e-ad-altezza-di-persona-dei-gas-lacrimogeni\/"},"author":{"name":"Amnesty International","@id":"https:\/\/www.pressenza.com\/it\/#\/schema\/person\/9b981b05c7ecf09292e6acb3223b2d9d"},"headline":"Manifestazione del 26 luglio in Val di Susa: Amnesty International Italia documenta un uso indiscriminato, sproporzionato e ad altezza di persona dei gas lacrimogeni\u00a0","datePublished":"2025-07-30T12:29:24+00:00","dateModified":"2025-07-30T14:11:50+00:00","mainEntityOfPage":{"@id":"https:\/\/www.pressenza.com\/it\/2025\/07\/manifestazione-del-26-luglio-in-val-di-susa-amnesty-international-italia-documenta-un-uso-indiscriminato-sproporzionato-e-ad-altezza-di-persona-dei-gas-lacrimogeni\/"},"wordCount":498,"publisher":{"@id":"https:\/\/www.pressenza.com\/it\/#organization"},"image":{"@id":"https:\/\/www.pressenza.com\/it\/2025\/07\/manifestazione-del-26-luglio-in-val-di-susa-amnesty-international-italia-documenta-un-uso-indiscriminato-sproporzionato-e-ad-altezza-di-persona-dei-gas-lacrimogeni\/#primaryimage"},"thumbnailUrl":"https:\/\/www.pressenza.com\/wp-content\/uploads\/2023\/12\/20231208-notavAD_9.jpg","keywords":["Amnesty International Italia","lacrimogeni","NO-TAV","polizia"],"articleSection":["Comunicati Stampa","Diritti Umani","Europa"],"inLanguage":"it-IT"},{"@type":"WebPage","@id":"https:\/\/www.pressenza.com\/it\/2025\/07\/manifestazione-del-26-luglio-in-val-di-susa-amnesty-international-italia-documenta-un-uso-indiscriminato-sproporzionato-e-ad-altezza-di-persona-dei-gas-lacrimogeni\/","url":"https:\/\/www.pressenza.com\/it\/2025\/07\/manifestazione-del-26-luglio-in-val-di-susa-amnesty-international-italia-documenta-un-uso-indiscriminato-sproporzionato-e-ad-altezza-di-persona-dei-gas-lacrimogeni\/","name":"Manifestazione del 26 luglio in Val di Susa: Amnesty International Italia documenta un uso indiscriminato, sproporzionato e ad altezza di persona dei gas lacrimogeni\u00a0","isPartOf":{"@id":"https:\/\/www.pressenza.com\/it\/#website"},"primaryImageOfPage":{"@id":"https:\/\/www.pressenza.com\/it\/2025\/07\/manifestazione-del-26-luglio-in-val-di-susa-amnesty-international-italia-documenta-un-uso-indiscriminato-sproporzionato-e-ad-altezza-di-persona-dei-gas-lacrimogeni\/#primaryimage"},"image":{"@id":"https:\/\/www.pressenza.com\/it\/2025\/07\/manifestazione-del-26-luglio-in-val-di-susa-amnesty-international-italia-documenta-un-uso-indiscriminato-sproporzionato-e-ad-altezza-di-persona-dei-gas-lacrimogeni\/#primaryimage"},"thumbnailUrl":"https:\/\/www.pressenza.com\/wp-content\/uploads\/2023\/12\/20231208-notavAD_9.jpg","datePublished":"2025-07-30T12:29:24+00:00","dateModified":"2025-07-30T14:11:50+00:00","description":"La manifestazione del 26 luglio in Val di Susa, organizzata a margine del festival dell'Alta Felicit\u00e0 dal movimento \u201cNo Tav\u201d,\u00a0\u00e8 stata caratterizzata da","breadcrumb":{"@id":"https:\/\/www.pressenza.com\/it\/2025\/07\/manifestazione-del-26-luglio-in-val-di-susa-amnesty-international-italia-documenta-un-uso-indiscriminato-sproporzionato-e-ad-altezza-di-persona-dei-gas-lacrimogeni\/#breadcrumb"},"inLanguage":"it-IT","potentialAction":[{"@type":"ReadAction","target":["https:\/\/www.pressenza.com\/it\/2025\/07\/manifestazione-del-26-luglio-in-val-di-susa-amnesty-international-italia-documenta-un-uso-indiscriminato-sproporzionato-e-ad-altezza-di-persona-dei-gas-lacrimogeni\/"]}]},{"@type":"ImageObject","inLanguage":"it-IT","@id":"https:\/\/www.pressenza.com\/it\/2025\/07\/manifestazione-del-26-luglio-in-val-di-susa-amnesty-international-italia-documenta-un-uso-indiscriminato-sproporzionato-e-ad-altezza-di-persona-dei-gas-lacrimogeni\/#primaryimage","url":"https:\/\/www.pressenza.com\/wp-content\/uploads\/2023\/12\/20231208-notavAD_9.jpg","contentUrl":"https:\/\/www.pressenza.com\/wp-content\/uploads\/2023\/12\/20231208-notavAD_9.jpg","width":1920,"height":1440},{"@type":"BreadcrumbList","@id":"https:\/\/www.pressenza.com\/it\/2025\/07\/manifestazione-del-26-luglio-in-val-di-susa-amnesty-international-italia-documenta-un-uso-indiscriminato-sproporzionato-e-ad-altezza-di-persona-dei-gas-lacrimogeni\/#breadcrumb","itemListElement":[{"@type":"ListItem","position":1,"name":"Accueil","item":"https:\/\/www.pressenza.com\/it\/"},{"@type":"ListItem","position":2,"name":"Manifestazione del 26 luglio in Val di Susa: Amnesty International Italia documenta un uso indiscriminato, sproporzionato e ad altezza di persona dei gas lacrimogeni\u00a0"}]},{"@type":"WebSite","@id":"https:\/\/www.pressenza.com\/it\/#website","url":"https:\/\/www.pressenza.com\/it\/","name":"Pressenza","description":"Agenzia di Stampa Internazionale","publisher":{"@id":"https:\/\/www.pressenza.com\/it\/#organization"},"potentialAction":[{"@type":"SearchAction","target":{"@type":"EntryPoint","urlTemplate":"https:\/\/www.pressenza.com\/it\/?s={search_term_string}"},"query-input":{"@type":"PropertyValueSpecification","valueRequired":true,"valueName":"search_term_string"}}],"inLanguage":"it-IT"},{"@type":"Organization","@id":"https:\/\/www.pressenza.com\/it\/#organization","name":"Pressenza","url":"https:\/\/www.pressenza.com\/it\/","logo":{"@type":"ImageObject","inLanguage":"it-IT","@id":"https:\/\/www.pressenza.com\/it\/#\/schema\/logo\/image\/","url":"https:\/\/www.pressenza.com\/wp-content\/uploads\/2022\/10\/pressenza_logo_200x200.jpg","contentUrl":"https:\/\/www.pressenza.com\/wp-content\/uploads\/2022\/10\/pressenza_logo_200x200.jpg","width":200,"height":200,"caption":"Pressenza"},"image":{"@id":"https:\/\/www.pressenza.com\/it\/#\/schema\/logo\/image\/"},"sameAs":["https:\/\/www.facebook.com\/PressenzaItalia","https:\/\/x.com\/PressenzaIPA"]},{"@type":"Person","@id":"https:\/\/www.pressenza.com\/it\/#\/schema\/person\/9b981b05c7ecf09292e6acb3223b2d9d","name":"Amnesty International","description":"Amnesty International is a global movement of more than 3 million supporters, members and activists in over 150 countries and territories who campaign to end grave abuses of human rights. Our vision is for every person to enjoy all the rights enshrined in the Universal Declaration of Human Rights and other international human rights standards. www.amnesty.org","sameAs":["http:\/\/www.amnesty.it","https:\/\/www.facebook.com\/amnestyglobal","https:\/\/x.com\/amnesty"],"url":"https:\/\/www.pressenza.com\/it\/author\/amnesty-international\/"}]}},"place":"","original_article_url":"","_links":{"self":[{"href":"https:\/\/www.pressenza.com\/it\/wp-json\/wp\/v2\/posts\/2623315","targetHints":{"allow":["GET"]}}],"collection":[{"href":"https:\/\/www.pressenza.com\/it\/wp-json\/wp\/v2\/posts"}],"about":[{"href":"https:\/\/www.pressenza.com\/it\/wp-json\/wp\/v2\/types\/post"}],"author":[{"embeddable":true,"href":"https:\/\/www.pressenza.com\/it\/wp-json\/wp\/v2\/users\/432"}],"replies":[{"embeddable":true,"href":"https:\/\/www.pressenza.com\/it\/wp-json\/wp\/v2\/comments?post=2623315"}],"version-history":[{"count":3,"href":"https:\/\/www.pressenza.com\/it\/wp-json\/wp\/v2\/posts\/2623315\/revisions"}],"predecessor-version":[{"id":2623347,"href":"https:\/\/www.pressenza.com\/it\/wp-json\/wp\/v2\/posts\/2623315\/revisions\/2623347"}],"wp:featuredmedia":[{"embeddable":true,"href":"https:\/\/www.pressenza.com\/it\/wp-json\/wp\/v2\/media\/1786883"}],"wp:attachment":[{"href":"https:\/\/www.pressenza.com\/it\/wp-json\/wp\/v2\/media?parent=2623315"}],"wp:term":[{"taxonomy":"category","embeddable":true,"href":"https:\/\/www.pressenza.com\/it\/wp-json\/wp\/v2\/categories?post=2623315"},{"taxonomy":"post_tag","embeddable":true,"href":"https:\/\/www.pressenza.com\/it\/wp-json\/wp\/v2\/tags?post=2623315"}],"curies":[{"name":"wp","href":"https:\/\/api.w.org\/{rel}","templated":true}]}}