{"id":2622975,"date":"2025-07-29T10:55:59","date_gmt":"2025-07-29T09:55:59","guid":{"rendered":"https:\/\/www.pressenza.com\/?p=2622975"},"modified":"2025-07-29T10:55:59","modified_gmt":"2025-07-29T09:55:59","slug":"nicolo-govoni-ospite-al-giubileo-dei-giovani-2025","status":"publish","type":"post","link":"https:\/\/www.pressenza.com\/it\/2025\/07\/nicolo-govoni-ospite-al-giubileo-dei-giovani-2025\/","title":{"rendered":"Nicol\u00f2 Govoni ospite al Giubileo dei Giovani 2025"},"content":{"rendered":"<p><em>Con due appuntamenti il 31 luglio a Roma, il fondatore di Still I Rise porter\u00e0 la sua testimonianza sull\u2019impegno per l\u2019istruzione nei contesti pi\u00f9 fragili del mondo.<\/em><\/p>\n<p>Nicol\u00f2 Govoni, CEO e fondatore di\u00a0<em>Still I Rise<\/em>, sar\u00e0 tra gli ospiti del Giubileo dei Giovani 2025 con due testimonianze in programma gioved\u00ec 31 luglio a Roma.<\/p>\n<p>La mattina, dalle 10.00 alle 12.30, parteciper\u00e0 all\u2019incontro\u00a0<em>\u201c<strong>Verso l\u2019altro: Coscienza, Senso, Scoperta\u201d<\/strong><\/em><strong>, presso la Basilica di San Giovanni Battista dei Fiorentini\u00a0<\/strong>(via Acciaioli 2). L\u2019evento, organizzato dal Servizio nazionale per la pastorale delle persone con disabilit\u00e0, dar\u00e0 voce a storie di inclusione, solidariet\u00e0 e impegno civile. Insieme a lui, interverranno lo psichiatra e scrittore Sergio Astori, giovani con pluridisabilit\u00e0, volontari dell\u2019UNITALSI e del Circolo San Pietro. Le testimonianze saranno accompagnate da una riflessione del vescovo Daniele Salera e da un\u2019esperienza artistica interattiva dal titolo\u00a0<em>\u201cMosaico del senso\u201d<\/em>.<\/p>\n<p>Nel pomeriggio, dalle 17.00 alle 20.00, Nicol\u00f2 Govoni salir\u00e0 sul palco di\u00a0<strong>Piazza San Pietro per l\u2019evento\u00a0<em>\u201cTu sei Pietro\u201d<\/em><\/strong>, un appuntamento che unir\u00e0 musica, parole e spiritualit\u00e0 per riscoprire l\u2019attualit\u00e0 del messaggio dell\u2019apostolo Pietro. La figura sar\u00e0 rievocata dalla voce dell\u2019attore Giorgio Pasotti, accompagnato dall\u2019Orchestra giovanile dei conservatori italiani diretta dal maestro Leonardo De Amicis. Insieme a Nicol\u00f2 Govoni, prenderanno la parola don Antonio Loffredo, parroco del Rione Sanit\u00e0, e Laura Lucchin, madre di Sammy Basso. La serata vedr\u00e0 inoltre la partecipazione musicale di Amara, Mr Rain, Pierdavide Carone e Mim\u00ec, e si concluder\u00e0 con un momento presieduto dal cardinale Matteo Zuppi, arcivescovo di Bologna e presidente della CEI.<\/p>\n<p>Attraverso la sua doppia partecipazione, Nicol\u00f2 Govoni porter\u00e0 la propria esperienza e la voce dei bambini e delle bambine pi\u00f9 vulnerabili, raccontando l\u2019impegno di Still I Rise per un\u2019istruzione gratuita e di eccellenza nei contesti pi\u00f9 difficili del mondo.<\/p>\n","protected":false},"excerpt":{"rendered":"<p>Con due appuntamenti il 31 luglio a Roma, il fondatore di Still I Rise porter\u00e0 la sua testimonianza sull\u2019impegno per l\u2019istruzione nei contesti pi\u00f9 fragili del mondo. Nicol\u00f2 Govoni, CEO e fondatore di\u00a0Still I Rise, sar\u00e0 tra gli ospiti del&hellip;<\/p>\n","protected":false},"author":1902,"featured_media":2622976,"comment_status":"closed","ping_status":"closed","sticky":false,"template":"","format":"standard","meta":{"footnotes":""},"categories":[150,1258,38],"tags":[4339,140532,80875,62306],"class_list":["post-2622975","post","type-post","status-publish","format-standard","has-post-thumbnail","hentry","category-comunicati-stampa","category-educazione","category-internazionale","tag-eventi","tag-giubileo-dei-giovani-2025","tag-nicolo-govoni","tag-still-i-rise"],"yoast_head":"<!-- This site is optimized with the Yoast SEO plugin v27.1.1 - https:\/\/yoast.com\/product\/yoast-seo-wordpress\/ -->\n<title>Nicol\u00f2 Govoni ospite al Giubileo dei Giovani 2025<\/title>\n<meta name=\"description\" content=\"Con due appuntamenti il 31 luglio a Roma, il fondatore di Still I Rise porter\u00e0 la sua testimonianza sull\u2019impegno per l\u2019istruzione nei contesti pi\u00f9 fragili\" \/>\n<meta name=\"robots\" content=\"index, follow, max-snippet:-1, max-image-preview:large, max-video-preview:-1\" \/>\n<link rel=\"canonical\" href=\"https:\/\/www.pressenza.com\/it\/2025\/07\/nicolo-govoni-ospite-al-giubileo-dei-giovani-2025\/\" \/>\n<meta property=\"og:locale\" content=\"it_IT\" \/>\n<meta property=\"og:type\" content=\"article\" \/>\n<meta property=\"og:title\" content=\"Nicol\u00f2 Govoni ospite al Giubileo dei Giovani 2025\" \/>\n<meta property=\"og:description\" content=\"Con due appuntamenti il 31 luglio a Roma, il fondatore di Still I Rise porter\u00e0 la sua testimonianza sull\u2019impegno per l\u2019istruzione nei contesti pi\u00f9 fragili\" \/>\n<meta property=\"og:url\" content=\"https:\/\/www.pressenza.com\/it\/2025\/07\/nicolo-govoni-ospite-al-giubileo-dei-giovani-2025\/\" \/>\n<meta property=\"og:site_name\" content=\"Pressenza\" \/>\n<meta property=\"article:publisher\" content=\"https:\/\/www.facebook.com\/PressenzaItalia\" \/>\n<meta property=\"article:published_time\" content=\"2025-07-29T09:55:59+00:00\" \/>\n<meta property=\"og:image\" content=\"https:\/\/www.pressenza.com\/wp-content\/uploads\/2025\/07\/Nicolo-Govoni-e-bambini-rit.jpg\" \/>\n\t<meta property=\"og:image:width\" content=\"1181\" \/>\n\t<meta property=\"og:image:height\" content=\"1260\" \/>\n\t<meta property=\"og:image:type\" content=\"image\/jpeg\" \/>\n<meta name=\"author\" content=\"Still I Rise\" \/>\n<meta name=\"twitter:card\" content=\"summary_large_image\" \/>\n<meta name=\"twitter:creator\" content=\"@PressenzaIPA\" \/>\n<meta name=\"twitter:site\" content=\"@PressenzaIPA\" \/>\n<meta name=\"twitter:label1\" content=\"Scritto da\" \/>\n\t<meta name=\"twitter:data1\" content=\"Still I Rise\" \/>\n\t<meta name=\"twitter:label2\" content=\"Tempo di lettura stimato\" \/>\n\t<meta name=\"twitter:data2\" content=\"2 minuti\" \/>\n<script type=\"application\/ld+json\" class=\"yoast-schema-graph\">{\"@context\":\"https:\/\/schema.org\",\"@graph\":[{\"@type\":\"Article\",\"@id\":\"https:\/\/www.pressenza.com\/it\/2025\/07\/nicolo-govoni-ospite-al-giubileo-dei-giovani-2025\/#article\",\"isPartOf\":{\"@id\":\"https:\/\/www.pressenza.com\/it\/2025\/07\/nicolo-govoni-ospite-al-giubileo-dei-giovani-2025\/\"},\"author\":{\"name\":\"Still I Rise\",\"@id\":\"https:\/\/www.pressenza.com\/it\/#\/schema\/person\/78858e9aa4f73258a37e082daf863eef\"},\"headline\":\"Nicol\u00f2 Govoni ospite al Giubileo dei Giovani 2025\",\"datePublished\":\"2025-07-29T09:55:59+00:00\",\"mainEntityOfPage\":{\"@id\":\"https:\/\/www.pressenza.com\/it\/2025\/07\/nicolo-govoni-ospite-al-giubileo-dei-giovani-2025\/\"},\"wordCount\":305,\"publisher\":{\"@id\":\"https:\/\/www.pressenza.com\/it\/#organization\"},\"image\":{\"@id\":\"https:\/\/www.pressenza.com\/it\/2025\/07\/nicolo-govoni-ospite-al-giubileo-dei-giovani-2025\/#primaryimage\"},\"thumbnailUrl\":\"https:\/\/www.pressenza.com\/wp-content\/uploads\/2025\/07\/Nicolo-Govoni-e-bambini-rit.jpg\",\"keywords\":[\"eventi\",\"Giubileo dei Giovani 2025\",\"Nicol\u00f2 Govoni\",\"Still I rise\"],\"articleSection\":[\"Comunicati Stampa\",\"Educazione\",\"Internazionale\"],\"inLanguage\":\"it-IT\"},{\"@type\":\"WebPage\",\"@id\":\"https:\/\/www.pressenza.com\/it\/2025\/07\/nicolo-govoni-ospite-al-giubileo-dei-giovani-2025\/\",\"url\":\"https:\/\/www.pressenza.com\/it\/2025\/07\/nicolo-govoni-ospite-al-giubileo-dei-giovani-2025\/\",\"name\":\"Nicol\u00f2 Govoni ospite al Giubileo dei Giovani 2025\",\"isPartOf\":{\"@id\":\"https:\/\/www.pressenza.com\/it\/#website\"},\"primaryImageOfPage\":{\"@id\":\"https:\/\/www.pressenza.com\/it\/2025\/07\/nicolo-govoni-ospite-al-giubileo-dei-giovani-2025\/#primaryimage\"},\"image\":{\"@id\":\"https:\/\/www.pressenza.com\/it\/2025\/07\/nicolo-govoni-ospite-al-giubileo-dei-giovani-2025\/#primaryimage\"},\"thumbnailUrl\":\"https:\/\/www.pressenza.com\/wp-content\/uploads\/2025\/07\/Nicolo-Govoni-e-bambini-rit.jpg\",\"datePublished\":\"2025-07-29T09:55:59+00:00\",\"description\":\"Con due appuntamenti il 31 luglio a Roma, il fondatore di Still I Rise porter\u00e0 la sua testimonianza sull\u2019impegno per l\u2019istruzione nei contesti pi\u00f9 fragili\",\"breadcrumb\":{\"@id\":\"https:\/\/www.pressenza.com\/it\/2025\/07\/nicolo-govoni-ospite-al-giubileo-dei-giovani-2025\/#breadcrumb\"},\"inLanguage\":\"it-IT\",\"potentialAction\":[{\"@type\":\"ReadAction\",\"target\":[\"https:\/\/www.pressenza.com\/it\/2025\/07\/nicolo-govoni-ospite-al-giubileo-dei-giovani-2025\/\"]}]},{\"@type\":\"ImageObject\",\"inLanguage\":\"it-IT\",\"@id\":\"https:\/\/www.pressenza.com\/it\/2025\/07\/nicolo-govoni-ospite-al-giubileo-dei-giovani-2025\/#primaryimage\",\"url\":\"https:\/\/www.pressenza.com\/wp-content\/uploads\/2025\/07\/Nicolo-Govoni-e-bambini-rit.jpg\",\"contentUrl\":\"https:\/\/www.pressenza.com\/wp-content\/uploads\/2025\/07\/Nicolo-Govoni-e-bambini-rit.jpg\",\"width\":1181,\"height\":1260},{\"@type\":\"BreadcrumbList\",\"@id\":\"https:\/\/www.pressenza.com\/it\/2025\/07\/nicolo-govoni-ospite-al-giubileo-dei-giovani-2025\/#breadcrumb\",\"itemListElement\":[{\"@type\":\"ListItem\",\"position\":1,\"name\":\"Accueil\",\"item\":\"https:\/\/www.pressenza.com\/it\/\"},{\"@type\":\"ListItem\",\"position\":2,\"name\":\"Nicol\u00f2 Govoni ospite al Giubileo dei Giovani 2025\"}]},{\"@type\":\"WebSite\",\"@id\":\"https:\/\/www.pressenza.com\/it\/#website\",\"url\":\"https:\/\/www.pressenza.com\/it\/\",\"name\":\"Pressenza\",\"description\":\"Agenzia di Stampa Internazionale\",\"publisher\":{\"@id\":\"https:\/\/www.pressenza.com\/it\/#organization\"},\"potentialAction\":[{\"@type\":\"SearchAction\",\"target\":{\"@type\":\"EntryPoint\",\"urlTemplate\":\"https:\/\/www.pressenza.com\/it\/?s={search_term_string}\"},\"query-input\":{\"@type\":\"PropertyValueSpecification\",\"valueRequired\":true,\"valueName\":\"search_term_string\"}}],\"inLanguage\":\"it-IT\"},{\"@type\":\"Organization\",\"@id\":\"https:\/\/www.pressenza.com\/it\/#organization\",\"name\":\"Pressenza\",\"url\":\"https:\/\/www.pressenza.com\/it\/\",\"logo\":{\"@type\":\"ImageObject\",\"inLanguage\":\"it-IT\",\"@id\":\"https:\/\/www.pressenza.com\/it\/#\/schema\/logo\/image\/\",\"url\":\"https:\/\/www.pressenza.com\/wp-content\/uploads\/2022\/10\/pressenza_logo_200x200.jpg\",\"contentUrl\":\"https:\/\/www.pressenza.com\/wp-content\/uploads\/2022\/10\/pressenza_logo_200x200.jpg\",\"width\":200,\"height\":200,\"caption\":\"Pressenza\"},\"image\":{\"@id\":\"https:\/\/www.pressenza.com\/it\/#\/schema\/logo\/image\/\"},\"sameAs\":[\"https:\/\/www.facebook.com\/PressenzaItalia\",\"https:\/\/x.com\/PressenzaIPA\"]},{\"@type\":\"Person\",\"@id\":\"https:\/\/www.pressenza.com\/it\/#\/schema\/person\/78858e9aa4f73258a37e082daf863eef\",\"name\":\"Still I Rise\",\"description\":\"Still I Rise \u00e8 un\u2019organizzazione non profit internazionale e completamente indipendente, fondata nel 2018. Attraverso l'istituzione di centri educativi e scuole internazionali, l\u2019obiettivo \u00e8 offrire educazione, sicurezza e protezione ai minori profughi, svantaggiati, orfani e dimenticati nei luoghi pi\u00f9 caldi della migrazione globale.\",\"url\":\"https:\/\/www.pressenza.com\/it\/author\/still-i-rise\/\"}]}<\/script>\n<!-- \/ Yoast SEO plugin. -->","yoast_head_json":{"title":"Nicol\u00f2 Govoni ospite al Giubileo dei Giovani 2025","description":"Con due appuntamenti il 31 luglio a Roma, il fondatore di Still I Rise porter\u00e0 la sua testimonianza sull\u2019impegno per l\u2019istruzione nei contesti pi\u00f9 fragili","robots":{"index":"index","follow":"follow","max-snippet":"max-snippet:-1","max-image-preview":"max-image-preview:large","max-video-preview":"max-video-preview:-1"},"canonical":"https:\/\/www.pressenza.com\/it\/2025\/07\/nicolo-govoni-ospite-al-giubileo-dei-giovani-2025\/","og_locale":"it_IT","og_type":"article","og_title":"Nicol\u00f2 Govoni ospite al Giubileo dei Giovani 2025","og_description":"Con due appuntamenti il 31 luglio a Roma, il fondatore di Still I Rise porter\u00e0 la sua testimonianza sull\u2019impegno per l\u2019istruzione nei contesti pi\u00f9 fragili","og_url":"https:\/\/www.pressenza.com\/it\/2025\/07\/nicolo-govoni-ospite-al-giubileo-dei-giovani-2025\/","og_site_name":"Pressenza","article_publisher":"https:\/\/www.facebook.com\/PressenzaItalia","article_published_time":"2025-07-29T09:55:59+00:00","og_image":[{"width":1181,"height":1260,"url":"https:\/\/www.pressenza.com\/wp-content\/uploads\/2025\/07\/Nicolo-Govoni-e-bambini-rit.jpg","type":"image\/jpeg"}],"author":"Still I Rise","twitter_card":"summary_large_image","twitter_creator":"@PressenzaIPA","twitter_site":"@PressenzaIPA","twitter_misc":{"Scritto da":"Still I Rise","Tempo di lettura stimato":"2 minuti"},"schema":{"@context":"https:\/\/schema.org","@graph":[{"@type":"Article","@id":"https:\/\/www.pressenza.com\/it\/2025\/07\/nicolo-govoni-ospite-al-giubileo-dei-giovani-2025\/#article","isPartOf":{"@id":"https:\/\/www.pressenza.com\/it\/2025\/07\/nicolo-govoni-ospite-al-giubileo-dei-giovani-2025\/"},"author":{"name":"Still I Rise","@id":"https:\/\/www.pressenza.com\/it\/#\/schema\/person\/78858e9aa4f73258a37e082daf863eef"},"headline":"Nicol\u00f2 Govoni ospite al Giubileo dei Giovani 2025","datePublished":"2025-07-29T09:55:59+00:00","mainEntityOfPage":{"@id":"https:\/\/www.pressenza.com\/it\/2025\/07\/nicolo-govoni-ospite-al-giubileo-dei-giovani-2025\/"},"wordCount":305,"publisher":{"@id":"https:\/\/www.pressenza.com\/it\/#organization"},"image":{"@id":"https:\/\/www.pressenza.com\/it\/2025\/07\/nicolo-govoni-ospite-al-giubileo-dei-giovani-2025\/#primaryimage"},"thumbnailUrl":"https:\/\/www.pressenza.com\/wp-content\/uploads\/2025\/07\/Nicolo-Govoni-e-bambini-rit.jpg","keywords":["eventi","Giubileo dei Giovani 2025","Nicol\u00f2 Govoni","Still I rise"],"articleSection":["Comunicati Stampa","Educazione","Internazionale"],"inLanguage":"it-IT"},{"@type":"WebPage","@id":"https:\/\/www.pressenza.com\/it\/2025\/07\/nicolo-govoni-ospite-al-giubileo-dei-giovani-2025\/","url":"https:\/\/www.pressenza.com\/it\/2025\/07\/nicolo-govoni-ospite-al-giubileo-dei-giovani-2025\/","name":"Nicol\u00f2 Govoni ospite al Giubileo dei Giovani 2025","isPartOf":{"@id":"https:\/\/www.pressenza.com\/it\/#website"},"primaryImageOfPage":{"@id":"https:\/\/www.pressenza.com\/it\/2025\/07\/nicolo-govoni-ospite-al-giubileo-dei-giovani-2025\/#primaryimage"},"image":{"@id":"https:\/\/www.pressenza.com\/it\/2025\/07\/nicolo-govoni-ospite-al-giubileo-dei-giovani-2025\/#primaryimage"},"thumbnailUrl":"https:\/\/www.pressenza.com\/wp-content\/uploads\/2025\/07\/Nicolo-Govoni-e-bambini-rit.jpg","datePublished":"2025-07-29T09:55:59+00:00","description":"Con due appuntamenti il 31 luglio a Roma, il fondatore di Still I Rise porter\u00e0 la sua testimonianza sull\u2019impegno per l\u2019istruzione nei contesti pi\u00f9 fragili","breadcrumb":{"@id":"https:\/\/www.pressenza.com\/it\/2025\/07\/nicolo-govoni-ospite-al-giubileo-dei-giovani-2025\/#breadcrumb"},"inLanguage":"it-IT","potentialAction":[{"@type":"ReadAction","target":["https:\/\/www.pressenza.com\/it\/2025\/07\/nicolo-govoni-ospite-al-giubileo-dei-giovani-2025\/"]}]},{"@type":"ImageObject","inLanguage":"it-IT","@id":"https:\/\/www.pressenza.com\/it\/2025\/07\/nicolo-govoni-ospite-al-giubileo-dei-giovani-2025\/#primaryimage","url":"https:\/\/www.pressenza.com\/wp-content\/uploads\/2025\/07\/Nicolo-Govoni-e-bambini-rit.jpg","contentUrl":"https:\/\/www.pressenza.com\/wp-content\/uploads\/2025\/07\/Nicolo-Govoni-e-bambini-rit.jpg","width":1181,"height":1260},{"@type":"BreadcrumbList","@id":"https:\/\/www.pressenza.com\/it\/2025\/07\/nicolo-govoni-ospite-al-giubileo-dei-giovani-2025\/#breadcrumb","itemListElement":[{"@type":"ListItem","position":1,"name":"Accueil","item":"https:\/\/www.pressenza.com\/it\/"},{"@type":"ListItem","position":2,"name":"Nicol\u00f2 Govoni ospite al Giubileo dei Giovani 2025"}]},{"@type":"WebSite","@id":"https:\/\/www.pressenza.com\/it\/#website","url":"https:\/\/www.pressenza.com\/it\/","name":"Pressenza","description":"Agenzia di Stampa Internazionale","publisher":{"@id":"https:\/\/www.pressenza.com\/it\/#organization"},"potentialAction":[{"@type":"SearchAction","target":{"@type":"EntryPoint","urlTemplate":"https:\/\/www.pressenza.com\/it\/?s={search_term_string}"},"query-input":{"@type":"PropertyValueSpecification","valueRequired":true,"valueName":"search_term_string"}}],"inLanguage":"it-IT"},{"@type":"Organization","@id":"https:\/\/www.pressenza.com\/it\/#organization","name":"Pressenza","url":"https:\/\/www.pressenza.com\/it\/","logo":{"@type":"ImageObject","inLanguage":"it-IT","@id":"https:\/\/www.pressenza.com\/it\/#\/schema\/logo\/image\/","url":"https:\/\/www.pressenza.com\/wp-content\/uploads\/2022\/10\/pressenza_logo_200x200.jpg","contentUrl":"https:\/\/www.pressenza.com\/wp-content\/uploads\/2022\/10\/pressenza_logo_200x200.jpg","width":200,"height":200,"caption":"Pressenza"},"image":{"@id":"https:\/\/www.pressenza.com\/it\/#\/schema\/logo\/image\/"},"sameAs":["https:\/\/www.facebook.com\/PressenzaItalia","https:\/\/x.com\/PressenzaIPA"]},{"@type":"Person","@id":"https:\/\/www.pressenza.com\/it\/#\/schema\/person\/78858e9aa4f73258a37e082daf863eef","name":"Still I Rise","description":"Still I Rise \u00e8 un\u2019organizzazione non profit internazionale e completamente indipendente, fondata nel 2018. Attraverso l'istituzione di centri educativi e scuole internazionali, l\u2019obiettivo \u00e8 offrire educazione, sicurezza e protezione ai minori profughi, svantaggiati, orfani e dimenticati nei luoghi pi\u00f9 caldi della migrazione globale.","url":"https:\/\/www.pressenza.com\/it\/author\/still-i-rise\/"}]}},"place":"Roma","original_article_url":"","_links":{"self":[{"href":"https:\/\/www.pressenza.com\/it\/wp-json\/wp\/v2\/posts\/2622975","targetHints":{"allow":["GET"]}}],"collection":[{"href":"https:\/\/www.pressenza.com\/it\/wp-json\/wp\/v2\/posts"}],"about":[{"href":"https:\/\/www.pressenza.com\/it\/wp-json\/wp\/v2\/types\/post"}],"author":[{"embeddable":true,"href":"https:\/\/www.pressenza.com\/it\/wp-json\/wp\/v2\/users\/1902"}],"replies":[{"embeddable":true,"href":"https:\/\/www.pressenza.com\/it\/wp-json\/wp\/v2\/comments?post=2622975"}],"version-history":[{"count":1,"href":"https:\/\/www.pressenza.com\/it\/wp-json\/wp\/v2\/posts\/2622975\/revisions"}],"predecessor-version":[{"id":2622977,"href":"https:\/\/www.pressenza.com\/it\/wp-json\/wp\/v2\/posts\/2622975\/revisions\/2622977"}],"wp:featuredmedia":[{"embeddable":true,"href":"https:\/\/www.pressenza.com\/it\/wp-json\/wp\/v2\/media\/2622976"}],"wp:attachment":[{"href":"https:\/\/www.pressenza.com\/it\/wp-json\/wp\/v2\/media?parent=2622975"}],"wp:term":[{"taxonomy":"category","embeddable":true,"href":"https:\/\/www.pressenza.com\/it\/wp-json\/wp\/v2\/categories?post=2622975"},{"taxonomy":"post_tag","embeddable":true,"href":"https:\/\/www.pressenza.com\/it\/wp-json\/wp\/v2\/tags?post=2622975"}],"curies":[{"name":"wp","href":"https:\/\/api.w.org\/{rel}","templated":true}]}}