{"id":2622392,"date":"2025-07-27T07:53:10","date_gmt":"2025-07-27T06:53:10","guid":{"rendered":"https:\/\/www.pressenza.com\/?p=2622392"},"modified":"2025-07-27T09:56:15","modified_gmt":"2025-07-27T08:56:15","slug":"lesercito-israeliano-ha-attaccato-handala-in-acque-internazionali-e-rapito-21-civili-disarmati","status":"publish","type":"post","link":"https:\/\/www.pressenza.com\/it\/2025\/07\/lesercito-israeliano-ha-attaccato-handala-in-acque-internazionali-e-rapito-21-civili-disarmati\/","title":{"rendered":"L\u2019esercito israeliano ha attaccato Handala in acque internazionali e rapito 21 civili disarmati"},"content":{"rendered":"<p>La Freedom Flotilla Coalition conferma che la nave civile Handala, in navigazione per rompere l\u2019illegale e genocida blocco imposto da Israele alla popolazione palestinese di Gaza, \u00e8 stata violentemente intercettata dalle forze militari israeliane in acque internazionali, a circa quaranta miglia nautiche dalla costa.<\/p>\n<p>Alle ore 11:43 (ora palestinese), le forze di occupazione hanno disattivato le telecamere a bordo della Handala e ogni comunicazione con l\u2019equipaggio \u00e8 stata interrotta.<\/p>\n<p>La nave, disarmata e impegnata in una missione umanitaria, trasportava beni di prima necessit\u00e0 destinati alla popolazione civile: latte in polvere per neonati, pannolini, alimenti e medicinali.<\/p>\n<p>L\u2019intero carico era di natura civile e non militare, destinato alla distribuzione diretta a una popolazione stremata dalla fame indotta e dal collasso sanitario provocato dal blocco.<\/p>\n<p>A bordo della Handala si trovavano 21 civili provenienti da 12 Paesi, tra cui parlamentari, avvocat\u0259, giornalist\u0259, sindacalisti, ambientalisti e difensor\u0259 dei diritti umani.<\/p>\n<p><strong>L\u2019equipaggio comprende:<\/strong><\/p>\n<p><strong>Stati Uniti:<\/strong><\/p>\n<p>Christian Smalls (fondatore dell\u2019Amazon Labor Union),<br \/>\nHuwaida Arraf (avvocata per i diritti umani, Palestina\/USA),<br \/>\nJacob Berger (attivista ebreo-americano),<br \/>\nBob Suberi (veterano di guerra ebreo statunitense),<br \/>\nBraedon Peluso (attivista e marinaio),<br \/>\nFrank Romano (avvocato internazionale e attore, Francia\/USA).<\/p>\n<p><strong>Francia:<\/strong><\/p>\n<p>Emma Fourreau (eurodeputata e attivista, Francia\/Svezia),<br \/>\nGabrielle Cathala (parlamentare ed ex operatrice umanitaria),<br \/>\nJustine Kempf (infermiera di M\u00e9decins du Monde),<br \/>\nAnge Sahuquet (ingegnere e attivista per i diritti umani).<\/p>\n<p><strong>Italia:<\/strong><\/p>\n<p>Antonio Mazzeo (insegnante, ricercatore per la pace e giornalista),<br \/>\nAntonio \u201cTony\u201d La Picirella (attivista per la giustizia climatica e sociale).<\/p>\n<p><strong>Spagna:<\/strong><\/p>\n<p>Santiago Gonz\u00e1lez Vallejo (economista e attivista),<br \/>\nSergio Toribio (ingegnere e ambientalista).<\/p>\n<p><strong>Australia:<\/strong><\/p>\n<p>Robert Martin (attivista per i diritti umani),<br \/>\nTania \u201cTan\u201d Safi (giornalista e attivista di origini libanesi).<\/p>\n<p><strong>Norvegia:<\/strong><\/p>\n<p>Vigdis Bjorvand (attivista per la giustizia di 70 anni).<\/p>\n<p><strong>Regno Unito \/ Francia:<\/strong><\/p>\n<p>Chlo\u00e9 Fiona Ludden (ex funzionaria ONU e scienziata).<\/p>\n<p><strong>Tunisia:<\/strong><\/p>\n<p>Hatem Aouini (sindacalista e attivista internazionalista).<\/p>\n<p><strong>A bordo come giornalisti:<\/strong><\/p>\n<p><strong>Marocco:<\/strong><\/p>\n<p>Mohamed El Bakkali (giornalista senior di Al Jazeera, con base a Parigi).<\/p>\n<p><strong>Iraq \/ Stati Uniti:<\/strong><\/p>\n<p>Waad Al Musa (cameraman e reporter di campo per Al Jazeera).<\/p>\n<p>Poco prima dell\u2019arrembaggio, l\u2019equipaggio della Handala aveva annunciato che, in caso di detenzione, avrebbe intrapreso uno sciopero della fame e rifiutato ogni forma di cibo dalle forze di occupazione israeliane.<\/p>\n<p>L\u2019attacco alla Handala rappresenta il terzo atto di aggressione israeliana contro missioni civili della Freedom Flotilla nel solo 2025.<\/p>\n<p>A maggio, un drone ha bombardato la nave civile Conscience in acque europee, ferendo quattro persone e mettendo fuori uso l\u2019imbarcazione.<\/p>\n<p>A giugno, la nave Madleen \u00e8 stata illegalmente sequestrata e dodici civili \u2014 tra cui un membro del Parlamento europeo \u2014 sono stati rapiti.<\/p>\n<p>Israele continua a ignorare le ordinanze vincolanti della Corte Internazionale di Giustizia, che obbligano lo Stato occupante a facilitare l\u2019accesso umanitario alla Striscia di Gaza.<\/p>\n<p><strong>Gli attacchi contro missioni civili e pacifiche rappresentano una gravissima violazione del diritto internazionale.<\/strong><\/p>\n<p>\u201cIsraele non ha alcuna autorit\u00e0 legale per detenere civili internazionali a bordo della Handala,\u201d ha dichiarato Ann Wright, membro del comitato direttivo della Freedom Flotilla. \u201cNon si tratta di una questione interna a Israele. Parliamo di cittadini stranieri che agivano nel rispetto del diritto internazionale e si trovavano in acque internazionali. La loro detenzione \u00e8 arbitraria, illegittima, e deve cessare immediatamente.\u201d<\/p>\n<p><strong>Appello alla mobilitazione civile: facciamo sentire la nostra voce<\/strong><\/p>\n<p>Chiediamo con forza ai Ministri degli Esteri, alle ambasciate e alle autorit\u00e0 consolari dei Paesi coinvolti di attivarsi subito per la liberazione immediata delle persone rapite e per la condanna pubblica di questo atto vile, illegale e intimidatorio da parte delle forze di occupazione israeliane.<\/p>\n<p><strong>Invitiamo la cittadinanza a mobilitarsi ovunque:<\/strong><\/p>\n<p>* Scriviamo ai ministri e alle ambasciate<\/p>\n<p>* Tempestiamo di email i rappresentanti politici<\/p>\n<p>* Contattiamo la stampa, i giornalisti, le ONG<\/p>\n<p>* Riempiamo i social di messaggi di denuncia<\/p>\n<p>Ogni minuto di silenzio \u00e8 complicit\u00e0.<\/p>\n<p>\u00c8 il momento di agire, dal basso, con forza e dignit\u00e0. La legalit\u00e0 non pu\u00f2 essere sospesa ancora una volta quando si tratta di Palestina.<\/p>\n<p>La libert\u00e0 di Gaza passa anche dal mare.<\/p>\n<p>Noi non ci fermeremo: continueremo a salpare fino a che la Palestina sar\u00e0 libera.<\/p>\n<p><strong>Inviare mail a:<\/strong><\/p>\n<p>Ministro degli Esteri Antonio Tajani:<br \/>\n<a href=\"mailto:segreteria.ministro@esteri.it\">segreteria.ministro@esteri.it<\/a><\/p>\n<p>Ambasciata d\u2019Italia a Tel Aviv:<br \/>\n<a href=\"mailto:amb.telaviv@esteri.it\">amb.telaviv@esteri.it<\/a><\/p>\n<p>Unit\u00e0 di crisi Farnesina (per tutela cittadini all\u2019estero):<br \/>\n<a href=\"mailto:unita.crisi@esteri.it\">unita.crisi@esteri.it<\/a><\/p>\n<p><strong>Ecco il testo da spedire:<\/strong><\/p>\n<p><strong>Oggetto: Intervento urgente per la liberazione dell&#8217;equipaggio della nave umanitaria Handala<\/strong><\/p>\n<p>Alla cortese attenzione del Ministero degli Affari Esteri e della Cooperazione Internazionale,<br \/>\ne per conoscenza<br \/>\nall\u2019Ambasciata d\u2019Italia in Israele,<\/p>\n<p>Mi rivolgo a voi in qualit\u00e0 di cittadino\/cittadina italiana profondamente preoccupato\/a per quanto accaduto in queste ore alla nave umanitaria Handala, fermata in acque internazionali da forze armate israeliane (IDF), che sono salite a bordo con le armi, intimidendo e presumibilmente trattenendo civili a bordo impegnati in una missione pacifica e di solidariet\u00e0 verso la popolazione di Gaza.<\/p>\n<p>Si tratta di una grave violazione del diritto internazionale, del diritto alla libera navigazione in acque internazionali e dei diritti umani fondamentali delle persone coinvolte. Chiedo al Ministero di:<br \/>\n\u2022 Attivarsi immediatamente per verificare le condizioni dell\u2019equipaggio e dei passeggeri a bordo,<br \/>\n\u2022 Pretendere il rilascio immediato e incondizionato di tutte le persone detenute,<br \/>\n\u2022 Condannare pubblicamente l\u2019atto compiuto da parte dell\u2019IDF, incompatibile con i principi del diritto internazionale e umanitario.<\/p>\n<p>L\u2019Italia non pu\u00f2 tacere davanti a un atto di forza contro una missione civile e pacifica.<\/p>\n<p>Vi chiedo di agire con la massima urgenza e trasparenza<\/p>\n<p><a href=\"https:\/\/www.instagram.com\/reel\/DMlfNa2tELC\/?igsh=ZDV5eDI4bGV0dzc1\">Qui il video dell&#8217;arrembaggio su Instagram<\/a><\/p>\n","protected":false},"excerpt":{"rendered":"<p>La Freedom Flotilla Coalition conferma che la nave civile Handala, in navigazione per rompere l\u2019illegale e genocida blocco imposto da Israele alla popolazione palestinese di Gaza, \u00e8 stata violentemente intercettata dalle forze militari israeliane in acque internazionali, a circa quaranta&hellip;<\/p>\n","protected":false},"author":594,"featured_media":2621580,"comment_status":"closed","ping_status":"closed","sticky":false,"template":"","format":"standard","meta":{"footnotes":""},"categories":[150,60,52],"tags":[30142,1430,136366,1005,9884,126313,2675],"class_list":["post-2622392","post","type-post","status-publish","format-standard","has-post-thumbnail","hentry","category-comunicati-stampa","category-diritti-umani","category-medio-oriente","tag-attacco","tag-esercito-israeliano","tag-freedom-flotilla-coalition","tag-gaza","tag-genocidio","tag-handala","tag-protesta"],"yoast_head":"<!-- This site is optimized with the Yoast SEO plugin v27.1.1 - https:\/\/yoast.com\/product\/yoast-seo-wordpress\/ -->\n<title>L\u2019esercito israeliano ha attaccato Handala in acque internazionali e rapito 21 civili disarmati<\/title>\n<meta name=\"description\" content=\"La Freedom Flotilla Coalition conferma che la nave civile Handala, in navigazione per rompere l\u2019illegale e genocida blocco imposto da Israele alla\" \/>\n<meta name=\"robots\" content=\"index, follow, max-snippet:-1, max-image-preview:large, max-video-preview:-1\" \/>\n<link rel=\"canonical\" href=\"https:\/\/www.pressenza.com\/it\/2025\/07\/lesercito-israeliano-ha-attaccato-handala-in-acque-internazionali-e-rapito-21-civili-disarmati\/\" \/>\n<meta property=\"og:locale\" content=\"it_IT\" \/>\n<meta property=\"og:type\" content=\"article\" \/>\n<meta property=\"og:title\" content=\"L\u2019esercito israeliano ha attaccato Handala in acque internazionali e rapito 21 civili disarmati\" \/>\n<meta property=\"og:description\" content=\"La Freedom Flotilla Coalition conferma che la nave civile Handala, in navigazione per rompere l\u2019illegale e genocida blocco imposto da Israele alla\" \/>\n<meta property=\"og:url\" content=\"https:\/\/www.pressenza.com\/it\/2025\/07\/lesercito-israeliano-ha-attaccato-handala-in-acque-internazionali-e-rapito-21-civili-disarmati\/\" \/>\n<meta property=\"og:site_name\" content=\"Pressenza\" \/>\n<meta property=\"article:publisher\" content=\"https:\/\/www.facebook.com\/PressenzaItalia\" \/>\n<meta property=\"article:author\" content=\"https:\/\/www.facebook.com\/PressenzaItalia\" \/>\n<meta property=\"article:published_time\" content=\"2025-07-27T06:53:10+00:00\" \/>\n<meta property=\"article:modified_time\" content=\"2025-07-27T08:56:15+00:00\" \/>\n<meta property=\"og:image\" content=\"https:\/\/www.pressenza.com\/wp-content\/uploads\/2025\/07\/nave-Handala.jpg\" \/>\n\t<meta property=\"og:image:width\" content=\"1024\" \/>\n\t<meta property=\"og:image:height\" content=\"640\" \/>\n\t<meta property=\"og:image:type\" content=\"image\/jpeg\" \/>\n<meta name=\"author\" content=\"Redazione Italia\" \/>\n<meta name=\"twitter:card\" content=\"summary_large_image\" \/>\n<meta name=\"twitter:creator\" content=\"@pressenza_it\" \/>\n<meta name=\"twitter:site\" content=\"@PressenzaIPA\" \/>\n<meta name=\"twitter:label1\" content=\"Scritto da\" \/>\n\t<meta name=\"twitter:data1\" content=\"Redazione Italia\" \/>\n\t<meta name=\"twitter:label2\" content=\"Tempo di lettura stimato\" \/>\n\t<meta name=\"twitter:data2\" content=\"5 minuti\" \/>\n<script type=\"application\/ld+json\" class=\"yoast-schema-graph\">{\"@context\":\"https:\/\/schema.org\",\"@graph\":[{\"@type\":\"Article\",\"@id\":\"https:\/\/www.pressenza.com\/it\/2025\/07\/lesercito-israeliano-ha-attaccato-handala-in-acque-internazionali-e-rapito-21-civili-disarmati\/#article\",\"isPartOf\":{\"@id\":\"https:\/\/www.pressenza.com\/it\/2025\/07\/lesercito-israeliano-ha-attaccato-handala-in-acque-internazionali-e-rapito-21-civili-disarmati\/\"},\"author\":{\"name\":\"Redazione Italia\",\"@id\":\"https:\/\/www.pressenza.com\/it\/#\/schema\/person\/d983e81827ae24f2c7b1a2123d197f8d\"},\"headline\":\"L\u2019esercito israeliano ha attaccato Handala in acque internazionali e rapito 21 civili disarmati\",\"datePublished\":\"2025-07-27T06:53:10+00:00\",\"dateModified\":\"2025-07-27T08:56:15+00:00\",\"mainEntityOfPage\":{\"@id\":\"https:\/\/www.pressenza.com\/it\/2025\/07\/lesercito-israeliano-ha-attaccato-handala-in-acque-internazionali-e-rapito-21-civili-disarmati\/\"},\"wordCount\":913,\"publisher\":{\"@id\":\"https:\/\/www.pressenza.com\/it\/#organization\"},\"image\":{\"@id\":\"https:\/\/www.pressenza.com\/it\/2025\/07\/lesercito-israeliano-ha-attaccato-handala-in-acque-internazionali-e-rapito-21-civili-disarmati\/#primaryimage\"},\"thumbnailUrl\":\"https:\/\/www.pressenza.com\/wp-content\/uploads\/2025\/07\/nave-Handala-e1753611562550.jpg\",\"keywords\":[\"attacco\",\"esercito israeliano\",\"Freedom Flotilla\u00a0Coalition\",\"Gaza\",\"genocidio\",\"Handala\",\"protesta\"],\"articleSection\":[\"Comunicati Stampa\",\"Diritti Umani\",\"Medio Oriente\"],\"inLanguage\":\"it-IT\"},{\"@type\":\"WebPage\",\"@id\":\"https:\/\/www.pressenza.com\/it\/2025\/07\/lesercito-israeliano-ha-attaccato-handala-in-acque-internazionali-e-rapito-21-civili-disarmati\/\",\"url\":\"https:\/\/www.pressenza.com\/it\/2025\/07\/lesercito-israeliano-ha-attaccato-handala-in-acque-internazionali-e-rapito-21-civili-disarmati\/\",\"name\":\"L\u2019esercito israeliano ha attaccato Handala in acque internazionali e rapito 21 civili disarmati\",\"isPartOf\":{\"@id\":\"https:\/\/www.pressenza.com\/it\/#website\"},\"primaryImageOfPage\":{\"@id\":\"https:\/\/www.pressenza.com\/it\/2025\/07\/lesercito-israeliano-ha-attaccato-handala-in-acque-internazionali-e-rapito-21-civili-disarmati\/#primaryimage\"},\"image\":{\"@id\":\"https:\/\/www.pressenza.com\/it\/2025\/07\/lesercito-israeliano-ha-attaccato-handala-in-acque-internazionali-e-rapito-21-civili-disarmati\/#primaryimage\"},\"thumbnailUrl\":\"https:\/\/www.pressenza.com\/wp-content\/uploads\/2025\/07\/nave-Handala-e1753611562550.jpg\",\"datePublished\":\"2025-07-27T06:53:10+00:00\",\"dateModified\":\"2025-07-27T08:56:15+00:00\",\"description\":\"La Freedom Flotilla Coalition conferma che la nave civile Handala, in navigazione per rompere l\u2019illegale e genocida blocco imposto da Israele alla\",\"breadcrumb\":{\"@id\":\"https:\/\/www.pressenza.com\/it\/2025\/07\/lesercito-israeliano-ha-attaccato-handala-in-acque-internazionali-e-rapito-21-civili-disarmati\/#breadcrumb\"},\"inLanguage\":\"it-IT\",\"potentialAction\":[{\"@type\":\"ReadAction\",\"target\":[\"https:\/\/www.pressenza.com\/it\/2025\/07\/lesercito-israeliano-ha-attaccato-handala-in-acque-internazionali-e-rapito-21-civili-disarmati\/\"]}]},{\"@type\":\"ImageObject\",\"inLanguage\":\"it-IT\",\"@id\":\"https:\/\/www.pressenza.com\/it\/2025\/07\/lesercito-israeliano-ha-attaccato-handala-in-acque-internazionali-e-rapito-21-civili-disarmati\/#primaryimage\",\"url\":\"https:\/\/www.pressenza.com\/wp-content\/uploads\/2025\/07\/nave-Handala-e1753611562550.jpg\",\"contentUrl\":\"https:\/\/www.pressenza.com\/wp-content\/uploads\/2025\/07\/nave-Handala-e1753611562550.jpg\",\"width\":800,\"height\":500},{\"@type\":\"BreadcrumbList\",\"@id\":\"https:\/\/www.pressenza.com\/it\/2025\/07\/lesercito-israeliano-ha-attaccato-handala-in-acque-internazionali-e-rapito-21-civili-disarmati\/#breadcrumb\",\"itemListElement\":[{\"@type\":\"ListItem\",\"position\":1,\"name\":\"Accueil\",\"item\":\"https:\/\/www.pressenza.com\/it\/\"},{\"@type\":\"ListItem\",\"position\":2,\"name\":\"L\u2019esercito israeliano ha attaccato Handala in acque internazionali e rapito 21 civili disarmati\"}]},{\"@type\":\"WebSite\",\"@id\":\"https:\/\/www.pressenza.com\/it\/#website\",\"url\":\"https:\/\/www.pressenza.com\/it\/\",\"name\":\"Pressenza\",\"description\":\"Agenzia di Stampa Internazionale\",\"publisher\":{\"@id\":\"https:\/\/www.pressenza.com\/it\/#organization\"},\"potentialAction\":[{\"@type\":\"SearchAction\",\"target\":{\"@type\":\"EntryPoint\",\"urlTemplate\":\"https:\/\/www.pressenza.com\/it\/?s={search_term_string}\"},\"query-input\":{\"@type\":\"PropertyValueSpecification\",\"valueRequired\":true,\"valueName\":\"search_term_string\"}}],\"inLanguage\":\"it-IT\"},{\"@type\":\"Organization\",\"@id\":\"https:\/\/www.pressenza.com\/it\/#organization\",\"name\":\"Pressenza\",\"url\":\"https:\/\/www.pressenza.com\/it\/\",\"logo\":{\"@type\":\"ImageObject\",\"inLanguage\":\"it-IT\",\"@id\":\"https:\/\/www.pressenza.com\/it\/#\/schema\/logo\/image\/\",\"url\":\"https:\/\/www.pressenza.com\/wp-content\/uploads\/2022\/10\/pressenza_logo_200x200.jpg\",\"contentUrl\":\"https:\/\/www.pressenza.com\/wp-content\/uploads\/2022\/10\/pressenza_logo_200x200.jpg\",\"width\":200,\"height\":200,\"caption\":\"Pressenza\"},\"image\":{\"@id\":\"https:\/\/www.pressenza.com\/it\/#\/schema\/logo\/image\/\"},\"sameAs\":[\"https:\/\/www.facebook.com\/PressenzaItalia\",\"https:\/\/x.com\/PressenzaIPA\"]},{\"@type\":\"Person\",\"@id\":\"https:\/\/www.pressenza.com\/it\/#\/schema\/person\/d983e81827ae24f2c7b1a2123d197f8d\",\"name\":\"Redazione Italia\",\"description\":\"News from the Pressenza Bureau in Italy\",\"sameAs\":[\"https:\/\/www.pressenza.com\/it\/author\/redazione-italia\/\",\"https:\/\/www.facebook.com\/PressenzaItalia\",\"https:\/\/www.instagram.com\/pressenza_italia\/\",\"https:\/\/x.com\/pressenza_it\",\"https:\/\/www.youtube.com\/channel\/UCSalEIWjE1RSxkwjfftFuqg\"],\"url\":\"https:\/\/www.pressenza.com\/it\/author\/redazione-italia\/\"}]}<\/script>\n<!-- \/ Yoast SEO plugin. -->","yoast_head_json":{"title":"L\u2019esercito israeliano ha attaccato Handala in acque internazionali e rapito 21 civili disarmati","description":"La Freedom Flotilla Coalition conferma che la nave civile Handala, in navigazione per rompere l\u2019illegale e genocida blocco imposto da Israele alla","robots":{"index":"index","follow":"follow","max-snippet":"max-snippet:-1","max-image-preview":"max-image-preview:large","max-video-preview":"max-video-preview:-1"},"canonical":"https:\/\/www.pressenza.com\/it\/2025\/07\/lesercito-israeliano-ha-attaccato-handala-in-acque-internazionali-e-rapito-21-civili-disarmati\/","og_locale":"it_IT","og_type":"article","og_title":"L\u2019esercito israeliano ha attaccato Handala in acque internazionali e rapito 21 civili disarmati","og_description":"La Freedom Flotilla Coalition conferma che la nave civile Handala, in navigazione per rompere l\u2019illegale e genocida blocco imposto da Israele alla","og_url":"https:\/\/www.pressenza.com\/it\/2025\/07\/lesercito-israeliano-ha-attaccato-handala-in-acque-internazionali-e-rapito-21-civili-disarmati\/","og_site_name":"Pressenza","article_publisher":"https:\/\/www.facebook.com\/PressenzaItalia","article_author":"https:\/\/www.facebook.com\/PressenzaItalia","article_published_time":"2025-07-27T06:53:10+00:00","article_modified_time":"2025-07-27T08:56:15+00:00","og_image":[{"width":1024,"height":640,"url":"https:\/\/www.pressenza.com\/wp-content\/uploads\/2025\/07\/nave-Handala.jpg","type":"image\/jpeg"}],"author":"Redazione Italia","twitter_card":"summary_large_image","twitter_creator":"@pressenza_it","twitter_site":"@PressenzaIPA","twitter_misc":{"Scritto da":"Redazione Italia","Tempo di lettura stimato":"5 minuti"},"schema":{"@context":"https:\/\/schema.org","@graph":[{"@type":"Article","@id":"https:\/\/www.pressenza.com\/it\/2025\/07\/lesercito-israeliano-ha-attaccato-handala-in-acque-internazionali-e-rapito-21-civili-disarmati\/#article","isPartOf":{"@id":"https:\/\/www.pressenza.com\/it\/2025\/07\/lesercito-israeliano-ha-attaccato-handala-in-acque-internazionali-e-rapito-21-civili-disarmati\/"},"author":{"name":"Redazione Italia","@id":"https:\/\/www.pressenza.com\/it\/#\/schema\/person\/d983e81827ae24f2c7b1a2123d197f8d"},"headline":"L\u2019esercito israeliano ha attaccato Handala in acque internazionali e rapito 21 civili disarmati","datePublished":"2025-07-27T06:53:10+00:00","dateModified":"2025-07-27T08:56:15+00:00","mainEntityOfPage":{"@id":"https:\/\/www.pressenza.com\/it\/2025\/07\/lesercito-israeliano-ha-attaccato-handala-in-acque-internazionali-e-rapito-21-civili-disarmati\/"},"wordCount":913,"publisher":{"@id":"https:\/\/www.pressenza.com\/it\/#organization"},"image":{"@id":"https:\/\/www.pressenza.com\/it\/2025\/07\/lesercito-israeliano-ha-attaccato-handala-in-acque-internazionali-e-rapito-21-civili-disarmati\/#primaryimage"},"thumbnailUrl":"https:\/\/www.pressenza.com\/wp-content\/uploads\/2025\/07\/nave-Handala-e1753611562550.jpg","keywords":["attacco","esercito israeliano","Freedom Flotilla\u00a0Coalition","Gaza","genocidio","Handala","protesta"],"articleSection":["Comunicati Stampa","Diritti Umani","Medio Oriente"],"inLanguage":"it-IT"},{"@type":"WebPage","@id":"https:\/\/www.pressenza.com\/it\/2025\/07\/lesercito-israeliano-ha-attaccato-handala-in-acque-internazionali-e-rapito-21-civili-disarmati\/","url":"https:\/\/www.pressenza.com\/it\/2025\/07\/lesercito-israeliano-ha-attaccato-handala-in-acque-internazionali-e-rapito-21-civili-disarmati\/","name":"L\u2019esercito israeliano ha attaccato Handala in acque internazionali e rapito 21 civili disarmati","isPartOf":{"@id":"https:\/\/www.pressenza.com\/it\/#website"},"primaryImageOfPage":{"@id":"https:\/\/www.pressenza.com\/it\/2025\/07\/lesercito-israeliano-ha-attaccato-handala-in-acque-internazionali-e-rapito-21-civili-disarmati\/#primaryimage"},"image":{"@id":"https:\/\/www.pressenza.com\/it\/2025\/07\/lesercito-israeliano-ha-attaccato-handala-in-acque-internazionali-e-rapito-21-civili-disarmati\/#primaryimage"},"thumbnailUrl":"https:\/\/www.pressenza.com\/wp-content\/uploads\/2025\/07\/nave-Handala-e1753611562550.jpg","datePublished":"2025-07-27T06:53:10+00:00","dateModified":"2025-07-27T08:56:15+00:00","description":"La Freedom Flotilla Coalition conferma che la nave civile Handala, in navigazione per rompere l\u2019illegale e genocida blocco imposto da Israele alla","breadcrumb":{"@id":"https:\/\/www.pressenza.com\/it\/2025\/07\/lesercito-israeliano-ha-attaccato-handala-in-acque-internazionali-e-rapito-21-civili-disarmati\/#breadcrumb"},"inLanguage":"it-IT","potentialAction":[{"@type":"ReadAction","target":["https:\/\/www.pressenza.com\/it\/2025\/07\/lesercito-israeliano-ha-attaccato-handala-in-acque-internazionali-e-rapito-21-civili-disarmati\/"]}]},{"@type":"ImageObject","inLanguage":"it-IT","@id":"https:\/\/www.pressenza.com\/it\/2025\/07\/lesercito-israeliano-ha-attaccato-handala-in-acque-internazionali-e-rapito-21-civili-disarmati\/#primaryimage","url":"https:\/\/www.pressenza.com\/wp-content\/uploads\/2025\/07\/nave-Handala-e1753611562550.jpg","contentUrl":"https:\/\/www.pressenza.com\/wp-content\/uploads\/2025\/07\/nave-Handala-e1753611562550.jpg","width":800,"height":500},{"@type":"BreadcrumbList","@id":"https:\/\/www.pressenza.com\/it\/2025\/07\/lesercito-israeliano-ha-attaccato-handala-in-acque-internazionali-e-rapito-21-civili-disarmati\/#breadcrumb","itemListElement":[{"@type":"ListItem","position":1,"name":"Accueil","item":"https:\/\/www.pressenza.com\/it\/"},{"@type":"ListItem","position":2,"name":"L\u2019esercito israeliano ha attaccato Handala in acque internazionali e rapito 21 civili disarmati"}]},{"@type":"WebSite","@id":"https:\/\/www.pressenza.com\/it\/#website","url":"https:\/\/www.pressenza.com\/it\/","name":"Pressenza","description":"Agenzia di Stampa Internazionale","publisher":{"@id":"https:\/\/www.pressenza.com\/it\/#organization"},"potentialAction":[{"@type":"SearchAction","target":{"@type":"EntryPoint","urlTemplate":"https:\/\/www.pressenza.com\/it\/?s={search_term_string}"},"query-input":{"@type":"PropertyValueSpecification","valueRequired":true,"valueName":"search_term_string"}}],"inLanguage":"it-IT"},{"@type":"Organization","@id":"https:\/\/www.pressenza.com\/it\/#organization","name":"Pressenza","url":"https:\/\/www.pressenza.com\/it\/","logo":{"@type":"ImageObject","inLanguage":"it-IT","@id":"https:\/\/www.pressenza.com\/it\/#\/schema\/logo\/image\/","url":"https:\/\/www.pressenza.com\/wp-content\/uploads\/2022\/10\/pressenza_logo_200x200.jpg","contentUrl":"https:\/\/www.pressenza.com\/wp-content\/uploads\/2022\/10\/pressenza_logo_200x200.jpg","width":200,"height":200,"caption":"Pressenza"},"image":{"@id":"https:\/\/www.pressenza.com\/it\/#\/schema\/logo\/image\/"},"sameAs":["https:\/\/www.facebook.com\/PressenzaItalia","https:\/\/x.com\/PressenzaIPA"]},{"@type":"Person","@id":"https:\/\/www.pressenza.com\/it\/#\/schema\/person\/d983e81827ae24f2c7b1a2123d197f8d","name":"Redazione Italia","description":"News from the Pressenza Bureau in Italy","sameAs":["https:\/\/www.pressenza.com\/it\/author\/redazione-italia\/","https:\/\/www.facebook.com\/PressenzaItalia","https:\/\/www.instagram.com\/pressenza_italia\/","https:\/\/x.com\/pressenza_it","https:\/\/www.youtube.com\/channel\/UCSalEIWjE1RSxkwjfftFuqg"],"url":"https:\/\/www.pressenza.com\/it\/author\/redazione-italia\/"}]}},"place":"Freedom Flotilla Italia","original_article_url":"","_links":{"self":[{"href":"https:\/\/www.pressenza.com\/it\/wp-json\/wp\/v2\/posts\/2622392","targetHints":{"allow":["GET"]}}],"collection":[{"href":"https:\/\/www.pressenza.com\/it\/wp-json\/wp\/v2\/posts"}],"about":[{"href":"https:\/\/www.pressenza.com\/it\/wp-json\/wp\/v2\/types\/post"}],"author":[{"embeddable":true,"href":"https:\/\/www.pressenza.com\/it\/wp-json\/wp\/v2\/users\/594"}],"replies":[{"embeddable":true,"href":"https:\/\/www.pressenza.com\/it\/wp-json\/wp\/v2\/comments?post=2622392"}],"version-history":[{"count":6,"href":"https:\/\/www.pressenza.com\/it\/wp-json\/wp\/v2\/posts\/2622392\/revisions"}],"predecessor-version":[{"id":2622412,"href":"https:\/\/www.pressenza.com\/it\/wp-json\/wp\/v2\/posts\/2622392\/revisions\/2622412"}],"wp:featuredmedia":[{"embeddable":true,"href":"https:\/\/www.pressenza.com\/it\/wp-json\/wp\/v2\/media\/2621580"}],"wp:attachment":[{"href":"https:\/\/www.pressenza.com\/it\/wp-json\/wp\/v2\/media?parent=2622392"}],"wp:term":[{"taxonomy":"category","embeddable":true,"href":"https:\/\/www.pressenza.com\/it\/wp-json\/wp\/v2\/categories?post=2622392"},{"taxonomy":"post_tag","embeddable":true,"href":"https:\/\/www.pressenza.com\/it\/wp-json\/wp\/v2\/tags?post=2622392"}],"curies":[{"name":"wp","href":"https:\/\/api.w.org\/{rel}","templated":true}]}}