{"id":262007,"date":"2015-12-25T23:15:11","date_gmt":"2015-12-25T23:15:11","guid":{"rendered":"http:\/\/www.pressenza.com\/it\/?p=262007"},"modified":"2015-12-25T23:15:11","modified_gmt":"2015-12-25T23:15:11","slug":"kurdistan-natale-sotto-le-bombe-turche","status":"publish","type":"post","link":"https:\/\/www.pressenza.com\/it\/2015\/12\/kurdistan-natale-sotto-le-bombe-turche\/","title":{"rendered":"Kurdistan: Natale sotto le bombe turche"},"content":{"rendered":"<p>Una guerra civile di cui nessuno parla, dove alle porte dell\u2019Europa nel Kurdistan turco, da giorni continuano gli scontri tra le forze governative e i combattenti del Partito dei Lavoratori del Kurdistan (PKK). La Turchia di Erdogan in queste ore ha inviato 10 mila tra soldati e poliziotti, oltre all\u2019aviazione turca, una vera e propria operazione militare che ha lasciato un centinaio di morti (tra civili e presunti attivisti del Pkk) per le strade del Kurdistan turco. Citt\u00e0 come Silopi, Nusaybin e Cizre sono sotto coprifuoco da sette giorni.<\/p>\n<p>A Sur, qurtiere storico della citt\u00e0 di Diyarbak\u0131r, la capitale elettiva del Kurdistan turco, la situazione dura da venti giorni e le strade sono scenario di guerriglia con i carri armati in strada.<br \/>\nRetate, rastrellamenti e attacchi con mezzi militari si sono svolti in province a maggioranza curda, mentre due F-16 hanno bombardato rifugi e supposti magazzini d\u2019armi nel nord dell\u2019Iraq, dove il PKK ha alcune basi. Quotidianamente il sito internet dello stato maggiore turco viene aggiornato con il numero dei presunti militanti del PKK che sono stati uccisi. Almeno cento, stando ai dati del pomeriggio del 23 dicembre.<\/p>\n","protected":false},"excerpt":{"rendered":"<p>Una guerra civile di cui nessuno parla, dove alle porte dell\u2019Europa nel Kurdistan turco, da giorni continuano gli scontri tra le forze governative e i combattenti del Partito dei Lavoratori del Kurdistan (PKK). La Turchia di Erdogan in queste ore&hellip;<\/p>\n","protected":false},"author":1132,"featured_media":262009,"comment_status":"closed","ping_status":"open","sticky":false,"template":"","format":"standard","meta":{"footnotes":""},"categories":[150,52,1263],"tags":[22156,2777,5795,1100],"class_list":["post-262007","post","type-post","status-publish","format-standard","has-post-thumbnail","hentry","category-comunicati-stampa","category-medio-oriente","category-pace-disarmo","tag-diyarbakir","tag-guerra-civile","tag-kurdistan","tag-turchia"],"yoast_head":"<!-- This site is optimized with the Yoast SEO plugin v27.1.1 - https:\/\/yoast.com\/product\/yoast-seo-wordpress\/ -->\n<title>Kurdistan: Natale sotto le bombe turche<\/title>\n<meta name=\"description\" content=\"Una guerra civile di cui nessuno parla, dove alle porte dell\u2019Europa nel Kurdistan turco, da giorni continuano gli scontri tra le forze governative e i\" \/>\n<meta name=\"robots\" content=\"index, follow, max-snippet:-1, max-image-preview:large, max-video-preview:-1\" \/>\n<link rel=\"canonical\" href=\"https:\/\/www.pressenza.com\/it\/2015\/12\/kurdistan-natale-sotto-le-bombe-turche\/\" \/>\n<meta property=\"og:locale\" content=\"it_IT\" \/>\n<meta property=\"og:type\" content=\"article\" \/>\n<meta property=\"og:title\" content=\"Kurdistan: Natale sotto le bombe turche\" \/>\n<meta property=\"og:description\" content=\"Una guerra civile di cui nessuno parla, dove alle porte dell\u2019Europa nel Kurdistan turco, da giorni continuano gli scontri tra le forze governative e i\" \/>\n<meta property=\"og:url\" content=\"https:\/\/www.pressenza.com\/it\/2015\/12\/kurdistan-natale-sotto-le-bombe-turche\/\" \/>\n<meta property=\"og:site_name\" content=\"Pressenza\" \/>\n<meta property=\"article:publisher\" content=\"https:\/\/www.facebook.com\/PressenzaItalia\" \/>\n<meta property=\"article:published_time\" content=\"2015-12-25T23:15:11+00:00\" \/>\n<meta property=\"og:image\" content=\"https:\/\/www.pressenza.com\/wp-content\/uploads\/2015\/12\/kurdistan.jpg\" \/>\n\t<meta property=\"og:image:width\" content=\"486\" \/>\n\t<meta property=\"og:image:height\" content=\"342\" \/>\n\t<meta property=\"og:image:type\" content=\"image\/jpeg\" \/>\n<meta name=\"author\" content=\"Avanti On Line\" \/>\n<meta name=\"twitter:card\" content=\"summary_large_image\" \/>\n<meta name=\"twitter:creator\" content=\"@PressenzaIPA\" \/>\n<meta name=\"twitter:site\" content=\"@PressenzaIPA\" \/>\n<meta name=\"twitter:label1\" content=\"Scritto da\" \/>\n\t<meta name=\"twitter:data1\" content=\"Avanti On Line\" \/>\n\t<meta name=\"twitter:label2\" content=\"Tempo di lettura stimato\" \/>\n\t<meta name=\"twitter:data2\" content=\"1 minuto\" \/>\n<script type=\"application\/ld+json\" class=\"yoast-schema-graph\">{\"@context\":\"https:\/\/schema.org\",\"@graph\":[{\"@type\":\"Article\",\"@id\":\"https:\/\/www.pressenza.com\/it\/2015\/12\/kurdistan-natale-sotto-le-bombe-turche\/#article\",\"isPartOf\":{\"@id\":\"https:\/\/www.pressenza.com\/it\/2015\/12\/kurdistan-natale-sotto-le-bombe-turche\/\"},\"author\":{\"name\":\"Avanti On Line\",\"@id\":\"https:\/\/www.pressenza.com\/it\/#\/schema\/person\/829d7d08c02bab5c3b73fca03f2f11b8\"},\"headline\":\"Kurdistan: Natale sotto le bombe turche\",\"datePublished\":\"2015-12-25T23:15:11+00:00\",\"mainEntityOfPage\":{\"@id\":\"https:\/\/www.pressenza.com\/it\/2015\/12\/kurdistan-natale-sotto-le-bombe-turche\/\"},\"wordCount\":197,\"publisher\":{\"@id\":\"https:\/\/www.pressenza.com\/it\/#organization\"},\"image\":{\"@id\":\"https:\/\/www.pressenza.com\/it\/2015\/12\/kurdistan-natale-sotto-le-bombe-turche\/#primaryimage\"},\"thumbnailUrl\":\"https:\/\/www.pressenza.com\/wp-content\/uploads\/2015\/12\/kurdistan.jpg\",\"keywords\":[\"Diyarbakir\",\"guerra civile\",\"Kurdistan\",\"Turchia\"],\"articleSection\":[\"Comunicati Stampa\",\"Medio Oriente\",\"Pace e Disarmo\"],\"inLanguage\":\"it-IT\"},{\"@type\":\"WebPage\",\"@id\":\"https:\/\/www.pressenza.com\/it\/2015\/12\/kurdistan-natale-sotto-le-bombe-turche\/\",\"url\":\"https:\/\/www.pressenza.com\/it\/2015\/12\/kurdistan-natale-sotto-le-bombe-turche\/\",\"name\":\"Kurdistan: Natale sotto le bombe turche\",\"isPartOf\":{\"@id\":\"https:\/\/www.pressenza.com\/it\/#website\"},\"primaryImageOfPage\":{\"@id\":\"https:\/\/www.pressenza.com\/it\/2015\/12\/kurdistan-natale-sotto-le-bombe-turche\/#primaryimage\"},\"image\":{\"@id\":\"https:\/\/www.pressenza.com\/it\/2015\/12\/kurdistan-natale-sotto-le-bombe-turche\/#primaryimage\"},\"thumbnailUrl\":\"https:\/\/www.pressenza.com\/wp-content\/uploads\/2015\/12\/kurdistan.jpg\",\"datePublished\":\"2015-12-25T23:15:11+00:00\",\"description\":\"Una guerra civile di cui nessuno parla, dove alle porte dell\u2019Europa nel Kurdistan turco, da giorni continuano gli scontri tra le forze governative e i\",\"breadcrumb\":{\"@id\":\"https:\/\/www.pressenza.com\/it\/2015\/12\/kurdistan-natale-sotto-le-bombe-turche\/#breadcrumb\"},\"inLanguage\":\"it-IT\",\"potentialAction\":[{\"@type\":\"ReadAction\",\"target\":[\"https:\/\/www.pressenza.com\/it\/2015\/12\/kurdistan-natale-sotto-le-bombe-turche\/\"]}]},{\"@type\":\"ImageObject\",\"inLanguage\":\"it-IT\",\"@id\":\"https:\/\/www.pressenza.com\/it\/2015\/12\/kurdistan-natale-sotto-le-bombe-turche\/#primaryimage\",\"url\":\"https:\/\/www.pressenza.com\/wp-content\/uploads\/2015\/12\/kurdistan.jpg\",\"contentUrl\":\"https:\/\/www.pressenza.com\/wp-content\/uploads\/2015\/12\/kurdistan.jpg\",\"width\":486,\"height\":342},{\"@type\":\"BreadcrumbList\",\"@id\":\"https:\/\/www.pressenza.com\/it\/2015\/12\/kurdistan-natale-sotto-le-bombe-turche\/#breadcrumb\",\"itemListElement\":[{\"@type\":\"ListItem\",\"position\":1,\"name\":\"Accueil\",\"item\":\"https:\/\/www.pressenza.com\/it\/\"},{\"@type\":\"ListItem\",\"position\":2,\"name\":\"Kurdistan: Natale sotto le bombe turche\"}]},{\"@type\":\"WebSite\",\"@id\":\"https:\/\/www.pressenza.com\/it\/#website\",\"url\":\"https:\/\/www.pressenza.com\/it\/\",\"name\":\"Pressenza\",\"description\":\"Agenzia di Stampa Internazionale\",\"publisher\":{\"@id\":\"https:\/\/www.pressenza.com\/it\/#organization\"},\"potentialAction\":[{\"@type\":\"SearchAction\",\"target\":{\"@type\":\"EntryPoint\",\"urlTemplate\":\"https:\/\/www.pressenza.com\/it\/?s={search_term_string}\"},\"query-input\":{\"@type\":\"PropertyValueSpecification\",\"valueRequired\":true,\"valueName\":\"search_term_string\"}}],\"inLanguage\":\"it-IT\"},{\"@type\":\"Organization\",\"@id\":\"https:\/\/www.pressenza.com\/it\/#organization\",\"name\":\"Pressenza\",\"url\":\"https:\/\/www.pressenza.com\/it\/\",\"logo\":{\"@type\":\"ImageObject\",\"inLanguage\":\"it-IT\",\"@id\":\"https:\/\/www.pressenza.com\/it\/#\/schema\/logo\/image\/\",\"url\":\"https:\/\/www.pressenza.com\/wp-content\/uploads\/2022\/10\/pressenza_logo_200x200.jpg\",\"contentUrl\":\"https:\/\/www.pressenza.com\/wp-content\/uploads\/2022\/10\/pressenza_logo_200x200.jpg\",\"width\":200,\"height\":200,\"caption\":\"Pressenza\"},\"image\":{\"@id\":\"https:\/\/www.pressenza.com\/it\/#\/schema\/logo\/image\/\"},\"sameAs\":[\"https:\/\/www.facebook.com\/PressenzaItalia\",\"https:\/\/x.com\/PressenzaIPA\"]},{\"@type\":\"Person\",\"@id\":\"https:\/\/www.pressenza.com\/it\/#\/schema\/person\/829d7d08c02bab5c3b73fca03f2f11b8\",\"name\":\"Avanti On Line\",\"description\":\"L\\\"Avantionline!\\\" \u00e8 l'erede dell'Avanti!, lo storico quotidiano del PSI, nato il 25 dicembre 1896. Nella tradizione del socialismo riformista e di questa testata, c'\u00e8 da sempre grande attenzione per i diritti di libert\u00e0, per la giustizia sociale, per tutto ci\u00f2 che avvicina i popoli e favorisce la comprensione, contro ogni tipo di sfruttamento e di violenza dell'uomo sull'uomo, in favore della laicit\u00e0 e del progresso. Gli eletti socialisti nel Parlamento nazionale, in quello europeo e nelle assemblee elettive locali, si sono sempre battuti in difesa di questi ideali, che sono alla base della libert\u00e0 nella democrazia. www.avantionline.it\",\"url\":\"https:\/\/www.pressenza.com\/it\/author\/avanti-on-line\/\"}]}<\/script>\n<!-- \/ Yoast SEO plugin. -->","yoast_head_json":{"title":"Kurdistan: Natale sotto le bombe turche","description":"Una guerra civile di cui nessuno parla, dove alle porte dell\u2019Europa nel Kurdistan turco, da giorni continuano gli scontri tra le forze governative e i","robots":{"index":"index","follow":"follow","max-snippet":"max-snippet:-1","max-image-preview":"max-image-preview:large","max-video-preview":"max-video-preview:-1"},"canonical":"https:\/\/www.pressenza.com\/it\/2015\/12\/kurdistan-natale-sotto-le-bombe-turche\/","og_locale":"it_IT","og_type":"article","og_title":"Kurdistan: Natale sotto le bombe turche","og_description":"Una guerra civile di cui nessuno parla, dove alle porte dell\u2019Europa nel Kurdistan turco, da giorni continuano gli scontri tra le forze governative e i","og_url":"https:\/\/www.pressenza.com\/it\/2015\/12\/kurdistan-natale-sotto-le-bombe-turche\/","og_site_name":"Pressenza","article_publisher":"https:\/\/www.facebook.com\/PressenzaItalia","article_published_time":"2015-12-25T23:15:11+00:00","og_image":[{"width":486,"height":342,"url":"https:\/\/www.pressenza.com\/wp-content\/uploads\/2015\/12\/kurdistan.jpg","type":"image\/jpeg"}],"author":"Avanti On Line","twitter_card":"summary_large_image","twitter_creator":"@PressenzaIPA","twitter_site":"@PressenzaIPA","twitter_misc":{"Scritto da":"Avanti On Line","Tempo di lettura stimato":"1 minuto"},"schema":{"@context":"https:\/\/schema.org","@graph":[{"@type":"Article","@id":"https:\/\/www.pressenza.com\/it\/2015\/12\/kurdistan-natale-sotto-le-bombe-turche\/#article","isPartOf":{"@id":"https:\/\/www.pressenza.com\/it\/2015\/12\/kurdistan-natale-sotto-le-bombe-turche\/"},"author":{"name":"Avanti On Line","@id":"https:\/\/www.pressenza.com\/it\/#\/schema\/person\/829d7d08c02bab5c3b73fca03f2f11b8"},"headline":"Kurdistan: Natale sotto le bombe turche","datePublished":"2015-12-25T23:15:11+00:00","mainEntityOfPage":{"@id":"https:\/\/www.pressenza.com\/it\/2015\/12\/kurdistan-natale-sotto-le-bombe-turche\/"},"wordCount":197,"publisher":{"@id":"https:\/\/www.pressenza.com\/it\/#organization"},"image":{"@id":"https:\/\/www.pressenza.com\/it\/2015\/12\/kurdistan-natale-sotto-le-bombe-turche\/#primaryimage"},"thumbnailUrl":"https:\/\/www.pressenza.com\/wp-content\/uploads\/2015\/12\/kurdistan.jpg","keywords":["Diyarbakir","guerra civile","Kurdistan","Turchia"],"articleSection":["Comunicati Stampa","Medio Oriente","Pace e Disarmo"],"inLanguage":"it-IT"},{"@type":"WebPage","@id":"https:\/\/www.pressenza.com\/it\/2015\/12\/kurdistan-natale-sotto-le-bombe-turche\/","url":"https:\/\/www.pressenza.com\/it\/2015\/12\/kurdistan-natale-sotto-le-bombe-turche\/","name":"Kurdistan: Natale sotto le bombe turche","isPartOf":{"@id":"https:\/\/www.pressenza.com\/it\/#website"},"primaryImageOfPage":{"@id":"https:\/\/www.pressenza.com\/it\/2015\/12\/kurdistan-natale-sotto-le-bombe-turche\/#primaryimage"},"image":{"@id":"https:\/\/www.pressenza.com\/it\/2015\/12\/kurdistan-natale-sotto-le-bombe-turche\/#primaryimage"},"thumbnailUrl":"https:\/\/www.pressenza.com\/wp-content\/uploads\/2015\/12\/kurdistan.jpg","datePublished":"2015-12-25T23:15:11+00:00","description":"Una guerra civile di cui nessuno parla, dove alle porte dell\u2019Europa nel Kurdistan turco, da giorni continuano gli scontri tra le forze governative e i","breadcrumb":{"@id":"https:\/\/www.pressenza.com\/it\/2015\/12\/kurdistan-natale-sotto-le-bombe-turche\/#breadcrumb"},"inLanguage":"it-IT","potentialAction":[{"@type":"ReadAction","target":["https:\/\/www.pressenza.com\/it\/2015\/12\/kurdistan-natale-sotto-le-bombe-turche\/"]}]},{"@type":"ImageObject","inLanguage":"it-IT","@id":"https:\/\/www.pressenza.com\/it\/2015\/12\/kurdistan-natale-sotto-le-bombe-turche\/#primaryimage","url":"https:\/\/www.pressenza.com\/wp-content\/uploads\/2015\/12\/kurdistan.jpg","contentUrl":"https:\/\/www.pressenza.com\/wp-content\/uploads\/2015\/12\/kurdistan.jpg","width":486,"height":342},{"@type":"BreadcrumbList","@id":"https:\/\/www.pressenza.com\/it\/2015\/12\/kurdistan-natale-sotto-le-bombe-turche\/#breadcrumb","itemListElement":[{"@type":"ListItem","position":1,"name":"Accueil","item":"https:\/\/www.pressenza.com\/it\/"},{"@type":"ListItem","position":2,"name":"Kurdistan: Natale sotto le bombe turche"}]},{"@type":"WebSite","@id":"https:\/\/www.pressenza.com\/it\/#website","url":"https:\/\/www.pressenza.com\/it\/","name":"Pressenza","description":"Agenzia di Stampa Internazionale","publisher":{"@id":"https:\/\/www.pressenza.com\/it\/#organization"},"potentialAction":[{"@type":"SearchAction","target":{"@type":"EntryPoint","urlTemplate":"https:\/\/www.pressenza.com\/it\/?s={search_term_string}"},"query-input":{"@type":"PropertyValueSpecification","valueRequired":true,"valueName":"search_term_string"}}],"inLanguage":"it-IT"},{"@type":"Organization","@id":"https:\/\/www.pressenza.com\/it\/#organization","name":"Pressenza","url":"https:\/\/www.pressenza.com\/it\/","logo":{"@type":"ImageObject","inLanguage":"it-IT","@id":"https:\/\/www.pressenza.com\/it\/#\/schema\/logo\/image\/","url":"https:\/\/www.pressenza.com\/wp-content\/uploads\/2022\/10\/pressenza_logo_200x200.jpg","contentUrl":"https:\/\/www.pressenza.com\/wp-content\/uploads\/2022\/10\/pressenza_logo_200x200.jpg","width":200,"height":200,"caption":"Pressenza"},"image":{"@id":"https:\/\/www.pressenza.com\/it\/#\/schema\/logo\/image\/"},"sameAs":["https:\/\/www.facebook.com\/PressenzaItalia","https:\/\/x.com\/PressenzaIPA"]},{"@type":"Person","@id":"https:\/\/www.pressenza.com\/it\/#\/schema\/person\/829d7d08c02bab5c3b73fca03f2f11b8","name":"Avanti On Line","description":"L\"Avantionline!\" \u00e8 l'erede dell'Avanti!, lo storico quotidiano del PSI, nato il 25 dicembre 1896. Nella tradizione del socialismo riformista e di questa testata, c'\u00e8 da sempre grande attenzione per i diritti di libert\u00e0, per la giustizia sociale, per tutto ci\u00f2 che avvicina i popoli e favorisce la comprensione, contro ogni tipo di sfruttamento e di violenza dell'uomo sull'uomo, in favore della laicit\u00e0 e del progresso. Gli eletti socialisti nel Parlamento nazionale, in quello europeo e nelle assemblee elettive locali, si sono sempre battuti in difesa di questi ideali, che sono alla base della libert\u00e0 nella democrazia. www.avantionline.it","url":"https:\/\/www.pressenza.com\/it\/author\/avanti-on-line\/"}]}},"place":"","original_article_url":"http:\/\/www.avantionline.it\/2015\/12\/kurdistan-natale-sotto-le-bombe-turche\/#.Vn3MpWguLqA","_links":{"self":[{"href":"https:\/\/www.pressenza.com\/it\/wp-json\/wp\/v2\/posts\/262007","targetHints":{"allow":["GET"]}}],"collection":[{"href":"https:\/\/www.pressenza.com\/it\/wp-json\/wp\/v2\/posts"}],"about":[{"href":"https:\/\/www.pressenza.com\/it\/wp-json\/wp\/v2\/types\/post"}],"author":[{"embeddable":true,"href":"https:\/\/www.pressenza.com\/it\/wp-json\/wp\/v2\/users\/1132"}],"replies":[{"embeddable":true,"href":"https:\/\/www.pressenza.com\/it\/wp-json\/wp\/v2\/comments?post=262007"}],"version-history":[{"count":0,"href":"https:\/\/www.pressenza.com\/it\/wp-json\/wp\/v2\/posts\/262007\/revisions"}],"wp:featuredmedia":[{"embeddable":true,"href":"https:\/\/www.pressenza.com\/it\/wp-json\/wp\/v2\/media\/262009"}],"wp:attachment":[{"href":"https:\/\/www.pressenza.com\/it\/wp-json\/wp\/v2\/media?parent=262007"}],"wp:term":[{"taxonomy":"category","embeddable":true,"href":"https:\/\/www.pressenza.com\/it\/wp-json\/wp\/v2\/categories?post=262007"},{"taxonomy":"post_tag","embeddable":true,"href":"https:\/\/www.pressenza.com\/it\/wp-json\/wp\/v2\/tags?post=262007"}],"curies":[{"name":"wp","href":"https:\/\/api.w.org\/{rel}","templated":true}]}}