{"id":2619992,"date":"2025-07-17T14:07:30","date_gmt":"2025-07-17T13:07:30","guid":{"rendered":"https:\/\/www.pressenza.com\/?p=2619992"},"modified":"2025-07-17T14:07:30","modified_gmt":"2025-07-17T13:07:30","slug":"a-milano-rigenerazione-urbana-o-urbanistica","status":"publish","type":"post","link":"https:\/\/www.pressenza.com\/it\/2025\/07\/a-milano-rigenerazione-urbana-o-urbanistica\/","title":{"rendered":"A Milano rigenerazione urbana o urbanistica?"},"content":{"rendered":"<p><em>Riceviamo e volentieri pubblichiamo queste riflessioni di Tullio Quaianni, medico <a href=\"https:\/\/www.pressenza.com\/it\/2021\/09\/tullio-quaianni-limpegno-di-un-medico-per-far-valere-diritti-e-sicurezza-nelle-aziende\/\">intervistato<\/a> qualche anno fa da Pressenza. <\/em><em>\u00a0<\/em><\/p>\n<p>Vi confesso che oggi sono cascato dal pero quando ho sentito che esisteva dal 2021 un assessore alla &#8220;rigenerazione urbana&#8221;. Ma rigenerazione significa che qualcuno negli ultimi anni ha pensato, direi anche tramato, per sostituire la Milano degli anni &#8217;60- &#8217;90 con quella insulsa colata di cemento in verticale? Ma significa anche, forse, fregarsene dei monumenti cittadini di livello artistico e storico insostituibile che ci hanno lasciato i nostri antenati?<\/p>\n<p>Siamo in molti che, in ripetute occasioni, abbiamo segnalato in qualche caso l&#8217;abbandono di molte realt\u00e0 di rilievo, in altri la volont\u00e0 di non ascoltare solleciti dei cittadini in tutti i municipi, centro compreso. Tali preziosi &#8220;reperti&#8221; non fanno parte di tale capitolo? Invece sono comprese tutte le aree di notevole interesse immobiliare, (tra cui le ex aree ferroviarie come lo scalo di Porta Romana, le ex Varesine, oppure ancora i cambi di destinazione d&#8217;uso &#8220;rito ambrosiano&#8221;), dove ci si pu\u00f2 sbizzarrire con grattacieli e palazzi per miliardari che verranno acquistati dalle banche e dalle multinazionali.<\/p>\n<p>Questo nuovo mondo che stanno costruendo, ad immagine e somiglianza di alcune metropoli USA, quale memoria lascer\u00e0 alle prossime generazioni? Una brutta copia di New York. Se ci pensate bene citt\u00e0 immortali come Roma, Firenze, Pisa, Torino, Napoli, Venezia, Milano sono presenti da secoli nell&#8217;immaginario collettivo del mondo non certo grazie a certe costruzioni. Se pensate a certe citt\u00e0 di livello internazionale scoprirete che molte si sono rifiutate di rincorrere la moda dei palazzi altissimi. Penso a una metropoli che conosco molto bene, Citt\u00e0 del Messico; una citt\u00e0 composta da circa 26 milioni di persone che non ha mai osato sfidare il cielo se non una volta sola, quando decisero di costruire la Torre Latinoamericana (nel 1948) che venne superata in altezza una volta sola (nel 1972) dal Word Trade Center. Non credo che Citt\u00e0 del Messico abbia perso turismo e affari per questa scelta!<\/p>\n<p>Insomma, perch\u00e9 Milano non valorizza le infinite attrattive di cui \u00e8 proprietaria o che ospita presso privati, invece di costruire e demolire, demolire e costruire?<\/p>\n<p>Auspico una rivoluzione culturale cittadina. Abbiamo forgiato una citt\u00e0 che vive di costruzioni, di moda, di spettacoli di massa, ma \u00e8 questa la strada su cui dobbiamo proseguire? Non sar\u00e0 pi\u00f9 giusto e costruttivo per i nostri figli o nipoti cambiare rotta, abbandonandoci alle ispirazioni della cultura di ogni tipo, dalla musica al fumetto, dall&#8217;astronomia alla scultura, dalla ricerca scientifica al teatro?<\/p>\n<p>Intanto, dopo le ultimissime sortite della magistratura nostrana, dobbiamo pretendere dall&#8217;amministrazione comunale molta pi\u00f9 trasparenza nelle scelte e negli atti, una coraggiosa volont\u00e0 di pulizia tra i funzionari, gli assessori, i consulenti e i tecnici. Quindi attendo scelte conseguenti dal signor Sindaco Sala.<\/p>\n","protected":false},"excerpt":{"rendered":"<p>Riceviamo e volentieri pubblichiamo queste riflessioni di Tullio Quaianni, medico intervistato qualche anno fa da Pressenza. \u00a0 Vi confesso che oggi sono cascato dal pero quando ho sentito che esisteva dal 2021 un assessore alla &#8220;rigenerazione urbana&#8221;. Ma rigenerazione significa&hellip;<\/p>\n","protected":false},"author":1722,"featured_media":279270,"comment_status":"closed","ping_status":"closed","sticky":false,"template":"","format":"standard","meta":{"footnotes":""},"categories":[56,47,162,55],"tags":[4145,139918,36269,25244],"class_list":["post-2619992","post","type-post","status-publish","format-standard","has-post-thumbnail","hentry","category-cultura","category-europa","category-opinioni","category-politica","tag-comune-di-milano","tag-interessi-immobiliari","tag-rivoluzione-culturale","tag-trasparenza"],"yoast_head":"<!-- This site is optimized with the Yoast SEO plugin v27.1.1 - https:\/\/yoast.com\/product\/yoast-seo-wordpress\/ -->\n<title>A Milano rigenerazione urbana o urbanistica?<\/title>\n<meta name=\"description\" content=\"Riceviamo e volentieri pubblichiamo queste riflessioni di Tullio Quaianni, medico intervistato qualche anno fa da Pressenza. \u00a0 Vi confesso che oggi sono\" \/>\n<meta name=\"robots\" content=\"index, follow, max-snippet:-1, max-image-preview:large, max-video-preview:-1\" \/>\n<link rel=\"canonical\" href=\"https:\/\/www.pressenza.com\/it\/2025\/07\/a-milano-rigenerazione-urbana-o-urbanistica\/\" \/>\n<meta property=\"og:locale\" content=\"it_IT\" \/>\n<meta property=\"og:type\" content=\"article\" \/>\n<meta property=\"og:title\" content=\"A Milano rigenerazione urbana o urbanistica?\" \/>\n<meta property=\"og:description\" content=\"Riceviamo e volentieri pubblichiamo queste riflessioni di Tullio Quaianni, medico intervistato qualche anno fa da Pressenza. \u00a0 Vi confesso che oggi sono\" \/>\n<meta property=\"og:url\" content=\"https:\/\/www.pressenza.com\/it\/2025\/07\/a-milano-rigenerazione-urbana-o-urbanistica\/\" \/>\n<meta property=\"og:site_name\" content=\"Pressenza\" \/>\n<meta property=\"article:publisher\" content=\"https:\/\/www.facebook.com\/PressenzaItalia\" \/>\n<meta property=\"article:published_time\" content=\"2025-07-17T13:07:30+00:00\" \/>\n<meta property=\"og:image\" content=\"https:\/\/www.pressenza.com\/wp-content\/uploads\/2016\/02\/Palazzo-Marino-Friedrichstrasse.jpg\" \/>\n\t<meta property=\"og:image:width\" content=\"800\" \/>\n\t<meta property=\"og:image:height\" content=\"600\" \/>\n\t<meta property=\"og:image:type\" content=\"image\/jpeg\" \/>\n<meta name=\"author\" content=\"Redazione Milano\" \/>\n<meta name=\"twitter:card\" content=\"summary_large_image\" \/>\n<meta name=\"twitter:creator\" content=\"@PressenzaIPA\" \/>\n<meta name=\"twitter:site\" content=\"@PressenzaIPA\" \/>\n<meta name=\"twitter:label1\" content=\"Scritto da\" \/>\n\t<meta name=\"twitter:data1\" content=\"Redazione Milano\" \/>\n\t<meta name=\"twitter:label2\" content=\"Tempo di lettura stimato\" \/>\n\t<meta name=\"twitter:data2\" content=\"3 minuti\" \/>\n<script type=\"application\/ld+json\" class=\"yoast-schema-graph\">{\"@context\":\"https:\/\/schema.org\",\"@graph\":[{\"@type\":\"Article\",\"@id\":\"https:\/\/www.pressenza.com\/it\/2025\/07\/a-milano-rigenerazione-urbana-o-urbanistica\/#article\",\"isPartOf\":{\"@id\":\"https:\/\/www.pressenza.com\/it\/2025\/07\/a-milano-rigenerazione-urbana-o-urbanistica\/\"},\"author\":{\"name\":\"Redazione Milano\",\"@id\":\"https:\/\/www.pressenza.com\/it\/#\/schema\/person\/746fc8cdd6c8e3d918fb5714b3583e41\"},\"headline\":\"A Milano rigenerazione urbana o urbanistica?\",\"datePublished\":\"2025-07-17T13:07:30+00:00\",\"mainEntityOfPage\":{\"@id\":\"https:\/\/www.pressenza.com\/it\/2025\/07\/a-milano-rigenerazione-urbana-o-urbanistica\/\"},\"wordCount\":461,\"publisher\":{\"@id\":\"https:\/\/www.pressenza.com\/it\/#organization\"},\"image\":{\"@id\":\"https:\/\/www.pressenza.com\/it\/2025\/07\/a-milano-rigenerazione-urbana-o-urbanistica\/#primaryimage\"},\"thumbnailUrl\":\"https:\/\/www.pressenza.com\/wp-content\/uploads\/2016\/02\/Palazzo-Marino-Friedrichstrasse.jpg\",\"keywords\":[\"Comune di Milano\",\"interessi immobiliari\",\"Rivoluzione Culturale\",\"trasparenza\"],\"articleSection\":[\"Cultura e Media\",\"Europa\",\"Opinioni\",\"Politica\"],\"inLanguage\":\"it-IT\"},{\"@type\":\"WebPage\",\"@id\":\"https:\/\/www.pressenza.com\/it\/2025\/07\/a-milano-rigenerazione-urbana-o-urbanistica\/\",\"url\":\"https:\/\/www.pressenza.com\/it\/2025\/07\/a-milano-rigenerazione-urbana-o-urbanistica\/\",\"name\":\"A Milano rigenerazione urbana o urbanistica?\",\"isPartOf\":{\"@id\":\"https:\/\/www.pressenza.com\/it\/#website\"},\"primaryImageOfPage\":{\"@id\":\"https:\/\/www.pressenza.com\/it\/2025\/07\/a-milano-rigenerazione-urbana-o-urbanistica\/#primaryimage\"},\"image\":{\"@id\":\"https:\/\/www.pressenza.com\/it\/2025\/07\/a-milano-rigenerazione-urbana-o-urbanistica\/#primaryimage\"},\"thumbnailUrl\":\"https:\/\/www.pressenza.com\/wp-content\/uploads\/2016\/02\/Palazzo-Marino-Friedrichstrasse.jpg\",\"datePublished\":\"2025-07-17T13:07:30+00:00\",\"description\":\"Riceviamo e volentieri pubblichiamo queste riflessioni di Tullio Quaianni, medico intervistato qualche anno fa da Pressenza. \u00a0 Vi confesso che oggi sono\",\"breadcrumb\":{\"@id\":\"https:\/\/www.pressenza.com\/it\/2025\/07\/a-milano-rigenerazione-urbana-o-urbanistica\/#breadcrumb\"},\"inLanguage\":\"it-IT\",\"potentialAction\":[{\"@type\":\"ReadAction\",\"target\":[\"https:\/\/www.pressenza.com\/it\/2025\/07\/a-milano-rigenerazione-urbana-o-urbanistica\/\"]}]},{\"@type\":\"ImageObject\",\"inLanguage\":\"it-IT\",\"@id\":\"https:\/\/www.pressenza.com\/it\/2025\/07\/a-milano-rigenerazione-urbana-o-urbanistica\/#primaryimage\",\"url\":\"https:\/\/www.pressenza.com\/wp-content\/uploads\/2016\/02\/Palazzo-Marino-Friedrichstrasse.jpg\",\"contentUrl\":\"https:\/\/www.pressenza.com\/wp-content\/uploads\/2016\/02\/Palazzo-Marino-Friedrichstrasse.jpg\",\"width\":800,\"height\":600},{\"@type\":\"BreadcrumbList\",\"@id\":\"https:\/\/www.pressenza.com\/it\/2025\/07\/a-milano-rigenerazione-urbana-o-urbanistica\/#breadcrumb\",\"itemListElement\":[{\"@type\":\"ListItem\",\"position\":1,\"name\":\"Accueil\",\"item\":\"https:\/\/www.pressenza.com\/it\/\"},{\"@type\":\"ListItem\",\"position\":2,\"name\":\"A Milano rigenerazione urbana o urbanistica?\"}]},{\"@type\":\"WebSite\",\"@id\":\"https:\/\/www.pressenza.com\/it\/#website\",\"url\":\"https:\/\/www.pressenza.com\/it\/\",\"name\":\"Pressenza\",\"description\":\"Agenzia di Stampa Internazionale\",\"publisher\":{\"@id\":\"https:\/\/www.pressenza.com\/it\/#organization\"},\"potentialAction\":[{\"@type\":\"SearchAction\",\"target\":{\"@type\":\"EntryPoint\",\"urlTemplate\":\"https:\/\/www.pressenza.com\/it\/?s={search_term_string}\"},\"query-input\":{\"@type\":\"PropertyValueSpecification\",\"valueRequired\":true,\"valueName\":\"search_term_string\"}}],\"inLanguage\":\"it-IT\"},{\"@type\":\"Organization\",\"@id\":\"https:\/\/www.pressenza.com\/it\/#organization\",\"name\":\"Pressenza\",\"url\":\"https:\/\/www.pressenza.com\/it\/\",\"logo\":{\"@type\":\"ImageObject\",\"inLanguage\":\"it-IT\",\"@id\":\"https:\/\/www.pressenza.com\/it\/#\/schema\/logo\/image\/\",\"url\":\"https:\/\/www.pressenza.com\/wp-content\/uploads\/2022\/10\/pressenza_logo_200x200.jpg\",\"contentUrl\":\"https:\/\/www.pressenza.com\/wp-content\/uploads\/2022\/10\/pressenza_logo_200x200.jpg\",\"width\":200,\"height\":200,\"caption\":\"Pressenza\"},\"image\":{\"@id\":\"https:\/\/www.pressenza.com\/it\/#\/schema\/logo\/image\/\"},\"sameAs\":[\"https:\/\/www.facebook.com\/PressenzaItalia\",\"https:\/\/x.com\/PressenzaIPA\"]},{\"@type\":\"Person\",\"@id\":\"https:\/\/www.pressenza.com\/it\/#\/schema\/person\/746fc8cdd6c8e3d918fb5714b3583e41\",\"name\":\"Redazione Milano\",\"description\":\"News from the Pressenza Bureau in Milan, Italy\",\"url\":\"https:\/\/www.pressenza.com\/it\/author\/redazione-milano\/\"}]}<\/script>\n<!-- \/ Yoast SEO plugin. -->","yoast_head_json":{"title":"A Milano rigenerazione urbana o urbanistica?","description":"Riceviamo e volentieri pubblichiamo queste riflessioni di Tullio Quaianni, medico intervistato qualche anno fa da Pressenza. \u00a0 Vi confesso che oggi sono","robots":{"index":"index","follow":"follow","max-snippet":"max-snippet:-1","max-image-preview":"max-image-preview:large","max-video-preview":"max-video-preview:-1"},"canonical":"https:\/\/www.pressenza.com\/it\/2025\/07\/a-milano-rigenerazione-urbana-o-urbanistica\/","og_locale":"it_IT","og_type":"article","og_title":"A Milano rigenerazione urbana o urbanistica?","og_description":"Riceviamo e volentieri pubblichiamo queste riflessioni di Tullio Quaianni, medico intervistato qualche anno fa da Pressenza. \u00a0 Vi confesso che oggi sono","og_url":"https:\/\/www.pressenza.com\/it\/2025\/07\/a-milano-rigenerazione-urbana-o-urbanistica\/","og_site_name":"Pressenza","article_publisher":"https:\/\/www.facebook.com\/PressenzaItalia","article_published_time":"2025-07-17T13:07:30+00:00","og_image":[{"width":800,"height":600,"url":"https:\/\/www.pressenza.com\/wp-content\/uploads\/2016\/02\/Palazzo-Marino-Friedrichstrasse.jpg","type":"image\/jpeg"}],"author":"Redazione Milano","twitter_card":"summary_large_image","twitter_creator":"@PressenzaIPA","twitter_site":"@PressenzaIPA","twitter_misc":{"Scritto da":"Redazione Milano","Tempo di lettura stimato":"3 minuti"},"schema":{"@context":"https:\/\/schema.org","@graph":[{"@type":"Article","@id":"https:\/\/www.pressenza.com\/it\/2025\/07\/a-milano-rigenerazione-urbana-o-urbanistica\/#article","isPartOf":{"@id":"https:\/\/www.pressenza.com\/it\/2025\/07\/a-milano-rigenerazione-urbana-o-urbanistica\/"},"author":{"name":"Redazione Milano","@id":"https:\/\/www.pressenza.com\/it\/#\/schema\/person\/746fc8cdd6c8e3d918fb5714b3583e41"},"headline":"A Milano rigenerazione urbana o urbanistica?","datePublished":"2025-07-17T13:07:30+00:00","mainEntityOfPage":{"@id":"https:\/\/www.pressenza.com\/it\/2025\/07\/a-milano-rigenerazione-urbana-o-urbanistica\/"},"wordCount":461,"publisher":{"@id":"https:\/\/www.pressenza.com\/it\/#organization"},"image":{"@id":"https:\/\/www.pressenza.com\/it\/2025\/07\/a-milano-rigenerazione-urbana-o-urbanistica\/#primaryimage"},"thumbnailUrl":"https:\/\/www.pressenza.com\/wp-content\/uploads\/2016\/02\/Palazzo-Marino-Friedrichstrasse.jpg","keywords":["Comune di Milano","interessi immobiliari","Rivoluzione Culturale","trasparenza"],"articleSection":["Cultura e Media","Europa","Opinioni","Politica"],"inLanguage":"it-IT"},{"@type":"WebPage","@id":"https:\/\/www.pressenza.com\/it\/2025\/07\/a-milano-rigenerazione-urbana-o-urbanistica\/","url":"https:\/\/www.pressenza.com\/it\/2025\/07\/a-milano-rigenerazione-urbana-o-urbanistica\/","name":"A Milano rigenerazione urbana o urbanistica?","isPartOf":{"@id":"https:\/\/www.pressenza.com\/it\/#website"},"primaryImageOfPage":{"@id":"https:\/\/www.pressenza.com\/it\/2025\/07\/a-milano-rigenerazione-urbana-o-urbanistica\/#primaryimage"},"image":{"@id":"https:\/\/www.pressenza.com\/it\/2025\/07\/a-milano-rigenerazione-urbana-o-urbanistica\/#primaryimage"},"thumbnailUrl":"https:\/\/www.pressenza.com\/wp-content\/uploads\/2016\/02\/Palazzo-Marino-Friedrichstrasse.jpg","datePublished":"2025-07-17T13:07:30+00:00","description":"Riceviamo e volentieri pubblichiamo queste riflessioni di Tullio Quaianni, medico intervistato qualche anno fa da Pressenza. \u00a0 Vi confesso che oggi sono","breadcrumb":{"@id":"https:\/\/www.pressenza.com\/it\/2025\/07\/a-milano-rigenerazione-urbana-o-urbanistica\/#breadcrumb"},"inLanguage":"it-IT","potentialAction":[{"@type":"ReadAction","target":["https:\/\/www.pressenza.com\/it\/2025\/07\/a-milano-rigenerazione-urbana-o-urbanistica\/"]}]},{"@type":"ImageObject","inLanguage":"it-IT","@id":"https:\/\/www.pressenza.com\/it\/2025\/07\/a-milano-rigenerazione-urbana-o-urbanistica\/#primaryimage","url":"https:\/\/www.pressenza.com\/wp-content\/uploads\/2016\/02\/Palazzo-Marino-Friedrichstrasse.jpg","contentUrl":"https:\/\/www.pressenza.com\/wp-content\/uploads\/2016\/02\/Palazzo-Marino-Friedrichstrasse.jpg","width":800,"height":600},{"@type":"BreadcrumbList","@id":"https:\/\/www.pressenza.com\/it\/2025\/07\/a-milano-rigenerazione-urbana-o-urbanistica\/#breadcrumb","itemListElement":[{"@type":"ListItem","position":1,"name":"Accueil","item":"https:\/\/www.pressenza.com\/it\/"},{"@type":"ListItem","position":2,"name":"A Milano rigenerazione urbana o urbanistica?"}]},{"@type":"WebSite","@id":"https:\/\/www.pressenza.com\/it\/#website","url":"https:\/\/www.pressenza.com\/it\/","name":"Pressenza","description":"Agenzia di Stampa Internazionale","publisher":{"@id":"https:\/\/www.pressenza.com\/it\/#organization"},"potentialAction":[{"@type":"SearchAction","target":{"@type":"EntryPoint","urlTemplate":"https:\/\/www.pressenza.com\/it\/?s={search_term_string}"},"query-input":{"@type":"PropertyValueSpecification","valueRequired":true,"valueName":"search_term_string"}}],"inLanguage":"it-IT"},{"@type":"Organization","@id":"https:\/\/www.pressenza.com\/it\/#organization","name":"Pressenza","url":"https:\/\/www.pressenza.com\/it\/","logo":{"@type":"ImageObject","inLanguage":"it-IT","@id":"https:\/\/www.pressenza.com\/it\/#\/schema\/logo\/image\/","url":"https:\/\/www.pressenza.com\/wp-content\/uploads\/2022\/10\/pressenza_logo_200x200.jpg","contentUrl":"https:\/\/www.pressenza.com\/wp-content\/uploads\/2022\/10\/pressenza_logo_200x200.jpg","width":200,"height":200,"caption":"Pressenza"},"image":{"@id":"https:\/\/www.pressenza.com\/it\/#\/schema\/logo\/image\/"},"sameAs":["https:\/\/www.facebook.com\/PressenzaItalia","https:\/\/x.com\/PressenzaIPA"]},{"@type":"Person","@id":"https:\/\/www.pressenza.com\/it\/#\/schema\/person\/746fc8cdd6c8e3d918fb5714b3583e41","name":"Redazione Milano","description":"News from the Pressenza Bureau in Milan, Italy","url":"https:\/\/www.pressenza.com\/it\/author\/redazione-milano\/"}]}},"place":"Tullio Quaianni","original_article_url":"","_links":{"self":[{"href":"https:\/\/www.pressenza.com\/it\/wp-json\/wp\/v2\/posts\/2619992","targetHints":{"allow":["GET"]}}],"collection":[{"href":"https:\/\/www.pressenza.com\/it\/wp-json\/wp\/v2\/posts"}],"about":[{"href":"https:\/\/www.pressenza.com\/it\/wp-json\/wp\/v2\/types\/post"}],"author":[{"embeddable":true,"href":"https:\/\/www.pressenza.com\/it\/wp-json\/wp\/v2\/users\/1722"}],"replies":[{"embeddable":true,"href":"https:\/\/www.pressenza.com\/it\/wp-json\/wp\/v2\/comments?post=2619992"}],"version-history":[{"count":1,"href":"https:\/\/www.pressenza.com\/it\/wp-json\/wp\/v2\/posts\/2619992\/revisions"}],"predecessor-version":[{"id":2619999,"href":"https:\/\/www.pressenza.com\/it\/wp-json\/wp\/v2\/posts\/2619992\/revisions\/2619999"}],"wp:featuredmedia":[{"embeddable":true,"href":"https:\/\/www.pressenza.com\/it\/wp-json\/wp\/v2\/media\/279270"}],"wp:attachment":[{"href":"https:\/\/www.pressenza.com\/it\/wp-json\/wp\/v2\/media?parent=2619992"}],"wp:term":[{"taxonomy":"category","embeddable":true,"href":"https:\/\/www.pressenza.com\/it\/wp-json\/wp\/v2\/categories?post=2619992"},{"taxonomy":"post_tag","embeddable":true,"href":"https:\/\/www.pressenza.com\/it\/wp-json\/wp\/v2\/tags?post=2619992"}],"curies":[{"name":"wp","href":"https:\/\/api.w.org\/{rel}","templated":true}]}}